{"id":1473534,"date":"2026-04-27T08:03:46","date_gmt":"2026-04-27T15:03:46","guid":{"rendered":"https:\/\/noticiasya.com\/2026\/04\/27\/glifosato-maha-corte-suprema-trax\/"},"modified":"2026-04-27T08:03:46","modified_gmt":"2026-04-27T15:03:46","slug":"glifosato-maha-corte-suprema-trax","status":"publish","type":"post","link":"https:\/\/noticiasya.com\/san-diego\/2026\/04\/27\/glifosato-maha-corte-suprema-trax\/","title":{"rendered":"Un caso sobre pesticidas en la Corte Suprema impulsa a las &#171;mam\u00e1s MAHA&#187; y tensiona las elecciones intermedias"},"content":{"rendered":"<p>Cuando a un grupo de madres e influenciadoras de bienestar, incluida la nominada a directora general de Sanidad de EE.UU., Casey Means, se les pidi\u00f3 ir a la Casa Blanca este mes, algunas asumieron que unos pocos asesores escuchar\u00edan sus preocupaciones sobre los riesgos para la salud de los herbicidas.<\/p>\n<p>En cambio, se convirti\u00f3 en una sesi\u00f3n de dos horas en una sala \u201crepleta\u201d, con la participaci\u00f3n del secretario de Salud y Servicios Humanos, Robert F. Kennedy Jr., la secretaria general de la Casa Blanca, Susie Wiles, y el propio presidente, que pas\u00f3 brevemente por el encuentro, seg\u00fan Alex Clark, una influenciadora del movimiento \u201cMake America Healthy Again\u201d que asisti\u00f3.<\/p>\n<p>\u201cSimplemente nos dejaron hablar; nos dejaron sacar todo lo que ten\u00edamos dentro\u201d, dijo Clark, quien conduce \u201cCulture Apothecary\u201d, un p\u00f3dcast del movimiento MAHA producido por Turning Point USA.<\/p>\n<p>Clark y las llamadas \u201cmam\u00e1s MAHA\u201d ten\u00edan mucho que plantear. Entre sus principales preocupaciones estaba el herbicida de uso com\u00fan glifosato, as\u00ed como los llamados a reducir su uso y evaluar su seguridad.<\/p>\n<p>El lunes, la Corte Suprema de EE.UU. escuchar\u00e1 argumentos en un caso que podr\u00eda definir una larga disputa sobre si uno de los herbicidas m\u00e1s utilizados en el pa\u00eds es seguro, un tema que se considera una prueba del poder real del movimiento Make America Healthy Again en Washington.<\/p>\n<p>La demanda contra Bayer, fabricante de Roundup \u2014nombre comercial del glifosato\u2014, determinar\u00e1 si las personas pueden seguir demandando a la compa\u00f1\u00eda por enfermedades presuntamente causadas por su producto.<\/p>\n<p>Pero, independientemente del resultado del caso, que se espera para junio, la cuesti\u00f3n de limitar los pesticidas ha movilizado desde hace tiempo a la base del movimiento MAHA.<\/p>\n<p>Se espera que cientos de manifestantes se congreguen frente al tribunal antes de la audiencia, donde m\u00e1s de 30 oradores buscar\u00e1n impulsar mayores protecciones frente a los pesticidas.<\/p>\n<p>DeWayne \u201cLee\u201d Johnson, un encargado de mantenimiento de una escuela en San Francisco, ten\u00eda apenas 42 a\u00f1os cuando en 2014 le diagnosticaron un linfoma no Hodgkin terminal. Durante a\u00f1os hab\u00eda rociado el herbicida Roundup en las \u00e1reas que manten\u00eda; en una ocasi\u00f3n, qued\u00f3 empapado con el l\u00edquido despu\u00e9s de que se rompiera el rociador que utilizaba. Tras eso, comenz\u00f3 a presentar erupciones y lesiones en todo el cuerpo.<\/p>\n<p>En 2018, Johnson obtuvo una indemnizaci\u00f3n hist\u00f3rica de US$ 289 millones contra Monsanto, fabricante de Roundup, que fue declarado responsable de su diagn\u00f3stico.<\/p>\n<p>Quien lo ayud\u00f3 a ganar fue Robert F. Kennedy Jr., entonces abogado ambientalista en California.<\/p>\n<p>Tras apelaciones posteriores, la indemnizaci\u00f3n de Johnson se redujo a US$ 20,4 millones. Aun as\u00ed, marc\u00f3 la primera decisi\u00f3n en una serie de casos de responsabilidad presentados contra Monsanto, ahora propiedad de Bayer.<\/p>\n<p>Aunque la empresa se ha comprometido desde entonces a pagar miles de millones de d\u00f3lares por demandas en las que se le atribuyen da\u00f1os a la salud \u2014incluido un acuerdo propuesto de US$ 7.250 millones en febrero\u2014, Bayer sostiene que Roundup es seguro y que sus supuestos v\u00ednculos con el c\u00e1ncer no est\u00e1n comprobados. La compa\u00f1\u00eda ha se\u00f1alado la revisi\u00f3n del producto por parte de la Agencia de Protecci\u00f3n Ambiental (EPA), cuyo etiquetado no menciona el c\u00e1ncer.<\/p>\n<p>El caso ante la Corte Suprema determinar\u00e1 si los estadounidenses pueden presentar m\u00e1s demandas contra Bayer. Los demandantes est\u00e1n encabezados por un hombre de Missouri que sostiene que desarroll\u00f3 c\u00e1ncer tras usar el producto de forma habitual.<\/p>\n<p>\u201cEs momento de que el sistema legal de EE.UU. establezca que las empresas no deben ser castigadas bajo leyes estatales por cumplir con los requisitos federales de etiquetado de advertencias\u201d, dijo el director ejecutivo de Bayer, Bill Anderson, en un comunicado en enero, despu\u00e9s de que el tribunal aceptara revisar el caso.<\/p>\n<p>En un escrito presentado ante el tribunal, el procurador general de EE.UU., D. John Sauer, se\u00f1al\u00f3 que la EPA \u201cha determinado en repetidas ocasiones que el glifosato probablemente no es cancer\u00edgeno para los seres humanos, y ha aprobado reiteradamente etiquetas de Roundup que no incluyen advertencias sobre c\u00e1ncer\u201d.<\/p>\n<p>Kennedy, ahora secretario de Salud y Servicios Humanos, obtuvo el cargo en parte con promesas de prohibir el glifosato y limitar el uso de pesticidas.<\/p>\n<p>Sin embargo, el Gobierno de Trump ha ordenado desde entonces aumentar la producci\u00f3n nacional del qu\u00edmico, ha suavizado las advertencias sobre sus posibles efectos nocivos y ha respaldado a Bayer al sostener que corresponde a la Agencia de Protecci\u00f3n Ambiental \u2014y no a los tribunales\u2014 determinar la seguridad y los riesgos de los productos qu\u00edmicos agr\u00edcolas.<\/p>\n<p>Las posturas sobre el glifosato han generado tensiones entre conservadores tradicionales y votantes del movimiento MAHA, que sostienen que aportaron votos clave para la victoria de Trump en 2024.<\/p>\n<p>Las opiniones sobre los pesticidas tambi\u00e9n han creado alianzas pol\u00edticas inusuales \u2014aunque fr\u00e1giles\u2014.<\/p>\n<p>Entre los oradores en la manifestaci\u00f3n del lunes estar\u00e1n el representante republicano Thomas Massie y el senador dem\u00f3crata Cory Booker, junto con simpatizantes del movimiento MAHA y ambientalistas.<\/p>\n<p>Varios se\u00f1alaron que nunca hab\u00edan visto un impulso como este para actuar sobre los pesticidas. Sin embargo, tambi\u00e9n hay preocupaci\u00f3n por una fuerza opuesta que busca aumentar su uso.<\/p>\n<p>\u201cEstamos en uno de esos momentos parad\u00f3jicos en los que los ataques son peores que nunca. El Gobierno de Trump ha debilitado las protecciones para la salud y el medio ambiente, y ha hecho m\u00e1s por afianzar una agricultura intensiva en qu\u00edmicos\u201d, dijo Sarah Starman, agricultora de tercera generaci\u00f3n y activista del grupo ambiental Friends of the Earth.<\/p>\n<p>\u201cPero al mismo tiempo, el impulso p\u00fablico contra los pesticidas y a favor de limpiar los qu\u00edmicos t\u00f3xicos de nuestro entorno, as\u00ed como de promover alimentos y agricultura saludables, es muy fuerte\u201d.<\/p>\n<p>La reuni\u00f3n en la Oficina Oval con las \u201cmam\u00e1s MAHA\u201d fue facilitada por Erika Kirk y aliados del movimiento dentro del Gobierno que ven la importancia de mantener su apoyo de cara a las elecciones intermedias, seg\u00fan personas familiarizadas con la organizaci\u00f3n.<\/p>\n<p>Para Clark, la manifestaci\u00f3n del lunes reflejar\u00e1 esa urgencia.<\/p>\n<p>\u201cLas madres no quieren que sus hijos sean envenenados por pesticidas que no se pueden eliminar de los productos ni evitar, y que adem\u00e1s se respiran en el aire. Eso es lo que importa a las madres\u201d, dijo a CNN. \u201cY nadie vota, ni se moviliza, ni acude a las urnas \u2014o deja de hacerlo\u2014 cuando est\u00e1 enfadado como una madre. Es el grupo n\u00famero uno que no quieres enfadar ni perder de tu lado\u201d.<\/p>\n<p>Algunos defensores advierten que eso ya est\u00e1 ocurriendo. Adem\u00e1s de la orden de Trump de aumentar la producci\u00f3n del qu\u00edmico, un informe gubernamental de agosto pasado sobre enfermedades cr\u00f3nicas en EE.UU. se apart\u00f3 de la ret\u00f3rica previa de Kennedy sobre los supuestos da\u00f1os de los pesticidas. El Congreso tambi\u00e9n debate una ley propuesta que proteger\u00eda en la pr\u00e1ctica a los fabricantes de pesticidas de futuras responsabilidades, independientemente del fallo de la Corte Suprema.<\/p>\n<p>A lo largo del debate, algunas organizaciones agr\u00edcolas han advertido que cualquier medida para restringir el uso de pesticidas podr\u00eda desestabilizar el suministro de alimentos en EE.UU., al dejar los cultivos vulnerables a malezas y plagas.<\/p>\n<p>Durante una serie de audiencias presupuestarias este mes, en las que varios legisladores lo cuestionaron sobre sus promesas previas de regular el qu\u00edmico, Kennedy busc\u00f3 defender tanto la decisi\u00f3n del presidente como sus propias posturas.<\/p>\n<p>\u201cFui muy claro con el presidente sobre mi desacuerdo con la orden ejecutiva\u201d relacionada con el aumento de la producci\u00f3n de glifosato, dijo el martes. \u201cEl presidente consider\u00f3 que era necesario por razones de seguridad nacional\u201d, a\u00f1adi\u00f3.<\/p>\n<p>Consultado directamente sobre si el qu\u00edmico causa c\u00e1ncer, respondi\u00f3: \u201cS\u00ed\u201d.<\/p>\n<p>Activistas del movimiento MAHA que hablaron con CNN dijeron que entienden la necesidad de matices y que no piden una prohibici\u00f3n total, sino un mejor etiquetado y mayores protecciones.<\/p>\n<p>Adem\u00e1s del caso ante la Corte Suprema, se espera que la EPA publique en octubre \u2014semanas antes de las elecciones intermedias\u2014 una revisi\u00f3n ordenada por un tribunal sobre la seguridad del glifosato. Una disposici\u00f3n en la versi\u00f3n de la C\u00e1mara de Representantes de la legislaci\u00f3n agr\u00edcola retrasar\u00eda ese plazo hasta 2031.<\/p>\n<p>Para los activistas del movimiento MAHA, se trata de otra batalla en una serie de disputas que, aseguran, movilizar\u00e1n a su base electoral de cara a noviembre.<\/p>\n<p>\u201cEl glifosato ser\u00e1 un tema en las elecciones intermedias porque el Gobierno de Trump lo convirti\u00f3 en un tema\u201d, dijo Vani Hari, influenciadora de alimentaci\u00f3n y bienestar conocida por su blog \u201cFood Babe\u201d.<\/p>\n<p>\u201cEsto es hacia lo que nos dirigimos, en lo que estamos pensando. Tenemos que lograr cambios significativos\u201d.<\/p>\n<p>The-CNN-Wire<br \/>&trade; &amp; &copy; 2026 Cable News Network, Inc., a Warner Bros. Discovery Company. All rights reserved.<\/p>\n","protected":false},"excerpt":{"rendered":"<p>Cuando a un grupo de madres e influenciadoras de bienestar, incluida la nominada a directora general de Sanidad de EE.UU., Casey Means, se les pidi\u00f3 ir a la Casa Blanca este mes, algunas asumieron que unos pocos asesores escuchar\u00edan sus preocupaciones sobre los riesgos para la salud de los herbicidas. En cambio, se convirti\u00f3 en [&hellip;]<\/p>\n","protected":false},"author":0,"featured_media":0,"comment_status":"open","ping_status":"open","sticky":false,"template":"","format":"standard","meta":{"_jetpack_memberships_contains_paid_content":false,"footnotes":""},"categories":[10],"tags":[],"class_list":["post-1473534","post","type-post","status-publish","format-standard","hentry","category-noticias-nacionales","market-global"],"yoast_head":"<!-- This site is optimized with the Yoast SEO plugin v24.4 - https:\/\/yoast.com\/wordpress\/plugins\/seo\/ -->\n<title>Un caso sobre pesticidas en la Corte Suprema impulsa a las &quot;mam\u00e1s MAHA&quot; y tensiona las elecciones intermedias - Noticias<\/title>\n<meta name=\"robots\" content=\"index, follow, max-snippet:-1, max-image-preview:large, max-video-preview:-1\" \/>\n<link rel=\"canonical\" href=\"https:\/\/noticiasya.com\/2026\/04\/27\/glifosato-maha-corte-suprema-trax\/\" \/>\n<meta property=\"og:locale\" content=\"es_ES\" \/>\n<meta property=\"og:type\" content=\"article\" \/>\n<meta property=\"og:title\" content=\"Un caso sobre pesticidas en la Corte Suprema impulsa a las &quot;mam\u00e1s MAHA&quot; y tensiona las elecciones intermedias - Noticias\" \/>\n<meta property=\"og:description\" content=\"Cuando a un grupo de madres e influenciadoras de bienestar, incluida la nominada a directora general de Sanidad de EE.UU., Casey Means, se les pidi\u00f3 ir a la Casa Blanca este mes, algunas asumieron que unos pocos asesores escuchar\u00edan sus preocupaciones sobre los riesgos para la salud de los herbicidas. En cambio, se convirti\u00f3 en [&hellip;]\" \/>\n<meta property=\"og:url\" content=\"https:\/\/noticiasya.com\/2026\/04\/27\/glifosato-maha-corte-suprema-trax\/\" \/>\n<meta property=\"og:site_name\" content=\"Noticias\" \/>\n<meta property=\"article:published_time\" content=\"2026-04-27T15:03:46+00:00\" \/>\n<meta name=\"twitter:card\" content=\"summary_large_image\" \/>\n<meta name=\"twitter:label1\" content=\"Est. reading time\" \/>\n\t<meta name=\"twitter:data1\" content=\"8 minutos\" \/>\n<script type=\"application\/ld+json\" class=\"yoast-schema-graph\">{\"@context\":\"https:\/\/schema.org\",\"@graph\":[{\"@type\":\"Article\",\"@id\":\"https:\/\/noticiasya.com\/2026\/04\/27\/glifosato-maha-corte-suprema-trax\/#article\",\"isPartOf\":{\"@id\":\"https:\/\/noticiasya.com\/2026\/04\/27\/glifosato-maha-corte-suprema-trax\/\"},\"author\":{\"name\":\"\",\"@id\":\"\"},\"headline\":\"Un caso sobre pesticidas en la Corte Suprema impulsa a las &#171;mam\u00e1s MAHA&#187; y tensiona las elecciones intermedias\",\"datePublished\":\"2026-04-27T15:03:46+00:00\",\"mainEntityOfPage\":{\"@id\":\"https:\/\/noticiasya.com\/2026\/04\/27\/glifosato-maha-corte-suprema-trax\/\"},\"wordCount\":1536,\"commentCount\":0,\"publisher\":{\"@id\":\"https:\/\/noticiasya.com\/#organization\"},\"articleSection\":[\"Noticias Nacionales\"],\"inLanguage\":\"es\",\"potentialAction\":[{\"@type\":\"CommentAction\",\"name\":\"Comment\",\"target\":[\"https:\/\/noticiasya.com\/2026\/04\/27\/glifosato-maha-corte-suprema-trax\/#respond\"]}]},{\"@type\":\"WebPage\",\"@id\":\"https:\/\/noticiasya.com\/2026\/04\/27\/glifosato-maha-corte-suprema-trax\/\",\"url\":\"https:\/\/noticiasya.com\/2026\/04\/27\/glifosato-maha-corte-suprema-trax\/\",\"name\":\"Un caso sobre pesticidas en la Corte Suprema impulsa a las \\\"mam\u00e1s MAHA\\\" y tensiona las elecciones intermedias - Noticias\",\"isPartOf\":{\"@id\":\"https:\/\/noticiasya.com\/#website\"},\"datePublished\":\"2026-04-27T15:03:46+00:00\",\"breadcrumb\":{\"@id\":\"https:\/\/noticiasya.com\/2026\/04\/27\/glifosato-maha-corte-suprema-trax\/#breadcrumb\"},\"inLanguage\":\"es\",\"potentialAction\":[{\"@type\":\"ReadAction\",\"target\":[\"https:\/\/noticiasya.com\/2026\/04\/27\/glifosato-maha-corte-suprema-trax\/\"]}]},{\"@type\":\"BreadcrumbList\",\"@id\":\"https:\/\/noticiasya.com\/2026\/04\/27\/glifosato-maha-corte-suprema-trax\/#breadcrumb\",\"itemListElement\":[{\"@type\":\"ListItem\",\"position\":1,\"name\":\"Home\",\"item\":\"https:\/\/noticiasya.com\/\"},{\"@type\":\"ListItem\",\"position\":2,\"name\":\"Un caso sobre pesticidas en la Corte Suprema impulsa a las &#171;mam\u00e1s MAHA&#187; y tensiona las elecciones intermedias\"}]},{\"@type\":\"WebSite\",\"@id\":\"https:\/\/noticiasya.com\/#website\",\"url\":\"https:\/\/noticiasya.com\/\",\"name\":\"Noticias\",\"description\":\"Lo que importa\",\"publisher\":{\"@id\":\"https:\/\/noticiasya.com\/#organization\"},\"potentialAction\":[{\"@type\":\"SearchAction\",\"target\":{\"@type\":\"EntryPoint\",\"urlTemplate\":\"https:\/\/noticiasya.com\/?s={search_term_string}\"},\"query-input\":{\"@type\":\"PropertyValueSpecification\",\"valueRequired\":true,\"valueName\":\"search_term_string\"}}],\"inLanguage\":\"es\"},{\"@type\":\"Organization\",\"@id\":\"https:\/\/noticiasya.com\/#organization\",\"name\":\"Noticias\",\"url\":\"https:\/\/noticiasya.com\/\",\"logo\":{\"@type\":\"ImageObject\",\"inLanguage\":\"es\",\"@id\":\"https:\/\/noticiasya.com\/#\/schema\/logo\/image\/\",\"url\":\"https:\/\/noticiasya.com\/wp-content\/uploads\/sites\/22\/2023\/12\/logo-nacional.png\",\"contentUrl\":\"https:\/\/noticiasya.com\/wp-content\/uploads\/sites\/22\/2023\/12\/logo-nacional.png\",\"width\":1801,\"height\":691,\"caption\":\"Noticias\"},\"image\":{\"@id\":\"https:\/\/noticiasya.com\/#\/schema\/logo\/image\/\"}}]}<\/script>\n<!-- \/ Yoast SEO plugin. -->","yoast_head_json":{"title":"Un caso sobre pesticidas en la Corte Suprema impulsa a las \"mam\u00e1s MAHA\" y tensiona las elecciones intermedias - Noticias","robots":{"index":"index","follow":"follow","max-snippet":"max-snippet:-1","max-image-preview":"max-image-preview:large","max-video-preview":"max-video-preview:-1"},"canonical":"https:\/\/noticiasya.com\/2026\/04\/27\/glifosato-maha-corte-suprema-trax\/","og_locale":"es_ES","og_type":"article","og_title":"Un caso sobre pesticidas en la Corte Suprema impulsa a las \"mam\u00e1s MAHA\" y tensiona las elecciones intermedias - Noticias","og_description":"Cuando a un grupo de madres e influenciadoras de bienestar, incluida la nominada a directora general de Sanidad de EE.UU., Casey Means, se les pidi\u00f3 ir a la Casa Blanca este mes, algunas asumieron que unos pocos asesores escuchar\u00edan sus preocupaciones sobre los riesgos para la salud de los herbicidas. En cambio, se convirti\u00f3 en [&hellip;]","og_url":"https:\/\/noticiasya.com\/2026\/04\/27\/glifosato-maha-corte-suprema-trax\/","og_site_name":"Noticias","article_published_time":"2026-04-27T15:03:46+00:00","twitter_card":"summary_large_image","twitter_misc":{"Est. reading time":"8 minutos"},"schema":{"@context":"https:\/\/schema.org","@graph":[{"@type":"Article","@id":"https:\/\/noticiasya.com\/2026\/04\/27\/glifosato-maha-corte-suprema-trax\/#article","isPartOf":{"@id":"https:\/\/noticiasya.com\/2026\/04\/27\/glifosato-maha-corte-suprema-trax\/"},"author":{"name":"","@id":""},"headline":"Un caso sobre pesticidas en la Corte Suprema impulsa a las &#171;mam\u00e1s MAHA&#187; y tensiona las elecciones intermedias","datePublished":"2026-04-27T15:03:46+00:00","mainEntityOfPage":{"@id":"https:\/\/noticiasya.com\/2026\/04\/27\/glifosato-maha-corte-suprema-trax\/"},"wordCount":1536,"commentCount":0,"publisher":{"@id":"https:\/\/noticiasya.com\/#organization"},"articleSection":["Noticias Nacionales"],"inLanguage":"es","potentialAction":[{"@type":"CommentAction","name":"Comment","target":["https:\/\/noticiasya.com\/2026\/04\/27\/glifosato-maha-corte-suprema-trax\/#respond"]}]},{"@type":"WebPage","@id":"https:\/\/noticiasya.com\/2026\/04\/27\/glifosato-maha-corte-suprema-trax\/","url":"https:\/\/noticiasya.com\/2026\/04\/27\/glifosato-maha-corte-suprema-trax\/","name":"Un caso sobre pesticidas en la Corte Suprema impulsa a las \"mam\u00e1s MAHA\" y tensiona las elecciones intermedias - Noticias","isPartOf":{"@id":"https:\/\/noticiasya.com\/#website"},"datePublished":"2026-04-27T15:03:46+00:00","breadcrumb":{"@id":"https:\/\/noticiasya.com\/2026\/04\/27\/glifosato-maha-corte-suprema-trax\/#breadcrumb"},"inLanguage":"es","potentialAction":[{"@type":"ReadAction","target":["https:\/\/noticiasya.com\/2026\/04\/27\/glifosato-maha-corte-suprema-trax\/"]}]},{"@type":"BreadcrumbList","@id":"https:\/\/noticiasya.com\/2026\/04\/27\/glifosato-maha-corte-suprema-trax\/#breadcrumb","itemListElement":[{"@type":"ListItem","position":1,"name":"Home","item":"https:\/\/noticiasya.com\/"},{"@type":"ListItem","position":2,"name":"Un caso sobre pesticidas en la Corte Suprema impulsa a las &#171;mam\u00e1s MAHA&#187; y tensiona las elecciones intermedias"}]},{"@type":"WebSite","@id":"https:\/\/noticiasya.com\/#website","url":"https:\/\/noticiasya.com\/","name":"Noticias","description":"Lo que importa","publisher":{"@id":"https:\/\/noticiasya.com\/#organization"},"potentialAction":[{"@type":"SearchAction","target":{"@type":"EntryPoint","urlTemplate":"https:\/\/noticiasya.com\/?s={search_term_string}"},"query-input":{"@type":"PropertyValueSpecification","valueRequired":true,"valueName":"search_term_string"}}],"inLanguage":"es"},{"@type":"Organization","@id":"https:\/\/noticiasya.com\/#organization","name":"Noticias","url":"https:\/\/noticiasya.com\/","logo":{"@type":"ImageObject","inLanguage":"es","@id":"https:\/\/noticiasya.com\/#\/schema\/logo\/image\/","url":"https:\/\/noticiasya.com\/wp-content\/uploads\/sites\/22\/2023\/12\/logo-nacional.png","contentUrl":"https:\/\/noticiasya.com\/wp-content\/uploads\/sites\/22\/2023\/12\/logo-nacional.png","width":1801,"height":691,"caption":"Noticias"},"image":{"@id":"https:\/\/noticiasya.com\/#\/schema\/logo\/image\/"}}]}},"parsely":{"version":"1.1.0","canonical_url":"https:\/\/noticiasya.com\/san-diego\/2026\/04\/27\/glifosato-maha-corte-suprema-trax\/","smart_links":{"inbound":0,"outbound":0},"traffic_boost_suggestions_count":0,"meta":{"@context":"https:\/\/schema.org","@type":"NewsArticle","headline":"Un caso sobre pesticidas en la Corte Suprema impulsa a las &#171;mam\u00e1s MAHA&#187; y tensiona las elecciones intermedias","url":"http:\/\/noticiasya.com\/san-diego\/2026\/04\/27\/glifosato-maha-corte-suprema-trax\/","mainEntityOfPage":{"@type":"WebPage","@id":"http:\/\/noticiasya.com\/san-diego\/2026\/04\/27\/glifosato-maha-corte-suprema-trax\/"},"thumbnailUrl":"","image":{"@type":"ImageObject","url":""},"articleSection":"Noticias Nacionales","author":[],"creator":[],"publisher":{"@type":"Organization","name":"Noticias","logo":""},"keywords":[],"dateCreated":"2026-04-27T15:03:46Z","datePublished":"2026-04-27T15:03:46Z","dateModified":"2026-04-27T15:03:46Z"},"rendered":"<script type=\"application\/ld+json\" class=\"wp-parsely-metadata\">{\"@context\":\"https:\\\/\\\/schema.org\",\"@type\":\"NewsArticle\",\"headline\":\"Un caso sobre pesticidas en la Corte Suprema impulsa a las &#171;mam\\u00e1s MAHA&#187; y tensiona las elecciones intermedias\",\"url\":\"http:\\\/\\\/noticiasya.com\\\/san-diego\\\/2026\\\/04\\\/27\\\/glifosato-maha-corte-suprema-trax\\\/\",\"mainEntityOfPage\":{\"@type\":\"WebPage\",\"@id\":\"http:\\\/\\\/noticiasya.com\\\/san-diego\\\/2026\\\/04\\\/27\\\/glifosato-maha-corte-suprema-trax\\\/\"},\"thumbnailUrl\":\"\",\"image\":{\"@type\":\"ImageObject\",\"url\":\"\"},\"articleSection\":\"Noticias Nacionales\",\"author\":[],\"creator\":[],\"publisher\":{\"@type\":\"Organization\",\"name\":\"Noticias\",\"logo\":\"\"},\"keywords\":[],\"dateCreated\":\"2026-04-27T15:03:46Z\",\"datePublished\":\"2026-04-27T15:03:46Z\",\"dateModified\":\"2026-04-27T15:03:46Z\"}<\/script>","tracker_url":"https:\/\/cdn.parsely.com\/keys\/noticiasya.com\/p.js"},"jetpack_featured_media_url":"","jetpack-related-posts":[{"id":1473293,"url":"https:\/\/noticiasya.com\/san-diego\/2026\/04\/18\/necesitamos-alguien-no-este-loco-directora-cdc-trax\/","url_meta":{"origin":1473534,"position":0},"title":"&#171;Solo necesitamos a alguien que no est\u00e9 loco&#187;: Detalles de la decisi\u00f3n de la Casa Blanca de nombrar a la directora de los CDC","author":"","date":"abril 18, 2026","format":false,"excerpt":"En el transcurso de 12 meses, los Centros para el Control y la Prevenci\u00f3n de Enfermedades de EE.UU. han sido testigos de un tiroteo traum\u00e1tico, cambios abruptos en su liderazgo y un desmantelamiento de su imagen como agencia de salud p\u00fablica respetada a nivel mundial.As\u00ed pues, cuando la administraci\u00f3n Trump\u2026","rel":"","context":"In &quot;Noticias Nacionales&quot;","block_context":{"text":"Noticias Nacionales","link":"https:\/\/noticiasya.com\/san-diego\/categoria\/noticias-nacionales"},"img":{"alt_text":"","src":"","width":0,"height":0},"classes":[]},{"id":1469693,"url":"https:\/\/noticiasya.com\/san-diego\/2025\/12\/31\/moretones-mano-izquierda-trump-salud-trax\/","url_meta":{"origin":1473534,"position":1},"title":"Moretones en la mano izquierda de Trump reavivan preguntas sobre su salud","author":"","date":"diciembre 31, 2025","format":false,"excerpt":"Nuevos moretones en la mano izquierda de Donald Trump est\u00e1n reavivando preguntas sobre su salud, casi un a\u00f1o despu\u00e9s de que se convirtiera en el presidente de mayor edad en asumir el cargo en EE.UU.A lo largo de una serie de actos, la semana pasada, Trump, de 79 a\u00f1os, apareci\u00f3\u2026","rel":"","context":"In &quot;Noticias Nacionales&quot;","block_context":{"text":"Noticias Nacionales","link":"https:\/\/noticiasya.com\/san-diego\/categoria\/noticias-nacionales"},"img":{"alt_text":"","src":"","width":0,"height":0},"classes":[]},{"id":1468688,"url":"https:\/\/noticiasya.com\/san-diego\/2025\/11\/25\/republicanos-propuesta-salud-trump-trax\/","url_meta":{"origin":1473534,"position":2},"title":"Republicanos se resisten a la propuesta de salud de Trump incluso antes de su publicaci\u00f3n","author":"","date":"noviembre 25, 2025","format":false,"excerpt":"El presidente Donald Trump a\u00fan no ha presentado oficialmente su nuevo plan de salud. Sin embargo, muchos en su partido ya se oponen.La Casa Blanca retras\u00f3 el lunes la presentaci\u00f3n de su propuesta que evita un aumento repentino en las primas de la Ley de Cuidado de Salud Asequible (ACA)\u2026","rel":"","context":"In &quot;Noticias Nacionales&quot;","block_context":{"text":"Noticias Nacionales","link":"https:\/\/noticiasya.com\/san-diego\/categoria\/noticias-nacionales"},"img":{"alt_text":"","src":"","width":0,"height":0},"classes":[]},{"id":1469770,"url":"https:\/\/noticiasya.com\/san-diego\/2026\/01\/04\/salud-trump-aspirina-tomografias-sueno-trax\/","url_meta":{"origin":1473534,"position":3},"title":"Aspirina, tomograf\u00edas y sue\u00f1o: cinco preguntas planteadas por las nuevas revelaciones de Trump sobre su salud","author":"","date":"enero 4, 2026","format":false,"excerpt":"El presidente Donald Trump quiere reducir los debates p\u00fablicos sobre su salud.El presidente de mayor edad en asumir el cargo ha sido acosado por preguntas sobre visitas recientes al m\u00e9dico, moretones en sus manos y si se ha quedado dormido durante eventos p\u00fablicos.Trump desestim\u00f3 estas preocupaciones en una entrevista aparentemente\u2026","rel":"","context":"In &quot;Noticias Nacionales&quot;","block_context":{"text":"Noticias Nacionales","link":"https:\/\/noticiasya.com\/san-diego\/categoria\/noticias-nacionales"},"img":{"alt_text":"","src":"","width":0,"height":0},"classes":[]},{"id":1465944,"url":"https:\/\/noticiasya.com\/san-diego\/2025\/08\/28\/rfk-susan-monarez-cdc-directora-destituida-vacunas-trax\/","url_meta":{"origin":1473534,"position":4},"title":"RFK Jr. refuerza control sobre la salud p\u00fablica y las vacunas al destituir a una alta funcionaria de los CDC","author":"","date":"agosto 28, 2025","format":false,"excerpt":"El caos de origen pol\u00edtico est\u00e1 desestabilizando la c\u00fapula de las instituciones vitales de salud p\u00fablica de EE.UU., mientras la gesti\u00f3n del secretario de Salud y Servicios Humanos, Robert F. Kennedy Jr., desaf\u00eda el papel hist\u00f3rico del gobierno en la ampliaci\u00f3n del acceso a las vacunas.La destituci\u00f3n el mi\u00e9rcoles de\u2026","rel":"","context":"In &quot;Noticias Nacionales&quot;","block_context":{"text":"Noticias Nacionales","link":"https:\/\/noticiasya.com\/san-diego\/categoria\/noticias-nacionales"},"img":{"alt_text":"","src":"","width":0,"height":0},"classes":[]},{"id":1467284,"url":"https:\/\/noticiasya.com\/san-diego\/2025\/10\/10\/trump-vacuna-covid-19-gripe-examen-fisico-trax\/","url_meta":{"origin":1473534,"position":5},"title":"Trump recibe la vacuna contra el covid-19 y la de la gripe durante su segundo examen f\u00edsico del a\u00f1o","author":"","date":"octubre 10, 2025","format":false,"excerpt":"El presidente Donald Trump recibi\u00f3 una vacuna contra el covid-19 y la de la gripe durante su visita al Centro M\u00e9dico Walter Reed este viernes, inform\u00f3 su m\u00e9dico en un memorando publicado por la Casa Blanca.\u201cComo preparaci\u00f3n para su pr\u00f3ximo viaje internacional, el presidente Trump tambi\u00e9n recibi\u00f3 ex\u00e1menes de salud\u2026","rel":"","context":"In &quot;Noticias Nacionales&quot;","block_context":{"text":"Noticias Nacionales","link":"https:\/\/noticiasya.com\/san-diego\/categoria\/noticias-nacionales"},"img":{"alt_text":"","src":"","width":0,"height":0},"classes":[]}],"jetpack_sharing_enabled":true,"_links":{"self":[{"href":"https:\/\/noticiasya.com\/san-diego\/wp-json\/wp\/v2\/posts\/1473534","targetHints":{"allow":["GET"]}}],"collection":[{"href":"https:\/\/noticiasya.com\/san-diego\/wp-json\/wp\/v2\/posts"}],"about":[{"href":"https:\/\/noticiasya.com\/san-diego\/wp-json\/wp\/v2\/types\/post"}],"replies":[{"embeddable":true,"href":"https:\/\/noticiasya.com\/san-diego\/wp-json\/wp\/v2\/comments?post=1473534"}],"version-history":[{"count":0,"href":"https:\/\/noticiasya.com\/san-diego\/wp-json\/wp\/v2\/posts\/1473534\/revisions"}],"wp:attachment":[{"href":"https:\/\/noticiasya.com\/san-diego\/wp-json\/wp\/v2\/media?parent=1473534"}],"wp:term":[{"taxonomy":"category","embeddable":true,"href":"https:\/\/noticiasya.com\/san-diego\/wp-json\/wp\/v2\/categories?post=1473534"},{"taxonomy":"post_tag","embeddable":true,"href":"https:\/\/noticiasya.com\/san-diego\/wp-json\/wp\/v2\/tags?post=1473534"}],"curies":[{"name":"wp","href":"https:\/\/api.w.org\/{rel}","templated":true}]}}