{"id":1473535,"date":"2026-04-27T08:03:46","date_gmt":"2026-04-27T15:03:46","guid":{"rendered":"https:\/\/noticiasya.com\/2026\/04\/27\/corte-suprema-analizara-condiciones-trabajadores-agricolas-migrantes-trax\/"},"modified":"2026-04-27T08:03:46","modified_gmt":"2026-04-27T15:03:46","slug":"corte-suprema-analizara-condiciones-trabajadores-agricolas-migrantes-trax","status":"publish","type":"post","link":"https:\/\/noticiasya.com\/san-diego\/2026\/04\/27\/corte-suprema-analizara-condiciones-trabajadores-agricolas-migrantes-trax\/","title":{"rendered":"Corte Suprema analizar\u00e1 apelaci\u00f3n del Gobierno de Trump sobre las condiciones de vida de los trabajadores agr\u00edcolas migrantes"},"content":{"rendered":"<p>La Corte Suprema de Estados Unidos acord\u00f3 el lunes decidir si el Departamento de Trabajo tiene el poder de hacer que se cumplan las condiciones laborales de los trabajadores agr\u00edcolas extranjeros, adentr\u00e1ndose as\u00ed en un programa de inmigraci\u00f3n que la administraci\u00f3n Trump intenta ampliar.<\/p>\n<p>En el centro del caso se encuentra una disputa entre una granja de Nueva Jersey \u2014que contrat\u00f3 a unos 96 trabajadores extranjeros para ayudar en la cosecha de pimientos y esp\u00e1rragos en 2015\u2014 y el Departamento de Trabajo, que alega que la granja incumpli\u00f3 condiciones laborales b\u00e1sicas, tales como el acceso sostenido al agua potable, ba\u00f1os limpios y una cocina para preparar alimentos.<\/p>\n<p>Los trabajadores agr\u00edcolas fueron contratados bajo el programa de visas H-2A, que trae al pa\u00eds a cientos de miles de ciudadanos extranjeros cada a\u00f1o para trabajar en la agricultura de manera temporal. Recientemente, la administraci\u00f3n tom\u00f3 medidas para reducir los salarios de dicho programa, lo cual representa un beneficio para los agricultores que enfrentan escasez de mano de obra, un problema de larga data que se ha visto agravado por la pol\u00edtica de mano dura de la administraci\u00f3n tanto contra la inmigraci\u00f3n legal como contra la ilegal.<\/p>\n<p>Tras una inspecci\u00f3n en Sun Valley Orchards, ubicada en la zona rural de Nueva Jersey, el departamento impuso multas civiles por un monto superior a los US$ 212.000 y orden\u00f3 el pago de casi US$ 370.000 en salarios atrasados. Sin embargo, un tribunal federal de apelaciones dictamin\u00f3 que la granja ten\u00eda derecho a que su caso fuera resuelto primero por un tribunal federal, en lugar de por un juez de derecho administrativo del Departamento de Trabajo.<\/p>\n<p>Al fallar a favor de la granja, el Tribunal de Apelaciones del tercer Circuito con sede en Filadelfia se bas\u00f3 en una decisi\u00f3n de la Corte Suprema de 2024 que estableci\u00f3 que el gestor de un fondo de cobertura y exlocutor de radio conservador ten\u00eda derecho a un juicio por jurado para responder a acusaciones de fraude de valores, en lugar de someterse a una revisi\u00f3n interna por parte de la Comisi\u00f3n de Bolsa y Valores (SEC).<\/p>\n<p>\u201cSun Valley se vio obligada a soportar a\u00f1os de procedimientos inconstitucionales ante los tribunales de la agencia\u201d, declararon ante la Corte Suprema los abogados de la granja.<\/p>\n<p>La facultad de las agencias federales para imponer multas y, posteriormente, revisar dichas determinaciones a trav\u00e9s de \u00f3rganos judiciales internos ha sido objeto de intenso debate en los \u00faltimos a\u00f1os. A principios de este mes, la Corte Suprema escuch\u00f3 los argumentos orales en otro caso que plantea cuestiones similares en el \u00e1mbito de la Comisi\u00f3n Federal de Comunicaciones (FCC).<\/p>\n<p>En el caso de la granja, la administraci\u00f3n Trump ha argumentado que la actuaci\u00f3n del Departamento de Trabajo constituye una excepci\u00f3n al precedente establecido anteriormente por la Corte Suprema.<\/p>\n<p>Seg\u00fan el Departamento de Justicia, los turnos de trabajo de los empleados en Sun Valley ten\u00edan una duraci\u00f3n de 12 horas diarias, con una sola pausa de una hora. Seg\u00fan el gobierno, la granja dispon\u00eda de seis dormitorios para los trabajadores, con 20 literas en cada habitaci\u00f3n. Si bien la oferta de empleo de la granja promet\u00eda \u201cinstalaciones gratuitas para cocinar\u201d, el Departamento de Justicia afirm\u00f3 que, en lugar de tener acceso a una cocina, un supervisor utilizaba el espacio para vender cerveza y refrescos a los trabajadores.<\/p>\n<p>Despu\u00e9s de que Sun Valley perdiera la mayor parte de su apelaci\u00f3n ante el Departamento de Trabajo, present\u00f3 una demanda ante un tribunal federal, alegando \u2014entre otras cosas\u2014 que la resoluci\u00f3n administrativa de la agencia violaba los principios de separaci\u00f3n de poderes.<\/p>\n<p>El tribunal de distrito fall\u00f3 a favor del Gobierno y desestim\u00f3 el caso, pero el Tercer Circuito revoc\u00f3 dicha decisi\u00f3n. Funcionarios de la administraci\u00f3n Trump apelaron ante la Corte Suprema en el mes de febrero.<\/p>\n<p>\u201cSeg\u00fan una estimaci\u00f3n, los trabajadores con visa H-2A representan una sexta parte de la fuerza laboral agr\u00edcola de Estados Unidos\u201d, se\u00f1al\u00f3 el Departamento de Justicia ante la Corte Suprema en su recurso de apelaci\u00f3n. La decisi\u00f3n del tribunal de apelaciones, a\u00f1adi\u00f3, \u201cpriva al Gobierno de una herramienta importante para garantizar que los empleadores cumplan con las condiciones establecidas para la contrataci\u00f3n de dichos trabajadores\u201d.<\/p>\n<p>Es probable que la Corte Suprema escuche los argumentos m\u00e1s adelante este mismo a\u00f1o y dicte su fallo a mediados de 2027.<\/p>\n<p>The-CNN-Wire<br \/>&trade; &amp; &copy; 2026 Cable News Network, Inc., a Warner Bros. Discovery Company. All rights reserved.<\/p>\n","protected":false},"excerpt":{"rendered":"<p>La Corte Suprema de Estados Unidos acord\u00f3 el lunes decidir si el Departamento de Trabajo tiene el poder de hacer que se cumplan las condiciones laborales de los trabajadores agr\u00edcolas extranjeros, adentr\u00e1ndose as\u00ed en un programa de inmigraci\u00f3n que la administraci\u00f3n Trump intenta ampliar. En el centro del caso se encuentra una disputa entre una [&hellip;]<\/p>\n","protected":false},"author":0,"featured_media":0,"comment_status":"open","ping_status":"open","sticky":false,"template":"","format":"standard","meta":{"_jetpack_memberships_contains_paid_content":false,"footnotes":""},"categories":[10],"tags":[],"class_list":["post-1473535","post","type-post","status-publish","format-standard","hentry","category-noticias-nacionales","market-global"],"yoast_head":"<!-- This site is optimized with the Yoast SEO plugin v24.4 - https:\/\/yoast.com\/wordpress\/plugins\/seo\/ -->\n<title>Corte Suprema analizar\u00e1 apelaci\u00f3n del Gobierno de Trump sobre las condiciones de vida de los trabajadores agr\u00edcolas migrantes - Noticias<\/title>\n<meta name=\"robots\" content=\"index, follow, max-snippet:-1, max-image-preview:large, max-video-preview:-1\" \/>\n<link rel=\"canonical\" href=\"https:\/\/noticiasya.com\/2026\/04\/27\/corte-suprema-analizara-condiciones-trabajadores-agricolas-migrantes-trax\/\" \/>\n<meta property=\"og:locale\" content=\"es_ES\" \/>\n<meta property=\"og:type\" content=\"article\" \/>\n<meta property=\"og:title\" content=\"Corte Suprema analizar\u00e1 apelaci\u00f3n del Gobierno de Trump sobre las condiciones de vida de los trabajadores agr\u00edcolas migrantes - Noticias\" \/>\n<meta property=\"og:description\" content=\"La Corte Suprema de Estados Unidos acord\u00f3 el lunes decidir si el Departamento de Trabajo tiene el poder de hacer que se cumplan las condiciones laborales de los trabajadores agr\u00edcolas extranjeros, adentr\u00e1ndose as\u00ed en un programa de inmigraci\u00f3n que la administraci\u00f3n Trump intenta ampliar. En el centro del caso se encuentra una disputa entre una [&hellip;]\" \/>\n<meta property=\"og:url\" content=\"https:\/\/noticiasya.com\/2026\/04\/27\/corte-suprema-analizara-condiciones-trabajadores-agricolas-migrantes-trax\/\" \/>\n<meta property=\"og:site_name\" content=\"Noticias\" \/>\n<meta property=\"article:published_time\" content=\"2026-04-27T15:03:46+00:00\" \/>\n<meta name=\"twitter:card\" content=\"summary_large_image\" \/>\n<meta name=\"twitter:label1\" content=\"Est. reading time\" \/>\n\t<meta name=\"twitter:data1\" content=\"4 minutos\" \/>\n<script type=\"application\/ld+json\" class=\"yoast-schema-graph\">{\"@context\":\"https:\/\/schema.org\",\"@graph\":[{\"@type\":\"Article\",\"@id\":\"https:\/\/noticiasya.com\/2026\/04\/27\/corte-suprema-analizara-condiciones-trabajadores-agricolas-migrantes-trax\/#article\",\"isPartOf\":{\"@id\":\"https:\/\/noticiasya.com\/2026\/04\/27\/corte-suprema-analizara-condiciones-trabajadores-agricolas-migrantes-trax\/\"},\"author\":{\"name\":\"\",\"@id\":\"\"},\"headline\":\"Corte Suprema analizar\u00e1 apelaci\u00f3n del Gobierno de Trump sobre las condiciones de vida de los trabajadores agr\u00edcolas migrantes\",\"datePublished\":\"2026-04-27T15:03:46+00:00\",\"mainEntityOfPage\":{\"@id\":\"https:\/\/noticiasya.com\/2026\/04\/27\/corte-suprema-analizara-condiciones-trabajadores-agricolas-migrantes-trax\/\"},\"wordCount\":793,\"commentCount\":0,\"publisher\":{\"@id\":\"https:\/\/noticiasya.com\/#organization\"},\"articleSection\":[\"Noticias Nacionales\"],\"inLanguage\":\"es\",\"potentialAction\":[{\"@type\":\"CommentAction\",\"name\":\"Comment\",\"target\":[\"https:\/\/noticiasya.com\/2026\/04\/27\/corte-suprema-analizara-condiciones-trabajadores-agricolas-migrantes-trax\/#respond\"]}]},{\"@type\":\"WebPage\",\"@id\":\"https:\/\/noticiasya.com\/2026\/04\/27\/corte-suprema-analizara-condiciones-trabajadores-agricolas-migrantes-trax\/\",\"url\":\"https:\/\/noticiasya.com\/2026\/04\/27\/corte-suprema-analizara-condiciones-trabajadores-agricolas-migrantes-trax\/\",\"name\":\"Corte Suprema analizar\u00e1 apelaci\u00f3n del Gobierno de Trump sobre las condiciones de vida de los trabajadores agr\u00edcolas migrantes - Noticias\",\"isPartOf\":{\"@id\":\"https:\/\/noticiasya.com\/#website\"},\"datePublished\":\"2026-04-27T15:03:46+00:00\",\"breadcrumb\":{\"@id\":\"https:\/\/noticiasya.com\/2026\/04\/27\/corte-suprema-analizara-condiciones-trabajadores-agricolas-migrantes-trax\/#breadcrumb\"},\"inLanguage\":\"es\",\"potentialAction\":[{\"@type\":\"ReadAction\",\"target\":[\"https:\/\/noticiasya.com\/2026\/04\/27\/corte-suprema-analizara-condiciones-trabajadores-agricolas-migrantes-trax\/\"]}]},{\"@type\":\"BreadcrumbList\",\"@id\":\"https:\/\/noticiasya.com\/2026\/04\/27\/corte-suprema-analizara-condiciones-trabajadores-agricolas-migrantes-trax\/#breadcrumb\",\"itemListElement\":[{\"@type\":\"ListItem\",\"position\":1,\"name\":\"Home\",\"item\":\"https:\/\/noticiasya.com\/\"},{\"@type\":\"ListItem\",\"position\":2,\"name\":\"Corte Suprema analizar\u00e1 apelaci\u00f3n del Gobierno de Trump sobre las condiciones de vida de los trabajadores agr\u00edcolas migrantes\"}]},{\"@type\":\"WebSite\",\"@id\":\"https:\/\/noticiasya.com\/#website\",\"url\":\"https:\/\/noticiasya.com\/\",\"name\":\"Noticias\",\"description\":\"Lo que importa\",\"publisher\":{\"@id\":\"https:\/\/noticiasya.com\/#organization\"},\"potentialAction\":[{\"@type\":\"SearchAction\",\"target\":{\"@type\":\"EntryPoint\",\"urlTemplate\":\"https:\/\/noticiasya.com\/?s={search_term_string}\"},\"query-input\":{\"@type\":\"PropertyValueSpecification\",\"valueRequired\":true,\"valueName\":\"search_term_string\"}}],\"inLanguage\":\"es\"},{\"@type\":\"Organization\",\"@id\":\"https:\/\/noticiasya.com\/#organization\",\"name\":\"Noticias\",\"url\":\"https:\/\/noticiasya.com\/\",\"logo\":{\"@type\":\"ImageObject\",\"inLanguage\":\"es\",\"@id\":\"https:\/\/noticiasya.com\/#\/schema\/logo\/image\/\",\"url\":\"https:\/\/noticiasya.com\/wp-content\/uploads\/sites\/22\/2023\/12\/logo-nacional.png\",\"contentUrl\":\"https:\/\/noticiasya.com\/wp-content\/uploads\/sites\/22\/2023\/12\/logo-nacional.png\",\"width\":1801,\"height\":691,\"caption\":\"Noticias\"},\"image\":{\"@id\":\"https:\/\/noticiasya.com\/#\/schema\/logo\/image\/\"}}]}<\/script>\n<!-- \/ Yoast SEO plugin. -->","yoast_head_json":{"title":"Corte Suprema analizar\u00e1 apelaci\u00f3n del Gobierno de Trump sobre las condiciones de vida de los trabajadores agr\u00edcolas migrantes - Noticias","robots":{"index":"index","follow":"follow","max-snippet":"max-snippet:-1","max-image-preview":"max-image-preview:large","max-video-preview":"max-video-preview:-1"},"canonical":"https:\/\/noticiasya.com\/2026\/04\/27\/corte-suprema-analizara-condiciones-trabajadores-agricolas-migrantes-trax\/","og_locale":"es_ES","og_type":"article","og_title":"Corte Suprema analizar\u00e1 apelaci\u00f3n del Gobierno de Trump sobre las condiciones de vida de los trabajadores agr\u00edcolas migrantes - Noticias","og_description":"La Corte Suprema de Estados Unidos acord\u00f3 el lunes decidir si el Departamento de Trabajo tiene el poder de hacer que se cumplan las condiciones laborales de los trabajadores agr\u00edcolas extranjeros, adentr\u00e1ndose as\u00ed en un programa de inmigraci\u00f3n que la administraci\u00f3n Trump intenta ampliar. En el centro del caso se encuentra una disputa entre una [&hellip;]","og_url":"https:\/\/noticiasya.com\/2026\/04\/27\/corte-suprema-analizara-condiciones-trabajadores-agricolas-migrantes-trax\/","og_site_name":"Noticias","article_published_time":"2026-04-27T15:03:46+00:00","twitter_card":"summary_large_image","twitter_misc":{"Est. reading time":"4 minutos"},"schema":{"@context":"https:\/\/schema.org","@graph":[{"@type":"Article","@id":"https:\/\/noticiasya.com\/2026\/04\/27\/corte-suprema-analizara-condiciones-trabajadores-agricolas-migrantes-trax\/#article","isPartOf":{"@id":"https:\/\/noticiasya.com\/2026\/04\/27\/corte-suprema-analizara-condiciones-trabajadores-agricolas-migrantes-trax\/"},"author":{"name":"","@id":""},"headline":"Corte Suprema analizar\u00e1 apelaci\u00f3n del Gobierno de Trump sobre las condiciones de vida de los trabajadores agr\u00edcolas migrantes","datePublished":"2026-04-27T15:03:46+00:00","mainEntityOfPage":{"@id":"https:\/\/noticiasya.com\/2026\/04\/27\/corte-suprema-analizara-condiciones-trabajadores-agricolas-migrantes-trax\/"},"wordCount":793,"commentCount":0,"publisher":{"@id":"https:\/\/noticiasya.com\/#organization"},"articleSection":["Noticias Nacionales"],"inLanguage":"es","potentialAction":[{"@type":"CommentAction","name":"Comment","target":["https:\/\/noticiasya.com\/2026\/04\/27\/corte-suprema-analizara-condiciones-trabajadores-agricolas-migrantes-trax\/#respond"]}]},{"@type":"WebPage","@id":"https:\/\/noticiasya.com\/2026\/04\/27\/corte-suprema-analizara-condiciones-trabajadores-agricolas-migrantes-trax\/","url":"https:\/\/noticiasya.com\/2026\/04\/27\/corte-suprema-analizara-condiciones-trabajadores-agricolas-migrantes-trax\/","name":"Corte Suprema analizar\u00e1 apelaci\u00f3n del Gobierno de Trump sobre las condiciones de vida de los trabajadores agr\u00edcolas migrantes - Noticias","isPartOf":{"@id":"https:\/\/noticiasya.com\/#website"},"datePublished":"2026-04-27T15:03:46+00:00","breadcrumb":{"@id":"https:\/\/noticiasya.com\/2026\/04\/27\/corte-suprema-analizara-condiciones-trabajadores-agricolas-migrantes-trax\/#breadcrumb"},"inLanguage":"es","potentialAction":[{"@type":"ReadAction","target":["https:\/\/noticiasya.com\/2026\/04\/27\/corte-suprema-analizara-condiciones-trabajadores-agricolas-migrantes-trax\/"]}]},{"@type":"BreadcrumbList","@id":"https:\/\/noticiasya.com\/2026\/04\/27\/corte-suprema-analizara-condiciones-trabajadores-agricolas-migrantes-trax\/#breadcrumb","itemListElement":[{"@type":"ListItem","position":1,"name":"Home","item":"https:\/\/noticiasya.com\/"},{"@type":"ListItem","position":2,"name":"Corte Suprema analizar\u00e1 apelaci\u00f3n del Gobierno de Trump sobre las condiciones de vida de los trabajadores agr\u00edcolas migrantes"}]},{"@type":"WebSite","@id":"https:\/\/noticiasya.com\/#website","url":"https:\/\/noticiasya.com\/","name":"Noticias","description":"Lo que importa","publisher":{"@id":"https:\/\/noticiasya.com\/#organization"},"potentialAction":[{"@type":"SearchAction","target":{"@type":"EntryPoint","urlTemplate":"https:\/\/noticiasya.com\/?s={search_term_string}"},"query-input":{"@type":"PropertyValueSpecification","valueRequired":true,"valueName":"search_term_string"}}],"inLanguage":"es"},{"@type":"Organization","@id":"https:\/\/noticiasya.com\/#organization","name":"Noticias","url":"https:\/\/noticiasya.com\/","logo":{"@type":"ImageObject","inLanguage":"es","@id":"https:\/\/noticiasya.com\/#\/schema\/logo\/image\/","url":"https:\/\/noticiasya.com\/wp-content\/uploads\/sites\/22\/2023\/12\/logo-nacional.png","contentUrl":"https:\/\/noticiasya.com\/wp-content\/uploads\/sites\/22\/2023\/12\/logo-nacional.png","width":1801,"height":691,"caption":"Noticias"},"image":{"@id":"https:\/\/noticiasya.com\/#\/schema\/logo\/image\/"}}]}},"parsely":{"version":"1.1.0","canonical_url":"https:\/\/noticiasya.com\/san-diego\/2026\/04\/27\/corte-suprema-analizara-condiciones-trabajadores-agricolas-migrantes-trax\/","smart_links":{"inbound":0,"outbound":0},"traffic_boost_suggestions_count":0,"meta":{"@context":"https:\/\/schema.org","@type":"NewsArticle","headline":"Corte Suprema analizar\u00e1 apelaci\u00f3n del Gobierno de Trump sobre las condiciones de vida de los trabajadores agr\u00edcolas migrantes","url":"http:\/\/noticiasya.com\/san-diego\/2026\/04\/27\/corte-suprema-analizara-condiciones-trabajadores-agricolas-migrantes-trax\/","mainEntityOfPage":{"@type":"WebPage","@id":"http:\/\/noticiasya.com\/san-diego\/2026\/04\/27\/corte-suprema-analizara-condiciones-trabajadores-agricolas-migrantes-trax\/"},"thumbnailUrl":"","image":{"@type":"ImageObject","url":""},"articleSection":"Noticias Nacionales","author":[],"creator":[],"publisher":{"@type":"Organization","name":"Noticias","logo":""},"keywords":[],"dateCreated":"2026-04-27T15:03:46Z","datePublished":"2026-04-27T15:03:46Z","dateModified":"2026-04-27T15:03:46Z"},"rendered":"<script type=\"application\/ld+json\" class=\"wp-parsely-metadata\">{\"@context\":\"https:\\\/\\\/schema.org\",\"@type\":\"NewsArticle\",\"headline\":\"Corte Suprema analizar\\u00e1 apelaci\\u00f3n del Gobierno de Trump sobre las condiciones de vida de los trabajadores agr\\u00edcolas migrantes\",\"url\":\"http:\\\/\\\/noticiasya.com\\\/san-diego\\\/2026\\\/04\\\/27\\\/corte-suprema-analizara-condiciones-trabajadores-agricolas-migrantes-trax\\\/\",\"mainEntityOfPage\":{\"@type\":\"WebPage\",\"@id\":\"http:\\\/\\\/noticiasya.com\\\/san-diego\\\/2026\\\/04\\\/27\\\/corte-suprema-analizara-condiciones-trabajadores-agricolas-migrantes-trax\\\/\"},\"thumbnailUrl\":\"\",\"image\":{\"@type\":\"ImageObject\",\"url\":\"\"},\"articleSection\":\"Noticias Nacionales\",\"author\":[],\"creator\":[],\"publisher\":{\"@type\":\"Organization\",\"name\":\"Noticias\",\"logo\":\"\"},\"keywords\":[],\"dateCreated\":\"2026-04-27T15:03:46Z\",\"datePublished\":\"2026-04-27T15:03:46Z\",\"dateModified\":\"2026-04-27T15:03:46Z\"}<\/script>","tracker_url":"https:\/\/cdn.parsely.com\/keys\/noticiasya.com\/p.js"},"jetpack_featured_media_url":"","jetpack-related-posts":[{"id":1467020,"url":"https:\/\/noticiasya.com\/san-diego\/2025\/10\/01\/uscis-agiliza-visas-trabajadores-agricolas-orix\/","url_meta":{"origin":1473535,"position":0},"title":"EE.UU. agiliza el tr\u00e1mite de visas para trabajadores agr\u00edcolas, un sector fuertemente golpeado por la pol\u00edtica migratoria","author":"","date":"octubre 1, 2025","format":false,"excerpt":"El Departamento de Seguridad Nacional de EE.UU. anunci\u00f3 un cambio que agiliza el tr\u00e1mite de visado temporal para trabajadores agr\u00edcolas, al permitir a los empleadores presentar su solicitud sin esperar a que termine la revisi\u00f3n laboral del Departamento de Trabajo.La disposici\u00f3n, que entra en vigencia este jueves 2, implica que\u2026","rel":"","context":"In &quot;Noticias Nacionales&quot;","block_context":{"text":"Noticias Nacionales","link":"https:\/\/noticiasya.com\/san-diego\/categoria\/noticias-nacionales"},"img":{"alt_text":"","src":"","width":0,"height":0},"classes":[]},{"id":1456645,"url":"https:\/\/noticiasya.com\/san-diego\/2024\/12\/16\/trump-promete-contratar-estadounidenses-pero-sus-empresas-contratan-extranjeros-trax\/","url_meta":{"origin":1473535,"position":1},"title":"Trump promete &#171;contratar estadounidenses&#187;, pero sus empresas siguen contratando trabajadores extranjeros","author":"","date":"diciembre 16, 2024","format":false,"excerpt":"El presidente electo de EE.UU., Donald Trump, prometi\u00f3 durante la campa\u00f1a electoral que har\u00eda todo lo que estuviera a su alcance para beneficiar a los trabajadores estadounidenses. \u201cConstruiremos productos estadounidenses, compraremos productos estadounidenses y contrataremos estadounidenses\u201d, dijo durante un mitin en agosto.A pesar de esa promesa, las propias empresas de\u2026","rel":"","context":"In &quot;Noticias Nacionales&quot;","block_context":{"text":"Noticias Nacionales","link":"https:\/\/noticiasya.com\/san-diego\/categoria\/noticias-nacionales"},"img":{"alt_text":"","src":"","width":0,"height":0},"classes":[]},{"id":1457282,"url":"https:\/\/noticiasya.com\/san-diego\/2025\/01\/06\/diferencias-visas-h-1b-h-2b-propiedades-trump-orix\/","url_meta":{"origin":1473535,"position":2},"title":"Diferencias entre las visas H-1B y H-2B y por qu\u00e9 las propiedades de Trump dependen m\u00e1s de una que de la otra","author":"","date":"enero 6, 2025","format":false,"excerpt":"Solo faltan unos d\u00edas para la investidura presidencial de Donald Trump y el tema de la inmigraci\u00f3n se mantiene como uno de los principales focos de atenci\u00f3n para el Gobierno entrante.Adem\u00e1s de las deportaciones masivas, otro de los puntos \u00e1lgidos es la disputa de las visas dentro del c\u00edrculo cercano\u2026","rel":"","context":"In &quot;Noticias Nacionales&quot;","block_context":{"text":"Noticias Nacionales","link":"https:\/\/noticiasya.com\/san-diego\/categoria\/noticias-nacionales"},"img":{"alt_text":"","src":"","width":0,"height":0},"classes":[]},{"id":1429581,"url":"https:\/\/noticiasya.com\/san-diego\/2022\/09\/29\/gobernador-de-california-firma-ley-para-ampliar-los-derechos-de-los-trabajores-agricolas\/","url_meta":{"origin":1473535,"position":3},"title":"Gobernador de California firma ley para ampliar los derechos de los trabajores agr\u00edcolas","author":"agomez","date":"septiembre 29, 2022","format":false,"excerpt":"La ley AB 2183 fue firmada por Newsom este mi\u00e9rcoles junto con defensores y trabajadores agr\u00edcolas fuera del capitolio estatal.","rel":"","context":"In &quot;Comunidad&quot;","block_context":{"text":"Comunidad","link":"https:\/\/noticiasya.com\/san-diego\/categoria\/comunidad"},"img":{"alt_text":"","src":"","width":0,"height":0},"classes":[]},{"id":1464826,"url":"https:\/\/noticiasya.com\/san-diego\/2025\/07\/24\/visas-trabajo-estados-unidos-precio-requisitos-duracion-como-tramitar-orix\/","url_meta":{"origin":1473535,"position":4},"title":"Visas de trabajo para Estados Unidos: precio, requisitos, duraci\u00f3n y c\u00f3mo tramitar","author":"agomez","date":"julio 24, 2025","format":false,"excerpt":"Con el endurecimiento del discurso migratorio y las nuevas medidas anunciadas por el presidente de EE.UU. Donald Trump en su segundo mandato, crece la incertidumbre entre quienes desean trabajar en Estados Unidos. A pesar del ambiente restrictivo, el pa\u00eds sigue ofreciendo varias v\u00edas legales para que extranjeros puedan laborar de\u2026","rel":"","context":"In &quot;Noticias Nacionales&quot;","block_context":{"text":"Noticias Nacionales","link":"https:\/\/noticiasya.com\/san-diego\/categoria\/noticias-nacionales"},"img":{"alt_text":"","src":"","width":0,"height":0},"classes":[]},{"id":1473318,"url":"https:\/\/noticiasya.com\/san-diego\/2026\/04\/19\/panama-sancionara-consorcio-chino-puente-canal-orix\/","url_meta":{"origin":1473535,"position":5},"title":"Panam\u00e1 sancionar\u00e1 a un consorcio chino por supuestos incumplimientos en un proyecto sobre el canal interoce\u00e1nico","author":"","date":"abril 19, 2026","format":false,"excerpt":"Un consorcio chino est\u00e1 en la mira de las autoridades paname\u00f1as por supuestos incumplimientos laborales en la construcci\u00f3n de un cuarto puente sobre el canal interoce\u00e1nico, en medio de la tensi\u00f3n que existe entre los gobiernos de Panam\u00e1 y China por los puertos en ambos extremos de la v\u00eda.La ministra\u2026","rel":"","context":"In &quot;Noticias Nacionales&quot;","block_context":{"text":"Noticias Nacionales","link":"https:\/\/noticiasya.com\/san-diego\/categoria\/noticias-nacionales"},"img":{"alt_text":"","src":"","width":0,"height":0},"classes":[]}],"jetpack_sharing_enabled":true,"_links":{"self":[{"href":"https:\/\/noticiasya.com\/san-diego\/wp-json\/wp\/v2\/posts\/1473535","targetHints":{"allow":["GET"]}}],"collection":[{"href":"https:\/\/noticiasya.com\/san-diego\/wp-json\/wp\/v2\/posts"}],"about":[{"href":"https:\/\/noticiasya.com\/san-diego\/wp-json\/wp\/v2\/types\/post"}],"replies":[{"embeddable":true,"href":"https:\/\/noticiasya.com\/san-diego\/wp-json\/wp\/v2\/comments?post=1473535"}],"version-history":[{"count":0,"href":"https:\/\/noticiasya.com\/san-diego\/wp-json\/wp\/v2\/posts\/1473535\/revisions"}],"wp:attachment":[{"href":"https:\/\/noticiasya.com\/san-diego\/wp-json\/wp\/v2\/media?parent=1473535"}],"wp:term":[{"taxonomy":"category","embeddable":true,"href":"https:\/\/noticiasya.com\/san-diego\/wp-json\/wp\/v2\/categories?post=1473535"},{"taxonomy":"post_tag","embeddable":true,"href":"https:\/\/noticiasya.com\/san-diego\/wp-json\/wp\/v2\/tags?post=1473535"}],"curies":[{"name":"wp","href":"https:\/\/api.w.org\/{rel}","templated":true}]}}