{"id":1473539,"date":"2026-04-27T10:03:47","date_gmt":"2026-04-27T17:03:47","guid":{"rendered":"https:\/\/noticiasya.com\/2026\/04\/27\/impacto-vida-cotidiana-america-latina-guerra-iran-orix\/"},"modified":"2026-04-27T10:03:47","modified_gmt":"2026-04-27T17:03:47","slug":"impacto-vida-cotidiana-america-latina-guerra-iran-orix","status":"publish","type":"post","link":"https:\/\/noticiasya.com\/san-diego\/2026\/04\/27\/impacto-vida-cotidiana-america-latina-guerra-iran-orix\/","title":{"rendered":"Menos buses y tortillas m\u00e1s caras: pese al cese al fuego en Ir\u00e1n, la vida en Am\u00e9rica Latina a\u00fan sufre el impacto de la guerra"},"content":{"rendered":"<p>A\u00fan impera el cese del fuego entre Israel, Estados Unidos e Ir\u00e1n, pero el impacto de la guerra, que comenz\u00f3 el 28 de febrero pasado, a\u00fan se deja sentir en la vida diaria de millones de personas en Am\u00e9rica Latina.<\/p>\n<p>Los hogares latinoamericanos son testigos de c\u00f3mo siguen creciendo los precios en el litro de combustible que cargan cada d\u00eda para usar sus autos o en el costo y la frecuencia del transporte p\u00fablico que toman para ir al trabajo y en los alimentos que compran.<\/p>\n<p>Aunque un escenario posible sea que el conflicto termine en el corto plazo, revertir la estela de malestar econ\u00f3mico que ha creado no ser\u00e1 f\u00e1cil, plantean diversas instituciones y analistas consultados por CNN.<\/p>\n<p>Para <a href=\"https:\/\/cnnespanol.cnn.com\/2026\/04\/15\/economia\/fmi-deficit-petroleo-guerra-iran-trax\">el Fondo Monetario Internacional<\/a> (FMI), incluso si la guerra terminara pronto, el mundo sufrir\u00e1 una escasez de petr\u00f3leo este a\u00f1o. Y mientras m\u00e1s se prolongue la guerra, ser\u00e1n cada vez mayores sus efectos, al punto de poder llevar al mundo a una recesi\u00f3n, advierte el organismo.<\/p>\n<p>CNN relev\u00f3 la situaci\u00f3n de varios pa\u00edses Latinoam\u00e9rica y el Caribe, que da cuenta de c\u00f3mo la tensi\u00f3n que escala en el estrecho de Ormuz, v\u00eda mar\u00edtima clave por donde pasa alrededor del 20 % del suministro mundial de petr\u00f3leo y de gas natural licuado (GNL), repercute en la regi\u00f3n y por qu\u00e9 sus efectos generar\u00edan retrocesos e impactos duraderos que tardar\u00edan meses en disiparse.<\/p>\n<p>A corto plazo, el conflicto en Medio Oriente est\u00e1 afectando la vida cotidiana en toda Latinoam\u00e9rica principalmente a trav\u00e9s del aumento del costo de vida, dice a CNN Cecilia Godoy, analista para Latinoam\u00e9rica y el Caribe del Economist Intelligence Unit (EIU).<\/p>\n<p>Incluso si el fin de la guerra fuese inmediato, algunos de sus efectos econ\u00f3micos \u201cseguir\u00edan afectando a las econom\u00edas latinoamericanas durante un per\u00edodo prolongado\u201d, advierte Godoy.<\/p>\n<p>La inflaci\u00f3n, uno de los temas que m\u00e1s preocupa a los argentinos, ya ha mostrado efectos directos que el Gobierno del presidente Javier Milei atribuye, en parte, al contexto de Medio Oriente.<\/p>\n<p>Desde el inicio de la guerra, el aumento de los combustibles en Argentina super\u00f3 el 20 %. En enero, el litro de gasoil costaba alrededor de $1.601 (poco m\u00e1s de US$ 1) y actualmente asciende a m\u00e1s de $2.000 (alrededor de US$ 1,4).<\/p>\n<p>Los pasajeros del transporte p\u00fablico que se mueven en la capital y la provincia de Buenos Aires tuvieron que lidiar desde principios de abril con demoras por la baja de las frecuencias de los colectivos, una medida que <a href=\"https:\/\/www.instagram.com\/p\/DWk4pDfjT-d\/\">tomaron varias c\u00e1maras empresarias<\/a> de transporte debido a aumento \u201cintempestivo\u201d del costo de gasoil que encarece los costos para las operaciones del sector.<\/p>\n<p>Largas filas en las calles, enojo y molestia de los pasajeros fueron una escena frecuente de las \u00faltimas semanas, sobre todo en las zonas c\u00e9ntricas y en los horarios de mayor demanda. Un trayecto de rutina en la ciudad que antes llevaba entre una y dos horas, ahora les consume a los ciudadanos casi el doble de tiempo.<\/p>\n<p>En marzo \u201cse registr\u00f3 un impacto significativo de la guerra en Medio Oriente, en l\u00ednea con los efectos registrados en otros pa\u00edses\u201d, dijo el ministro de Econom\u00eda, Luis Caputo, cuando se dieron a conocer los \u00faltimos datos de inflaci\u00f3n mensual, que fue del 3,4 %.<\/p>\n<p>Hugo Vasques, licenciado en Econom\u00eda de la Universidad de Buenos Aires (UBA) y exauditor general de la Ciudad de Buenos Aires, prev\u00e9 que el traslado del aumento del combustible a los precios, sobre todo a nivel de la producci\u00f3n y consumo mayorista, podr\u00eda extenderse en los pr\u00f3ximos meses.<\/p>\n<p>\u201cEl impacto de la guerra todav\u00eda no termin\u00f3 de completarse en la econom\u00eda argentina y eso es un problema, porque hay una sensaci\u00f3n de que todo pas\u00f3 en marzo, pero lo cierto es que no\u201d, dice Vasques a CNN.<\/p>\n<p>La inflaci\u00f3n, que alcanz\u00f3 <a href=\"https:\/\/cnnespanol.cnn.com\/2024\/01\/22\/argentina-inflacion-orix\">su punto m\u00e1s alto en d\u00e9cadas<\/a> en el a\u00f1o 2023 y desde hace meses <a href=\"https:\/\/cnnespanol.cnn.com\/2026\/02\/12\/argentina\/inflacion-argentina-fantasmas-pasado-orix\">va en ascenso<\/a> sostenido, contradice los pron\u00f3sticos del presidente Milei, quien dijo meses atr\u00e1s que \u201ca mediados de 2026\u201d <a href=\"https:\/\/cnnespanol.cnn.com\/2026\/02\/12\/argentina\/inflacion-argentina-fantasmas-pasado-orix#:~:text=%E2%80%9Ca%20mediados%20de%202026%20la%20inflaci%C3%B3n%20va%20a%20desaparecer%2C%20va%20a%20estar%20viajando%20al%20cero\">la inflaci\u00f3n desaparecer\u00eda<\/a>.<\/p>\n<p>El traslado de los aumentos hacia otros bienes de la econom\u00eda diaria es un temor recurrente para los argentinos, que ahora amenaza con profundizarse a\u00fan m\u00e1s por un factor externo. El ministro de Econom\u00eda dijo que entre los impactos directos de la situaci\u00f3n internacional est\u00e1n los incrementos en marzo de un 9 % en combustibles, 24 % en pasajes de avi\u00f3n de cabotaje y del 22 % en transporte interurbano.<\/p>\n<p>Los incrementos en el precio del combustible tambi\u00e9n afectan a los costos del sector del transporte de carga, que en marzo tuvo un incremento del 10 % con respecto al mes anterior, seg\u00fan <a href=\"https:\/\/www.fadeeac.org.ar\/2026\/04\/01\/los-costos-de-transporte-saltan-un-1015-en-marzo-la-cifra-mas-alta-en-dos-anos\/\">el \u00cdndice de Costos del Transporte<\/a> (ICT) de la Federaci\u00f3n Argentina de Entidades Empresarias del Autotransporte de Cargas (FADEEAC). Se trata de la cifra m\u00e1s alta en dos a\u00f1os, <a href=\"https:\/\/x.com\/FADEEAC\/status\/2039374122791186496\">dijo<\/a> la entidad.<\/p>\n<p>Si el conflicto terminara en los pr\u00f3ximos d\u00edas, igualmente sus efectos en la econom\u00eda argentina \u201cse van a sentir por lo menos hasta mitad de a\u00f1o, quiz\u00e1s incluso hasta los meses siguientes\u201d, prev\u00e9 Vasques.<\/p>\n<p>Para los pa\u00edses \u201cimportadores netos\u201d de combustible como Costa Rica y gran parte de Centroam\u00e9rica, el efecto de la guerra de Estados Unidos con Ir\u00e1n es \u201cclaramente negativo\u201d en la econom\u00eda de sus ciudadanos: genera \u201cmayores costos de combustible, transporte y alimentos m\u00e1s caros, y una creciente presi\u00f3n sobre los presupuestos familiares\u201d, dice la analista del EIU.<\/p>\n<p>En las estaciones de combustible costarricenses se escuchan en repetici\u00f3n dos preguntas cuando los clientes bajan la ventanilla: \u201c\u00bfYa subi\u00f3?\u201d y \u201c\u00bfTengo suerte hoy, no ha subido?\u201d.<\/p>\n<p>Kevin Calvo es asistente de enfermer\u00eda y vive en Cartago, una provincia ubicada en el centro de Costa Rica. Su mayor intranquilidad surge al ver c\u00f3mo sus gastos diarios podr\u00edan crecer. \u201cHay una alta preocupaci\u00f3n porque al subir los precios del combustible, sube todo. En mi caso que viajo en transporte p\u00fablico y me preocupan los pases\u201d, dice a CNN.<\/p>\n<p>Adem\u00e1s del impacto en los precios del combustible, la petrolera estatal de Costa Rica, Recope, advierte que las tensiones en Medio Oriente tambi\u00e9n afectan a bienes y servicios que dependen \u201cdel transporte y sus derivados\u201d lo que, anticipan, tendr\u00eda efectos en la econom\u00eda en los pr\u00f3ximos meses.<\/p>\n<p>Para el mes de mayo, la petrolera <a href=\"https:\/\/www.recope.go.cr\/como-se-habia-previsto-combustibles-aumentarian-en-mayo-recope-destaca-factores-que-ayudan-a-contener-el-ajuste\/\">estima un aumento<\/a> del litro de di\u00e9sel de \u20a1565 a \u20a1699 (de US$ 1,16 a US$ 1,54), y asegur\u00f3 que el pa\u00eds podr\u00e1 contener \u201cparte del ajuste\u201d y amortiguar parte del impacto en los consumidores.<\/p>\n<p>La escalada del conflicto, con las interrupciones en el estrecho de Ormuz, est\u00e1 generando un impacto directo en las materias primas petroqu\u00edmicas, la base para la producci\u00f3n de pl\u00e1sticos a nivel mundial y que se utiliza para el empaque de productos alimenticios, de higiene, salud y limpieza, explic\u00f3 la C\u00e1mara Costarricense de la Industria del Pl\u00e1stico (Aciplast).<\/p>\n<p>En Costa Rica, la industria del pl\u00e1stico da empleo a cerca de 14.000 personas, exporta m\u00e1s de US$ 528 millones por a\u00f1o y depende de la importaci\u00f3n de materias primas.<\/p>\n<p>El gas y el petr\u00f3leo son insumos esenciales para la producci\u00f3n de esas resinas pl\u00e1sticas. \u201cEn las \u00faltimas semanas, el mercado ha registrado incrementos del 80 % hasta el 110 %\u201d en esos insumos, dijo Aciplast en un comunicado, en el que explic\u00f3 que los insumos pl\u00e1sticos atraviesan a toda la econom\u00eda y, por lo tanto, sus costos se trasladan a todos los productos.<\/p>\n<p>\u201cNos enfrentamos a aumentos constantes en cuesti\u00f3n de d\u00edas, sumado a un contexto de alta incertidumbre. Como industria hemos hecho esfuerzos por maniobrar estos incrementos, pero es importante entender que se trata de un fen\u00f3meno global y que son porcentajes altos\u201d, dijo Rosa Guti\u00e9rrez, presidenta de Aciplast.<\/p>\n<p>Independientemente de que las condiciones internacionales se estabilicen en el corto plazo, la afectaci\u00f3n ya est\u00e1 dada, advierte el sector.<\/p>\n<p>Un panorama que a muchos costarricenses les genera angustia. Una de ellas es Maritza Quesada, una estilista que reside en Cartago y transmite su des\u00e1nimo. \u201cYa de por s\u00ed todo est\u00e1 caro y con esto se va a poner m\u00e1s\u2026 entonces las preocupaciones aumentan. Uno se levanta triste. Hay que entregarle todo al Se\u00f1or\u201d, dice a CNN.<\/p>\n<p>Pese al incremento \u201cdesmesurado\u201d en el precio de los combustibles por la situaci\u00f3n en Medio Oriente, la inflaci\u00f3n en M\u00e9xico \u201cest\u00e1 contenida\u201d, <a href=\"https:\/\/www.gob.mx\/presidencia\/articulos\/version-estenografica-conferencia-de-prensa-de-la-presidenta-claudia-sheinbaum-pardo-del-16-de-abril-de-2026#:~:text=con%20el%20incremento%20desmesurado%20en%20el%20precio%20de%20los%20combustibles%20por%20la%20situaci%C3%B3n%20en%20Medio%20Oriente%2C%20particularmente%20en%20Ir%C3%A1n%20y%20el%20cierre%20del%20estrecho%20de%20Ormuz%2C%20de%20todas%20maneras%2C%20la%20inflaci%C3%B3n%20est%C3%A1%20contenida%2C%20es%20decir%2C%20est%C3%A1%20dentro%20del%20rango%20hist%C3%B3rico%20que%20hemos%20tenido%20en%20los%20%C3%BAltimos%2020%20a%C3%B1os%20o%2026%20a%C3%B1os.\">dijo<\/a> la presidenta Claudia Sheinbaum la semana pasada al reconocer que el \u00edndice aument\u00f3 con respecto a las mediciones de 2025.<\/p>\n<p>La presidenta mexicana incluso dijo que su gobierno har\u00eda lo posible para evitar que el precio de la tortilla, uno de los alimentos m\u00e1s tradicionales de su pa\u00eds, subiera, como amenaz\u00f3 hace algunos d\u00edas ante la advertencia de los productores de que deb\u00edan aumentarlo por el incremento de sus costos por la guerra.<\/p>\n<p>El 75 % del gas licuado que consume M\u00e9xico y el 50 % de las gasolinas <a href=\"https:\/\/cnnespanol.cnn.com\/2026\/04\/16\/mexico\/sheinbaum-fracking-4t-mexico-analisis-orix#:~:text=Hoy%2C%20el%2075%20por%20ciento%20del%20gas%20licuado%20que%20consume%20M%C3%A9xico%20y%2050%20por%20ciento%20de%20las%20gasolinas%20lo%20importa%20de%20EE.UU.\">los importa de Estados Unidos<\/a>, una dependencia compleja en el contexto actual de la guerra, donde el tr\u00e1fico en el estrecho de Ormuz <a href=\"https:\/\/www.cnn.com\/2026\/04\/23\/world\/live-news\/iran-war-trump-blockade-israel-lebanon?post-id=cmob7ti8m00003b6sn8up6py3\">sigue siendo m\u00ednimo<\/a> debido al bloqueo naval estadounidense de los puertos iran\u00edes y a los recientes ataques y capturas de buques en la regi\u00f3n.<\/p>\n<p>Para mitigar el traslado a precios, el Gobierno de la presidenta Sheinbaum subsidia el precio de ambos combustibles, pero eso podr\u00eda tener efectos en otras \u00e1reas de la vida de los mexicanos.<\/p>\n<p>\u201cEl Gobierno intenta subsidiar, pero eso implica asignar recursos quiz\u00e1 de otros programas\u201d, explica a CNN Moritz Cruz, <a href=\"https:\/\/economicas.unam.mx\/persona\/cruz-blanco-moritz-alberto\">doctor en Econom\u00eda<\/a>, profesor e investigador del Instituto de Investigaciones Econ\u00f3micas de la Universidad Nacional Aut\u00f3noma de M\u00e9xico (UNAM).<\/p>\n<p>Aunque varios de los gobiernos latinoamericanos, como M\u00e9xico, han tomado medidas para morigerar el impacto del incremento de precios, esto tambi\u00e9n tiene un costo fiscal estatal.<\/p>\n<p>\u201cEn la pr\u00e1ctica, o bien los hogares absorben el aumento directamente a trav\u00e9s de precios m\u00e1s altos, o bien el costo se traslada a las finanzas p\u00fablicas mediante mayor d\u00e9ficit y una reducci\u00f3n del gasto en otros sectores\u201d, afirma Godoy.<\/p>\n<p>Cruz dice sin dudas que la guerra ha afectado negativamente a la econom\u00eda mexicana, y coincide en un panorama de largo plazo. \u201cTodo indica que, incluso si termina la guerra pronto, retornar a la normalidad va a tomar algo de tiempo por lo que el precio del petr\u00f3leo se mantendr\u00e1 elevado\u201d, asegura Cruz.<\/p>\n<p>Estas dificultades en Medio Oriente y la <a href=\"https:\/\/cnnespanol.cnn.com\/2026\/04\/16\/mexico\/sheinbaum-fracking-4t-mexico-analisis-orix\">dependencia energ\u00e9tica<\/a> han llevado al Gobierno mexicano a analizar la viabilidad del fracking en el pa\u00eds, un anuncio que desat\u00f3 cuestionamientos y rechazos de organismos ambientalistas.<\/p>\n<p>Sheinbaum dijo que evaluar\u00e1 con un comit\u00e9 de especialistas las posibilidades de diversas tecnolog\u00edas y su impacto ambiental, adem\u00e1s de <a href=\"https:\/\/www.gob.mx\/presidencia\/articulos\/version-estenografica-conferencia-de-prensa-de-la-presidenta-claudia-sheinbaum-pardo-del-15-de-abril-de-2026\">asegurar<\/a> que no har\u00e1 nada que afecte a las comunidades.<\/p>\n<p>Ecuador est\u00e1 sufriendo el impacto de la volatilidad de los precios del crudo debido a la guerra de Estados Unidos con Ir\u00e1n. En este pa\u00eds petrolero, donde el costo de los combustibles ha sido motivo de frecuentes protestas, los ciudadanos ya sienten el impacto de los precios, que <a href=\"https:\/\/cnnespanol.cnn.com\/2026\/04\/20\/latinoamerica\/video\/ecuador-petroleo-precio-crudo-guerra-iran\">han superado una barrera hist\u00f3rica<\/a>.<\/p>\n<p>Las gasolinas m\u00e1s populares superan los US$ 3 en el pa\u00eds, una cifra que, pese al subsidio estatal, no tiene precedentes. Analistas prev\u00e9n que los precios seguir\u00e1n subiendo, esto a pesar del sistema de bandas que rige en Ecuador para un aumento mensual y controlado.<\/p>\n<p>A bordo de su auto de trabajo, Washington Ibadango, taxista de Quito, hace una pausa en una reconocida estaci\u00f3n de servicio para recargar combustible antes de retomar la jornada. El precio \u201cest\u00e1 mucho, est\u00e1 bastante. Ya no alcanza el dinero\u201d, le dice a CNN.<\/p>\n<p>\u00c9l ya ha notado algunos impactos en su ritmo de trabajo: \u201cLa gente tambi\u00e9n se abstiene de tomar taxis\u201d, dice.<\/p>\n<p>Los incrementos en los combustibles han sido frecuentemente un motivo de protestas sociales en el pa\u00eds. Ahora, una vez m\u00e1s, la preocupaci\u00f3n para muchos ecuatorianos es cu\u00e1nto subir\u00e1n los precios que deriven de esos aumentos.<\/p>\n<p>\u201cSe dispara todo y ya hay especulaciones. Los productos b\u00e1sicos de primera necesidad est\u00e1n subiendo\u201d, dice Miguel Mej\u00eda, un conductor de Uber que pasa a cargar su tanque por la misma estaci\u00f3n de la capital ecuatoriana.<\/p>\n<p>Carolina Puya trabaja en una empresa de transporte en Quito y <a href=\"https:\/\/cnnespanol.cnn.com\/2026\/04\/20\/latinoamerica\/video\/ecuador-petroleo-precio-crudo-guerra-iran\">cuenta a CNN<\/a> que ya ve diferencias \u201cen todos los costos\u201d de los productos finales y costos de fletes.<\/p>\n<p>Algunos expertos  sostienen que el conflicto en Medio Oriente est\u00e1 generando una presi\u00f3n adicional en el gasto p\u00fablico ecuatoriano, que absorbe -en un contexto de un crudo caro- parte del costo de la gasolina.<\/p>\n<p>Algunas advertencias de los sectores econ\u00f3micos ya se hicieron escuchar. La Confederaci\u00f3n Ecuatoriana de Transporte Pesado (Confetrape), que agrupa a peque\u00f1os y medianos transportistas del pa\u00eds, <a href=\"https:\/\/efs.efeservicios.com\/texto\/transportistas-ecuador-advierten-apagar-motores-frena-alza-diesel\/55020047192\">advirti\u00f3 d\u00edas atr\u00e1s<\/a> que el sector podr\u00eda \u201capagar motores\u201d si el Gobierno del presidente Daniel Noboa no toma medidas ante el incremento del precio del di\u00e9sel, cuyo subsidio fue eliminado por el mandatario en 2025.<\/p>\n<p>Desde hace a\u00f1os Hait\u00ed atraviesa una situaci\u00f3n de inseguridad alimentaria aguda, en el que m\u00e1s de la mitad de su poblaci\u00f3n enfrenta crisis para cubrir sus necesidades alimentarias b\u00e1sicas, de acuerdo con datos del Programa Mundial de Alimentos de las Naciones Unidas (WFP, por sus siglas en ingl\u00e9s).<\/p>\n<p>Si bien en 2025 el pa\u00eds caribe\u00f1o hab\u00eda mostrado \u201cuna ligera mejor\u00eda\u201d en la seguridad alimentaria en comparaci\u00f3n con lo que se hab\u00eda proyectado para el periodo, el aumento de los precios del combustible impulsado por el conflicto en el Medio Oriente pone en serio riesgo ese peque\u00f1o progreso, <a href=\"https:\/\/es.wfp.org\/noticias\/wfp-insta-brindar-apoyo-para-proteger-los-avances-en-la-lucha-contra-la-inseguridad\">dice el WPF.<\/a><\/p>\n<p>La crisis alimentaria est\u00e1 impulsada por la violencia de grupos armados, la agitaci\u00f3n pol\u00edtica y la crisis econ\u00f3mica, dice el organismo de Naciones Unidas, y se produce en un contexto en que la actividad de las pandillas se profundiz\u00f3 en el pa\u00eds tras el asesinato del presidente Jovenel Mo\u00efse, <a href=\"https:\/\/cnnespanol.cnn.com\/2021\/07\/07\/presidente-haiti-jovenel-moise-asesinado-trax\/\">ocurrido en julio de 2021<\/a>.<\/p>\n<p>Las familias vulnerables est\u00e1n ahora en mayor riesgo. \u201cLos elevados precios del combustible y el consiguiente aumento de los costos de los alimentos corren el riesgo de revertir estos avances, hundiendo a\u00fan m\u00e1s en la crisis a las familias vulnerables y desestabilizando todav\u00eda m\u00e1s la situaci\u00f3n\u201d, dijo Wanja Kaaria, directora de WFP en Hait\u00ed.<\/p>\n<p>Unos 5,8 millones de haitianos enfrentan niveles de crisis o peores de inseguridad alimentaria. De ellos, m\u00e1s de 1,8 millones atraviesan niveles de emergencia para el periodo de marzo a junio de 2026, lo que significa que no podr\u00edan cubrir incluso sus necesidades alimentarias b\u00e1sicas.<\/p>\n<p>Ante el contexto internacional que impacta en la realidad haitiana, el Gobierno anunci\u00f3 medidas de austeridad para controlar el gasto p\u00fablico y garantizar la continuidad de los servicios esenciales ante el riesgo latente de interrupciones en el suministro del petr\u00f3leo.<\/p>\n<p>El primer ministro Alix Didier Fils-Aim\u00e9 <a href=\"https:\/\/x.com\/PrimatureHT\/status\/2039087407664923055\">dijo<\/a> que el panorama del conflicto de Estados Unidos e Ir\u00e1n \u201cpermite anticipar graves repercusiones\u201d en un equilibrio macroecon\u00f3mico \u201cfr\u00e1gil\u201d del pa\u00eds y en las finanzas estatales, necesarias para dar servicios b\u00e1sicos y de seguridad.<\/p>\n<p>Entre las medidas, el Gobierno de Hait\u00ed anunci\u00f3 l\u00edmites a los viajes de funcionarios p\u00fablicos, redujo asignaciones de gastos para combustible en instituciones p\u00fablicas, veh\u00edculos de seguridad para funcionarios y prohibi\u00f3 la adquisici\u00f3n de nuevos autos oficiales.<\/p>\n<p>Los efectos son variables en cada pa\u00eds y por tanto tendr\u00edan consecuencias diversas.<\/p>\n<p>Godoy explica que si bien los que son exportadores de energ\u00eda como Argentina y M\u00e9xico pueden beneficiarse de mayores ingresos por exportaciones de petr\u00f3leo y gas, lo que impulsa la generaci\u00f3n de divisas, por otro lado, estos pa\u00edses dependen de las importaciones de combustibles refinados como la gasolina y el di\u00e9sel, por lo que los consumidores seguir\u00e1n enfrentando precios m\u00e1s altos.<\/p>\n<p>En ese escenario, los pa\u00edses que ven alza en sus \u00edndices de inflaci\u00f3n puede que probablemente no la vean retroceder r\u00e1pidamente a los niveles previos al conflicto, lo que podr\u00eda presionar a\u00fan m\u00e1s sobre los ingresos de los hogares latinoamericanos, quiz\u00e1s durante meses, apuntan los especialistas consultados.<\/p>\n<p>En aquellas econom\u00edas m\u00e1s vulnerables, estas presiones tambi\u00e9n afectar\u00e1n el crecimiento, dice la analista de Latinoam\u00e9rica y el Caribe del EIU. \u201cEsto probablemente se traduzca en una menor creaci\u00f3n de empleo y un crecimiento m\u00e1s lento de los salarios reales, prolongando el impacto econ\u00f3mico, incluso despu\u00e9s de que la conmoci\u00f3n inicial se disipe\u201d.<\/p>\n<p>En el escenario <a href=\"https:\/\/cnnespanol.cnn.com\/2026\/04\/15\/economia\/fmi-deficit-petroleo-guerra-iran-trax\">m\u00e1s grave que prev\u00e9 el FMI<\/a>, el de un conflicto prolongado, los precios del petr\u00f3leo y el gas natural se disparan entre un 100 % y un 200 % con respecto a enero. Eso equivaldr\u00eda a \u201cuna situaci\u00f3n muy cercana a una recesi\u00f3n mundial\u201d, definida como un crecimiento econ\u00f3mico inferior al 2 %, algo que solo ha ocurrido cuatro veces desde 1980, dice el organismo.<\/p>\n<p>The-CNN-Wire<br \/>&trade; &amp; &copy; 2026 Cable News Network, Inc., a Warner Bros. Discovery Company. All rights reserved.<\/p>\n","protected":false},"excerpt":{"rendered":"<p>A\u00fan impera el cese del fuego entre Israel, Estados Unidos e Ir\u00e1n, pero el impacto de la guerra, que comenz\u00f3 el 28 de febrero pasado, a\u00fan se deja sentir en la vida diaria de millones de personas en Am\u00e9rica Latina. Los hogares latinoamericanos son testigos de c\u00f3mo siguen creciendo los precios en el litro de [&hellip;]<\/p>\n","protected":false},"author":0,"featured_media":0,"comment_status":"open","ping_status":"open","sticky":false,"template":"","format":"standard","meta":{"_jetpack_memberships_contains_paid_content":false,"footnotes":""},"categories":[10],"tags":[],"class_list":["post-1473539","post","type-post","status-publish","format-standard","hentry","category-noticias-nacionales","market-global"],"yoast_head":"<!-- This site is optimized with the Yoast SEO plugin v24.4 - https:\/\/yoast.com\/wordpress\/plugins\/seo\/ -->\n<title>Menos buses y tortillas m\u00e1s caras: pese al cese al fuego en Ir\u00e1n, la vida en Am\u00e9rica Latina a\u00fan sufre el impacto de la guerra - Noticias<\/title>\n<meta name=\"robots\" content=\"index, follow, max-snippet:-1, max-image-preview:large, max-video-preview:-1\" \/>\n<link rel=\"canonical\" href=\"https:\/\/noticiasya.com\/2026\/04\/27\/impacto-vida-cotidiana-america-latina-guerra-iran-orix\/\" \/>\n<meta property=\"og:locale\" content=\"es_ES\" \/>\n<meta property=\"og:type\" content=\"article\" \/>\n<meta property=\"og:title\" content=\"Menos buses y tortillas m\u00e1s caras: pese al cese al fuego en Ir\u00e1n, la vida en Am\u00e9rica Latina a\u00fan sufre el impacto de la guerra - Noticias\" \/>\n<meta property=\"og:description\" content=\"A\u00fan impera el cese del fuego entre Israel, Estados Unidos e Ir\u00e1n, pero el impacto de la guerra, que comenz\u00f3 el 28 de febrero pasado, a\u00fan se deja sentir en la vida diaria de millones de personas en Am\u00e9rica Latina. Los hogares latinoamericanos son testigos de c\u00f3mo siguen creciendo los precios en el litro de [&hellip;]\" \/>\n<meta property=\"og:url\" content=\"https:\/\/noticiasya.com\/2026\/04\/27\/impacto-vida-cotidiana-america-latina-guerra-iran-orix\/\" \/>\n<meta property=\"og:site_name\" content=\"Noticias\" \/>\n<meta property=\"article:published_time\" content=\"2026-04-27T17:03:47+00:00\" \/>\n<meta name=\"twitter:card\" content=\"summary_large_image\" \/>\n<meta name=\"twitter:label1\" content=\"Est. reading time\" \/>\n\t<meta name=\"twitter:data1\" content=\"15 minutos\" \/>\n<script type=\"application\/ld+json\" class=\"yoast-schema-graph\">{\"@context\":\"https:\/\/schema.org\",\"@graph\":[{\"@type\":\"Article\",\"@id\":\"https:\/\/noticiasya.com\/2026\/04\/27\/impacto-vida-cotidiana-america-latina-guerra-iran-orix\/#article\",\"isPartOf\":{\"@id\":\"https:\/\/noticiasya.com\/2026\/04\/27\/impacto-vida-cotidiana-america-latina-guerra-iran-orix\/\"},\"author\":{\"name\":\"\",\"@id\":\"\"},\"headline\":\"Menos buses y tortillas m\u00e1s caras: pese al cese al fuego en Ir\u00e1n, la vida en Am\u00e9rica Latina a\u00fan sufre el impacto de la guerra\",\"datePublished\":\"2026-04-27T17:03:47+00:00\",\"mainEntityOfPage\":{\"@id\":\"https:\/\/noticiasya.com\/2026\/04\/27\/impacto-vida-cotidiana-america-latina-guerra-iran-orix\/\"},\"wordCount\":2965,\"commentCount\":0,\"publisher\":{\"@id\":\"https:\/\/noticiasya.com\/#organization\"},\"articleSection\":[\"Noticias Nacionales\"],\"inLanguage\":\"es\",\"potentialAction\":[{\"@type\":\"CommentAction\",\"name\":\"Comment\",\"target\":[\"https:\/\/noticiasya.com\/2026\/04\/27\/impacto-vida-cotidiana-america-latina-guerra-iran-orix\/#respond\"]}]},{\"@type\":\"WebPage\",\"@id\":\"https:\/\/noticiasya.com\/2026\/04\/27\/impacto-vida-cotidiana-america-latina-guerra-iran-orix\/\",\"url\":\"https:\/\/noticiasya.com\/2026\/04\/27\/impacto-vida-cotidiana-america-latina-guerra-iran-orix\/\",\"name\":\"Menos buses y tortillas m\u00e1s caras: pese al cese al fuego en Ir\u00e1n, la vida en Am\u00e9rica Latina a\u00fan sufre el impacto de la guerra - Noticias\",\"isPartOf\":{\"@id\":\"https:\/\/noticiasya.com\/#website\"},\"datePublished\":\"2026-04-27T17:03:47+00:00\",\"breadcrumb\":{\"@id\":\"https:\/\/noticiasya.com\/2026\/04\/27\/impacto-vida-cotidiana-america-latina-guerra-iran-orix\/#breadcrumb\"},\"inLanguage\":\"es\",\"potentialAction\":[{\"@type\":\"ReadAction\",\"target\":[\"https:\/\/noticiasya.com\/2026\/04\/27\/impacto-vida-cotidiana-america-latina-guerra-iran-orix\/\"]}]},{\"@type\":\"BreadcrumbList\",\"@id\":\"https:\/\/noticiasya.com\/2026\/04\/27\/impacto-vida-cotidiana-america-latina-guerra-iran-orix\/#breadcrumb\",\"itemListElement\":[{\"@type\":\"ListItem\",\"position\":1,\"name\":\"Home\",\"item\":\"https:\/\/noticiasya.com\/\"},{\"@type\":\"ListItem\",\"position\":2,\"name\":\"Menos buses y tortillas m\u00e1s caras: pese al cese al fuego en Ir\u00e1n, la vida en Am\u00e9rica Latina a\u00fan sufre el impacto de la guerra\"}]},{\"@type\":\"WebSite\",\"@id\":\"https:\/\/noticiasya.com\/#website\",\"url\":\"https:\/\/noticiasya.com\/\",\"name\":\"Noticias\",\"description\":\"Lo que importa\",\"publisher\":{\"@id\":\"https:\/\/noticiasya.com\/#organization\"},\"potentialAction\":[{\"@type\":\"SearchAction\",\"target\":{\"@type\":\"EntryPoint\",\"urlTemplate\":\"https:\/\/noticiasya.com\/?s={search_term_string}\"},\"query-input\":{\"@type\":\"PropertyValueSpecification\",\"valueRequired\":true,\"valueName\":\"search_term_string\"}}],\"inLanguage\":\"es\"},{\"@type\":\"Organization\",\"@id\":\"https:\/\/noticiasya.com\/#organization\",\"name\":\"Noticias\",\"url\":\"https:\/\/noticiasya.com\/\",\"logo\":{\"@type\":\"ImageObject\",\"inLanguage\":\"es\",\"@id\":\"https:\/\/noticiasya.com\/#\/schema\/logo\/image\/\",\"url\":\"https:\/\/noticiasya.com\/wp-content\/uploads\/sites\/22\/2023\/12\/logo-nacional.png\",\"contentUrl\":\"https:\/\/noticiasya.com\/wp-content\/uploads\/sites\/22\/2023\/12\/logo-nacional.png\",\"width\":1801,\"height\":691,\"caption\":\"Noticias\"},\"image\":{\"@id\":\"https:\/\/noticiasya.com\/#\/schema\/logo\/image\/\"}}]}<\/script>\n<!-- \/ Yoast SEO plugin. -->","yoast_head_json":{"title":"Menos buses y tortillas m\u00e1s caras: pese al cese al fuego en Ir\u00e1n, la vida en Am\u00e9rica Latina a\u00fan sufre el impacto de la guerra - Noticias","robots":{"index":"index","follow":"follow","max-snippet":"max-snippet:-1","max-image-preview":"max-image-preview:large","max-video-preview":"max-video-preview:-1"},"canonical":"https:\/\/noticiasya.com\/2026\/04\/27\/impacto-vida-cotidiana-america-latina-guerra-iran-orix\/","og_locale":"es_ES","og_type":"article","og_title":"Menos buses y tortillas m\u00e1s caras: pese al cese al fuego en Ir\u00e1n, la vida en Am\u00e9rica Latina a\u00fan sufre el impacto de la guerra - Noticias","og_description":"A\u00fan impera el cese del fuego entre Israel, Estados Unidos e Ir\u00e1n, pero el impacto de la guerra, que comenz\u00f3 el 28 de febrero pasado, a\u00fan se deja sentir en la vida diaria de millones de personas en Am\u00e9rica Latina. Los hogares latinoamericanos son testigos de c\u00f3mo siguen creciendo los precios en el litro de [&hellip;]","og_url":"https:\/\/noticiasya.com\/2026\/04\/27\/impacto-vida-cotidiana-america-latina-guerra-iran-orix\/","og_site_name":"Noticias","article_published_time":"2026-04-27T17:03:47+00:00","twitter_card":"summary_large_image","twitter_misc":{"Est. reading time":"15 minutos"},"schema":{"@context":"https:\/\/schema.org","@graph":[{"@type":"Article","@id":"https:\/\/noticiasya.com\/2026\/04\/27\/impacto-vida-cotidiana-america-latina-guerra-iran-orix\/#article","isPartOf":{"@id":"https:\/\/noticiasya.com\/2026\/04\/27\/impacto-vida-cotidiana-america-latina-guerra-iran-orix\/"},"author":{"name":"","@id":""},"headline":"Menos buses y tortillas m\u00e1s caras: pese al cese al fuego en Ir\u00e1n, la vida en Am\u00e9rica Latina a\u00fan sufre el impacto de la guerra","datePublished":"2026-04-27T17:03:47+00:00","mainEntityOfPage":{"@id":"https:\/\/noticiasya.com\/2026\/04\/27\/impacto-vida-cotidiana-america-latina-guerra-iran-orix\/"},"wordCount":2965,"commentCount":0,"publisher":{"@id":"https:\/\/noticiasya.com\/#organization"},"articleSection":["Noticias Nacionales"],"inLanguage":"es","potentialAction":[{"@type":"CommentAction","name":"Comment","target":["https:\/\/noticiasya.com\/2026\/04\/27\/impacto-vida-cotidiana-america-latina-guerra-iran-orix\/#respond"]}]},{"@type":"WebPage","@id":"https:\/\/noticiasya.com\/2026\/04\/27\/impacto-vida-cotidiana-america-latina-guerra-iran-orix\/","url":"https:\/\/noticiasya.com\/2026\/04\/27\/impacto-vida-cotidiana-america-latina-guerra-iran-orix\/","name":"Menos buses y tortillas m\u00e1s caras: pese al cese al fuego en Ir\u00e1n, la vida en Am\u00e9rica Latina a\u00fan sufre el impacto de la guerra - Noticias","isPartOf":{"@id":"https:\/\/noticiasya.com\/#website"},"datePublished":"2026-04-27T17:03:47+00:00","breadcrumb":{"@id":"https:\/\/noticiasya.com\/2026\/04\/27\/impacto-vida-cotidiana-america-latina-guerra-iran-orix\/#breadcrumb"},"inLanguage":"es","potentialAction":[{"@type":"ReadAction","target":["https:\/\/noticiasya.com\/2026\/04\/27\/impacto-vida-cotidiana-america-latina-guerra-iran-orix\/"]}]},{"@type":"BreadcrumbList","@id":"https:\/\/noticiasya.com\/2026\/04\/27\/impacto-vida-cotidiana-america-latina-guerra-iran-orix\/#breadcrumb","itemListElement":[{"@type":"ListItem","position":1,"name":"Home","item":"https:\/\/noticiasya.com\/"},{"@type":"ListItem","position":2,"name":"Menos buses y tortillas m\u00e1s caras: pese al cese al fuego en Ir\u00e1n, la vida en Am\u00e9rica Latina a\u00fan sufre el impacto de la guerra"}]},{"@type":"WebSite","@id":"https:\/\/noticiasya.com\/#website","url":"https:\/\/noticiasya.com\/","name":"Noticias","description":"Lo que importa","publisher":{"@id":"https:\/\/noticiasya.com\/#organization"},"potentialAction":[{"@type":"SearchAction","target":{"@type":"EntryPoint","urlTemplate":"https:\/\/noticiasya.com\/?s={search_term_string}"},"query-input":{"@type":"PropertyValueSpecification","valueRequired":true,"valueName":"search_term_string"}}],"inLanguage":"es"},{"@type":"Organization","@id":"https:\/\/noticiasya.com\/#organization","name":"Noticias","url":"https:\/\/noticiasya.com\/","logo":{"@type":"ImageObject","inLanguage":"es","@id":"https:\/\/noticiasya.com\/#\/schema\/logo\/image\/","url":"https:\/\/noticiasya.com\/wp-content\/uploads\/sites\/22\/2023\/12\/logo-nacional.png","contentUrl":"https:\/\/noticiasya.com\/wp-content\/uploads\/sites\/22\/2023\/12\/logo-nacional.png","width":1801,"height":691,"caption":"Noticias"},"image":{"@id":"https:\/\/noticiasya.com\/#\/schema\/logo\/image\/"}}]}},"parsely":{"version":"1.1.0","canonical_url":"https:\/\/noticiasya.com\/san-diego\/2026\/04\/27\/impacto-vida-cotidiana-america-latina-guerra-iran-orix\/","smart_links":{"inbound":0,"outbound":0},"traffic_boost_suggestions_count":0,"meta":{"@context":"https:\/\/schema.org","@type":"NewsArticle","headline":"Menos buses y tortillas m\u00e1s caras: pese al cese al fuego en Ir\u00e1n, la vida en Am\u00e9rica Latina a\u00fan sufre el impacto de la guerra","url":"http:\/\/noticiasya.com\/san-diego\/2026\/04\/27\/impacto-vida-cotidiana-america-latina-guerra-iran-orix\/","mainEntityOfPage":{"@type":"WebPage","@id":"http:\/\/noticiasya.com\/san-diego\/2026\/04\/27\/impacto-vida-cotidiana-america-latina-guerra-iran-orix\/"},"thumbnailUrl":"","image":{"@type":"ImageObject","url":""},"articleSection":"Noticias Nacionales","author":[],"creator":[],"publisher":{"@type":"Organization","name":"Noticias","logo":""},"keywords":[],"dateCreated":"2026-04-27T17:03:47Z","datePublished":"2026-04-27T17:03:47Z","dateModified":"2026-04-27T17:03:47Z"},"rendered":"<script type=\"application\/ld+json\" class=\"wp-parsely-metadata\">{\"@context\":\"https:\\\/\\\/schema.org\",\"@type\":\"NewsArticle\",\"headline\":\"Menos buses y tortillas m\\u00e1s caras: pese al cese al fuego en Ir\\u00e1n, la vida en Am\\u00e9rica Latina a\\u00fan sufre el impacto de la guerra\",\"url\":\"http:\\\/\\\/noticiasya.com\\\/san-diego\\\/2026\\\/04\\\/27\\\/impacto-vida-cotidiana-america-latina-guerra-iran-orix\\\/\",\"mainEntityOfPage\":{\"@type\":\"WebPage\",\"@id\":\"http:\\\/\\\/noticiasya.com\\\/san-diego\\\/2026\\\/04\\\/27\\\/impacto-vida-cotidiana-america-latina-guerra-iran-orix\\\/\"},\"thumbnailUrl\":\"\",\"image\":{\"@type\":\"ImageObject\",\"url\":\"\"},\"articleSection\":\"Noticias Nacionales\",\"author\":[],\"creator\":[],\"publisher\":{\"@type\":\"Organization\",\"name\":\"Noticias\",\"logo\":\"\"},\"keywords\":[],\"dateCreated\":\"2026-04-27T17:03:47Z\",\"datePublished\":\"2026-04-27T17:03:47Z\",\"dateModified\":\"2026-04-27T17:03:47Z\"}<\/script>","tracker_url":"https:\/\/cdn.parsely.com\/keys\/noticiasya.com\/p.js"},"jetpack_featured_media_url":"","jetpack-related-posts":[{"id":1473003,"url":"https:\/\/noticiasya.com\/san-diego\/2026\/04\/09\/por-que-israel-ataca-libano-trax\/","url_meta":{"origin":1473539,"position":0},"title":"\u00bfQu\u00e9 es la guerra de Israel en el L\u00edbano y por qu\u00e9 podr\u00eda hacer a\u00f1icos el cese del fuego de EE.UU. con Ir\u00e1n?","author":"","date":"abril 9, 2026","format":false,"excerpt":"En el primer d\u00eda del cese del fuego entre EE.UU. e Ir\u00e1n el mi\u00e9rcoles, Israel ejecut\u00f3 su mayor andanada de bombardeos contra el L\u00edbano desde que comenz\u00f3 esta guerra y mat\u00f3 al menos a 182 personas. Fue una decisi\u00f3n que amenaza con descarrilar un acuerdo ya de por s\u00ed fr\u00e1gil.Ir\u00e1n\u2026","rel":"","context":"In &quot;Noticias Nacionales&quot;","block_context":{"text":"Noticias Nacionales","link":"https:\/\/noticiasya.com\/san-diego\/categoria\/noticias-nacionales"},"img":{"alt_text":"","src":"","width":0,"height":0},"classes":[]},{"id":1472460,"url":"https:\/\/noticiasya.com\/san-diego\/2026\/03\/23\/ee-uu-e-iran-discuten-fin-guerra-trax\/","url_meta":{"origin":1473539,"position":1},"title":"Trump dice que pospondr\u00e1 los ataques contra plantas energ\u00e9ticas iran\u00edes tras conversaciones &#171;muy buenas&#187; con Teher\u00e1n","author":"","date":"marzo 23, 2026","format":false,"excerpt":"El presidente de EE.UU., Donald Trump, dijo que Estados Unidos e Ir\u00e1n han mantenido \u201cconversaciones productivas\u201d durante el fin de semana y que aplazar\u00e1 durante cinco d\u00edas los ataques militares contra instalaciones energ\u00e9ticas iran\u00edes.En un posteo en TRUTH escrito en may\u00fasculas, Trump dijo que tom\u00f3 la decisi\u00f3n de posponer los\u2026","rel":"","context":"In &quot;Noticias Nacionales&quot;","block_context":{"text":"Noticias Nacionales","link":"https:\/\/noticiasya.com\/san-diego\/categoria\/noticias-nacionales"},"img":{"alt_text":"","src":"","width":0,"height":0},"classes":[]},{"id":1450001,"url":"https:\/\/noticiasya.com\/san-diego\/2024\/06\/03\/netanyahu-elegir-gobierno-acuerdo-alto-fuego-trax\/","url_meta":{"origin":1473539,"position":2},"title":"AN\u00c1LISIS | Netanyahu puede verse obligado a elegir entre la supervivencia de su gobierno y un acuerdo de cese del fuego","author":"","date":"junio 3, 2024","format":false,"excerpt":"(CNN) \u2013 El primer ministro de Israel, Benjam\u00edn Netanyahu, podr\u00eda verse obligado a elegir entre aceptar un acuerdo de cese del fuego con Hamas o mantener su gobierno en el poder.Pero mientras se enfrenta a esa elecci\u00f3n, Netanyahu tambi\u00e9n busca una manera de evitarla por completo.Durante meses, Netanyahu equilibr\u00f3 cautelosamente\u2026","rel":"","context":"In &quot;Noticias Nacionales&quot;","block_context":{"text":"Noticias Nacionales","link":"https:\/\/noticiasya.com\/san-diego\/categoria\/noticias-nacionales"},"img":{"alt_text":"","src":"","width":0,"height":0},"classes":[]},{"id":1473012,"url":"https:\/\/noticiasya.com\/san-diego\/2026\/04\/09\/acuerdo-iran-estrecho-ormuz-trax\/","url_meta":{"origin":1473539,"position":3},"title":"\u00bfUn acuerdo o un espejismo? El cese del fuego de Trump con Ir\u00e1n choca con el caos sobre el terreno","author":"","date":"abril 9, 2026","format":false,"excerpt":"Menos de tres horas antes de la fecha l\u00edmite de las 8 p.m. fijada por el presidente de Estados Unidos, Donald Trump, para que Ir\u00e1n alcanzara un acuerdo o enfrentara su advertencia apocal\u00edptica de muerte y destrucci\u00f3n, el secretario de Defensa Pete Hegseth, y el jefe del Estado Mayor Conjunto,\u2026","rel":"","context":"In &quot;Noticias Nacionales&quot;","block_context":{"text":"Noticias Nacionales","link":"https:\/\/noticiasya.com\/san-diego\/categoria\/noticias-nacionales"},"img":{"alt_text":"","src":"","width":0,"height":0},"classes":[]},{"id":1459178,"url":"https:\/\/noticiasya.com\/san-diego\/2025\/02\/25\/analisis-mientras-el-reloj-avanza-hacia-el-final-del-alto-el-fuego-en-gaza-israel-se-prepara-para-mas-guerra\/","url_meta":{"origin":1473539,"position":4},"title":"AN\u00c1LISIS | Mientras el reloj avanza hacia el final del cese del fuego en Gaza, Israel se prepara para m\u00e1s guerra","author":"","date":"febrero 25, 2025","format":false,"excerpt":"Hace un mes, israel\u00edes y palestinos sent\u00edan lo m\u00e1s raro: optimismo.Tras meses de conversaciones estancadas, por fin hab\u00eda un cese del fuego en Gaza. Parec\u00eda haber un camino real hacia el final de la guerra.Pero la situaci\u00f3n ha cambiado dr\u00e1sticamente desde entonces.La tregua de 42 d\u00edas entre Israel y Hamas\u2026","rel":"","context":"In &quot;Noticias Nacionales&quot;","block_context":{"text":"Noticias Nacionales","link":"https:\/\/noticiasya.com\/san-diego\/categoria\/noticias-nacionales"},"img":{"alt_text":"","src":"","width":0,"height":0},"classes":[]},{"id":1463918,"url":"https:\/\/noticiasya.com\/san-diego\/2025\/06\/24\/plan-acuerdo-cese-del-fuego-israel-gaza-trax\/","url_meta":{"origin":1473539,"position":5},"title":"Israel acord\u00f3 un cese del fuego con Ir\u00e1n. \u00bfPodr\u00eda ser el de Gaza el siguiente?","author":"","date":"junio 24, 2025","format":false,"excerpt":"Tras 12 d\u00edas de intensos ataques entre Israel e Ir\u00e1n, marcados por los bombardeos estadounidenses contra instalaciones nucleares iran\u00edes durante el fin de semana y las represalias de Teher\u00e1n, el alto el fuego negociado por Estados Unidos parec\u00eda mantenerse el martes.Sin embargo, en Gaza, la ofensiva israel\u00ed no ha dado\u2026","rel":"","context":"In &quot;Noticias Nacionales&quot;","block_context":{"text":"Noticias Nacionales","link":"https:\/\/noticiasya.com\/san-diego\/categoria\/noticias-nacionales"},"img":{"alt_text":"","src":"","width":0,"height":0},"classes":[]}],"jetpack_sharing_enabled":true,"_links":{"self":[{"href":"https:\/\/noticiasya.com\/san-diego\/wp-json\/wp\/v2\/posts\/1473539","targetHints":{"allow":["GET"]}}],"collection":[{"href":"https:\/\/noticiasya.com\/san-diego\/wp-json\/wp\/v2\/posts"}],"about":[{"href":"https:\/\/noticiasya.com\/san-diego\/wp-json\/wp\/v2\/types\/post"}],"replies":[{"embeddable":true,"href":"https:\/\/noticiasya.com\/san-diego\/wp-json\/wp\/v2\/comments?post=1473539"}],"version-history":[{"count":0,"href":"https:\/\/noticiasya.com\/san-diego\/wp-json\/wp\/v2\/posts\/1473539\/revisions"}],"wp:attachment":[{"href":"https:\/\/noticiasya.com\/san-diego\/wp-json\/wp\/v2\/media?parent=1473539"}],"wp:term":[{"taxonomy":"category","embeddable":true,"href":"https:\/\/noticiasya.com\/san-diego\/wp-json\/wp\/v2\/categories?post=1473539"},{"taxonomy":"post_tag","embeddable":true,"href":"https:\/\/noticiasya.com\/san-diego\/wp-json\/wp\/v2\/tags?post=1473539"}],"curies":[{"name":"wp","href":"https:\/\/api.w.org\/{rel}","templated":true}]}}