{"id":1473557,"date":"2026-04-28T05:03:46","date_gmt":"2026-04-28T12:03:46","guid":{"rendered":"https:\/\/noticiasya.com\/2026\/04\/28\/taylor-swift-registra-voz-imagen-ia-trax\/"},"modified":"2026-04-28T05:03:46","modified_gmt":"2026-04-28T12:03:46","slug":"taylor-swift-registra-voz-imagen-ia-trax","status":"publish","type":"post","link":"https:\/\/noticiasya.com\/san-diego\/2026\/04\/28\/taylor-swift-registra-voz-imagen-ia-trax\/","title":{"rendered":"Taylor Swift present\u00f3 solicitudes de marca registrada para proteger su voz e imagen de la IA"},"content":{"rendered":"<p><a href=\"https:\/\/cnnespanol.cnn.com\/2025\/05\/30\/entretenimiento\/taylor-swift-duena-catalogo-musica-trax\">Taylor Swift<\/a> present\u00f3 nuevas solicitudes de marca registrada para dos clips de voz y una imagen que, seg\u00fan un abogado especializado en marcas, est\u00e1n \u201cdise\u00f1adas espec\u00edficamente\u201d para proteger a la superestrella del pop de las amenazas que plantea la <a href=\"https:\/\/cnnespanol.cnn.com\/ciencia\/inteligencia-artificial\">Inteligencia Artificial<\/a>.<\/p>\n<p>Las solicitudes ponen de relieve los desaf\u00edos que la IA supone para la <a href=\"https:\/\/www.cnn.com\/2026\/02\/20\/china\/china-ai-seedance-intl-hnk-dst\">industria del entretenimiento<\/a>, ya que las herramientas de IA generan videos realistas con artistas conocidos e inundan las plataformas de streaming con <a href=\"https:\/\/www.cnn.com\/world\/pheelz-on-ai-why-music-needs-a-soul-spc\">m\u00fasica digital<\/a>.<\/p>\n<p>Las solicitudes de Swift se presentaron el viernes ante la Oficina de Patentes y Marcas de Estados Unidos y se suman a cientos de otras solicitudes de marca que figuran a nombre de su empresa, TAS Rights Management, como propietaria.<\/p>\n<p>Lo que distingue a estas solicitudes es la inclusi\u00f3n de \u201cmarcas sonoras\u201d, que son una \u201ccategor\u00eda menos conocida de protecci\u00f3n marcaria\u201d, escribi\u00f3 el lunes en un <a href=\"https:\/\/www.gerbenlaw.com\/blog\/taylor-swift-moves-to-trademark-her-voice-and-image-as-ai-threats-grow\/\">blog<\/a> Josh Gerben, abogado de marcas con sede en Estados Unidos y fundador de Gerben IP. \u201cIntentar registrar la voz hablada de una celebridad es un uso nuevo del registro de marcas que no se ha puesto a prueba en los tribunales antes\u201d, se\u00f1al\u00f3.<\/p>\n<p>En uno de los clips de audio, se escucha a Swift decir: \u201cHola, soy Taylor Swift, y puedes escuchar mi nuevo \u00e1lbum, \u2018The Life of a Showgirl\u2019, a demanda, en Amazon Music Unlimited\u201d.<\/p>\n<p>En el otro clip, dice: \u201c\u00a1Hola! Soy Taylor. Mi nuevo \u00e1lbum \u2018The Life of a Showgirl\u2019 sale el 3 de octubre y puedes hacer clic para preguardarlo para que puedas escucharlo en Spotify\u201d.<\/p>\n<p>La <a href=\"https:\/\/tsdr.uspto.gov\/documentviewer?caseId=sn99784977&#038;docId=APP20260424121928&#038;linkId=1#docIndex=0&#038;page=1\">imagen<\/a> que Swift busca proteger es una fotograf\u00eda suya en el escenario sosteniendo una guitarra rosa y vistiendo un atuendo con lentejuelas, un look ic\u00f3nico de su reciente gira mundial <a href=\"https:\/\/cnnespanol.cnn.com\/entretenimiento\/taylor-swift-economia-ee-uu-trax\">Eras Tour<\/a>.<\/p>\n<p>Seg\u00fan Gerben, el actor Matthew McConaughey present\u00f3 solicitudes similares en los \u00faltimos meses para proteger su voz y su imagen, \u201cponiendo a prueba nuevas teor\u00edas sobre c\u00f3mo funcionar\u00e1 el derecho marcario en la era de la IA\u201d.<\/p>\n<p>Las solicitudes llegan en un momento en que las leyes tradicionales de derechos de autor, que protegen las obras de los artistas contra la imitaci\u00f3n, no logran resguardar frente al contenido generado por IA. \u201cLas tecnolog\u00edas de IA ahora permiten a los usuarios generar contenido completamente nuevo que imita la voz de un artista sin copiar una grabaci\u00f3n existente, creando un vac\u00edo que las marcas podr\u00edan ayudar a llenar\u201d, dijo Gerben.<\/p>\n<p>En teor\u00eda, Swift podr\u00eda alegar en una demanda que cualquier uso de su voz que suene como la marca registrada \u2014o im\u00e1genes generadas por IA de ella con un mono y una guitarra\u2014 viola sus derechos, a\u00f1adi\u00f3.<\/p>\n<p>Swift ha presentado m\u00e1s de 300 solicitudes de marca registrada solo en Estados Unidos, una estrategia que ayuda a \u201creforzar\u201d su marca, seg\u00fan Leticia Caminero, abogada de propiedad intelectual en la <a href=\"https:\/\/www.wipo.int\/en\/web\/wipo-magazine\/articles\/taylor-swift-trademark-strategy-a-model-for-artist-ip-protection-78728\">Organizaci\u00f3n Mundial de la Propiedad Intelectual<\/a>.<\/p>\n<p>CNN se comunic\u00f3 con los abogados de Taylor Swift para obtener comentarios.<\/p>\n<p>The-CNN-Wire<br \/>&trade; &amp; &copy; 2026 Cable News Network, Inc., a Warner Bros. Discovery Company. All rights reserved.<\/p>\n","protected":false},"excerpt":{"rendered":"<p>Taylor Swift present\u00f3 nuevas solicitudes de marca registrada para dos clips de voz y una imagen que, seg\u00fan un abogado especializado en marcas, est\u00e1n \u201cdise\u00f1adas espec\u00edficamente\u201d para proteger a la superestrella del pop de las amenazas que plantea la Inteligencia Artificial. Las solicitudes ponen de relieve los desaf\u00edos que la IA supone para la industria [&hellip;]<\/p>\n","protected":false},"author":0,"featured_media":0,"comment_status":"open","ping_status":"open","sticky":false,"template":"","format":"standard","meta":{"_jetpack_memberships_contains_paid_content":false,"footnotes":""},"categories":[10],"tags":[],"class_list":["post-1473557","post","type-post","status-publish","format-standard","hentry","category-noticias-nacionales","market-global"],"yoast_head":"<!-- This site is optimized with the Yoast SEO plugin v24.4 - https:\/\/yoast.com\/wordpress\/plugins\/seo\/ -->\n<title>Taylor Swift present\u00f3 solicitudes de marca registrada para proteger su voz e imagen de la IA - Noticias<\/title>\n<meta name=\"robots\" content=\"index, follow, max-snippet:-1, max-image-preview:large, max-video-preview:-1\" \/>\n<link rel=\"canonical\" href=\"https:\/\/noticiasya.com\/2026\/04\/28\/taylor-swift-registra-voz-imagen-ia-trax\/\" \/>\n<meta property=\"og:locale\" content=\"es_ES\" \/>\n<meta property=\"og:type\" content=\"article\" \/>\n<meta property=\"og:title\" content=\"Taylor Swift present\u00f3 solicitudes de marca registrada para proteger su voz e imagen de la IA - Noticias\" \/>\n<meta property=\"og:description\" content=\"Taylor Swift present\u00f3 nuevas solicitudes de marca registrada para dos clips de voz y una imagen que, seg\u00fan un abogado especializado en marcas, est\u00e1n \u201cdise\u00f1adas espec\u00edficamente\u201d para proteger a la superestrella del pop de las amenazas que plantea la Inteligencia Artificial. Las solicitudes ponen de relieve los desaf\u00edos que la IA supone para la industria [&hellip;]\" \/>\n<meta property=\"og:url\" content=\"https:\/\/noticiasya.com\/2026\/04\/28\/taylor-swift-registra-voz-imagen-ia-trax\/\" \/>\n<meta property=\"og:site_name\" content=\"Noticias\" \/>\n<meta property=\"article:published_time\" content=\"2026-04-28T12:03:46+00:00\" \/>\n<meta name=\"twitter:card\" content=\"summary_large_image\" \/>\n<meta name=\"twitter:label1\" content=\"Est. reading time\" \/>\n\t<meta name=\"twitter:data1\" content=\"3 minutos\" \/>\n<script type=\"application\/ld+json\" class=\"yoast-schema-graph\">{\"@context\":\"https:\/\/schema.org\",\"@graph\":[{\"@type\":\"Article\",\"@id\":\"https:\/\/noticiasya.com\/2026\/04\/28\/taylor-swift-registra-voz-imagen-ia-trax\/#article\",\"isPartOf\":{\"@id\":\"https:\/\/noticiasya.com\/2026\/04\/28\/taylor-swift-registra-voz-imagen-ia-trax\/\"},\"author\":{\"name\":\"\",\"@id\":\"\"},\"headline\":\"Taylor Swift present\u00f3 solicitudes de marca registrada para proteger su voz e imagen de la IA\",\"datePublished\":\"2026-04-28T12:03:46+00:00\",\"mainEntityOfPage\":{\"@id\":\"https:\/\/noticiasya.com\/2026\/04\/28\/taylor-swift-registra-voz-imagen-ia-trax\/\"},\"wordCount\":538,\"commentCount\":0,\"publisher\":{\"@id\":\"https:\/\/noticiasya.com\/#organization\"},\"articleSection\":[\"Noticias Nacionales\"],\"inLanguage\":\"es\",\"potentialAction\":[{\"@type\":\"CommentAction\",\"name\":\"Comment\",\"target\":[\"https:\/\/noticiasya.com\/2026\/04\/28\/taylor-swift-registra-voz-imagen-ia-trax\/#respond\"]}]},{\"@type\":\"WebPage\",\"@id\":\"https:\/\/noticiasya.com\/2026\/04\/28\/taylor-swift-registra-voz-imagen-ia-trax\/\",\"url\":\"https:\/\/noticiasya.com\/2026\/04\/28\/taylor-swift-registra-voz-imagen-ia-trax\/\",\"name\":\"Taylor Swift present\u00f3 solicitudes de marca registrada para proteger su voz e imagen de la IA - Noticias\",\"isPartOf\":{\"@id\":\"https:\/\/noticiasya.com\/#website\"},\"datePublished\":\"2026-04-28T12:03:46+00:00\",\"breadcrumb\":{\"@id\":\"https:\/\/noticiasya.com\/2026\/04\/28\/taylor-swift-registra-voz-imagen-ia-trax\/#breadcrumb\"},\"inLanguage\":\"es\",\"potentialAction\":[{\"@type\":\"ReadAction\",\"target\":[\"https:\/\/noticiasya.com\/2026\/04\/28\/taylor-swift-registra-voz-imagen-ia-trax\/\"]}]},{\"@type\":\"BreadcrumbList\",\"@id\":\"https:\/\/noticiasya.com\/2026\/04\/28\/taylor-swift-registra-voz-imagen-ia-trax\/#breadcrumb\",\"itemListElement\":[{\"@type\":\"ListItem\",\"position\":1,\"name\":\"Home\",\"item\":\"https:\/\/noticiasya.com\/\"},{\"@type\":\"ListItem\",\"position\":2,\"name\":\"Taylor Swift present\u00f3 solicitudes de marca registrada para proteger su voz e imagen de la IA\"}]},{\"@type\":\"WebSite\",\"@id\":\"https:\/\/noticiasya.com\/#website\",\"url\":\"https:\/\/noticiasya.com\/\",\"name\":\"Noticias\",\"description\":\"Lo que importa\",\"publisher\":{\"@id\":\"https:\/\/noticiasya.com\/#organization\"},\"potentialAction\":[{\"@type\":\"SearchAction\",\"target\":{\"@type\":\"EntryPoint\",\"urlTemplate\":\"https:\/\/noticiasya.com\/?s={search_term_string}\"},\"query-input\":{\"@type\":\"PropertyValueSpecification\",\"valueRequired\":true,\"valueName\":\"search_term_string\"}}],\"inLanguage\":\"es\"},{\"@type\":\"Organization\",\"@id\":\"https:\/\/noticiasya.com\/#organization\",\"name\":\"Noticias\",\"url\":\"https:\/\/noticiasya.com\/\",\"logo\":{\"@type\":\"ImageObject\",\"inLanguage\":\"es\",\"@id\":\"https:\/\/noticiasya.com\/#\/schema\/logo\/image\/\",\"url\":\"https:\/\/noticiasya.com\/wp-content\/uploads\/sites\/22\/2023\/12\/logo-nacional.png\",\"contentUrl\":\"https:\/\/noticiasya.com\/wp-content\/uploads\/sites\/22\/2023\/12\/logo-nacional.png\",\"width\":1801,\"height\":691,\"caption\":\"Noticias\"},\"image\":{\"@id\":\"https:\/\/noticiasya.com\/#\/schema\/logo\/image\/\"}}]}<\/script>\n<!-- \/ Yoast SEO plugin. -->","yoast_head_json":{"title":"Taylor Swift present\u00f3 solicitudes de marca registrada para proteger su voz e imagen de la IA - Noticias","robots":{"index":"index","follow":"follow","max-snippet":"max-snippet:-1","max-image-preview":"max-image-preview:large","max-video-preview":"max-video-preview:-1"},"canonical":"https:\/\/noticiasya.com\/2026\/04\/28\/taylor-swift-registra-voz-imagen-ia-trax\/","og_locale":"es_ES","og_type":"article","og_title":"Taylor Swift present\u00f3 solicitudes de marca registrada para proteger su voz e imagen de la IA - Noticias","og_description":"Taylor Swift present\u00f3 nuevas solicitudes de marca registrada para dos clips de voz y una imagen que, seg\u00fan un abogado especializado en marcas, est\u00e1n \u201cdise\u00f1adas espec\u00edficamente\u201d para proteger a la superestrella del pop de las amenazas que plantea la Inteligencia Artificial. Las solicitudes ponen de relieve los desaf\u00edos que la IA supone para la industria [&hellip;]","og_url":"https:\/\/noticiasya.com\/2026\/04\/28\/taylor-swift-registra-voz-imagen-ia-trax\/","og_site_name":"Noticias","article_published_time":"2026-04-28T12:03:46+00:00","twitter_card":"summary_large_image","twitter_misc":{"Est. reading time":"3 minutos"},"schema":{"@context":"https:\/\/schema.org","@graph":[{"@type":"Article","@id":"https:\/\/noticiasya.com\/2026\/04\/28\/taylor-swift-registra-voz-imagen-ia-trax\/#article","isPartOf":{"@id":"https:\/\/noticiasya.com\/2026\/04\/28\/taylor-swift-registra-voz-imagen-ia-trax\/"},"author":{"name":"","@id":""},"headline":"Taylor Swift present\u00f3 solicitudes de marca registrada para proteger su voz e imagen de la IA","datePublished":"2026-04-28T12:03:46+00:00","mainEntityOfPage":{"@id":"https:\/\/noticiasya.com\/2026\/04\/28\/taylor-swift-registra-voz-imagen-ia-trax\/"},"wordCount":538,"commentCount":0,"publisher":{"@id":"https:\/\/noticiasya.com\/#organization"},"articleSection":["Noticias Nacionales"],"inLanguage":"es","potentialAction":[{"@type":"CommentAction","name":"Comment","target":["https:\/\/noticiasya.com\/2026\/04\/28\/taylor-swift-registra-voz-imagen-ia-trax\/#respond"]}]},{"@type":"WebPage","@id":"https:\/\/noticiasya.com\/2026\/04\/28\/taylor-swift-registra-voz-imagen-ia-trax\/","url":"https:\/\/noticiasya.com\/2026\/04\/28\/taylor-swift-registra-voz-imagen-ia-trax\/","name":"Taylor Swift present\u00f3 solicitudes de marca registrada para proteger su voz e imagen de la IA - Noticias","isPartOf":{"@id":"https:\/\/noticiasya.com\/#website"},"datePublished":"2026-04-28T12:03:46+00:00","breadcrumb":{"@id":"https:\/\/noticiasya.com\/2026\/04\/28\/taylor-swift-registra-voz-imagen-ia-trax\/#breadcrumb"},"inLanguage":"es","potentialAction":[{"@type":"ReadAction","target":["https:\/\/noticiasya.com\/2026\/04\/28\/taylor-swift-registra-voz-imagen-ia-trax\/"]}]},{"@type":"BreadcrumbList","@id":"https:\/\/noticiasya.com\/2026\/04\/28\/taylor-swift-registra-voz-imagen-ia-trax\/#breadcrumb","itemListElement":[{"@type":"ListItem","position":1,"name":"Home","item":"https:\/\/noticiasya.com\/"},{"@type":"ListItem","position":2,"name":"Taylor Swift present\u00f3 solicitudes de marca registrada para proteger su voz e imagen de la IA"}]},{"@type":"WebSite","@id":"https:\/\/noticiasya.com\/#website","url":"https:\/\/noticiasya.com\/","name":"Noticias","description":"Lo que importa","publisher":{"@id":"https:\/\/noticiasya.com\/#organization"},"potentialAction":[{"@type":"SearchAction","target":{"@type":"EntryPoint","urlTemplate":"https:\/\/noticiasya.com\/?s={search_term_string}"},"query-input":{"@type":"PropertyValueSpecification","valueRequired":true,"valueName":"search_term_string"}}],"inLanguage":"es"},{"@type":"Organization","@id":"https:\/\/noticiasya.com\/#organization","name":"Noticias","url":"https:\/\/noticiasya.com\/","logo":{"@type":"ImageObject","inLanguage":"es","@id":"https:\/\/noticiasya.com\/#\/schema\/logo\/image\/","url":"https:\/\/noticiasya.com\/wp-content\/uploads\/sites\/22\/2023\/12\/logo-nacional.png","contentUrl":"https:\/\/noticiasya.com\/wp-content\/uploads\/sites\/22\/2023\/12\/logo-nacional.png","width":1801,"height":691,"caption":"Noticias"},"image":{"@id":"https:\/\/noticiasya.com\/#\/schema\/logo\/image\/"}}]}},"parsely":{"version":"1.1.0","canonical_url":"https:\/\/noticiasya.com\/san-diego\/2026\/04\/28\/taylor-swift-registra-voz-imagen-ia-trax\/","smart_links":{"inbound":0,"outbound":0},"traffic_boost_suggestions_count":0,"meta":{"@context":"https:\/\/schema.org","@type":"NewsArticle","headline":"Taylor Swift present\u00f3 solicitudes de marca registrada para proteger su voz e imagen de la IA","url":"http:\/\/noticiasya.com\/san-diego\/2026\/04\/28\/taylor-swift-registra-voz-imagen-ia-trax\/","mainEntityOfPage":{"@type":"WebPage","@id":"http:\/\/noticiasya.com\/san-diego\/2026\/04\/28\/taylor-swift-registra-voz-imagen-ia-trax\/"},"thumbnailUrl":"","image":{"@type":"ImageObject","url":""},"articleSection":"Noticias Nacionales","author":[],"creator":[],"publisher":{"@type":"Organization","name":"Noticias","logo":""},"keywords":[],"dateCreated":"2026-04-28T12:03:46Z","datePublished":"2026-04-28T12:03:46Z","dateModified":"2026-04-28T12:03:46Z"},"rendered":"<script type=\"application\/ld+json\" class=\"wp-parsely-metadata\">{\"@context\":\"https:\\\/\\\/schema.org\",\"@type\":\"NewsArticle\",\"headline\":\"Taylor Swift present\\u00f3 solicitudes de marca registrada para proteger su voz e imagen de la IA\",\"url\":\"http:\\\/\\\/noticiasya.com\\\/san-diego\\\/2026\\\/04\\\/28\\\/taylor-swift-registra-voz-imagen-ia-trax\\\/\",\"mainEntityOfPage\":{\"@type\":\"WebPage\",\"@id\":\"http:\\\/\\\/noticiasya.com\\\/san-diego\\\/2026\\\/04\\\/28\\\/taylor-swift-registra-voz-imagen-ia-trax\\\/\"},\"thumbnailUrl\":\"\",\"image\":{\"@type\":\"ImageObject\",\"url\":\"\"},\"articleSection\":\"Noticias Nacionales\",\"author\":[],\"creator\":[],\"publisher\":{\"@type\":\"Organization\",\"name\":\"Noticias\",\"logo\":\"\"},\"keywords\":[],\"dateCreated\":\"2026-04-28T12:03:46Z\",\"datePublished\":\"2026-04-28T12:03:46Z\",\"dateModified\":\"2026-04-28T12:03:46Z\"}<\/script>","tracker_url":"https:\/\/cdn.parsely.com\/keys\/noticiasya.com\/p.js"},"jetpack_featured_media_url":"","jetpack-related-posts":[{"id":1473623,"url":"https:\/\/noticiasya.com\/san-diego\/2026\/04\/29\/5-cosas-29-de-abril-orix\/","url_meta":{"origin":1473557,"position":0},"title":"Las 5 cosas que debes saber este 29 de abril","author":"","date":"abril 29, 2026","format":false,"excerpt":"Golpe para la OPEP y Arabia Saudita: Emiratos \u00c1rabes Unidos se retirar\u00e1 de la organizaci\u00f3n. Las teor\u00edas conspirativas del tiroteo en la Cena de Corresponsales. El PSG vence al Bayern Munich en hist\u00f3rica semifinal de la Champions. Esto es lo que debes saber para comenzar el d\u00eda. Primero la verdad.Suscr\u00edbete\u2026","rel":"","context":"In &quot;Noticias Nacionales&quot;","block_context":{"text":"Noticias Nacionales","link":"https:\/\/noticiasya.com\/san-diego\/categoria\/noticias-nacionales"},"img":{"alt_text":"","src":"","width":0,"height":0},"classes":[]},{"id":1471402,"url":"https:\/\/noticiasya.com\/san-diego\/2026\/02\/18\/trump-aeropuerto-florida-beneficio-economico-familia-trax\/","url_meta":{"origin":1473557,"position":1},"title":"Trump quiere renombrar el aeropuerto de Florida en su honor y cr\u00edticos alegan que beneficiar\u00eda econ\u00f3micamente a su familia","author":"","date":"febrero 18, 2026","format":false,"excerpt":"Mientras la Legislatura de Florida intensifica los esfuerzos para cambiar el nombre del Aeropuerto Internacional de Palm Beach en honor al presidente Donald Trump, una reciente solicitud de marca registrada ha hecho que algunos legisladores estatales se pregunten si la familia Trump busca beneficiarse econ\u00f3micamente.El proyecto de ley de la\u2026","rel":"","context":"In &quot;Noticias Nacionales&quot;","block_context":{"text":"Noticias Nacionales","link":"https:\/\/noticiasya.com\/san-diego\/categoria\/noticias-nacionales"},"img":{"alt_text":"","src":"","width":0,"height":0},"classes":[]},{"id":1471467,"url":"https:\/\/noticiasya.com\/san-diego\/2026\/02\/19\/legisladores-florida-rebautizar-aeropuerto-palm-beach-trump-trax\/","url_meta":{"origin":1473557,"position":2},"title":"Legisladores de Florida votan para rebautizar el aeropuerto de Palm Beach con el nombre de Trump","author":"","date":"febrero 19, 2026","format":false,"excerpt":"Los legisladores de Florida aprobaron un proyecto de ley para cambiar el nombre del Aeropuerto Internacional de Palm Beach en honor al presidente Donald Trump.El proyecto de ley para cambiar el nombre de la terminal del sur de Florida fue aprobado por el Senado estatal el jueves con 25 votos\u2026","rel":"","context":"In &quot;Noticias Nacionales&quot;","block_context":{"text":"Noticias Nacionales","link":"https:\/\/noticiasya.com\/san-diego\/categoria\/noticias-nacionales"},"img":{"alt_text":"","src":"","width":0,"height":0},"classes":[]},{"id":1463931,"url":"https:\/\/noticiasya.com\/san-diego\/2025\/06\/25\/trump-fin-solicitudes-asilo-deportaciones-inmigrantes-trax\/","url_meta":{"origin":1473557,"position":3},"title":"Nuevo plan del Gobierno de Trump podr\u00eda poner fin a las solicitudes de asilo y acelerar deportaciones de miles de inmigrantes","author":"","date":"junio 25, 2025","format":false,"excerpt":"El Gobierno de Trump est\u00e1 planeando desestimar las solicitudes de asilo de potencialmente cientos de miles de inmigrantes en Estados Unidos y luego hacerlos elegibles para la deportaci\u00f3n como parte de la amplia ofensiva migratoria del presidente, seg\u00fan dos fuentes familiarizadas con el asunto.Esta ser\u00eda la m\u00e1s reciente de una\u2026","rel":"","context":"In &quot;Noticias Nacionales&quot;","block_context":{"text":"Noticias Nacionales","link":"https:\/\/noticiasya.com\/san-diego\/categoria\/noticias-nacionales"},"img":{"alt_text":"","src":"","width":0,"height":0},"classes":[]},{"id":1463456,"url":"https:\/\/noticiasya.com\/san-diego\/2025\/06\/11\/disney-universal-demandar-ia-midjourney-derechos-autor-trax\/","url_meta":{"origin":1473557,"position":4},"title":"Disney y Universal se unen para demandar al generador de fotos por IA Midjourney, alegando infracci\u00f3n de derechos de autor","author":"","date":"junio 11, 2025","format":false,"excerpt":"Disney y Universal est\u00e1n demandando a la empresa de generaci\u00f3n de fotos con Inteligencia Artificial (IA) Midjourney, marcando el primer gran enfrentamiento legal entre estudios de Hollywood y una compa\u00f1\u00eda de inteligencia artificial.Midjourney, que permite a los usuarios crear im\u00e1genes realistas a partir de una indicaci\u00f3n de texto en solo\u2026","rel":"","context":"In &quot;Noticias Nacionales&quot;","block_context":{"text":"Noticias Nacionales","link":"https:\/\/noticiasya.com\/san-diego\/categoria\/noticias-nacionales"},"img":{"alt_text":"","src":"","width":0,"height":0},"classes":[]},{"id":1469890,"url":"https:\/\/noticiasya.com\/san-diego\/2026\/01\/08\/xai-elon-musk-bajo-fuego-desnudez-digital-trax\/","url_meta":{"origin":1473557,"position":5},"title":"La xAI de Elon Musk est\u00e1 bajo fuego por no frenar la &#171;desnudez digital&#187;","author":"","date":"enero 8, 2026","format":false,"excerpt":"El chatbot de inteligencia artificial de Elon Musk, Grok, se ha visto inundado de im\u00e1genes sexuales, principalmente de mujeres, muchas de ellas reales.Los usuarios han instado al chatbot a \u201cdesvestir digitalmente\u201d a estas personas y, en ocasiones, a colocarlas en poses sugerentes.En varios casos la semana pasada, algunas parec\u00edan ser\u2026","rel":"","context":"In &quot;Noticias Nacionales&quot;","block_context":{"text":"Noticias Nacionales","link":"https:\/\/noticiasya.com\/san-diego\/categoria\/noticias-nacionales"},"img":{"alt_text":"","src":"","width":0,"height":0},"classes":[]}],"jetpack_sharing_enabled":true,"_links":{"self":[{"href":"https:\/\/noticiasya.com\/san-diego\/wp-json\/wp\/v2\/posts\/1473557","targetHints":{"allow":["GET"]}}],"collection":[{"href":"https:\/\/noticiasya.com\/san-diego\/wp-json\/wp\/v2\/posts"}],"about":[{"href":"https:\/\/noticiasya.com\/san-diego\/wp-json\/wp\/v2\/types\/post"}],"replies":[{"embeddable":true,"href":"https:\/\/noticiasya.com\/san-diego\/wp-json\/wp\/v2\/comments?post=1473557"}],"version-history":[{"count":0,"href":"https:\/\/noticiasya.com\/san-diego\/wp-json\/wp\/v2\/posts\/1473557\/revisions"}],"wp:attachment":[{"href":"https:\/\/noticiasya.com\/san-diego\/wp-json\/wp\/v2\/media?parent=1473557"}],"wp:term":[{"taxonomy":"category","embeddable":true,"href":"https:\/\/noticiasya.com\/san-diego\/wp-json\/wp\/v2\/categories?post=1473557"},{"taxonomy":"post_tag","embeddable":true,"href":"https:\/\/noticiasya.com\/san-diego\/wp-json\/wp\/v2\/tags?post=1473557"}],"curies":[{"name":"wp","href":"https:\/\/api.w.org\/{rel}","templated":true}]}}