{"id":1473558,"date":"2026-04-28T05:03:47","date_gmt":"2026-04-28T12:03:47","guid":{"rendered":"https:\/\/noticiasya.com\/2026\/04\/28\/haitianos-tps-corte-suprema-previa-trax\/"},"modified":"2026-04-28T05:03:47","modified_gmt":"2026-04-28T12:03:47","slug":"haitianos-tps-corte-suprema-previa-trax","status":"publish","type":"post","link":"https:\/\/noticiasya.com\/san-diego\/2026\/04\/28\/haitianos-tps-corte-suprema-previa-trax\/","title":{"rendered":"Estos inmigrantes haitianos aportan cerca de US$ 6.000 millones a la econom\u00eda. Su destino est\u00e1 en manos de la Corte Suprema"},"content":{"rendered":"<p>Es posible que Jan Gautam pronto tenga que despedir a cientos de trabajadores de decenas de hoteles en Florida. Por este motivo es que el director ejecutivo de IHRMC Hotels &#038; Resorts sigue muy de cerca un caso de inmigraci\u00f3n que se presenta ante la Corte Suprema esta semana.<\/p>\n<p>Los empleados son haitianos que poseen el Estatus de Protecci\u00f3n Temporal, conocido como TPS. Estaba previsto que su derecho a vivir y trabajar legalmente en Estados Unidos expirara a principios de febrero tras una decisi\u00f3n del Gobierno de Trump que pon\u00eda fin a las protecciones. Sin embargo, un juez federal suspendi\u00f3 dicha decisi\u00f3n y luego la administraci\u00f3n apel\u00f3 ante la Corte Suprema, que tiene previsto escuchar los argumentos orales del caso este mi\u00e9rcoles.<\/p>\n<p>Aproximadamente el 30 % del personal hotelero de Gautam en Florida est\u00e1 compuesto por haitianos titulares del TPS, quienes se desempe\u00f1an como personal de limpieza, jardineros, supervisores y en otros puestos. Si se viera obligado a despedirlos, podr\u00eda tener que mantener algunas habitaciones cerradas en ciertos momentos, dado que los hoteles no podr\u00edan prepararlas con la prontitud necesaria para recibir a los siguientes hu\u00e9spedes. Adem\u00e1s, tendr\u00eda que invertir miles de d\u00f3lares en la capacitaci\u00f3n de cada nuevo empleado, lo cual reducir\u00eda a\u00fan m\u00e1s su margen de ganancias.<\/p>\n<p>En definitiva, si los titulares del TPS pierden su estatus, esto le acarrear\u00e1 costos de cientos de miles de d\u00f3lares, adem\u00e1s de una gran inversi\u00f3n de tiempo y numerosos dolores de cabeza, afirm\u00f3.<\/p>\n<p>\u201cNecesitamos contar con estas personas\u201d, declar\u00f3 Gautam. \u201cUno las capacita y, acto seguido, tienen que marcharse; no por decisi\u00f3n propia, sino por decisi\u00f3n de terceros\u201d.<\/p>\n<p>El destino del personal de Gautam, as\u00ed como el de m\u00e1s de otros 350.000 inmigrantes haitianos, descansa en manos de los magistrados de la Corte Suprema, quienes se han alineado con la administraci\u00f3n Trump en la mayor\u00eda de sus apelaciones en materia de inmigraci\u00f3n. El amparo del TPS, que permite a sus titulares vivir y trabajar en Estados Unidos, se aplica a aquellas personas que enfrentar\u00edan dificultades extremas si se vieran obligadas a regresar a sus pa\u00edses de origen, devastados por conflictos armados o desastres naturales. Los inmigrantes haitianos obtuvieron la elegibilidad despu\u00e9s de que un terremoto sacudiera el pa\u00eds en 2010. Desde entonces, la designaci\u00f3n ha sido renovada en m\u00faltiples ocasiones en medio de la serie de crisis que enfrenta el pa\u00eds, que incluyen la violencia generalizada por parte de pandillas armadas, la inseguridad alimentaria, el desplazamiento y un vac\u00edo de liderazgo tras el asesinato del presidente en 2021.<\/p>\n<p>Cinco titulares haitianos del TPS est\u00e1n impugnando la decisi\u00f3n del Departamento de Seguridad Nacional de poner fin a dichas protecciones, argumentando que la agencia no llev\u00f3 a cabo la revisi\u00f3n necesaria para determinar si es seguro regresar a Hait\u00ed y que la decisi\u00f3n de la agencia deriva, en parte, de la animosidad racial del presidente Donald Trump. El DHS ha argumentado que las protecciones nunca tuvieron la intenci\u00f3n de ser permanentes.<\/p>\n<p>\u201cEl TPS para Hait\u00ed se otorg\u00f3 a ra\u00edz de un terremoto que tuvo lugar hace m\u00e1s de 15 a\u00f1os\u201d, declar\u00f3 un portavoz del DHS en un comunicado a CNN. \u201cNunca se concibi\u00f3 como un programa de amnist\u00eda de facto. Sin embargo, as\u00ed es como las administraciones anteriores lo han utilizado durante d\u00e9cadas. Temporal significa temporal, y la \u00faltima palabra no la tendr\u00e1n jueces activistas que legislan desde el estrado\u201d.<\/p>\n<p>Muchos haitianos con TPS han vivido durante a\u00f1os en Estados Unidos, desarrollando carreras profesionales, comprando viviendas y formando familias. Florida alberga, con gran diferencia, la mayor proporci\u00f3n de ellos. Sin embargo, tambi\u00e9n hay decenas de miles que residen en Nueva York, Massachusetts, Pensilvania, Ohio y otros estados.<\/p>\n<p>A principios de 2025, cerca de 190.000 titulares de TPS de origen haitiano se encontraban empleados, seg\u00fan un an\u00e1lisis realizado por FWD.us, una organizaci\u00f3n de pol\u00edticas y defensa centrada en la inmigraci\u00f3n y la justicia penal. Muchos trabajan en el comercio minorista, la hosteler\u00eda, el sector salud y otras industrias, desempe\u00f1\u00e1ndose como cocineros y meseros, reponedores y empacadores, y asistentes de enfermer\u00eda.<\/p>\n<p>Seg\u00fan hallazgos de FWD.us, estas personas aportan una cifra estimada de US$ 5.900 millones a la econom\u00eda estadounidense, adem\u00e1s de pagar US$ 1.600 millones en impuestos federales, sobre la n\u00f3mina, estatales y locales.<\/p>\n<p>\u201cArrebatar esa [protecci\u00f3n] a cientos de miles de personas tendr\u00e1 consecuencias inmensas\u201d, afirm\u00f3 Todd Schulte, presidente de FWD.us. \u201cVeremos c\u00f3mo se manifiesta esto en much\u00edsimas industrias a lo largo y ancho del pa\u00eds\u201d.<\/p>\n<p>Emma, \u200b\u200bquien ha vivido en Estados Unidos desde que era una ni\u00f1a peque\u00f1a y obtuvo el TPS tras el terremoto de 2010, es profesora de historia en una escuela secundaria p\u00fablica de Massachusetts, un campo que actualmente sufre escasez de personal.<\/p>\n<p>\u201cDesempe\u00f1o un papel fundamental en la econom\u00eda estadounidense\u201d, se\u00f1al\u00f3, a\u00f1adiendo que ha tenido al menos un empleo, y en ocasiones dos, desde que ten\u00eda 17 a\u00f1os. Solicit\u00f3 que no se revelara su apellido por temor a sufrir represalias por parte del Gobierno.<\/p>\n<p>Algunos cr\u00edticos de la inmigraci\u00f3n sostienen que los reci\u00e9n llegados les quitan empleos a los estadounidenses nativos. Sin embargo, un estudio reciente realizado por economistas de dos bancos de la Reserva Federal \u2014que analiz\u00f3 el empleo en las econom\u00edas locales tras la llegada de un gran n\u00famero de inmigrantes indocumentados a principios de esta d\u00e9cada\u2014 demuestra que tal afirmaci\u00f3n no se ajusta a la realidad, seg\u00fan explic\u00f3 Michael Clemens, profesor de Econom\u00eda en la Universidad George Mason. Los investigadores no hallaron pruebas de desplazamiento laboral. Por el contrario, observaron incluso un aumento en el n\u00famero de empleos en los sectores de la construcci\u00f3n, el ocio y la hosteler\u00eda.<\/p>\n<p>\u201cConsiderando todos los sectores en su conjunto, estos inmigrantes est\u00e1n contribuyendo al empleo general en cada ciudad, sin desplazar de sus puestos de trabajo a ning\u00fan nativo ni a ning\u00fan inmigrante autorizado\u201d, afirm\u00f3 Clemens, quien encabez\u00f3 un grupo de economistas que present\u00f3 un escrito <em>amicus curiae<\/em> ante la Corte Suprema, argumentando que poner fin a las protecciones del TPS para m\u00e1s de un mill\u00f3n de inmigrantes provenientes de m\u00e1s de una docena de pa\u00edses \u201ccausar\u00eda un da\u00f1o masivo\u201d a la econom\u00eda nacional.<\/p>\n<p>Los empleadores tambi\u00e9n han comentado a Rebecca Shi, directora ejecutiva de la American Business Immigration Coalition, que los residentes nacidos en el pa\u00eds a menudo no solicitan ciertos tipos de empleos, tales como hacer camas y limpiar ba\u00f1os en hoteles. Esto pone de manifiesto la labor esencial y ardua que realizan los beneficiarios del TPS, se\u00f1al\u00f3 Shi. Otros empleadores declararon a CNN que tambi\u00e9n enfrentan dificultades para atraer a trabajadores nacidos en el pa\u00eds para cubrir diversos puestos.<\/p>\n<p>Los beneficiarios haitianos del TPS tambi\u00e9n han revitalizado algunas comunidades locales, como la de Springfield, Ohio, donde fueron objeto de ataques por parte de Trump, quien, durante un debate presidencial en 2024, los acus\u00f3 de comer perros y gatos.<\/p>\n<p>Springfield se est\u00e1 \u201crecuperando\u201d en parte gracias a sus residentes inmigrantes haitianos, quienes trabajan y gastan su dinero en la comunidad, declar\u00f3 en febrero el gobernador de Ohio, Mike DeWine, a Dana Bash de CNN en el programa Inside Politics.<\/p>\n<p>\u201cLo que los empleadores me han dicho una y otra vez es: \u2018Contratamos a haitianos hace uno, dos o tres a\u00f1os francamente porque no logr\u00e1bamos cubrir estos puestos\u2019\u201d, relat\u00f3. \u201cSi pierden el Estatus de Protecci\u00f3n Temporal ya no podr\u00e1n trabajar y las empresas no podr\u00e1n emplearlos. Eso supone un duro golpe para la econom\u00eda, es un golpe para el estado\u201d.<\/p>\n<p>Los reci\u00e9n llegados haitianos tambi\u00e9n han puesto en marcha peque\u00f1as empresas en Springfield, en particular restaurantes. Esto no resulta sorprendente, afirm\u00f3 Guerline Jozef, directora ejecutiva de la Haitian Bridge Alliance, un grupo de defensa de los derechos de los inmigrantes que tambi\u00e9n presta servicios a haitianos y a otros inmigrantes de raza negra. Muchas de las personas que residen en Hait\u00ed son emprendedores, comerciantes y creadores de negocios.<\/p>\n<p>La alianza gestiona un programa de desarrollo empresarial del que, hasta la fecha, se han graduado 40 personas, en su mayor\u00eda beneficiarios del TPS. En los \u00faltimos a\u00f1os, estos emprendedores han establecido salones de belleza, tiendas temporales (las llamadas \u201cpop-ups\u201d) de productos cosm\u00e9ticos, restaurantes, empresas de limpieza y otros negocios.<\/p>\n<p>\u201cLlevan ese esp\u00edritu dentro debido a la estructura econ\u00f3mica de su pa\u00eds de origen\u201d, explic\u00f3 Jozef.<\/p>\n<p>En Sinai Residences, 40 titulares del TPS de origen haitiano ayudan a cuidar a los aproximadamente 500 residentes de edad avanzada, desempe\u00f1\u00e1ndose como asistentes de enfermer\u00eda certificados, enfermeros, personal de cocina y camareros, auxiliares de deta, personal de limpieza, trabajadores de mantenimiento y porteros, seg\u00fan afirm\u00f3 Rachel Blumberg, directora ejecutiva de esta comunidad de vida para personas mayores ubicada en Boca Rat\u00f3n, Florida. Estos empleados representan cerca del 9 % de la plantilla, y algunos han trabajado en Sinai Residences desde su apertura hace una d\u00e9cada.<\/p>\n<p>Preocupada ante la posibilidad de perder repentinamente una parte fundamental de su personal, Blumberg ya ha invertido US$ 600.000 durante el \u00faltimo a\u00f1o para aumentar los salarios, ofrecer bonos de contrataci\u00f3n y capacitar a nuevos empleados.<\/p>\n<p>\u201cEsto tiene un impacto financiero significativo para nuestra comunidad\u201d, se\u00f1al\u00f3. \u201cLamentablemente, ese costo termina repercutiendo en las personas mayores\u201d.<\/p>\n<p>Adem\u00e1s, la inminente expiraci\u00f3n de las protecciones del TPS se produce en un momento en que la contrataci\u00f3n de personal resulta dif\u00edcil y la poblaci\u00f3n de Estados Unidos est\u00e1 envejeciendo. \u201cEl grupo de candidatos interesados \u200b\u200ben estos empleos se est\u00e1 reduciendo, y la posible salida de los empleados haitianos con TPS es como echar sal en la herida\u201d, coment\u00f3 Blumberg.<\/p>\n<p>Pero, m\u00e1s all\u00e1 del impacto econ\u00f3mico, a Blumberg le preocupa el efecto que esto tendr\u00e1 en los residentes, quienes han forjado v\u00ednculos afectivos con los empleados haitianos amparados por el TPS. Asimismo, el personal con mayor antig\u00fcedad conoce a fondo las necesidades de los residentes y es capaz de detectar cambios en su comportamiento que podr\u00edan ser indicio de un posible problema de salud.<\/p>\n<p>Muchos proveedores de servicios para personas mayores temen verse obligados a reducir su capacidad operativa o sus servicios si pierden a los empleados que cuentan con el TPS, afirm\u00f3 Steve Bahmer, director ejecutivo de LeadingAge Southeast, una asociaci\u00f3n de organizaciones sin fines de lucro que prestan servicios de atenci\u00f3n a la tercera edad en Florida, Alabama, Louisiana y Mississipii. Los miembros de la asociaci\u00f3n en Florida le han comunicado que prev\u00e9n tener que despedir a entre el 8 % y el 15 % de su personal de atenci\u00f3n directa a los residentes si los ciudadanos haitianos pierden la protecci\u00f3n que les otorga el TPS.<\/p>\n<p>\u201cEstamos hablando de una fuente de mano de obra fundamental que est\u00e1 estructuralmente integrada en el sistema de prestaci\u00f3n de servicios de salud\u201d, explic\u00f3 Bahmer. \u201cNo existe un excedente de trabajadores esperando para ocupar estos puestos\u201d.<\/p>\n<p>Vanessa Joseph, de 42 a\u00f1os, consigui\u00f3 un empleo en Sinai Residences apenas unos meses despu\u00e9s de haber obtenido el TPS, hace casi tres a\u00f1os. Joseph, su hijo de 19 a\u00f1os y su hermana menor huyeron de Hait\u00ed despu\u00e9s de que otra de sus hermanas sufriera dos intentos de secuestro y el negocio donde ella trabajaba fuera incendiado. Ahora todos viven juntos en un apartamento y trabajan en Sinai Residences: ella como ama de llaves, su hermana como parte del personal de cocina y su hijo como camarero.<\/p>\n<p>Cuando la administraci\u00f3n Trump intent\u00f3 poner fin al TPS para los haitianos el a\u00f1o pasado, Joseph cont\u00f3 que lloraba todos los d\u00edas y ten\u00eda dificultades para dormir. Sin embargo, trat\u00f3 de ocult\u00e1rselo a su hijo, pues no quer\u00eda que \u00e9l tambi\u00e9n se asustara.<\/p>\n<p>A la familia se le concedi\u00f3 asilo en febrero, por lo que no se ver\u00e1n afectados por la decisi\u00f3n de la Corte Suprema. No obstante, muchos de sus compa\u00f1eros de trabajo se encuentran en estado de p\u00e1nico, se\u00f1al\u00f3 ella.<\/p>\n<p>\u201cNo saben qu\u00e9 har\u00e1n\u201d, dijo Joseph. \u201cAlgunos tal vez se marchen del pa\u00eds, otros quiz\u00e1s intenten quedarse. Tienen facturas que pagar\u201d.<\/p>\n<p>The-CNN-Wire<br \/>&trade; &amp; &copy; 2026 Cable News Network, Inc., a Warner Bros. Discovery Company. All rights reserved.<\/p>\n","protected":false},"excerpt":{"rendered":"<p>Es posible que Jan Gautam pronto tenga que despedir a cientos de trabajadores de decenas de hoteles en Florida. Por este motivo es que el director ejecutivo de IHRMC Hotels &#038; Resorts sigue muy de cerca un caso de inmigraci\u00f3n que se presenta ante la Corte Suprema esta semana. Los empleados son haitianos que poseen [&hellip;]<\/p>\n","protected":false},"author":0,"featured_media":0,"comment_status":"open","ping_status":"open","sticky":false,"template":"","format":"standard","meta":{"_jetpack_memberships_contains_paid_content":false,"footnotes":""},"categories":[10],"tags":[],"class_list":["post-1473558","post","type-post","status-publish","format-standard","hentry","category-noticias-nacionales","market-global"],"yoast_head":"<!-- This site is optimized with the Yoast SEO plugin v24.4 - https:\/\/yoast.com\/wordpress\/plugins\/seo\/ -->\n<title>Estos inmigrantes haitianos aportan cerca de US$ 6.000 millones a la econom\u00eda. Su destino est\u00e1 en manos de la Corte Suprema - Noticias<\/title>\n<meta name=\"robots\" content=\"index, follow, max-snippet:-1, max-image-preview:large, max-video-preview:-1\" \/>\n<link rel=\"canonical\" href=\"https:\/\/noticiasya.com\/2026\/04\/28\/haitianos-tps-corte-suprema-previa-trax\/\" \/>\n<meta property=\"og:locale\" content=\"es_ES\" \/>\n<meta property=\"og:type\" content=\"article\" \/>\n<meta property=\"og:title\" content=\"Estos inmigrantes haitianos aportan cerca de US$ 6.000 millones a la econom\u00eda. Su destino est\u00e1 en manos de la Corte Suprema - Noticias\" \/>\n<meta property=\"og:description\" content=\"Es posible que Jan Gautam pronto tenga que despedir a cientos de trabajadores de decenas de hoteles en Florida. Por este motivo es que el director ejecutivo de IHRMC Hotels &#038; Resorts sigue muy de cerca un caso de inmigraci\u00f3n que se presenta ante la Corte Suprema esta semana. Los empleados son haitianos que poseen [&hellip;]\" \/>\n<meta property=\"og:url\" content=\"https:\/\/noticiasya.com\/2026\/04\/28\/haitianos-tps-corte-suprema-previa-trax\/\" \/>\n<meta property=\"og:site_name\" content=\"Noticias\" \/>\n<meta property=\"article:published_time\" content=\"2026-04-28T12:03:47+00:00\" \/>\n<meta name=\"twitter:card\" content=\"summary_large_image\" \/>\n<meta name=\"twitter:label1\" content=\"Est. reading time\" \/>\n\t<meta name=\"twitter:data1\" content=\"11 minutos\" \/>\n<script type=\"application\/ld+json\" class=\"yoast-schema-graph\">{\"@context\":\"https:\/\/schema.org\",\"@graph\":[{\"@type\":\"Article\",\"@id\":\"https:\/\/noticiasya.com\/2026\/04\/28\/haitianos-tps-corte-suprema-previa-trax\/#article\",\"isPartOf\":{\"@id\":\"https:\/\/noticiasya.com\/2026\/04\/28\/haitianos-tps-corte-suprema-previa-trax\/\"},\"author\":{\"name\":\"\",\"@id\":\"\"},\"headline\":\"Estos inmigrantes haitianos aportan cerca de US$ 6.000 millones a la econom\u00eda. Su destino est\u00e1 en manos de la Corte Suprema\",\"datePublished\":\"2026-04-28T12:03:47+00:00\",\"mainEntityOfPage\":{\"@id\":\"https:\/\/noticiasya.com\/2026\/04\/28\/haitianos-tps-corte-suprema-previa-trax\/\"},\"wordCount\":2129,\"commentCount\":0,\"publisher\":{\"@id\":\"https:\/\/noticiasya.com\/#organization\"},\"articleSection\":[\"Noticias Nacionales\"],\"inLanguage\":\"es\",\"potentialAction\":[{\"@type\":\"CommentAction\",\"name\":\"Comment\",\"target\":[\"https:\/\/noticiasya.com\/2026\/04\/28\/haitianos-tps-corte-suprema-previa-trax\/#respond\"]}]},{\"@type\":\"WebPage\",\"@id\":\"https:\/\/noticiasya.com\/2026\/04\/28\/haitianos-tps-corte-suprema-previa-trax\/\",\"url\":\"https:\/\/noticiasya.com\/2026\/04\/28\/haitianos-tps-corte-suprema-previa-trax\/\",\"name\":\"Estos inmigrantes haitianos aportan cerca de US$ 6.000 millones a la econom\u00eda. Su destino est\u00e1 en manos de la Corte Suprema - Noticias\",\"isPartOf\":{\"@id\":\"https:\/\/noticiasya.com\/#website\"},\"datePublished\":\"2026-04-28T12:03:47+00:00\",\"breadcrumb\":{\"@id\":\"https:\/\/noticiasya.com\/2026\/04\/28\/haitianos-tps-corte-suprema-previa-trax\/#breadcrumb\"},\"inLanguage\":\"es\",\"potentialAction\":[{\"@type\":\"ReadAction\",\"target\":[\"https:\/\/noticiasya.com\/2026\/04\/28\/haitianos-tps-corte-suprema-previa-trax\/\"]}]},{\"@type\":\"BreadcrumbList\",\"@id\":\"https:\/\/noticiasya.com\/2026\/04\/28\/haitianos-tps-corte-suprema-previa-trax\/#breadcrumb\",\"itemListElement\":[{\"@type\":\"ListItem\",\"position\":1,\"name\":\"Home\",\"item\":\"https:\/\/noticiasya.com\/\"},{\"@type\":\"ListItem\",\"position\":2,\"name\":\"Estos inmigrantes haitianos aportan cerca de US$ 6.000 millones a la econom\u00eda. Su destino est\u00e1 en manos de la Corte Suprema\"}]},{\"@type\":\"WebSite\",\"@id\":\"https:\/\/noticiasya.com\/#website\",\"url\":\"https:\/\/noticiasya.com\/\",\"name\":\"Noticias\",\"description\":\"Lo que importa\",\"publisher\":{\"@id\":\"https:\/\/noticiasya.com\/#organization\"},\"potentialAction\":[{\"@type\":\"SearchAction\",\"target\":{\"@type\":\"EntryPoint\",\"urlTemplate\":\"https:\/\/noticiasya.com\/?s={search_term_string}\"},\"query-input\":{\"@type\":\"PropertyValueSpecification\",\"valueRequired\":true,\"valueName\":\"search_term_string\"}}],\"inLanguage\":\"es\"},{\"@type\":\"Organization\",\"@id\":\"https:\/\/noticiasya.com\/#organization\",\"name\":\"Noticias\",\"url\":\"https:\/\/noticiasya.com\/\",\"logo\":{\"@type\":\"ImageObject\",\"inLanguage\":\"es\",\"@id\":\"https:\/\/noticiasya.com\/#\/schema\/logo\/image\/\",\"url\":\"https:\/\/noticiasya.com\/wp-content\/uploads\/sites\/22\/2023\/12\/logo-nacional.png\",\"contentUrl\":\"https:\/\/noticiasya.com\/wp-content\/uploads\/sites\/22\/2023\/12\/logo-nacional.png\",\"width\":1801,\"height\":691,\"caption\":\"Noticias\"},\"image\":{\"@id\":\"https:\/\/noticiasya.com\/#\/schema\/logo\/image\/\"}}]}<\/script>\n<!-- \/ Yoast SEO plugin. -->","yoast_head_json":{"title":"Estos inmigrantes haitianos aportan cerca de US$ 6.000 millones a la econom\u00eda. Su destino est\u00e1 en manos de la Corte Suprema - Noticias","robots":{"index":"index","follow":"follow","max-snippet":"max-snippet:-1","max-image-preview":"max-image-preview:large","max-video-preview":"max-video-preview:-1"},"canonical":"https:\/\/noticiasya.com\/2026\/04\/28\/haitianos-tps-corte-suprema-previa-trax\/","og_locale":"es_ES","og_type":"article","og_title":"Estos inmigrantes haitianos aportan cerca de US$ 6.000 millones a la econom\u00eda. Su destino est\u00e1 en manos de la Corte Suprema - Noticias","og_description":"Es posible que Jan Gautam pronto tenga que despedir a cientos de trabajadores de decenas de hoteles en Florida. Por este motivo es que el director ejecutivo de IHRMC Hotels &#038; Resorts sigue muy de cerca un caso de inmigraci\u00f3n que se presenta ante la Corte Suprema esta semana. Los empleados son haitianos que poseen [&hellip;]","og_url":"https:\/\/noticiasya.com\/2026\/04\/28\/haitianos-tps-corte-suprema-previa-trax\/","og_site_name":"Noticias","article_published_time":"2026-04-28T12:03:47+00:00","twitter_card":"summary_large_image","twitter_misc":{"Est. reading time":"11 minutos"},"schema":{"@context":"https:\/\/schema.org","@graph":[{"@type":"Article","@id":"https:\/\/noticiasya.com\/2026\/04\/28\/haitianos-tps-corte-suprema-previa-trax\/#article","isPartOf":{"@id":"https:\/\/noticiasya.com\/2026\/04\/28\/haitianos-tps-corte-suprema-previa-trax\/"},"author":{"name":"","@id":""},"headline":"Estos inmigrantes haitianos aportan cerca de US$ 6.000 millones a la econom\u00eda. Su destino est\u00e1 en manos de la Corte Suprema","datePublished":"2026-04-28T12:03:47+00:00","mainEntityOfPage":{"@id":"https:\/\/noticiasya.com\/2026\/04\/28\/haitianos-tps-corte-suprema-previa-trax\/"},"wordCount":2129,"commentCount":0,"publisher":{"@id":"https:\/\/noticiasya.com\/#organization"},"articleSection":["Noticias Nacionales"],"inLanguage":"es","potentialAction":[{"@type":"CommentAction","name":"Comment","target":["https:\/\/noticiasya.com\/2026\/04\/28\/haitianos-tps-corte-suprema-previa-trax\/#respond"]}]},{"@type":"WebPage","@id":"https:\/\/noticiasya.com\/2026\/04\/28\/haitianos-tps-corte-suprema-previa-trax\/","url":"https:\/\/noticiasya.com\/2026\/04\/28\/haitianos-tps-corte-suprema-previa-trax\/","name":"Estos inmigrantes haitianos aportan cerca de US$ 6.000 millones a la econom\u00eda. Su destino est\u00e1 en manos de la Corte Suprema - Noticias","isPartOf":{"@id":"https:\/\/noticiasya.com\/#website"},"datePublished":"2026-04-28T12:03:47+00:00","breadcrumb":{"@id":"https:\/\/noticiasya.com\/2026\/04\/28\/haitianos-tps-corte-suprema-previa-trax\/#breadcrumb"},"inLanguage":"es","potentialAction":[{"@type":"ReadAction","target":["https:\/\/noticiasya.com\/2026\/04\/28\/haitianos-tps-corte-suprema-previa-trax\/"]}]},{"@type":"BreadcrumbList","@id":"https:\/\/noticiasya.com\/2026\/04\/28\/haitianos-tps-corte-suprema-previa-trax\/#breadcrumb","itemListElement":[{"@type":"ListItem","position":1,"name":"Home","item":"https:\/\/noticiasya.com\/"},{"@type":"ListItem","position":2,"name":"Estos inmigrantes haitianos aportan cerca de US$ 6.000 millones a la econom\u00eda. Su destino est\u00e1 en manos de la Corte Suprema"}]},{"@type":"WebSite","@id":"https:\/\/noticiasya.com\/#website","url":"https:\/\/noticiasya.com\/","name":"Noticias","description":"Lo que importa","publisher":{"@id":"https:\/\/noticiasya.com\/#organization"},"potentialAction":[{"@type":"SearchAction","target":{"@type":"EntryPoint","urlTemplate":"https:\/\/noticiasya.com\/?s={search_term_string}"},"query-input":{"@type":"PropertyValueSpecification","valueRequired":true,"valueName":"search_term_string"}}],"inLanguage":"es"},{"@type":"Organization","@id":"https:\/\/noticiasya.com\/#organization","name":"Noticias","url":"https:\/\/noticiasya.com\/","logo":{"@type":"ImageObject","inLanguage":"es","@id":"https:\/\/noticiasya.com\/#\/schema\/logo\/image\/","url":"https:\/\/noticiasya.com\/wp-content\/uploads\/sites\/22\/2023\/12\/logo-nacional.png","contentUrl":"https:\/\/noticiasya.com\/wp-content\/uploads\/sites\/22\/2023\/12\/logo-nacional.png","width":1801,"height":691,"caption":"Noticias"},"image":{"@id":"https:\/\/noticiasya.com\/#\/schema\/logo\/image\/"}}]}},"parsely":{"version":"1.1.0","canonical_url":"https:\/\/noticiasya.com\/san-diego\/2026\/04\/28\/haitianos-tps-corte-suprema-previa-trax\/","smart_links":{"inbound":0,"outbound":0},"traffic_boost_suggestions_count":0,"meta":{"@context":"https:\/\/schema.org","@type":"NewsArticle","headline":"Estos inmigrantes haitianos aportan cerca de US$ 6.000 millones a la econom\u00eda. Su destino est\u00e1 en manos de la Corte Suprema","url":"http:\/\/noticiasya.com\/san-diego\/2026\/04\/28\/haitianos-tps-corte-suprema-previa-trax\/","mainEntityOfPage":{"@type":"WebPage","@id":"http:\/\/noticiasya.com\/san-diego\/2026\/04\/28\/haitianos-tps-corte-suprema-previa-trax\/"},"thumbnailUrl":"","image":{"@type":"ImageObject","url":""},"articleSection":"Noticias Nacionales","author":[],"creator":[],"publisher":{"@type":"Organization","name":"Noticias","logo":""},"keywords":[],"dateCreated":"2026-04-28T12:03:47Z","datePublished":"2026-04-28T12:03:47Z","dateModified":"2026-04-28T12:03:47Z"},"rendered":"<script type=\"application\/ld+json\" class=\"wp-parsely-metadata\">{\"@context\":\"https:\\\/\\\/schema.org\",\"@type\":\"NewsArticle\",\"headline\":\"Estos inmigrantes haitianos aportan cerca de US$ 6.000 millones a la econom\\u00eda. Su destino est\\u00e1 en manos de la Corte Suprema\",\"url\":\"http:\\\/\\\/noticiasya.com\\\/san-diego\\\/2026\\\/04\\\/28\\\/haitianos-tps-corte-suprema-previa-trax\\\/\",\"mainEntityOfPage\":{\"@type\":\"WebPage\",\"@id\":\"http:\\\/\\\/noticiasya.com\\\/san-diego\\\/2026\\\/04\\\/28\\\/haitianos-tps-corte-suprema-previa-trax\\\/\"},\"thumbnailUrl\":\"\",\"image\":{\"@type\":\"ImageObject\",\"url\":\"\"},\"articleSection\":\"Noticias Nacionales\",\"author\":[],\"creator\":[],\"publisher\":{\"@type\":\"Organization\",\"name\":\"Noticias\",\"logo\":\"\"},\"keywords\":[],\"dateCreated\":\"2026-04-28T12:03:47Z\",\"datePublished\":\"2026-04-28T12:03:47Z\",\"dateModified\":\"2026-04-28T12:03:47Z\"}<\/script>","tracker_url":"https:\/\/cdn.parsely.com\/keys\/noticiasya.com\/p.js"},"jetpack_featured_media_url":"","jetpack-related-posts":[{"id":1472252,"url":"https:\/\/noticiasya.com\/san-diego\/2026\/03\/16\/corte-suprema-revisara-tps-migrantes-haiti-siria-trax\/","url_meta":{"origin":1473558,"position":0},"title":"La Corte Suprema revisar\u00e1 el intento de Trump de acabar el TPS para inmigrantes de Hait\u00ed y Siria","author":"","date":"marzo 16, 2026","format":false,"excerpt":"La Corte Suprema anunci\u00f3 este lunes que decidir\u00e1 si el presidente Donald Trump puede terminar las protecciones temporales contra la deportaci\u00f3n para cientos de miles de ciudadanos extranjeros, y acept\u00f3 escuchar argumentos el pr\u00f3ximo mes sobre un asunto que ha sido central en la agenda migratoria del Gobierno.La decisi\u00f3n se\u2026","rel":"","context":"In &quot;Noticias Nacionales&quot;","block_context":{"text":"Noticias Nacionales","link":"https:\/\/noticiasya.com\/san-diego\/categoria\/noticias-nacionales"},"img":{"alt_text":"","src":"","width":0,"height":0},"classes":[]},{"id":1473622,"url":"https:\/\/noticiasya.com\/san-diego\/2026\/04\/29\/influira-retorica-antiinmigrante-trump-corte-suprema-trax\/","url_meta":{"origin":1473558,"position":1},"title":"\u00bfInfluir\u00e1 la ret\u00f3rica antiinmigrante de Trump en la decisi\u00f3n de la Corte Suprema de Justicia de EE.UU.?","author":"","date":"abril 29, 2026","format":false,"excerpt":"Hace ocho a\u00f1os, en la primera batalla importante en la Corte Suprema de Justicia de EE.UU. sobre una pol\u00edtica de Donald Trump, los magistrados desestimaron la ret\u00f3rica antimusulmana del presidente y confirmaron la prohibici\u00f3n de viaje a pa\u00edses de mayor\u00eda musulmana.Ahora, los abogados de Trump invocan esta decisi\u00f3n judicial para\u2026","rel":"","context":"In &quot;Noticias Nacionales&quot;","block_context":{"text":"Noticias Nacionales","link":"https:\/\/noticiasya.com\/san-diego\/categoria\/noticias-nacionales"},"img":{"alt_text":"","src":"","width":0,"height":0},"classes":[]},{"id":1462134,"url":"https:\/\/noticiasya.com\/san-diego\/2025\/05\/08\/gobierno-trump-corte-suprema-poner-fin-parole-cubanos-venezolanos-haitianos-nicaraguenses-trax\/","url_meta":{"origin":1473558,"position":2},"title":"Gobierno de Trump pide a la Corte Suprema que le permita poner fin al &#8216;parole&#8217; para cubanos, venezolanos y haitianos","author":"","date":"mayo 8, 2025","format":false,"excerpt":"El Gobierno del presidente de Estados Unidos, Donald Trump, inst\u00f3 este jueves a la Corte Suprema a que le permita poner fin a un programa de permanencia temporal (tambi\u00e9n cnocido como \u2018parole\u2019) del Gobierno de Joe Biden que permite a ciudadanos de Cuba, Hait\u00ed, Nicaragua y Venezuela vivir y trabajar\u2026","rel":"","context":"In &quot;Noticias Nacionales&quot;","block_context":{"text":"Noticias Nacionales","link":"https:\/\/noticiasya.com\/san-diego\/categoria\/noticias-nacionales"},"img":{"alt_text":"","src":"","width":0,"height":0},"classes":[]},{"id":1467621,"url":"https:\/\/noticiasya.com\/san-diego\/2025\/10\/22\/trump-fallo-favorable-guardia-nacional-oregon-corte-suprema-chicago-trax\/","url_meta":{"origin":1473558,"position":3},"title":"Trump destaca fallo favorable sobre la Guardia Nacional en Oregon mientras la Corte Suprema eval\u00faa su despliegue en Chicago","author":"","date":"octubre 22, 2025","format":false,"excerpt":"El presidente Donald Trump se apoya en un nuevo fallo de un tribunal de apelaciones que respald\u00f3 su despliegue de la Guardia Nacional en Portland, Oregon, mientras insta a la Corte Suprema de Justicia a permitir que su administraci\u00f3n lleve a cabo un esfuerzo similar en Chicago.Al describir a quienes\u2026","rel":"","context":"In &quot;Noticias Nacionales&quot;","block_context":{"text":"Noticias Nacionales","link":"https:\/\/noticiasya.com\/san-diego\/categoria\/noticias-nacionales"},"img":{"alt_text":"","src":"","width":0,"height":0},"classes":[]},{"id":1472503,"url":"https:\/\/noticiasya.com\/san-diego\/2026\/03\/24\/corte-suprema-examinara-politica-asilo-frontera-sur-trax\/","url_meta":{"origin":1473558,"position":4},"title":"La Corte Suprema examinar\u00e1 una antigua pol\u00edtica que permit\u00eda rechazar a los solicitantes de asilo en la frontera sur","author":"","date":"marzo 24, 2026","format":false,"excerpt":"La Corte Suprema examinar\u00e1 este martes la legalidad de una pol\u00edtica impulsada por el presidente Donald Trump durante su primer mandato que impidi\u00f3 que un gran n\u00famero de migrantes que llegaban a la frontera sur iniciaran el proceso de solicitud de asilo.La pol\u00edtica fue originalmente presentada bajo la presidencia de\u2026","rel":"","context":"In &quot;Noticias Nacionales&quot;","block_context":{"text":"Noticias Nacionales","link":"https:\/\/noticiasya.com\/san-diego\/categoria\/noticias-nacionales"},"img":{"alt_text":"","src":"","width":0,"height":0},"classes":[]},{"id":1468133,"url":"https:\/\/noticiasya.com\/san-diego\/2025\/11\/07\/trump-pide-corte-suprema-cupones-snap-trax\/","url_meta":{"origin":1473558,"position":5},"title":"Trump pide a la Corte Suprema intervenir en la disputa sobre financiamiento de cupones de alimentos de SNAP","author":"","date":"noviembre 7, 2025","format":false,"excerpt":"El presidente Donald Trump pidi\u00f3 este viernes por la noche a la Corte Suprema que bloquee una decisi\u00f3n de un tribunal inferior que requer\u00eda que el Gobierno cubriera completamente los beneficios de cupones de alimentos para decenas de millones de estadounidenses en noviembre.La solicitud de emergencia a los jueces lleg\u00f3\u2026","rel":"","context":"In &quot;Noticias Nacionales&quot;","block_context":{"text":"Noticias Nacionales","link":"https:\/\/noticiasya.com\/san-diego\/categoria\/noticias-nacionales"},"img":{"alt_text":"","src":"","width":0,"height":0},"classes":[]}],"jetpack_sharing_enabled":true,"_links":{"self":[{"href":"https:\/\/noticiasya.com\/san-diego\/wp-json\/wp\/v2\/posts\/1473558","targetHints":{"allow":["GET"]}}],"collection":[{"href":"https:\/\/noticiasya.com\/san-diego\/wp-json\/wp\/v2\/posts"}],"about":[{"href":"https:\/\/noticiasya.com\/san-diego\/wp-json\/wp\/v2\/types\/post"}],"replies":[{"embeddable":true,"href":"https:\/\/noticiasya.com\/san-diego\/wp-json\/wp\/v2\/comments?post=1473558"}],"version-history":[{"count":0,"href":"https:\/\/noticiasya.com\/san-diego\/wp-json\/wp\/v2\/posts\/1473558\/revisions"}],"wp:attachment":[{"href":"https:\/\/noticiasya.com\/san-diego\/wp-json\/wp\/v2\/media?parent=1473558"}],"wp:term":[{"taxonomy":"category","embeddable":true,"href":"https:\/\/noticiasya.com\/san-diego\/wp-json\/wp\/v2\/categories?post=1473558"},{"taxonomy":"post_tag","embeddable":true,"href":"https:\/\/noticiasya.com\/san-diego\/wp-json\/wp\/v2\/tags?post=1473558"}],"curies":[{"name":"wp","href":"https:\/\/api.w.org\/{rel}","templated":true}]}}