{"id":1473561,"date":"2026-04-28T07:03:48","date_gmt":"2026-04-28T14:03:48","guid":{"rendered":"https:\/\/noticiasya.com\/2026\/04\/28\/eeuu-bolivia-acuerdo-minerales-criticos-litio-orix\/"},"modified":"2026-04-28T07:03:48","modified_gmt":"2026-04-28T14:03:48","slug":"eeuu-bolivia-acuerdo-minerales-criticos-litio-orix","status":"publish","type":"post","link":"https:\/\/noticiasya.com\/san-diego\/2026\/04\/28\/eeuu-bolivia-acuerdo-minerales-criticos-litio-orix\/","title":{"rendered":"EE.UU. anuncia un acuerdo con Bolivia sobre minerales cr\u00edticos como el litio"},"content":{"rendered":"<p>Estados Unidos y Bolivia firmaron este lunes un memorando de entendimiento sobre minerales cr\u00edticos, con la promesa de atraer m\u00e1s inversiones al sector, seg\u00fan inform\u00f3 el Departamento de Estado de EE.UU.<\/p>\n<p>La embajada estadounidense en Bolivia inform\u00f3 <a href=\"https:\/\/x.com\/EmbEUAenBolivia\/status\/2048873532667666754\">en X<\/a> que el documento fue firmado por el subsecretario para Asuntos Econ\u00f3micos, Energ\u00e9ticos y Empresariales, Caleb Orr, y el ministro de Miner\u00eda de Bolivia, Marco Antonio Calder\u00f3n de la Barca.<\/p>\n<p>Por el momento, el Gobierno de Bolivia no se ha pronunciado al respecto. CNN env\u00edo una consulta al Ministerio de Miner\u00eda y Metalurgia, que tiene programada una conferencia el jueves para una rendici\u00f3n de cuentas inicial de la gesti\u00f3n.<\/p>\n<p>\u201cEstados Unidos est\u00e1 comprometido a trabajar con Bolivia bajo el liderazgo del Presidente Paz para atraer inversiones que impulsen la prosperidad tanto en Estados Unidos como en Bolivia y aseguren las cadenas de suministro de minerales cr\u00edticos\u201d, dijo el comunicado de la Oficina de Asuntos Econ\u00f3micos estadounidense.<\/p>\n<p>Los minerales cr\u00edticos son fundamentales para la fabricaci\u00f3n de dispositivos electr\u00f3nicos, por lo que en los \u00faltimos a\u00f1os adquirieron una importancia estrat\u00e9gica.<\/p>\n<p>Bolivia cuenta con una de las mayores reservas estimadas de litio a nivel mundial, con alrededor de 23 millones de toneladas seg\u00fan c\u00e1lculos del Gobierno, aunque su producci\u00f3n es considerablemente menor que la de sus vecinos Argentina y Chile. <a href=\"https:\/\/cnnespanol.cnn.com\/2025\/10\/20\/latinoamerica\/bolivia-litio-promesa-maldicion-recursos-orix\">Expertos consultados por CNN<\/a> explicaron que la falta de inversi\u00f3n y de un plan estrat\u00e9gico han frenado los avances en el sector.<\/p>\n<p>H\u00e9ctor C\u00f3rdova, analista minero de la Fundaci\u00f3n Jubileo y expresidente de la estatal Corporaci\u00f3n Minera de Bolivia, dijo a CNN que el anuncio era esperado desde febrero, cuando el Gobierno de EE.UU. organiz\u00f3 una reuni\u00f3n ministerial sobre minerales cr\u00edticos y <a href=\"https:\/\/www.state.gov\/releases\/office-of-the-spokesperson\/2026\/02\/2026-critical-minerals-ministerial\">anunci\u00f3<\/a> varios acuerdos bilaterales, pero no con el pa\u00eds altipl\u00e1nico. \u201cMuchos pa\u00edses salieron con acuerdos de inversiones, de mercados, de desarrollo de capacidades, pens\u00e9 que Bolivia iba a venir con algo. Como no se dio en ese momento, era inminente que se diera en el futuro cercano\u201d, indic\u00f3.<\/p>\n<p>El presidente Rodrigo Paz, que asumi\u00f3 en noviembre, dijo en campa\u00f1a que es prioritario que el pa\u00eds cuente con una Ley del Litio. El Gobierno de su antecesor, Luis Arce, firm\u00f3 contratos con empresas de Rusia, China e India para la extracci\u00f3n del litio, pero los acuerdos no fueron aprobados por el Congreso.<\/p>\n<p>Paz, que se ha mostrado m\u00e1s cerca de Estados Unidos que de otras potencias en un giro clave para la pol\u00edtica exterior del pa\u00eds, ha dicho que esos documentos deben transparentarse.<\/p>\n<p>The-CNN-Wire<br \/>&trade; &amp; &copy; 2026 Cable News Network, Inc., a Warner Bros. Discovery Company. All rights reserved.<\/p>\n","protected":false},"excerpt":{"rendered":"<p>Estados Unidos y Bolivia firmaron este lunes un memorando de entendimiento sobre minerales cr\u00edticos, con la promesa de atraer m\u00e1s inversiones al sector, seg\u00fan inform\u00f3 el Departamento de Estado de EE.UU. La embajada estadounidense en Bolivia inform\u00f3 en X que el documento fue firmado por el subsecretario para Asuntos Econ\u00f3micos, Energ\u00e9ticos y Empresariales, Caleb Orr, [&hellip;]<\/p>\n","protected":false},"author":0,"featured_media":0,"comment_status":"open","ping_status":"open","sticky":false,"template":"","format":"standard","meta":{"_jetpack_memberships_contains_paid_content":false,"footnotes":""},"categories":[10],"tags":[],"class_list":["post-1473561","post","type-post","status-publish","format-standard","hentry","category-noticias-nacionales","market-global"],"yoast_head":"<!-- This site is optimized with the Yoast SEO plugin v24.4 - https:\/\/yoast.com\/wordpress\/plugins\/seo\/ -->\n<title>EE.UU. anuncia un acuerdo con Bolivia sobre minerales cr\u00edticos como el litio - Noticias<\/title>\n<meta name=\"robots\" content=\"index, follow, max-snippet:-1, max-image-preview:large, max-video-preview:-1\" \/>\n<link rel=\"canonical\" href=\"https:\/\/noticiasya.com\/2026\/04\/28\/eeuu-bolivia-acuerdo-minerales-criticos-litio-orix\/\" \/>\n<meta property=\"og:locale\" content=\"es_ES\" \/>\n<meta property=\"og:type\" content=\"article\" \/>\n<meta property=\"og:title\" content=\"EE.UU. anuncia un acuerdo con Bolivia sobre minerales cr\u00edticos como el litio - Noticias\" \/>\n<meta property=\"og:description\" content=\"Estados Unidos y Bolivia firmaron este lunes un memorando de entendimiento sobre minerales cr\u00edticos, con la promesa de atraer m\u00e1s inversiones al sector, seg\u00fan inform\u00f3 el Departamento de Estado de EE.UU. La embajada estadounidense en Bolivia inform\u00f3 en X que el documento fue firmado por el subsecretario para Asuntos Econ\u00f3micos, Energ\u00e9ticos y Empresariales, Caleb Orr, [&hellip;]\" \/>\n<meta property=\"og:url\" content=\"https:\/\/noticiasya.com\/2026\/04\/28\/eeuu-bolivia-acuerdo-minerales-criticos-litio-orix\/\" \/>\n<meta property=\"og:site_name\" content=\"Noticias\" \/>\n<meta property=\"article:published_time\" content=\"2026-04-28T14:03:48+00:00\" \/>\n<meta name=\"twitter:card\" content=\"summary_large_image\" \/>\n<meta name=\"twitter:label1\" content=\"Est. reading time\" \/>\n\t<meta name=\"twitter:data1\" content=\"2 minutos\" \/>\n<script type=\"application\/ld+json\" class=\"yoast-schema-graph\">{\"@context\":\"https:\/\/schema.org\",\"@graph\":[{\"@type\":\"Article\",\"@id\":\"https:\/\/noticiasya.com\/2026\/04\/28\/eeuu-bolivia-acuerdo-minerales-criticos-litio-orix\/#article\",\"isPartOf\":{\"@id\":\"https:\/\/noticiasya.com\/2026\/04\/28\/eeuu-bolivia-acuerdo-minerales-criticos-litio-orix\/\"},\"author\":{\"name\":\"\",\"@id\":\"\"},\"headline\":\"EE.UU. anuncia un acuerdo con Bolivia sobre minerales cr\u00edticos como el litio\",\"datePublished\":\"2026-04-28T14:03:48+00:00\",\"mainEntityOfPage\":{\"@id\":\"https:\/\/noticiasya.com\/2026\/04\/28\/eeuu-bolivia-acuerdo-minerales-criticos-litio-orix\/\"},\"wordCount\":478,\"commentCount\":0,\"publisher\":{\"@id\":\"https:\/\/noticiasya.com\/#organization\"},\"articleSection\":[\"Noticias Nacionales\"],\"inLanguage\":\"es\",\"potentialAction\":[{\"@type\":\"CommentAction\",\"name\":\"Comment\",\"target\":[\"https:\/\/noticiasya.com\/2026\/04\/28\/eeuu-bolivia-acuerdo-minerales-criticos-litio-orix\/#respond\"]}]},{\"@type\":\"WebPage\",\"@id\":\"https:\/\/noticiasya.com\/2026\/04\/28\/eeuu-bolivia-acuerdo-minerales-criticos-litio-orix\/\",\"url\":\"https:\/\/noticiasya.com\/2026\/04\/28\/eeuu-bolivia-acuerdo-minerales-criticos-litio-orix\/\",\"name\":\"EE.UU. anuncia un acuerdo con Bolivia sobre minerales cr\u00edticos como el litio - Noticias\",\"isPartOf\":{\"@id\":\"https:\/\/noticiasya.com\/#website\"},\"datePublished\":\"2026-04-28T14:03:48+00:00\",\"breadcrumb\":{\"@id\":\"https:\/\/noticiasya.com\/2026\/04\/28\/eeuu-bolivia-acuerdo-minerales-criticos-litio-orix\/#breadcrumb\"},\"inLanguage\":\"es\",\"potentialAction\":[{\"@type\":\"ReadAction\",\"target\":[\"https:\/\/noticiasya.com\/2026\/04\/28\/eeuu-bolivia-acuerdo-minerales-criticos-litio-orix\/\"]}]},{\"@type\":\"BreadcrumbList\",\"@id\":\"https:\/\/noticiasya.com\/2026\/04\/28\/eeuu-bolivia-acuerdo-minerales-criticos-litio-orix\/#breadcrumb\",\"itemListElement\":[{\"@type\":\"ListItem\",\"position\":1,\"name\":\"Home\",\"item\":\"https:\/\/noticiasya.com\/\"},{\"@type\":\"ListItem\",\"position\":2,\"name\":\"EE.UU. anuncia un acuerdo con Bolivia sobre minerales cr\u00edticos como el litio\"}]},{\"@type\":\"WebSite\",\"@id\":\"https:\/\/noticiasya.com\/#website\",\"url\":\"https:\/\/noticiasya.com\/\",\"name\":\"Noticias\",\"description\":\"Lo que importa\",\"publisher\":{\"@id\":\"https:\/\/noticiasya.com\/#organization\"},\"potentialAction\":[{\"@type\":\"SearchAction\",\"target\":{\"@type\":\"EntryPoint\",\"urlTemplate\":\"https:\/\/noticiasya.com\/?s={search_term_string}\"},\"query-input\":{\"@type\":\"PropertyValueSpecification\",\"valueRequired\":true,\"valueName\":\"search_term_string\"}}],\"inLanguage\":\"es\"},{\"@type\":\"Organization\",\"@id\":\"https:\/\/noticiasya.com\/#organization\",\"name\":\"Noticias\",\"url\":\"https:\/\/noticiasya.com\/\",\"logo\":{\"@type\":\"ImageObject\",\"inLanguage\":\"es\",\"@id\":\"https:\/\/noticiasya.com\/#\/schema\/logo\/image\/\",\"url\":\"https:\/\/noticiasya.com\/wp-content\/uploads\/sites\/22\/2023\/12\/logo-nacional.png\",\"contentUrl\":\"https:\/\/noticiasya.com\/wp-content\/uploads\/sites\/22\/2023\/12\/logo-nacional.png\",\"width\":1801,\"height\":691,\"caption\":\"Noticias\"},\"image\":{\"@id\":\"https:\/\/noticiasya.com\/#\/schema\/logo\/image\/\"}}]}<\/script>\n<!-- \/ Yoast SEO plugin. -->","yoast_head_json":{"title":"EE.UU. anuncia un acuerdo con Bolivia sobre minerales cr\u00edticos como el litio - Noticias","robots":{"index":"index","follow":"follow","max-snippet":"max-snippet:-1","max-image-preview":"max-image-preview:large","max-video-preview":"max-video-preview:-1"},"canonical":"https:\/\/noticiasya.com\/2026\/04\/28\/eeuu-bolivia-acuerdo-minerales-criticos-litio-orix\/","og_locale":"es_ES","og_type":"article","og_title":"EE.UU. anuncia un acuerdo con Bolivia sobre minerales cr\u00edticos como el litio - Noticias","og_description":"Estados Unidos y Bolivia firmaron este lunes un memorando de entendimiento sobre minerales cr\u00edticos, con la promesa de atraer m\u00e1s inversiones al sector, seg\u00fan inform\u00f3 el Departamento de Estado de EE.UU. La embajada estadounidense en Bolivia inform\u00f3 en X que el documento fue firmado por el subsecretario para Asuntos Econ\u00f3micos, Energ\u00e9ticos y Empresariales, Caleb Orr, [&hellip;]","og_url":"https:\/\/noticiasya.com\/2026\/04\/28\/eeuu-bolivia-acuerdo-minerales-criticos-litio-orix\/","og_site_name":"Noticias","article_published_time":"2026-04-28T14:03:48+00:00","twitter_card":"summary_large_image","twitter_misc":{"Est. reading time":"2 minutos"},"schema":{"@context":"https:\/\/schema.org","@graph":[{"@type":"Article","@id":"https:\/\/noticiasya.com\/2026\/04\/28\/eeuu-bolivia-acuerdo-minerales-criticos-litio-orix\/#article","isPartOf":{"@id":"https:\/\/noticiasya.com\/2026\/04\/28\/eeuu-bolivia-acuerdo-minerales-criticos-litio-orix\/"},"author":{"name":"","@id":""},"headline":"EE.UU. anuncia un acuerdo con Bolivia sobre minerales cr\u00edticos como el litio","datePublished":"2026-04-28T14:03:48+00:00","mainEntityOfPage":{"@id":"https:\/\/noticiasya.com\/2026\/04\/28\/eeuu-bolivia-acuerdo-minerales-criticos-litio-orix\/"},"wordCount":478,"commentCount":0,"publisher":{"@id":"https:\/\/noticiasya.com\/#organization"},"articleSection":["Noticias Nacionales"],"inLanguage":"es","potentialAction":[{"@type":"CommentAction","name":"Comment","target":["https:\/\/noticiasya.com\/2026\/04\/28\/eeuu-bolivia-acuerdo-minerales-criticos-litio-orix\/#respond"]}]},{"@type":"WebPage","@id":"https:\/\/noticiasya.com\/2026\/04\/28\/eeuu-bolivia-acuerdo-minerales-criticos-litio-orix\/","url":"https:\/\/noticiasya.com\/2026\/04\/28\/eeuu-bolivia-acuerdo-minerales-criticos-litio-orix\/","name":"EE.UU. anuncia un acuerdo con Bolivia sobre minerales cr\u00edticos como el litio - Noticias","isPartOf":{"@id":"https:\/\/noticiasya.com\/#website"},"datePublished":"2026-04-28T14:03:48+00:00","breadcrumb":{"@id":"https:\/\/noticiasya.com\/2026\/04\/28\/eeuu-bolivia-acuerdo-minerales-criticos-litio-orix\/#breadcrumb"},"inLanguage":"es","potentialAction":[{"@type":"ReadAction","target":["https:\/\/noticiasya.com\/2026\/04\/28\/eeuu-bolivia-acuerdo-minerales-criticos-litio-orix\/"]}]},{"@type":"BreadcrumbList","@id":"https:\/\/noticiasya.com\/2026\/04\/28\/eeuu-bolivia-acuerdo-minerales-criticos-litio-orix\/#breadcrumb","itemListElement":[{"@type":"ListItem","position":1,"name":"Home","item":"https:\/\/noticiasya.com\/"},{"@type":"ListItem","position":2,"name":"EE.UU. anuncia un acuerdo con Bolivia sobre minerales cr\u00edticos como el litio"}]},{"@type":"WebSite","@id":"https:\/\/noticiasya.com\/#website","url":"https:\/\/noticiasya.com\/","name":"Noticias","description":"Lo que importa","publisher":{"@id":"https:\/\/noticiasya.com\/#organization"},"potentialAction":[{"@type":"SearchAction","target":{"@type":"EntryPoint","urlTemplate":"https:\/\/noticiasya.com\/?s={search_term_string}"},"query-input":{"@type":"PropertyValueSpecification","valueRequired":true,"valueName":"search_term_string"}}],"inLanguage":"es"},{"@type":"Organization","@id":"https:\/\/noticiasya.com\/#organization","name":"Noticias","url":"https:\/\/noticiasya.com\/","logo":{"@type":"ImageObject","inLanguage":"es","@id":"https:\/\/noticiasya.com\/#\/schema\/logo\/image\/","url":"https:\/\/noticiasya.com\/wp-content\/uploads\/sites\/22\/2023\/12\/logo-nacional.png","contentUrl":"https:\/\/noticiasya.com\/wp-content\/uploads\/sites\/22\/2023\/12\/logo-nacional.png","width":1801,"height":691,"caption":"Noticias"},"image":{"@id":"https:\/\/noticiasya.com\/#\/schema\/logo\/image\/"}}]}},"parsely":{"version":"1.1.0","canonical_url":"https:\/\/noticiasya.com\/san-diego\/2026\/04\/28\/eeuu-bolivia-acuerdo-minerales-criticos-litio-orix\/","smart_links":{"inbound":0,"outbound":0},"traffic_boost_suggestions_count":0,"meta":{"@context":"https:\/\/schema.org","@type":"NewsArticle","headline":"EE.UU. anuncia un acuerdo con Bolivia sobre minerales cr\u00edticos como el litio","url":"http:\/\/noticiasya.com\/san-diego\/2026\/04\/28\/eeuu-bolivia-acuerdo-minerales-criticos-litio-orix\/","mainEntityOfPage":{"@type":"WebPage","@id":"http:\/\/noticiasya.com\/san-diego\/2026\/04\/28\/eeuu-bolivia-acuerdo-minerales-criticos-litio-orix\/"},"thumbnailUrl":"","image":{"@type":"ImageObject","url":""},"articleSection":"Noticias Nacionales","author":[],"creator":[],"publisher":{"@type":"Organization","name":"Noticias","logo":""},"keywords":[],"dateCreated":"2026-04-28T14:03:48Z","datePublished":"2026-04-28T14:03:48Z","dateModified":"2026-04-28T14:03:48Z"},"rendered":"<script type=\"application\/ld+json\" class=\"wp-parsely-metadata\">{\"@context\":\"https:\\\/\\\/schema.org\",\"@type\":\"NewsArticle\",\"headline\":\"EE.UU. anuncia un acuerdo con Bolivia sobre minerales cr\\u00edticos como el litio\",\"url\":\"http:\\\/\\\/noticiasya.com\\\/san-diego\\\/2026\\\/04\\\/28\\\/eeuu-bolivia-acuerdo-minerales-criticos-litio-orix\\\/\",\"mainEntityOfPage\":{\"@type\":\"WebPage\",\"@id\":\"http:\\\/\\\/noticiasya.com\\\/san-diego\\\/2026\\\/04\\\/28\\\/eeuu-bolivia-acuerdo-minerales-criticos-litio-orix\\\/\"},\"thumbnailUrl\":\"\",\"image\":{\"@type\":\"ImageObject\",\"url\":\"\"},\"articleSection\":\"Noticias Nacionales\",\"author\":[],\"creator\":[],\"publisher\":{\"@type\":\"Organization\",\"name\":\"Noticias\",\"logo\":\"\"},\"keywords\":[],\"dateCreated\":\"2026-04-28T14:03:48Z\",\"datePublished\":\"2026-04-28T14:03:48Z\",\"dateModified\":\"2026-04-28T14:03:48Z\"}<\/script>","tracker_url":"https:\/\/cdn.parsely.com\/keys\/noticiasya.com\/p.js"},"jetpack_featured_media_url":"","jetpack-related-posts":[{"id":1465371,"url":"https:\/\/noticiasya.com\/san-diego\/2025\/08\/10\/tuto-quiroga-entrevista-cnn-estabilizar-economia-bolivia-orix\/","url_meta":{"origin":1473561,"position":0},"title":"&#171;Motosierra, machete y tijera&#187;: el plan de &#171;Tuto&#187; Quiroga para estabilizar la econom\u00eda de Bolivia","author":"","date":"agosto 10, 2025","format":false,"excerpt":"El expresidente de Bolivia, Jorge \u201cTuto\u201d Quiroga, es uno de los principales contendientes en las elecciones nacionales.En una entrevista grabada el pasado lunes para Oppenheimer Presenta de CNN, fue contundente en las definiciones sobre su eventual pol\u00edtica exterior: romper\u00eda relaciones con Venezuela, Cuba e Ir\u00e1n.Sin embargo, admiti\u00f3 que analizar\u00eda la\u2026","rel":"","context":"In &quot;Noticias Nacionales&quot;","block_context":{"text":"Noticias Nacionales","link":"https:\/\/noticiasya.com\/san-diego\/categoria\/noticias-nacionales"},"img":{"alt_text":"","src":"","width":0,"height":0},"classes":[]},{"id":1461596,"url":"https:\/\/noticiasya.com\/san-diego\/2025\/04\/24\/mineros-gobierno-bolivia-dialogan-precio-combustibles-orix\/","url_meta":{"origin":1473561,"position":1},"title":"Mineros y Gobierno de Bolivia dialogan tras protestas por el precio de los combustibles","author":"","date":"abril 24, 2025","format":false,"excerpt":"Organizaciones mineras y altos funcionarios del Gobierno de Bolivia dialogaron a puerta cerrada este jueves, un d\u00eda despu\u00e9s de que mineros y representantes de otros sectores protestaron en La Paz por el precio de los combustibles, reportaron la televisora estatal Bolivia TV y la tambi\u00e9n estatal Agencia Boliviana de Informaci\u00f3n\u2026","rel":"","context":"In &quot;Noticias Nacionales&quot;","block_context":{"text":"Noticias Nacionales","link":"https:\/\/noticiasya.com\/san-diego\/categoria\/noticias-nacionales"},"img":{"alt_text":"","src":"","width":0,"height":0},"classes":[]},{"id":1469391,"url":"https:\/\/noticiasya.com\/san-diego\/2025\/12\/18\/rodrigo-paz-bolivia-subsidio-combustible-salario-minimo-orix\/","url_meta":{"origin":1473561,"position":2},"title":"Rodrigo Paz retira la subvenci\u00f3n a combustibles y sube el salario m\u00ednimo en Bolivia, medidas &#171;aplaudidas&#187; por EE.UU.","author":"","date":"diciembre 18, 2025","format":false,"excerpt":"El presidente de Bolivia, Rodrigo Paz, declar\u00f3 este mi\u00e9rcoles una \u201cemergencia econ\u00f3mica y social\u201d y anunci\u00f3 una serie de medidas destinadas a afrontar la crisis. Entre otras, la quita de la subvenci\u00f3n de los combustibles y el incremento del salario m\u00ednimo nacional. Estas medidas fueron celebradas por el secretario de\u2026","rel":"","context":"In &quot;Noticias Nacionales&quot;","block_context":{"text":"Noticias Nacionales","link":"https:\/\/noticiasya.com\/san-diego\/categoria\/noticias-nacionales"},"img":{"alt_text":"","src":"","width":0,"height":0},"classes":[]},{"id":1465077,"url":"https:\/\/noticiasya.com\/san-diego\/2025\/08\/02\/cinco-mineros-mueren-derrumbe-potosi-bolivia-orix\/","url_meta":{"origin":1473561,"position":3},"title":"Cinco mineros mueren tras un derrumbe en Potos\u00ed, en el suroeste de Bolivia","author":"","date":"agosto 2, 2025","format":false,"excerpt":"Cinco mineros murieron tras un derrumbe registrado en una mina de oro en el departamento de Potos\u00ed, en el suroeste de Bolivia, dijo este s\u00e1bado el comandante departamental de la Polic\u00eda, Fernando Ben\u00edtez, a la televisora estatal Bolivia TV.Dos de los fallecidos ya fueron identificados, se\u00f1al\u00f3 Ben\u00edtez, y agreg\u00f3 que\u2026","rel":"","context":"In &quot;Noticias Nacionales&quot;","block_context":{"text":"Noticias Nacionales","link":"https:\/\/noticiasya.com\/san-diego\/categoria\/noticias-nacionales"},"img":{"alt_text":"","src":"","width":0,"height":0},"classes":[]},{"id":1465693,"url":"https:\/\/noticiasya.com\/san-diego\/2025\/08\/20\/bolivia-iran-vinculos-elecciones-orix\/","url_meta":{"origin":1473561,"position":4},"title":"\u00bfEl fin del eje La Paz-Teher\u00e1n? No importa qui\u00e9n gane las elecciones en Bolivia, la relaci\u00f3n con Ir\u00e1n no ser\u00e1 la misma","author":"","date":"agosto 20, 2025","format":false,"excerpt":"Pase lo que pase el pr\u00f3ximo 19 de octubre, cuando se celebre la segunda vuelta electoral, Bolivia ya no ser\u00e1 la misma y los efectos de este cambio podr\u00edan sentirse en lugares tan remotos como la Rep\u00fablica Isl\u00e1mica de Ir\u00e1n, con quien el pa\u00eds tiene una estrecha relaci\u00f3n de la\u2026","rel":"","context":"In &quot;Noticias Nacionales&quot;","block_context":{"text":"Noticias Nacionales","link":"https:\/\/noticiasya.com\/san-diego\/categoria\/noticias-nacionales"},"img":{"alt_text":"","src":"","width":0,"height":0},"classes":[]},{"id":1472014,"url":"https:\/\/noticiasya.com\/san-diego\/2026\/03\/09\/mineria-venezuela-ley-recursos-delcy-trump-orix\/","url_meta":{"origin":1473561,"position":5},"title":"Venezuela abre el debate de la ley de miner\u00eda, clave en la relaci\u00f3n de Rodr\u00edguez con Trump. \u00bfQu\u00e9 recursos tiene el pa\u00eds?","author":"","date":"marzo 9, 2026","format":false,"excerpt":"Apenas tres d\u00edas despu\u00e9s de que el secretario del Interior de Estados Unidos, Doug Burgum, dijera, desde Caracas, que el Gobierno de Delcy Rodr\u00edguez asegur\u00f3 garantizar la seguridad de las empresas mineras interesadas en invertir o regresar a Venezuela, la Asamblea Nacional anunci\u00f3 este lunes la primera discusi\u00f3n de la\u2026","rel":"","context":"In &quot;Noticias Nacionales&quot;","block_context":{"text":"Noticias Nacionales","link":"https:\/\/noticiasya.com\/san-diego\/categoria\/noticias-nacionales"},"img":{"alt_text":"","src":"","width":0,"height":0},"classes":[]}],"jetpack_sharing_enabled":true,"_links":{"self":[{"href":"https:\/\/noticiasya.com\/san-diego\/wp-json\/wp\/v2\/posts\/1473561","targetHints":{"allow":["GET"]}}],"collection":[{"href":"https:\/\/noticiasya.com\/san-diego\/wp-json\/wp\/v2\/posts"}],"about":[{"href":"https:\/\/noticiasya.com\/san-diego\/wp-json\/wp\/v2\/types\/post"}],"replies":[{"embeddable":true,"href":"https:\/\/noticiasya.com\/san-diego\/wp-json\/wp\/v2\/comments?post=1473561"}],"version-history":[{"count":0,"href":"https:\/\/noticiasya.com\/san-diego\/wp-json\/wp\/v2\/posts\/1473561\/revisions"}],"wp:attachment":[{"href":"https:\/\/noticiasya.com\/san-diego\/wp-json\/wp\/v2\/media?parent=1473561"}],"wp:term":[{"taxonomy":"category","embeddable":true,"href":"https:\/\/noticiasya.com\/san-diego\/wp-json\/wp\/v2\/categories?post=1473561"},{"taxonomy":"post_tag","embeddable":true,"href":"https:\/\/noticiasya.com\/san-diego\/wp-json\/wp\/v2\/tags?post=1473561"}],"curies":[{"name":"wp","href":"https:\/\/api.w.org\/{rel}","templated":true}]}}