{"id":1473563,"date":"2026-04-28T07:03:49","date_gmt":"2026-04-28T14:03:49","guid":{"rendered":"https:\/\/noticiasya.com\/2026\/04\/28\/gasto-militar-america-latina-sipri-orix\/"},"modified":"2026-04-28T07:03:49","modified_gmt":"2026-04-28T14:03:49","slug":"gasto-militar-america-latina-sipri-orix","status":"publish","type":"post","link":"https:\/\/noticiasya.com\/san-diego\/2026\/04\/28\/gasto-militar-america-latina-sipri-orix\/","title":{"rendered":"Gasto militar vuelve a crecer en el mundo, seg\u00fan un informe. \u00bfQu\u00e9 pasa en Am\u00e9rica Latina?"},"content":{"rendered":"<p>No deber\u00eda sorprender a nadie, si tan solo observamos lo que est\u00e1 pasando ahora entre Estados Unidos e Ir\u00e1n, desde el 2023 entre Israel y sus vecinos, y desde el 2022 entre Ucrania y Rusia, por citar solo tres conflictos abiertos: el gasto militar global volvi\u00f3 a crecer en 2025.<\/p>\n<p>Lleg\u00f3 a la cifra sideral US$ 2,8 trillones, un 2,9 % m\u00e1s que en 2024, de acuerdo con <a href=\"https:\/\/www.sipri.org\/publications\/2026\/sipri-fact-sheets\/trends-world-military-expenditure-2025\">datos publicados<\/a> este lunes por el Instituto Internacional de Investigaci\u00f3n para la Paz de Estocolmo (SIPRI, por sus siglas), y acumula 11 a\u00f1os ininterrumpidos de crecimiento.<\/p>\n<p>Y, esta vez, el crecimiento ocurri\u00f3 a\u00fan con una merma del gasto militar de EE.UU. (se redujo un 7,5 % en relaci\u00f3n a 2024, aunque sigue siendo el m\u00e1s importante en todo el mundo, concentrando el 33 % del gasto global), e impulsado por una mayor inversi\u00f3n en Defensa en Europa y un ritmo sostenido de aumento en Asia, seg\u00fan SIPRI.<\/p>\n<p>Estados Unidos, China, Rusia, Alemania e India son los cinco grandes l\u00edderes en gasto militar en todo el mundo. Solo EE.UU. registr\u00f3 una reducci\u00f3n en sus desembolsos, mientras que Alemania (24 %), India (8,9 %), China (7,4 %) y Rusia (5,9 %) expandieron sus aparatos militares.<\/p>\n<p>Pero, \u00bfqu\u00e9 pasa en Am\u00e9rica Latina?<\/p>\n<p>Lejos de los principales conflictos b\u00e9licos activos en la actualidad en el mundo, el gasto militar en Am\u00e9rica Latina ascendi\u00f3 a <a href=\"https:\/\/www.sipri.org\/sites\/default\/files\/2026-04\/2604_milex_2025.pdf\">US$ 72.000 millones en 2025<\/a>, una ca\u00edda del 6,3 % desde los casi US$ 77.000 de 2024 (los datos de SIPRI no incluyen a Cuba y Venezuela).<\/p>\n<p>El gasto en la regi\u00f3n, de hecho, se mantiene estable en torno a los US$ 70.000 millones desde hace una d\u00e9cada, y es consistentemente uno de los m\u00e1s bajos del mundo: solo Oceania, con un gasto de US$ 38.400 millones, el Norte de \u00c1frica, con US$ 35.000 millones, el \u00c1frica subsahariana, con US$ 23.000 millones, y Asia Central, con US$ 2.200 millones, gastaron menos el a\u00f1o pasado.<\/p>\n<p>Brasil es el peso pesado en Am\u00e9rica Latina en t\u00e9rminos de inversi\u00f3n en Defensa, y de hecho, uno de los pocos pa\u00edses que registr\u00f3 un aumento en 2025: fue del 13 % para llegar a un gasto de US$ 23.900 millones.<\/p>\n<p>En Colombia y M\u00e9xico, en cambio, el gasto militar decreci\u00f3 un 1 % y un 33 % respectivamente en 2025, para un total de US$ 14.500 millones y US$ 13.600 millones. En el caso de M\u00e9xico, esta fuerte ca\u00edda llega luego <a href=\"https:\/\/cnnespanol.cnn.com\/2025\/04\/30\/mundo\/informe-de-gasto-militar-mundial-sipri-trax\">de una subida del 39 % entre 2023 y 2024<\/a> en el marco de una<a href=\"https:\/\/cnnespanol.cnn.com\/2026\/04\/27\/mexico\/detencion-jardinero-cjng-mencho-orix\"> \u201crespuesta cada vez m\u00e1s militarizada del Gobierno al crimen organizado\u201d<\/a>, se\u00f1ala SIPRI.<\/p>\n<p>En Argentina y Chile tambi\u00e9n cay\u00f3 el gasto un 7,2 % y un 3,24 % (US$ 3.875 y US$ 5327,9 millones, respectivamente). Mientras que en Per\u00fa subi\u00f3 apenas un 2 % (US$ 2.596 millones).<\/p>\n<p>Las cifras de gasto militar en Am\u00e9rica Latina son peque\u00f1as en comparaci\u00f3n con las EE.UU. (US$ 954.000 millones), China (US$ 336.000 millones), Rusia (US$ 190.000 millones), Alemania (US$ 114.000 millones) e India (Us$ 92.1000 millones), los cincos que m\u00e1s gastan.<\/p>\n<p>\u201cLas tendencias en las Am\u00e9ricas est\u00e1n dominadas por los desarrollos en Am\u00e9rica del Norte, y solo Estados Unidos representar\u00e1 el 90 por ciento del gasto militar de la regi\u00f3n en 2025\u201d; dice el reporte de SIPRI.<\/p>\n<p>Pero adem\u00e1s, el gasto militar tanto en Sudam\u00e9rica como en Am\u00e9ria Central y el Caribe se ha mantenido por debajo del promedio global de 40 % en la \u00faltima d\u00e9cadas.<\/p>\n<p>Tras la ca\u00edda de la Uni\u00f3n Sovi\u00e9tica, en 1991, y el aparente triunfo de Estados Unidos en la Guerra Fr\u00eda y la carrera armament\u00edstica, el gasto militar a nivel global comenz\u00f3 a descender.<\/p>\n<p>Pero esta tendencia, seg\u00fan datos de SIPRI, acab\u00f3 a comienzos de 2000, cuando de la mano de las guerras en Afganist\u00e1n e Iraq el gasto militar volvi\u00f3 a una tendencia alcista.<\/p>\n<p>El crecimiento se ameset\u00f3 a comienzos de 2010, para dispararse a comienzos de la d\u00e9cada de 2020 y especialmente tras el estallido de la guerra de Ucrania en 2022.<\/p>\n<p>Desde entonces, se han desatado adem\u00e1s conflictos b\u00e9licos entre Azerbaiy\u00e1n y Armenia; entre Israel y Hamas y Hezbollah; entre Estados Unidos e Ir\u00e1n; adem\u00e1s de la operaci\u00f3n militar de Washington para derrocar al presidente Nicol\u00e1s Maduro en Venezuela, entre otros, mientras crece la<a href=\"https:\/\/cnnespanol.cnn.com\/2024\/01\/13\/historia-china-taiwan-parte-de-mismo-pais-que-pasa-entre-ellos-orix\"> presencia militar de China en el Pac\u00edfico y especialmente frente a Taiw\u00e1n.<\/a><\/p>\n<p>El <a href=\"https:\/\/cnnespanol.cnn.com\/2025\/04\/30\/mundo\/informe-de-gasto-militar-mundial-sipri-trax\">rearme global <\/a>se consolida y acelera con cada a\u00f1o que pasa. Am\u00e9rica Latina parece mantenerse, a\u00fan, alejada de esta tendencia. Queda por ver si eso es una buena o mala noticia para la regi\u00f3n.<\/p>\n<p>The-CNN-Wire<br \/>&trade; &amp; &copy; 2026 Cable News Network, Inc., a Warner Bros. Discovery Company. All rights reserved.<\/p>\n","protected":false},"excerpt":{"rendered":"<p>No deber\u00eda sorprender a nadie, si tan solo observamos lo que est\u00e1 pasando ahora entre Estados Unidos e Ir\u00e1n, desde el 2023 entre Israel y sus vecinos, y desde el 2022 entre Ucrania y Rusia, por citar solo tres conflictos abiertos: el gasto militar global volvi\u00f3 a crecer en 2025. Lleg\u00f3 a la cifra sideral [&hellip;]<\/p>\n","protected":false},"author":0,"featured_media":0,"comment_status":"open","ping_status":"open","sticky":false,"template":"","format":"standard","meta":{"_jetpack_memberships_contains_paid_content":false,"footnotes":""},"categories":[10],"tags":[],"class_list":["post-1473563","post","type-post","status-publish","format-standard","hentry","category-noticias-nacionales","market-global"],"yoast_head":"<!-- This site is optimized with the Yoast SEO plugin v24.4 - https:\/\/yoast.com\/wordpress\/plugins\/seo\/ -->\n<title>Gasto militar vuelve a crecer en el mundo, seg\u00fan un informe. \u00bfQu\u00e9 pasa en Am\u00e9rica Latina? - Noticias<\/title>\n<meta name=\"robots\" content=\"index, follow, max-snippet:-1, max-image-preview:large, max-video-preview:-1\" \/>\n<link rel=\"canonical\" href=\"https:\/\/noticiasya.com\/2026\/04\/28\/gasto-militar-america-latina-sipri-orix\/\" \/>\n<meta property=\"og:locale\" content=\"es_ES\" \/>\n<meta property=\"og:type\" content=\"article\" \/>\n<meta property=\"og:title\" content=\"Gasto militar vuelve a crecer en el mundo, seg\u00fan un informe. \u00bfQu\u00e9 pasa en Am\u00e9rica Latina? - Noticias\" \/>\n<meta property=\"og:description\" content=\"No deber\u00eda sorprender a nadie, si tan solo observamos lo que est\u00e1 pasando ahora entre Estados Unidos e Ir\u00e1n, desde el 2023 entre Israel y sus vecinos, y desde el 2022 entre Ucrania y Rusia, por citar solo tres conflictos abiertos: el gasto militar global volvi\u00f3 a crecer en 2025. Lleg\u00f3 a la cifra sideral [&hellip;]\" \/>\n<meta property=\"og:url\" content=\"https:\/\/noticiasya.com\/2026\/04\/28\/gasto-militar-america-latina-sipri-orix\/\" \/>\n<meta property=\"og:site_name\" content=\"Noticias\" \/>\n<meta property=\"article:published_time\" content=\"2026-04-28T14:03:49+00:00\" \/>\n<meta name=\"twitter:card\" content=\"summary_large_image\" \/>\n<meta name=\"twitter:label1\" content=\"Est. reading time\" \/>\n\t<meta name=\"twitter:data1\" content=\"4 minutos\" \/>\n<script type=\"application\/ld+json\" class=\"yoast-schema-graph\">{\"@context\":\"https:\/\/schema.org\",\"@graph\":[{\"@type\":\"Article\",\"@id\":\"https:\/\/noticiasya.com\/2026\/04\/28\/gasto-militar-america-latina-sipri-orix\/#article\",\"isPartOf\":{\"@id\":\"https:\/\/noticiasya.com\/2026\/04\/28\/gasto-militar-america-latina-sipri-orix\/\"},\"author\":{\"name\":\"\",\"@id\":\"\"},\"headline\":\"Gasto militar vuelve a crecer en el mundo, seg\u00fan un informe. \u00bfQu\u00e9 pasa en Am\u00e9rica Latina?\",\"datePublished\":\"2026-04-28T14:03:49+00:00\",\"mainEntityOfPage\":{\"@id\":\"https:\/\/noticiasya.com\/2026\/04\/28\/gasto-militar-america-latina-sipri-orix\/\"},\"wordCount\":784,\"commentCount\":0,\"publisher\":{\"@id\":\"https:\/\/noticiasya.com\/#organization\"},\"articleSection\":[\"Noticias Nacionales\"],\"inLanguage\":\"es\",\"potentialAction\":[{\"@type\":\"CommentAction\",\"name\":\"Comment\",\"target\":[\"https:\/\/noticiasya.com\/2026\/04\/28\/gasto-militar-america-latina-sipri-orix\/#respond\"]}]},{\"@type\":\"WebPage\",\"@id\":\"https:\/\/noticiasya.com\/2026\/04\/28\/gasto-militar-america-latina-sipri-orix\/\",\"url\":\"https:\/\/noticiasya.com\/2026\/04\/28\/gasto-militar-america-latina-sipri-orix\/\",\"name\":\"Gasto militar vuelve a crecer en el mundo, seg\u00fan un informe. \u00bfQu\u00e9 pasa en Am\u00e9rica Latina? - Noticias\",\"isPartOf\":{\"@id\":\"https:\/\/noticiasya.com\/#website\"},\"datePublished\":\"2026-04-28T14:03:49+00:00\",\"breadcrumb\":{\"@id\":\"https:\/\/noticiasya.com\/2026\/04\/28\/gasto-militar-america-latina-sipri-orix\/#breadcrumb\"},\"inLanguage\":\"es\",\"potentialAction\":[{\"@type\":\"ReadAction\",\"target\":[\"https:\/\/noticiasya.com\/2026\/04\/28\/gasto-militar-america-latina-sipri-orix\/\"]}]},{\"@type\":\"BreadcrumbList\",\"@id\":\"https:\/\/noticiasya.com\/2026\/04\/28\/gasto-militar-america-latina-sipri-orix\/#breadcrumb\",\"itemListElement\":[{\"@type\":\"ListItem\",\"position\":1,\"name\":\"Home\",\"item\":\"https:\/\/noticiasya.com\/\"},{\"@type\":\"ListItem\",\"position\":2,\"name\":\"Gasto militar vuelve a crecer en el mundo, seg\u00fan un informe. \u00bfQu\u00e9 pasa en Am\u00e9rica Latina?\"}]},{\"@type\":\"WebSite\",\"@id\":\"https:\/\/noticiasya.com\/#website\",\"url\":\"https:\/\/noticiasya.com\/\",\"name\":\"Noticias\",\"description\":\"Lo que importa\",\"publisher\":{\"@id\":\"https:\/\/noticiasya.com\/#organization\"},\"potentialAction\":[{\"@type\":\"SearchAction\",\"target\":{\"@type\":\"EntryPoint\",\"urlTemplate\":\"https:\/\/noticiasya.com\/?s={search_term_string}\"},\"query-input\":{\"@type\":\"PropertyValueSpecification\",\"valueRequired\":true,\"valueName\":\"search_term_string\"}}],\"inLanguage\":\"es\"},{\"@type\":\"Organization\",\"@id\":\"https:\/\/noticiasya.com\/#organization\",\"name\":\"Noticias\",\"url\":\"https:\/\/noticiasya.com\/\",\"logo\":{\"@type\":\"ImageObject\",\"inLanguage\":\"es\",\"@id\":\"https:\/\/noticiasya.com\/#\/schema\/logo\/image\/\",\"url\":\"https:\/\/noticiasya.com\/wp-content\/uploads\/sites\/22\/2023\/12\/logo-nacional.png\",\"contentUrl\":\"https:\/\/noticiasya.com\/wp-content\/uploads\/sites\/22\/2023\/12\/logo-nacional.png\",\"width\":1801,\"height\":691,\"caption\":\"Noticias\"},\"image\":{\"@id\":\"https:\/\/noticiasya.com\/#\/schema\/logo\/image\/\"}}]}<\/script>\n<!-- \/ Yoast SEO plugin. -->","yoast_head_json":{"title":"Gasto militar vuelve a crecer en el mundo, seg\u00fan un informe. \u00bfQu\u00e9 pasa en Am\u00e9rica Latina? - Noticias","robots":{"index":"index","follow":"follow","max-snippet":"max-snippet:-1","max-image-preview":"max-image-preview:large","max-video-preview":"max-video-preview:-1"},"canonical":"https:\/\/noticiasya.com\/2026\/04\/28\/gasto-militar-america-latina-sipri-orix\/","og_locale":"es_ES","og_type":"article","og_title":"Gasto militar vuelve a crecer en el mundo, seg\u00fan un informe. \u00bfQu\u00e9 pasa en Am\u00e9rica Latina? - Noticias","og_description":"No deber\u00eda sorprender a nadie, si tan solo observamos lo que est\u00e1 pasando ahora entre Estados Unidos e Ir\u00e1n, desde el 2023 entre Israel y sus vecinos, y desde el 2022 entre Ucrania y Rusia, por citar solo tres conflictos abiertos: el gasto militar global volvi\u00f3 a crecer en 2025. Lleg\u00f3 a la cifra sideral [&hellip;]","og_url":"https:\/\/noticiasya.com\/2026\/04\/28\/gasto-militar-america-latina-sipri-orix\/","og_site_name":"Noticias","article_published_time":"2026-04-28T14:03:49+00:00","twitter_card":"summary_large_image","twitter_misc":{"Est. reading time":"4 minutos"},"schema":{"@context":"https:\/\/schema.org","@graph":[{"@type":"Article","@id":"https:\/\/noticiasya.com\/2026\/04\/28\/gasto-militar-america-latina-sipri-orix\/#article","isPartOf":{"@id":"https:\/\/noticiasya.com\/2026\/04\/28\/gasto-militar-america-latina-sipri-orix\/"},"author":{"name":"","@id":""},"headline":"Gasto militar vuelve a crecer en el mundo, seg\u00fan un informe. \u00bfQu\u00e9 pasa en Am\u00e9rica Latina?","datePublished":"2026-04-28T14:03:49+00:00","mainEntityOfPage":{"@id":"https:\/\/noticiasya.com\/2026\/04\/28\/gasto-militar-america-latina-sipri-orix\/"},"wordCount":784,"commentCount":0,"publisher":{"@id":"https:\/\/noticiasya.com\/#organization"},"articleSection":["Noticias Nacionales"],"inLanguage":"es","potentialAction":[{"@type":"CommentAction","name":"Comment","target":["https:\/\/noticiasya.com\/2026\/04\/28\/gasto-militar-america-latina-sipri-orix\/#respond"]}]},{"@type":"WebPage","@id":"https:\/\/noticiasya.com\/2026\/04\/28\/gasto-militar-america-latina-sipri-orix\/","url":"https:\/\/noticiasya.com\/2026\/04\/28\/gasto-militar-america-latina-sipri-orix\/","name":"Gasto militar vuelve a crecer en el mundo, seg\u00fan un informe. \u00bfQu\u00e9 pasa en Am\u00e9rica Latina? - Noticias","isPartOf":{"@id":"https:\/\/noticiasya.com\/#website"},"datePublished":"2026-04-28T14:03:49+00:00","breadcrumb":{"@id":"https:\/\/noticiasya.com\/2026\/04\/28\/gasto-militar-america-latina-sipri-orix\/#breadcrumb"},"inLanguage":"es","potentialAction":[{"@type":"ReadAction","target":["https:\/\/noticiasya.com\/2026\/04\/28\/gasto-militar-america-latina-sipri-orix\/"]}]},{"@type":"BreadcrumbList","@id":"https:\/\/noticiasya.com\/2026\/04\/28\/gasto-militar-america-latina-sipri-orix\/#breadcrumb","itemListElement":[{"@type":"ListItem","position":1,"name":"Home","item":"https:\/\/noticiasya.com\/"},{"@type":"ListItem","position":2,"name":"Gasto militar vuelve a crecer en el mundo, seg\u00fan un informe. \u00bfQu\u00e9 pasa en Am\u00e9rica Latina?"}]},{"@type":"WebSite","@id":"https:\/\/noticiasya.com\/#website","url":"https:\/\/noticiasya.com\/","name":"Noticias","description":"Lo que importa","publisher":{"@id":"https:\/\/noticiasya.com\/#organization"},"potentialAction":[{"@type":"SearchAction","target":{"@type":"EntryPoint","urlTemplate":"https:\/\/noticiasya.com\/?s={search_term_string}"},"query-input":{"@type":"PropertyValueSpecification","valueRequired":true,"valueName":"search_term_string"}}],"inLanguage":"es"},{"@type":"Organization","@id":"https:\/\/noticiasya.com\/#organization","name":"Noticias","url":"https:\/\/noticiasya.com\/","logo":{"@type":"ImageObject","inLanguage":"es","@id":"https:\/\/noticiasya.com\/#\/schema\/logo\/image\/","url":"https:\/\/noticiasya.com\/wp-content\/uploads\/sites\/22\/2023\/12\/logo-nacional.png","contentUrl":"https:\/\/noticiasya.com\/wp-content\/uploads\/sites\/22\/2023\/12\/logo-nacional.png","width":1801,"height":691,"caption":"Noticias"},"image":{"@id":"https:\/\/noticiasya.com\/#\/schema\/logo\/image\/"}}]}},"parsely":{"version":"1.1.0","canonical_url":"https:\/\/noticiasya.com\/san-diego\/2026\/04\/28\/gasto-militar-america-latina-sipri-orix\/","smart_links":{"inbound":0,"outbound":0},"traffic_boost_suggestions_count":0,"meta":{"@context":"https:\/\/schema.org","@type":"NewsArticle","headline":"Gasto militar vuelve a crecer en el mundo, seg\u00fan un informe. \u00bfQu\u00e9 pasa en Am\u00e9rica Latina?","url":"http:\/\/noticiasya.com\/san-diego\/2026\/04\/28\/gasto-militar-america-latina-sipri-orix\/","mainEntityOfPage":{"@type":"WebPage","@id":"http:\/\/noticiasya.com\/san-diego\/2026\/04\/28\/gasto-militar-america-latina-sipri-orix\/"},"thumbnailUrl":"","image":{"@type":"ImageObject","url":""},"articleSection":"Noticias Nacionales","author":[],"creator":[],"publisher":{"@type":"Organization","name":"Noticias","logo":""},"keywords":[],"dateCreated":"2026-04-28T14:03:49Z","datePublished":"2026-04-28T14:03:49Z","dateModified":"2026-04-28T14:03:49Z"},"rendered":"<script type=\"application\/ld+json\" class=\"wp-parsely-metadata\">{\"@context\":\"https:\\\/\\\/schema.org\",\"@type\":\"NewsArticle\",\"headline\":\"Gasto militar vuelve a crecer en el mundo, seg\\u00fan un informe. \\u00bfQu\\u00e9 pasa en Am\\u00e9rica Latina?\",\"url\":\"http:\\\/\\\/noticiasya.com\\\/san-diego\\\/2026\\\/04\\\/28\\\/gasto-militar-america-latina-sipri-orix\\\/\",\"mainEntityOfPage\":{\"@type\":\"WebPage\",\"@id\":\"http:\\\/\\\/noticiasya.com\\\/san-diego\\\/2026\\\/04\\\/28\\\/gasto-militar-america-latina-sipri-orix\\\/\"},\"thumbnailUrl\":\"\",\"image\":{\"@type\":\"ImageObject\",\"url\":\"\"},\"articleSection\":\"Noticias Nacionales\",\"author\":[],\"creator\":[],\"publisher\":{\"@type\":\"Organization\",\"name\":\"Noticias\",\"logo\":\"\"},\"keywords\":[],\"dateCreated\":\"2026-04-28T14:03:49Z\",\"datePublished\":\"2026-04-28T14:03:49Z\",\"dateModified\":\"2026-04-28T14:03:49Z\"}<\/script>","tracker_url":"https:\/\/cdn.parsely.com\/keys\/noticiasya.com\/p.js"},"jetpack_featured_media_url":"","jetpack-related-posts":[{"id":1461777,"url":"https:\/\/noticiasya.com\/san-diego\/2025\/04\/30\/informe-de-gasto-militar-mundial-sipri-trax\/","url_meta":{"origin":1473563,"position":0},"title":"El gasto militar mundial aumenta a su ritmo m\u00e1s alto en casi cuatro d\u00e9cadas, seg\u00fan un informe","author":"","date":"abril 30, 2025","format":false,"excerpt":"El mundo se est\u00e1 armando al ritmo m\u00e1s r\u00e1pido desde casi el final de la Guerra Fr\u00eda, seg\u00fan un nuevo informe, a medida que se desatan importantes guerras en Ucrania y Gaza y las tensiones militares se intensifican desde Europa hasta Asia.El aumento interanual del 9,4 %, hasta los US$\u2026","rel":"","context":"In &quot;Noticias Nacionales&quot;","block_context":{"text":"Noticias Nacionales","link":"https:\/\/noticiasya.com\/san-diego\/categoria\/noticias-nacionales"},"img":{"alt_text":"","src":"","width":0,"height":0},"classes":[]},{"id":1459176,"url":"https:\/\/noticiasya.com\/san-diego\/2025\/02\/25\/reino-unido-aumento-gasto-defensa-recorte-ayuda-exterior-reunion-trump-trax\/","url_meta":{"origin":1473563,"position":1},"title":"Reino Unido anuncia aumento del gasto en defensa y recorte de la ayuda exterior antes de la reuni\u00f3n de Starmer con Trump","author":"","date":"febrero 25, 2025","format":false,"excerpt":"Gran Breta\u00f1a acelerar\u00e1 el aumento de su gasto de defensa, anunci\u00f3 el martes el primer ministro Keir Starmer, en v\u00edsperas de una visita crucial para reunirse con el presidente estadounidense Donald Trump en Washington.Starmer dijo que aumentar\u00e1 el gasto militar del 2,3% del PIB brit\u00e1nico al 2,5% para 2027, y\u2026","rel":"","context":"In &quot;Noticias Nacionales&quot;","block_context":{"text":"Noticias Nacionales","link":"https:\/\/noticiasya.com\/san-diego\/categoria\/noticias-nacionales"},"img":{"alt_text":"","src":"","width":0,"height":0},"classes":[]},{"id":1459175,"url":"https:\/\/noticiasya.com\/san-diego\/2025\/02\/25\/poder-aereo-america-latina-argentina-f16-orix\/","url_meta":{"origin":1473563,"position":2},"title":"Argentina present\u00f3 el primero de los F-16 comprados a Dinamarca. \u00bfC\u00f3mo se compara el poder a\u00e9reo en Am\u00e9rica Latina?","author":"","date":"febrero 25, 2025","format":false,"excerpt":"En un mundo donde las guerras, especialmente Ucrania, Gaza y el Congo, han vuelto ocupar la agenda global, el Gobierno de Argentina present\u00f3 formalmente el lunes su \u00faltima adquisici\u00f3n militar: el primero de los cazas F-16 comprados el a\u00f1o pasado a Dinamarca.\u201cUn d\u00eda hist\u00f3rico para la reconstrucci\u00f3n de nuestra Defensa\u2026","rel":"","context":"In &quot;Noticias Nacionales&quot;","block_context":{"text":"Noticias Nacionales","link":"https:\/\/noticiasya.com\/san-diego\/categoria\/noticias-nacionales"},"img":{"alt_text":"","src":"","width":0,"height":0},"classes":[]},{"id":1457634,"url":"https:\/\/noticiasya.com\/san-diego\/2025\/01\/19\/estados-bienestar-europa-en-peligro-trump-podria-empeorar-problema-trax\/","url_meta":{"origin":1473563,"position":3},"title":"AN\u00c1LISIS | Los estados de bienestar de Europa est\u00e1n en peligro. Trump podr\u00eda empeorar el problema","author":"","date":"enero 19, 2025","format":false,"excerpt":"Los generosos estados de bienestar de Europa se encuentran bajo una presi\u00f3n cada vez mayor a medida que el d\u00e9bil crecimiento econ\u00f3mico choca con las crecientes demandas sobre los presupuestos gubernamentales, en particular por parte de las poblaciones que envejecen.El regreso de Donald Trump a la Casa Blanca este lunes\u2026","rel":"","context":"In &quot;Noticias Nacionales&quot;","block_context":{"text":"Noticias Nacionales","link":"https:\/\/noticiasya.com\/san-diego\/categoria\/noticias-nacionales"},"img":{"alt_text":"","src":"","width":0,"height":0},"classes":[]},{"id":1460507,"url":"https:\/\/noticiasya.com\/san-diego\/2025\/03\/27\/rearme-europa-guerra-como-que-significa-orix\/","url_meta":{"origin":1473563,"position":4},"title":"Europa se rearma: eso puede significar tiempos dif\u00edciles para los europeos","author":"","date":"marzo 27, 2025","format":false,"excerpt":"Las fundiciones de Europa se est\u00e1n calentando, una vez m\u00e1s. Y esto podr\u00eda no ser una buena noticia para los europeos, ni para un mundo cada vez m\u00e1s aquejado por conflictos b\u00e9licos.En una regi\u00f3n que fue escenario de las dos guerras m\u00e1s grandes de la historia, y que durante la\u2026","rel":"","context":"In &quot;Noticias Nacionales&quot;","block_context":{"text":"Noticias Nacionales","link":"https:\/\/noticiasya.com\/san-diego\/categoria\/noticias-nacionales"},"img":{"alt_text":"","src":"","width":0,"height":0},"classes":[]},{"id":1460300,"url":"https:\/\/noticiasya.com\/san-diego\/2025\/03\/23\/alemania-potencia-ejercito-trax\/","url_meta":{"origin":1473563,"position":5},"title":"Alemania est\u00e1 desbloqueando miles de millones para potenciar sus Fuerzas Armadas en un momento crucial para Europa","author":"","date":"marzo 23, 2025","format":false,"excerpt":"\u201c\u00bfCrees que puedes confiar en Putin?\u201d, pregunta el general de brigada alem\u00e1n Ralf Hammerstein con una sonrisa ir\u00f3nica.Es una pregunta ret\u00f3rica a la que la mayor parte de Europa dar\u00eda la misma respuesta: no.Mientras la administraci\u00f3n Trump sigue buscando un acuerdo para poner fin a la guerra en Ucrania \u2014que\u2026","rel":"","context":"In &quot;Noticias Nacionales&quot;","block_context":{"text":"Noticias Nacionales","link":"https:\/\/noticiasya.com\/san-diego\/categoria\/noticias-nacionales"},"img":{"alt_text":"","src":"","width":0,"height":0},"classes":[]}],"jetpack_sharing_enabled":true,"_links":{"self":[{"href":"https:\/\/noticiasya.com\/san-diego\/wp-json\/wp\/v2\/posts\/1473563","targetHints":{"allow":["GET"]}}],"collection":[{"href":"https:\/\/noticiasya.com\/san-diego\/wp-json\/wp\/v2\/posts"}],"about":[{"href":"https:\/\/noticiasya.com\/san-diego\/wp-json\/wp\/v2\/types\/post"}],"replies":[{"embeddable":true,"href":"https:\/\/noticiasya.com\/san-diego\/wp-json\/wp\/v2\/comments?post=1473563"}],"version-history":[{"count":0,"href":"https:\/\/noticiasya.com\/san-diego\/wp-json\/wp\/v2\/posts\/1473563\/revisions"}],"wp:attachment":[{"href":"https:\/\/noticiasya.com\/san-diego\/wp-json\/wp\/v2\/media?parent=1473563"}],"wp:term":[{"taxonomy":"category","embeddable":true,"href":"https:\/\/noticiasya.com\/san-diego\/wp-json\/wp\/v2\/categories?post=1473563"},{"taxonomy":"post_tag","embeddable":true,"href":"https:\/\/noticiasya.com\/san-diego\/wp-json\/wp\/v2\/tags?post=1473563"}],"curies":[{"name":"wp","href":"https:\/\/api.w.org\/{rel}","templated":true}]}}