{"id":1473565,"date":"2026-04-28T07:03:49","date_gmt":"2026-04-28T14:03:49","guid":{"rendered":"https:\/\/noticiasya.com\/2026\/04\/28\/mundial-futbol-mexico-quejas-precios-entradas-orix\/"},"modified":"2026-04-28T07:03:49","modified_gmt":"2026-04-28T14:03:49","slug":"mundial-futbol-mexico-quejas-precios-entradas-orix","status":"publish","type":"post","link":"https:\/\/noticiasya.com\/san-diego\/2026\/04\/28\/mundial-futbol-mexico-quejas-precios-entradas-orix\/","title":{"rendered":"&#171;Este Mundial no es de M\u00e9xico&#187;: los precios de las entradas generan malestar entre los aficionados mexicanos"},"content":{"rendered":"<p>M\u00e9xico har\u00e1 historia como el primer pa\u00eds en albergar tres Copas del Mundo este verano, pero la euforia por este r\u00e9cord no se refleja en los aficionados mexicanos.<\/p>\n<p>Francisco Javier Ferreira, de 70 a\u00f1os, recuerda las dos Copas del Mundo a las que asisti\u00f3 en su pa\u00eds natal, M\u00e9xico 1970 y 1986, pero este a\u00f1o la historia no se repetir\u00e1. Asegura que el alto costo de los boletos para los 13 partidos en suelo mexicano, sumado a la dificultad de conseguir una entrada y al reducido n\u00famero de juegos asignados a M\u00e9xico como tercer pa\u00eds anfitri\u00f3n, ha desinflado su ilusi\u00f3n como espectador.<\/p>\n<p>\u201cNo se siente lo mismo que en los dos mundiales anteriores. Este mundial es b\u00e1sicamente de Estados Unidos. No se siente mexicano. Yo lo siento as\u00ed porque incluso los precios de las entradas est\u00e1n inalcanzables para todos\u201d, lamenta.<\/p>\n<p>De los 104 partidos de esta Copa del Mundo, cuatro se jugar\u00e1n en Monterrey, cuatro en Guadalajara y cinco en el reci\u00e9n remodelado Estadio Banorte en la Ciudad de M\u00e9xico, incluido el partido inaugural entre M\u00e9xico y Sud\u00e1frica. Las entradas para el primer juego, el 11 de junio, van de los US$ 3.000 a los US$ 10.000 para quienes tienen acceso a las \u00e1reas de hospitalidad, lo que deja fuera a la mayor\u00eda de los mexicanos, como Ferreira, quien es jubilado y recibe en promedio un ingreso mensual de US$ 1.000.<\/p>\n<p>\u201cPara el nivel econ\u00f3mico que tiene M\u00e9xico, van a entrar nada m\u00e1s los que m\u00e1s tienen\u201d, asegura.<\/p>\n<p>El Estadio Banorte, anteriormente conocido como el Azteca, reabri\u00f3 sus puertas despu\u00e9s de 22 meses de remodelaci\u00f3n, que incluyeron la instalaci\u00f3n de un nuevo campo h\u00edbrido, un sistema de pantallas LED, c\u00e1maras de videovigilancia, nuevas butacas y una ampliaci\u00f3n de la capacidad de 82 mil a 86 mil espectadores. Sin embargo, para muchos, asistir a este estadio durante el Mundial se ha vuelto inasequible.<\/p>\n<p>Alan Rea acudi\u00f3 al partido de reinauguraci\u00f3n del Estadio Banorte con su hijo de un a\u00f1o en brazos. Admite que su deseo de llevarlo a un Mundial se esfum\u00f3 al no poder conseguir boletos. Aun as\u00ed, se muestra positivo y decidi\u00f3 compartir con \u00e9l la experiencia de conocer el estadio remodelado durante el partido entre M\u00e9xico y Portugal el pasado 28 de marzo.<\/p>\n<p>\u201cCreo que nos ten\u00eda que tocar todo el mundial, no solo los 13 juegos en M\u00e9xico, pero bueno, vamos a aprovechar todos los partidos que vengan\u201d, dijo tras tomarse una selfie afuera del estadio antes de ingresar.<\/p>\n<p>La reapertura del estadio en la Ciudad de M\u00e9xico, uno de los m\u00e1s grandes del mundo, tambi\u00e9n gener\u00f3 desilusi\u00f3n. Mientras autoridades capitalinas calificaron este \u201censayo\u201d como positivo, aficionados se\u00f1alaron lo contrario. El estadio a\u00fan no estaba completamente terminado, no hubo acceso a estacionamiento para el p\u00fablico en general y la entrada de automovilistas se restringi\u00f3 a \u201cinvitados especiales\u201d.<\/p>\n<p>Esto oblig\u00f3 a los casi 82.000 espectadores que asistieron ese s\u00e1bado a caminar aproximadamente dos kil\u00f3metros, lo que satur\u00f3 los accesos incluso para quienes llegaron con una hora de anticipaci\u00f3n al juego amistoso, que termin\u00f3 empatado sin goles, pero no sin incidentes: un aficionado de 26 a\u00f1os muri\u00f3 tras caer desde la zona de palcos en estado de ebriedad.<\/p>\n<p>Aunque las autoridades han reiterado que este ser\u00e1 un gran Mundial, la seguridad sigue siendo una de las principales preocupaciones para turistas. M\u00e9xico proyect\u00f3 recientemente im\u00e1genes de violencia con narcobloqueos tras la detenci\u00f3n del fundador del C\u00e1rtel Jalisco Nueva Generaci\u00f3n el 22 de febrero en Tapalpa, Jalisco. El lunes se vivieron momentos de tensi\u00f3n, con quemas de autos en Nayarit tras la captura del presunto sucesor de El Mencho, alias \u201cEl Jardinero\u201d.<\/p>\n<p>La mandataria asegur\u00f3 que s\u00ed las hay. Una postura que fue reforzada por el presidente de la FIFA, Gianni Infantino, durante su visita a Palacio Nacional el 30 de marzo, tras reunirse con Sheinbaum, a quien le obsequi\u00f3 las tarjetas oficiales, roja y amarilla, que usar\u00e1n los \u00e1rbitros en el primer Mundial organizado por tres pa\u00edses: M\u00e9xico, Canad\u00e1 y Estados Unidos.<\/p>\n<p>\u201c\u00bfHay condiciones de seguridad para los millones de visitantes internacionales que planean venir a M\u00e9xico para la Copa del Mundo?\u201d, se le cuestion\u00f3 a la presidenta Claudia Sheinbaum en su conferencia matutina tras estos hechos.<\/p>\n<p>M\u00e9xico enfrenta retos mayores, y la realidad contrasta con la imagen que las autoridades buscan proyectar de este Mundial como una fiesta. Prueba de ello son las manifestaciones que tuvieron lugar a las afueras del estadio durante su reapertura.<\/p>\n<p>Por un lado, madres buscadoras denunciaron la crisis de desapariciones en el pa\u00eds y la impunidad en la mayor\u00eda de los casos. Por otro, j\u00f3venes organizaron una \u201creta\u201d sobre una de las principales avenidas de acceso, bloqueando la circulaci\u00f3n de veh\u00edculos que intentaban llegar al estadio.<\/p>\n<p>Su reclamo: la falta de agua y de vivienda asequible en la capital mexicana. Y es que la justa mundialista ha encarecido las rentas en la Ciudad de M\u00e9xico, con muchos departamentos convertidos en alojamientos temporales. Los j\u00f3venes se\u00f1alaron que este Mundial \u201cse ha vuelto elitista\u201d.<\/p>\n<p>Con problem\u00e1ticas mucho m\u00e1s apremiantes que la organizaci\u00f3n de un Mundial, los \u00e1nimos de festejo parecen haberse desinflado.<\/p>\n<p>The-CNN-Wire<br \/>&trade; &amp; &copy; 2026 Cable News Network, Inc., a Warner Bros. Discovery Company. All rights reserved.<\/p>\n","protected":false},"excerpt":{"rendered":"<p>M\u00e9xico har\u00e1 historia como el primer pa\u00eds en albergar tres Copas del Mundo este verano, pero la euforia por este r\u00e9cord no se refleja en los aficionados mexicanos. Francisco Javier Ferreira, de 70 a\u00f1os, recuerda las dos Copas del Mundo a las que asisti\u00f3 en su pa\u00eds natal, M\u00e9xico 1970 y 1986, pero este a\u00f1o [&hellip;]<\/p>\n","protected":false},"author":0,"featured_media":0,"comment_status":"open","ping_status":"open","sticky":false,"template":"","format":"standard","meta":{"_jetpack_memberships_contains_paid_content":false,"footnotes":""},"categories":[10],"tags":[],"class_list":["post-1473565","post","type-post","status-publish","format-standard","hentry","category-noticias-nacionales","market-global"],"yoast_head":"<!-- This site is optimized with the Yoast SEO plugin v24.4 - https:\/\/yoast.com\/wordpress\/plugins\/seo\/ -->\n<title>&quot;Este Mundial no es de M\u00e9xico&quot;: los precios de las entradas generan malestar entre los aficionados mexicanos - Noticias<\/title>\n<meta name=\"robots\" content=\"index, follow, max-snippet:-1, max-image-preview:large, max-video-preview:-1\" \/>\n<link rel=\"canonical\" href=\"https:\/\/noticiasya.com\/2026\/04\/28\/mundial-futbol-mexico-quejas-precios-entradas-orix\/\" \/>\n<meta property=\"og:locale\" content=\"es_ES\" \/>\n<meta property=\"og:type\" content=\"article\" \/>\n<meta property=\"og:title\" content=\"&quot;Este Mundial no es de M\u00e9xico&quot;: los precios de las entradas generan malestar entre los aficionados mexicanos - Noticias\" \/>\n<meta property=\"og:description\" content=\"M\u00e9xico har\u00e1 historia como el primer pa\u00eds en albergar tres Copas del Mundo este verano, pero la euforia por este r\u00e9cord no se refleja en los aficionados mexicanos. Francisco Javier Ferreira, de 70 a\u00f1os, recuerda las dos Copas del Mundo a las que asisti\u00f3 en su pa\u00eds natal, M\u00e9xico 1970 y 1986, pero este a\u00f1o [&hellip;]\" \/>\n<meta property=\"og:url\" content=\"https:\/\/noticiasya.com\/2026\/04\/28\/mundial-futbol-mexico-quejas-precios-entradas-orix\/\" \/>\n<meta property=\"og:site_name\" content=\"Noticias\" \/>\n<meta property=\"article:published_time\" content=\"2026-04-28T14:03:49+00:00\" \/>\n<meta name=\"twitter:card\" content=\"summary_large_image\" \/>\n<meta name=\"twitter:label1\" content=\"Est. reading time\" \/>\n\t<meta name=\"twitter:data1\" content=\"5 minutos\" \/>\n<script type=\"application\/ld+json\" class=\"yoast-schema-graph\">{\"@context\":\"https:\/\/schema.org\",\"@graph\":[{\"@type\":\"Article\",\"@id\":\"https:\/\/noticiasya.com\/2026\/04\/28\/mundial-futbol-mexico-quejas-precios-entradas-orix\/#article\",\"isPartOf\":{\"@id\":\"https:\/\/noticiasya.com\/2026\/04\/28\/mundial-futbol-mexico-quejas-precios-entradas-orix\/\"},\"author\":{\"name\":\"\",\"@id\":\"\"},\"headline\":\"&#171;Este Mundial no es de M\u00e9xico&#187;: los precios de las entradas generan malestar entre los aficionados mexicanos\",\"datePublished\":\"2026-04-28T14:03:49+00:00\",\"mainEntityOfPage\":{\"@id\":\"https:\/\/noticiasya.com\/2026\/04\/28\/mundial-futbol-mexico-quejas-precios-entradas-orix\/\"},\"wordCount\":930,\"commentCount\":0,\"publisher\":{\"@id\":\"https:\/\/noticiasya.com\/#organization\"},\"articleSection\":[\"Noticias Nacionales\"],\"inLanguage\":\"es\",\"potentialAction\":[{\"@type\":\"CommentAction\",\"name\":\"Comment\",\"target\":[\"https:\/\/noticiasya.com\/2026\/04\/28\/mundial-futbol-mexico-quejas-precios-entradas-orix\/#respond\"]}]},{\"@type\":\"WebPage\",\"@id\":\"https:\/\/noticiasya.com\/2026\/04\/28\/mundial-futbol-mexico-quejas-precios-entradas-orix\/\",\"url\":\"https:\/\/noticiasya.com\/2026\/04\/28\/mundial-futbol-mexico-quejas-precios-entradas-orix\/\",\"name\":\"\\\"Este Mundial no es de M\u00e9xico\\\": los precios de las entradas generan malestar entre los aficionados mexicanos - Noticias\",\"isPartOf\":{\"@id\":\"https:\/\/noticiasya.com\/#website\"},\"datePublished\":\"2026-04-28T14:03:49+00:00\",\"breadcrumb\":{\"@id\":\"https:\/\/noticiasya.com\/2026\/04\/28\/mundial-futbol-mexico-quejas-precios-entradas-orix\/#breadcrumb\"},\"inLanguage\":\"es\",\"potentialAction\":[{\"@type\":\"ReadAction\",\"target\":[\"https:\/\/noticiasya.com\/2026\/04\/28\/mundial-futbol-mexico-quejas-precios-entradas-orix\/\"]}]},{\"@type\":\"BreadcrumbList\",\"@id\":\"https:\/\/noticiasya.com\/2026\/04\/28\/mundial-futbol-mexico-quejas-precios-entradas-orix\/#breadcrumb\",\"itemListElement\":[{\"@type\":\"ListItem\",\"position\":1,\"name\":\"Home\",\"item\":\"https:\/\/noticiasya.com\/\"},{\"@type\":\"ListItem\",\"position\":2,\"name\":\"&#171;Este Mundial no es de M\u00e9xico&#187;: los precios de las entradas generan malestar entre los aficionados mexicanos\"}]},{\"@type\":\"WebSite\",\"@id\":\"https:\/\/noticiasya.com\/#website\",\"url\":\"https:\/\/noticiasya.com\/\",\"name\":\"Noticias\",\"description\":\"Lo que importa\",\"publisher\":{\"@id\":\"https:\/\/noticiasya.com\/#organization\"},\"potentialAction\":[{\"@type\":\"SearchAction\",\"target\":{\"@type\":\"EntryPoint\",\"urlTemplate\":\"https:\/\/noticiasya.com\/?s={search_term_string}\"},\"query-input\":{\"@type\":\"PropertyValueSpecification\",\"valueRequired\":true,\"valueName\":\"search_term_string\"}}],\"inLanguage\":\"es\"},{\"@type\":\"Organization\",\"@id\":\"https:\/\/noticiasya.com\/#organization\",\"name\":\"Noticias\",\"url\":\"https:\/\/noticiasya.com\/\",\"logo\":{\"@type\":\"ImageObject\",\"inLanguage\":\"es\",\"@id\":\"https:\/\/noticiasya.com\/#\/schema\/logo\/image\/\",\"url\":\"https:\/\/noticiasya.com\/wp-content\/uploads\/sites\/22\/2023\/12\/logo-nacional.png\",\"contentUrl\":\"https:\/\/noticiasya.com\/wp-content\/uploads\/sites\/22\/2023\/12\/logo-nacional.png\",\"width\":1801,\"height\":691,\"caption\":\"Noticias\"},\"image\":{\"@id\":\"https:\/\/noticiasya.com\/#\/schema\/logo\/image\/\"}}]}<\/script>\n<!-- \/ Yoast SEO plugin. -->","yoast_head_json":{"title":"\"Este Mundial no es de M\u00e9xico\": los precios de las entradas generan malestar entre los aficionados mexicanos - Noticias","robots":{"index":"index","follow":"follow","max-snippet":"max-snippet:-1","max-image-preview":"max-image-preview:large","max-video-preview":"max-video-preview:-1"},"canonical":"https:\/\/noticiasya.com\/2026\/04\/28\/mundial-futbol-mexico-quejas-precios-entradas-orix\/","og_locale":"es_ES","og_type":"article","og_title":"\"Este Mundial no es de M\u00e9xico\": los precios de las entradas generan malestar entre los aficionados mexicanos - Noticias","og_description":"M\u00e9xico har\u00e1 historia como el primer pa\u00eds en albergar tres Copas del Mundo este verano, pero la euforia por este r\u00e9cord no se refleja en los aficionados mexicanos. Francisco Javier Ferreira, de 70 a\u00f1os, recuerda las dos Copas del Mundo a las que asisti\u00f3 en su pa\u00eds natal, M\u00e9xico 1970 y 1986, pero este a\u00f1o [&hellip;]","og_url":"https:\/\/noticiasya.com\/2026\/04\/28\/mundial-futbol-mexico-quejas-precios-entradas-orix\/","og_site_name":"Noticias","article_published_time":"2026-04-28T14:03:49+00:00","twitter_card":"summary_large_image","twitter_misc":{"Est. reading time":"5 minutos"},"schema":{"@context":"https:\/\/schema.org","@graph":[{"@type":"Article","@id":"https:\/\/noticiasya.com\/2026\/04\/28\/mundial-futbol-mexico-quejas-precios-entradas-orix\/#article","isPartOf":{"@id":"https:\/\/noticiasya.com\/2026\/04\/28\/mundial-futbol-mexico-quejas-precios-entradas-orix\/"},"author":{"name":"","@id":""},"headline":"&#171;Este Mundial no es de M\u00e9xico&#187;: los precios de las entradas generan malestar entre los aficionados mexicanos","datePublished":"2026-04-28T14:03:49+00:00","mainEntityOfPage":{"@id":"https:\/\/noticiasya.com\/2026\/04\/28\/mundial-futbol-mexico-quejas-precios-entradas-orix\/"},"wordCount":930,"commentCount":0,"publisher":{"@id":"https:\/\/noticiasya.com\/#organization"},"articleSection":["Noticias Nacionales"],"inLanguage":"es","potentialAction":[{"@type":"CommentAction","name":"Comment","target":["https:\/\/noticiasya.com\/2026\/04\/28\/mundial-futbol-mexico-quejas-precios-entradas-orix\/#respond"]}]},{"@type":"WebPage","@id":"https:\/\/noticiasya.com\/2026\/04\/28\/mundial-futbol-mexico-quejas-precios-entradas-orix\/","url":"https:\/\/noticiasya.com\/2026\/04\/28\/mundial-futbol-mexico-quejas-precios-entradas-orix\/","name":"\"Este Mundial no es de M\u00e9xico\": los precios de las entradas generan malestar entre los aficionados mexicanos - Noticias","isPartOf":{"@id":"https:\/\/noticiasya.com\/#website"},"datePublished":"2026-04-28T14:03:49+00:00","breadcrumb":{"@id":"https:\/\/noticiasya.com\/2026\/04\/28\/mundial-futbol-mexico-quejas-precios-entradas-orix\/#breadcrumb"},"inLanguage":"es","potentialAction":[{"@type":"ReadAction","target":["https:\/\/noticiasya.com\/2026\/04\/28\/mundial-futbol-mexico-quejas-precios-entradas-orix\/"]}]},{"@type":"BreadcrumbList","@id":"https:\/\/noticiasya.com\/2026\/04\/28\/mundial-futbol-mexico-quejas-precios-entradas-orix\/#breadcrumb","itemListElement":[{"@type":"ListItem","position":1,"name":"Home","item":"https:\/\/noticiasya.com\/"},{"@type":"ListItem","position":2,"name":"&#171;Este Mundial no es de M\u00e9xico&#187;: los precios de las entradas generan malestar entre los aficionados mexicanos"}]},{"@type":"WebSite","@id":"https:\/\/noticiasya.com\/#website","url":"https:\/\/noticiasya.com\/","name":"Noticias","description":"Lo que importa","publisher":{"@id":"https:\/\/noticiasya.com\/#organization"},"potentialAction":[{"@type":"SearchAction","target":{"@type":"EntryPoint","urlTemplate":"https:\/\/noticiasya.com\/?s={search_term_string}"},"query-input":{"@type":"PropertyValueSpecification","valueRequired":true,"valueName":"search_term_string"}}],"inLanguage":"es"},{"@type":"Organization","@id":"https:\/\/noticiasya.com\/#organization","name":"Noticias","url":"https:\/\/noticiasya.com\/","logo":{"@type":"ImageObject","inLanguage":"es","@id":"https:\/\/noticiasya.com\/#\/schema\/logo\/image\/","url":"https:\/\/noticiasya.com\/wp-content\/uploads\/sites\/22\/2023\/12\/logo-nacional.png","contentUrl":"https:\/\/noticiasya.com\/wp-content\/uploads\/sites\/22\/2023\/12\/logo-nacional.png","width":1801,"height":691,"caption":"Noticias"},"image":{"@id":"https:\/\/noticiasya.com\/#\/schema\/logo\/image\/"}}]}},"parsely":{"version":"1.1.0","canonical_url":"https:\/\/noticiasya.com\/san-diego\/2026\/04\/28\/mundial-futbol-mexico-quejas-precios-entradas-orix\/","smart_links":{"inbound":0,"outbound":0},"traffic_boost_suggestions_count":0,"meta":{"@context":"https:\/\/schema.org","@type":"NewsArticle","headline":"&#171;Este Mundial no es de M\u00e9xico&#187;: los precios de las entradas generan malestar entre los aficionados mexicanos","url":"http:\/\/noticiasya.com\/san-diego\/2026\/04\/28\/mundial-futbol-mexico-quejas-precios-entradas-orix\/","mainEntityOfPage":{"@type":"WebPage","@id":"http:\/\/noticiasya.com\/san-diego\/2026\/04\/28\/mundial-futbol-mexico-quejas-precios-entradas-orix\/"},"thumbnailUrl":"","image":{"@type":"ImageObject","url":""},"articleSection":"Noticias Nacionales","author":[],"creator":[],"publisher":{"@type":"Organization","name":"Noticias","logo":""},"keywords":[],"dateCreated":"2026-04-28T14:03:49Z","datePublished":"2026-04-28T14:03:49Z","dateModified":"2026-04-28T14:03:49Z"},"rendered":"<script type=\"application\/ld+json\" class=\"wp-parsely-metadata\">{\"@context\":\"https:\\\/\\\/schema.org\",\"@type\":\"NewsArticle\",\"headline\":\"&#171;Este Mundial no es de M\\u00e9xico&#187;: los precios de las entradas generan malestar entre los aficionados mexicanos\",\"url\":\"http:\\\/\\\/noticiasya.com\\\/san-diego\\\/2026\\\/04\\\/28\\\/mundial-futbol-mexico-quejas-precios-entradas-orix\\\/\",\"mainEntityOfPage\":{\"@type\":\"WebPage\",\"@id\":\"http:\\\/\\\/noticiasya.com\\\/san-diego\\\/2026\\\/04\\\/28\\\/mundial-futbol-mexico-quejas-precios-entradas-orix\\\/\"},\"thumbnailUrl\":\"\",\"image\":{\"@type\":\"ImageObject\",\"url\":\"\"},\"articleSection\":\"Noticias Nacionales\",\"author\":[],\"creator\":[],\"publisher\":{\"@type\":\"Organization\",\"name\":\"Noticias\",\"logo\":\"\"},\"keywords\":[],\"dateCreated\":\"2026-04-28T14:03:49Z\",\"datePublished\":\"2026-04-28T14:03:49Z\",\"dateModified\":\"2026-04-28T14:03:49Z\"}<\/script>","tracker_url":"https:\/\/cdn.parsely.com\/keys\/noticiasya.com\/p.js"},"jetpack_featured_media_url":"","jetpack-related-posts":[{"id":1469356,"url":"https:\/\/noticiasya.com\/san-diego\/2025\/12\/17\/mundial-2026-altos-precios-boletos-fifa-trax\/","url_meta":{"origin":1473565,"position":0},"title":"Los precios de las entradas plantean la pregunta: \u00bfser\u00e1 este el Mundial del &#171;s\u00e1ndwich de langostinos&#187;?","author":"","date":"diciembre 17, 2025","format":false,"excerpt":"El excapit\u00e1n del Manchester United Roy Keane era conocido por su valent\u00eda e intimidaci\u00f3n. Durante sus 12 a\u00f1os en Old Trafford, el centrocampista irland\u00e9s conquist\u00f3 17 trofeos y dej\u00f3 huella en muchos jugadores rivales.Pero una de sus contribuciones m\u00e1s significativas al f\u00fatbol fue un comentario tras un partido de la\u2026","rel":"","context":"In &quot;Noticias Nacionales&quot;","block_context":{"text":"Noticias Nacionales","link":"https:\/\/noticiasya.com\/san-diego\/categoria\/noticias-nacionales"},"img":{"alt_text":"","src":"","width":0,"height":0},"classes":[]},{"id":1469229,"url":"https:\/\/noticiasya.com\/san-diego\/2025\/12\/12\/aficionados-asombrados-precios-copa-mundial-2026-trax\/","url_meta":{"origin":1473565,"position":1},"title":"Por qu\u00e9 los aficionados est\u00e1n &#171;asombrados&#187; por los precios &#171;exorbitantes&#187; de las entradas de la Copa Mundial 2026","author":"","date":"diciembre 12, 2025","format":false,"excerpt":"Con la Copa Mundial de la FIFA 2026 a solo seis meses de comenzar, los aficionados deber\u00edan estar entusiasmados por ir a ver jugar a su selecci\u00f3n nacional en Norteam\u00e9rica el pr\u00f3ximo verano. Pero, tras el inicio de la fase m\u00e1s reciente de venta de boletos esta semana, asistir podr\u00eda\u2026","rel":"","context":"In &quot;Noticias Nacionales&quot;","block_context":{"text":"Noticias Nacionales","link":"https:\/\/noticiasya.com\/san-diego\/categoria\/noticias-nacionales"},"img":{"alt_text":"","src":"","width":0,"height":0},"classes":[]},{"id":1473366,"url":"https:\/\/noticiasya.com\/san-diego\/2026\/04\/21\/mundial-aficionados-evitan-viajar-trax\/","url_meta":{"origin":1473565,"position":2},"title":"Una consecuencia no prevista de la pol\u00edtica migratoria de EE.UU.: algunos aficionados eval\u00faan no viajar al Mundial","author":"","date":"abril 21, 2026","format":false,"excerpt":"Steve Schwarzbach ha asistido a todos los Mundiales desde 2006.No ten\u00eda reparos en viajar a pa\u00edses como Sud\u00e1frica o Brasil, que pueden tener reputaci\u00f3n \u2014justificada o no\u2014 de ser peligrosos para los turistas. Dado el tama\u00f1o del evento internacional, confiaba en que la polic\u00eda local proteger\u00eda a visitantes del Mundial\u2026","rel":"","context":"In &quot;Noticias Nacionales&quot;","block_context":{"text":"Noticias Nacionales","link":"https:\/\/noticiasya.com\/san-diego\/categoria\/noticias-nacionales"},"img":{"alt_text":"","src":"","width":0,"height":0},"classes":[]},{"id":1473691,"url":"https:\/\/noticiasya.com\/san-diego\/2026\/04\/30\/guillermo-ochoa-sexto-mundial-retiro-orix\/","url_meta":{"origin":1473565,"position":3},"title":"Guillermo Ochoa confirm\u00f3 que jugar\u00e1 su sexto Mundial con M\u00e9xico y que luego se retirar\u00e1","author":"","date":"abril 30, 2026","format":false,"excerpt":"Hablar de Guillermo Ochoa es hablar de una de las figuras m\u00e1s representativas en la historia del f\u00fatbol mexicano. El guardameta jalisciense volvi\u00f3 a colocarse en el centro de la conversaci\u00f3n luego de confirmar, de manera indirecta, que disputar\u00e1 su sexto Mundial y que se retirar\u00e1 al finalizar el certamen.El\u2026","rel":"","context":"In &quot;Noticias Nacionales&quot;","block_context":{"text":"Noticias Nacionales","link":"https:\/\/noticiasya.com\/san-diego\/categoria\/noticias-nacionales"},"img":{"alt_text":"","src":"","width":0,"height":0},"classes":[]},{"id":1466304,"url":"https:\/\/noticiasya.com\/san-diego\/2025\/09\/09\/boletos-entradas-mundial-2026-precios-fechas-orix\/","url_meta":{"origin":1473565,"position":4},"title":"Boletos para el Mundial 2026: precios, fechas, c\u00f3mo comprar y todo lo que necesitas saber","author":"","date":"septiembre 9, 2025","format":false,"excerpt":"Faltan m\u00e1s de 290 d\u00edas para el comienzo de la Copa del Mundo de 2026, pero este mi\u00e9rcoles unos cu\u00e1ntos aficionados podr\u00e1n sentirse un poco m\u00e1s cerca. Es que este 10 de septiembre, la FIFA lanzar\u00e1 la primera fase de la venta de entradas, que se extender\u00e1 hasta el viernes\u2026","rel":"","context":"In &quot;Noticias Nacionales&quot;","block_context":{"text":"Noticias Nacionales","link":"https:\/\/noticiasya.com\/san-diego\/categoria\/noticias-nacionales"},"img":{"alt_text":"","src":"","width":0,"height":0},"classes":[]},{"id":1470683,"url":"https:\/\/noticiasya.com\/san-diego\/2026\/01\/30\/julian-quinones-colombiano-mexicano-tri-mundial-2026-orix\/","url_meta":{"origin":1473565,"position":5},"title":"Juli\u00e1n Qui\u00f1ones, el colombiano naturalizado mexicano que super\u00f3 a Cristiano Ronaldo y espera el llamado del Tri al Mundial","author":"","date":"enero 30, 2026","format":false,"excerpt":"Juli\u00e1n Qui\u00f1ones sigue escribiendo su propia historia en Arabia Saudita y lo hace a base de goles y constancia que no deber\u00edan pasar desapercibidos en el mundo del f\u00fatbol, no por la selecci\u00f3n mexicana, que no vive su mejor momento.Este jueves, el colombiano naturalizado mexicano volvi\u00f3 a ser protagonista tras\u2026","rel":"","context":"In &quot;Noticias Nacionales&quot;","block_context":{"text":"Noticias Nacionales","link":"https:\/\/noticiasya.com\/san-diego\/categoria\/noticias-nacionales"},"img":{"alt_text":"","src":"","width":0,"height":0},"classes":[]}],"jetpack_sharing_enabled":true,"_links":{"self":[{"href":"https:\/\/noticiasya.com\/san-diego\/wp-json\/wp\/v2\/posts\/1473565","targetHints":{"allow":["GET"]}}],"collection":[{"href":"https:\/\/noticiasya.com\/san-diego\/wp-json\/wp\/v2\/posts"}],"about":[{"href":"https:\/\/noticiasya.com\/san-diego\/wp-json\/wp\/v2\/types\/post"}],"replies":[{"embeddable":true,"href":"https:\/\/noticiasya.com\/san-diego\/wp-json\/wp\/v2\/comments?post=1473565"}],"version-history":[{"count":0,"href":"https:\/\/noticiasya.com\/san-diego\/wp-json\/wp\/v2\/posts\/1473565\/revisions"}],"wp:attachment":[{"href":"https:\/\/noticiasya.com\/san-diego\/wp-json\/wp\/v2\/media?parent=1473565"}],"wp:term":[{"taxonomy":"category","embeddable":true,"href":"https:\/\/noticiasya.com\/san-diego\/wp-json\/wp\/v2\/categories?post=1473565"},{"taxonomy":"post_tag","embeddable":true,"href":"https:\/\/noticiasya.com\/san-diego\/wp-json\/wp\/v2\/tags?post=1473565"}],"curies":[{"name":"wp","href":"https:\/\/api.w.org\/{rel}","templated":true}]}}