{"id":1473573,"date":"2026-04-28T10:03:47","date_gmt":"2026-04-28T17:03:47","guid":{"rendered":"https:\/\/noticiasya.com\/2026\/04\/28\/familia-migrante-venezolana-redadas-ice-orix\/"},"modified":"2026-04-28T10:03:47","modified_gmt":"2026-04-28T17:03:47","slug":"familia-migrante-venezolana-redadas-ice-orix","status":"publish","type":"post","link":"https:\/\/noticiasya.com\/san-diego\/2026\/04\/28\/familia-migrante-venezolana-redadas-ice-orix\/","title":{"rendered":"La traves\u00eda de una familia migrante venezolana, con un reci\u00e9n nacido, que abandon\u00f3 su hogar por temor a redadas de ICE"},"content":{"rendered":"<p>Osmeilys ten\u00eda dos d\u00edas de haber dado a luz cuando, junto a su esposo, su reci\u00e9n nacido y su hijo de 10 a\u00f1os, decidieron no regresar a su hogar despu\u00e9s de que un vecino tomara y les enviara videos en los que se ve\u00eda a agentes de <a href=\"https:\/\/cnnespanol.cnn.com\/2026\/04\/28\/eeuu\/exclusiva-trump-acelera-deportaciones-ninos-inmigrantes-trax\">ICE<\/a> arrestar a varias personas en su edificio como parte de una redada migratoria. Desde entonces, la familia no ha salido del pa\u00eds, pero su vida en Estados Unidos se ha visto significativamente trastocada.<\/p>\n<p>\u201cEse d\u00eda ten\u00edamos planificado un examen m\u00e9dico para mi ni\u00f1o reci\u00e9n nacido. Cuando salimos con mi esposo, no sab\u00edamos que no \u00edbamos a poder volver nunca, porque aparentemente los agentes est\u00e1n yendo todos los d\u00edas\u201d, dijo con temor en la voz. Por seguridad, pidi\u00f3 no mostrar su rostro ni nombrar su apellido.<\/p>\n<p>Osmeilys y su esposo, ambos originarios de <a href=\"https:\/\/cnnespanol.cnn.com\/2026\/04\/25\/eeuu\/venezuela-maduro-defensa-legal-trax\">Venezuela<\/a>, ingresaron a Estados Unidos en 2023, luego de haber solicitado asilo en el pa\u00eds a trav\u00e9s de la aplicaci\u00f3n CBP One bajo la administraci\u00f3n de Joe Biden. Sin embargo, no continuaron con el proceso porque consideraban no ser elegibles para solicitar asilo al no ser v\u00edctimas de ning\u00fan tipo de persecuci\u00f3n. Ese mismo a\u00f1o, su esposo logr\u00f3 obtener un permiso de trabajo a trav\u00e9s de la misma aplicaci\u00f3n. Luego, en enero de 2025, el Gobierno de Donald Trump inhabilit\u00f3 esa aplicaci\u00f3n como parte de su agenda.<\/p>\n<p>La plataforma del <a href=\"https:\/\/cnnespanol.cnn.com\/2026\/04\/27\/eeuu\/republicanos-congreso-financiacion-dhs-trax\">Departamento de Seguridad Nacional<\/a> (DHS, por sus siglas en ingl\u00e9s), que cerr\u00f3 minutos despu\u00e9s de la toma de posesi\u00f3n de Trump, permit\u00eda a los migrantes solicitar la entrada legal a Estados Unidos, adem\u00e1s de acceder a una variedad de servicios. Con su cierre, no solo dej\u00f3 de recibir solicitudes: tambi\u00e9n se cancelaron las citas existentes. Entre los afectados estuvieron Osmeilys y su familia.<\/p>\n<p>En marzo de 2025, DHS <a href=\"https:\/\/cnnespanol.cnn.com\/2025\/03\/10\/eeuu\/ee-uu-reemplaza-app-cbp-one-migrantes-autodeportacion-trax\">convirti\u00f3 CBP One en CBP Home<\/a>, una aplicaci\u00f3n en la que los migrantes, en lugar de solicitar asilo, pueden informar su intenci\u00f3n de \u201cautodeportarse\u201d. A cambio de irse, DHS ofrece a los inmigrantes un incentivo financiero que inicialmente era de US$ 1.000, que se pagaban tras la confirmaci\u00f3n, a trav\u00e9s de la aplicaci\u00f3n, de que hab\u00eda la persona abandonado el pa\u00eds. Recientemente esa cantidad se increment\u00f3 a US$ 2.600.<\/p>\n<p>En palabras de la entonces secretaria Kristi Noem, <a href=\"https:\/\/cnnespanol.cnn.com\/2026\/03\/05\/eeuu\/trump-reemplazar-noem-trax\">destituida<\/a> por Trump el mes pasado, la medida \u201crestauraba la integridad del sistema de inmigraci\u00f3n de Estados Unidos\u201d.<\/p>\n<p>Hace unas semanas, Osmeilys y su esposo, Luis, salieron rumbo a una cita m\u00e9dica para su beb\u00e9 reci\u00e9n nacido cuando les avisaron de controles migratorios en la zona. Por seguridad, decidieron no regresar y tuvieron que planificar una mudanza inmediata. Ella dice que eso los oblig\u00f3 a buscar ayuda y, consecuentemente, a perder muchas de sus pertenencias. \u201cTen\u00eda apenas dos d\u00edas de haber dado a luz y pas\u00e9 todo el d\u00eda en el carro\u201d, cont\u00f3.<\/p>\n<p>Seg\u00fan el testimonio de Osmeilys, sus entonces vecinos, quienes tambi\u00e9n son inmigrantes que a\u00fan residen en el edificio, le han dicho que \u201cviven encerrados y no est\u00e1n mandando a los ni\u00f1os a la escuela por lo que est\u00e1 pasando\u201d. A\u00f1adi\u00f3 que el arrendador habl\u00f3 con agentes federales, quienes le habr\u00edan dicho que ICE buscaba a una persona en espec\u00edfico.<\/p>\n<p>CNN contact\u00f3 a ICE para solicitar comentarios y est\u00e1 a la espera de una respuesta. Tambi\u00e9n verific\u00f3 que ambos inmigrantes no tienen antecedentes penales.<\/p>\n<p>Osmeilys dice que, tras quedarse sin hogar, una amiga de la familia la puso en contacto con la due\u00f1a del edificio donde viven ahora, un espacio que est\u00e1 relativamente lejos de su antigua vivienda, donde pudieron conseguir un lugar seguro por el momento. \u201cHa sido demasiado fuerte, pero lo que importa es que estemos juntos y un poco m\u00e1s tranquilos\u201d, dijo.<\/p>\n<p>Sin embargo, las preocupaciones aumentan. \u201cLa due\u00f1a nos dej\u00f3 arrendar sin pagar el dep\u00f3sito, que son m\u00e1s de US$ 800. Nos dijo que primero solucionemos nuestra situaci\u00f3n laboral y luego lo solventamos, adem\u00e1s de poder firmar el contrato, que a\u00fan no se ha firmado\u201d, cont\u00f3. Tambi\u00e9n dijo que la familia enfrenta gastos m\u00e9dicos por maternidad que suman cerca de US$ 9.000.<\/p>\n<p>Osmeilys afirma que cuando la administraci\u00f3n Trump cerr\u00f3 la aplicaci\u00f3n CBP One, a su esposo le revocaron el permiso de trabajo que hab\u00eda obtenido en 2023 y tuvieron que buscar otras opciones laborales para cubrir los gastos del hogar. \u201cLe hablaron en Recursos Humanos y le dijeron que hab\u00eda un problema con su permiso y no se pudo solucionar\u201d, dijo.<\/p>\n<p>A\u00fan con deudas m\u00e9dicas y de vivienda acumuladas, la familia quiere permanecer en Estados Unidos y dice estar buscando asesor\u00eda legal para ajustar su estatus migratorio. Asimismo, alega que asistieron a varias citas de control migratorio hasta el a\u00f1o pasado, pero que dejaron de acudir tras conocer casos de familias que fueron detenidas al presentarse y luego deportadas.<\/p>\n<p>The-CNN-Wire<br \/>&trade; &amp; &copy; 2026 Cable News Network, Inc., a Warner Bros. Discovery Company. All rights reserved.<\/p>\n","protected":false},"excerpt":{"rendered":"<p>Osmeilys ten\u00eda dos d\u00edas de haber dado a luz cuando, junto a su esposo, su reci\u00e9n nacido y su hijo de 10 a\u00f1os, decidieron no regresar a su hogar despu\u00e9s de que un vecino tomara y les enviara videos en los que se ve\u00eda a agentes de ICE arrestar a varias personas en su edificio [&hellip;]<\/p>\n","protected":false},"author":0,"featured_media":0,"comment_status":"open","ping_status":"open","sticky":false,"template":"","format":"standard","meta":{"_jetpack_memberships_contains_paid_content":false,"footnotes":""},"categories":[10],"tags":[],"class_list":["post-1473573","post","type-post","status-publish","format-standard","hentry","category-noticias-nacionales","market-global"],"yoast_head":"<!-- This site is optimized with the Yoast SEO plugin v24.4 - https:\/\/yoast.com\/wordpress\/plugins\/seo\/ -->\n<title>La traves\u00eda de una familia migrante venezolana, con un reci\u00e9n nacido, que abandon\u00f3 su hogar por temor a redadas de ICE - Noticias<\/title>\n<meta name=\"robots\" content=\"index, follow, max-snippet:-1, max-image-preview:large, max-video-preview:-1\" \/>\n<link rel=\"canonical\" href=\"https:\/\/noticiasya.com\/2026\/04\/28\/familia-migrante-venezolana-redadas-ice-orix\/\" \/>\n<meta property=\"og:locale\" content=\"es_ES\" \/>\n<meta property=\"og:type\" content=\"article\" \/>\n<meta property=\"og:title\" content=\"La traves\u00eda de una familia migrante venezolana, con un reci\u00e9n nacido, que abandon\u00f3 su hogar por temor a redadas de ICE - Noticias\" \/>\n<meta property=\"og:description\" content=\"Osmeilys ten\u00eda dos d\u00edas de haber dado a luz cuando, junto a su esposo, su reci\u00e9n nacido y su hijo de 10 a\u00f1os, decidieron no regresar a su hogar despu\u00e9s de que un vecino tomara y les enviara videos en los que se ve\u00eda a agentes de ICE arrestar a varias personas en su edificio [&hellip;]\" \/>\n<meta property=\"og:url\" content=\"https:\/\/noticiasya.com\/2026\/04\/28\/familia-migrante-venezolana-redadas-ice-orix\/\" \/>\n<meta property=\"og:site_name\" content=\"Noticias\" \/>\n<meta property=\"article:published_time\" content=\"2026-04-28T17:03:47+00:00\" \/>\n<meta name=\"twitter:card\" content=\"summary_large_image\" \/>\n<meta name=\"twitter:label1\" content=\"Est. reading time\" \/>\n\t<meta name=\"twitter:data1\" content=\"4 minutos\" \/>\n<script type=\"application\/ld+json\" class=\"yoast-schema-graph\">{\"@context\":\"https:\/\/schema.org\",\"@graph\":[{\"@type\":\"Article\",\"@id\":\"https:\/\/noticiasya.com\/2026\/04\/28\/familia-migrante-venezolana-redadas-ice-orix\/#article\",\"isPartOf\":{\"@id\":\"https:\/\/noticiasya.com\/2026\/04\/28\/familia-migrante-venezolana-redadas-ice-orix\/\"},\"author\":{\"name\":\"\",\"@id\":\"\"},\"headline\":\"La traves\u00eda de una familia migrante venezolana, con un reci\u00e9n nacido, que abandon\u00f3 su hogar por temor a redadas de ICE\",\"datePublished\":\"2026-04-28T17:03:47+00:00\",\"mainEntityOfPage\":{\"@id\":\"https:\/\/noticiasya.com\/2026\/04\/28\/familia-migrante-venezolana-redadas-ice-orix\/\"},\"wordCount\":893,\"commentCount\":0,\"publisher\":{\"@id\":\"https:\/\/noticiasya.com\/#organization\"},\"articleSection\":[\"Noticias Nacionales\"],\"inLanguage\":\"es\",\"potentialAction\":[{\"@type\":\"CommentAction\",\"name\":\"Comment\",\"target\":[\"https:\/\/noticiasya.com\/2026\/04\/28\/familia-migrante-venezolana-redadas-ice-orix\/#respond\"]}]},{\"@type\":\"WebPage\",\"@id\":\"https:\/\/noticiasya.com\/2026\/04\/28\/familia-migrante-venezolana-redadas-ice-orix\/\",\"url\":\"https:\/\/noticiasya.com\/2026\/04\/28\/familia-migrante-venezolana-redadas-ice-orix\/\",\"name\":\"La traves\u00eda de una familia migrante venezolana, con un reci\u00e9n nacido, que abandon\u00f3 su hogar por temor a redadas de ICE - Noticias\",\"isPartOf\":{\"@id\":\"https:\/\/noticiasya.com\/#website\"},\"datePublished\":\"2026-04-28T17:03:47+00:00\",\"breadcrumb\":{\"@id\":\"https:\/\/noticiasya.com\/2026\/04\/28\/familia-migrante-venezolana-redadas-ice-orix\/#breadcrumb\"},\"inLanguage\":\"es\",\"potentialAction\":[{\"@type\":\"ReadAction\",\"target\":[\"https:\/\/noticiasya.com\/2026\/04\/28\/familia-migrante-venezolana-redadas-ice-orix\/\"]}]},{\"@type\":\"BreadcrumbList\",\"@id\":\"https:\/\/noticiasya.com\/2026\/04\/28\/familia-migrante-venezolana-redadas-ice-orix\/#breadcrumb\",\"itemListElement\":[{\"@type\":\"ListItem\",\"position\":1,\"name\":\"Home\",\"item\":\"https:\/\/noticiasya.com\/\"},{\"@type\":\"ListItem\",\"position\":2,\"name\":\"La traves\u00eda de una familia migrante venezolana, con un reci\u00e9n nacido, que abandon\u00f3 su hogar por temor a redadas de ICE\"}]},{\"@type\":\"WebSite\",\"@id\":\"https:\/\/noticiasya.com\/#website\",\"url\":\"https:\/\/noticiasya.com\/\",\"name\":\"Noticias\",\"description\":\"Lo que importa\",\"publisher\":{\"@id\":\"https:\/\/noticiasya.com\/#organization\"},\"potentialAction\":[{\"@type\":\"SearchAction\",\"target\":{\"@type\":\"EntryPoint\",\"urlTemplate\":\"https:\/\/noticiasya.com\/?s={search_term_string}\"},\"query-input\":{\"@type\":\"PropertyValueSpecification\",\"valueRequired\":true,\"valueName\":\"search_term_string\"}}],\"inLanguage\":\"es\"},{\"@type\":\"Organization\",\"@id\":\"https:\/\/noticiasya.com\/#organization\",\"name\":\"Noticias\",\"url\":\"https:\/\/noticiasya.com\/\",\"logo\":{\"@type\":\"ImageObject\",\"inLanguage\":\"es\",\"@id\":\"https:\/\/noticiasya.com\/#\/schema\/logo\/image\/\",\"url\":\"https:\/\/noticiasya.com\/wp-content\/uploads\/sites\/22\/2023\/12\/logo-nacional.png\",\"contentUrl\":\"https:\/\/noticiasya.com\/wp-content\/uploads\/sites\/22\/2023\/12\/logo-nacional.png\",\"width\":1801,\"height\":691,\"caption\":\"Noticias\"},\"image\":{\"@id\":\"https:\/\/noticiasya.com\/#\/schema\/logo\/image\/\"}}]}<\/script>\n<!-- \/ Yoast SEO plugin. -->","yoast_head_json":{"title":"La traves\u00eda de una familia migrante venezolana, con un reci\u00e9n nacido, que abandon\u00f3 su hogar por temor a redadas de ICE - Noticias","robots":{"index":"index","follow":"follow","max-snippet":"max-snippet:-1","max-image-preview":"max-image-preview:large","max-video-preview":"max-video-preview:-1"},"canonical":"https:\/\/noticiasya.com\/2026\/04\/28\/familia-migrante-venezolana-redadas-ice-orix\/","og_locale":"es_ES","og_type":"article","og_title":"La traves\u00eda de una familia migrante venezolana, con un reci\u00e9n nacido, que abandon\u00f3 su hogar por temor a redadas de ICE - Noticias","og_description":"Osmeilys ten\u00eda dos d\u00edas de haber dado a luz cuando, junto a su esposo, su reci\u00e9n nacido y su hijo de 10 a\u00f1os, decidieron no regresar a su hogar despu\u00e9s de que un vecino tomara y les enviara videos en los que se ve\u00eda a agentes de ICE arrestar a varias personas en su edificio [&hellip;]","og_url":"https:\/\/noticiasya.com\/2026\/04\/28\/familia-migrante-venezolana-redadas-ice-orix\/","og_site_name":"Noticias","article_published_time":"2026-04-28T17:03:47+00:00","twitter_card":"summary_large_image","twitter_misc":{"Est. reading time":"4 minutos"},"schema":{"@context":"https:\/\/schema.org","@graph":[{"@type":"Article","@id":"https:\/\/noticiasya.com\/2026\/04\/28\/familia-migrante-venezolana-redadas-ice-orix\/#article","isPartOf":{"@id":"https:\/\/noticiasya.com\/2026\/04\/28\/familia-migrante-venezolana-redadas-ice-orix\/"},"author":{"name":"","@id":""},"headline":"La traves\u00eda de una familia migrante venezolana, con un reci\u00e9n nacido, que abandon\u00f3 su hogar por temor a redadas de ICE","datePublished":"2026-04-28T17:03:47+00:00","mainEntityOfPage":{"@id":"https:\/\/noticiasya.com\/2026\/04\/28\/familia-migrante-venezolana-redadas-ice-orix\/"},"wordCount":893,"commentCount":0,"publisher":{"@id":"https:\/\/noticiasya.com\/#organization"},"articleSection":["Noticias Nacionales"],"inLanguage":"es","potentialAction":[{"@type":"CommentAction","name":"Comment","target":["https:\/\/noticiasya.com\/2026\/04\/28\/familia-migrante-venezolana-redadas-ice-orix\/#respond"]}]},{"@type":"WebPage","@id":"https:\/\/noticiasya.com\/2026\/04\/28\/familia-migrante-venezolana-redadas-ice-orix\/","url":"https:\/\/noticiasya.com\/2026\/04\/28\/familia-migrante-venezolana-redadas-ice-orix\/","name":"La traves\u00eda de una familia migrante venezolana, con un reci\u00e9n nacido, que abandon\u00f3 su hogar por temor a redadas de ICE - Noticias","isPartOf":{"@id":"https:\/\/noticiasya.com\/#website"},"datePublished":"2026-04-28T17:03:47+00:00","breadcrumb":{"@id":"https:\/\/noticiasya.com\/2026\/04\/28\/familia-migrante-venezolana-redadas-ice-orix\/#breadcrumb"},"inLanguage":"es","potentialAction":[{"@type":"ReadAction","target":["https:\/\/noticiasya.com\/2026\/04\/28\/familia-migrante-venezolana-redadas-ice-orix\/"]}]},{"@type":"BreadcrumbList","@id":"https:\/\/noticiasya.com\/2026\/04\/28\/familia-migrante-venezolana-redadas-ice-orix\/#breadcrumb","itemListElement":[{"@type":"ListItem","position":1,"name":"Home","item":"https:\/\/noticiasya.com\/"},{"@type":"ListItem","position":2,"name":"La traves\u00eda de una familia migrante venezolana, con un reci\u00e9n nacido, que abandon\u00f3 su hogar por temor a redadas de ICE"}]},{"@type":"WebSite","@id":"https:\/\/noticiasya.com\/#website","url":"https:\/\/noticiasya.com\/","name":"Noticias","description":"Lo que importa","publisher":{"@id":"https:\/\/noticiasya.com\/#organization"},"potentialAction":[{"@type":"SearchAction","target":{"@type":"EntryPoint","urlTemplate":"https:\/\/noticiasya.com\/?s={search_term_string}"},"query-input":{"@type":"PropertyValueSpecification","valueRequired":true,"valueName":"search_term_string"}}],"inLanguage":"es"},{"@type":"Organization","@id":"https:\/\/noticiasya.com\/#organization","name":"Noticias","url":"https:\/\/noticiasya.com\/","logo":{"@type":"ImageObject","inLanguage":"es","@id":"https:\/\/noticiasya.com\/#\/schema\/logo\/image\/","url":"https:\/\/noticiasya.com\/wp-content\/uploads\/sites\/22\/2023\/12\/logo-nacional.png","contentUrl":"https:\/\/noticiasya.com\/wp-content\/uploads\/sites\/22\/2023\/12\/logo-nacional.png","width":1801,"height":691,"caption":"Noticias"},"image":{"@id":"https:\/\/noticiasya.com\/#\/schema\/logo\/image\/"}}]}},"parsely":{"version":"1.1.0","canonical_url":"https:\/\/noticiasya.com\/san-diego\/2026\/04\/28\/familia-migrante-venezolana-redadas-ice-orix\/","smart_links":{"inbound":0,"outbound":0},"traffic_boost_suggestions_count":0,"meta":{"@context":"https:\/\/schema.org","@type":"NewsArticle","headline":"La traves\u00eda de una familia migrante venezolana, con un reci\u00e9n nacido, que abandon\u00f3 su hogar por temor a redadas de ICE","url":"http:\/\/noticiasya.com\/san-diego\/2026\/04\/28\/familia-migrante-venezolana-redadas-ice-orix\/","mainEntityOfPage":{"@type":"WebPage","@id":"http:\/\/noticiasya.com\/san-diego\/2026\/04\/28\/familia-migrante-venezolana-redadas-ice-orix\/"},"thumbnailUrl":"","image":{"@type":"ImageObject","url":""},"articleSection":"Noticias Nacionales","author":[],"creator":[],"publisher":{"@type":"Organization","name":"Noticias","logo":""},"keywords":[],"dateCreated":"2026-04-28T17:03:47Z","datePublished":"2026-04-28T17:03:47Z","dateModified":"2026-04-28T17:03:47Z"},"rendered":"<script type=\"application\/ld+json\" class=\"wp-parsely-metadata\">{\"@context\":\"https:\\\/\\\/schema.org\",\"@type\":\"NewsArticle\",\"headline\":\"La traves\\u00eda de una familia migrante venezolana, con un reci\\u00e9n nacido, que abandon\\u00f3 su hogar por temor a redadas de ICE\",\"url\":\"http:\\\/\\\/noticiasya.com\\\/san-diego\\\/2026\\\/04\\\/28\\\/familia-migrante-venezolana-redadas-ice-orix\\\/\",\"mainEntityOfPage\":{\"@type\":\"WebPage\",\"@id\":\"http:\\\/\\\/noticiasya.com\\\/san-diego\\\/2026\\\/04\\\/28\\\/familia-migrante-venezolana-redadas-ice-orix\\\/\"},\"thumbnailUrl\":\"\",\"image\":{\"@type\":\"ImageObject\",\"url\":\"\"},\"articleSection\":\"Noticias Nacionales\",\"author\":[],\"creator\":[],\"publisher\":{\"@type\":\"Organization\",\"name\":\"Noticias\",\"logo\":\"\"},\"keywords\":[],\"dateCreated\":\"2026-04-28T17:03:47Z\",\"datePublished\":\"2026-04-28T17:03:47Z\",\"dateModified\":\"2026-04-28T17:03:47Z\"}<\/script>","tracker_url":"https:\/\/cdn.parsely.com\/keys\/noticiasya.com\/p.js"},"jetpack_featured_media_url":"","jetpack-related-posts":[{"id":1465224,"url":"https:\/\/noticiasya.com\/san-diego\/2025\/08\/07\/familia-migrantes-atrinchera-california-evitar-deportacion-orix\/","url_meta":{"origin":1473573,"position":0},"title":"&#171;Esto ha sido como un trauma&#187;: el drama de una familia migrante atrincherada en su casa por miedo a ICE","author":"","date":"agosto 7, 2025","format":false,"excerpt":"Roberto Reyes tiene 32 a\u00f1os y es nacido en Nicaragua. Hace tres a\u00f1os lleg\u00f3 a Estados Unidos con su familia y, desde el 30 de julio, vive una situaci\u00f3n que se parece bastante a una pesadilla, a la escena de una pel\u00edcula de terror de la que nunca pens\u00f3 ser\u2026","rel":"","context":"In &quot;Noticias Nacionales&quot;","block_context":{"text":"Noticias Nacionales","link":"https:\/\/noticiasya.com\/san-diego\/categoria\/noticias-nacionales"},"img":{"alt_text":"","src":"","width":0,"height":0},"classes":[]},{"id":1463574,"url":"https:\/\/noticiasya.com\/san-diego\/2025\/06\/15\/los-angeles-costo-humano-represion-migratoria-trump-trax\/","url_meta":{"origin":1473573,"position":1},"title":"Una semana tumultuosa en Los \u00c1ngeles ilustra el costo humano de la represi\u00f3n migratoria m\u00e1s agresiva del Gobierno de Trump","author":"","date":"junio 15, 2025","format":false,"excerpt":"D\u00edas antes de que las redadas de inmigraci\u00f3n desencadenaran protestas a veces violentas y el despliegue de tropas estadounidenses en Los \u00c1ngeles, Nancy Raquel Chirinos Medina dijo que su esposo recibi\u00f3 un mensaje de texto \u201cextra\u00f1o\u201d.El mensaje del Servicio de Inmigraci\u00f3n y Control de Aduanas de Estados Unidos (ICE, por\u2026","rel":"","context":"In &quot;Noticias Nacionales&quot;","block_context":{"text":"Noticias Nacionales","link":"https:\/\/noticiasya.com\/san-diego\/categoria\/noticias-nacionales"},"img":{"alt_text":"","src":"","width":0,"height":0},"classes":[]},{"id":1470202,"url":"https:\/\/noticiasya.com\/san-diego\/2026\/01\/17\/familia-minneapolis-gas-lacrimogeno-ice-trax\/","url_meta":{"origin":1473573,"position":2},"title":"Seis ni\u00f1os de una familia de Minneapolis fueron alcanzados por gas lacrim\u00f3geno tras quedar atrapados en protesta contra ICE","author":"","date":"enero 17, 2026","format":false,"excerpt":"Una familia que intentaba regresar a casa despu\u00e9s del partido de baloncesto de su hijo en Minneapolis el mi\u00e9rcoles se encontr\u00f3 entre manifestantes y agentes federales, antes de ser alcanzados por gas lacrim\u00f3geno en su autom\u00f3vil y que la madre tuviera que realizar RCP a su beb\u00e9.Destiny Jackson, de 26\u2026","rel":"","context":"In &quot;Noticias Nacionales&quot;","block_context":{"text":"Noticias Nacionales","link":"https:\/\/noticiasya.com\/san-diego\/categoria\/noticias-nacionales"},"img":{"alt_text":"","src":"","width":0,"height":0},"classes":[]},{"id":1465150,"url":"https:\/\/noticiasya.com\/san-diego\/2025\/08\/05\/paola-clouatre-veterano-marines-bebes-ice-liberada-orix\/","url_meta":{"origin":1473573,"position":3},"title":"&#171;Mam\u00e1 est\u00e1 en casa otra vez&#187;, el emotivo reencuentro de una madre con sus beb\u00e9s tras meses de detenci\u00f3n por ICE","author":"","date":"agosto 5, 2025","format":false,"excerpt":"Cuando Paola lleg\u00f3 a su casa, su peque\u00f1o hijo Noah la mir\u00f3 de reojo. Se tapaba la cara, se daba vuelta, volv\u00eda a mirar. \u201cComo si no creyera que la que estaba ah\u00ed era yo, su mam\u00e1\u201d, dice la mujer, mientras rememora el momento en el que se reencontr\u00f3 con\u2026","rel":"","context":"In &quot;Noticias Nacionales&quot;","block_context":{"text":"Noticias Nacionales","link":"https:\/\/noticiasya.com\/san-diego\/categoria\/noticias-nacionales"},"img":{"alt_text":"","src":"","width":0,"height":0},"classes":[]},{"id":1471059,"url":"https:\/\/noticiasya.com\/san-diego\/2026\/02\/10\/ice-detuvo-esposo-quedo-sola-cinco-hijos-orix\/","url_meta":{"origin":1473573,"position":4},"title":"ICE detuvo a su esposo y se qued\u00f3 sola con sus cinco hijos por m\u00e1s de seis meses. &#171;No quer\u00eda que vieran ese dolor&#187;","author":"","date":"febrero 10, 2026","format":false,"excerpt":"Esmeralda Mej\u00eda pas\u00f3 m\u00e1s de 200 d\u00edas sumida en una angustia silenciosa. No quer\u00eda que sus hijos la vieran triste por la detenci\u00f3n de su esposo, Juan Carlos, llevado por las autoridades de inmigraci\u00f3n en Burbank, California. Durante el d\u00eda intentaba mostrarse fuerte, pero por la noche ya no pod\u00eda\u2026","rel":"","context":"In &quot;Noticias Nacionales&quot;","block_context":{"text":"Noticias Nacionales","link":"https:\/\/noticiasya.com\/san-diego\/categoria\/noticias-nacionales"},"img":{"alt_text":"","src":"","width":0,"height":0},"classes":[]},{"id":1471395,"url":"https:\/\/noticiasya.com\/san-diego\/2026\/02\/18\/ice-detuvo-esposo-brasil-orix\/","url_meta":{"origin":1473573,"position":5},"title":"ICE detuvo a su esposo y ella decidi\u00f3 abandonar EE.UU. para empezar de nuevo en Brasil","author":"","date":"febrero 18, 2026","format":false,"excerpt":"Para Hannah fue muy f\u00e1cil enamorarse de Matheus. Cuando se conocieron, ella esperaba un Uber y un hombre se le acerc\u00f3.\u201cCruz\u00f3 la calle corriendo y me dijo: \u2018Eres la chica m\u00e1s hermosa que he visto en mi vida, \u00bfpuedo invitarte a salir?\u2019\u201d, recuerda Hannah.Ella, quien no hab\u00eda salido en una\u2026","rel":"","context":"In &quot;Noticias Nacionales&quot;","block_context":{"text":"Noticias Nacionales","link":"https:\/\/noticiasya.com\/san-diego\/categoria\/noticias-nacionales"},"img":{"alt_text":"","src":"","width":0,"height":0},"classes":[]}],"jetpack_sharing_enabled":true,"_links":{"self":[{"href":"https:\/\/noticiasya.com\/san-diego\/wp-json\/wp\/v2\/posts\/1473573","targetHints":{"allow":["GET"]}}],"collection":[{"href":"https:\/\/noticiasya.com\/san-diego\/wp-json\/wp\/v2\/posts"}],"about":[{"href":"https:\/\/noticiasya.com\/san-diego\/wp-json\/wp\/v2\/types\/post"}],"replies":[{"embeddable":true,"href":"https:\/\/noticiasya.com\/san-diego\/wp-json\/wp\/v2\/comments?post=1473573"}],"version-history":[{"count":0,"href":"https:\/\/noticiasya.com\/san-diego\/wp-json\/wp\/v2\/posts\/1473573\/revisions"}],"wp:attachment":[{"href":"https:\/\/noticiasya.com\/san-diego\/wp-json\/wp\/v2\/media?parent=1473573"}],"wp:term":[{"taxonomy":"category","embeddable":true,"href":"https:\/\/noticiasya.com\/san-diego\/wp-json\/wp\/v2\/categories?post=1473573"},{"taxonomy":"post_tag","embeddable":true,"href":"https:\/\/noticiasya.com\/san-diego\/wp-json\/wp\/v2\/tags?post=1473573"}],"curies":[{"name":"wp","href":"https:\/\/api.w.org\/{rel}","templated":true}]}}