{"id":1473574,"date":"2026-04-28T10:03:47","date_gmt":"2026-04-28T17:03:47","guid":{"rendered":"https:\/\/noticiasya.com\/2026\/04\/28\/oz-pearlman-jimmy-kimmel-corresponsales-orix\/"},"modified":"2026-04-28T10:03:47","modified_gmt":"2026-04-28T17:03:47","slug":"oz-pearlman-jimmy-kimmel-corresponsales-orix","status":"publish","type":"post","link":"https:\/\/noticiasya.com\/san-diego\/2026\/04\/28\/oz-pearlman-jimmy-kimmel-corresponsales-orix\/","title":{"rendered":"Oz Pearlman, el mago que amenizaba la Cena de Corresponsales la noche del tiroteo, no particip\u00f3 el lunes en el show de Kimmel"},"content":{"rendered":"<p>Oz Pearlman, el <a href=\"https:\/\/www.ozpearlman.com\/\">mentalista y mago<\/a> que amenizaba la cena de la Asociaci\u00f3n de Corresponsales de la Casa Blanca el s\u00e1bado en el Washington Hilton cuando <a href=\"https:\/\/cnnespanol.cnn.com\/2026\/04\/27\/eeuu\/live-news\/ultima-hora-tiroteo-cena-corresponsales-sospechoso-noticias-trax\">un hombre armado abri\u00f3 fuego<\/a>, no particip\u00f3 el lunes en el programa televisivo \u201cJimmy Kimmel Live!\u201d, en el que estaba anunciado como invitado, seg\u00fan <a href=\"https:\/\/www.hollywoodreporter.com\/tv\/tv-news\/oz-pearlman-not-appearing-jimmy-kimmel-live-whcd-shooting-1236578673\/\">The Hollywood Reporter<\/a>.<\/p>\n<p>El <a href=\"https:\/\/abc.com\/news\/56171eee-70d4-43ba-bfdb-d105ac54bda1\/category\/154926\">cronograma de invitados<\/a> de esta semana al \u201cJimmy Kimmel Live!\u201d en ABC muestra en la emisi\u00f3n del lunes al actor Anthony Anderson y al comediante Jon Lovett, en sustituci\u00f3n del conocido mentalista y mago estadounidense-israel\u00ed.<\/p>\n<p>Pearlman figura en muchos de los videos de la Cena de Corresponsales del s\u00e1bado, cuando fue interrumpida luego de que, en un piso superior del Washington Hilton, un sospechoso armado identificado como <a href=\"https:\/\/cnnespanol.cnn.com\/2026\/04\/26\/eeuu\/sospechoso-tiroteo-cena-corresponsales-casa-blanca-profesor-california-trax\">Cole Tomas Allen<\/a> se <a href=\"https:\/\/cnnespanol.cnn.com\/2026\/04\/27\/eeuu\/incidente-cena-corresponsales-mapas-trax\">enfrentara con las fuerzas del orden<\/a>.<\/p>\n<p>En el momento del incidente, que amerit\u00f3 la evacuaci\u00f3n del presidente Donald Trump y de altas figuras de la administraci\u00f3n Trump presentes en la cena, se ve a Pearlman en el podio central realizando un truco con barajas a la secretaria de Prensa de la Casa Blanca, Karoline Leavitt.<\/p>\n<p>Pearlman public\u00f3 <a href=\"https:\/\/www.instagram.com\/p\/DXlAgJVkWJ6\/\">en Instagram<\/a> un comunicado sobre el incidente.<\/p>\n<p>\u201cEstoy bien y gracias a Dios \u00a1todos est\u00e1n bien! Estaba en medio de una actuaci\u00f3n para el presidente y la primera dama cuando levant\u00e9 la vista y vi un alboroto; pens\u00e9 que era una bomba a punto de explotar o que se hab\u00edan disparado tiros. Nos tiramos al suelo r\u00e1pidamente y el Servicio Secreto actu\u00f3 de manera decisiva y profesional para protegernos a todos. Nos quedamos tendidos en el suelo; yo estaba a un metro del presidente Trump, con la mirada fija el uno en el otro. Probablemente fue el momento m\u00e1s aterrador de mi vida y nunca lo olvidar\u00e9\u201d, escribi\u00f3 .<\/p>\n<p>El cambio de invitados a \u00faltima hora es com\u00fan en los programas nocturnos televisivos, pero este se produce en un momento en que Jimmy Kimmel, presentador del programa \u201cJimmy Kimmel Live!\u201d, es objeto de <a href=\"https:\/\/cnnespanol.cnn.com\/2026\/04\/27\/eeuu\/ceo-disney-prueba-trump-jimmy-kimmel-trax\">cr\u00edticas del presidente Donald Trump<\/a>, quien pidi\u00f3 que <a href=\"https:\/\/cnnespanol.cnn.com\/2026\/04\/27\/eeuu\/melania-trump-kimmel-abc-trax\">se despidiera a Kimmel<\/a> por un chiste efectuado la semana pasada en el se refiri\u00f3 a la primera dama como \u201cfutura viuda\u201d.<\/p>\n<p>The-CNN-Wire<br \/>&trade; &amp; &copy; 2026 Cable News Network, Inc., a Warner Bros. Discovery Company. All rights reserved.<\/p>\n","protected":false},"excerpt":{"rendered":"<p>Oz Pearlman, el mentalista y mago que amenizaba la cena de la Asociaci\u00f3n de Corresponsales de la Casa Blanca el s\u00e1bado en el Washington Hilton cuando un hombre armado abri\u00f3 fuego, no particip\u00f3 el lunes en el programa televisivo \u201cJimmy Kimmel Live!\u201d, en el que estaba anunciado como invitado, seg\u00fan The Hollywood Reporter. El cronograma [&hellip;]<\/p>\n","protected":false},"author":0,"featured_media":0,"comment_status":"open","ping_status":"open","sticky":false,"template":"","format":"standard","meta":{"_jetpack_memberships_contains_paid_content":false,"footnotes":""},"categories":[10],"tags":[],"class_list":["post-1473574","post","type-post","status-publish","format-standard","hentry","category-noticias-nacionales","market-global"],"yoast_head":"<!-- This site is optimized with the Yoast SEO plugin v24.4 - https:\/\/yoast.com\/wordpress\/plugins\/seo\/ -->\n<title>Oz Pearlman, el mago que amenizaba la Cena de Corresponsales la noche del tiroteo, no particip\u00f3 el lunes en el show de Kimmel - Noticias<\/title>\n<meta name=\"robots\" content=\"index, follow, max-snippet:-1, max-image-preview:large, max-video-preview:-1\" \/>\n<link rel=\"canonical\" href=\"https:\/\/noticiasya.com\/2026\/04\/28\/oz-pearlman-jimmy-kimmel-corresponsales-orix\/\" \/>\n<meta property=\"og:locale\" content=\"es_ES\" \/>\n<meta property=\"og:type\" content=\"article\" \/>\n<meta property=\"og:title\" content=\"Oz Pearlman, el mago que amenizaba la Cena de Corresponsales la noche del tiroteo, no particip\u00f3 el lunes en el show de Kimmel - Noticias\" \/>\n<meta property=\"og:description\" content=\"Oz Pearlman, el mentalista y mago que amenizaba la cena de la Asociaci\u00f3n de Corresponsales de la Casa Blanca el s\u00e1bado en el Washington Hilton cuando un hombre armado abri\u00f3 fuego, no particip\u00f3 el lunes en el programa televisivo \u201cJimmy Kimmel Live!\u201d, en el que estaba anunciado como invitado, seg\u00fan The Hollywood Reporter. El cronograma [&hellip;]\" \/>\n<meta property=\"og:url\" content=\"https:\/\/noticiasya.com\/2026\/04\/28\/oz-pearlman-jimmy-kimmel-corresponsales-orix\/\" \/>\n<meta property=\"og:site_name\" content=\"Noticias\" \/>\n<meta property=\"article:published_time\" content=\"2026-04-28T17:03:47+00:00\" \/>\n<meta name=\"twitter:card\" content=\"summary_large_image\" \/>\n<meta name=\"twitter:label1\" content=\"Est. reading time\" \/>\n\t<meta name=\"twitter:data1\" content=\"2 minutos\" \/>\n<script type=\"application\/ld+json\" class=\"yoast-schema-graph\">{\"@context\":\"https:\/\/schema.org\",\"@graph\":[{\"@type\":\"Article\",\"@id\":\"https:\/\/noticiasya.com\/2026\/04\/28\/oz-pearlman-jimmy-kimmel-corresponsales-orix\/#article\",\"isPartOf\":{\"@id\":\"https:\/\/noticiasya.com\/2026\/04\/28\/oz-pearlman-jimmy-kimmel-corresponsales-orix\/\"},\"author\":{\"name\":\"\",\"@id\":\"\"},\"headline\":\"Oz Pearlman, el mago que amenizaba la Cena de Corresponsales la noche del tiroteo, no particip\u00f3 el lunes en el show de Kimmel\",\"datePublished\":\"2026-04-28T17:03:47+00:00\",\"mainEntityOfPage\":{\"@id\":\"https:\/\/noticiasya.com\/2026\/04\/28\/oz-pearlman-jimmy-kimmel-corresponsales-orix\/\"},\"wordCount\":408,\"commentCount\":0,\"publisher\":{\"@id\":\"https:\/\/noticiasya.com\/#organization\"},\"articleSection\":[\"Noticias Nacionales\"],\"inLanguage\":\"es\",\"potentialAction\":[{\"@type\":\"CommentAction\",\"name\":\"Comment\",\"target\":[\"https:\/\/noticiasya.com\/2026\/04\/28\/oz-pearlman-jimmy-kimmel-corresponsales-orix\/#respond\"]}]},{\"@type\":\"WebPage\",\"@id\":\"https:\/\/noticiasya.com\/2026\/04\/28\/oz-pearlman-jimmy-kimmel-corresponsales-orix\/\",\"url\":\"https:\/\/noticiasya.com\/2026\/04\/28\/oz-pearlman-jimmy-kimmel-corresponsales-orix\/\",\"name\":\"Oz Pearlman, el mago que amenizaba la Cena de Corresponsales la noche del tiroteo, no particip\u00f3 el lunes en el show de Kimmel - Noticias\",\"isPartOf\":{\"@id\":\"https:\/\/noticiasya.com\/#website\"},\"datePublished\":\"2026-04-28T17:03:47+00:00\",\"breadcrumb\":{\"@id\":\"https:\/\/noticiasya.com\/2026\/04\/28\/oz-pearlman-jimmy-kimmel-corresponsales-orix\/#breadcrumb\"},\"inLanguage\":\"es\",\"potentialAction\":[{\"@type\":\"ReadAction\",\"target\":[\"https:\/\/noticiasya.com\/2026\/04\/28\/oz-pearlman-jimmy-kimmel-corresponsales-orix\/\"]}]},{\"@type\":\"BreadcrumbList\",\"@id\":\"https:\/\/noticiasya.com\/2026\/04\/28\/oz-pearlman-jimmy-kimmel-corresponsales-orix\/#breadcrumb\",\"itemListElement\":[{\"@type\":\"ListItem\",\"position\":1,\"name\":\"Home\",\"item\":\"https:\/\/noticiasya.com\/\"},{\"@type\":\"ListItem\",\"position\":2,\"name\":\"Oz Pearlman, el mago que amenizaba la Cena de Corresponsales la noche del tiroteo, no particip\u00f3 el lunes en el show de Kimmel\"}]},{\"@type\":\"WebSite\",\"@id\":\"https:\/\/noticiasya.com\/#website\",\"url\":\"https:\/\/noticiasya.com\/\",\"name\":\"Noticias\",\"description\":\"Lo que importa\",\"publisher\":{\"@id\":\"https:\/\/noticiasya.com\/#organization\"},\"potentialAction\":[{\"@type\":\"SearchAction\",\"target\":{\"@type\":\"EntryPoint\",\"urlTemplate\":\"https:\/\/noticiasya.com\/?s={search_term_string}\"},\"query-input\":{\"@type\":\"PropertyValueSpecification\",\"valueRequired\":true,\"valueName\":\"search_term_string\"}}],\"inLanguage\":\"es\"},{\"@type\":\"Organization\",\"@id\":\"https:\/\/noticiasya.com\/#organization\",\"name\":\"Noticias\",\"url\":\"https:\/\/noticiasya.com\/\",\"logo\":{\"@type\":\"ImageObject\",\"inLanguage\":\"es\",\"@id\":\"https:\/\/noticiasya.com\/#\/schema\/logo\/image\/\",\"url\":\"https:\/\/noticiasya.com\/wp-content\/uploads\/sites\/22\/2023\/12\/logo-nacional.png\",\"contentUrl\":\"https:\/\/noticiasya.com\/wp-content\/uploads\/sites\/22\/2023\/12\/logo-nacional.png\",\"width\":1801,\"height\":691,\"caption\":\"Noticias\"},\"image\":{\"@id\":\"https:\/\/noticiasya.com\/#\/schema\/logo\/image\/\"}}]}<\/script>\n<!-- \/ Yoast SEO plugin. -->","yoast_head_json":{"title":"Oz Pearlman, el mago que amenizaba la Cena de Corresponsales la noche del tiroteo, no particip\u00f3 el lunes en el show de Kimmel - Noticias","robots":{"index":"index","follow":"follow","max-snippet":"max-snippet:-1","max-image-preview":"max-image-preview:large","max-video-preview":"max-video-preview:-1"},"canonical":"https:\/\/noticiasya.com\/2026\/04\/28\/oz-pearlman-jimmy-kimmel-corresponsales-orix\/","og_locale":"es_ES","og_type":"article","og_title":"Oz Pearlman, el mago que amenizaba la Cena de Corresponsales la noche del tiroteo, no particip\u00f3 el lunes en el show de Kimmel - Noticias","og_description":"Oz Pearlman, el mentalista y mago que amenizaba la cena de la Asociaci\u00f3n de Corresponsales de la Casa Blanca el s\u00e1bado en el Washington Hilton cuando un hombre armado abri\u00f3 fuego, no particip\u00f3 el lunes en el programa televisivo \u201cJimmy Kimmel Live!\u201d, en el que estaba anunciado como invitado, seg\u00fan The Hollywood Reporter. El cronograma [&hellip;]","og_url":"https:\/\/noticiasya.com\/2026\/04\/28\/oz-pearlman-jimmy-kimmel-corresponsales-orix\/","og_site_name":"Noticias","article_published_time":"2026-04-28T17:03:47+00:00","twitter_card":"summary_large_image","twitter_misc":{"Est. reading time":"2 minutos"},"schema":{"@context":"https:\/\/schema.org","@graph":[{"@type":"Article","@id":"https:\/\/noticiasya.com\/2026\/04\/28\/oz-pearlman-jimmy-kimmel-corresponsales-orix\/#article","isPartOf":{"@id":"https:\/\/noticiasya.com\/2026\/04\/28\/oz-pearlman-jimmy-kimmel-corresponsales-orix\/"},"author":{"name":"","@id":""},"headline":"Oz Pearlman, el mago que amenizaba la Cena de Corresponsales la noche del tiroteo, no particip\u00f3 el lunes en el show de Kimmel","datePublished":"2026-04-28T17:03:47+00:00","mainEntityOfPage":{"@id":"https:\/\/noticiasya.com\/2026\/04\/28\/oz-pearlman-jimmy-kimmel-corresponsales-orix\/"},"wordCount":408,"commentCount":0,"publisher":{"@id":"https:\/\/noticiasya.com\/#organization"},"articleSection":["Noticias Nacionales"],"inLanguage":"es","potentialAction":[{"@type":"CommentAction","name":"Comment","target":["https:\/\/noticiasya.com\/2026\/04\/28\/oz-pearlman-jimmy-kimmel-corresponsales-orix\/#respond"]}]},{"@type":"WebPage","@id":"https:\/\/noticiasya.com\/2026\/04\/28\/oz-pearlman-jimmy-kimmel-corresponsales-orix\/","url":"https:\/\/noticiasya.com\/2026\/04\/28\/oz-pearlman-jimmy-kimmel-corresponsales-orix\/","name":"Oz Pearlman, el mago que amenizaba la Cena de Corresponsales la noche del tiroteo, no particip\u00f3 el lunes en el show de Kimmel - Noticias","isPartOf":{"@id":"https:\/\/noticiasya.com\/#website"},"datePublished":"2026-04-28T17:03:47+00:00","breadcrumb":{"@id":"https:\/\/noticiasya.com\/2026\/04\/28\/oz-pearlman-jimmy-kimmel-corresponsales-orix\/#breadcrumb"},"inLanguage":"es","potentialAction":[{"@type":"ReadAction","target":["https:\/\/noticiasya.com\/2026\/04\/28\/oz-pearlman-jimmy-kimmel-corresponsales-orix\/"]}]},{"@type":"BreadcrumbList","@id":"https:\/\/noticiasya.com\/2026\/04\/28\/oz-pearlman-jimmy-kimmel-corresponsales-orix\/#breadcrumb","itemListElement":[{"@type":"ListItem","position":1,"name":"Home","item":"https:\/\/noticiasya.com\/"},{"@type":"ListItem","position":2,"name":"Oz Pearlman, el mago que amenizaba la Cena de Corresponsales la noche del tiroteo, no particip\u00f3 el lunes en el show de Kimmel"}]},{"@type":"WebSite","@id":"https:\/\/noticiasya.com\/#website","url":"https:\/\/noticiasya.com\/","name":"Noticias","description":"Lo que importa","publisher":{"@id":"https:\/\/noticiasya.com\/#organization"},"potentialAction":[{"@type":"SearchAction","target":{"@type":"EntryPoint","urlTemplate":"https:\/\/noticiasya.com\/?s={search_term_string}"},"query-input":{"@type":"PropertyValueSpecification","valueRequired":true,"valueName":"search_term_string"}}],"inLanguage":"es"},{"@type":"Organization","@id":"https:\/\/noticiasya.com\/#organization","name":"Noticias","url":"https:\/\/noticiasya.com\/","logo":{"@type":"ImageObject","inLanguage":"es","@id":"https:\/\/noticiasya.com\/#\/schema\/logo\/image\/","url":"https:\/\/noticiasya.com\/wp-content\/uploads\/sites\/22\/2023\/12\/logo-nacional.png","contentUrl":"https:\/\/noticiasya.com\/wp-content\/uploads\/sites\/22\/2023\/12\/logo-nacional.png","width":1801,"height":691,"caption":"Noticias"},"image":{"@id":"https:\/\/noticiasya.com\/#\/schema\/logo\/image\/"}}]}},"parsely":{"version":"1.1.0","canonical_url":"https:\/\/noticiasya.com\/san-diego\/2026\/04\/28\/oz-pearlman-jimmy-kimmel-corresponsales-orix\/","smart_links":{"inbound":0,"outbound":0},"traffic_boost_suggestions_count":0,"meta":{"@context":"https:\/\/schema.org","@type":"NewsArticle","headline":"Oz Pearlman, el mago que amenizaba la Cena de Corresponsales la noche del tiroteo, no particip\u00f3 el lunes en el show de Kimmel","url":"http:\/\/noticiasya.com\/san-diego\/2026\/04\/28\/oz-pearlman-jimmy-kimmel-corresponsales-orix\/","mainEntityOfPage":{"@type":"WebPage","@id":"http:\/\/noticiasya.com\/san-diego\/2026\/04\/28\/oz-pearlman-jimmy-kimmel-corresponsales-orix\/"},"thumbnailUrl":"","image":{"@type":"ImageObject","url":""},"articleSection":"Noticias Nacionales","author":[],"creator":[],"publisher":{"@type":"Organization","name":"Noticias","logo":""},"keywords":[],"dateCreated":"2026-04-28T17:03:47Z","datePublished":"2026-04-28T17:03:47Z","dateModified":"2026-04-28T17:03:47Z"},"rendered":"<script type=\"application\/ld+json\" class=\"wp-parsely-metadata\">{\"@context\":\"https:\\\/\\\/schema.org\",\"@type\":\"NewsArticle\",\"headline\":\"Oz Pearlman, el mago que amenizaba la Cena de Corresponsales la noche del tiroteo, no particip\\u00f3 el lunes en el show de Kimmel\",\"url\":\"http:\\\/\\\/noticiasya.com\\\/san-diego\\\/2026\\\/04\\\/28\\\/oz-pearlman-jimmy-kimmel-corresponsales-orix\\\/\",\"mainEntityOfPage\":{\"@type\":\"WebPage\",\"@id\":\"http:\\\/\\\/noticiasya.com\\\/san-diego\\\/2026\\\/04\\\/28\\\/oz-pearlman-jimmy-kimmel-corresponsales-orix\\\/\"},\"thumbnailUrl\":\"\",\"image\":{\"@type\":\"ImageObject\",\"url\":\"\"},\"articleSection\":\"Noticias Nacionales\",\"author\":[],\"creator\":[],\"publisher\":{\"@type\":\"Organization\",\"name\":\"Noticias\",\"logo\":\"\"},\"keywords\":[],\"dateCreated\":\"2026-04-28T17:03:47Z\",\"datePublished\":\"2026-04-28T17:03:47Z\",\"dateModified\":\"2026-04-28T17:03:47Z\"}<\/script>","tracker_url":"https:\/\/cdn.parsely.com\/keys\/noticiasya.com\/p.js"},"jetpack_featured_media_url":"","jetpack-related-posts":[{"id":1473548,"url":"https:\/\/noticiasya.com\/san-diego\/2026\/04\/27\/ceo-disney-prueba-trump-jimmy-kimmel-trax\/","url_meta":{"origin":1473574,"position":0},"title":"El nuevo CEO de Disney enfrenta su primera gran prueba con Trump: las presiones sobre Jimmy Kimmel","author":"","date":"abril 27, 2026","format":false,"excerpt":"El nuevo CEO de Disney, Josh D\u2019Amaro, quien sucedi\u00f3 a Bob Iger hace apenas seis semanas, est\u00e1 enfrentando su primera gran prueba con Trump.El presidente Donald Trump est\u00e1 presionando p\u00fablicamente a Disney para que despida a Jimmy Kimmel por un chiste del presentador nocturno de ABC la semana pasada.No hay\u2026","rel":"","context":"In &quot;Noticias Nacionales&quot;","block_context":{"text":"Noticias Nacionales","link":"https:\/\/noticiasya.com\/san-diego\/categoria\/noticias-nacionales"},"img":{"alt_text":"","src":"","width":0,"height":0},"classes":[]},{"id":1473556,"url":"https:\/\/noticiasya.com\/san-diego\/2026\/04\/28\/5-cosas-28-de-abril-orix\/","url_meta":{"origin":1473574,"position":1},"title":"Las 5 cosas que debes saber este 28 de abril","author":"","date":"abril 28, 2026","format":false,"excerpt":"Trump exige a ABC que despida a Jimmy Kimmel. M\u00e9xico detiene a alias El Jardinero, posible sucesor del Mencho. \u00bfC\u00f3mo fue el peor atentado en Colombia en a\u00f1os? Esto es lo que debes saber para comenzar el d\u00eda. Primero la verdad.Suscr\u00edbete aqu\u00ed para recibir el newsletter cada ma\u00f1ana en tu\u2026","rel":"","context":"In &quot;Noticias Nacionales&quot;","block_context":{"text":"Noticias Nacionales","link":"https:\/\/noticiasya.com\/san-diego\/categoria\/noticias-nacionales"},"img":{"alt_text":"","src":"","width":0,"height":0},"classes":[]},{"id":1473537,"url":"https:\/\/noticiasya.com\/san-diego\/2026\/04\/27\/melania-trump-kimmel-abc-trax\/","url_meta":{"origin":1473574,"position":2},"title":"Melania Trump sugiri\u00f3 que Kimmel deber\u00eda perder su trabajo por broma sobre &#171;viuda en espera&#187;","author":"","date":"abril 27, 2026","format":false,"excerpt":"La primera dama Melania Trump sugiri\u00f3 este lunes que el presentador Jimmy Kimmel deber\u00eda perder su trabajo por bromas que hizo durante un sketch simulado de la Cena de Corresponsales de la Casa Blanca en su programa la semana pasada.El mon\u00f3logo de Kimmel \u2014emitido el jueves en \u201cJimmy Kimmel Live!\u201d,\u2026","rel":"","context":"In &quot;Noticias Nacionales&quot;","block_context":{"text":"Noticias Nacionales","link":"https:\/\/noticiasya.com\/san-diego\/categoria\/noticias-nacionales"},"img":{"alt_text":"","src":"","width":0,"height":0},"classes":[]},{"id":1473530,"url":"https:\/\/noticiasya.com\/san-diego\/2026\/04\/27\/melania-trump-experiencia-traumatica-publico-trax\/","url_meta":{"origin":1473574,"position":3},"title":"Melania Trump suele ser extremadamente reservada, pero tuvo que afrontar una &#171;experiencia traum\u00e1tica&#187; en el escenario p\u00fablico","author":"","date":"abril 27, 2026","format":false,"excerpt":"\u201cUn ruido desagradable\u201d.Seg\u00fan su marido, esa fue la primera reacci\u00f3n de la primera dama Melania Trump al o\u00edr disparos afuera del sal\u00f3n de baile donde ella y el presidente Donald Trump estaban sentados en el escenario para la Cena de Corresponsales de la Casa Blanca del s\u00e1bado.Se enderez\u00f3, con la\u2026","rel":"","context":"In &quot;Noticias Nacionales&quot;","block_context":{"text":"Noticias Nacionales","link":"https:\/\/noticiasya.com\/san-diego\/categoria\/noticias-nacionales"},"img":{"alt_text":"","src":"","width":0,"height":0},"classes":[]},{"id":1473625,"url":"https:\/\/noticiasya.com\/san-diego\/2026\/04\/29\/mensaje-kimmel-trump-espectaculo-continua-trax\/","url_meta":{"origin":1473574,"position":4},"title":"El mensaje de Kimmel a Trump tras el desaf\u00edo de la FCC a ABC: El espect\u00e1culo contin\u00faa","author":"","date":"abril 29, 2026","format":false,"excerpt":"El d\u00eda en que la administraci\u00f3n Trump impugn\u00f3 las licencias de estaciones de ABC, Jimmy Kimmel tuvo un mensaje para el presidente Donald Trump: el show contin\u00faa.En el episodio del martes por la noche de \u201cJimmy Kimmel Live!\u201d, el comediante no hizo referencia a la noticia de que la empresa\u2026","rel":"","context":"In &quot;Noticias Nacionales&quot;","block_context":{"text":"Noticias Nacionales","link":"https:\/\/noticiasya.com\/san-diego\/categoria\/noticias-nacionales"},"img":{"alt_text":"","src":"","width":0,"height":0},"classes":[]},{"id":1473529,"url":"https:\/\/noticiasya.com\/san-diego\/2026\/04\/27\/incidente-cena-corresponsales-mapas-trax\/","url_meta":{"origin":1473574,"position":5},"title":"El incidente armado en la Cena de Corresponsales, explicado en mapas","author":"","date":"abril 27, 2026","format":false,"excerpt":"Un presunto atacante armado fue detenido el s\u00e1bado despu\u00e9s de atravesar un punto de control de seguridad en el Washington Hilton justo cuando comenzaban los eventos de la Cena anual de Corresponsales de la Casa Blanca. El presidente Donald Trump, el vicepresidente J. D. Vance, la primera dama Melania Trump\u2026","rel":"","context":"In &quot;Noticias Nacionales&quot;","block_context":{"text":"Noticias Nacionales","link":"https:\/\/noticiasya.com\/san-diego\/categoria\/noticias-nacionales"},"img":{"alt_text":"","src":"","width":0,"height":0},"classes":[]}],"jetpack_sharing_enabled":true,"_links":{"self":[{"href":"https:\/\/noticiasya.com\/san-diego\/wp-json\/wp\/v2\/posts\/1473574","targetHints":{"allow":["GET"]}}],"collection":[{"href":"https:\/\/noticiasya.com\/san-diego\/wp-json\/wp\/v2\/posts"}],"about":[{"href":"https:\/\/noticiasya.com\/san-diego\/wp-json\/wp\/v2\/types\/post"}],"replies":[{"embeddable":true,"href":"https:\/\/noticiasya.com\/san-diego\/wp-json\/wp\/v2\/comments?post=1473574"}],"version-history":[{"count":0,"href":"https:\/\/noticiasya.com\/san-diego\/wp-json\/wp\/v2\/posts\/1473574\/revisions"}],"wp:attachment":[{"href":"https:\/\/noticiasya.com\/san-diego\/wp-json\/wp\/v2\/media?parent=1473574"}],"wp:term":[{"taxonomy":"category","embeddable":true,"href":"https:\/\/noticiasya.com\/san-diego\/wp-json\/wp\/v2\/categories?post=1473574"},{"taxonomy":"post_tag","embeddable":true,"href":"https:\/\/noticiasya.com\/san-diego\/wp-json\/wp\/v2\/tags?post=1473574"}],"curies":[{"name":"wp","href":"https:\/\/api.w.org\/{rel}","templated":true}]}}