{"id":1473604,"date":"2026-04-28T11:03:40","date_gmt":"2026-04-28T18:03:40","guid":{"rendered":"https:\/\/noticiasya.com\/2026\/04\/28\/james-comey-imputado-departamento-de-justicia-trax\/"},"modified":"2026-04-28T11:03:40","modified_gmt":"2026-04-28T18:03:40","slug":"james-comey-imputado-departamento-de-justicia-trax","status":"publish","type":"post","link":"https:\/\/noticiasya.com\/san-diego\/2026\/04\/28\/james-comey-imputado-departamento-de-justicia-trax\/","title":{"rendered":"El Departamento de Justicia imputa por segunda vez al exdirector del FBI, James Comey"},"content":{"rendered":"<p>El exdirector del FBI, James Comey, ha sido imputado por segunda vez por el Departamento de Justicia de la administraci\u00f3n Trump, seg\u00fan informaron a CNN dos fuentes familiarizadas con el asunto.<\/p>\n<p>Hasta el momento no est\u00e1 claro cu\u00e1les son los cargos espec\u00edficos.<\/p>\n<p>El presidente Donald Trump ha presionado desde hace tiempo para que sus adversarios pol\u00edticos enfrenten cargos, incluido el exdirector del FBI, a quien consideraba una figura clave en el supuesto intento de \u201cinstrumentalizar\u201d el sistema judicial en su contra.<\/p>\n<p>En septiembre del a\u00f1o pasado, el Departamento de Justicia present\u00f3 cargos por primera vez contra Comey, en lo que lo acus\u00f3 de mentir al Congreso en relaci\u00f3n con filtraciones a la prensa. El caso fue desestimado a finales del a\u00f1o pasado por un juez federal, quien dictamin\u00f3 que el fiscal federal interino para el Distrito Este de Virginia hab\u00eda sido nombrado de manera irregular, al haberse eludido la aprobaci\u00f3n del Senado.<\/p>\n<p>Los abogados de Comey declinaron hacer comentarios para este reportaje.<\/p>\n<p>Esta iniciativa parece haber cobrado nuevo impulso bajo la direcci\u00f3n del secretario de Justicia interino Todd Blanche, quien ha acelerado el ritmo en la presentaci\u00f3n de casos que el presidente ha reclamado p\u00fablicamente desde que fue designado para el cargo.<\/p>\n<p>El exdirector cay\u00f3 en desgracia ante Trump antes incluso de que este fuera elegido presidente por primera vez, dado que la agencia dirigida por Comey investigaba la campa\u00f1a de Trump y sus v\u00ednculos con Rusia. Comey fue destituido meses despu\u00e9s de la toma de posesi\u00f3n presidencial.<\/p>\n<p>Desde su destituci\u00f3n, Comey se ha convertido en un ac\u00e9rrimo cr\u00edtico de Trump y en un enemigo clave de los republicanos tanto en la Casa Blanca como en el Capitolio.<\/p>\n<p><em>Esta noticia est\u00e1 en desarrollo y ser\u00e1 actualizada.<\/em><\/p>\n<p>The-CNN-Wire<br \/>&trade; &amp; &copy; 2026 Cable News Network, Inc., a Warner Bros. Discovery Company. All rights reserved.<\/p>\n","protected":false},"excerpt":{"rendered":"<p>El exdirector del FBI, James Comey, ha sido imputado por segunda vez por el Departamento de Justicia de la administraci\u00f3n Trump, seg\u00fan informaron a CNN dos fuentes familiarizadas con el asunto. Hasta el momento no est\u00e1 claro cu\u00e1les son los cargos espec\u00edficos. El presidente Donald Trump ha presionado desde hace tiempo para que sus adversarios [&hellip;]<\/p>\n","protected":false},"author":0,"featured_media":0,"comment_status":"open","ping_status":"open","sticky":false,"template":"","format":"standard","meta":{"_jetpack_memberships_contains_paid_content":false,"footnotes":""},"categories":[10],"tags":[],"class_list":["post-1473604","post","type-post","status-publish","format-standard","hentry","category-noticias-nacionales","market-global"],"yoast_head":"<!-- This site is optimized with the Yoast SEO plugin v24.4 - https:\/\/yoast.com\/wordpress\/plugins\/seo\/ -->\n<title>El Departamento de Justicia imputa por segunda vez al exdirector del FBI, James Comey - Noticias<\/title>\n<meta name=\"robots\" content=\"index, follow, max-snippet:-1, max-image-preview:large, max-video-preview:-1\" \/>\n<link rel=\"canonical\" href=\"https:\/\/noticiasya.com\/2026\/04\/28\/james-comey-imputado-departamento-de-justicia-trax\/\" \/>\n<meta property=\"og:locale\" content=\"es_ES\" \/>\n<meta property=\"og:type\" content=\"article\" \/>\n<meta property=\"og:title\" content=\"El Departamento de Justicia imputa por segunda vez al exdirector del FBI, James Comey - Noticias\" \/>\n<meta property=\"og:description\" content=\"El exdirector del FBI, James Comey, ha sido imputado por segunda vez por el Departamento de Justicia de la administraci\u00f3n Trump, seg\u00fan informaron a CNN dos fuentes familiarizadas con el asunto. Hasta el momento no est\u00e1 claro cu\u00e1les son los cargos espec\u00edficos. El presidente Donald Trump ha presionado desde hace tiempo para que sus adversarios [&hellip;]\" \/>\n<meta property=\"og:url\" content=\"https:\/\/noticiasya.com\/2026\/04\/28\/james-comey-imputado-departamento-de-justicia-trax\/\" \/>\n<meta property=\"og:site_name\" content=\"Noticias\" \/>\n<meta property=\"article:published_time\" content=\"2026-04-28T18:03:40+00:00\" \/>\n<meta name=\"twitter:card\" content=\"summary_large_image\" \/>\n<meta name=\"twitter:label1\" content=\"Est. reading time\" \/>\n\t<meta name=\"twitter:data1\" content=\"2 minutos\" \/>\n<script type=\"application\/ld+json\" class=\"yoast-schema-graph\">{\"@context\":\"https:\/\/schema.org\",\"@graph\":[{\"@type\":\"Article\",\"@id\":\"https:\/\/noticiasya.com\/2026\/04\/28\/james-comey-imputado-departamento-de-justicia-trax\/#article\",\"isPartOf\":{\"@id\":\"https:\/\/noticiasya.com\/2026\/04\/28\/james-comey-imputado-departamento-de-justicia-trax\/\"},\"author\":{\"name\":\"\",\"@id\":\"\"},\"headline\":\"El Departamento de Justicia imputa por segunda vez al exdirector del FBI, James Comey\",\"datePublished\":\"2026-04-28T18:03:40+00:00\",\"mainEntityOfPage\":{\"@id\":\"https:\/\/noticiasya.com\/2026\/04\/28\/james-comey-imputado-departamento-de-justicia-trax\/\"},\"wordCount\":336,\"commentCount\":0,\"publisher\":{\"@id\":\"https:\/\/noticiasya.com\/#organization\"},\"articleSection\":[\"Noticias Nacionales\"],\"inLanguage\":\"es\",\"potentialAction\":[{\"@type\":\"CommentAction\",\"name\":\"Comment\",\"target\":[\"https:\/\/noticiasya.com\/2026\/04\/28\/james-comey-imputado-departamento-de-justicia-trax\/#respond\"]}]},{\"@type\":\"WebPage\",\"@id\":\"https:\/\/noticiasya.com\/2026\/04\/28\/james-comey-imputado-departamento-de-justicia-trax\/\",\"url\":\"https:\/\/noticiasya.com\/2026\/04\/28\/james-comey-imputado-departamento-de-justicia-trax\/\",\"name\":\"El Departamento de Justicia imputa por segunda vez al exdirector del FBI, James Comey - Noticias\",\"isPartOf\":{\"@id\":\"https:\/\/noticiasya.com\/#website\"},\"datePublished\":\"2026-04-28T18:03:40+00:00\",\"breadcrumb\":{\"@id\":\"https:\/\/noticiasya.com\/2026\/04\/28\/james-comey-imputado-departamento-de-justicia-trax\/#breadcrumb\"},\"inLanguage\":\"es\",\"potentialAction\":[{\"@type\":\"ReadAction\",\"target\":[\"https:\/\/noticiasya.com\/2026\/04\/28\/james-comey-imputado-departamento-de-justicia-trax\/\"]}]},{\"@type\":\"BreadcrumbList\",\"@id\":\"https:\/\/noticiasya.com\/2026\/04\/28\/james-comey-imputado-departamento-de-justicia-trax\/#breadcrumb\",\"itemListElement\":[{\"@type\":\"ListItem\",\"position\":1,\"name\":\"Home\",\"item\":\"https:\/\/noticiasya.com\/\"},{\"@type\":\"ListItem\",\"position\":2,\"name\":\"El Departamento de Justicia imputa por segunda vez al exdirector del FBI, James Comey\"}]},{\"@type\":\"WebSite\",\"@id\":\"https:\/\/noticiasya.com\/#website\",\"url\":\"https:\/\/noticiasya.com\/\",\"name\":\"Noticias\",\"description\":\"Lo que importa\",\"publisher\":{\"@id\":\"https:\/\/noticiasya.com\/#organization\"},\"potentialAction\":[{\"@type\":\"SearchAction\",\"target\":{\"@type\":\"EntryPoint\",\"urlTemplate\":\"https:\/\/noticiasya.com\/?s={search_term_string}\"},\"query-input\":{\"@type\":\"PropertyValueSpecification\",\"valueRequired\":true,\"valueName\":\"search_term_string\"}}],\"inLanguage\":\"es\"},{\"@type\":\"Organization\",\"@id\":\"https:\/\/noticiasya.com\/#organization\",\"name\":\"Noticias\",\"url\":\"https:\/\/noticiasya.com\/\",\"logo\":{\"@type\":\"ImageObject\",\"inLanguage\":\"es\",\"@id\":\"https:\/\/noticiasya.com\/#\/schema\/logo\/image\/\",\"url\":\"https:\/\/noticiasya.com\/wp-content\/uploads\/sites\/22\/2023\/12\/logo-nacional.png\",\"contentUrl\":\"https:\/\/noticiasya.com\/wp-content\/uploads\/sites\/22\/2023\/12\/logo-nacional.png\",\"width\":1801,\"height\":691,\"caption\":\"Noticias\"},\"image\":{\"@id\":\"https:\/\/noticiasya.com\/#\/schema\/logo\/image\/\"}}]}<\/script>\n<!-- \/ Yoast SEO plugin. -->","yoast_head_json":{"title":"El Departamento de Justicia imputa por segunda vez al exdirector del FBI, James Comey - Noticias","robots":{"index":"index","follow":"follow","max-snippet":"max-snippet:-1","max-image-preview":"max-image-preview:large","max-video-preview":"max-video-preview:-1"},"canonical":"https:\/\/noticiasya.com\/2026\/04\/28\/james-comey-imputado-departamento-de-justicia-trax\/","og_locale":"es_ES","og_type":"article","og_title":"El Departamento de Justicia imputa por segunda vez al exdirector del FBI, James Comey - Noticias","og_description":"El exdirector del FBI, James Comey, ha sido imputado por segunda vez por el Departamento de Justicia de la administraci\u00f3n Trump, seg\u00fan informaron a CNN dos fuentes familiarizadas con el asunto. Hasta el momento no est\u00e1 claro cu\u00e1les son los cargos espec\u00edficos. El presidente Donald Trump ha presionado desde hace tiempo para que sus adversarios [&hellip;]","og_url":"https:\/\/noticiasya.com\/2026\/04\/28\/james-comey-imputado-departamento-de-justicia-trax\/","og_site_name":"Noticias","article_published_time":"2026-04-28T18:03:40+00:00","twitter_card":"summary_large_image","twitter_misc":{"Est. reading time":"2 minutos"},"schema":{"@context":"https:\/\/schema.org","@graph":[{"@type":"Article","@id":"https:\/\/noticiasya.com\/2026\/04\/28\/james-comey-imputado-departamento-de-justicia-trax\/#article","isPartOf":{"@id":"https:\/\/noticiasya.com\/2026\/04\/28\/james-comey-imputado-departamento-de-justicia-trax\/"},"author":{"name":"","@id":""},"headline":"El Departamento de Justicia imputa por segunda vez al exdirector del FBI, James Comey","datePublished":"2026-04-28T18:03:40+00:00","mainEntityOfPage":{"@id":"https:\/\/noticiasya.com\/2026\/04\/28\/james-comey-imputado-departamento-de-justicia-trax\/"},"wordCount":336,"commentCount":0,"publisher":{"@id":"https:\/\/noticiasya.com\/#organization"},"articleSection":["Noticias Nacionales"],"inLanguage":"es","potentialAction":[{"@type":"CommentAction","name":"Comment","target":["https:\/\/noticiasya.com\/2026\/04\/28\/james-comey-imputado-departamento-de-justicia-trax\/#respond"]}]},{"@type":"WebPage","@id":"https:\/\/noticiasya.com\/2026\/04\/28\/james-comey-imputado-departamento-de-justicia-trax\/","url":"https:\/\/noticiasya.com\/2026\/04\/28\/james-comey-imputado-departamento-de-justicia-trax\/","name":"El Departamento de Justicia imputa por segunda vez al exdirector del FBI, James Comey - Noticias","isPartOf":{"@id":"https:\/\/noticiasya.com\/#website"},"datePublished":"2026-04-28T18:03:40+00:00","breadcrumb":{"@id":"https:\/\/noticiasya.com\/2026\/04\/28\/james-comey-imputado-departamento-de-justicia-trax\/#breadcrumb"},"inLanguage":"es","potentialAction":[{"@type":"ReadAction","target":["https:\/\/noticiasya.com\/2026\/04\/28\/james-comey-imputado-departamento-de-justicia-trax\/"]}]},{"@type":"BreadcrumbList","@id":"https:\/\/noticiasya.com\/2026\/04\/28\/james-comey-imputado-departamento-de-justicia-trax\/#breadcrumb","itemListElement":[{"@type":"ListItem","position":1,"name":"Home","item":"https:\/\/noticiasya.com\/"},{"@type":"ListItem","position":2,"name":"El Departamento de Justicia imputa por segunda vez al exdirector del FBI, James Comey"}]},{"@type":"WebSite","@id":"https:\/\/noticiasya.com\/#website","url":"https:\/\/noticiasya.com\/","name":"Noticias","description":"Lo que importa","publisher":{"@id":"https:\/\/noticiasya.com\/#organization"},"potentialAction":[{"@type":"SearchAction","target":{"@type":"EntryPoint","urlTemplate":"https:\/\/noticiasya.com\/?s={search_term_string}"},"query-input":{"@type":"PropertyValueSpecification","valueRequired":true,"valueName":"search_term_string"}}],"inLanguage":"es"},{"@type":"Organization","@id":"https:\/\/noticiasya.com\/#organization","name":"Noticias","url":"https:\/\/noticiasya.com\/","logo":{"@type":"ImageObject","inLanguage":"es","@id":"https:\/\/noticiasya.com\/#\/schema\/logo\/image\/","url":"https:\/\/noticiasya.com\/wp-content\/uploads\/sites\/22\/2023\/12\/logo-nacional.png","contentUrl":"https:\/\/noticiasya.com\/wp-content\/uploads\/sites\/22\/2023\/12\/logo-nacional.png","width":1801,"height":691,"caption":"Noticias"},"image":{"@id":"https:\/\/noticiasya.com\/#\/schema\/logo\/image\/"}}]}},"parsely":{"version":"1.1.0","canonical_url":"https:\/\/noticiasya.com\/san-diego\/2026\/04\/28\/james-comey-imputado-departamento-de-justicia-trax\/","smart_links":{"inbound":0,"outbound":0},"traffic_boost_suggestions_count":0,"meta":{"@context":"https:\/\/schema.org","@type":"NewsArticle","headline":"El Departamento de Justicia imputa por segunda vez al exdirector del FBI, James Comey","url":"http:\/\/noticiasya.com\/san-diego\/2026\/04\/28\/james-comey-imputado-departamento-de-justicia-trax\/","mainEntityOfPage":{"@type":"WebPage","@id":"http:\/\/noticiasya.com\/san-diego\/2026\/04\/28\/james-comey-imputado-departamento-de-justicia-trax\/"},"thumbnailUrl":"","image":{"@type":"ImageObject","url":""},"articleSection":"Noticias Nacionales","author":[],"creator":[],"publisher":{"@type":"Organization","name":"Noticias","logo":""},"keywords":[],"dateCreated":"2026-04-28T18:03:40Z","datePublished":"2026-04-28T18:03:40Z","dateModified":"2026-04-28T18:03:40Z"},"rendered":"<script type=\"application\/ld+json\" class=\"wp-parsely-metadata\">{\"@context\":\"https:\\\/\\\/schema.org\",\"@type\":\"NewsArticle\",\"headline\":\"El Departamento de Justicia imputa por segunda vez al exdirector del FBI, James Comey\",\"url\":\"http:\\\/\\\/noticiasya.com\\\/san-diego\\\/2026\\\/04\\\/28\\\/james-comey-imputado-departamento-de-justicia-trax\\\/\",\"mainEntityOfPage\":{\"@type\":\"WebPage\",\"@id\":\"http:\\\/\\\/noticiasya.com\\\/san-diego\\\/2026\\\/04\\\/28\\\/james-comey-imputado-departamento-de-justicia-trax\\\/\"},\"thumbnailUrl\":\"\",\"image\":{\"@type\":\"ImageObject\",\"url\":\"\"},\"articleSection\":\"Noticias Nacionales\",\"author\":[],\"creator\":[],\"publisher\":{\"@type\":\"Organization\",\"name\":\"Noticias\",\"logo\":\"\"},\"keywords\":[],\"dateCreated\":\"2026-04-28T18:03:40Z\",\"datePublished\":\"2026-04-28T18:03:40Z\",\"dateModified\":\"2026-04-28T18:03:40Z\"}<\/script>","tracker_url":"https:\/\/cdn.parsely.com\/keys\/noticiasya.com\/p.js"},"jetpack_featured_media_url":"","jetpack-related-posts":[{"id":1467200,"url":"https:\/\/noticiasya.com\/san-diego\/2025\/10\/08\/exdirector-fbi-james-comey-procesado-trax\/","url_meta":{"origin":1473604,"position":0},"title":"El exdirector del FBI James Comey ser\u00e1 procesado este mi\u00e9rcoles","author":"","date":"octubre 8, 2025","format":false,"excerpt":"En 2017, el presidente Donald Trump rompi\u00f3 con las normas al despedir a James Comey como director del FBI, que investigaba su campa\u00f1a. Este mi\u00e9rcoles, Comey comparecer\u00e1 ante el tribunal por los cargos penales que Trump ha presentado como parte de una venganza pol\u00edtica.Comey comparecer\u00e1 ante un juez federal en\u2026","rel":"","context":"In &quot;Noticias Nacionales&quot;","block_context":{"text":"Noticias Nacionales","link":"https:\/\/noticiasya.com\/san-diego\/categoria\/noticias-nacionales"},"img":{"alt_text":"","src":"","width":0,"height":0},"classes":[]},{"id":1473638,"url":"https:\/\/noticiasya.com\/san-diego\/2026\/04\/29\/james-comey-fbi-entrega-trump-trax\/","url_meta":{"origin":1473604,"position":1},"title":"James Comey, exdirector del FBI, se entrega y comparece ante el tribunal por presuntas amenazas contra Trump","author":"","date":"abril 29, 2026","format":false,"excerpt":"James Comey, exdirector del FBI, se entreg\u00f3 el mi\u00e9rcoles a las autoridades en un tribunal federal del Distrito Este de Virginia.Fue arrestado brevemente antes de su primera comparecencia ante el tribunal. La audiencia dur\u00f3 menos de 10 minutos.Seg\u00fan documentos judiciales, Comey est\u00e1 acusado de proferir amenazas contra el presidente y\u2026","rel":"","context":"In &quot;Noticias Nacionales&quot;","block_context":{"text":"Noticias Nacionales","link":"https:\/\/noticiasya.com\/san-diego\/categoria\/noticias-nacionales"},"img":{"alt_text":"","src":"","width":0,"height":0},"classes":[]},{"id":1466832,"url":"https:\/\/noticiasya.com\/san-diego\/2025\/09\/25\/acusan-exdirector-fbi-james-comey-rival-trump-trax\/","url_meta":{"origin":1473604,"position":2},"title":"Acusan formalmente al exdirector del FBI James Comey","author":"","date":"septiembre 25, 2025","format":false,"excerpt":"El exdirector del FBI James Comey ha sido acusado formalmente por un jurado investigador federal, lo que representa una gran escalada en el esfuerzo del presidente Donald Trump por enjuiciar a sus enemigos pol\u00edticos.Comey, un adversario de larga data del presidente, es ahora el primer alto funcionario del gobierno en\u2026","rel":"","context":"In &quot;Noticias Nacionales&quot;","block_context":{"text":"Noticias Nacionales","link":"https:\/\/noticiasya.com\/san-diego\/categoria\/noticias-nacionales"},"img":{"alt_text":"","src":"","width":0,"height":0},"classes":[]},{"id":1462417,"url":"https:\/\/noticiasya.com\/san-diego\/2025\/05\/16\/fbi-james-comey-elimina-instagram-muerte-trump-trax\/","url_meta":{"origin":1473604,"position":3},"title":"Exdirector del FBI James Comey elimina una publicaci\u00f3n de Instagram que, seg\u00fan los republicanos, amenazaba de muerte a Trump","author":"","date":"mayo 16, 2025","format":false,"excerpt":"El exdirector del FBI James Comey elimin\u00f3 el jueves una publicaci\u00f3n de Instagram de conchas marinas que deletreaban los n\u00fameros \u201c86 47\u201d despu\u00e9s de que los republicanos afirmaran que era una amenaza contra el presidente de Estados Unidos, Donald Trump.El n\u00famero 86 puede referirse a menudo a deshacerse o tirar\u2026","rel":"","context":"In &quot;Noticias Nacionales&quot;","block_context":{"text":"Noticias Nacionales","link":"https:\/\/noticiasya.com\/san-diego\/categoria\/noticias-nacionales"},"img":{"alt_text":"","src":"","width":0,"height":0},"classes":[]},{"id":1466905,"url":"https:\/\/noticiasya.com\/san-diego\/2025\/09\/27\/acusacion-comey-diferente-acusacion-biden-trump-trax\/","url_meta":{"origin":1473604,"position":4},"title":"Por qu\u00e9 la acusaci\u00f3n contra Comey es diferente a la del Departamento de Justicia de Biden contra Trump","author":"","date":"septiembre 27, 2025","format":false,"excerpt":"El exdirector del FBI James Comey fue acusado formalmente el jueves. La noticia lleg\u00f3 apenas d\u00edas despu\u00e9s de que el presidente Donald Trump obligara a renunciar a un fiscal federal de EE.UU. que se neg\u00f3 a presentar tales cargos, presionara p\u00fablicamente para procesar a Comey y otros adversarios pol\u00edticos, e\u2026","rel":"","context":"In &quot;Noticias Nacionales&quot;","block_context":{"text":"Noticias Nacionales","link":"https:\/\/noticiasya.com\/san-diego\/categoria\/noticias-nacionales"},"img":{"alt_text":"","src":"","width":0,"height":0},"classes":[]},{"id":1466861,"url":"https:\/\/noticiasya.com\/san-diego\/2025\/09\/26\/james-comey-exdirector-fbi-perfil-trax\/","url_meta":{"origin":1473604,"position":5},"title":"\u00bfQui\u00e9n es James Comey, el exdirector del FBI ahora acusado de dos delitos graves?","author":"","date":"septiembre 26, 2025","format":false,"excerpt":"James Comey, el exdirector del FBI que fue acusado este jueves, ha tenido una disputa de larga data con el presidente Donald Trump que se remonta a su despido abrupto durante los primeros meses del primer mandato del republicano.Comey ha sido acusado de obstrucci\u00f3n de un procedimiento del Congreso y\u2026","rel":"","context":"In &quot;Noticias Nacionales&quot;","block_context":{"text":"Noticias Nacionales","link":"https:\/\/noticiasya.com\/san-diego\/categoria\/noticias-nacionales"},"img":{"alt_text":"","src":"","width":0,"height":0},"classes":[]}],"jetpack_sharing_enabled":true,"_links":{"self":[{"href":"https:\/\/noticiasya.com\/san-diego\/wp-json\/wp\/v2\/posts\/1473604","targetHints":{"allow":["GET"]}}],"collection":[{"href":"https:\/\/noticiasya.com\/san-diego\/wp-json\/wp\/v2\/posts"}],"about":[{"href":"https:\/\/noticiasya.com\/san-diego\/wp-json\/wp\/v2\/types\/post"}],"replies":[{"embeddable":true,"href":"https:\/\/noticiasya.com\/san-diego\/wp-json\/wp\/v2\/comments?post=1473604"}],"version-history":[{"count":0,"href":"https:\/\/noticiasya.com\/san-diego\/wp-json\/wp\/v2\/posts\/1473604\/revisions"}],"wp:attachment":[{"href":"https:\/\/noticiasya.com\/san-diego\/wp-json\/wp\/v2\/media?parent=1473604"}],"wp:term":[{"taxonomy":"category","embeddable":true,"href":"https:\/\/noticiasya.com\/san-diego\/wp-json\/wp\/v2\/categories?post=1473604"},{"taxonomy":"post_tag","embeddable":true,"href":"https:\/\/noticiasya.com\/san-diego\/wp-json\/wp\/v2\/tags?post=1473604"}],"curies":[{"name":"wp","href":"https:\/\/api.w.org\/{rel}","templated":true}]}}