{"id":1473605,"date":"2026-04-28T11:03:41","date_gmt":"2026-04-28T18:03:41","guid":{"rendered":"https:\/\/noticiasya.com\/2026\/04\/28\/hegseth-kid-rock-helicoptero-apache-trax\/"},"modified":"2026-04-28T11:03:41","modified_gmt":"2026-04-28T18:03:41","slug":"hegseth-kid-rock-helicoptero-apache-trax","status":"publish","type":"post","link":"https:\/\/noticiasya.com\/san-diego\/2026\/04\/28\/hegseth-kid-rock-helicoptero-apache-trax\/","title":{"rendered":"Hegseth y Kid Rock &#171;dieron una vuelta&#187; en un helic\u00f3ptero del Ej\u00e9rcito, despu\u00e9s de un pol\u00e9mico incidente con Apaches"},"content":{"rendered":"<p>El secretario de Defensa, Pete Hegseth, declar\u00f3 que \u00e9l y Kid Rock salieron a \u201cdar una vuelta\u201d el lunes con pilotos de helic\u00f3pteros Apache del Ej\u00e9rcito de EE.UU. El episodio ocurre menos de un mes despu\u00e9s de una pol\u00e9mica que envolvi\u00f3 a las Fuerzas Armadas cuando pilotos del Ej\u00e9rcito sobrevolaron con helic\u00f3pteros Apache la residencia del artista, situada en el \u00e1rea de Nashville.<\/p>\n<p>\u201cKid Rock es un patriota y un gran partidario de nuestras tropas\u201d, escribi\u00f3 Hegseth en la red social X, junto a varias fotograf\u00edas en las que ambos aparecen de pie frente a un helic\u00f3ptero Apache. \u201cEl Departamento de Guerra no pierde el tiempo para celebrar el 250\u00ba aniversario de Estados Unidos: el hogar de los libres gracias a los valientes\u201d.<\/p>\n<p>El portavoz del Pent\u00e1gono, Sean Parnell, afirm\u00f3 en un comunicado que los helic\u00f3pteros que operaron este lunes lo hicieron \u201cen apoyo a un evento de relaciones comunitarias en el marco de la iniciativa \u2018Freedom 250\u2019\u201d.<\/p>\n<p>Kid Rock \u201cparticip\u00f3 en m\u00faltiples interacciones directas con los miembros del servicio y grab\u00f3 videos con motivo del D\u00eda de los Ca\u00eddos (Memorial Day), del 250\u00ba aniversario de Estados Unidos y para su gira \u2018Freedom 250\u2019\u201d, se\u00f1al\u00f3 Parnell.<\/p>\n<p>\u201cLa visita de hoy brind\u00f3 a Kid Rock la oportunidad de agradecer a los miembros del servicio, destacar la profesionalidad de los hombres y mujeres que apoyan la misi\u00f3n y reconocer su continuo sacrificio en honor a nuestra naci\u00f3n\u201d, a\u00f1adi\u00f3.<\/p>\n<p>El mes pasado, el Ej\u00e9rcito inici\u00f3 brevemente una investigaci\u00f3n y suspendi\u00f3 a los pilotos que hab\u00edan sobrevolado con dos helic\u00f3pteros Apache la residencia de Kid Rock. Hegseth puso fin de inmediato a la investigaci\u00f3n y levant\u00f3 las suspensiones de los pilotos. \u201cSin castigos. Sin investigaciones. Sigan adelante, patriotas\u201d, escribi\u00f3 Hegseth en las redes sociales en aquel momento.<\/p>\n<p>Un video publicado por Kid Rock mostraba al m\u00fasico haciendo el saludo militar a un helic\u00f3ptero que permanec\u00eda suspendido en el aire junto a la piscina de su residencia, a la cual \u00e9l ha bautizado como \u201cLa Casa Blanca del Sur\u201d. En otro video, se le ve alzando el pu\u00f1o con entusiasmo mientras dos helic\u00f3pteros Apache pasan volando junto a \u00e9l.<\/p>\n<p>En aquel entonces, Trump declar\u00f3: \u201cBueno, probablemente no deber\u00edan haberlo hecho; s\u00ed, se supone que uno no debe andar jugando a esas cosas, \u00bfverdad? Pero yo le echar\u00eda un vistazo al asunto. A ellos les gusta Kid Rock. A m\u00ed me gusta Kid Rock. Quiz\u00e1s intentaban protegerlo. No lo s\u00e9\u201d.<\/p>\n<p>The-CNN-Wire<br \/>&trade; &amp; &copy; 2026 Cable News Network, Inc., a Warner Bros. Discovery Company. All rights reserved.<\/p>\n","protected":false},"excerpt":{"rendered":"<p>El secretario de Defensa, Pete Hegseth, declar\u00f3 que \u00e9l y Kid Rock salieron a \u201cdar una vuelta\u201d el lunes con pilotos de helic\u00f3pteros Apache del Ej\u00e9rcito de EE.UU. El episodio ocurre menos de un mes despu\u00e9s de una pol\u00e9mica que envolvi\u00f3 a las Fuerzas Armadas cuando pilotos del Ej\u00e9rcito sobrevolaron con helic\u00f3pteros Apache la residencia [&hellip;]<\/p>\n","protected":false},"author":0,"featured_media":0,"comment_status":"open","ping_status":"open","sticky":false,"template":"","format":"standard","meta":{"_jetpack_memberships_contains_paid_content":false,"footnotes":""},"categories":[10],"tags":[],"class_list":["post-1473605","post","type-post","status-publish","format-standard","hentry","category-noticias-nacionales","market-global"],"yoast_head":"<!-- This site is optimized with the Yoast SEO plugin v24.4 - https:\/\/yoast.com\/wordpress\/plugins\/seo\/ -->\n<title>Hegseth y Kid Rock &quot;dieron una vuelta&quot; en un helic\u00f3ptero del Ej\u00e9rcito, despu\u00e9s de un pol\u00e9mico incidente con Apaches - Noticias<\/title>\n<meta name=\"robots\" content=\"index, follow, max-snippet:-1, max-image-preview:large, max-video-preview:-1\" \/>\n<link rel=\"canonical\" href=\"https:\/\/noticiasya.com\/2026\/04\/28\/hegseth-kid-rock-helicoptero-apache-trax\/\" \/>\n<meta property=\"og:locale\" content=\"es_ES\" \/>\n<meta property=\"og:type\" content=\"article\" \/>\n<meta property=\"og:title\" content=\"Hegseth y Kid Rock &quot;dieron una vuelta&quot; en un helic\u00f3ptero del Ej\u00e9rcito, despu\u00e9s de un pol\u00e9mico incidente con Apaches - Noticias\" \/>\n<meta property=\"og:description\" content=\"El secretario de Defensa, Pete Hegseth, declar\u00f3 que \u00e9l y Kid Rock salieron a \u201cdar una vuelta\u201d el lunes con pilotos de helic\u00f3pteros Apache del Ej\u00e9rcito de EE.UU. El episodio ocurre menos de un mes despu\u00e9s de una pol\u00e9mica que envolvi\u00f3 a las Fuerzas Armadas cuando pilotos del Ej\u00e9rcito sobrevolaron con helic\u00f3pteros Apache la residencia [&hellip;]\" \/>\n<meta property=\"og:url\" content=\"https:\/\/noticiasya.com\/2026\/04\/28\/hegseth-kid-rock-helicoptero-apache-trax\/\" \/>\n<meta property=\"og:site_name\" content=\"Noticias\" \/>\n<meta property=\"article:published_time\" content=\"2026-04-28T18:03:41+00:00\" \/>\n<meta name=\"twitter:card\" content=\"summary_large_image\" \/>\n<meta name=\"twitter:label1\" content=\"Est. reading time\" \/>\n\t<meta name=\"twitter:data1\" content=\"2 minutos\" \/>\n<script type=\"application\/ld+json\" class=\"yoast-schema-graph\">{\"@context\":\"https:\/\/schema.org\",\"@graph\":[{\"@type\":\"Article\",\"@id\":\"https:\/\/noticiasya.com\/2026\/04\/28\/hegseth-kid-rock-helicoptero-apache-trax\/#article\",\"isPartOf\":{\"@id\":\"https:\/\/noticiasya.com\/2026\/04\/28\/hegseth-kid-rock-helicoptero-apache-trax\/\"},\"author\":{\"name\":\"\",\"@id\":\"\"},\"headline\":\"Hegseth y Kid Rock &#171;dieron una vuelta&#187; en un helic\u00f3ptero del Ej\u00e9rcito, despu\u00e9s de un pol\u00e9mico incidente con Apaches\",\"datePublished\":\"2026-04-28T18:03:41+00:00\",\"mainEntityOfPage\":{\"@id\":\"https:\/\/noticiasya.com\/2026\/04\/28\/hegseth-kid-rock-helicoptero-apache-trax\/\"},\"wordCount\":470,\"commentCount\":0,\"publisher\":{\"@id\":\"https:\/\/noticiasya.com\/#organization\"},\"articleSection\":[\"Noticias Nacionales\"],\"inLanguage\":\"es\",\"potentialAction\":[{\"@type\":\"CommentAction\",\"name\":\"Comment\",\"target\":[\"https:\/\/noticiasya.com\/2026\/04\/28\/hegseth-kid-rock-helicoptero-apache-trax\/#respond\"]}]},{\"@type\":\"WebPage\",\"@id\":\"https:\/\/noticiasya.com\/2026\/04\/28\/hegseth-kid-rock-helicoptero-apache-trax\/\",\"url\":\"https:\/\/noticiasya.com\/2026\/04\/28\/hegseth-kid-rock-helicoptero-apache-trax\/\",\"name\":\"Hegseth y Kid Rock \\\"dieron una vuelta\\\" en un helic\u00f3ptero del Ej\u00e9rcito, despu\u00e9s de un pol\u00e9mico incidente con Apaches - Noticias\",\"isPartOf\":{\"@id\":\"https:\/\/noticiasya.com\/#website\"},\"datePublished\":\"2026-04-28T18:03:41+00:00\",\"breadcrumb\":{\"@id\":\"https:\/\/noticiasya.com\/2026\/04\/28\/hegseth-kid-rock-helicoptero-apache-trax\/#breadcrumb\"},\"inLanguage\":\"es\",\"potentialAction\":[{\"@type\":\"ReadAction\",\"target\":[\"https:\/\/noticiasya.com\/2026\/04\/28\/hegseth-kid-rock-helicoptero-apache-trax\/\"]}]},{\"@type\":\"BreadcrumbList\",\"@id\":\"https:\/\/noticiasya.com\/2026\/04\/28\/hegseth-kid-rock-helicoptero-apache-trax\/#breadcrumb\",\"itemListElement\":[{\"@type\":\"ListItem\",\"position\":1,\"name\":\"Home\",\"item\":\"https:\/\/noticiasya.com\/\"},{\"@type\":\"ListItem\",\"position\":2,\"name\":\"Hegseth y Kid Rock &#171;dieron una vuelta&#187; en un helic\u00f3ptero del Ej\u00e9rcito, despu\u00e9s de un pol\u00e9mico incidente con Apaches\"}]},{\"@type\":\"WebSite\",\"@id\":\"https:\/\/noticiasya.com\/#website\",\"url\":\"https:\/\/noticiasya.com\/\",\"name\":\"Noticias\",\"description\":\"Lo que importa\",\"publisher\":{\"@id\":\"https:\/\/noticiasya.com\/#organization\"},\"potentialAction\":[{\"@type\":\"SearchAction\",\"target\":{\"@type\":\"EntryPoint\",\"urlTemplate\":\"https:\/\/noticiasya.com\/?s={search_term_string}\"},\"query-input\":{\"@type\":\"PropertyValueSpecification\",\"valueRequired\":true,\"valueName\":\"search_term_string\"}}],\"inLanguage\":\"es\"},{\"@type\":\"Organization\",\"@id\":\"https:\/\/noticiasya.com\/#organization\",\"name\":\"Noticias\",\"url\":\"https:\/\/noticiasya.com\/\",\"logo\":{\"@type\":\"ImageObject\",\"inLanguage\":\"es\",\"@id\":\"https:\/\/noticiasya.com\/#\/schema\/logo\/image\/\",\"url\":\"https:\/\/noticiasya.com\/wp-content\/uploads\/sites\/22\/2023\/12\/logo-nacional.png\",\"contentUrl\":\"https:\/\/noticiasya.com\/wp-content\/uploads\/sites\/22\/2023\/12\/logo-nacional.png\",\"width\":1801,\"height\":691,\"caption\":\"Noticias\"},\"image\":{\"@id\":\"https:\/\/noticiasya.com\/#\/schema\/logo\/image\/\"}}]}<\/script>\n<!-- \/ Yoast SEO plugin. -->","yoast_head_json":{"title":"Hegseth y Kid Rock \"dieron una vuelta\" en un helic\u00f3ptero del Ej\u00e9rcito, despu\u00e9s de un pol\u00e9mico incidente con Apaches - Noticias","robots":{"index":"index","follow":"follow","max-snippet":"max-snippet:-1","max-image-preview":"max-image-preview:large","max-video-preview":"max-video-preview:-1"},"canonical":"https:\/\/noticiasya.com\/2026\/04\/28\/hegseth-kid-rock-helicoptero-apache-trax\/","og_locale":"es_ES","og_type":"article","og_title":"Hegseth y Kid Rock \"dieron una vuelta\" en un helic\u00f3ptero del Ej\u00e9rcito, despu\u00e9s de un pol\u00e9mico incidente con Apaches - Noticias","og_description":"El secretario de Defensa, Pete Hegseth, declar\u00f3 que \u00e9l y Kid Rock salieron a \u201cdar una vuelta\u201d el lunes con pilotos de helic\u00f3pteros Apache del Ej\u00e9rcito de EE.UU. El episodio ocurre menos de un mes despu\u00e9s de una pol\u00e9mica que envolvi\u00f3 a las Fuerzas Armadas cuando pilotos del Ej\u00e9rcito sobrevolaron con helic\u00f3pteros Apache la residencia [&hellip;]","og_url":"https:\/\/noticiasya.com\/2026\/04\/28\/hegseth-kid-rock-helicoptero-apache-trax\/","og_site_name":"Noticias","article_published_time":"2026-04-28T18:03:41+00:00","twitter_card":"summary_large_image","twitter_misc":{"Est. reading time":"2 minutos"},"schema":{"@context":"https:\/\/schema.org","@graph":[{"@type":"Article","@id":"https:\/\/noticiasya.com\/2026\/04\/28\/hegseth-kid-rock-helicoptero-apache-trax\/#article","isPartOf":{"@id":"https:\/\/noticiasya.com\/2026\/04\/28\/hegseth-kid-rock-helicoptero-apache-trax\/"},"author":{"name":"","@id":""},"headline":"Hegseth y Kid Rock &#171;dieron una vuelta&#187; en un helic\u00f3ptero del Ej\u00e9rcito, despu\u00e9s de un pol\u00e9mico incidente con Apaches","datePublished":"2026-04-28T18:03:41+00:00","mainEntityOfPage":{"@id":"https:\/\/noticiasya.com\/2026\/04\/28\/hegseth-kid-rock-helicoptero-apache-trax\/"},"wordCount":470,"commentCount":0,"publisher":{"@id":"https:\/\/noticiasya.com\/#organization"},"articleSection":["Noticias Nacionales"],"inLanguage":"es","potentialAction":[{"@type":"CommentAction","name":"Comment","target":["https:\/\/noticiasya.com\/2026\/04\/28\/hegseth-kid-rock-helicoptero-apache-trax\/#respond"]}]},{"@type":"WebPage","@id":"https:\/\/noticiasya.com\/2026\/04\/28\/hegseth-kid-rock-helicoptero-apache-trax\/","url":"https:\/\/noticiasya.com\/2026\/04\/28\/hegseth-kid-rock-helicoptero-apache-trax\/","name":"Hegseth y Kid Rock \"dieron una vuelta\" en un helic\u00f3ptero del Ej\u00e9rcito, despu\u00e9s de un pol\u00e9mico incidente con Apaches - Noticias","isPartOf":{"@id":"https:\/\/noticiasya.com\/#website"},"datePublished":"2026-04-28T18:03:41+00:00","breadcrumb":{"@id":"https:\/\/noticiasya.com\/2026\/04\/28\/hegseth-kid-rock-helicoptero-apache-trax\/#breadcrumb"},"inLanguage":"es","potentialAction":[{"@type":"ReadAction","target":["https:\/\/noticiasya.com\/2026\/04\/28\/hegseth-kid-rock-helicoptero-apache-trax\/"]}]},{"@type":"BreadcrumbList","@id":"https:\/\/noticiasya.com\/2026\/04\/28\/hegseth-kid-rock-helicoptero-apache-trax\/#breadcrumb","itemListElement":[{"@type":"ListItem","position":1,"name":"Home","item":"https:\/\/noticiasya.com\/"},{"@type":"ListItem","position":2,"name":"Hegseth y Kid Rock &#171;dieron una vuelta&#187; en un helic\u00f3ptero del Ej\u00e9rcito, despu\u00e9s de un pol\u00e9mico incidente con Apaches"}]},{"@type":"WebSite","@id":"https:\/\/noticiasya.com\/#website","url":"https:\/\/noticiasya.com\/","name":"Noticias","description":"Lo que importa","publisher":{"@id":"https:\/\/noticiasya.com\/#organization"},"potentialAction":[{"@type":"SearchAction","target":{"@type":"EntryPoint","urlTemplate":"https:\/\/noticiasya.com\/?s={search_term_string}"},"query-input":{"@type":"PropertyValueSpecification","valueRequired":true,"valueName":"search_term_string"}}],"inLanguage":"es"},{"@type":"Organization","@id":"https:\/\/noticiasya.com\/#organization","name":"Noticias","url":"https:\/\/noticiasya.com\/","logo":{"@type":"ImageObject","inLanguage":"es","@id":"https:\/\/noticiasya.com\/#\/schema\/logo\/image\/","url":"https:\/\/noticiasya.com\/wp-content\/uploads\/sites\/22\/2023\/12\/logo-nacional.png","contentUrl":"https:\/\/noticiasya.com\/wp-content\/uploads\/sites\/22\/2023\/12\/logo-nacional.png","width":1801,"height":691,"caption":"Noticias"},"image":{"@id":"https:\/\/noticiasya.com\/#\/schema\/logo\/image\/"}}]}},"parsely":{"version":"1.1.0","canonical_url":"https:\/\/noticiasya.com\/san-diego\/2026\/04\/28\/hegseth-kid-rock-helicoptero-apache-trax\/","smart_links":{"inbound":0,"outbound":0},"traffic_boost_suggestions_count":0,"meta":{"@context":"https:\/\/schema.org","@type":"NewsArticle","headline":"Hegseth y Kid Rock &#171;dieron una vuelta&#187; en un helic\u00f3ptero del Ej\u00e9rcito, despu\u00e9s de un pol\u00e9mico incidente con Apaches","url":"http:\/\/noticiasya.com\/san-diego\/2026\/04\/28\/hegseth-kid-rock-helicoptero-apache-trax\/","mainEntityOfPage":{"@type":"WebPage","@id":"http:\/\/noticiasya.com\/san-diego\/2026\/04\/28\/hegseth-kid-rock-helicoptero-apache-trax\/"},"thumbnailUrl":"","image":{"@type":"ImageObject","url":""},"articleSection":"Noticias Nacionales","author":[],"creator":[],"publisher":{"@type":"Organization","name":"Noticias","logo":""},"keywords":[],"dateCreated":"2026-04-28T18:03:41Z","datePublished":"2026-04-28T18:03:41Z","dateModified":"2026-04-28T18:03:41Z"},"rendered":"<script type=\"application\/ld+json\" class=\"wp-parsely-metadata\">{\"@context\":\"https:\\\/\\\/schema.org\",\"@type\":\"NewsArticle\",\"headline\":\"Hegseth y Kid Rock &#171;dieron una vuelta&#187; en un helic\\u00f3ptero del Ej\\u00e9rcito, despu\\u00e9s de un pol\\u00e9mico incidente con Apaches\",\"url\":\"http:\\\/\\\/noticiasya.com\\\/san-diego\\\/2026\\\/04\\\/28\\\/hegseth-kid-rock-helicoptero-apache-trax\\\/\",\"mainEntityOfPage\":{\"@type\":\"WebPage\",\"@id\":\"http:\\\/\\\/noticiasya.com\\\/san-diego\\\/2026\\\/04\\\/28\\\/hegseth-kid-rock-helicoptero-apache-trax\\\/\"},\"thumbnailUrl\":\"\",\"image\":{\"@type\":\"ImageObject\",\"url\":\"\"},\"articleSection\":\"Noticias Nacionales\",\"author\":[],\"creator\":[],\"publisher\":{\"@type\":\"Organization\",\"name\":\"Noticias\",\"logo\":\"\"},\"keywords\":[],\"dateCreated\":\"2026-04-28T18:03:41Z\",\"datePublished\":\"2026-04-28T18:03:41Z\",\"dateModified\":\"2026-04-28T18:03:41Z\"}<\/script>","tracker_url":"https:\/\/cdn.parsely.com\/keys\/noticiasya.com\/p.js"},"jetpack_featured_media_url":"","jetpack-related-posts":[{"id":1458054,"url":"https:\/\/noticiasya.com\/san-diego\/2025\/01\/30\/pilotos-informes-situaciones-riesgo-helicopteros-aeropuerto-raegan-choque-washington-trax\/","url_meta":{"origin":1473605,"position":0},"title":"Pilotos hab\u00edan reportado situaciones de riesgo con helic\u00f3pteros en el Aeropuerto Nacional Reagan antes del mortal choque","author":"","date":"enero 30, 2025","format":false,"excerpt":"Al menos dos pilotos informaron de situaciones peligrosas con helic\u00f3pteros mientras intentaban aterrizar en el aeropuerto en los tres a\u00f1os previos a la colisi\u00f3n letal entre el helic\u00f3ptero del Ej\u00e9rcito y un avi\u00f3n de American Airlines cerca del Aeropuerto Nacional Reagan (DCA), seg\u00fan una revisi\u00f3n de CNN de informes de\u2026","rel":"","context":"In &quot;Noticias Nacionales&quot;","block_context":{"text":"Noticias Nacionales","link":"https:\/\/noticiasya.com\/san-diego\/categoria\/noticias-nacionales"},"img":{"alt_text":"","src":"","width":0,"height":0},"classes":[]},{"id":1472600,"url":"https:\/\/noticiasya.com\/san-diego\/2026\/03\/26\/faa-investiga-incidente-california-avion-helicoptero-trax\/","url_meta":{"origin":1473605,"position":1},"title":"La FAA investiga un incidente en California en el que un avi\u00f3n de United Airlines casi choca con un helic\u00f3ptero Black Hawk","author":"","date":"marzo 26, 2026","format":false,"excerpt":"La Administraci\u00f3n Federal de Aviaci\u00f3n (FAA, por sus siglas en ingl\u00e9s) est\u00e1 investigando un incidente en el que un helic\u00f3ptero de la Guardia Nacional del Ej\u00e9rcito de Estados Unidos cruz\u00f3 por delante de un avi\u00f3n de pasajeros que aterrizaba en el Aeropuerto John Wayne, en Santa Ana, California, inform\u00f3 la\u2026","rel":"","context":"In &quot;Noticias Nacionales&quot;","block_context":{"text":"Noticias Nacionales","link":"https:\/\/noticiasya.com\/san-diego\/categoria\/noticias-nacionales"},"img":{"alt_text":"","src":"","width":0,"height":0},"classes":[]},{"id":1471360,"url":"https:\/\/noticiasya.com\/san-diego\/2026\/02\/17\/cadena-errores-colision-aerea-mortal-washington-trax\/","url_meta":{"origin":1473605,"position":2},"title":"Una cadena de errores provoc\u00f3 una colisi\u00f3n a\u00e9rea mortal cerca de Washington, concluyen los investigadores","author":"","date":"febrero 17, 2026","format":false,"excerpt":"M\u00faltiples fallas en distintas instancias del Gobierno provocaron que un helic\u00f3ptero Black Hawk del Ej\u00e9rcito chocara con un avi\u00f3n regional de American Airlines, operado por PSA Airlines, concluy\u00f3 la Junta Nacional de Seguridad en el Transporte (NTSB, por sus siglas en ingl\u00e9s) en un informe de casi 400 p\u00e1ginas publicado\u2026","rel":"","context":"In &quot;Noticias Nacionales&quot;","block_context":{"text":"Noticias Nacionales","link":"https:\/\/noticiasya.com\/san-diego\/categoria\/noticias-nacionales"},"img":{"alt_text":"","src":"","width":0,"height":0},"classes":[]},{"id":1459799,"url":"https:\/\/noticiasya.com\/san-diego\/2025\/03\/11\/rutas-helicopteros-washington-riesgo-intolerable-ntsb-trax\/","url_meta":{"origin":1473605,"position":3},"title":"Rutas de helic\u00f3pteros cerca del aeropuerto de Washington representan un &#171;riesgo intolerable&#187;, dice la NTSB","author":"","date":"marzo 11, 2025","format":false,"excerpt":"La ruta de helic\u00f3ptero que segu\u00eda un Black Hawk del Ej\u00e9rcito de EE.UU. cuando colision\u00f3 con un jet regional de American Airlines el 29 de enero deber\u00eda cerrarse bajo ciertas condiciones, seg\u00fan dos nuevas recomendaciones de la Junta Nacional de Seguridad en el Transporte (NTSB, por sus siglas en ingl\u00e9s)\u2026","rel":"","context":"In &quot;Noticias Nacionales&quot;","block_context":{"text":"Noticias Nacionales","link":"https:\/\/noticiasya.com\/san-diego\/categoria\/noticias-nacionales"},"img":{"alt_text":"","src":"","width":0,"height":0},"classes":[]},{"id":1458754,"url":"https:\/\/noticiasya.com\/san-diego\/2025\/02\/14\/altimetro-helicoptero-black-hawk-choco-avion-washington-trax\/","url_meta":{"origin":1473605,"position":4},"title":"Es posible que el alt\u00edmetro del helic\u00f3ptero Black Hawk que choc\u00f3 con un avi\u00f3n en Washington haya sido inexacto","author":"","date":"febrero 14, 2025","format":false,"excerpt":"Un an\u00e1lisis preliminar de los datos de vuelo y la grabadora de voz a bordo de un helic\u00f3ptero Black Hawk antes de la colisi\u00f3n con un vuelo comercial sobre Washington el 29 de enero indic\u00f3 que el alt\u00edmetro del helic\u00f3ptero puede haber sido inexacto y que los pilotos pueden no\u2026","rel":"","context":"In &quot;Noticias Nacionales&quot;","block_context":{"text":"Noticias Nacionales","link":"https:\/\/noticiasya.com\/san-diego\/categoria\/noticias-nacionales"},"img":{"alt_text":"","src":"","width":0,"height":0},"classes":[]},{"id":1458099,"url":"https:\/\/noticiasya.com\/san-diego\/2025\/02\/01\/momentos-previos-accidente-aereo-washington-trax\/","url_meta":{"origin":1473605,"position":5},"title":"As\u00ed fueron los momentos previos de las 67 almas que perecieron en un choque a\u00e9reo sobre el r\u00edo Potomac","author":"","date":"febrero 1, 2025","format":false,"excerpt":"Antes de que el vuelo 5342 de American Eagle despegara de Wichita, Kansas, el mi\u00e9rcoles por la noche rumbo a la capital del pa\u00eds, el patinador art\u00edstico Spencer Lane tom\u00f3 una foto del ala del avi\u00f3n extendida sobre la pista hacia el horizonte.Un cielo nublado de color azul gris\u00e1ceo formaba\u2026","rel":"","context":"In &quot;Noticias Nacionales&quot;","block_context":{"text":"Noticias Nacionales","link":"https:\/\/noticiasya.com\/san-diego\/categoria\/noticias-nacionales"},"img":{"alt_text":"","src":"","width":0,"height":0},"classes":[]}],"jetpack_sharing_enabled":true,"_links":{"self":[{"href":"https:\/\/noticiasya.com\/san-diego\/wp-json\/wp\/v2\/posts\/1473605","targetHints":{"allow":["GET"]}}],"collection":[{"href":"https:\/\/noticiasya.com\/san-diego\/wp-json\/wp\/v2\/posts"}],"about":[{"href":"https:\/\/noticiasya.com\/san-diego\/wp-json\/wp\/v2\/types\/post"}],"replies":[{"embeddable":true,"href":"https:\/\/noticiasya.com\/san-diego\/wp-json\/wp\/v2\/comments?post=1473605"}],"version-history":[{"count":0,"href":"https:\/\/noticiasya.com\/san-diego\/wp-json\/wp\/v2\/posts\/1473605\/revisions"}],"wp:attachment":[{"href":"https:\/\/noticiasya.com\/san-diego\/wp-json\/wp\/v2\/media?parent=1473605"}],"wp:term":[{"taxonomy":"category","embeddable":true,"href":"https:\/\/noticiasya.com\/san-diego\/wp-json\/wp\/v2\/categories?post=1473605"},{"taxonomy":"post_tag","embeddable":true,"href":"https:\/\/noticiasya.com\/san-diego\/wp-json\/wp\/v2\/tags?post=1473605"}],"curies":[{"name":"wp","href":"https:\/\/api.w.org\/{rel}","templated":true}]}}