{"id":1473607,"date":"2026-04-28T11:03:42","date_gmt":"2026-04-28T18:03:42","guid":{"rendered":"https:\/\/noticiasya.com\/2026\/04\/28\/quien-es-jardinero-sucesor-mencho-operativo-orix\/"},"modified":"2026-04-28T11:03:42","modified_gmt":"2026-04-28T18:03:42","slug":"quien-es-jardinero-sucesor-mencho-operativo-orix","status":"publish","type":"post","link":"https:\/\/noticiasya.com\/san-diego\/2026\/04\/28\/quien-es-jardinero-sucesor-mencho-operativo-orix\/","title":{"rendered":"\u00bfQui\u00e9n es el Jardinero, se\u00f1alado como posible sucesor del Mencho, y c\u00f3mo fue el operativo para detenerlo?"},"content":{"rendered":"<p>En un operativo encabezado por la Secretar\u00eda de Marina (Semar), las fuerzas federales mexicanas <a href=\"https:\/\/cnnespanol.cnn.com\/2026\/04\/27\/mexico\/detencion-jardinero-cjng-mencho-orix\">detuvieron<\/a> a uno de los presuntos l\u00edderes del C\u00e1rtel Jalisco Nueva Generaci\u00f3n (CJNG) y posible sucesor de <a href=\"https:\/\/cnnespanol.cnn.com\/2026\/02\/23\/mexico\/que-pasa-mexico-operativo-muerte-mencho-oseguera-cjng-orix\">Nemesio \u201cMencho\u201d Oseguera Cervantes<\/a>, l\u00edder del CJNG que muri\u00f3 tras una operaci\u00f3n federal en febrero.<\/p>\n<p>Se trata de Audias Flores Silva, alias el Jardinero, quien previo a su detenci\u00f3n ya contaba con una orden de aprehensi\u00f3n en su contra en M\u00e9xico y que es requerido por las autoridades de Estados Unidos por delitos relacionados con drogas.<\/p>\n<p>CNN contact\u00f3 a la Fiscal\u00eda General de M\u00e9xico para conocer de qu\u00e9 delito se acusa a Flores Silva y para saber si ya cuenta con defensa legal, y est\u00e1 en espera de respuesta.<\/p>\n<p>El arresto ocurre en un momento clave para M\u00e9xico, donde la seguridad es un punto de tensi\u00f3n de cara al Mundial y la presi\u00f3n de EE.UU. por acciones m\u00e1s duras contra los carteles se mantiene firme desde inicios del segundo mandato de Donald Trump.<\/p>\n<p><strong>Nombre completo<\/strong>: Audias Flores Silva (tambi\u00e9n se le conoc\u00eda bajo el nombre de Gabriel Raigosa Plascencia, <a href=\"https:\/\/www.state.gov\/audias-flores-silva\">seg\u00fan<\/a> el Gobierno de Estados Unidos)<\/p>\n<p><strong>Apodos<\/strong>: adem\u00e1s del Jardinero, otros alias son Comandante, el Bravo 2, Audi y Mata Jefes.<\/p>\n<p><strong>Fecha de nacimiento<\/strong>: 19 de noviembre de 1980<\/p>\n<p><strong>Lugar de nacimiento<\/strong>: Michoac\u00e1n, M\u00e9xico<\/p>\n<p>Seg\u00fan informaci\u00f3n del Departamento de Estado de EE.UU. publicada en 2021, Flores Silva era en ese momento <a href=\"https:\/\/2021-2025.state.gov\/narcotics-rewards-program-target-information-wanted\/audias-flores-silva\/#:~:text=Flores%2DSilva%20was%20charged%20in,are%20not%20eligible%20for%20rewards.\">un estrecho colaborador del Mencho,<\/a> quien durante a\u00f1os fue el m\u00e1ximo l\u00edder del CJNG y uno de los narcotraficantes m\u00e1s buscados del mundo.<\/p>\n<p>Investigaciones de la Administraci\u00f3n para el Control de Drogas (DEA, por sus siglas en ingl\u00e9s) y de la Oficina de Investigaciones de Seguridad Nacional (HSI, por sus siglas en ingl\u00e9s, que es la rama investigativa principal del Departamento de Seguridad Nacional de EE.UU.) \u201crevelan que Flores Silva controla varios laboratorios de metanfetamina en la regi\u00f3n central de Jalisco y en el sur de Zacatecas\u201d, escribi\u00f3 el Departamento de Estado en 2021.<\/p>\n<p>Por otro lado, tambi\u00e9n en 2021, Departamento del Tesoro de Estados Unidos lo identific\u00f3 como \u201cun importante traficante extranjero de narc\u00f3ticos\u201d y <a href=\"https:\/\/home.treasury.gov\/news\/press-releases\/jy0122#:~:text=WASHINGTON%20%E2%80%93%20Yesterday%2C%20the%20U.S.%20Department,including%20the%20state%20of%20Nayarit.\">lo se\u00f1al\u00f3<\/a> como uno de los l\u00edderes regionales del CJNG que ten\u00eda control en varias zonas de la costa del Pac\u00edfico mexicano, incluido Nayarit, fue detenido el lunes.<\/p>\n<p>En 2020, Flores Silva fue acusado formalmente por un tribunal federal en el Distrito de Columbia por conspiraci\u00f3n para distribuir drogas y por delitos relacionados con el uso de armas de fuego.<\/p>\n<p>En espec\u00edfico, la acusaci\u00f3n formal contra el Jardinero <a href=\"https:\/\/www.state.gov\/audias-flores-silva#:~:text=The%20indictment%20charges%20Flores%2DSilva%20with%20conspiracy%20to%20distribute%20five%20kilograms%20or%20more%20of%20cocaine%2C%20and%20one%20kilogram%20or%20more%20of%20heroin%20for%20importation%20into%20the%20United%20States%2C%20as%20well%20as%20carrying%2C%20using%2C%20and%20possessing%20a%20firearm%20in%20relation%20to%20a%20drug%20offense\">lo imputa<\/a> de los delitos de \u201cconspiraci\u00f3n para distribuir cinco kilogramos o m\u00e1s de coca\u00edna, y un kilogramo o m\u00e1s de hero\u00edna con fines de importaci\u00f3n a Estados Unidos, as\u00ed como portar, utilizar y poseer un arma de fuego en relaci\u00f3n con un delito de drogas\u201d.<\/p>\n<p>Por dichos delitos, el Departamento de Estado ofrec\u00eda una recompensa de hasta US$ 5 millones por informaci\u00f3n que llevara a su arresto o condena.<\/p>\n<p>El caso de Flores Silva en EE.UU. es perseguido por la Secci\u00f3n de Narc\u00f3ticos y Drogas Peligrosas de la Divisi\u00f3n Penal del Departamento de Justicia.<\/p>\n<p>Seg\u00fan informaci\u00f3n del Departamento del Tesoro, Flores Silva <a href=\"https:\/\/home.treasury.gov\/news\/press-releases\/jy0122#:~:text=The%20case%20is,in%20Mexican%20courts\">cumpli\u00f3<\/a> previamente una condena de cinco a\u00f1os de prisi\u00f3n en Estados Unidos por tr\u00e1fico de narc\u00f3ticos.<\/p>\n<p>\u201cTras su liberaci\u00f3n, regres\u00f3 a M\u00e9xico. En 2016, las autoridades mexicanas detuvieron a Flores Silva tras ser acusado de orquestar una emboscada en abril de 2015 contra agentes de la polic\u00eda mexicana en Soyatl\u00e1n, Jalisco. Posteriormente, Flores Silva fue puesto en libertad de una prisi\u00f3n mexicana tras impugnar los cargos en su contra ante los tribunales de ese pa\u00eds\u201d, detall\u00f3 el Tesoro estadounidense.<\/p>\n<p>El Jadinero era considerado <a href=\"https:\/\/insightcrime.org\/es\/noticias-crimen-organizado-mexico\/cartel-jalisco-nueva-generacion-cjng\/\">por analistas en seguridad <\/a>como el posible sucesor del Mencho tras la muerte del l\u00edder criminal en febrero durante un operativo militar en Tapalpa, un pueblo ubicado a unos 120 kil\u00f3metros al suroeste de Guadalajara, Jalisco, en una zona monta\u00f1osa, que <a href=\"https:\/\/cnnespanol.cnn.com\/2026\/03\/02\/mexico\/guadalajara-miedo-incertidumbre-violencia-mencho-narcotrafico-orix\">desat\u00f3 una ola de violencia en 20 estados del pa\u00eds.<\/a><\/p>\n<p>Desde entonces, el CJNG, una de las organizaciones criminales m\u00e1s violentas del pa\u00eds, est\u00e1 atravesando posibles reacomodos para definir su liderazgo. De acuerdo con el sitio especializado <a href=\"https:\/\/insightcrime.org\/es\/noticias-crimen-organizado-mexico\/cartel-jalisco-nueva-generacion-cjng\/\">InSight Crime<\/a>, entre los posibles sucesores del Mencho dentro de la estructura del c\u00e1rtel tambi\u00e9n figuran Juan Carlos Valencia Gonz\u00e1lez, alias el 03, y Ricardo Ruiz Velasco, alias Doble R, ambos identificados como figuras de alto rango en la operaci\u00f3n y expansi\u00f3n territorial de la organizaci\u00f3n.<\/p>\n<p>Las fuerzas de seguridad mexicanas rodearon una caba\u00f1a en la comunidad nayarita de El Mirador \u2014a unos 20 kil\u00f3metros al norte de la tur\u00edstica ciudad de Puerto Vallarta, en el vecino <a href=\"https:\/\/cnnespanol.cnn.com\/2026\/04\/24\/mexico\/mundial-guadalajara-sedes-personas-inseguridad-orix\">estado de Jalisco<\/a>\u2014, donde Flores Silva se encontraba resguardado por un dispositivo de seguridad integrado por alrededor de 30 camionetas y m\u00e1s de 60 hombres armados, <a href=\"https:\/\/www.gob.mx\/semar\/prensa\/personal-naval-y-de-sspc-en-coordinacion-con-autoridades-federales-realizan-aprehension-de-blanco-prioritario?idiom=es\">de acuerdo con un comunicado<\/a> de la Semar.<\/p>\n<p>Los escoltas de Flores Silva se dispersaron como maniobra de distracci\u00f3n, pero fue localizado mientras intentaba ocultarse en un conducto de desag\u00fce.<\/p>\n<p>\u201cLa operaci\u00f3n se realiz\u00f3 de manera quir\u00fargica, sin necesidad de efectuar un solo disparo, sin personas fallecidas, lesionadas ni da\u00f1os colaterales\u201d, se\u00f1al\u00f3 la Marina.<\/p>\n<p>Videos <a href=\"https:\/\/x.com\/OHarfuch\/status\/2048901245620937123\">difundidos en redes sociales por Omar Garc\u00eda Harfuch<\/a>, secretario de Seguridad federal, muestran tomas a\u00e9reas del arresto, con helic\u00f3pteros sobrevolando la zona durante el despliegue.<\/p>\n<p>La Marina de M\u00e9xico indic\u00f3 que el operativo fue resultado de 19 meses de vigilancia e involucr\u00f3 a m\u00e1s de 500 elementos, seis helic\u00f3pteros y aeronaves de inteligencia y reconocimiento.<\/p>\n<p>La operaci\u00f3n fue \u201cplaneada, desarrollada y ejecutada\u201d por la Semar, mientras que la Secretar\u00eda de Seguridad y Protecci\u00f3n Ciudadana (SSPC) y la FGR participaron en la coordinaci\u00f3n.<\/p>\n<p>The-CNN-Wire<br \/>&trade; &amp; &copy; 2026 Cable News Network, Inc., a Warner Bros. Discovery Company. All rights reserved.<\/p>\n","protected":false},"excerpt":{"rendered":"<p>En un operativo encabezado por la Secretar\u00eda de Marina (Semar), las fuerzas federales mexicanas detuvieron a uno de los presuntos l\u00edderes del C\u00e1rtel Jalisco Nueva Generaci\u00f3n (CJNG) y posible sucesor de Nemesio \u201cMencho\u201d Oseguera Cervantes, l\u00edder del CJNG que muri\u00f3 tras una operaci\u00f3n federal en febrero. Se trata de Audias Flores Silva, alias el Jardinero, [&hellip;]<\/p>\n","protected":false},"author":0,"featured_media":0,"comment_status":"open","ping_status":"open","sticky":false,"template":"","format":"standard","meta":{"_jetpack_memberships_contains_paid_content":false,"footnotes":""},"categories":[10],"tags":[],"class_list":["post-1473607","post","type-post","status-publish","format-standard","hentry","category-noticias-nacionales","market-global"],"yoast_head":"<!-- This site is optimized with the Yoast SEO plugin v24.4 - https:\/\/yoast.com\/wordpress\/plugins\/seo\/ -->\n<title>\u00bfQui\u00e9n es el Jardinero, se\u00f1alado como posible sucesor del Mencho, y c\u00f3mo fue el operativo para detenerlo? - Noticias<\/title>\n<meta name=\"robots\" content=\"index, follow, max-snippet:-1, max-image-preview:large, max-video-preview:-1\" \/>\n<link rel=\"canonical\" href=\"https:\/\/noticiasya.com\/2026\/04\/28\/quien-es-jardinero-sucesor-mencho-operativo-orix\/\" \/>\n<meta property=\"og:locale\" content=\"es_ES\" \/>\n<meta property=\"og:type\" content=\"article\" \/>\n<meta property=\"og:title\" content=\"\u00bfQui\u00e9n es el Jardinero, se\u00f1alado como posible sucesor del Mencho, y c\u00f3mo fue el operativo para detenerlo? - Noticias\" \/>\n<meta property=\"og:description\" content=\"En un operativo encabezado por la Secretar\u00eda de Marina (Semar), las fuerzas federales mexicanas detuvieron a uno de los presuntos l\u00edderes del C\u00e1rtel Jalisco Nueva Generaci\u00f3n (CJNG) y posible sucesor de Nemesio \u201cMencho\u201d Oseguera Cervantes, l\u00edder del CJNG que muri\u00f3 tras una operaci\u00f3n federal en febrero. Se trata de Audias Flores Silva, alias el Jardinero, [&hellip;]\" \/>\n<meta property=\"og:url\" content=\"https:\/\/noticiasya.com\/2026\/04\/28\/quien-es-jardinero-sucesor-mencho-operativo-orix\/\" \/>\n<meta property=\"og:site_name\" content=\"Noticias\" \/>\n<meta property=\"article:published_time\" content=\"2026-04-28T18:03:42+00:00\" \/>\n<meta name=\"twitter:card\" content=\"summary_large_image\" \/>\n<meta name=\"twitter:label1\" content=\"Est. reading time\" \/>\n\t<meta name=\"twitter:data1\" content=\"5 minutos\" \/>\n<script type=\"application\/ld+json\" class=\"yoast-schema-graph\">{\"@context\":\"https:\/\/schema.org\",\"@graph\":[{\"@type\":\"Article\",\"@id\":\"https:\/\/noticiasya.com\/2026\/04\/28\/quien-es-jardinero-sucesor-mencho-operativo-orix\/#article\",\"isPartOf\":{\"@id\":\"https:\/\/noticiasya.com\/2026\/04\/28\/quien-es-jardinero-sucesor-mencho-operativo-orix\/\"},\"author\":{\"name\":\"\",\"@id\":\"\"},\"headline\":\"\u00bfQui\u00e9n es el Jardinero, se\u00f1alado como posible sucesor del Mencho, y c\u00f3mo fue el operativo para detenerlo?\",\"datePublished\":\"2026-04-28T18:03:42+00:00\",\"mainEntityOfPage\":{\"@id\":\"https:\/\/noticiasya.com\/2026\/04\/28\/quien-es-jardinero-sucesor-mencho-operativo-orix\/\"},\"wordCount\":1037,\"commentCount\":0,\"publisher\":{\"@id\":\"https:\/\/noticiasya.com\/#organization\"},\"articleSection\":[\"Noticias Nacionales\"],\"inLanguage\":\"es\",\"potentialAction\":[{\"@type\":\"CommentAction\",\"name\":\"Comment\",\"target\":[\"https:\/\/noticiasya.com\/2026\/04\/28\/quien-es-jardinero-sucesor-mencho-operativo-orix\/#respond\"]}]},{\"@type\":\"WebPage\",\"@id\":\"https:\/\/noticiasya.com\/2026\/04\/28\/quien-es-jardinero-sucesor-mencho-operativo-orix\/\",\"url\":\"https:\/\/noticiasya.com\/2026\/04\/28\/quien-es-jardinero-sucesor-mencho-operativo-orix\/\",\"name\":\"\u00bfQui\u00e9n es el Jardinero, se\u00f1alado como posible sucesor del Mencho, y c\u00f3mo fue el operativo para detenerlo? - Noticias\",\"isPartOf\":{\"@id\":\"https:\/\/noticiasya.com\/#website\"},\"datePublished\":\"2026-04-28T18:03:42+00:00\",\"breadcrumb\":{\"@id\":\"https:\/\/noticiasya.com\/2026\/04\/28\/quien-es-jardinero-sucesor-mencho-operativo-orix\/#breadcrumb\"},\"inLanguage\":\"es\",\"potentialAction\":[{\"@type\":\"ReadAction\",\"target\":[\"https:\/\/noticiasya.com\/2026\/04\/28\/quien-es-jardinero-sucesor-mencho-operativo-orix\/\"]}]},{\"@type\":\"BreadcrumbList\",\"@id\":\"https:\/\/noticiasya.com\/2026\/04\/28\/quien-es-jardinero-sucesor-mencho-operativo-orix\/#breadcrumb\",\"itemListElement\":[{\"@type\":\"ListItem\",\"position\":1,\"name\":\"Home\",\"item\":\"https:\/\/noticiasya.com\/\"},{\"@type\":\"ListItem\",\"position\":2,\"name\":\"\u00bfQui\u00e9n es el Jardinero, se\u00f1alado como posible sucesor del Mencho, y c\u00f3mo fue el operativo para detenerlo?\"}]},{\"@type\":\"WebSite\",\"@id\":\"https:\/\/noticiasya.com\/#website\",\"url\":\"https:\/\/noticiasya.com\/\",\"name\":\"Noticias\",\"description\":\"Lo que importa\",\"publisher\":{\"@id\":\"https:\/\/noticiasya.com\/#organization\"},\"potentialAction\":[{\"@type\":\"SearchAction\",\"target\":{\"@type\":\"EntryPoint\",\"urlTemplate\":\"https:\/\/noticiasya.com\/?s={search_term_string}\"},\"query-input\":{\"@type\":\"PropertyValueSpecification\",\"valueRequired\":true,\"valueName\":\"search_term_string\"}}],\"inLanguage\":\"es\"},{\"@type\":\"Organization\",\"@id\":\"https:\/\/noticiasya.com\/#organization\",\"name\":\"Noticias\",\"url\":\"https:\/\/noticiasya.com\/\",\"logo\":{\"@type\":\"ImageObject\",\"inLanguage\":\"es\",\"@id\":\"https:\/\/noticiasya.com\/#\/schema\/logo\/image\/\",\"url\":\"https:\/\/noticiasya.com\/wp-content\/uploads\/sites\/22\/2023\/12\/logo-nacional.png\",\"contentUrl\":\"https:\/\/noticiasya.com\/wp-content\/uploads\/sites\/22\/2023\/12\/logo-nacional.png\",\"width\":1801,\"height\":691,\"caption\":\"Noticias\"},\"image\":{\"@id\":\"https:\/\/noticiasya.com\/#\/schema\/logo\/image\/\"}}]}<\/script>\n<!-- \/ Yoast SEO plugin. -->","yoast_head_json":{"title":"\u00bfQui\u00e9n es el Jardinero, se\u00f1alado como posible sucesor del Mencho, y c\u00f3mo fue el operativo para detenerlo? - Noticias","robots":{"index":"index","follow":"follow","max-snippet":"max-snippet:-1","max-image-preview":"max-image-preview:large","max-video-preview":"max-video-preview:-1"},"canonical":"https:\/\/noticiasya.com\/2026\/04\/28\/quien-es-jardinero-sucesor-mencho-operativo-orix\/","og_locale":"es_ES","og_type":"article","og_title":"\u00bfQui\u00e9n es el Jardinero, se\u00f1alado como posible sucesor del Mencho, y c\u00f3mo fue el operativo para detenerlo? - Noticias","og_description":"En un operativo encabezado por la Secretar\u00eda de Marina (Semar), las fuerzas federales mexicanas detuvieron a uno de los presuntos l\u00edderes del C\u00e1rtel Jalisco Nueva Generaci\u00f3n (CJNG) y posible sucesor de Nemesio \u201cMencho\u201d Oseguera Cervantes, l\u00edder del CJNG que muri\u00f3 tras una operaci\u00f3n federal en febrero. Se trata de Audias Flores Silva, alias el Jardinero, [&hellip;]","og_url":"https:\/\/noticiasya.com\/2026\/04\/28\/quien-es-jardinero-sucesor-mencho-operativo-orix\/","og_site_name":"Noticias","article_published_time":"2026-04-28T18:03:42+00:00","twitter_card":"summary_large_image","twitter_misc":{"Est. reading time":"5 minutos"},"schema":{"@context":"https:\/\/schema.org","@graph":[{"@type":"Article","@id":"https:\/\/noticiasya.com\/2026\/04\/28\/quien-es-jardinero-sucesor-mencho-operativo-orix\/#article","isPartOf":{"@id":"https:\/\/noticiasya.com\/2026\/04\/28\/quien-es-jardinero-sucesor-mencho-operativo-orix\/"},"author":{"name":"","@id":""},"headline":"\u00bfQui\u00e9n es el Jardinero, se\u00f1alado como posible sucesor del Mencho, y c\u00f3mo fue el operativo para detenerlo?","datePublished":"2026-04-28T18:03:42+00:00","mainEntityOfPage":{"@id":"https:\/\/noticiasya.com\/2026\/04\/28\/quien-es-jardinero-sucesor-mencho-operativo-orix\/"},"wordCount":1037,"commentCount":0,"publisher":{"@id":"https:\/\/noticiasya.com\/#organization"},"articleSection":["Noticias Nacionales"],"inLanguage":"es","potentialAction":[{"@type":"CommentAction","name":"Comment","target":["https:\/\/noticiasya.com\/2026\/04\/28\/quien-es-jardinero-sucesor-mencho-operativo-orix\/#respond"]}]},{"@type":"WebPage","@id":"https:\/\/noticiasya.com\/2026\/04\/28\/quien-es-jardinero-sucesor-mencho-operativo-orix\/","url":"https:\/\/noticiasya.com\/2026\/04\/28\/quien-es-jardinero-sucesor-mencho-operativo-orix\/","name":"\u00bfQui\u00e9n es el Jardinero, se\u00f1alado como posible sucesor del Mencho, y c\u00f3mo fue el operativo para detenerlo? - Noticias","isPartOf":{"@id":"https:\/\/noticiasya.com\/#website"},"datePublished":"2026-04-28T18:03:42+00:00","breadcrumb":{"@id":"https:\/\/noticiasya.com\/2026\/04\/28\/quien-es-jardinero-sucesor-mencho-operativo-orix\/#breadcrumb"},"inLanguage":"es","potentialAction":[{"@type":"ReadAction","target":["https:\/\/noticiasya.com\/2026\/04\/28\/quien-es-jardinero-sucesor-mencho-operativo-orix\/"]}]},{"@type":"BreadcrumbList","@id":"https:\/\/noticiasya.com\/2026\/04\/28\/quien-es-jardinero-sucesor-mencho-operativo-orix\/#breadcrumb","itemListElement":[{"@type":"ListItem","position":1,"name":"Home","item":"https:\/\/noticiasya.com\/"},{"@type":"ListItem","position":2,"name":"\u00bfQui\u00e9n es el Jardinero, se\u00f1alado como posible sucesor del Mencho, y c\u00f3mo fue el operativo para detenerlo?"}]},{"@type":"WebSite","@id":"https:\/\/noticiasya.com\/#website","url":"https:\/\/noticiasya.com\/","name":"Noticias","description":"Lo que importa","publisher":{"@id":"https:\/\/noticiasya.com\/#organization"},"potentialAction":[{"@type":"SearchAction","target":{"@type":"EntryPoint","urlTemplate":"https:\/\/noticiasya.com\/?s={search_term_string}"},"query-input":{"@type":"PropertyValueSpecification","valueRequired":true,"valueName":"search_term_string"}}],"inLanguage":"es"},{"@type":"Organization","@id":"https:\/\/noticiasya.com\/#organization","name":"Noticias","url":"https:\/\/noticiasya.com\/","logo":{"@type":"ImageObject","inLanguage":"es","@id":"https:\/\/noticiasya.com\/#\/schema\/logo\/image\/","url":"https:\/\/noticiasya.com\/wp-content\/uploads\/sites\/22\/2023\/12\/logo-nacional.png","contentUrl":"https:\/\/noticiasya.com\/wp-content\/uploads\/sites\/22\/2023\/12\/logo-nacional.png","width":1801,"height":691,"caption":"Noticias"},"image":{"@id":"https:\/\/noticiasya.com\/#\/schema\/logo\/image\/"}}]}},"parsely":{"version":"1.1.0","canonical_url":"https:\/\/noticiasya.com\/san-diego\/2026\/04\/28\/quien-es-jardinero-sucesor-mencho-operativo-orix\/","smart_links":{"inbound":0,"outbound":0},"traffic_boost_suggestions_count":0,"meta":{"@context":"https:\/\/schema.org","@type":"NewsArticle","headline":"\u00bfQui\u00e9n es el Jardinero, se\u00f1alado como posible sucesor del Mencho, y c\u00f3mo fue el operativo para detenerlo?","url":"http:\/\/noticiasya.com\/san-diego\/2026\/04\/28\/quien-es-jardinero-sucesor-mencho-operativo-orix\/","mainEntityOfPage":{"@type":"WebPage","@id":"http:\/\/noticiasya.com\/san-diego\/2026\/04\/28\/quien-es-jardinero-sucesor-mencho-operativo-orix\/"},"thumbnailUrl":"","image":{"@type":"ImageObject","url":""},"articleSection":"Noticias Nacionales","author":[],"creator":[],"publisher":{"@type":"Organization","name":"Noticias","logo":""},"keywords":[],"dateCreated":"2026-04-28T18:03:42Z","datePublished":"2026-04-28T18:03:42Z","dateModified":"2026-04-28T18:03:42Z"},"rendered":"<script type=\"application\/ld+json\" class=\"wp-parsely-metadata\">{\"@context\":\"https:\\\/\\\/schema.org\",\"@type\":\"NewsArticle\",\"headline\":\"\\u00bfQui\\u00e9n es el Jardinero, se\\u00f1alado como posible sucesor del Mencho, y c\\u00f3mo fue el operativo para detenerlo?\",\"url\":\"http:\\\/\\\/noticiasya.com\\\/san-diego\\\/2026\\\/04\\\/28\\\/quien-es-jardinero-sucesor-mencho-operativo-orix\\\/\",\"mainEntityOfPage\":{\"@type\":\"WebPage\",\"@id\":\"http:\\\/\\\/noticiasya.com\\\/san-diego\\\/2026\\\/04\\\/28\\\/quien-es-jardinero-sucesor-mencho-operativo-orix\\\/\"},\"thumbnailUrl\":\"\",\"image\":{\"@type\":\"ImageObject\",\"url\":\"\"},\"articleSection\":\"Noticias Nacionales\",\"author\":[],\"creator\":[],\"publisher\":{\"@type\":\"Organization\",\"name\":\"Noticias\",\"logo\":\"\"},\"keywords\":[],\"dateCreated\":\"2026-04-28T18:03:42Z\",\"datePublished\":\"2026-04-28T18:03:42Z\",\"dateModified\":\"2026-04-28T18:03:42Z\"}<\/script>","tracker_url":"https:\/\/cdn.parsely.com\/keys\/noticiasya.com\/p.js"},"jetpack_featured_media_url":"","jetpack-related-posts":[{"id":1473543,"url":"https:\/\/noticiasya.com\/san-diego\/2026\/04\/27\/detencion-jardinero-cjng-mencho-orix\/","url_meta":{"origin":1473607,"position":0},"title":"M\u00e9xico detiene a alias &#171;El Jardinero&#187;, posible sucesor del &#171;Mencho&#187; en el Cartel Jalisco Nueva Generaci\u00f3n","author":"","date":"abril 27, 2026","format":false,"excerpt":"Fuerzas especiales de la Secretar\u00eda de Marina de M\u00e9xico detuvieron en el estado de Nayarit a Audias Flores Silva, alias \u201cEl Jardinero\u201d, identificado como uno de los presuntos l\u00edderes del C\u00e1rtel Jalisco Nueva Generaci\u00f3n (CJNG), dos meses despu\u00e9s de la ca\u00edda de Nemesio Rub\u00e9n Oseguera Cervantes, alias \u201cEl Mencho\u201d, considerado\u2026","rel":"","context":"In &quot;Noticias Nacionales&quot;","block_context":{"text":"Noticias Nacionales","link":"https:\/\/noticiasya.com\/san-diego\/categoria\/noticias-nacionales"},"img":{"alt_text":"","src":"","width":0,"height":0},"classes":[]},{"id":1471655,"url":"https:\/\/noticiasya.com\/san-diego\/2026\/02\/25\/mujeres-cartel-jalisco-cjng-mencho-orix\/","url_meta":{"origin":1473607,"position":1},"title":"De &#171;parejas sentimentales&#187; a figuras clave en el cartel: las mujeres en el c\u00edrculo cercano del Mencho","author":"","date":"febrero 25, 2026","format":false,"excerpt":"Nemesio Oseguera Cervantes, alias el Mencho, fue por mucho tiempo uno de los capos del narcotr\u00e1fico m\u00e1s buscados por M\u00e9xico y Estados Unidos, y el l\u00edder del poderoso Cartel Jalisco Nueva Generaci\u00f3n (CJNG). Sin embargo, un operativo militar del Gobierno de mexicano para capturarlo termin\u00f3 en su muerte el domingo.\u2026","rel":"","context":"In &quot;Noticias Nacionales&quot;","block_context":{"text":"Noticias Nacionales","link":"https:\/\/noticiasya.com\/san-diego\/categoria\/noticias-nacionales"},"img":{"alt_text":"","src":"","width":0,"height":0},"classes":[]},{"id":1471565,"url":"https:\/\/noticiasya.com\/san-diego\/2026\/02\/23\/mundial-guadalajara-violencia-mencho-cjng-orix\/","url_meta":{"origin":1473607,"position":2},"title":"Faltan cuatro meses para el Mundial y Guadalajara es sede: \u00bfpuede la lucha por el futuro del CJNG acosarla con su violencia?","author":"","date":"febrero 23, 2026","format":false,"excerpt":"La muerte de Nemesio \u201cel Mencho\u201d Oseguera, l\u00edder del Cartel Jalisco Nueva Generaci\u00f3n (CJNG), desat\u00f3 inmediatos temores de una nueva ola de violencia en M\u00e9xico, que podr\u00eda extenderse m\u00e1s all\u00e1 de los bloqueos e incendios registrados el domingo. Los antecedentes de otros episodios de luchas internas de sucesi\u00f3n y entre\u2026","rel":"","context":"In &quot;Noticias Nacionales&quot;","block_context":{"text":"Noticias Nacionales","link":"https:\/\/noticiasya.com\/san-diego\/categoria\/noticias-nacionales"},"img":{"alt_text":"","src":"","width":0,"height":0},"classes":[]},{"id":1471635,"url":"https:\/\/noticiasya.com\/san-diego\/2026\/02\/25\/operacion-capturar-mencho-sheinbaum-trump-se-atribuyera-operativo-orix\/","url_meta":{"origin":1473607,"position":3},"title":"Trump se atribuy\u00f3 la ca\u00edda del Mencho. Sheinbaum insisti\u00f3 en que el operativo lo hizo M\u00e9xico","author":"","date":"febrero 25, 2026","format":false,"excerpt":"La presidenta de M\u00e9xico, Claudia Sheinbaum, recalc\u00f3 este mi\u00e9rcoles que toda la operaci\u00f3n militar para capturar a Nemesio Oseguera Cervantes, alias el Mencho, l\u00edder del Cartel Jalisco Nueva Generaci\u00f3n (CJNG), fue llevada a cabo por las fuerzas de seguridad mexicanas, refutando as\u00ed las declaraciones que hizo el presidente de Estados\u2026","rel":"","context":"In &quot;Noticias Nacionales&quot;","block_context":{"text":"Noticias Nacionales","link":"https:\/\/noticiasya.com\/san-diego\/categoria\/noticias-nacionales"},"img":{"alt_text":"","src":"","width":0,"height":0},"classes":[]},{"id":1471646,"url":"https:\/\/noticiasya.com\/san-diego\/2026\/02\/25\/familiares-mencho-piden-entrega-cuerpo-orix\/","url_meta":{"origin":1473607,"position":4},"title":"Familiares del Mencho ya pidieron que se les entregue su cuerpo, dice la Fiscal\u00eda General de M\u00e9xico","author":"","date":"febrero 25, 2026","format":false,"excerpt":"Familiares de Nemesio Oseguera Cervantes, el Mencho, el se\u00f1alado l\u00edder del Cartel Jalisco Nueva Generaci\u00f3n (CJNG) y quien muri\u00f3 el domingo en un operativo federal en el occidente de M\u00e9xico, ya pidieron a la Fiscal\u00eda General de la Rep\u00fablica (FGR) que les entregue el cuerpo, inform\u00f3 este mi\u00e9rcoles la propia\u2026","rel":"","context":"In &quot;Noticias Nacionales&quot;","block_context":{"text":"Noticias Nacionales","link":"https:\/\/noticiasya.com\/san-diego\/categoria\/noticias-nacionales"},"img":{"alt_text":"","src":"","width":0,"height":0},"classes":[]},{"id":1471572,"url":"https:\/\/noticiasya.com\/san-diego\/2026\/02\/23\/operativo-mencho-gobierno-sheinbaum-ahora-orix\/","url_meta":{"origin":1473607,"position":5},"title":"\u00bfPor qu\u00e9 Sheinbaum aprob\u00f3 ahora un operativo de este nivel contra un capo del narcotr\u00e1fico?","author":"","date":"febrero 23, 2026","format":false,"excerpt":"Fuerzas federales de M\u00e9xico realizaron este domingo un fuerte operativo en el estado de Jalisco, en el occidente del pa\u00eds, con el objetivo de detener a Nemesio Oseguera Cervantes, el Mencho, considerado l\u00edder del Cartel Jalisco Nueva Generaci\u00f3n (CJNG) y uno de los hombres m\u00e1s buscados de todo el continente.El\u2026","rel":"","context":"In &quot;Noticias Nacionales&quot;","block_context":{"text":"Noticias Nacionales","link":"https:\/\/noticiasya.com\/san-diego\/categoria\/noticias-nacionales"},"img":{"alt_text":"","src":"","width":0,"height":0},"classes":[]}],"jetpack_sharing_enabled":true,"_links":{"self":[{"href":"https:\/\/noticiasya.com\/san-diego\/wp-json\/wp\/v2\/posts\/1473607","targetHints":{"allow":["GET"]}}],"collection":[{"href":"https:\/\/noticiasya.com\/san-diego\/wp-json\/wp\/v2\/posts"}],"about":[{"href":"https:\/\/noticiasya.com\/san-diego\/wp-json\/wp\/v2\/types\/post"}],"replies":[{"embeddable":true,"href":"https:\/\/noticiasya.com\/san-diego\/wp-json\/wp\/v2\/comments?post=1473607"}],"version-history":[{"count":0,"href":"https:\/\/noticiasya.com\/san-diego\/wp-json\/wp\/v2\/posts\/1473607\/revisions"}],"wp:attachment":[{"href":"https:\/\/noticiasya.com\/san-diego\/wp-json\/wp\/v2\/media?parent=1473607"}],"wp:term":[{"taxonomy":"category","embeddable":true,"href":"https:\/\/noticiasya.com\/san-diego\/wp-json\/wp\/v2\/categories?post=1473607"},{"taxonomy":"post_tag","embeddable":true,"href":"https:\/\/noticiasya.com\/san-diego\/wp-json\/wp\/v2\/tags?post=1473607"}],"curies":[{"name":"wp","href":"https:\/\/api.w.org\/{rel}","templated":true}]}}