{"id":1473615,"date":"2026-04-28T17:03:45","date_gmt":"2026-04-29T00:03:45","guid":{"rendered":"https:\/\/noticiasya.com\/2026\/04\/28\/israel-reubica-batallon-agredio-cnn-trax\/"},"modified":"2026-04-28T17:03:45","modified_gmt":"2026-04-29T00:03:45","slug":"israel-reubica-batallon-agredio-cnn-trax","status":"publish","type":"post","link":"https:\/\/noticiasya.com\/san-diego\/2026\/04\/28\/israel-reubica-batallon-agredio-cnn-trax\/","title":{"rendered":"Israel reubica batall\u00f3n militar que agredi\u00f3 y detuvo a equipo de CNN tras suspensi\u00f3n de un mes"},"content":{"rendered":"<p>Un batall\u00f3n de las Fuerzas Armadas de Israel que <a href=\"https:\/\/cnnespanol.cnn.com\/2026\/03\/27\/mundo\/soldados-israelies-venganza-ribera-occidental-trax\">agredi\u00f3 y detuvo a un equipo de CNN<\/a> en la Ribera Occidental ocupada fue reubicado tras <a href=\"https:\/\/cnnespanol.cnn.com\/2026\/03\/29\/mundo\/israel-suspende-batallon-netzah-yehuda-ribera-occidental-trax\">una suspensi\u00f3n de un mes<\/a>, dijo a CNN una fuente de seguridad israel\u00ed.<\/p>\n<p>La unidad de reserva, que opera bajo el batall\u00f3n ultraortodoxo \u201cNetzah Yehuda\u201d, particip\u00f3 en un seminario educativo y entrenamiento adicional, se\u00f1al\u00f3 la fuente. Seg\u00fan la radio del Ej\u00e9rcito de Israel, se espera que la unidad retome plenamente sus actividades operativas en los pr\u00f3ximos d\u00edas.<\/p>\n<p>El 30 de marzo, soldados del batall\u00f3n detuvieron a un equipo de CNN que cubr\u00eda la violencia de colonos en la aldea de Tayasir, en la Ribera Occidental. Un soldado someti\u00f3 al fotoperiodista Cyril Theophilos con una llave en el cuello, lo derrib\u00f3 al suelo y da\u00f1\u00f3 su c\u00e1mara. El jefe del Estado Mayor de las Fuerzas de Defensa de Israel (FDI), teniente general Eyal Zamir, tom\u00f3 medidas disciplinarias que parecieron sin precedentes al suspender la unidad en un plazo de 48 horas.<\/p>\n<p>Un funcionario militar dijo a CNN que la agresi\u00f3n contra Theophilos ser\u00eda investigada por la polic\u00eda militar de Israel. Las FDI calificaron el incidente como una \u201cgrave falla \u00e9tica y profesional\u201d. El Ej\u00e9rcito hab\u00eda indicado que realizar\u00eda entrenamientos \u201cdestinados a reforzar sus fundamentos profesionales y \u00e9ticos\u201d y que el Comando Central de Israel, que supervisa las operaciones militares en la Ribera Occidental, decidir\u00eda cu\u00e1ndo podr\u00edan volver al servicio.<\/p>\n<p>La polic\u00eda a\u00fan no ha divulgado conclusiones ni medidas disciplinarias tras la investigaci\u00f3n de la polic\u00eda militar. El soldado que agredi\u00f3 al fotoperiodista de CNN no ha enfrentado ninguna suspensi\u00f3n adicional conocida ni otras sanciones disciplinarias.<\/p>\n<p>Mientras tanto, el Departamento de Investigaciones Internas de la polic\u00eda de Israel, un organismo independiente dentro de la instituci\u00f3n, investiga un incidente anterior en el que un agente le fractur\u00f3 la mu\u00f1eca a la productora s\u00e9nior de CNN Abeer Salman. El 17 de marzo, Salman estaba entre un grupo de periodistas que cubr\u00edan las oraciones del Ramad\u00e1n fuera de la Puerta de los Leones de la Ciudad Vieja de Jerusal\u00e9n. Fieles musulmanes, impedidos de rezar en la mezquita de Al-Aqsa por restricciones en tiempos de guerra, se hab\u00edan reunido fuera de las murallas de la Ciudad Vieja para orar.<\/p>\n<p>La polic\u00eda traslad\u00f3 a los fieles a otro lugar cercano a las murallas cuando los agentes lanzaron granadas aturdidoras contra el grupo. Dos periodistas fueron detenidos en el lugar mientras agentes los agred\u00edan y da\u00f1aban su equipo. Tras su liberaci\u00f3n, la polic\u00eda orden\u00f3 a los periodistas retroceder. Im\u00e1genes del lugar muestran al grupo obedeciendo las instrucciones policiales cuando un agente de civil tom\u00f3 la mano de Salman, la torci\u00f3 y le caus\u00f3 una fractura en la mu\u00f1eca.<\/p>\n<p>En respuesta a una serie de preguntas sobre el incidente y si hubo acciones posteriores, la polic\u00eda de Israel emiti\u00f3 inicialmente la misma declaraci\u00f3n que antes, que la Uni\u00f3n de Periodistas en Israel calific\u00f3 de \u201cf\u00e1cticamente incorrecta\u201d. El comunicado afirmaba que los periodistas \u201cse negaron a cumplir las instrucciones policiales\u201d y no se identificaron como prensa. La conducta, seg\u00fan el texto, \u201cgener\u00f3 sospechas entre los agentes\u201d y el equipo de c\u00e1mara \u201cparec\u00eda destinado a provocar\u201d.<\/p>\n<p>La polic\u00eda no respondi\u00f3 a una lista de preguntas de CNN, incluidas cu\u00e1les instrucciones no se cumplieron, qu\u00e9 conducta fue considerada sospechosa y por qu\u00e9 poseer una c\u00e1mara se considera provocador.<\/p>\n<p>\u201cEstamos impedidos de abordar el asunto en este momento\u201d, dijo la polic\u00eda en un comunicado, en referencia a la investigaci\u00f3n en curso. Las autoridades no han indicado cu\u00e1ndo esperan concluirla.<\/p>\n<p>The-CNN-Wire<br \/>&trade; &amp; &copy; 2026 Cable News Network, Inc., a Warner Bros. Discovery Company. All rights reserved.<\/p>\n","protected":false},"excerpt":{"rendered":"<p>Un batall\u00f3n de las Fuerzas Armadas de Israel que agredi\u00f3 y detuvo a un equipo de CNN en la Ribera Occidental ocupada fue reubicado tras una suspensi\u00f3n de un mes, dijo a CNN una fuente de seguridad israel\u00ed. La unidad de reserva, que opera bajo el batall\u00f3n ultraortodoxo \u201cNetzah Yehuda\u201d, particip\u00f3 en un seminario educativo [&hellip;]<\/p>\n","protected":false},"author":0,"featured_media":0,"comment_status":"open","ping_status":"open","sticky":false,"template":"","format":"standard","meta":{"_jetpack_memberships_contains_paid_content":false,"footnotes":""},"categories":[10],"tags":[],"class_list":["post-1473615","post","type-post","status-publish","format-standard","hentry","category-noticias-nacionales","market-global"],"yoast_head":"<!-- This site is optimized with the Yoast SEO plugin v24.4 - https:\/\/yoast.com\/wordpress\/plugins\/seo\/ -->\n<title>Israel reubica batall\u00f3n militar que agredi\u00f3 y detuvo a equipo de CNN tras suspensi\u00f3n de un mes - Noticias<\/title>\n<meta name=\"robots\" content=\"index, follow, max-snippet:-1, max-image-preview:large, max-video-preview:-1\" \/>\n<link rel=\"canonical\" href=\"https:\/\/noticiasya.com\/2026\/04\/28\/israel-reubica-batallon-agredio-cnn-trax\/\" \/>\n<meta property=\"og:locale\" content=\"es_ES\" \/>\n<meta property=\"og:type\" content=\"article\" \/>\n<meta property=\"og:title\" content=\"Israel reubica batall\u00f3n militar que agredi\u00f3 y detuvo a equipo de CNN tras suspensi\u00f3n de un mes - Noticias\" \/>\n<meta property=\"og:description\" content=\"Un batall\u00f3n de las Fuerzas Armadas de Israel que agredi\u00f3 y detuvo a un equipo de CNN en la Ribera Occidental ocupada fue reubicado tras una suspensi\u00f3n de un mes, dijo a CNN una fuente de seguridad israel\u00ed. La unidad de reserva, que opera bajo el batall\u00f3n ultraortodoxo \u201cNetzah Yehuda\u201d, particip\u00f3 en un seminario educativo [&hellip;]\" \/>\n<meta property=\"og:url\" content=\"https:\/\/noticiasya.com\/2026\/04\/28\/israel-reubica-batallon-agredio-cnn-trax\/\" \/>\n<meta property=\"og:site_name\" content=\"Noticias\" \/>\n<meta property=\"article:published_time\" content=\"2026-04-29T00:03:45+00:00\" \/>\n<meta name=\"twitter:card\" content=\"summary_large_image\" \/>\n<meta name=\"twitter:label1\" content=\"Est. reading time\" \/>\n\t<meta name=\"twitter:data1\" content=\"3 minutos\" \/>\n<script type=\"application\/ld+json\" class=\"yoast-schema-graph\">{\"@context\":\"https:\/\/schema.org\",\"@graph\":[{\"@type\":\"Article\",\"@id\":\"https:\/\/noticiasya.com\/2026\/04\/28\/israel-reubica-batallon-agredio-cnn-trax\/#article\",\"isPartOf\":{\"@id\":\"https:\/\/noticiasya.com\/2026\/04\/28\/israel-reubica-batallon-agredio-cnn-trax\/\"},\"author\":{\"name\":\"\",\"@id\":\"\"},\"headline\":\"Israel reubica batall\u00f3n militar que agredi\u00f3 y detuvo a equipo de CNN tras suspensi\u00f3n de un mes\",\"datePublished\":\"2026-04-29T00:03:45+00:00\",\"mainEntityOfPage\":{\"@id\":\"https:\/\/noticiasya.com\/2026\/04\/28\/israel-reubica-batallon-agredio-cnn-trax\/\"},\"wordCount\":666,\"commentCount\":0,\"publisher\":{\"@id\":\"https:\/\/noticiasya.com\/#organization\"},\"articleSection\":[\"Noticias Nacionales\"],\"inLanguage\":\"es\",\"potentialAction\":[{\"@type\":\"CommentAction\",\"name\":\"Comment\",\"target\":[\"https:\/\/noticiasya.com\/2026\/04\/28\/israel-reubica-batallon-agredio-cnn-trax\/#respond\"]}]},{\"@type\":\"WebPage\",\"@id\":\"https:\/\/noticiasya.com\/2026\/04\/28\/israel-reubica-batallon-agredio-cnn-trax\/\",\"url\":\"https:\/\/noticiasya.com\/2026\/04\/28\/israel-reubica-batallon-agredio-cnn-trax\/\",\"name\":\"Israel reubica batall\u00f3n militar que agredi\u00f3 y detuvo a equipo de CNN tras suspensi\u00f3n de un mes - Noticias\",\"isPartOf\":{\"@id\":\"https:\/\/noticiasya.com\/#website\"},\"datePublished\":\"2026-04-29T00:03:45+00:00\",\"breadcrumb\":{\"@id\":\"https:\/\/noticiasya.com\/2026\/04\/28\/israel-reubica-batallon-agredio-cnn-trax\/#breadcrumb\"},\"inLanguage\":\"es\",\"potentialAction\":[{\"@type\":\"ReadAction\",\"target\":[\"https:\/\/noticiasya.com\/2026\/04\/28\/israel-reubica-batallon-agredio-cnn-trax\/\"]}]},{\"@type\":\"BreadcrumbList\",\"@id\":\"https:\/\/noticiasya.com\/2026\/04\/28\/israel-reubica-batallon-agredio-cnn-trax\/#breadcrumb\",\"itemListElement\":[{\"@type\":\"ListItem\",\"position\":1,\"name\":\"Home\",\"item\":\"https:\/\/noticiasya.com\/\"},{\"@type\":\"ListItem\",\"position\":2,\"name\":\"Israel reubica batall\u00f3n militar que agredi\u00f3 y detuvo a equipo de CNN tras suspensi\u00f3n de un mes\"}]},{\"@type\":\"WebSite\",\"@id\":\"https:\/\/noticiasya.com\/#website\",\"url\":\"https:\/\/noticiasya.com\/\",\"name\":\"Noticias\",\"description\":\"Lo que importa\",\"publisher\":{\"@id\":\"https:\/\/noticiasya.com\/#organization\"},\"potentialAction\":[{\"@type\":\"SearchAction\",\"target\":{\"@type\":\"EntryPoint\",\"urlTemplate\":\"https:\/\/noticiasya.com\/?s={search_term_string}\"},\"query-input\":{\"@type\":\"PropertyValueSpecification\",\"valueRequired\":true,\"valueName\":\"search_term_string\"}}],\"inLanguage\":\"es\"},{\"@type\":\"Organization\",\"@id\":\"https:\/\/noticiasya.com\/#organization\",\"name\":\"Noticias\",\"url\":\"https:\/\/noticiasya.com\/\",\"logo\":{\"@type\":\"ImageObject\",\"inLanguage\":\"es\",\"@id\":\"https:\/\/noticiasya.com\/#\/schema\/logo\/image\/\",\"url\":\"https:\/\/noticiasya.com\/wp-content\/uploads\/sites\/22\/2023\/12\/logo-nacional.png\",\"contentUrl\":\"https:\/\/noticiasya.com\/wp-content\/uploads\/sites\/22\/2023\/12\/logo-nacional.png\",\"width\":1801,\"height\":691,\"caption\":\"Noticias\"},\"image\":{\"@id\":\"https:\/\/noticiasya.com\/#\/schema\/logo\/image\/\"}}]}<\/script>\n<!-- \/ Yoast SEO plugin. -->","yoast_head_json":{"title":"Israel reubica batall\u00f3n militar que agredi\u00f3 y detuvo a equipo de CNN tras suspensi\u00f3n de un mes - Noticias","robots":{"index":"index","follow":"follow","max-snippet":"max-snippet:-1","max-image-preview":"max-image-preview:large","max-video-preview":"max-video-preview:-1"},"canonical":"https:\/\/noticiasya.com\/2026\/04\/28\/israel-reubica-batallon-agredio-cnn-trax\/","og_locale":"es_ES","og_type":"article","og_title":"Israel reubica batall\u00f3n militar que agredi\u00f3 y detuvo a equipo de CNN tras suspensi\u00f3n de un mes - Noticias","og_description":"Un batall\u00f3n de las Fuerzas Armadas de Israel que agredi\u00f3 y detuvo a un equipo de CNN en la Ribera Occidental ocupada fue reubicado tras una suspensi\u00f3n de un mes, dijo a CNN una fuente de seguridad israel\u00ed. La unidad de reserva, que opera bajo el batall\u00f3n ultraortodoxo \u201cNetzah Yehuda\u201d, particip\u00f3 en un seminario educativo [&hellip;]","og_url":"https:\/\/noticiasya.com\/2026\/04\/28\/israel-reubica-batallon-agredio-cnn-trax\/","og_site_name":"Noticias","article_published_time":"2026-04-29T00:03:45+00:00","twitter_card":"summary_large_image","twitter_misc":{"Est. reading time":"3 minutos"},"schema":{"@context":"https:\/\/schema.org","@graph":[{"@type":"Article","@id":"https:\/\/noticiasya.com\/2026\/04\/28\/israel-reubica-batallon-agredio-cnn-trax\/#article","isPartOf":{"@id":"https:\/\/noticiasya.com\/2026\/04\/28\/israel-reubica-batallon-agredio-cnn-trax\/"},"author":{"name":"","@id":""},"headline":"Israel reubica batall\u00f3n militar que agredi\u00f3 y detuvo a equipo de CNN tras suspensi\u00f3n de un mes","datePublished":"2026-04-29T00:03:45+00:00","mainEntityOfPage":{"@id":"https:\/\/noticiasya.com\/2026\/04\/28\/israel-reubica-batallon-agredio-cnn-trax\/"},"wordCount":666,"commentCount":0,"publisher":{"@id":"https:\/\/noticiasya.com\/#organization"},"articleSection":["Noticias Nacionales"],"inLanguage":"es","potentialAction":[{"@type":"CommentAction","name":"Comment","target":["https:\/\/noticiasya.com\/2026\/04\/28\/israel-reubica-batallon-agredio-cnn-trax\/#respond"]}]},{"@type":"WebPage","@id":"https:\/\/noticiasya.com\/2026\/04\/28\/israel-reubica-batallon-agredio-cnn-trax\/","url":"https:\/\/noticiasya.com\/2026\/04\/28\/israel-reubica-batallon-agredio-cnn-trax\/","name":"Israel reubica batall\u00f3n militar que agredi\u00f3 y detuvo a equipo de CNN tras suspensi\u00f3n de un mes - Noticias","isPartOf":{"@id":"https:\/\/noticiasya.com\/#website"},"datePublished":"2026-04-29T00:03:45+00:00","breadcrumb":{"@id":"https:\/\/noticiasya.com\/2026\/04\/28\/israel-reubica-batallon-agredio-cnn-trax\/#breadcrumb"},"inLanguage":"es","potentialAction":[{"@type":"ReadAction","target":["https:\/\/noticiasya.com\/2026\/04\/28\/israel-reubica-batallon-agredio-cnn-trax\/"]}]},{"@type":"BreadcrumbList","@id":"https:\/\/noticiasya.com\/2026\/04\/28\/israel-reubica-batallon-agredio-cnn-trax\/#breadcrumb","itemListElement":[{"@type":"ListItem","position":1,"name":"Home","item":"https:\/\/noticiasya.com\/"},{"@type":"ListItem","position":2,"name":"Israel reubica batall\u00f3n militar que agredi\u00f3 y detuvo a equipo de CNN tras suspensi\u00f3n de un mes"}]},{"@type":"WebSite","@id":"https:\/\/noticiasya.com\/#website","url":"https:\/\/noticiasya.com\/","name":"Noticias","description":"Lo que importa","publisher":{"@id":"https:\/\/noticiasya.com\/#organization"},"potentialAction":[{"@type":"SearchAction","target":{"@type":"EntryPoint","urlTemplate":"https:\/\/noticiasya.com\/?s={search_term_string}"},"query-input":{"@type":"PropertyValueSpecification","valueRequired":true,"valueName":"search_term_string"}}],"inLanguage":"es"},{"@type":"Organization","@id":"https:\/\/noticiasya.com\/#organization","name":"Noticias","url":"https:\/\/noticiasya.com\/","logo":{"@type":"ImageObject","inLanguage":"es","@id":"https:\/\/noticiasya.com\/#\/schema\/logo\/image\/","url":"https:\/\/noticiasya.com\/wp-content\/uploads\/sites\/22\/2023\/12\/logo-nacional.png","contentUrl":"https:\/\/noticiasya.com\/wp-content\/uploads\/sites\/22\/2023\/12\/logo-nacional.png","width":1801,"height":691,"caption":"Noticias"},"image":{"@id":"https:\/\/noticiasya.com\/#\/schema\/logo\/image\/"}}]}},"parsely":{"version":"1.1.0","canonical_url":"https:\/\/noticiasya.com\/san-diego\/2026\/04\/28\/israel-reubica-batallon-agredio-cnn-trax\/","smart_links":{"inbound":0,"outbound":0},"traffic_boost_suggestions_count":0,"meta":{"@context":"https:\/\/schema.org","@type":"NewsArticle","headline":"Israel reubica batall\u00f3n militar que agredi\u00f3 y detuvo a equipo de CNN tras suspensi\u00f3n de un mes","url":"http:\/\/noticiasya.com\/san-diego\/2026\/04\/28\/israel-reubica-batallon-agredio-cnn-trax\/","mainEntityOfPage":{"@type":"WebPage","@id":"http:\/\/noticiasya.com\/san-diego\/2026\/04\/28\/israel-reubica-batallon-agredio-cnn-trax\/"},"thumbnailUrl":"","image":{"@type":"ImageObject","url":""},"articleSection":"Noticias Nacionales","author":[],"creator":[],"publisher":{"@type":"Organization","name":"Noticias","logo":""},"keywords":[],"dateCreated":"2026-04-29T00:03:45Z","datePublished":"2026-04-29T00:03:45Z","dateModified":"2026-04-29T00:03:45Z"},"rendered":"<script type=\"application\/ld+json\" class=\"wp-parsely-metadata\">{\"@context\":\"https:\\\/\\\/schema.org\",\"@type\":\"NewsArticle\",\"headline\":\"Israel reubica batall\\u00f3n militar que agredi\\u00f3 y detuvo a equipo de CNN tras suspensi\\u00f3n de un mes\",\"url\":\"http:\\\/\\\/noticiasya.com\\\/san-diego\\\/2026\\\/04\\\/28\\\/israel-reubica-batallon-agredio-cnn-trax\\\/\",\"mainEntityOfPage\":{\"@type\":\"WebPage\",\"@id\":\"http:\\\/\\\/noticiasya.com\\\/san-diego\\\/2026\\\/04\\\/28\\\/israel-reubica-batallon-agredio-cnn-trax\\\/\"},\"thumbnailUrl\":\"\",\"image\":{\"@type\":\"ImageObject\",\"url\":\"\"},\"articleSection\":\"Noticias Nacionales\",\"author\":[],\"creator\":[],\"publisher\":{\"@type\":\"Organization\",\"name\":\"Noticias\",\"logo\":\"\"},\"keywords\":[],\"dateCreated\":\"2026-04-29T00:03:45Z\",\"datePublished\":\"2026-04-29T00:03:45Z\",\"dateModified\":\"2026-04-29T00:03:45Z\"}<\/script>","tracker_url":"https:\/\/cdn.parsely.com\/keys\/noticiasya.com\/p.js"},"jetpack_featured_media_url":"","jetpack-related-posts":[{"id":1472671,"url":"https:\/\/noticiasya.com\/san-diego\/2026\/03\/29\/israel-suspende-batallon-netzah-yehuda-ribera-occidental-trax\/","url_meta":{"origin":1473615,"position":0},"title":"Israel suspende un batall\u00f3n suyo implicado en agredir y detener a un equipo de CNN en la Ribera Occidental","author":"","date":"marzo 29, 2026","format":false,"excerpt":"El principal general de las Fuerzas israel\u00edes suspendi\u00f3 todas las actividades operativas de un batall\u00f3n de reserva implicado en la detenci\u00f3n y agresi\u00f3n de un equipo de CNN en la Ribera Occidental la semana pasada, inform\u00f3 el ej\u00e9rcito israel\u00ed el lunes.El batall\u00f3n de reserva, que est\u00e1 compuesto por cientos de\u2026","rel":"","context":"In &quot;Noticias Nacionales&quot;","block_context":{"text":"Noticias Nacionales","link":"https:\/\/noticiasya.com\/san-diego\/categoria\/noticias-nacionales"},"img":{"alt_text":"","src":"","width":0,"height":0},"classes":[]},{"id":1472744,"url":"https:\/\/noticiasya.com\/san-diego\/2026\/03\/31\/colonos-israelies-reanudan-ataques-ribera-occidental-trax\/","url_meta":{"origin":1473615,"position":1},"title":"Colonos israel\u00edes reanudan ataques contra aldea de la Ribera Occidental donde soldados israel\u00edes agredieron a equipo de CNN","author":"","date":"marzo 31, 2026","format":false,"excerpt":"Los colonos israel\u00edes llevaron a cabo el martes otro ataque en la aldea de Tayasir, en la Ribera Occidental ocupada, d\u00edas despu\u00e9s de que un equipo de CNN que cubr\u00eda el establecimiento de un puesto ilegal de colonos fuera detenido y agredido por soldados israel\u00edes.Al menos cuatro palestinos resultaron heridos\u2026","rel":"","context":"In &quot;Noticias Nacionales&quot;","block_context":{"text":"Noticias Nacionales","link":"https:\/\/noticiasya.com\/san-diego\/categoria\/noticias-nacionales"},"img":{"alt_text":"","src":"","width":0,"height":0},"classes":[]},{"id":1473017,"url":"https:\/\/noticiasya.com\/san-diego\/2026\/04\/09\/israel-aprueba-30-asentamientos-ribera-occidental-trax\/","url_meta":{"origin":1473615,"position":2},"title":"El Gobierno de Israel aprueba en secreto m\u00e1s de 30 nuevos asentamientos en la Ribera Occidental","author":"","date":"abril 9, 2026","format":false,"excerpt":"El gabinete de seguridad israel\u00ed aprob\u00f3 en secreto la legalizaci\u00f3n de m\u00e1s de 30 nuevos asentamientos y granjas en la Ribera Occidental ocupada el mes pasado, seg\u00fan tres fuentes israel\u00edes familiarizadas con la decisi\u00f3n.A diferencia de decisiones similares en el pasado, la aprobaci\u00f3n no fue anunciada p\u00fablicamente por el ministro\u2026","rel":"","context":"In &quot;Noticias Nacionales&quot;","block_context":{"text":"Noticias Nacionales","link":"https:\/\/noticiasya.com\/san-diego\/categoria\/noticias-nacionales"},"img":{"alt_text":"","src":"","width":0,"height":0},"classes":[]},{"id":1451771,"url":"https:\/\/noticiasya.com\/san-diego\/2024\/08\/12\/estados-unidos-ayuda-militar-unidad-derechos-humanos-trax\/","url_meta":{"origin":1473615,"position":3},"title":"EE.UU. decide reanudar la ayuda militar a una unidad israel\u00ed acusada de violar derechos humanos","author":"","date":"agosto 12, 2024","format":false,"excerpt":"(CNN) -- Estados Unidos no restringir\u00e1 la ayuda militar a una unidad de las Fuerzas de Defensa de Israel (FDI) acusada de cometer violaciones de los derechos humanos contra los palestinos en la Ribera Occidental despu\u00e9s de determinar que las violaciones fueron \u201cremediadas efectivamente\u201d, dijo el portavoz del Departamento de\u2026","rel":"","context":"In &quot;Noticias Nacionales&quot;","block_context":{"text":"Noticias Nacionales","link":"https:\/\/noticiasya.com\/san-diego\/categoria\/noticias-nacionales"},"img":{"alt_text":"","src":"","width":0,"height":0},"classes":[]},{"id":1456874,"url":"https:\/\/noticiasya.com\/san-diego\/2024\/12\/23\/autoridad-palestina-no-puede-desalojar-militantes-ribera-occidental-trax\/","url_meta":{"origin":1473615,"position":4},"title":"La Autoridad Palestina no puede desalojar a los militantes del extenso campamento de la Ribera Occidental Ocupada","author":"","date":"diciembre 23, 2024","format":false,"excerpt":"Durante m\u00e1s de una semana, el extenso campo de refugiados de Jenin, en la Ribera Occidental ocupada, se vio afectado por el sonido de intensos disparos, con francotiradores enmascarados en los tejados y explosiones amortiguadas dentro de su laberinto de callejones.Pero el combate no involucr\u00f3 a las FDI, que lanzaron\u2026","rel":"","context":"In &quot;Noticias Nacionales&quot;","block_context":{"text":"Noticias Nacionales","link":"https:\/\/noticiasya.com\/san-diego\/categoria\/noticias-nacionales"},"img":{"alt_text":"","src":"","width":0,"height":0},"classes":[]},{"id":1451205,"url":"https:\/\/noticiasya.com\/san-diego\/2024\/07\/17\/estados-unidos-restriccion-de-visa-exsargento-fdi-violacion-ddhh-trax\/","url_meta":{"origin":1473615,"position":5},"title":"Estados Unidos impone restricci\u00f3n de visa a un exsargento de las FDI por violaci\u00f3n de los Derechos Humanos","author":"","date":"julio 17, 2024","format":false,"excerpt":"(CNN) --\u00a0 La administraci\u00f3n Biden impuso restricciones de visa al exsargento de las Fuerzas de Defensa de Israel (FDI), Elor Azaria, \"por su participaci\u00f3n en una grave violaci\u00f3n de los Derechos Humanos, concretamente por una ejecuci\u00f3n extrajudicial en la Ribera Occidental\", anunci\u00f3 este mi\u00e9rcoles el portavoz del Departamento de Estado,\u2026","rel":"","context":"In &quot;Noticias Nacionales&quot;","block_context":{"text":"Noticias Nacionales","link":"https:\/\/noticiasya.com\/san-diego\/categoria\/noticias-nacionales"},"img":{"alt_text":"","src":"","width":0,"height":0},"classes":[]}],"jetpack_sharing_enabled":true,"_links":{"self":[{"href":"https:\/\/noticiasya.com\/san-diego\/wp-json\/wp\/v2\/posts\/1473615","targetHints":{"allow":["GET"]}}],"collection":[{"href":"https:\/\/noticiasya.com\/san-diego\/wp-json\/wp\/v2\/posts"}],"about":[{"href":"https:\/\/noticiasya.com\/san-diego\/wp-json\/wp\/v2\/types\/post"}],"replies":[{"embeddable":true,"href":"https:\/\/noticiasya.com\/san-diego\/wp-json\/wp\/v2\/comments?post=1473615"}],"version-history":[{"count":0,"href":"https:\/\/noticiasya.com\/san-diego\/wp-json\/wp\/v2\/posts\/1473615\/revisions"}],"wp:attachment":[{"href":"https:\/\/noticiasya.com\/san-diego\/wp-json\/wp\/v2\/media?parent=1473615"}],"wp:term":[{"taxonomy":"category","embeddable":true,"href":"https:\/\/noticiasya.com\/san-diego\/wp-json\/wp\/v2\/categories?post=1473615"},{"taxonomy":"post_tag","embeddable":true,"href":"https:\/\/noticiasya.com\/san-diego\/wp-json\/wp\/v2\/tags?post=1473615"}],"curies":[{"name":"wp","href":"https:\/\/api.w.org\/{rel}","templated":true}]}}