{"id":1473617,"date":"2026-04-28T18:03:57","date_gmt":"2026-04-29T01:03:57","guid":{"rendered":"https:\/\/noticiasya.com\/2026\/04\/28\/javier-aguirre-prelista-convocados-mexico-orix\/"},"modified":"2026-04-28T18:03:57","modified_gmt":"2026-04-29T01:03:57","slug":"javier-aguirre-prelista-convocados-mexico-orix","status":"publish","type":"post","link":"https:\/\/noticiasya.com\/san-diego\/2026\/04\/28\/javier-aguirre-prelista-convocados-mexico-orix\/","title":{"rendered":"Los convocados por Javier Aguirre para el Mundial 2026: el uno por uno de la Liga MX, con ausentes y sorpresas"},"content":{"rendered":"<p>El f\u00fatbol mexicano ya activ\u00f3 su modo Copa del Mundo. O por lo menos as\u00ed lo hizo el director t\u00e9cnico de la selecci\u00f3n mexicana, Javier Aguirre, quien este martes dio a conocer una prelista de futbolistas que iniciar\u00e1n una concentraci\u00f3n a poco m\u00e1s de un mes de la inauguraci\u00f3n mundialista.<\/p>\n<p>La convocatoria de Aguirre est\u00e1 conformada solo por jugadores que militan en la Liga MX, y de all\u00ed se espera que salga cerca de la mitad de la lista final del Mundial.<\/p>\n<p>Todos los futbolistas que fueron llamados por el \u201cVasco\u201d se perder\u00e1n la liguilla del f\u00fatbol mexicano que comienza este fin de semana con la ronda de cuartos de final. El objetivo es que puedan iniciar una suerte de pretemporada rumbo a la Copa del Mundo.<\/p>\n<p>Como en todas las convocatorias anteriores, la lista de Aguirre de este martes no est\u00e1 exenta de sorpresas y ausencias. Estos son los futbolistas requeridos:<\/p>\n<p><strong>Porteros<\/strong><\/p>\n<p>Ra\u00fal Rangel \u2013 Guadalajara<\/p>\n<p>Carlos Acevedo \u2013 Santos<\/p>\n<p>\u00d3scar Garc\u00eda \u2013 Le\u00f3n<\/p>\n<p><strong>Defensas<\/strong><\/p>\n<p>Luis Rey &#8211; Puebla<\/p>\n<p>Israel Reyes \u2013 Am\u00e9rica<\/p>\n<p>Eduardo \u00c1guila \u2013 Atl\u00e9tico de San Luis<\/p>\n<p>Jes\u00fas G\u00f3mez &#8211; Tijuana<\/p>\n<p>Denzell Garc\u00eda \u2013 FC Ju\u00e1rez<\/p>\n<p>Jes\u00fas Gallardo \u2013 Toluca<\/p>\n<p><strong>Mediocampistas<\/strong><\/p>\n<p>Luis Romo &#8211; Guadalajara<\/p>\n<p>Erik Lira \u2013 Cruz Azul<\/p>\n<p>Brian Guti\u00e9rrez \u2013 Guadalajara<\/p>\n<p>Iker Fimbres \u2013 Monterrey<\/p>\n<p>Gilberto Mora \u2013 Tijuana<\/p>\n<p>Jairo Torres \u2013 FC Ju\u00e1rez<\/p>\n<p>Roberto Alvarado \u2013 Guadalajara<\/p>\n<p>Kevin Casta\u00f1eda \u2013 Tijuana<\/p>\n<p><strong>Delanteros<\/strong><\/p>\n<p>Alexis Vega \u2013 Toluca<\/p>\n<p>Guillermo Mart\u00ednez \u2013 Pumas<\/p>\n<p>Armando Gonz\u00e1lez \u2013 Guadalajara<\/p>\n<p>El comunicado oficial de la Federaci\u00f3n Mexicana de F\u00fatbol se\u00f1ala que doce integrantes de esta lista conformar\u00e1n la convocatoria definitiva para el Mundial: Ra\u00fal Rangel, Carlos Acevedo, Israel Reyes, Jes\u00fas Gallardo, Luis Romo, Erik Lira, Brian Guti\u00e9rrez, Gilberto Mora, Roberto Alvarado, Alexis Vega, Guillermo Mart\u00ednez y Armando Gonz\u00e1lez. Los dem\u00e1s fueron llamados para fungir como <em>sparring <\/em>(jugadores de pr\u00e1ctica).<\/p>\n<p>Los grandes ausentes resultaron ser Marcel Ruiz, del Toluca, y Carlos Rodr\u00edguez, de Cruz Azul. En el caso de Ruiz es sabido que hace unas semanas sufri\u00f3 una lesi\u00f3n seria que lo conden\u00f3 pr\u00e1cticamente a quedar fuera del Mundial, porque no se recuperar\u00eda a tiempo. Si bien decidi\u00f3 no someterse a una cirug\u00eda para tener alguna chance, la realidad es que requiere de una larga recuperaci\u00f3n.<\/p>\n<p>Rodr\u00edguez, por otra parte, es la ausencia que m\u00e1s sorprende, porque hab\u00eda sido un convocado fijo por Aguirre, aunque tambi\u00e9n es cierto que su rendimiento dej\u00f3 mucho que desear. \u201cCharly\u201d es uno con su club, el Cruz Azul, y otro muy distinto con el \u201cTri\u201d.<\/p>\n<p>Tambi\u00e9n llam\u00f3 mucho la atenci\u00f3n el llamado de Guillermo Mart\u00ednez, porque se cre\u00eda que no ten\u00eda las credenciales suficientes para conformar el plantel definitivo para la Copa del Mundo.<\/p>\n<p>Los jugadores que militan en el extranjero ser\u00e1n integrados en la convocatoria definitiva que se le entregar\u00e1 a la FIFA el 1 de junio, seg\u00fan el reglamento del torneo.<\/p>\n<p>The-CNN-Wire<br \/>&trade; &amp; &copy; 2026 Cable News Network, Inc., a Warner Bros. Discovery Company. All rights reserved.<\/p>\n","protected":false},"excerpt":{"rendered":"<p>El f\u00fatbol mexicano ya activ\u00f3 su modo Copa del Mundo. O por lo menos as\u00ed lo hizo el director t\u00e9cnico de la selecci\u00f3n mexicana, Javier Aguirre, quien este martes dio a conocer una prelista de futbolistas que iniciar\u00e1n una concentraci\u00f3n a poco m\u00e1s de un mes de la inauguraci\u00f3n mundialista. La convocatoria de Aguirre est\u00e1 [&hellip;]<\/p>\n","protected":false},"author":0,"featured_media":0,"comment_status":"open","ping_status":"open","sticky":false,"template":"","format":"standard","meta":{"_jetpack_memberships_contains_paid_content":false,"footnotes":""},"categories":[10],"tags":[],"class_list":["post-1473617","post","type-post","status-publish","format-standard","hentry","category-noticias-nacionales","market-global"],"yoast_head":"<!-- This site is optimized with the Yoast SEO plugin v24.4 - https:\/\/yoast.com\/wordpress\/plugins\/seo\/ -->\n<title>Los convocados por Javier Aguirre para el Mundial 2026: el uno por uno de la Liga MX, con ausentes y sorpresas - Noticias<\/title>\n<meta name=\"robots\" content=\"index, follow, max-snippet:-1, max-image-preview:large, max-video-preview:-1\" \/>\n<link rel=\"canonical\" href=\"https:\/\/noticiasya.com\/2026\/04\/28\/javier-aguirre-prelista-convocados-mexico-orix\/\" \/>\n<meta property=\"og:locale\" content=\"es_ES\" \/>\n<meta property=\"og:type\" content=\"article\" \/>\n<meta property=\"og:title\" content=\"Los convocados por Javier Aguirre para el Mundial 2026: el uno por uno de la Liga MX, con ausentes y sorpresas - Noticias\" \/>\n<meta property=\"og:description\" content=\"El f\u00fatbol mexicano ya activ\u00f3 su modo Copa del Mundo. O por lo menos as\u00ed lo hizo el director t\u00e9cnico de la selecci\u00f3n mexicana, Javier Aguirre, quien este martes dio a conocer una prelista de futbolistas que iniciar\u00e1n una concentraci\u00f3n a poco m\u00e1s de un mes de la inauguraci\u00f3n mundialista. La convocatoria de Aguirre est\u00e1 [&hellip;]\" \/>\n<meta property=\"og:url\" content=\"https:\/\/noticiasya.com\/2026\/04\/28\/javier-aguirre-prelista-convocados-mexico-orix\/\" \/>\n<meta property=\"og:site_name\" content=\"Noticias\" \/>\n<meta property=\"article:published_time\" content=\"2026-04-29T01:03:57+00:00\" \/>\n<meta name=\"twitter:card\" content=\"summary_large_image\" \/>\n<meta name=\"twitter:label1\" content=\"Est. reading time\" \/>\n\t<meta name=\"twitter:data1\" content=\"2 minutos\" \/>\n<script type=\"application\/ld+json\" class=\"yoast-schema-graph\">{\"@context\":\"https:\/\/schema.org\",\"@graph\":[{\"@type\":\"Article\",\"@id\":\"https:\/\/noticiasya.com\/2026\/04\/28\/javier-aguirre-prelista-convocados-mexico-orix\/#article\",\"isPartOf\":{\"@id\":\"https:\/\/noticiasya.com\/2026\/04\/28\/javier-aguirre-prelista-convocados-mexico-orix\/\"},\"author\":{\"name\":\"\",\"@id\":\"\"},\"headline\":\"Los convocados por Javier Aguirre para el Mundial 2026: el uno por uno de la Liga MX, con ausentes y sorpresas\",\"datePublished\":\"2026-04-29T01:03:57+00:00\",\"mainEntityOfPage\":{\"@id\":\"https:\/\/noticiasya.com\/2026\/04\/28\/javier-aguirre-prelista-convocados-mexico-orix\/\"},\"wordCount\":540,\"commentCount\":0,\"publisher\":{\"@id\":\"https:\/\/noticiasya.com\/#organization\"},\"articleSection\":[\"Noticias Nacionales\"],\"inLanguage\":\"es\",\"potentialAction\":[{\"@type\":\"CommentAction\",\"name\":\"Comment\",\"target\":[\"https:\/\/noticiasya.com\/2026\/04\/28\/javier-aguirre-prelista-convocados-mexico-orix\/#respond\"]}]},{\"@type\":\"WebPage\",\"@id\":\"https:\/\/noticiasya.com\/2026\/04\/28\/javier-aguirre-prelista-convocados-mexico-orix\/\",\"url\":\"https:\/\/noticiasya.com\/2026\/04\/28\/javier-aguirre-prelista-convocados-mexico-orix\/\",\"name\":\"Los convocados por Javier Aguirre para el Mundial 2026: el uno por uno de la Liga MX, con ausentes y sorpresas - Noticias\",\"isPartOf\":{\"@id\":\"https:\/\/noticiasya.com\/#website\"},\"datePublished\":\"2026-04-29T01:03:57+00:00\",\"breadcrumb\":{\"@id\":\"https:\/\/noticiasya.com\/2026\/04\/28\/javier-aguirre-prelista-convocados-mexico-orix\/#breadcrumb\"},\"inLanguage\":\"es\",\"potentialAction\":[{\"@type\":\"ReadAction\",\"target\":[\"https:\/\/noticiasya.com\/2026\/04\/28\/javier-aguirre-prelista-convocados-mexico-orix\/\"]}]},{\"@type\":\"BreadcrumbList\",\"@id\":\"https:\/\/noticiasya.com\/2026\/04\/28\/javier-aguirre-prelista-convocados-mexico-orix\/#breadcrumb\",\"itemListElement\":[{\"@type\":\"ListItem\",\"position\":1,\"name\":\"Home\",\"item\":\"https:\/\/noticiasya.com\/\"},{\"@type\":\"ListItem\",\"position\":2,\"name\":\"Los convocados por Javier Aguirre para el Mundial 2026: el uno por uno de la Liga MX, con ausentes y sorpresas\"}]},{\"@type\":\"WebSite\",\"@id\":\"https:\/\/noticiasya.com\/#website\",\"url\":\"https:\/\/noticiasya.com\/\",\"name\":\"Noticias\",\"description\":\"Lo que importa\",\"publisher\":{\"@id\":\"https:\/\/noticiasya.com\/#organization\"},\"potentialAction\":[{\"@type\":\"SearchAction\",\"target\":{\"@type\":\"EntryPoint\",\"urlTemplate\":\"https:\/\/noticiasya.com\/?s={search_term_string}\"},\"query-input\":{\"@type\":\"PropertyValueSpecification\",\"valueRequired\":true,\"valueName\":\"search_term_string\"}}],\"inLanguage\":\"es\"},{\"@type\":\"Organization\",\"@id\":\"https:\/\/noticiasya.com\/#organization\",\"name\":\"Noticias\",\"url\":\"https:\/\/noticiasya.com\/\",\"logo\":{\"@type\":\"ImageObject\",\"inLanguage\":\"es\",\"@id\":\"https:\/\/noticiasya.com\/#\/schema\/logo\/image\/\",\"url\":\"https:\/\/noticiasya.com\/wp-content\/uploads\/sites\/22\/2023\/12\/logo-nacional.png\",\"contentUrl\":\"https:\/\/noticiasya.com\/wp-content\/uploads\/sites\/22\/2023\/12\/logo-nacional.png\",\"width\":1801,\"height\":691,\"caption\":\"Noticias\"},\"image\":{\"@id\":\"https:\/\/noticiasya.com\/#\/schema\/logo\/image\/\"}}]}<\/script>\n<!-- \/ Yoast SEO plugin. -->","yoast_head_json":{"title":"Los convocados por Javier Aguirre para el Mundial 2026: el uno por uno de la Liga MX, con ausentes y sorpresas - Noticias","robots":{"index":"index","follow":"follow","max-snippet":"max-snippet:-1","max-image-preview":"max-image-preview:large","max-video-preview":"max-video-preview:-1"},"canonical":"https:\/\/noticiasya.com\/2026\/04\/28\/javier-aguirre-prelista-convocados-mexico-orix\/","og_locale":"es_ES","og_type":"article","og_title":"Los convocados por Javier Aguirre para el Mundial 2026: el uno por uno de la Liga MX, con ausentes y sorpresas - Noticias","og_description":"El f\u00fatbol mexicano ya activ\u00f3 su modo Copa del Mundo. O por lo menos as\u00ed lo hizo el director t\u00e9cnico de la selecci\u00f3n mexicana, Javier Aguirre, quien este martes dio a conocer una prelista de futbolistas que iniciar\u00e1n una concentraci\u00f3n a poco m\u00e1s de un mes de la inauguraci\u00f3n mundialista. La convocatoria de Aguirre est\u00e1 [&hellip;]","og_url":"https:\/\/noticiasya.com\/2026\/04\/28\/javier-aguirre-prelista-convocados-mexico-orix\/","og_site_name":"Noticias","article_published_time":"2026-04-29T01:03:57+00:00","twitter_card":"summary_large_image","twitter_misc":{"Est. reading time":"2 minutos"},"schema":{"@context":"https:\/\/schema.org","@graph":[{"@type":"Article","@id":"https:\/\/noticiasya.com\/2026\/04\/28\/javier-aguirre-prelista-convocados-mexico-orix\/#article","isPartOf":{"@id":"https:\/\/noticiasya.com\/2026\/04\/28\/javier-aguirre-prelista-convocados-mexico-orix\/"},"author":{"name":"","@id":""},"headline":"Los convocados por Javier Aguirre para el Mundial 2026: el uno por uno de la Liga MX, con ausentes y sorpresas","datePublished":"2026-04-29T01:03:57+00:00","mainEntityOfPage":{"@id":"https:\/\/noticiasya.com\/2026\/04\/28\/javier-aguirre-prelista-convocados-mexico-orix\/"},"wordCount":540,"commentCount":0,"publisher":{"@id":"https:\/\/noticiasya.com\/#organization"},"articleSection":["Noticias Nacionales"],"inLanguage":"es","potentialAction":[{"@type":"CommentAction","name":"Comment","target":["https:\/\/noticiasya.com\/2026\/04\/28\/javier-aguirre-prelista-convocados-mexico-orix\/#respond"]}]},{"@type":"WebPage","@id":"https:\/\/noticiasya.com\/2026\/04\/28\/javier-aguirre-prelista-convocados-mexico-orix\/","url":"https:\/\/noticiasya.com\/2026\/04\/28\/javier-aguirre-prelista-convocados-mexico-orix\/","name":"Los convocados por Javier Aguirre para el Mundial 2026: el uno por uno de la Liga MX, con ausentes y sorpresas - Noticias","isPartOf":{"@id":"https:\/\/noticiasya.com\/#website"},"datePublished":"2026-04-29T01:03:57+00:00","breadcrumb":{"@id":"https:\/\/noticiasya.com\/2026\/04\/28\/javier-aguirre-prelista-convocados-mexico-orix\/#breadcrumb"},"inLanguage":"es","potentialAction":[{"@type":"ReadAction","target":["https:\/\/noticiasya.com\/2026\/04\/28\/javier-aguirre-prelista-convocados-mexico-orix\/"]}]},{"@type":"BreadcrumbList","@id":"https:\/\/noticiasya.com\/2026\/04\/28\/javier-aguirre-prelista-convocados-mexico-orix\/#breadcrumb","itemListElement":[{"@type":"ListItem","position":1,"name":"Home","item":"https:\/\/noticiasya.com\/"},{"@type":"ListItem","position":2,"name":"Los convocados por Javier Aguirre para el Mundial 2026: el uno por uno de la Liga MX, con ausentes y sorpresas"}]},{"@type":"WebSite","@id":"https:\/\/noticiasya.com\/#website","url":"https:\/\/noticiasya.com\/","name":"Noticias","description":"Lo que importa","publisher":{"@id":"https:\/\/noticiasya.com\/#organization"},"potentialAction":[{"@type":"SearchAction","target":{"@type":"EntryPoint","urlTemplate":"https:\/\/noticiasya.com\/?s={search_term_string}"},"query-input":{"@type":"PropertyValueSpecification","valueRequired":true,"valueName":"search_term_string"}}],"inLanguage":"es"},{"@type":"Organization","@id":"https:\/\/noticiasya.com\/#organization","name":"Noticias","url":"https:\/\/noticiasya.com\/","logo":{"@type":"ImageObject","inLanguage":"es","@id":"https:\/\/noticiasya.com\/#\/schema\/logo\/image\/","url":"https:\/\/noticiasya.com\/wp-content\/uploads\/sites\/22\/2023\/12\/logo-nacional.png","contentUrl":"https:\/\/noticiasya.com\/wp-content\/uploads\/sites\/22\/2023\/12\/logo-nacional.png","width":1801,"height":691,"caption":"Noticias"},"image":{"@id":"https:\/\/noticiasya.com\/#\/schema\/logo\/image\/"}}]}},"parsely":{"version":"1.1.0","canonical_url":"https:\/\/noticiasya.com\/san-diego\/2026\/04\/28\/javier-aguirre-prelista-convocados-mexico-orix\/","smart_links":{"inbound":0,"outbound":0},"traffic_boost_suggestions_count":0,"meta":{"@context":"https:\/\/schema.org","@type":"NewsArticle","headline":"Los convocados por Javier Aguirre para el Mundial 2026: el uno por uno de la Liga MX, con ausentes y sorpresas","url":"http:\/\/noticiasya.com\/san-diego\/2026\/04\/28\/javier-aguirre-prelista-convocados-mexico-orix\/","mainEntityOfPage":{"@type":"WebPage","@id":"http:\/\/noticiasya.com\/san-diego\/2026\/04\/28\/javier-aguirre-prelista-convocados-mexico-orix\/"},"thumbnailUrl":"","image":{"@type":"ImageObject","url":""},"articleSection":"Noticias Nacionales","author":[],"creator":[],"publisher":{"@type":"Organization","name":"Noticias","logo":""},"keywords":[],"dateCreated":"2026-04-29T01:03:57Z","datePublished":"2026-04-29T01:03:57Z","dateModified":"2026-04-29T01:03:57Z"},"rendered":"<script type=\"application\/ld+json\" class=\"wp-parsely-metadata\">{\"@context\":\"https:\\\/\\\/schema.org\",\"@type\":\"NewsArticle\",\"headline\":\"Los convocados por Javier Aguirre para el Mundial 2026: el uno por uno de la Liga MX, con ausentes y sorpresas\",\"url\":\"http:\\\/\\\/noticiasya.com\\\/san-diego\\\/2026\\\/04\\\/28\\\/javier-aguirre-prelista-convocados-mexico-orix\\\/\",\"mainEntityOfPage\":{\"@type\":\"WebPage\",\"@id\":\"http:\\\/\\\/noticiasya.com\\\/san-diego\\\/2026\\\/04\\\/28\\\/javier-aguirre-prelista-convocados-mexico-orix\\\/\"},\"thumbnailUrl\":\"\",\"image\":{\"@type\":\"ImageObject\",\"url\":\"\"},\"articleSection\":\"Noticias Nacionales\",\"author\":[],\"creator\":[],\"publisher\":{\"@type\":\"Organization\",\"name\":\"Noticias\",\"logo\":\"\"},\"keywords\":[],\"dateCreated\":\"2026-04-29T01:03:57Z\",\"datePublished\":\"2026-04-29T01:03:57Z\",\"dateModified\":\"2026-04-29T01:03:57Z\"}<\/script>","tracker_url":"https:\/\/cdn.parsely.com\/keys\/noticiasya.com\/p.js"},"jetpack_featured_media_url":"","jetpack-related-posts":[{"id":1471616,"url":"https:\/\/noticiasya.com\/san-diego\/2026\/02\/24\/mexico-islandia-amistoso-javier-aguirre-orix\/","url_meta":{"origin":1473617,"position":0},"title":"M\u00e9xico vs. Islandia: las conclusiones que necesita sacar Javier Aguirre en el Tri","author":"","date":"febrero 24, 2026","format":false,"excerpt":"La selecci\u00f3n de M\u00e9xico enfrentar\u00e1 este mi\u00e9rcoles a la selecci\u00f3n de Islandia en el Estadio La Corregidora, en el estado de Quer\u00e9taro, en un juego amistoso rumbo a la Copa del Mundo 2026.El partido se realizar\u00e1 con normalidad, tres d\u00edas despu\u00e9s de los recientes actos de violencia que se desataron\u2026","rel":"","context":"In &quot;Noticias Nacionales&quot;","block_context":{"text":"Noticias Nacionales","link":"https:\/\/noticiasya.com\/san-diego\/categoria\/noticias-nacionales"},"img":{"alt_text":"","src":"","width":0,"height":0},"classes":[]},{"id":1470683,"url":"https:\/\/noticiasya.com\/san-diego\/2026\/01\/30\/julian-quinones-colombiano-mexicano-tri-mundial-2026-orix\/","url_meta":{"origin":1473617,"position":1},"title":"Juli\u00e1n Qui\u00f1ones, el colombiano naturalizado mexicano que super\u00f3 a Cristiano Ronaldo y espera el llamado del Tri al Mundial","author":"","date":"enero 30, 2026","format":false,"excerpt":"Juli\u00e1n Qui\u00f1ones sigue escribiendo su propia historia en Arabia Saudita y lo hace a base de goles y constancia que no deber\u00edan pasar desapercibidos en el mundo del f\u00fatbol, no por la selecci\u00f3n mexicana, que no vive su mejor momento.Este jueves, el colombiano naturalizado mexicano volvi\u00f3 a ser protagonista tras\u2026","rel":"","context":"In &quot;Noticias Nacionales&quot;","block_context":{"text":"Noticias Nacionales","link":"https:\/\/noticiasya.com\/san-diego\/categoria\/noticias-nacionales"},"img":{"alt_text":"","src":"","width":0,"height":0},"classes":[]},{"id":1473383,"url":"https:\/\/noticiasya.com\/san-diego\/2026\/04\/21\/rafael-marquez-banquillo-seleccion-mexicana-mundial-2030-orix\/","url_meta":{"origin":1473617,"position":2},"title":"Rafael M\u00e1rquez heredar\u00e1 de Javier Aguirre el banquillo de la selecci\u00f3n mexicana para el Mundial 2030","author":"","date":"abril 21, 2026","format":false,"excerpt":"Lo que era un secreto a voces finalmente se hizo realidad. El director de Selecciones Nacionales de la Federaci\u00f3n Mexicana de F\u00fatbol, Duilio Davino, confirm\u00f3 que Rafael M\u00e1rquez reemplazar\u00e1 a Javier Aguirre como el director t\u00e9cnico del Tri para el ciclo mundialista de 2030.M\u00e1rquez \u00c1lvarez fue nombrado auxiliar t\u00e9cnico del\u2026","rel":"","context":"In &quot;Noticias Nacionales&quot;","block_context":{"text":"Noticias Nacionales","link":"https:\/\/noticiasya.com\/san-diego\/categoria\/noticias-nacionales"},"img":{"alt_text":"","src":"","width":0,"height":0},"classes":[]},{"id":1472408,"url":"https:\/\/noticiasya.com\/san-diego\/2026\/03\/20\/cuartos-final-concacaf-champions-cup-2026-orix\/","url_meta":{"origin":1473617,"position":3},"title":"MLS vs. Liga MX: as\u00ed quedaron los enfrentamientos de los cuartos de final en la Concacaf Champions Cup 2026","author":"","date":"marzo 20, 2026","format":false,"excerpt":"Concluy\u00f3 la instancia de los octavos de final de la Concacaf Champions Cup 2026 con los dos \u00faltimos encuentros de vuelta de este jueves. Los \u00c1ngeles Galaxy complet\u00f3 la obra en la revancha, logrando una victoria de 3-0 sobre el Mount Pleasant y goleando nuevamente al equipo jamaicano por 0-3\u2026","rel":"","context":"In &quot;Noticias Nacionales&quot;","block_context":{"text":"Noticias Nacionales","link":"https:\/\/noticiasya.com\/san-diego\/categoria\/noticias-nacionales"},"img":{"alt_text":"","src":"","width":0,"height":0},"classes":[]},{"id":1462848,"url":"https:\/\/noticiasya.com\/san-diego\/2025\/05\/27\/liga-mx-campeones-historicos-mexico-orix\/","url_meta":{"origin":1473617,"position":4},"title":"Los equipos que m\u00e1s veces ganaron la Liga MX: estos son los campeones hist\u00f3ricos de M\u00e9xico","author":"","date":"mayo 27, 2025","format":false,"excerpt":"El Toluca se proclam\u00f3 campe\u00f3n del f\u00fatbol mexicano tras vencer 2-0 al Am\u00e9rica con goles del brasile\u00f1o Luan y el mexicano Alexis Vega. El equipo dirigido por Antonio Mohamed pudo detener el dominio que el Am\u00e9rica hab\u00eda logrado en los \u00faltimos tiempos. Sin embargo, las \u00e1guilas son el equipo del\u2026","rel":"","context":"In &quot;Noticias Nacionales&quot;","block_context":{"text":"Noticias Nacionales","link":"https:\/\/noticiasya.com\/san-diego\/categoria\/noticias-nacionales"},"img":{"alt_text":"","src":"","width":0,"height":0},"classes":[]},{"id":1473262,"url":"https:\/\/noticiasya.com\/san-diego\/2026\/04\/16\/andre-pierre-gignac-futbol-mexicano-tigres-orix\/","url_meta":{"origin":1473617,"position":5},"title":"Qui\u00e9n es Andr\u00e9 Pierre-Gignac y por qu\u00e9 su llegada al f\u00fatbol mexicano fue un hito para Tigres","author":"","date":"abril 16, 2026","format":false,"excerpt":"Hablar de Andr\u00e9-Pierre Gignac es hablar de una de las m\u00e1ximas leyendas en el f\u00fatbol mexicano. No se trata \u00fanicamente de n\u00fameros, sino de impacto, identidad y legado. Su llegada a los Tigres en el Apertura 2015 marc\u00f3 un antes y un despu\u00e9s tanto para el club como para la\u2026","rel":"","context":"In &quot;Noticias Nacionales&quot;","block_context":{"text":"Noticias Nacionales","link":"https:\/\/noticiasya.com\/san-diego\/categoria\/noticias-nacionales"},"img":{"alt_text":"","src":"","width":0,"height":0},"classes":[]}],"jetpack_sharing_enabled":true,"_links":{"self":[{"href":"https:\/\/noticiasya.com\/san-diego\/wp-json\/wp\/v2\/posts\/1473617","targetHints":{"allow":["GET"]}}],"collection":[{"href":"https:\/\/noticiasya.com\/san-diego\/wp-json\/wp\/v2\/posts"}],"about":[{"href":"https:\/\/noticiasya.com\/san-diego\/wp-json\/wp\/v2\/types\/post"}],"replies":[{"embeddable":true,"href":"https:\/\/noticiasya.com\/san-diego\/wp-json\/wp\/v2\/comments?post=1473617"}],"version-history":[{"count":0,"href":"https:\/\/noticiasya.com\/san-diego\/wp-json\/wp\/v2\/posts\/1473617\/revisions"}],"wp:attachment":[{"href":"https:\/\/noticiasya.com\/san-diego\/wp-json\/wp\/v2\/media?parent=1473617"}],"wp:term":[{"taxonomy":"category","embeddable":true,"href":"https:\/\/noticiasya.com\/san-diego\/wp-json\/wp\/v2\/categories?post=1473617"},{"taxonomy":"post_tag","embeddable":true,"href":"https:\/\/noticiasya.com\/san-diego\/wp-json\/wp\/v2\/tags?post=1473617"}],"curies":[{"name":"wp","href":"https:\/\/api.w.org\/{rel}","templated":true}]}}