{"id":1473618,"date":"2026-04-28T19:03:44","date_gmt":"2026-04-29T02:03:44","guid":{"rendered":"https:\/\/noticiasya.com\/2026\/04\/28\/escandalo-epstein-visita-rey-carlos-trax\/"},"modified":"2026-04-28T19:03:44","modified_gmt":"2026-04-29T02:03:44","slug":"escandalo-epstein-visita-rey-carlos-trax","status":"publish","type":"post","link":"https:\/\/noticiasya.com\/san-diego\/2026\/04\/28\/escandalo-epstein-visita-rey-carlos-trax\/","title":{"rendered":"El esc\u00e1ndalo de Epstein permanece en segundo plano durante la visita del rey Carlos a Washington"},"content":{"rendered":"<p>Mientras el rey Carlos III y la reina Camila <a href=\"https:\/\/cnnespanol.cnn.com\/2026\/04\/28\/eeuu\/live-news\/rey-carlos-camila-en-vivo-trump-discurso-trax\">eran recibidos por el presidente de Estados Unidos y la primera dama<\/a> con pompa y ceremonia dignas de la realeza en la Casa Blanca la ma\u00f1ana del martes, un grupo de personas a quienes se les neg\u00f3 una reuni\u00f3n en persona con los monarcas aprovech\u00f3 la oportunidad para hacerse escuchar a un par de kil\u00f3metros, en la avenida Pennsylvania.<\/p>\n<p>El grupo, reunido en el Capitolio, inclu\u00eda sobrevivientes de Jeffrey Epstein, sus familiares y activistas, quienes tambi\u00e9n se congregaron el fin de semana en <a href=\"https:\/\/cnnespanol.cnn.com\/2025\/10\/20\/mundo\/virginia-giuffre-morir-esclava-epstein-memorias-trax\">un acto conmemorativo por Virginia Giuffre<\/a>. La fallecida v\u00edctima de Epstein acus\u00f3 a <a href=\"https:\/\/cnnespanol.cnn.com\/2026\/02\/20\/mundo\/gobierno-britanico-retirar-andres-linea-sucesion-trax\">Andrew Mountbatten-Windsor<\/a>, hermano del rey, de agresi\u00f3n sexual y muri\u00f3 por suicidio hace un a\u00f1o. El expr\u00edncipe ha negado todas las acusaciones en su contra y ha insistido en que nunca presenci\u00f3 ni sospech\u00f3 de los comportamientos de los que se acusa al fallecido Epstein.<\/p>\n<p>\u201cHoy, los sobrevivientes est\u00e1n aqu\u00ed, sentados con miembros del Congreso, a\u00fan luchando por ser escuchados, a\u00fan exigiendo una verdadera rendici\u00f3n de cuentas, mientras muchas de las figuras poderosas vinculadas a estos sistemas siguen fuera de alcance, incapaces de reconocer a los sobrevivientes cara a cara\u201d, dijo este martes Sky Roberts, hermano de Giuffre.<\/p>\n<p>\u201cSe esperar\u00eda que este sea un momento para que el rey env\u00ede un mensaje al mundo de que est\u00e1 del lado de los sobrevivientes. Todav\u00eda no podemos obtener eso de nuestro propio presidente de Estados Unidos, quien sigue diciendo \u2018enga\u00f1o\u2019, \u2018v\u00edctimas o lo que sea\u2019\u201d.<\/p>\n<p>Las breves declaraciones de Roberts, que no solo se\u00f1alaron a la monarqu\u00eda sino tambi\u00e9n al presidente Donald Trump (quien no ha sido acusado de ning\u00fan delito relacionado con Epstein), fueron un recordatorio contundente de cu\u00e1nto sigue sacudiendo este esc\u00e1ndalo a las <a href=\"https:\/\/cnnespanol.cnn.com\/2026\/02\/03\/mundo\/archivos-epstein-reino-unido-mandelson-andrew-ferguson-trax\">m\u00e1s altas esferas de la sociedad<\/a>, el Gobierno y las celebridades en ambos pa\u00edses. Y algunos sobrevivientes de Epstein y legisladores estadounidenses quieren que el delincuente sexual condenado forme parte del contexto de la visita real, incluso cuando el rey y la reina tienen una agenda distinta.<\/p>\n<p>El representante dem\u00f3crata Ro Khanna, quien copatrocin\u00f3 la ley que oblig\u00f3 al Departamento de Justicia a divulgar <a href=\"https:\/\/cnnespanol.cnn.com\/eeuu\/live-news\/archivos-epstein-revelan-en-vivo-trax\">millones de documentos en su poder relacionados con Epstein<\/a>, intent\u00f3 aprovechar la visita real enviando una carta al rey el mes pasado para solicitar una reuni\u00f3n en persona con sobrevivientes.<\/p>\n<p>Pero CNN inform\u00f3 que el rey y la reina no planean aceptar esa solicitud durante su visita de cuatro d\u00edas, que conmemora el 250\u00b0 aniversario de la independencia de Estados Unidos, ya que el Palacio de Buckingham es consciente de que un encuentro de este tipo podr\u00eda afectar <a href=\"https:\/\/cnnespanol.cnn.com\/2026\/02\/19\/mundo\/por-que-arresto-andres-mountbatten-windsor-trax\">la investigaci\u00f3n legal brit\u00e1nica sobre Mountbatten-Windso<\/a>r. Esa decisi\u00f3n est\u00e1 en l\u00ednea con la estrategia m\u00e1s amplia de los monarcas de evitar declaraciones p\u00fablicas relacionadas con Epstein, el fallecido ped\u00f3filo cuyo caso ha llevado tanto esc\u00e1ndalo, verg\u00fcenza y dolor a la familia real.<\/p>\n<p>Como jefe simb\u00f3lico del poder judicial brit\u00e1nico, el rey podr\u00eda ser acusado de influir en la investigaci\u00f3n penal sobre su hermano si se pronuncia directamente sobre el esc\u00e1ndalo de Epstein.<\/p>\n<p>(Cuando el entonces pr\u00edncipe Andrew fue arrestado bajo sospecha de mala conducta en un cargo p\u00fablico, el rey Carlos expres\u00f3 su \u201cm\u00e1s profunda preocupaci\u00f3n\u201d, al tiempo que subray\u00f3 que \u201cla ley debe seguir su curso\u201d).<\/p>\n<p>En cambio, la reina Camila sostendr\u00e1 m\u00faltiples reuniones con representantes de grupos que hacen campa\u00f1a contra la violencia dom\u00e9stica durante su visita a Estados Unidos, seg\u00fan pudo saber CNN.<\/p>\n<p>El rey Carlos se dirigi\u00f3 la tarde del martes a una sesi\u00f3n conjunta del Congreso y no hizo referencia directa a Epstein ni a los sobrevivientes de sus delitos. Sin embargo, hubo un fragmento del discurso que fue interpretado como un gui\u00f1o hacia ese grupo.<\/p>\n<p>\u201cEn ambos pa\u00edses, es precisamente el car\u00e1cter vibrante, diverso y libre de nuestras sociedades lo que nos da fortaleza colectiva, incluso para apoyar a las v\u00edctimas de algunos de los males que, tr\u00e1gicamente, existen hoy en nuestras sociedades\u201d, dijo.<\/p>\n<p>La visita del rey y la reina esta semana a Washington tambi\u00e9n<a href=\"https:\/\/cnnespanol.cnn.com\/2026\/04\/22\/eeuu\/victimas-epstein-hombres-abusaron-ellas-trax\"> ha puesto de relieve la relativa falta de rendici\u00f3n de cuentas<\/a> en Estados Unidos contra quienes pudieron haber ayudado a Epstein y a su red de tr\u00e1fico sexual.<\/p>\n<p>A pesar de que el Departamento de Justicia ha divulgado millones de documentos relacionados con Epstein en los \u00faltimos meses, solo una persona \u2014su c\u00f3mplice, Ghislaine Maxwell\u2014 ha sido procesada por su participaci\u00f3n. El Departamento de Justicia ha reiterado que no tiene investigaciones activas contra otros individuos del c\u00edrculo de Epstein.<\/p>\n<p>La situaci\u00f3n ha sido muy distinta en el Reino Unido. Adem\u00e1s de la investigaci\u00f3n sobre Mountbatten-Windsor,<a href=\"https:\/\/cnnespanol.cnn.com\/2026\/02\/23\/mundo\/arrestan-peter-mandelson-exembajador-reino-unido-epstein-trax\"> hay una investigaci\u00f3n penal independiente sobre el exembajador brit\u00e1nico en Estados Unidos<\/a>, Peter Mandelson. Est\u00e1 siendo investigado por acusaciones de haber compartido informaci\u00f3n sensible con Epstein que habr\u00eda sido valiosa en Wall Street; fue destituido por el primer ministro Keir Starmer y renunci\u00f3 a su militancia en el Partido Laborista. Starmer enfrenta ahora <a href=\"https:\/\/cnnespanol.cnn.com\/2026\/02\/09\/mundo\/reino-unido-tambalea-caso-epstein-starmer-trax\">una fuerte presi\u00f3n pol\u00edtica<\/a> e incluso llamados a dimitir por su manejo del caso Mandelson.<\/p>\n<p>Lauren Hersh, cofundadora de World Without Exploitation, una organizaci\u00f3n que trabaja contra la trata de personas y la explotaci\u00f3n sexual y que ha colaborado estrechamente con muchos sobrevivientes de Epstein, dijo a CNN: \u201cLa visita del rey Carlos a Estados Unidos es una oportunidad para hacer lo correcto con los sobrevivientes que, con valent\u00eda, enfrentaron a una de las instituciones m\u00e1s poderosas del mundo y han solicitado reunirse con \u00e9l\u201d.<\/p>\n<p>\u201cAl mismo tiempo, mientras honramos a Virginia y a todos los dem\u00e1s sobrevivientes de los abusos de Epstein y Maxwell, Estados Unidos puede aprender lecciones del ejemplo del Reino Unido en cuanto a exigir responsabilidades a todos los que participaron y perpetuaron su red criminal\u201d, a\u00f1adi\u00f3 Hersh.<\/p>\n<p>Aun as\u00ed, algunos sobrevivientes de Epstein han dicho que no est\u00e1n especialmente enfocados en la visita del rey \u2014y en lo que pueda o no decir p\u00fablicamente sobre el delincuente sexual condenado\u2014. Se\u00f1alan que sus esfuerzos est\u00e1n m\u00e1s orientados a la rendici\u00f3n de cuentas en Estados Unidos, incluida la divulgaci\u00f3n completa de los archivos de Epstein y las investigaciones contra quienes lo ayudaron a operar su red de tr\u00e1fico sexual.<\/p>\n<p><em>Esta historia ha sido actualizada con nuevos acontecimientos.<\/em><\/p>\n<p>The-CNN-Wire<br \/>&trade; &amp; &copy; 2026 Cable News Network, Inc., a Warner Bros. Discovery Company. All rights reserved.<\/p>\n","protected":false},"excerpt":{"rendered":"<p>Mientras el rey Carlos III y la reina Camila eran recibidos por el presidente de Estados Unidos y la primera dama con pompa y ceremonia dignas de la realeza en la Casa Blanca la ma\u00f1ana del martes, un grupo de personas a quienes se les neg\u00f3 una reuni\u00f3n en persona con los monarcas aprovech\u00f3 la [&hellip;]<\/p>\n","protected":false},"author":0,"featured_media":0,"comment_status":"open","ping_status":"open","sticky":false,"template":"","format":"standard","meta":{"_jetpack_memberships_contains_paid_content":false,"footnotes":""},"categories":[10],"tags":[],"class_list":["post-1473618","post","type-post","status-publish","format-standard","hentry","category-noticias-nacionales","market-global"],"yoast_head":"<!-- This site is optimized with the Yoast SEO plugin v24.4 - https:\/\/yoast.com\/wordpress\/plugins\/seo\/ -->\n<title>El esc\u00e1ndalo de Epstein permanece en segundo plano durante la visita del rey Carlos a Washington - Noticias<\/title>\n<meta name=\"robots\" content=\"index, follow, max-snippet:-1, max-image-preview:large, max-video-preview:-1\" \/>\n<link rel=\"canonical\" href=\"https:\/\/noticiasya.com\/2026\/04\/28\/escandalo-epstein-visita-rey-carlos-trax\/\" \/>\n<meta property=\"og:locale\" content=\"es_ES\" \/>\n<meta property=\"og:type\" content=\"article\" \/>\n<meta property=\"og:title\" content=\"El esc\u00e1ndalo de Epstein permanece en segundo plano durante la visita del rey Carlos a Washington - Noticias\" \/>\n<meta property=\"og:description\" content=\"Mientras el rey Carlos III y la reina Camila eran recibidos por el presidente de Estados Unidos y la primera dama con pompa y ceremonia dignas de la realeza en la Casa Blanca la ma\u00f1ana del martes, un grupo de personas a quienes se les neg\u00f3 una reuni\u00f3n en persona con los monarcas aprovech\u00f3 la [&hellip;]\" \/>\n<meta property=\"og:url\" content=\"https:\/\/noticiasya.com\/2026\/04\/28\/escandalo-epstein-visita-rey-carlos-trax\/\" \/>\n<meta property=\"og:site_name\" content=\"Noticias\" \/>\n<meta property=\"article:published_time\" content=\"2026-04-29T02:03:44+00:00\" \/>\n<meta name=\"twitter:card\" content=\"summary_large_image\" \/>\n<meta name=\"twitter:label1\" content=\"Est. reading time\" \/>\n\t<meta name=\"twitter:data1\" content=\"6 minutos\" \/>\n<script type=\"application\/ld+json\" class=\"yoast-schema-graph\">{\"@context\":\"https:\/\/schema.org\",\"@graph\":[{\"@type\":\"Article\",\"@id\":\"https:\/\/noticiasya.com\/2026\/04\/28\/escandalo-epstein-visita-rey-carlos-trax\/#article\",\"isPartOf\":{\"@id\":\"https:\/\/noticiasya.com\/2026\/04\/28\/escandalo-epstein-visita-rey-carlos-trax\/\"},\"author\":{\"name\":\"\",\"@id\":\"\"},\"headline\":\"El esc\u00e1ndalo de Epstein permanece en segundo plano durante la visita del rey Carlos a Washington\",\"datePublished\":\"2026-04-29T02:03:44+00:00\",\"mainEntityOfPage\":{\"@id\":\"https:\/\/noticiasya.com\/2026\/04\/28\/escandalo-epstein-visita-rey-carlos-trax\/\"},\"wordCount\":1140,\"commentCount\":0,\"publisher\":{\"@id\":\"https:\/\/noticiasya.com\/#organization\"},\"articleSection\":[\"Noticias Nacionales\"],\"inLanguage\":\"es\",\"potentialAction\":[{\"@type\":\"CommentAction\",\"name\":\"Comment\",\"target\":[\"https:\/\/noticiasya.com\/2026\/04\/28\/escandalo-epstein-visita-rey-carlos-trax\/#respond\"]}]},{\"@type\":\"WebPage\",\"@id\":\"https:\/\/noticiasya.com\/2026\/04\/28\/escandalo-epstein-visita-rey-carlos-trax\/\",\"url\":\"https:\/\/noticiasya.com\/2026\/04\/28\/escandalo-epstein-visita-rey-carlos-trax\/\",\"name\":\"El esc\u00e1ndalo de Epstein permanece en segundo plano durante la visita del rey Carlos a Washington - Noticias\",\"isPartOf\":{\"@id\":\"https:\/\/noticiasya.com\/#website\"},\"datePublished\":\"2026-04-29T02:03:44+00:00\",\"breadcrumb\":{\"@id\":\"https:\/\/noticiasya.com\/2026\/04\/28\/escandalo-epstein-visita-rey-carlos-trax\/#breadcrumb\"},\"inLanguage\":\"es\",\"potentialAction\":[{\"@type\":\"ReadAction\",\"target\":[\"https:\/\/noticiasya.com\/2026\/04\/28\/escandalo-epstein-visita-rey-carlos-trax\/\"]}]},{\"@type\":\"BreadcrumbList\",\"@id\":\"https:\/\/noticiasya.com\/2026\/04\/28\/escandalo-epstein-visita-rey-carlos-trax\/#breadcrumb\",\"itemListElement\":[{\"@type\":\"ListItem\",\"position\":1,\"name\":\"Home\",\"item\":\"https:\/\/noticiasya.com\/\"},{\"@type\":\"ListItem\",\"position\":2,\"name\":\"El esc\u00e1ndalo de Epstein permanece en segundo plano durante la visita del rey Carlos a Washington\"}]},{\"@type\":\"WebSite\",\"@id\":\"https:\/\/noticiasya.com\/#website\",\"url\":\"https:\/\/noticiasya.com\/\",\"name\":\"Noticias\",\"description\":\"Lo que importa\",\"publisher\":{\"@id\":\"https:\/\/noticiasya.com\/#organization\"},\"potentialAction\":[{\"@type\":\"SearchAction\",\"target\":{\"@type\":\"EntryPoint\",\"urlTemplate\":\"https:\/\/noticiasya.com\/?s={search_term_string}\"},\"query-input\":{\"@type\":\"PropertyValueSpecification\",\"valueRequired\":true,\"valueName\":\"search_term_string\"}}],\"inLanguage\":\"es\"},{\"@type\":\"Organization\",\"@id\":\"https:\/\/noticiasya.com\/#organization\",\"name\":\"Noticias\",\"url\":\"https:\/\/noticiasya.com\/\",\"logo\":{\"@type\":\"ImageObject\",\"inLanguage\":\"es\",\"@id\":\"https:\/\/noticiasya.com\/#\/schema\/logo\/image\/\",\"url\":\"https:\/\/noticiasya.com\/wp-content\/uploads\/sites\/22\/2023\/12\/logo-nacional.png\",\"contentUrl\":\"https:\/\/noticiasya.com\/wp-content\/uploads\/sites\/22\/2023\/12\/logo-nacional.png\",\"width\":1801,\"height\":691,\"caption\":\"Noticias\"},\"image\":{\"@id\":\"https:\/\/noticiasya.com\/#\/schema\/logo\/image\/\"}}]}<\/script>\n<!-- \/ Yoast SEO plugin. -->","yoast_head_json":{"title":"El esc\u00e1ndalo de Epstein permanece en segundo plano durante la visita del rey Carlos a Washington - Noticias","robots":{"index":"index","follow":"follow","max-snippet":"max-snippet:-1","max-image-preview":"max-image-preview:large","max-video-preview":"max-video-preview:-1"},"canonical":"https:\/\/noticiasya.com\/2026\/04\/28\/escandalo-epstein-visita-rey-carlos-trax\/","og_locale":"es_ES","og_type":"article","og_title":"El esc\u00e1ndalo de Epstein permanece en segundo plano durante la visita del rey Carlos a Washington - Noticias","og_description":"Mientras el rey Carlos III y la reina Camila eran recibidos por el presidente de Estados Unidos y la primera dama con pompa y ceremonia dignas de la realeza en la Casa Blanca la ma\u00f1ana del martes, un grupo de personas a quienes se les neg\u00f3 una reuni\u00f3n en persona con los monarcas aprovech\u00f3 la [&hellip;]","og_url":"https:\/\/noticiasya.com\/2026\/04\/28\/escandalo-epstein-visita-rey-carlos-trax\/","og_site_name":"Noticias","article_published_time":"2026-04-29T02:03:44+00:00","twitter_card":"summary_large_image","twitter_misc":{"Est. reading time":"6 minutos"},"schema":{"@context":"https:\/\/schema.org","@graph":[{"@type":"Article","@id":"https:\/\/noticiasya.com\/2026\/04\/28\/escandalo-epstein-visita-rey-carlos-trax\/#article","isPartOf":{"@id":"https:\/\/noticiasya.com\/2026\/04\/28\/escandalo-epstein-visita-rey-carlos-trax\/"},"author":{"name":"","@id":""},"headline":"El esc\u00e1ndalo de Epstein permanece en segundo plano durante la visita del rey Carlos a Washington","datePublished":"2026-04-29T02:03:44+00:00","mainEntityOfPage":{"@id":"https:\/\/noticiasya.com\/2026\/04\/28\/escandalo-epstein-visita-rey-carlos-trax\/"},"wordCount":1140,"commentCount":0,"publisher":{"@id":"https:\/\/noticiasya.com\/#organization"},"articleSection":["Noticias Nacionales"],"inLanguage":"es","potentialAction":[{"@type":"CommentAction","name":"Comment","target":["https:\/\/noticiasya.com\/2026\/04\/28\/escandalo-epstein-visita-rey-carlos-trax\/#respond"]}]},{"@type":"WebPage","@id":"https:\/\/noticiasya.com\/2026\/04\/28\/escandalo-epstein-visita-rey-carlos-trax\/","url":"https:\/\/noticiasya.com\/2026\/04\/28\/escandalo-epstein-visita-rey-carlos-trax\/","name":"El esc\u00e1ndalo de Epstein permanece en segundo plano durante la visita del rey Carlos a Washington - Noticias","isPartOf":{"@id":"https:\/\/noticiasya.com\/#website"},"datePublished":"2026-04-29T02:03:44+00:00","breadcrumb":{"@id":"https:\/\/noticiasya.com\/2026\/04\/28\/escandalo-epstein-visita-rey-carlos-trax\/#breadcrumb"},"inLanguage":"es","potentialAction":[{"@type":"ReadAction","target":["https:\/\/noticiasya.com\/2026\/04\/28\/escandalo-epstein-visita-rey-carlos-trax\/"]}]},{"@type":"BreadcrumbList","@id":"https:\/\/noticiasya.com\/2026\/04\/28\/escandalo-epstein-visita-rey-carlos-trax\/#breadcrumb","itemListElement":[{"@type":"ListItem","position":1,"name":"Home","item":"https:\/\/noticiasya.com\/"},{"@type":"ListItem","position":2,"name":"El esc\u00e1ndalo de Epstein permanece en segundo plano durante la visita del rey Carlos a Washington"}]},{"@type":"WebSite","@id":"https:\/\/noticiasya.com\/#website","url":"https:\/\/noticiasya.com\/","name":"Noticias","description":"Lo que importa","publisher":{"@id":"https:\/\/noticiasya.com\/#organization"},"potentialAction":[{"@type":"SearchAction","target":{"@type":"EntryPoint","urlTemplate":"https:\/\/noticiasya.com\/?s={search_term_string}"},"query-input":{"@type":"PropertyValueSpecification","valueRequired":true,"valueName":"search_term_string"}}],"inLanguage":"es"},{"@type":"Organization","@id":"https:\/\/noticiasya.com\/#organization","name":"Noticias","url":"https:\/\/noticiasya.com\/","logo":{"@type":"ImageObject","inLanguage":"es","@id":"https:\/\/noticiasya.com\/#\/schema\/logo\/image\/","url":"https:\/\/noticiasya.com\/wp-content\/uploads\/sites\/22\/2023\/12\/logo-nacional.png","contentUrl":"https:\/\/noticiasya.com\/wp-content\/uploads\/sites\/22\/2023\/12\/logo-nacional.png","width":1801,"height":691,"caption":"Noticias"},"image":{"@id":"https:\/\/noticiasya.com\/#\/schema\/logo\/image\/"}}]}},"parsely":{"version":"1.1.0","canonical_url":"https:\/\/noticiasya.com\/san-diego\/2026\/04\/28\/escandalo-epstein-visita-rey-carlos-trax\/","smart_links":{"inbound":0,"outbound":0},"traffic_boost_suggestions_count":0,"meta":{"@context":"https:\/\/schema.org","@type":"NewsArticle","headline":"El esc\u00e1ndalo de Epstein permanece en segundo plano durante la visita del rey Carlos a Washington","url":"http:\/\/noticiasya.com\/san-diego\/2026\/04\/28\/escandalo-epstein-visita-rey-carlos-trax\/","mainEntityOfPage":{"@type":"WebPage","@id":"http:\/\/noticiasya.com\/san-diego\/2026\/04\/28\/escandalo-epstein-visita-rey-carlos-trax\/"},"thumbnailUrl":"","image":{"@type":"ImageObject","url":""},"articleSection":"Noticias Nacionales","author":[],"creator":[],"publisher":{"@type":"Organization","name":"Noticias","logo":""},"keywords":[],"dateCreated":"2026-04-29T02:03:44Z","datePublished":"2026-04-29T02:03:44Z","dateModified":"2026-04-29T02:03:44Z"},"rendered":"<script type=\"application\/ld+json\" class=\"wp-parsely-metadata\">{\"@context\":\"https:\\\/\\\/schema.org\",\"@type\":\"NewsArticle\",\"headline\":\"El esc\\u00e1ndalo de Epstein permanece en segundo plano durante la visita del rey Carlos a Washington\",\"url\":\"http:\\\/\\\/noticiasya.com\\\/san-diego\\\/2026\\\/04\\\/28\\\/escandalo-epstein-visita-rey-carlos-trax\\\/\",\"mainEntityOfPage\":{\"@type\":\"WebPage\",\"@id\":\"http:\\\/\\\/noticiasya.com\\\/san-diego\\\/2026\\\/04\\\/28\\\/escandalo-epstein-visita-rey-carlos-trax\\\/\"},\"thumbnailUrl\":\"\",\"image\":{\"@type\":\"ImageObject\",\"url\":\"\"},\"articleSection\":\"Noticias Nacionales\",\"author\":[],\"creator\":[],\"publisher\":{\"@type\":\"Organization\",\"name\":\"Noticias\",\"logo\":\"\"},\"keywords\":[],\"dateCreated\":\"2026-04-29T02:03:44Z\",\"datePublished\":\"2026-04-29T02:03:44Z\",\"dateModified\":\"2026-04-29T02:03:44Z\"}<\/script>","tracker_url":"https:\/\/cdn.parsely.com\/keys\/noticiasya.com\/p.js"},"jetpack_featured_media_url":"","jetpack-related-posts":[{"id":1471044,"url":"https:\/\/noticiasya.com\/san-diego\/2026\/02\/09\/rey-carlos-apoya-investigacion-principe-andres-epstein-informacion-confidencial-trax\/","url_meta":{"origin":1473618,"position":0},"title":"El rey Carlos III apoyar\u00e1 en la investigaci\u00f3n sobre si el expr\u00edncipe Andr\u00e9s comparti\u00f3 informaci\u00f3n confidencial con Epstein","author":"","date":"febrero 9, 2026","format":false,"excerpt":"El rey Carlos III de Inglaterra ha manifestado su disposici\u00f3n para colaborar con la polic\u00eda brit\u00e1nica en una investigaci\u00f3n que pone nuevamente a Andr\u00e9s Mountbatten-Windsor en el ojo del hurac\u00e1n. Las autoridades eval\u00faan actualmente una denuncia que vincula al expr\u00edncipe con el intercambio de informaci\u00f3n confidencial con el fallecido delincuente\u2026","rel":"","context":"In &quot;Noticias Nacionales&quot;","block_context":{"text":"Noticias Nacionales","link":"https:\/\/noticiasya.com\/san-diego\/categoria\/noticias-nacionales"},"img":{"alt_text":"","src":"","width":0,"height":0},"classes":[]},{"id":1467925,"url":"https:\/\/noticiasya.com\/san-diego\/2025\/10\/31\/hermano-virginia-giuffre-reunion-rey-carlos-epstein-trax\/","url_meta":{"origin":1473618,"position":1},"title":"Hermano de Virginia Giuffre pide una reuni\u00f3n con el rey Carlos III para arrojar m\u00e1s luz sobre el caso Epstein","author":"","date":"octubre 31, 2025","format":false,"excerpt":"El hermano de Virginia Giuffre, una de las v\u00edctimas m\u00e1s prominentes de la red de tr\u00e1fico sexual de Jeffrey Epstein, ha solicitado una reuni\u00f3n con el rey Carlos III del Reino Unido para contar la historia de su hermana y pedirle que use su influencia para sacar a la luz\u2026","rel":"","context":"In &quot;Noticias Nacionales&quot;","block_context":{"text":"Noticias Nacionales","link":"https:\/\/noticiasya.com\/san-diego\/categoria\/noticias-nacionales"},"img":{"alt_text":"","src":"","width":0,"height":0},"classes":[]},{"id":1471436,"url":"https:\/\/noticiasya.com\/san-diego\/2026\/02\/19\/monarquia-britanica-sin-precedentes-andres-trax\/","url_meta":{"origin":1473618,"position":2},"title":"Por qu\u00e9 la monarqu\u00eda brit\u00e1nica atraviesa un momento sin precedentes","author":"","date":"febrero 19, 2026","format":false,"excerpt":"Es dif\u00edcil exagerar los acontecimientos que estamos presenciando hoy en Reino Unido con el arresto de Andr\u00e9s Mountbatten-Windsor, hijo de la difunta reina Isabel II y hermano del rey Carlos III, bajo sospecha de conducta inapropiada en un cargo p\u00fablico.Esta medida no tiene precedentes en la \u00e9poca moderna: es el\u2026","rel":"","context":"In &quot;Noticias Nacionales&quot;","block_context":{"text":"Noticias Nacionales","link":"https:\/\/noticiasya.com\/san-diego\/categoria\/noticias-nacionales"},"img":{"alt_text":"","src":"","width":0,"height":0},"classes":[]},{"id":1467503,"url":"https:\/\/noticiasya.com\/san-diego\/2025\/10\/18\/escandalos-reales-fin-principe-andres-renuncia-trax\/","url_meta":{"origin":1473618,"position":3},"title":"Un im\u00e1n de esc\u00e1ndalos reales llega a su fin: el pr\u00edncipe Andr\u00e9s renuncia a sus t\u00edtulos","author":"","date":"octubre 18, 2025","format":false,"excerpt":"Quiz\u00e1s la pregunta no sea por qu\u00e9 ahora, sino por qu\u00e9 no sucedi\u00f3 antes.En un movimiento que consolida su destierro de la vida real, el pr\u00edncipe Andr\u00e9s anunci\u00f3 que renunciaba al uso de sus t\u00edtulos y honores reales, y que ya no ser\u00eda conocido como el duque de York.La decisi\u00f3n,\u2026","rel":"","context":"In &quot;Noticias Nacionales&quot;","block_context":{"text":"Noticias Nacionales","link":"https:\/\/noticiasya.com\/san-diego\/categoria\/noticias-nacionales"},"img":{"alt_text":"","src":"","width":0,"height":0},"classes":[]},{"id":1471270,"url":"https:\/\/noticiasya.com\/san-diego\/2026\/02\/16\/princesas-beatriz-eugenia-principe-andres-epstein-trax\/","url_meta":{"origin":1473618,"position":4},"title":"Las princesas Beatriz y Eugenia lidian con las consecuencias de los esc\u00e1ndalos de sus padres relacionados con Epstein","author":"","date":"febrero 16, 2026","format":false,"excerpt":"Las princesas Beatriz y Eugenia se han visto arrastradas al torbellino que ha envuelto a sus padres, Andrew Mountbatten-Windsor y Sarah Ferguson, oblig\u00e1ndolas a lidiar con el renovado escrutinio que rodea a la monarqu\u00eda brit\u00e1nica.Las hermanas, ahora de 37 y 35 a\u00f1os respectivamente, son mencionadas cientos de veces en la\u2026","rel":"","context":"In &quot;Noticias Nacionales&quot;","block_context":{"text":"Noticias Nacionales","link":"https:\/\/noticiasya.com\/san-diego\/categoria\/noticias-nacionales"},"img":{"alt_text":"","src":"","width":0,"height":0},"classes":[]},{"id":1471465,"url":"https:\/\/noticiasya.com\/san-diego\/2026\/02\/19\/rey-carlos-declaracion-apoyo-autoridades-cooperacion-ley-trax\/","url_meta":{"origin":1473618,"position":5},"title":"El rey Carlos se distancia del expr\u00edncipe Andr\u00e9s en la peor crisis real desde la muerte de Diana","author":"","date":"febrero 19, 2026","format":false,"excerpt":"El comunicado del rey Carlos fue r\u00e1pido y contundente. Con un mensaje que no deja lugar a ambig\u00fcedades, el soberano fue enf\u00e1tico al se\u00f1alar que \u201cla ley debe seguir su curso\u201d, reafirmando su compromiso con el orden institucional y el sistema judicial. Este pronunciamiento oficial busca dar claridad sobre la\u2026","rel":"","context":"In &quot;Noticias Nacionales&quot;","block_context":{"text":"Noticias Nacionales","link":"https:\/\/noticiasya.com\/san-diego\/categoria\/noticias-nacionales"},"img":{"alt_text":"","src":"","width":0,"height":0},"classes":[]}],"jetpack_sharing_enabled":true,"_links":{"self":[{"href":"https:\/\/noticiasya.com\/san-diego\/wp-json\/wp\/v2\/posts\/1473618","targetHints":{"allow":["GET"]}}],"collection":[{"href":"https:\/\/noticiasya.com\/san-diego\/wp-json\/wp\/v2\/posts"}],"about":[{"href":"https:\/\/noticiasya.com\/san-diego\/wp-json\/wp\/v2\/types\/post"}],"replies":[{"embeddable":true,"href":"https:\/\/noticiasya.com\/san-diego\/wp-json\/wp\/v2\/comments?post=1473618"}],"version-history":[{"count":0,"href":"https:\/\/noticiasya.com\/san-diego\/wp-json\/wp\/v2\/posts\/1473618\/revisions"}],"wp:attachment":[{"href":"https:\/\/noticiasya.com\/san-diego\/wp-json\/wp\/v2\/media?parent=1473618"}],"wp:term":[{"taxonomy":"category","embeddable":true,"href":"https:\/\/noticiasya.com\/san-diego\/wp-json\/wp\/v2\/categories?post=1473618"},{"taxonomy":"post_tag","embeddable":true,"href":"https:\/\/noticiasya.com\/san-diego\/wp-json\/wp\/v2\/tags?post=1473618"}],"curies":[{"name":"wp","href":"https:\/\/api.w.org\/{rel}","templated":true}]}}