{"id":1473619,"date":"2026-04-28T19:03:44","date_gmt":"2026-04-29T02:03:44","guid":{"rendered":"https:\/\/noticiasya.com\/2026\/04\/28\/ariana-grande-petal-nuevo-disco-orix\/"},"modified":"2026-04-28T19:03:44","modified_gmt":"2026-04-29T02:03:44","slug":"ariana-grande-petal-nuevo-disco-orix","status":"publish","type":"post","link":"https:\/\/noticiasya.com\/san-diego\/2026\/04\/28\/ariana-grande-petal-nuevo-disco-orix\/","title":{"rendered":"Ariana Grande sorprende con el anuncio de &#171;Petal&#187;, su nuevo disco"},"content":{"rendered":"<p>Ariana Grande sorprendi\u00f3 a sus fans al anunciar el lanzamiento de un nuevo disco. La cantante public\u00f3 en sus redes sociales la portada de lo que ser\u00e1 su octavo \u00e1lbum de estudio, sin contar los proyectos vinculados a la pel\u00edcula \u201cWicked\u201d.<\/p>\n<p>La nueva producci\u00f3n discogr\u00e1fica llevar\u00e1 por t\u00edtulo \u201cPetal\u201d y, hasta el momento, las plataformas digitales de m\u00fasica contemplan 12 canciones incluidas en el \u00e1lbum.<\/p>\n<p>En Apple Music tambi\u00e9n aparece un video promocional en el que se observan im\u00e1genes en blanco y negro de la artista. La portada del disco se centra en el rostro de Grande, presentado con una iluminaci\u00f3n tenue en blanco y negro, mientras sonr\u00ede con el cabello despeinado.<\/p>\n<p>\u201cPetal\u201d estar\u00e1 disponible a partir del pr\u00f3ximo 31 de julio. La p\u00e1gina oficial de la artista ya ofrece la preventa en diferentes ediciones y formatos. Este disco suceder\u00e1 a \u201cEternal Sunshine\u201d, su producci\u00f3n m\u00e1s reciente en solitario, estrenada en marzo de 2024.<br \/>Adem\u00e1s, Ariana Grande se encuentra preparando una gira titulada \u201cThe Eternal Sunshine Tour\u201d, con fechas en ciudades de Estados Unidos, Canad\u00e1 y Reino Unido. El tour comenzar\u00e1 el pr\u00f3ximo 6 de junio en Oakland y, por ahora, concluir\u00e1 el 1 de septiembre en Londres.<\/p>\n<p>The-CNN-Wire<br \/>&trade; &amp; &copy; 2026 Cable News Network, Inc., a Warner Bros. Discovery Company. All rights reserved.<\/p>\n","protected":false},"excerpt":{"rendered":"<p>Ariana Grande sorprendi\u00f3 a sus fans al anunciar el lanzamiento de un nuevo disco. La cantante public\u00f3 en sus redes sociales la portada de lo que ser\u00e1 su octavo \u00e1lbum de estudio, sin contar los proyectos vinculados a la pel\u00edcula \u201cWicked\u201d. La nueva producci\u00f3n discogr\u00e1fica llevar\u00e1 por t\u00edtulo \u201cPetal\u201d y, hasta el momento, las plataformas [&hellip;]<\/p>\n","protected":false},"author":0,"featured_media":0,"comment_status":"open","ping_status":"open","sticky":false,"template":"","format":"standard","meta":{"_jetpack_memberships_contains_paid_content":false,"footnotes":""},"categories":[10],"tags":[],"class_list":["post-1473619","post","type-post","status-publish","format-standard","hentry","category-noticias-nacionales","market-global"],"yoast_head":"<!-- This site is optimized with the Yoast SEO plugin v24.4 - https:\/\/yoast.com\/wordpress\/plugins\/seo\/ -->\n<title>Ariana Grande sorprende con el anuncio de &quot;Petal&quot;, su nuevo disco - Noticias<\/title>\n<meta name=\"robots\" content=\"index, follow, max-snippet:-1, max-image-preview:large, max-video-preview:-1\" \/>\n<link rel=\"canonical\" href=\"https:\/\/noticiasya.com\/2026\/04\/28\/ariana-grande-petal-nuevo-disco-orix\/\" \/>\n<meta property=\"og:locale\" content=\"es_ES\" \/>\n<meta property=\"og:type\" content=\"article\" \/>\n<meta property=\"og:title\" content=\"Ariana Grande sorprende con el anuncio de &quot;Petal&quot;, su nuevo disco - Noticias\" \/>\n<meta property=\"og:description\" content=\"Ariana Grande sorprendi\u00f3 a sus fans al anunciar el lanzamiento de un nuevo disco. La cantante public\u00f3 en sus redes sociales la portada de lo que ser\u00e1 su octavo \u00e1lbum de estudio, sin contar los proyectos vinculados a la pel\u00edcula \u201cWicked\u201d. La nueva producci\u00f3n discogr\u00e1fica llevar\u00e1 por t\u00edtulo \u201cPetal\u201d y, hasta el momento, las plataformas [&hellip;]\" \/>\n<meta property=\"og:url\" content=\"https:\/\/noticiasya.com\/2026\/04\/28\/ariana-grande-petal-nuevo-disco-orix\/\" \/>\n<meta property=\"og:site_name\" content=\"Noticias\" \/>\n<meta property=\"article:published_time\" content=\"2026-04-29T02:03:44+00:00\" \/>\n<meta name=\"twitter:card\" content=\"summary_large_image\" \/>\n<meta name=\"twitter:label1\" content=\"Est. reading time\" \/>\n\t<meta name=\"twitter:data1\" content=\"1 minuto\" \/>\n<script type=\"application\/ld+json\" class=\"yoast-schema-graph\">{\"@context\":\"https:\/\/schema.org\",\"@graph\":[{\"@type\":\"Article\",\"@id\":\"https:\/\/noticiasya.com\/2026\/04\/28\/ariana-grande-petal-nuevo-disco-orix\/#article\",\"isPartOf\":{\"@id\":\"https:\/\/noticiasya.com\/2026\/04\/28\/ariana-grande-petal-nuevo-disco-orix\/\"},\"author\":{\"name\":\"\",\"@id\":\"\"},\"headline\":\"Ariana Grande sorprende con el anuncio de &#171;Petal&#187;, su nuevo disco\",\"datePublished\":\"2026-04-29T02:03:44+00:00\",\"mainEntityOfPage\":{\"@id\":\"https:\/\/noticiasya.com\/2026\/04\/28\/ariana-grande-petal-nuevo-disco-orix\/\"},\"wordCount\":235,\"commentCount\":0,\"publisher\":{\"@id\":\"https:\/\/noticiasya.com\/#organization\"},\"articleSection\":[\"Noticias Nacionales\"],\"inLanguage\":\"es\",\"potentialAction\":[{\"@type\":\"CommentAction\",\"name\":\"Comment\",\"target\":[\"https:\/\/noticiasya.com\/2026\/04\/28\/ariana-grande-petal-nuevo-disco-orix\/#respond\"]}]},{\"@type\":\"WebPage\",\"@id\":\"https:\/\/noticiasya.com\/2026\/04\/28\/ariana-grande-petal-nuevo-disco-orix\/\",\"url\":\"https:\/\/noticiasya.com\/2026\/04\/28\/ariana-grande-petal-nuevo-disco-orix\/\",\"name\":\"Ariana Grande sorprende con el anuncio de \\\"Petal\\\", su nuevo disco - Noticias\",\"isPartOf\":{\"@id\":\"https:\/\/noticiasya.com\/#website\"},\"datePublished\":\"2026-04-29T02:03:44+00:00\",\"breadcrumb\":{\"@id\":\"https:\/\/noticiasya.com\/2026\/04\/28\/ariana-grande-petal-nuevo-disco-orix\/#breadcrumb\"},\"inLanguage\":\"es\",\"potentialAction\":[{\"@type\":\"ReadAction\",\"target\":[\"https:\/\/noticiasya.com\/2026\/04\/28\/ariana-grande-petal-nuevo-disco-orix\/\"]}]},{\"@type\":\"BreadcrumbList\",\"@id\":\"https:\/\/noticiasya.com\/2026\/04\/28\/ariana-grande-petal-nuevo-disco-orix\/#breadcrumb\",\"itemListElement\":[{\"@type\":\"ListItem\",\"position\":1,\"name\":\"Home\",\"item\":\"https:\/\/noticiasya.com\/\"},{\"@type\":\"ListItem\",\"position\":2,\"name\":\"Ariana Grande sorprende con el anuncio de &#171;Petal&#187;, su nuevo disco\"}]},{\"@type\":\"WebSite\",\"@id\":\"https:\/\/noticiasya.com\/#website\",\"url\":\"https:\/\/noticiasya.com\/\",\"name\":\"Noticias\",\"description\":\"Lo que importa\",\"publisher\":{\"@id\":\"https:\/\/noticiasya.com\/#organization\"},\"potentialAction\":[{\"@type\":\"SearchAction\",\"target\":{\"@type\":\"EntryPoint\",\"urlTemplate\":\"https:\/\/noticiasya.com\/?s={search_term_string}\"},\"query-input\":{\"@type\":\"PropertyValueSpecification\",\"valueRequired\":true,\"valueName\":\"search_term_string\"}}],\"inLanguage\":\"es\"},{\"@type\":\"Organization\",\"@id\":\"https:\/\/noticiasya.com\/#organization\",\"name\":\"Noticias\",\"url\":\"https:\/\/noticiasya.com\/\",\"logo\":{\"@type\":\"ImageObject\",\"inLanguage\":\"es\",\"@id\":\"https:\/\/noticiasya.com\/#\/schema\/logo\/image\/\",\"url\":\"https:\/\/noticiasya.com\/wp-content\/uploads\/sites\/22\/2023\/12\/logo-nacional.png\",\"contentUrl\":\"https:\/\/noticiasya.com\/wp-content\/uploads\/sites\/22\/2023\/12\/logo-nacional.png\",\"width\":1801,\"height\":691,\"caption\":\"Noticias\"},\"image\":{\"@id\":\"https:\/\/noticiasya.com\/#\/schema\/logo\/image\/\"}}]}<\/script>\n<!-- \/ Yoast SEO plugin. -->","yoast_head_json":{"title":"Ariana Grande sorprende con el anuncio de \"Petal\", su nuevo disco - Noticias","robots":{"index":"index","follow":"follow","max-snippet":"max-snippet:-1","max-image-preview":"max-image-preview:large","max-video-preview":"max-video-preview:-1"},"canonical":"https:\/\/noticiasya.com\/2026\/04\/28\/ariana-grande-petal-nuevo-disco-orix\/","og_locale":"es_ES","og_type":"article","og_title":"Ariana Grande sorprende con el anuncio de \"Petal\", su nuevo disco - Noticias","og_description":"Ariana Grande sorprendi\u00f3 a sus fans al anunciar el lanzamiento de un nuevo disco. La cantante public\u00f3 en sus redes sociales la portada de lo que ser\u00e1 su octavo \u00e1lbum de estudio, sin contar los proyectos vinculados a la pel\u00edcula \u201cWicked\u201d. La nueva producci\u00f3n discogr\u00e1fica llevar\u00e1 por t\u00edtulo \u201cPetal\u201d y, hasta el momento, las plataformas [&hellip;]","og_url":"https:\/\/noticiasya.com\/2026\/04\/28\/ariana-grande-petal-nuevo-disco-orix\/","og_site_name":"Noticias","article_published_time":"2026-04-29T02:03:44+00:00","twitter_card":"summary_large_image","twitter_misc":{"Est. reading time":"1 minuto"},"schema":{"@context":"https:\/\/schema.org","@graph":[{"@type":"Article","@id":"https:\/\/noticiasya.com\/2026\/04\/28\/ariana-grande-petal-nuevo-disco-orix\/#article","isPartOf":{"@id":"https:\/\/noticiasya.com\/2026\/04\/28\/ariana-grande-petal-nuevo-disco-orix\/"},"author":{"name":"","@id":""},"headline":"Ariana Grande sorprende con el anuncio de &#171;Petal&#187;, su nuevo disco","datePublished":"2026-04-29T02:03:44+00:00","mainEntityOfPage":{"@id":"https:\/\/noticiasya.com\/2026\/04\/28\/ariana-grande-petal-nuevo-disco-orix\/"},"wordCount":235,"commentCount":0,"publisher":{"@id":"https:\/\/noticiasya.com\/#organization"},"articleSection":["Noticias Nacionales"],"inLanguage":"es","potentialAction":[{"@type":"CommentAction","name":"Comment","target":["https:\/\/noticiasya.com\/2026\/04\/28\/ariana-grande-petal-nuevo-disco-orix\/#respond"]}]},{"@type":"WebPage","@id":"https:\/\/noticiasya.com\/2026\/04\/28\/ariana-grande-petal-nuevo-disco-orix\/","url":"https:\/\/noticiasya.com\/2026\/04\/28\/ariana-grande-petal-nuevo-disco-orix\/","name":"Ariana Grande sorprende con el anuncio de \"Petal\", su nuevo disco - Noticias","isPartOf":{"@id":"https:\/\/noticiasya.com\/#website"},"datePublished":"2026-04-29T02:03:44+00:00","breadcrumb":{"@id":"https:\/\/noticiasya.com\/2026\/04\/28\/ariana-grande-petal-nuevo-disco-orix\/#breadcrumb"},"inLanguage":"es","potentialAction":[{"@type":"ReadAction","target":["https:\/\/noticiasya.com\/2026\/04\/28\/ariana-grande-petal-nuevo-disco-orix\/"]}]},{"@type":"BreadcrumbList","@id":"https:\/\/noticiasya.com\/2026\/04\/28\/ariana-grande-petal-nuevo-disco-orix\/#breadcrumb","itemListElement":[{"@type":"ListItem","position":1,"name":"Home","item":"https:\/\/noticiasya.com\/"},{"@type":"ListItem","position":2,"name":"Ariana Grande sorprende con el anuncio de &#171;Petal&#187;, su nuevo disco"}]},{"@type":"WebSite","@id":"https:\/\/noticiasya.com\/#website","url":"https:\/\/noticiasya.com\/","name":"Noticias","description":"Lo que importa","publisher":{"@id":"https:\/\/noticiasya.com\/#organization"},"potentialAction":[{"@type":"SearchAction","target":{"@type":"EntryPoint","urlTemplate":"https:\/\/noticiasya.com\/?s={search_term_string}"},"query-input":{"@type":"PropertyValueSpecification","valueRequired":true,"valueName":"search_term_string"}}],"inLanguage":"es"},{"@type":"Organization","@id":"https:\/\/noticiasya.com\/#organization","name":"Noticias","url":"https:\/\/noticiasya.com\/","logo":{"@type":"ImageObject","inLanguage":"es","@id":"https:\/\/noticiasya.com\/#\/schema\/logo\/image\/","url":"https:\/\/noticiasya.com\/wp-content\/uploads\/sites\/22\/2023\/12\/logo-nacional.png","contentUrl":"https:\/\/noticiasya.com\/wp-content\/uploads\/sites\/22\/2023\/12\/logo-nacional.png","width":1801,"height":691,"caption":"Noticias"},"image":{"@id":"https:\/\/noticiasya.com\/#\/schema\/logo\/image\/"}}]}},"parsely":{"version":"1.1.0","canonical_url":"https:\/\/noticiasya.com\/san-diego\/2026\/04\/28\/ariana-grande-petal-nuevo-disco-orix\/","smart_links":{"inbound":0,"outbound":0},"traffic_boost_suggestions_count":0,"meta":{"@context":"https:\/\/schema.org","@type":"NewsArticle","headline":"Ariana Grande sorprende con el anuncio de &#171;Petal&#187;, su nuevo disco","url":"http:\/\/noticiasya.com\/san-diego\/2026\/04\/28\/ariana-grande-petal-nuevo-disco-orix\/","mainEntityOfPage":{"@type":"WebPage","@id":"http:\/\/noticiasya.com\/san-diego\/2026\/04\/28\/ariana-grande-petal-nuevo-disco-orix\/"},"thumbnailUrl":"","image":{"@type":"ImageObject","url":""},"articleSection":"Noticias Nacionales","author":[],"creator":[],"publisher":{"@type":"Organization","name":"Noticias","logo":""},"keywords":[],"dateCreated":"2026-04-29T02:03:44Z","datePublished":"2026-04-29T02:03:44Z","dateModified":"2026-04-29T02:03:44Z"},"rendered":"<script type=\"application\/ld+json\" class=\"wp-parsely-metadata\">{\"@context\":\"https:\\\/\\\/schema.org\",\"@type\":\"NewsArticle\",\"headline\":\"Ariana Grande sorprende con el anuncio de &#171;Petal&#187;, su nuevo disco\",\"url\":\"http:\\\/\\\/noticiasya.com\\\/san-diego\\\/2026\\\/04\\\/28\\\/ariana-grande-petal-nuevo-disco-orix\\\/\",\"mainEntityOfPage\":{\"@type\":\"WebPage\",\"@id\":\"http:\\\/\\\/noticiasya.com\\\/san-diego\\\/2026\\\/04\\\/28\\\/ariana-grande-petal-nuevo-disco-orix\\\/\"},\"thumbnailUrl\":\"\",\"image\":{\"@type\":\"ImageObject\",\"url\":\"\"},\"articleSection\":\"Noticias Nacionales\",\"author\":[],\"creator\":[],\"publisher\":{\"@type\":\"Organization\",\"name\":\"Noticias\",\"logo\":\"\"},\"keywords\":[],\"dateCreated\":\"2026-04-29T02:03:44Z\",\"datePublished\":\"2026-04-29T02:03:44Z\",\"dateModified\":\"2026-04-29T02:03:44Z\"}<\/script>","tracker_url":"https:\/\/cdn.parsely.com\/keys\/noticiasya.com\/p.js"},"jetpack_featured_media_url":"","jetpack-related-posts":[{"id":1473211,"url":"https:\/\/noticiasya.com\/san-diego\/2026\/04\/15\/madonna-nuevo-disco-confessions-on-a-dance-floor-ii-orix\/","url_meta":{"origin":1473619,"position":0},"title":"Madonna anuncia su regreso a la m\u00fasica con &#171;Confessions On a Dance Floor: Part II&#187;","author":"","date":"abril 15, 2026","format":false,"excerpt":"Se acerca el regreso a la m\u00fasica de la \u201creina del pop\u201d. Madonna anunci\u00f3 el pr\u00f3ximo lanzamiento de su nuevo material, \u201cConfessions On a Dance Floor: Part II\u201d, que podr\u00e1 escucharse a partir del pr\u00f3ximo 3 de julio.Las redes sociales de la int\u00e9rprete comenzaron a dar pistas de un importante\u2026","rel":"","context":"In &quot;Noticias Nacionales&quot;","block_context":{"text":"Noticias Nacionales","link":"https:\/\/noticiasya.com\/san-diego\/categoria\/noticias-nacionales"},"img":{"alt_text":"","src":"","width":0,"height":0},"classes":[]},{"id":1442523,"url":"https:\/\/noticiasya.com\/san-diego\/2023\/12\/23\/reviven-demanda-del-bebe-en-la-portada-del-disco-nevermind-de-nirvana\/","url_meta":{"origin":1473619,"position":1},"title":"Reviven demanda del beb\u00e9 en la portada del disco &#171;Nevermind&#187; de Nirvana","author":"","date":"diciembre 23, 2023","format":false,"excerpt":"(CNN) -- Un tribunal federal de apelaciones revivi\u00f3 la demanda que present\u00f3 un hombre que fue fotografiado nadando desnudo cuando era beb\u00e9 para la portada del \u00e1lbum de 1991 de Nirvana, \"Nevermind\".El Tribunal de Apelaciones del Noveno Circuito de Estados Unidos anul\u00f3 este jueves un fallo de 2022 seg\u00fan el\u2026","rel":"","context":"In &quot;Noticias Nacionales&quot;","block_context":{"text":"Noticias Nacionales","link":"https:\/\/noticiasya.com\/san-diego\/categoria\/noticias-nacionales"},"img":{"alt_text":"","src":"","width":0,"height":0},"classes":[]},{"id":1456105,"url":"https:\/\/noticiasya.com\/san-diego\/2024\/11\/26\/ariana-grande-ciudad-natal-wicked-abuela-trax\/","url_meta":{"origin":1473619,"position":2},"title":"Ariana Grande vuela a su ciudad natal por un d\u00eda solo para ver &#171;Wicked&#187; con su abuela","author":"","date":"noviembre 26, 2024","format":false,"excerpt":"(CNN) \u2013\u2013 Ariana Grande comparti\u00f3 la magia de \u201cWicked\u201d con su abuela Marjorie \u201cNonna\u201d Grande.La cantante y actriz, que interpreta a Glinda la Buena en la pel\u00edcula \u201cWicked\u201d, hizo una parada en su ciudad natal de Boca Raton, Florida, el lunes para ver la pel\u00edcula con su Nonna, quien cumpli\u00f3\u2026","rel":"","context":"In &quot;Noticias Nacionales&quot;","block_context":{"text":"Noticias Nacionales","link":"https:\/\/noticiasya.com\/san-diego\/categoria\/noticias-nacionales"},"img":{"alt_text":"","src":"","width":0,"height":0},"classes":[]},{"id":1443614,"url":"https:\/\/noticiasya.com\/san-diego\/2024\/01\/13\/ariana-grande-lanza-yes-and-su-primera-cancion-en-solitario-en-mas-de-3-anos\/","url_meta":{"origin":1473619,"position":3},"title":"Ariana Grande lanza &#171;Yes, And?&#187;, su primera canci\u00f3n en solitario en m\u00e1s de 3 a\u00f1os","author":"","date":"enero 13, 2024","format":false,"excerpt":"(CNN) \u2013\u2013 Ariana Grande lanz\u00f3 \u201cYes, And?\u201d, su m\u00e1s reciente sencillo y video musical, este viernes y su mensaje es muy claro.En el video, que dirigi\u00f3 Christian Breslauer, Grande se enfrenta a un grupo de cr\u00edticos hastiados que se sientan y la observan cantar junto a sus bailarines. Antes de\u2026","rel":"","context":"In &quot;Noticias Nacionales&quot;","block_context":{"text":"Noticias Nacionales","link":"https:\/\/noticiasya.com\/san-diego\/categoria\/noticias-nacionales"},"img":{"alt_text":"","src":"","width":0,"height":0},"classes":[]},{"id":1473048,"url":"https:\/\/noticiasya.com\/san-diego\/2026\/04\/10\/shakira-anitta-choka-cancion-orix\/","url_meta":{"origin":1473619,"position":4},"title":"Shakira y Anitta se unen en &#171;Choka Choka&#187;, una canci\u00f3n en espa\u00f1ol y portugu\u00e9s","author":"","date":"abril 10, 2026","format":false,"excerpt":"Shakira y Anitta lanzaron en conjunto el tema \u201cChoka Choka\u201d; la colaboraci\u00f3n fue liberada este 9 de abril a trav\u00e9s de las plataformas musicales. La canci\u00f3n cuenta con sonidos que mezclan el g\u00e9nero urbano y el latino; adem\u00e1s, la artista colombiana y la brasile\u00f1a cantan en una mezcla de espa\u00f1ol\u2026","rel":"","context":"In &quot;Noticias Nacionales&quot;","block_context":{"text":"Noticias Nacionales","link":"https:\/\/noticiasya.com\/san-diego\/categoria\/noticias-nacionales"},"img":{"alt_text":"","src":"","width":0,"height":0},"classes":[]},{"id":1447194,"url":"https:\/\/noticiasya.com\/san-diego\/2024\/03\/21\/shakira-enciende-redes-nuevas-fotos-cancion-punteria-nuevo-disco-orix\/","url_meta":{"origin":1473619,"position":5},"title":"Shakira &#8216;enciende&#8217; las redes con fotos para la canci\u00f3n &#171;Punter\u00eda&#187; de su nuevo disco","author":"","date":"marzo 21, 2024","format":false,"excerpt":"(CNN Espa\u00f1ol) -- A unas horas del lanzamiento de su nuevo disco, Shakira 'encendi\u00f3' las redes sociales con nuevas fotos que muestran parte de lo que podremos ver en la canci\u00f3n \"Punter\u00eda\".La cantante colombiana subi\u00f3 cinco fotograf\u00edas a su cuenta de Instagram, y en tres de ellas aparece abrazada junto\u2026","rel":"","context":"In &quot;Noticias Nacionales&quot;","block_context":{"text":"Noticias Nacionales","link":"https:\/\/noticiasya.com\/san-diego\/categoria\/noticias-nacionales"},"img":{"alt_text":"","src":"","width":0,"height":0},"classes":[]}],"jetpack_sharing_enabled":true,"_links":{"self":[{"href":"https:\/\/noticiasya.com\/san-diego\/wp-json\/wp\/v2\/posts\/1473619","targetHints":{"allow":["GET"]}}],"collection":[{"href":"https:\/\/noticiasya.com\/san-diego\/wp-json\/wp\/v2\/posts"}],"about":[{"href":"https:\/\/noticiasya.com\/san-diego\/wp-json\/wp\/v2\/types\/post"}],"replies":[{"embeddable":true,"href":"https:\/\/noticiasya.com\/san-diego\/wp-json\/wp\/v2\/comments?post=1473619"}],"version-history":[{"count":0,"href":"https:\/\/noticiasya.com\/san-diego\/wp-json\/wp\/v2\/posts\/1473619\/revisions"}],"wp:attachment":[{"href":"https:\/\/noticiasya.com\/san-diego\/wp-json\/wp\/v2\/media?parent=1473619"}],"wp:term":[{"taxonomy":"category","embeddable":true,"href":"https:\/\/noticiasya.com\/san-diego\/wp-json\/wp\/v2\/categories?post=1473619"},{"taxonomy":"post_tag","embeddable":true,"href":"https:\/\/noticiasya.com\/san-diego\/wp-json\/wp\/v2\/tags?post=1473619"}],"curies":[{"name":"wp","href":"https:\/\/api.w.org\/{rel}","templated":true}]}}