{"id":1473620,"date":"2026-04-28T19:03:44","date_gmt":"2026-04-29T02:03:44","guid":{"rendered":"https:\/\/noticiasya.com\/2026\/04\/28\/pasaportes-conmemorativos-imagen-trump-trax\/"},"modified":"2026-04-28T19:03:44","modified_gmt":"2026-04-29T02:03:44","slug":"pasaportes-conmemorativos-imagen-trump-trax","status":"publish","type":"post","link":"https:\/\/noticiasya.com\/san-diego\/2026\/04\/28\/pasaportes-conmemorativos-imagen-trump-trax\/","title":{"rendered":"EE.UU. emitir\u00e1 pasaportes con la imagen de Trump para conmemorar el 250\u00ba aniversario del pa\u00eds"},"content":{"rendered":"<p>Estados Unidos pronto comenzar\u00e1 a emitir pasaportes que incluir\u00e1n en su interior una imagen del presidente Donald Trump, dijo el martes un funcionario del Departamento de Estado.<\/p>\n<p>El funcionario dijo que el pasaporte \u201cser\u00e1 el pasaporte predeterminado de la Agencia de Pasaportes de Washington cuando est\u00e9 disponible\u201d para quienes renueven su documento en persona en esa sede.<\/p>\n<p>\u201cLas opciones en l\u00ednea u otras ubicaciones mantendr\u00e1n el dise\u00f1o actual del pasaporte\u201d, dijo el funcionario.<\/p>\n<p>La presencia del retrato de Trump en los pasaportes estadounidenses es el caso m\u00e1s reciente \u2014y el m\u00e1s significativo\u2014 de su imagen utilizada en un art\u00edculo que  conmemora el 250\u00ba aniversario de la independencia de Estados Unidos. A diferencia de <a href=\"https:\/\/www.cnn.com\/2026\/03\/19\/politics\/liberty-coin-trump-size\">una moneda conmemorativa<\/a> o <a href=\"https:\/\/www.cnn.com\/2025\/12\/11\/politics\/trump-face-replace-images-national-parks-passes-lawsuit\">un pase de parques nacionales<\/a>, un pasaporte de EE.UU. es una forma de identificaci\u00f3n reconocida internacionalmente que normalmente es v\u00e1lida por 10 a\u00f1os.<\/p>\n<p>Seg\u00fan una maqueta del pasaporte, una imagen del rostro de Trump y su firma en dorado aparecer\u00e1n en la portada interior.<\/p>\n<p>\u201cMientras Estados Unidos celebra el 250\u00ba aniversario del pa\u00eds en julio, el Departamento de Estado se est\u00e1 preparando para lanzar un n\u00famero limitado de pasaportes estadounidenses con un dise\u00f1o especial para conmemorar esta ocasi\u00f3n hist\u00f3rica\u201d, dijo el martes el portavoz del Departamento de Estado, Tommy Pigott.<\/p>\n<p>\u201cEstos pasaportes contar\u00e1n con arte personalizado e im\u00e1genes mejoradas, manteniendo las mismas caracter\u00edsticas de seguridad que hacen del pasaporte estadounidense uno de los documentos m\u00e1s seguros del mundo\u201d, dijo.<\/p>\n<p>La noticia fue <a href=\"https:\/\/www.thebulwark.com\/p\/exclusive-state-dept-finalizing-plan\">informada por primera vez<\/a> por The Bulwark, y Fox News <a href=\"https:\/\/www.foxnews.com\/politics\/exclusive-state-department-introduces-new-us-passports-celebrating-america250\">public\u00f3 primero<\/a> una maqueta del nuevo pasaporte.<\/p>\n<p>El Departamento de Estado comenzar\u00e1 a emitir los pasaportes este verano. No est\u00e1 claro cu\u00e1ntos se emitir\u00e1n.<\/p>\n<p>Seg\u00fan la maqueta del pasaporte, la contraportada mostrar\u00e1 una imagen del cuadro \u201cLa Declaraci\u00f3n de Independencia\u201d de John Trumbull.<\/p>\n<p>Actualmente, la portada interior frontal de los pasaportes estadounidenses muestra una imagen del cuadro de Percy Moran que representa a Francis Scott Key la ma\u00f1ana despu\u00e9s del bombardeo de Fort McHenry, la batalla que inspir\u00f3 a Key a escribir lo que se convertir\u00eda en el himno nacional de Estados Unidos. Versos del himno tambi\u00e9n est\u00e1n impresos en la portada interior frontal.<\/p>\n<p>El Departamento del Interior, que supervisa los parques nacionales, anunci\u00f3 el a\u00f1o pasado que estaba presentando \u201cnuevos dise\u00f1os conmemorativos\u201d para los pases de parques, uno de los cuales presenta el rostro de Trump junto al de George Washington.<\/p>\n<p>\u201cEs un honor para el departamento presentar el pase America the Beautiful en honor al 250\u00ba aniversario de Estados Unidos y a las generaciones que han protegido nuestras tierras\u201d, dijo el secretario Doug Burgum en un video publicado en <a href=\"https:\/\/www.doi.gov\/video\/digital-park-passes\">el sitio web del departamento<\/a>.<\/p>\n<p>Y el mes pasado, la Comisi\u00f3n de Bellas Artes elegida por Trump <a href=\"https:\/\/www.cnn.com\/2026\/03\/19\/politics\/liberty-coin-trump-size\">vot\u00f3 para aprobar<\/a> una moneda conmemorativa por el 250\u00b0 cumplea\u00f1os de Estados Unidos con la imagen del presidente.<\/p>\n<p>El a\u00f1o pasado, el nombre de Trump tambi\u00e9n se coloc\u00f3 tanto en el <a href=\"https:\/\/www.cnn.com\/2025\/12\/18\/politics\/trump-kennedy-center-name\">Kennedy Center<\/a> como en el <a href=\"https:\/\/www.cnn.com\/2025\/12\/03\/politics\/us-institute-of-peace-renamed-trump\">Instituto de Paz de Estados Unidos<\/a>.<\/p>\n<p>The-CNN-Wire<br \/>&trade; &amp; &copy; 2026 Cable News Network, Inc., a Warner Bros. Discovery Company. All rights reserved.<\/p>\n","protected":false},"excerpt":{"rendered":"<p>Estados Unidos pronto comenzar\u00e1 a emitir pasaportes que incluir\u00e1n en su interior una imagen del presidente Donald Trump, dijo el martes un funcionario del Departamento de Estado. El funcionario dijo que el pasaporte \u201cser\u00e1 el pasaporte predeterminado de la Agencia de Pasaportes de Washington cuando est\u00e9 disponible\u201d para quienes renueven su documento en persona en [&hellip;]<\/p>\n","protected":false},"author":0,"featured_media":0,"comment_status":"open","ping_status":"open","sticky":false,"template":"","format":"standard","meta":{"_jetpack_memberships_contains_paid_content":false,"footnotes":""},"categories":[10],"tags":[],"class_list":["post-1473620","post","type-post","status-publish","format-standard","hentry","category-noticias-nacionales","market-global"],"yoast_head":"<!-- This site is optimized with the Yoast SEO plugin v24.4 - https:\/\/yoast.com\/wordpress\/plugins\/seo\/ -->\n<title>EE.UU. emitir\u00e1 pasaportes con la imagen de Trump para conmemorar el 250\u00ba aniversario del pa\u00eds - Noticias<\/title>\n<meta name=\"robots\" content=\"index, follow, max-snippet:-1, max-image-preview:large, max-video-preview:-1\" \/>\n<link rel=\"canonical\" href=\"https:\/\/noticiasya.com\/2026\/04\/28\/pasaportes-conmemorativos-imagen-trump-trax\/\" \/>\n<meta property=\"og:locale\" content=\"es_ES\" \/>\n<meta property=\"og:type\" content=\"article\" \/>\n<meta property=\"og:title\" content=\"EE.UU. emitir\u00e1 pasaportes con la imagen de Trump para conmemorar el 250\u00ba aniversario del pa\u00eds - Noticias\" \/>\n<meta property=\"og:description\" content=\"Estados Unidos pronto comenzar\u00e1 a emitir pasaportes que incluir\u00e1n en su interior una imagen del presidente Donald Trump, dijo el martes un funcionario del Departamento de Estado. El funcionario dijo que el pasaporte \u201cser\u00e1 el pasaporte predeterminado de la Agencia de Pasaportes de Washington cuando est\u00e9 disponible\u201d para quienes renueven su documento en persona en [&hellip;]\" \/>\n<meta property=\"og:url\" content=\"https:\/\/noticiasya.com\/2026\/04\/28\/pasaportes-conmemorativos-imagen-trump-trax\/\" \/>\n<meta property=\"og:site_name\" content=\"Noticias\" \/>\n<meta property=\"article:published_time\" content=\"2026-04-29T02:03:44+00:00\" \/>\n<meta name=\"twitter:card\" content=\"summary_large_image\" \/>\n<meta name=\"twitter:label1\" content=\"Est. reading time\" \/>\n\t<meta name=\"twitter:data1\" content=\"3 minutos\" \/>\n<script type=\"application\/ld+json\" class=\"yoast-schema-graph\">{\"@context\":\"https:\/\/schema.org\",\"@graph\":[{\"@type\":\"Article\",\"@id\":\"https:\/\/noticiasya.com\/2026\/04\/28\/pasaportes-conmemorativos-imagen-trump-trax\/#article\",\"isPartOf\":{\"@id\":\"https:\/\/noticiasya.com\/2026\/04\/28\/pasaportes-conmemorativos-imagen-trump-trax\/\"},\"author\":{\"name\":\"\",\"@id\":\"\"},\"headline\":\"EE.UU. emitir\u00e1 pasaportes con la imagen de Trump para conmemorar el 250\u00ba aniversario del pa\u00eds\",\"datePublished\":\"2026-04-29T02:03:44+00:00\",\"mainEntityOfPage\":{\"@id\":\"https:\/\/noticiasya.com\/2026\/04\/28\/pasaportes-conmemorativos-imagen-trump-trax\/\"},\"wordCount\":553,\"commentCount\":0,\"publisher\":{\"@id\":\"https:\/\/noticiasya.com\/#organization\"},\"articleSection\":[\"Noticias Nacionales\"],\"inLanguage\":\"es\",\"potentialAction\":[{\"@type\":\"CommentAction\",\"name\":\"Comment\",\"target\":[\"https:\/\/noticiasya.com\/2026\/04\/28\/pasaportes-conmemorativos-imagen-trump-trax\/#respond\"]}]},{\"@type\":\"WebPage\",\"@id\":\"https:\/\/noticiasya.com\/2026\/04\/28\/pasaportes-conmemorativos-imagen-trump-trax\/\",\"url\":\"https:\/\/noticiasya.com\/2026\/04\/28\/pasaportes-conmemorativos-imagen-trump-trax\/\",\"name\":\"EE.UU. emitir\u00e1 pasaportes con la imagen de Trump para conmemorar el 250\u00ba aniversario del pa\u00eds - Noticias\",\"isPartOf\":{\"@id\":\"https:\/\/noticiasya.com\/#website\"},\"datePublished\":\"2026-04-29T02:03:44+00:00\",\"breadcrumb\":{\"@id\":\"https:\/\/noticiasya.com\/2026\/04\/28\/pasaportes-conmemorativos-imagen-trump-trax\/#breadcrumb\"},\"inLanguage\":\"es\",\"potentialAction\":[{\"@type\":\"ReadAction\",\"target\":[\"https:\/\/noticiasya.com\/2026\/04\/28\/pasaportes-conmemorativos-imagen-trump-trax\/\"]}]},{\"@type\":\"BreadcrumbList\",\"@id\":\"https:\/\/noticiasya.com\/2026\/04\/28\/pasaportes-conmemorativos-imagen-trump-trax\/#breadcrumb\",\"itemListElement\":[{\"@type\":\"ListItem\",\"position\":1,\"name\":\"Home\",\"item\":\"https:\/\/noticiasya.com\/\"},{\"@type\":\"ListItem\",\"position\":2,\"name\":\"EE.UU. emitir\u00e1 pasaportes con la imagen de Trump para conmemorar el 250\u00ba aniversario del pa\u00eds\"}]},{\"@type\":\"WebSite\",\"@id\":\"https:\/\/noticiasya.com\/#website\",\"url\":\"https:\/\/noticiasya.com\/\",\"name\":\"Noticias\",\"description\":\"Lo que importa\",\"publisher\":{\"@id\":\"https:\/\/noticiasya.com\/#organization\"},\"potentialAction\":[{\"@type\":\"SearchAction\",\"target\":{\"@type\":\"EntryPoint\",\"urlTemplate\":\"https:\/\/noticiasya.com\/?s={search_term_string}\"},\"query-input\":{\"@type\":\"PropertyValueSpecification\",\"valueRequired\":true,\"valueName\":\"search_term_string\"}}],\"inLanguage\":\"es\"},{\"@type\":\"Organization\",\"@id\":\"https:\/\/noticiasya.com\/#organization\",\"name\":\"Noticias\",\"url\":\"https:\/\/noticiasya.com\/\",\"logo\":{\"@type\":\"ImageObject\",\"inLanguage\":\"es\",\"@id\":\"https:\/\/noticiasya.com\/#\/schema\/logo\/image\/\",\"url\":\"https:\/\/noticiasya.com\/wp-content\/uploads\/sites\/22\/2023\/12\/logo-nacional.png\",\"contentUrl\":\"https:\/\/noticiasya.com\/wp-content\/uploads\/sites\/22\/2023\/12\/logo-nacional.png\",\"width\":1801,\"height\":691,\"caption\":\"Noticias\"},\"image\":{\"@id\":\"https:\/\/noticiasya.com\/#\/schema\/logo\/image\/\"}}]}<\/script>\n<!-- \/ Yoast SEO plugin. -->","yoast_head_json":{"title":"EE.UU. emitir\u00e1 pasaportes con la imagen de Trump para conmemorar el 250\u00ba aniversario del pa\u00eds - Noticias","robots":{"index":"index","follow":"follow","max-snippet":"max-snippet:-1","max-image-preview":"max-image-preview:large","max-video-preview":"max-video-preview:-1"},"canonical":"https:\/\/noticiasya.com\/2026\/04\/28\/pasaportes-conmemorativos-imagen-trump-trax\/","og_locale":"es_ES","og_type":"article","og_title":"EE.UU. emitir\u00e1 pasaportes con la imagen de Trump para conmemorar el 250\u00ba aniversario del pa\u00eds - Noticias","og_description":"Estados Unidos pronto comenzar\u00e1 a emitir pasaportes que incluir\u00e1n en su interior una imagen del presidente Donald Trump, dijo el martes un funcionario del Departamento de Estado. El funcionario dijo que el pasaporte \u201cser\u00e1 el pasaporte predeterminado de la Agencia de Pasaportes de Washington cuando est\u00e9 disponible\u201d para quienes renueven su documento en persona en [&hellip;]","og_url":"https:\/\/noticiasya.com\/2026\/04\/28\/pasaportes-conmemorativos-imagen-trump-trax\/","og_site_name":"Noticias","article_published_time":"2026-04-29T02:03:44+00:00","twitter_card":"summary_large_image","twitter_misc":{"Est. reading time":"3 minutos"},"schema":{"@context":"https:\/\/schema.org","@graph":[{"@type":"Article","@id":"https:\/\/noticiasya.com\/2026\/04\/28\/pasaportes-conmemorativos-imagen-trump-trax\/#article","isPartOf":{"@id":"https:\/\/noticiasya.com\/2026\/04\/28\/pasaportes-conmemorativos-imagen-trump-trax\/"},"author":{"name":"","@id":""},"headline":"EE.UU. emitir\u00e1 pasaportes con la imagen de Trump para conmemorar el 250\u00ba aniversario del pa\u00eds","datePublished":"2026-04-29T02:03:44+00:00","mainEntityOfPage":{"@id":"https:\/\/noticiasya.com\/2026\/04\/28\/pasaportes-conmemorativos-imagen-trump-trax\/"},"wordCount":553,"commentCount":0,"publisher":{"@id":"https:\/\/noticiasya.com\/#organization"},"articleSection":["Noticias Nacionales"],"inLanguage":"es","potentialAction":[{"@type":"CommentAction","name":"Comment","target":["https:\/\/noticiasya.com\/2026\/04\/28\/pasaportes-conmemorativos-imagen-trump-trax\/#respond"]}]},{"@type":"WebPage","@id":"https:\/\/noticiasya.com\/2026\/04\/28\/pasaportes-conmemorativos-imagen-trump-trax\/","url":"https:\/\/noticiasya.com\/2026\/04\/28\/pasaportes-conmemorativos-imagen-trump-trax\/","name":"EE.UU. emitir\u00e1 pasaportes con la imagen de Trump para conmemorar el 250\u00ba aniversario del pa\u00eds - Noticias","isPartOf":{"@id":"https:\/\/noticiasya.com\/#website"},"datePublished":"2026-04-29T02:03:44+00:00","breadcrumb":{"@id":"https:\/\/noticiasya.com\/2026\/04\/28\/pasaportes-conmemorativos-imagen-trump-trax\/#breadcrumb"},"inLanguage":"es","potentialAction":[{"@type":"ReadAction","target":["https:\/\/noticiasya.com\/2026\/04\/28\/pasaportes-conmemorativos-imagen-trump-trax\/"]}]},{"@type":"BreadcrumbList","@id":"https:\/\/noticiasya.com\/2026\/04\/28\/pasaportes-conmemorativos-imagen-trump-trax\/#breadcrumb","itemListElement":[{"@type":"ListItem","position":1,"name":"Home","item":"https:\/\/noticiasya.com\/"},{"@type":"ListItem","position":2,"name":"EE.UU. emitir\u00e1 pasaportes con la imagen de Trump para conmemorar el 250\u00ba aniversario del pa\u00eds"}]},{"@type":"WebSite","@id":"https:\/\/noticiasya.com\/#website","url":"https:\/\/noticiasya.com\/","name":"Noticias","description":"Lo que importa","publisher":{"@id":"https:\/\/noticiasya.com\/#organization"},"potentialAction":[{"@type":"SearchAction","target":{"@type":"EntryPoint","urlTemplate":"https:\/\/noticiasya.com\/?s={search_term_string}"},"query-input":{"@type":"PropertyValueSpecification","valueRequired":true,"valueName":"search_term_string"}}],"inLanguage":"es"},{"@type":"Organization","@id":"https:\/\/noticiasya.com\/#organization","name":"Noticias","url":"https:\/\/noticiasya.com\/","logo":{"@type":"ImageObject","inLanguage":"es","@id":"https:\/\/noticiasya.com\/#\/schema\/logo\/image\/","url":"https:\/\/noticiasya.com\/wp-content\/uploads\/sites\/22\/2023\/12\/logo-nacional.png","contentUrl":"https:\/\/noticiasya.com\/wp-content\/uploads\/sites\/22\/2023\/12\/logo-nacional.png","width":1801,"height":691,"caption":"Noticias"},"image":{"@id":"https:\/\/noticiasya.com\/#\/schema\/logo\/image\/"}}]}},"parsely":{"version":"1.1.0","canonical_url":"https:\/\/noticiasya.com\/san-diego\/2026\/04\/28\/pasaportes-conmemorativos-imagen-trump-trax\/","smart_links":{"inbound":0,"outbound":0},"traffic_boost_suggestions_count":0,"meta":{"@context":"https:\/\/schema.org","@type":"NewsArticle","headline":"EE.UU. emitir\u00e1 pasaportes con la imagen de Trump para conmemorar el 250\u00ba aniversario del pa\u00eds","url":"http:\/\/noticiasya.com\/san-diego\/2026\/04\/28\/pasaportes-conmemorativos-imagen-trump-trax\/","mainEntityOfPage":{"@type":"WebPage","@id":"http:\/\/noticiasya.com\/san-diego\/2026\/04\/28\/pasaportes-conmemorativos-imagen-trump-trax\/"},"thumbnailUrl":"","image":{"@type":"ImageObject","url":""},"articleSection":"Noticias Nacionales","author":[],"creator":[],"publisher":{"@type":"Organization","name":"Noticias","logo":""},"keywords":[],"dateCreated":"2026-04-29T02:03:44Z","datePublished":"2026-04-29T02:03:44Z","dateModified":"2026-04-29T02:03:44Z"},"rendered":"<script type=\"application\/ld+json\" class=\"wp-parsely-metadata\">{\"@context\":\"https:\\\/\\\/schema.org\",\"@type\":\"NewsArticle\",\"headline\":\"EE.UU. emitir\\u00e1 pasaportes con la imagen de Trump para conmemorar el 250\\u00ba aniversario del pa\\u00eds\",\"url\":\"http:\\\/\\\/noticiasya.com\\\/san-diego\\\/2026\\\/04\\\/28\\\/pasaportes-conmemorativos-imagen-trump-trax\\\/\",\"mainEntityOfPage\":{\"@type\":\"WebPage\",\"@id\":\"http:\\\/\\\/noticiasya.com\\\/san-diego\\\/2026\\\/04\\\/28\\\/pasaportes-conmemorativos-imagen-trump-trax\\\/\"},\"thumbnailUrl\":\"\",\"image\":{\"@type\":\"ImageObject\",\"url\":\"\"},\"articleSection\":\"Noticias Nacionales\",\"author\":[],\"creator\":[],\"publisher\":{\"@type\":\"Organization\",\"name\":\"Noticias\",\"logo\":\"\"},\"keywords\":[],\"dateCreated\":\"2026-04-29T02:03:44Z\",\"datePublished\":\"2026-04-29T02:03:44Z\",\"dateModified\":\"2026-04-29T02:03:44Z\"}<\/script>","tracker_url":"https:\/\/cdn.parsely.com\/keys\/noticiasya.com\/p.js"},"jetpack_featured_media_url":"","jetpack-related-posts":[{"id":1467360,"url":"https:\/\/noticiasya.com\/san-diego\/2025\/10\/14\/eeuu-pasaportes-mas-poderosos-trax\/","url_meta":{"origin":1473620,"position":0},"title":"Estos son los 10 pasaportes m\u00e1s poderosos del mundo. El de EE.UU. ya no forma parte de la lista","author":"","date":"octubre 14, 2025","format":false,"excerpt":"\u00bfQu\u00e9 hace que un pasaporte sea \u201cpoderoso\u201d? Bueno, una medida clara es la apertura para viajar, la capacidad de acceder a destinos de todo el mundo con solo pasar el documento, sin necesidad de visa.El \u00cdndice de Pasaportes Henley es uno de varios rankings que miden la potencia de los\u2026","rel":"","context":"In &quot;Noticias Nacionales&quot;","block_context":{"text":"Noticias Nacionales","link":"https:\/\/noticiasya.com\/san-diego\/categoria\/noticias-nacionales"},"img":{"alt_text":"","src":"","width":0,"height":0},"classes":[]},{"id":1463682,"url":"https:\/\/noticiasya.com\/san-diego\/2025\/06\/18\/juez-pasaporte-marcadores-sexo-personas-transgenero-ap\/","url_meta":{"origin":1473620,"position":1},"title":"Jueza afirma que el Gobierno no puede limitar los indicadores de sexo en pasaportes para personas transg\u00e9nero y no binarias","author":"","date":"junio 18, 2025","format":false,"excerpt":"Una jueza federal ha impedido que la administraci\u00f3n Trump limite los indicadores de sexo en los pasaportes para muchas personas de EE.UU. transg\u00e9nero y no binarias.El fallo del martes de la jueza federal de distrito Julia Kobick significa que las personas transg\u00e9nero o no binarias que no tengan pasaporte o\u2026","rel":"","context":"In &quot;Noticias Nacionales&quot;","block_context":{"text":"Noticias Nacionales","link":"https:\/\/noticiasya.com\/san-diego\/categoria\/noticias-nacionales"},"img":{"alt_text":"","src":"","width":0,"height":0},"classes":[]},{"id":1457864,"url":"https:\/\/noticiasya.com\/san-diego\/2025\/01\/24\/ee-uu-suspende-pasaporte-genero-x-trax\/","url_meta":{"origin":1473620,"position":2},"title":"El Departamento de Estado de EE.UU. suspende el proceso de solicitudes de pasaporte con el marcador de g\u00e9nero &#8216;X&#8217;","author":"","date":"enero 24, 2025","format":false,"excerpt":"El Departamento de Estado suspendi\u00f3 el procesamiento de solicitudes de pasaporte que buscan el marcador de g\u00e9nero \u201cX\u201d y solo procesar\u00e1 y emitir\u00e1 pasaportes para personas que se identifiquen como hombres o mujeres, seg\u00fan un portavoz del Departamento.La medida se alinea con un decreto firmado por el presidente Donald Trump\u2026","rel":"","context":"In &quot;Noticias Nacionales&quot;","block_context":{"text":"Noticias Nacionales","link":"https:\/\/noticiasya.com\/san-diego\/categoria\/noticias-nacionales"},"img":{"alt_text":"","src":"","width":0,"height":0},"classes":[]},{"id":1466038,"url":"https:\/\/noticiasya.com\/san-diego\/2025\/08\/31\/diplomaticos-rechazar-visas-titulares-pasaportes-palestinos-trax\/","url_meta":{"origin":1473620,"position":3},"title":"Estados Unidos instruye a sus diplom\u00e1ticos a rechazar la mayor\u00eda de las visas para titulares de pasaportes palestinos","author":"","date":"agosto 31, 2025","format":false,"excerpt":"El Departamento de Estado de EE.UU. instruy\u00f3 a sus diplom\u00e1ticos a rechazar la mayor\u00eda de las solicitudes de visa de titulares de pasaportes palestinos, ya sea que vivan en Ribera Occidental, Gaza o en el extranjero, seg\u00fan un cable diplom\u00e1tico al que tuvo acceso CNN.El mensaje interno, fechado el 18\u2026","rel":"","context":"In &quot;Noticias Nacionales&quot;","block_context":{"text":"Noticias Nacionales","link":"https:\/\/noticiasya.com\/san-diego\/categoria\/noticias-nacionales"},"img":{"alt_text":"","src":"","width":0,"height":0},"classes":[]},{"id":1451709,"url":"https:\/\/noticiasya.com\/san-diego\/2024\/08\/10\/denuncian-gobierno-venezuela-anulo-pasaportes-periodistas-y-activistas-orix\/","url_meta":{"origin":1473620,"position":4},"title":"Denuncian que el gobierno de Venezuela anul\u00f3 pasaportes de varios periodistas y activistas de derechos humanos","author":"","date":"agosto 10, 2024","format":false,"excerpt":"(CNN Espa\u00f1ol) -- Mientras las autoridades policiales venezolanas deten\u00edan a centenares de personas por participar en las protestas posteriores a las elecciones presidenciales del 28 de julio, la asociaci\u00f3n civil Espacio P\u00fablico dice haber documentado al menos 16 casos de anulaci\u00f3n de pasaportes a periodistas y activistas de Derechos Humanos.Carlos\u2026","rel":"","context":"In &quot;Noticias Nacionales&quot;","block_context":{"text":"Noticias Nacionales","link":"https:\/\/noticiasya.com\/san-diego\/categoria\/noticias-nacionales"},"img":{"alt_text":"","src":"","width":0,"height":0},"classes":[]},{"id":1451384,"url":"https:\/\/noticiasya.com\/san-diego\/2024\/07\/24\/pasaportes-mas-poderosos-mundo-2024-trax\/","url_meta":{"origin":1473620,"position":5},"title":"Estos son los 10 pasaportes m\u00e1s poderosos del mundo en 2024, seg\u00fan Henley &#038; Partners","author":"","date":"julio 24, 2024","format":false,"excerpt":"(CNN) -- \u00bfQu\u00e9 es rojo por fuera, morado por dentro y te otorga acceso a 195 destinos alrededor del mundo sin visa?Es el pasaporte de Singapur, y acaba de ser nombrado el documento de viaje m\u00e1s poderoso del mundo en una clasificaci\u00f3n trimestral de los pasaportes con mayor influencia internacional.Durante\u2026","rel":"","context":"In &quot;Noticias Nacionales&quot;","block_context":{"text":"Noticias Nacionales","link":"https:\/\/noticiasya.com\/san-diego\/categoria\/noticias-nacionales"},"img":{"alt_text":"","src":"","width":0,"height":0},"classes":[]}],"jetpack_sharing_enabled":true,"_links":{"self":[{"href":"https:\/\/noticiasya.com\/san-diego\/wp-json\/wp\/v2\/posts\/1473620","targetHints":{"allow":["GET"]}}],"collection":[{"href":"https:\/\/noticiasya.com\/san-diego\/wp-json\/wp\/v2\/posts"}],"about":[{"href":"https:\/\/noticiasya.com\/san-diego\/wp-json\/wp\/v2\/types\/post"}],"replies":[{"embeddable":true,"href":"https:\/\/noticiasya.com\/san-diego\/wp-json\/wp\/v2\/comments?post=1473620"}],"version-history":[{"count":0,"href":"https:\/\/noticiasya.com\/san-diego\/wp-json\/wp\/v2\/posts\/1473620\/revisions"}],"wp:attachment":[{"href":"https:\/\/noticiasya.com\/san-diego\/wp-json\/wp\/v2\/media?parent=1473620"}],"wp:term":[{"taxonomy":"category","embeddable":true,"href":"https:\/\/noticiasya.com\/san-diego\/wp-json\/wp\/v2\/categories?post=1473620"},{"taxonomy":"post_tag","embeddable":true,"href":"https:\/\/noticiasya.com\/san-diego\/wp-json\/wp\/v2\/tags?post=1473620"}],"curies":[{"name":"wp","href":"https:\/\/api.w.org\/{rel}","templated":true}]}}