{"id":1473621,"date":"2026-04-28T23:03:50","date_gmt":"2026-04-29T06:03:50","guid":{"rendered":"https:\/\/noticiasya.com\/2026\/04\/28\/corte-suprema-estados-unidos-vida-haiti-trax\/"},"modified":"2026-04-28T23:03:50","modified_gmt":"2026-04-29T06:03:50","slug":"corte-suprema-estados-unidos-vida-haiti-trax","status":"publish","type":"post","link":"https:\/\/noticiasya.com\/san-diego\/2026\/04\/28\/corte-suprema-estados-unidos-vida-haiti-trax\/","title":{"rendered":"La Corte Suprema de Estados Unidos podr\u00eda cortar pronto una l\u00ednea de vida para Hait\u00ed"},"content":{"rendered":"<p>Ysmael ya est\u00e1 sintiendo el impacto del aumento de precios en Hait\u00ed. \u201cTodo ha subido\u201d, dice en un video del Programa Mundial de Alimentos, desde el precio de un billete de autob\u00fas hasta el costo de la cena, todo debido al alza de los precios del combustible relacionada con la guerra de Ir\u00e1n.<\/p>\n<p>Pero quienes lograron abandonar la naci\u00f3n empobrecida y asolada por la violencia, y rehacer sus vidas en Estados Unidos, est\u00e1n ayudando a sus compatriotas a salir adelante.<\/p>\n<p> Ese dinero ha sido un salvavidas para muchos en uno de los pa\u00edses m\u00e1s dependientes de las remesas del mundo.<\/p>\n<p>Eso podr\u00eda paralizarse por completo si la Corte Suprema de Estados Unidos permite que la administraci\u00f3n Trump ponga fin al Estatus de Protecci\u00f3n Temporal (TPS, por sus siglas en ingl\u00e9s) para m\u00e1s de 350.000 haitianos, un estatus que les permite vivir y trabajar legalmente en Estados Unidos.<\/p>\n<p>En febrero, la Corte Suprema de Estados Unidos <a href=\"https:\/\/www.cnn.com\/2026\/02\/02\/politics\/tps-haitians-trump-termination-blocked\">suspendi\u00f3<\/a> la cancelaci\u00f3n por parte del Gobierno del TPS, un estatus inmigratorio otorgado a personas de ciertos pa\u00edses cuyas condiciones impiden temporalmente que sus nacionales regresen de forma segura.<\/p>\n<p>El mi\u00e9rcoles, el tribunal comenzar\u00e1 a escuchar los argumentos orales despu\u00e9s de que la administraci\u00f3n Trump apelara la decisi\u00f3n.<\/p>\n<p>Antes de la prevista finalizaci\u00f3n a principios de este a\u00f1o, el Departamento de Seguridad Nacional declar\u00f3 que el programa para Hait\u00ed \u201cnunca tuvo la intenci\u00f3n de ser un programa de asilo de facto, sin embargo, as\u00ed es como las administraciones anteriores lo han utilizado durante d\u00e9cadas\u201d.<\/p>\n<p>Si el Tribunal Supremo falla a favor del Gobierno, abriendo la puerta a la deportaci\u00f3n de cientos de miles de haitianos, \u201cser\u00eda como si te quitaran el suelo bajo los pies\u201d, afirma Amy Fischer, directora de Derechos de Refugiados y Migrantes de Amnist\u00eda Internacional Estados Unidos.<\/p>\n<p>\u201cSabemos que, sencillamente, no es posible deportar a la gente a Hait\u00ed de forma segura\u201d, afirma Fischer.<\/p>\n<p>Los ataques de pandillas siguen sacudiendo al pa\u00eds, con una serie de asaltos mortales en <a href=\"https:\/\/www.cnn.com\/2026\/03\/30\/americas\/haiti-gang-attack-violence-intl-latam\">la regi\u00f3n de Artibonite,<\/a> Hait\u00ed, el mes pasado. Decenas de personas murieron y miles huyeron de sus hogares, lo que agrava a\u00fan m\u00e1s la crisis de desplazamiento que ya azota al pa\u00eds.<\/p>\n<p>A principios de este mes, un ataque armado contra una comisar\u00eda de polic\u00eda en la comuna de Marigot, en el sur del pa\u00eds, dej\u00f3 al menos seis muertos, seg\u00fan la polic\u00eda.<\/p>\n<p>Organizaciones haitianas defensoras de los derechos humanos, como Defenders Plus, afirman que la violencia est\u00e1 llegando incluso a zonas que antes se consideraban \u201cremansos de paz\u201d.<\/p>\n<p>Grupos armados que bloquean carreteras y rutas de suministro clave han hecho que, en algunos casos, el acceso a productos de primera necesidad sea pr\u00e1cticamente imposible.<\/p>\n<p>Seg\u00fan Rachelle Arnoux, directora interina de CARE en Hait\u00ed, las comunidades siguen enfrent\u00e1ndose a diario a dificultades para acceder a alimentos, agua y servicios b\u00e1sicos debido a la inseguridad generalizada.<\/p>\n<p>Jerome Fritsch, m\u00e9dico del hospital de M\u00e9dicos Sin Fronteras en Cit\u00e9 Soleil, afirma que la violencia de las pandillas impide que la gente reciba la atenci\u00f3n m\u00e9dica que tanto necesita.<\/p>\n<p>Hace dos fines de semana, seg\u00fan cuenta, se produjeron enfrentamientos entre grupos armados rivales, en un recrudecimiento de la violencia que, seg\u00fan su equipo, es el peor que han visto en la zona en dos a\u00f1os.<\/p>\n<p>La violencia se prolong\u00f3 hasta el mi\u00e9rcoles pasado, pero el equipo se mantiene alerta. Est\u00e1n preparados para buscar refugio si es necesario y alejar a los pacientes de las ventanas donde podr\u00edan estar expuestos.<\/p>\n<p>\u201cNo tenemos ni idea de si ma\u00f1ana volver\u00e1 a empezar\u201d, declara.<\/p>\n<p>Y luego est\u00e1 la inseguridad alimentaria, que ha alcanzado niveles alarmantes para millones de haitianos.<\/p>\n<p>Seg\u00fan una proyecci\u00f3n reciente de la Clasificaci\u00f3n Integrada de la Seguridad Alimentaria (<a href=\"https:\/\/www.ipcinfo.org\/ipc-country-analysis\/details-map\/en\/c\/1162842\/?iso3=HTI\">IPC, por sus siglas en ingl\u00e9s)<\/a> para el per\u00edodo de marzo a junio de 2026, el 52 % de la poblaci\u00f3n sufre altos niveles de inseguridad alimentaria aguda.<\/p>\n<p>Las recientes inundaciones catastr\u00f3ficas en Hait\u00ed no han hecho sino agravar las crisis que azotan al pa\u00eds.<\/p>\n<p>La oficina humanitaria de las Naciones Unidas inform\u00f3 este mes que las lluvias provocaron graves inundaciones en el departamento Noroeste, causando la muerte de al menos 12 personas, inundando m\u00e1s de 1.000 viviendas, desplazando a la poblaci\u00f3n y ocasionando p\u00e9rdidas agr\u00edcolas y de medios de subsistencia.<\/p>\n<p>\u201cLa deportaci\u00f3n no es una opci\u00f3n en este momento\u201d, indic\u00f3 Guerline Jozef, directora de The Haitian Bridge Alliance, un grupo de defensa que se centra en los problemas migratorios que enfrentan los inmigrantes negros.<\/p>\n<p>Si a los beneficiarios del Estatus de Protecci\u00f3n Temporal (TPS) se les retira su estatus y son deportados, las consecuencias podr\u00edan ser catastr\u00f3ficas, advierten organizaciones de derechos humanos.<\/p>\n<p>Miles de beneficiarios del TPS corren el riesgo de perder la vida que construyeron en Estados Unidos, mientras que millones de haitianos en su pa\u00eds podr\u00edan ver sus vidas trastocadas, sumi\u00e9ndose a\u00fan m\u00e1s en la pobreza extrema, el hambre y el desplazamiento.<\/p>\n<p>\u201cSi cortamos los v\u00ednculos que permiten a los haitianos en Estados Unidos enviar ese dinero, solo podemos predecir que obligar\u00e1 a m\u00e1s personas a abandonar Hait\u00ed en busca de seguridad y estabilidad\u201d, advierte Fischer.<\/p>\n<p>Aproximadamente 750.000 hogares en Hait\u00ed reciben remesas de haitianos residentes en Estados Unidos, seg\u00fan Manuel Orozco, director del Programa de Migraci\u00f3n, Remesas y Desarrollo del Di\u00e1logo Interamericano.<\/p>\n<p>Alrededor del 40 % de esos remitentes en Estados Unidos probablemente est\u00e9n acogidos al Estatus de Protecci\u00f3n Temporal (TPS), afirma.<\/p>\n<p>Para algunas personas, es su \u00fanico ingreso y la \u00fanica forma de costearse la comida y los medicamentos.<\/p>\n<p>Seg\u00fan el Di\u00e1logo Interamericano, las transferencias de los migrantes haitianos pasaron del 12 % del PIB del pa\u00eds en 2012 a m\u00e1s de una cuarta parte en 2022.<\/p>\n<p><a href=\"https:\/\/thedialogue.org\/blogs\/2022\/12\/do-remittances-have-a-dark-side-in-haiti#:~:text=In%20the%20last%2010%20years,mitigate%20the%20incidence%20of%20poverty.\">Seg\u00fan el centro de estudios, las remesas<\/a> son la principal fuente de divisas de Hait\u00ed, y estos fondos \u201cayudan principalmente a mantener el consumo privado, pagar las matr\u00edculas escolares y la atenci\u00f3n m\u00e9dica, y por lo tanto, terminan mejorando los resultados del desarrollo humano del pa\u00eds y mitigando la incidencia de la pobreza\u201d.<\/p>\n<p>En una sesi\u00f3n del Consejo de Seguridad de la ONU sobre Hait\u00ed este mes, los l\u00edderes reconocieron algunos avances en la situaci\u00f3n de seguridad, aunque insuficientes.<\/p>\n<p>Existe una nueva fuerza multinacional, conocida como <a href=\"https:\/\/www.cnn.com\/2026\/03\/24\/americas\/haiti-gang-violence-gsf-un-mission-intl-latam\">Fuerza de Represi\u00f3n de Pandillas<\/a>, con respaldo de Estados Unidos, cuyo objetivo es estabilizar Hait\u00ed y, en \u00faltima instancia, lograr que el pa\u00eds funcione sin la presencia de la fuerza extranjera.<\/p>\n<p>Pero gastar dinero en una fuerza internacional al tiempo que se abre la puerta a deportaciones masivas de beneficiarios del TPS de vuelta al pa\u00eds, si as\u00ed lo dictamina el tribunal, podr\u00eda ser contraproducente para ese objetivo.<\/p>\n<p>Seg\u00fan los expertos, las deportaciones masivas supondr\u00e1n una carga adicional para los recursos, las instalaciones y la infraestructura del pa\u00eds, que ya se encuentran al l\u00edmite, y no har\u00e1n sino aumentar el n\u00famero de personas que luchan por llegar a fin de mes.<\/p>\n<p>The-CNN-Wire<br \/>&trade; &amp; &copy; 2026 Cable News Network, Inc., a Warner Bros. Discovery Company. All rights reserved.<\/p>\n","protected":false},"excerpt":{"rendered":"<p>Ysmael ya est\u00e1 sintiendo el impacto del aumento de precios en Hait\u00ed. \u201cTodo ha subido\u201d, dice en un video del Programa Mundial de Alimentos, desde el precio de un billete de autob\u00fas hasta el costo de la cena, todo debido al alza de los precios del combustible relacionada con la guerra de Ir\u00e1n. Pero quienes [&hellip;]<\/p>\n","protected":false},"author":0,"featured_media":0,"comment_status":"open","ping_status":"open","sticky":false,"template":"","format":"standard","meta":{"_jetpack_memberships_contains_paid_content":false,"footnotes":""},"categories":[10],"tags":[],"class_list":["post-1473621","post","type-post","status-publish","format-standard","hentry","category-noticias-nacionales","market-global"],"yoast_head":"<!-- This site is optimized with the Yoast SEO plugin v24.4 - https:\/\/yoast.com\/wordpress\/plugins\/seo\/ -->\n<title>La Corte Suprema de Estados Unidos podr\u00eda cortar pronto una l\u00ednea de vida para Hait\u00ed - Noticias<\/title>\n<meta name=\"robots\" content=\"index, follow, max-snippet:-1, max-image-preview:large, max-video-preview:-1\" \/>\n<link rel=\"canonical\" href=\"https:\/\/noticiasya.com\/2026\/04\/28\/corte-suprema-estados-unidos-vida-haiti-trax\/\" \/>\n<meta property=\"og:locale\" content=\"es_ES\" \/>\n<meta property=\"og:type\" content=\"article\" \/>\n<meta property=\"og:title\" content=\"La Corte Suprema de Estados Unidos podr\u00eda cortar pronto una l\u00ednea de vida para Hait\u00ed - Noticias\" \/>\n<meta property=\"og:description\" content=\"Ysmael ya est\u00e1 sintiendo el impacto del aumento de precios en Hait\u00ed. \u201cTodo ha subido\u201d, dice en un video del Programa Mundial de Alimentos, desde el precio de un billete de autob\u00fas hasta el costo de la cena, todo debido al alza de los precios del combustible relacionada con la guerra de Ir\u00e1n. Pero quienes [&hellip;]\" \/>\n<meta property=\"og:url\" content=\"https:\/\/noticiasya.com\/2026\/04\/28\/corte-suprema-estados-unidos-vida-haiti-trax\/\" \/>\n<meta property=\"og:site_name\" content=\"Noticias\" \/>\n<meta property=\"article:published_time\" content=\"2026-04-29T06:03:50+00:00\" \/>\n<meta name=\"twitter:card\" content=\"summary_large_image\" \/>\n<meta name=\"twitter:label1\" content=\"Est. reading time\" \/>\n\t<meta name=\"twitter:data1\" content=\"6 minutos\" \/>\n<script type=\"application\/ld+json\" class=\"yoast-schema-graph\">{\"@context\":\"https:\/\/schema.org\",\"@graph\":[{\"@type\":\"Article\",\"@id\":\"https:\/\/noticiasya.com\/2026\/04\/28\/corte-suprema-estados-unidos-vida-haiti-trax\/#article\",\"isPartOf\":{\"@id\":\"https:\/\/noticiasya.com\/2026\/04\/28\/corte-suprema-estados-unidos-vida-haiti-trax\/\"},\"author\":{\"name\":\"\",\"@id\":\"\"},\"headline\":\"La Corte Suprema de Estados Unidos podr\u00eda cortar pronto una l\u00ednea de vida para Hait\u00ed\",\"datePublished\":\"2026-04-29T06:03:50+00:00\",\"mainEntityOfPage\":{\"@id\":\"https:\/\/noticiasya.com\/2026\/04\/28\/corte-suprema-estados-unidos-vida-haiti-trax\/\"},\"wordCount\":1249,\"commentCount\":0,\"publisher\":{\"@id\":\"https:\/\/noticiasya.com\/#organization\"},\"articleSection\":[\"Noticias Nacionales\"],\"inLanguage\":\"es\",\"potentialAction\":[{\"@type\":\"CommentAction\",\"name\":\"Comment\",\"target\":[\"https:\/\/noticiasya.com\/2026\/04\/28\/corte-suprema-estados-unidos-vida-haiti-trax\/#respond\"]}]},{\"@type\":\"WebPage\",\"@id\":\"https:\/\/noticiasya.com\/2026\/04\/28\/corte-suprema-estados-unidos-vida-haiti-trax\/\",\"url\":\"https:\/\/noticiasya.com\/2026\/04\/28\/corte-suprema-estados-unidos-vida-haiti-trax\/\",\"name\":\"La Corte Suprema de Estados Unidos podr\u00eda cortar pronto una l\u00ednea de vida para Hait\u00ed - Noticias\",\"isPartOf\":{\"@id\":\"https:\/\/noticiasya.com\/#website\"},\"datePublished\":\"2026-04-29T06:03:50+00:00\",\"breadcrumb\":{\"@id\":\"https:\/\/noticiasya.com\/2026\/04\/28\/corte-suprema-estados-unidos-vida-haiti-trax\/#breadcrumb\"},\"inLanguage\":\"es\",\"potentialAction\":[{\"@type\":\"ReadAction\",\"target\":[\"https:\/\/noticiasya.com\/2026\/04\/28\/corte-suprema-estados-unidos-vida-haiti-trax\/\"]}]},{\"@type\":\"BreadcrumbList\",\"@id\":\"https:\/\/noticiasya.com\/2026\/04\/28\/corte-suprema-estados-unidos-vida-haiti-trax\/#breadcrumb\",\"itemListElement\":[{\"@type\":\"ListItem\",\"position\":1,\"name\":\"Home\",\"item\":\"https:\/\/noticiasya.com\/\"},{\"@type\":\"ListItem\",\"position\":2,\"name\":\"La Corte Suprema de Estados Unidos podr\u00eda cortar pronto una l\u00ednea de vida para Hait\u00ed\"}]},{\"@type\":\"WebSite\",\"@id\":\"https:\/\/noticiasya.com\/#website\",\"url\":\"https:\/\/noticiasya.com\/\",\"name\":\"Noticias\",\"description\":\"Lo que importa\",\"publisher\":{\"@id\":\"https:\/\/noticiasya.com\/#organization\"},\"potentialAction\":[{\"@type\":\"SearchAction\",\"target\":{\"@type\":\"EntryPoint\",\"urlTemplate\":\"https:\/\/noticiasya.com\/?s={search_term_string}\"},\"query-input\":{\"@type\":\"PropertyValueSpecification\",\"valueRequired\":true,\"valueName\":\"search_term_string\"}}],\"inLanguage\":\"es\"},{\"@type\":\"Organization\",\"@id\":\"https:\/\/noticiasya.com\/#organization\",\"name\":\"Noticias\",\"url\":\"https:\/\/noticiasya.com\/\",\"logo\":{\"@type\":\"ImageObject\",\"inLanguage\":\"es\",\"@id\":\"https:\/\/noticiasya.com\/#\/schema\/logo\/image\/\",\"url\":\"https:\/\/noticiasya.com\/wp-content\/uploads\/sites\/22\/2023\/12\/logo-nacional.png\",\"contentUrl\":\"https:\/\/noticiasya.com\/wp-content\/uploads\/sites\/22\/2023\/12\/logo-nacional.png\",\"width\":1801,\"height\":691,\"caption\":\"Noticias\"},\"image\":{\"@id\":\"https:\/\/noticiasya.com\/#\/schema\/logo\/image\/\"}}]}<\/script>\n<!-- \/ Yoast SEO plugin. -->","yoast_head_json":{"title":"La Corte Suprema de Estados Unidos podr\u00eda cortar pronto una l\u00ednea de vida para Hait\u00ed - Noticias","robots":{"index":"index","follow":"follow","max-snippet":"max-snippet:-1","max-image-preview":"max-image-preview:large","max-video-preview":"max-video-preview:-1"},"canonical":"https:\/\/noticiasya.com\/2026\/04\/28\/corte-suprema-estados-unidos-vida-haiti-trax\/","og_locale":"es_ES","og_type":"article","og_title":"La Corte Suprema de Estados Unidos podr\u00eda cortar pronto una l\u00ednea de vida para Hait\u00ed - Noticias","og_description":"Ysmael ya est\u00e1 sintiendo el impacto del aumento de precios en Hait\u00ed. \u201cTodo ha subido\u201d, dice en un video del Programa Mundial de Alimentos, desde el precio de un billete de autob\u00fas hasta el costo de la cena, todo debido al alza de los precios del combustible relacionada con la guerra de Ir\u00e1n. Pero quienes [&hellip;]","og_url":"https:\/\/noticiasya.com\/2026\/04\/28\/corte-suprema-estados-unidos-vida-haiti-trax\/","og_site_name":"Noticias","article_published_time":"2026-04-29T06:03:50+00:00","twitter_card":"summary_large_image","twitter_misc":{"Est. reading time":"6 minutos"},"schema":{"@context":"https:\/\/schema.org","@graph":[{"@type":"Article","@id":"https:\/\/noticiasya.com\/2026\/04\/28\/corte-suprema-estados-unidos-vida-haiti-trax\/#article","isPartOf":{"@id":"https:\/\/noticiasya.com\/2026\/04\/28\/corte-suprema-estados-unidos-vida-haiti-trax\/"},"author":{"name":"","@id":""},"headline":"La Corte Suprema de Estados Unidos podr\u00eda cortar pronto una l\u00ednea de vida para Hait\u00ed","datePublished":"2026-04-29T06:03:50+00:00","mainEntityOfPage":{"@id":"https:\/\/noticiasya.com\/2026\/04\/28\/corte-suprema-estados-unidos-vida-haiti-trax\/"},"wordCount":1249,"commentCount":0,"publisher":{"@id":"https:\/\/noticiasya.com\/#organization"},"articleSection":["Noticias Nacionales"],"inLanguage":"es","potentialAction":[{"@type":"CommentAction","name":"Comment","target":["https:\/\/noticiasya.com\/2026\/04\/28\/corte-suprema-estados-unidos-vida-haiti-trax\/#respond"]}]},{"@type":"WebPage","@id":"https:\/\/noticiasya.com\/2026\/04\/28\/corte-suprema-estados-unidos-vida-haiti-trax\/","url":"https:\/\/noticiasya.com\/2026\/04\/28\/corte-suprema-estados-unidos-vida-haiti-trax\/","name":"La Corte Suprema de Estados Unidos podr\u00eda cortar pronto una l\u00ednea de vida para Hait\u00ed - Noticias","isPartOf":{"@id":"https:\/\/noticiasya.com\/#website"},"datePublished":"2026-04-29T06:03:50+00:00","breadcrumb":{"@id":"https:\/\/noticiasya.com\/2026\/04\/28\/corte-suprema-estados-unidos-vida-haiti-trax\/#breadcrumb"},"inLanguage":"es","potentialAction":[{"@type":"ReadAction","target":["https:\/\/noticiasya.com\/2026\/04\/28\/corte-suprema-estados-unidos-vida-haiti-trax\/"]}]},{"@type":"BreadcrumbList","@id":"https:\/\/noticiasya.com\/2026\/04\/28\/corte-suprema-estados-unidos-vida-haiti-trax\/#breadcrumb","itemListElement":[{"@type":"ListItem","position":1,"name":"Home","item":"https:\/\/noticiasya.com\/"},{"@type":"ListItem","position":2,"name":"La Corte Suprema de Estados Unidos podr\u00eda cortar pronto una l\u00ednea de vida para Hait\u00ed"}]},{"@type":"WebSite","@id":"https:\/\/noticiasya.com\/#website","url":"https:\/\/noticiasya.com\/","name":"Noticias","description":"Lo que importa","publisher":{"@id":"https:\/\/noticiasya.com\/#organization"},"potentialAction":[{"@type":"SearchAction","target":{"@type":"EntryPoint","urlTemplate":"https:\/\/noticiasya.com\/?s={search_term_string}"},"query-input":{"@type":"PropertyValueSpecification","valueRequired":true,"valueName":"search_term_string"}}],"inLanguage":"es"},{"@type":"Organization","@id":"https:\/\/noticiasya.com\/#organization","name":"Noticias","url":"https:\/\/noticiasya.com\/","logo":{"@type":"ImageObject","inLanguage":"es","@id":"https:\/\/noticiasya.com\/#\/schema\/logo\/image\/","url":"https:\/\/noticiasya.com\/wp-content\/uploads\/sites\/22\/2023\/12\/logo-nacional.png","contentUrl":"https:\/\/noticiasya.com\/wp-content\/uploads\/sites\/22\/2023\/12\/logo-nacional.png","width":1801,"height":691,"caption":"Noticias"},"image":{"@id":"https:\/\/noticiasya.com\/#\/schema\/logo\/image\/"}}]}},"parsely":{"version":"1.1.0","canonical_url":"https:\/\/noticiasya.com\/san-diego\/2026\/04\/28\/corte-suprema-estados-unidos-vida-haiti-trax\/","smart_links":{"inbound":0,"outbound":0},"traffic_boost_suggestions_count":0,"meta":{"@context":"https:\/\/schema.org","@type":"NewsArticle","headline":"La Corte Suprema de Estados Unidos podr\u00eda cortar pronto una l\u00ednea de vida para Hait\u00ed","url":"http:\/\/noticiasya.com\/san-diego\/2026\/04\/28\/corte-suprema-estados-unidos-vida-haiti-trax\/","mainEntityOfPage":{"@type":"WebPage","@id":"http:\/\/noticiasya.com\/san-diego\/2026\/04\/28\/corte-suprema-estados-unidos-vida-haiti-trax\/"},"thumbnailUrl":"","image":{"@type":"ImageObject","url":""},"articleSection":"Noticias Nacionales","author":[],"creator":[],"publisher":{"@type":"Organization","name":"Noticias","logo":""},"keywords":[],"dateCreated":"2026-04-29T06:03:50Z","datePublished":"2026-04-29T06:03:50Z","dateModified":"2026-04-29T06:03:50Z"},"rendered":"<script type=\"application\/ld+json\" class=\"wp-parsely-metadata\">{\"@context\":\"https:\\\/\\\/schema.org\",\"@type\":\"NewsArticle\",\"headline\":\"La Corte Suprema de Estados Unidos podr\\u00eda cortar pronto una l\\u00ednea de vida para Hait\\u00ed\",\"url\":\"http:\\\/\\\/noticiasya.com\\\/san-diego\\\/2026\\\/04\\\/28\\\/corte-suprema-estados-unidos-vida-haiti-trax\\\/\",\"mainEntityOfPage\":{\"@type\":\"WebPage\",\"@id\":\"http:\\\/\\\/noticiasya.com\\\/san-diego\\\/2026\\\/04\\\/28\\\/corte-suprema-estados-unidos-vida-haiti-trax\\\/\"},\"thumbnailUrl\":\"\",\"image\":{\"@type\":\"ImageObject\",\"url\":\"\"},\"articleSection\":\"Noticias Nacionales\",\"author\":[],\"creator\":[],\"publisher\":{\"@type\":\"Organization\",\"name\":\"Noticias\",\"logo\":\"\"},\"keywords\":[],\"dateCreated\":\"2026-04-29T06:03:50Z\",\"datePublished\":\"2026-04-29T06:03:50Z\",\"dateModified\":\"2026-04-29T06:03:50Z\"}<\/script>","tracker_url":"https:\/\/cdn.parsely.com\/keys\/noticiasya.com\/p.js"},"jetpack_featured_media_url":"","jetpack-related-posts":[{"id":1472252,"url":"https:\/\/noticiasya.com\/san-diego\/2026\/03\/16\/corte-suprema-revisara-tps-migrantes-haiti-siria-trax\/","url_meta":{"origin":1473621,"position":0},"title":"La Corte Suprema revisar\u00e1 el intento de Trump de acabar el TPS para inmigrantes de Hait\u00ed y Siria","author":"","date":"marzo 16, 2026","format":false,"excerpt":"La Corte Suprema anunci\u00f3 este lunes que decidir\u00e1 si el presidente Donald Trump puede terminar las protecciones temporales contra la deportaci\u00f3n para cientos de miles de ciudadanos extranjeros, y acept\u00f3 escuchar argumentos el pr\u00f3ximo mes sobre un asunto que ha sido central en la agenda migratoria del Gobierno.La decisi\u00f3n se\u2026","rel":"","context":"In &quot;Noticias Nacionales&quot;","block_context":{"text":"Noticias Nacionales","link":"https:\/\/noticiasya.com\/san-diego\/categoria\/noticias-nacionales"},"img":{"alt_text":"","src":"","width":0,"height":0},"classes":[]},{"id":1471499,"url":"https:\/\/noticiasya.com\/san-diego\/2026\/02\/20\/fallo-corte-suprema-aranceles-trump-precios-trax\/","url_meta":{"origin":1473621,"position":1},"title":"\u00bfQu\u00e9 significa el fallo de la Corte Suprema sobre los aranceles para los precios que pagas?","author":"","date":"febrero 20, 2026","format":false,"excerpt":"Ahora que la Corte Suprema de Estados Unidos ha retirado una parte significativa de la autoridad del presidente Donald Trump para imponer aranceles, \u00bfqu\u00e9 significa eso para los precios que pagas?\u201cNada\u201d, afirma Stephanie Roth, economista jefe de Wolfe Research.Eso se debe a que Trump tiene otras herramientas arancelarias a su\u2026","rel":"","context":"In &quot;Noticias Nacionales&quot;","block_context":{"text":"Noticias Nacionales","link":"https:\/\/noticiasya.com\/san-diego\/categoria\/noticias-nacionales"},"img":{"alt_text":"","src":"","width":0,"height":0},"classes":[]},{"id":1463490,"url":"https:\/\/noticiasya.com\/san-diego\/2025\/06\/12\/fin-parole-migrantes-cuba-venezuela-haiti-nicaragua-trax\/","url_meta":{"origin":1473621,"position":2},"title":"Exclusivo: Gobierno de Trump notificar\u00e1 a migrantes de Cuba, Hait\u00ed, Nicaragua y Venezuela que su estatus legal fue cancelado","author":"","date":"junio 12, 2025","format":false,"excerpt":"El Departamento de Seguridad Nacional (DHS, en ingl\u00e9s) notificar\u00e1 el jueves a cientos de miles de migrantes que su permiso para vivir y trabajar en Estados Unidos ha sido revocado y que deben abandonar el pa\u00eds, seg\u00fan una copia del aviso obtenida por CNN.El aviso de cancelaci\u00f3n estar\u00e1 dirigido a\u2026","rel":"","context":"In &quot;Noticias Nacionales&quot;","block_context":{"text":"Noticias Nacionales","link":"https:\/\/noticiasya.com\/san-diego\/categoria\/noticias-nacionales"},"img":{"alt_text":"","src":"","width":0,"height":0},"classes":[]},{"id":1471556,"url":"https:\/\/noticiasya.com\/san-diego\/2026\/02\/23\/corte-suprema-trump-escape-aranceles-trax\/","url_meta":{"origin":1473621,"position":3},"title":"La Corte Suprema acaba de darle a Trump una v\u00eda de escape para los aranceles, pero \u00e9l no la va a aprovechar","author":"","date":"febrero 23, 2026","format":false,"excerpt":"La implementaci\u00f3n de aranceles sin precedentes por parte del presidente Donald Trump ha inyectado una enorme incertidumbre en la econom\u00eda global, ha afectado el crecimiento del empleo en Estados Unidos y ha aumentado los precios, de paso.El viernes, la Corte Suprema le dio a Trump una v\u00eda de escape de\u2026","rel":"","context":"In &quot;Noticias Nacionales&quot;","block_context":{"text":"Noticias Nacionales","link":"https:\/\/noticiasya.com\/san-diego\/categoria\/noticias-nacionales"},"img":{"alt_text":"","src":"","width":0,"height":0},"classes":[]},{"id":1462134,"url":"https:\/\/noticiasya.com\/san-diego\/2025\/05\/08\/gobierno-trump-corte-suprema-poner-fin-parole-cubanos-venezolanos-haitianos-nicaraguenses-trax\/","url_meta":{"origin":1473621,"position":4},"title":"Gobierno de Trump pide a la Corte Suprema que le permita poner fin al &#8216;parole&#8217; para cubanos, venezolanos y haitianos","author":"","date":"mayo 8, 2025","format":false,"excerpt":"El Gobierno del presidente de Estados Unidos, Donald Trump, inst\u00f3 este jueves a la Corte Suprema a que le permita poner fin a un programa de permanencia temporal (tambi\u00e9n cnocido como \u2018parole\u2019) del Gobierno de Joe Biden que permite a ciudadanos de Cuba, Hait\u00ed, Nicaragua y Venezuela vivir y trabajar\u2026","rel":"","context":"In &quot;Noticias Nacionales&quot;","block_context":{"text":"Noticias Nacionales","link":"https:\/\/noticiasya.com\/san-diego\/categoria\/noticias-nacionales"},"img":{"alt_text":"","src":"","width":0,"height":0},"classes":[]},{"id":1462266,"url":"https:\/\/noticiasya.com\/san-diego\/2025\/05\/13\/madres-embarazadas-cortes-supremas-derecho-de-nacimiento-ciudadania-trax\/","url_meta":{"origin":1473621,"position":5},"title":"Estas madres embarazadas observan con temor los argumentos de la Corte Suprema sobre la ciudadan\u00eda por nacimiento","author":"","date":"mayo 13, 2025","format":false,"excerpt":"M\u00f3nica se embaraz\u00f3 el a\u00f1o pasado, casi al mismo tiempo que el presidente Donald Trump fue elegido para un segundo mandato. Y fue entonces cuando comenz\u00f3 su carrera contra el calendario.La ciudadana venezolana, quien se encuentra legalmente en Estados Unidos, pero con estatus migratorio temporal, teme que la medida, prometida\u2026","rel":"","context":"In &quot;Noticias Nacionales&quot;","block_context":{"text":"Noticias Nacionales","link":"https:\/\/noticiasya.com\/san-diego\/categoria\/noticias-nacionales"},"img":{"alt_text":"","src":"","width":0,"height":0},"classes":[]}],"jetpack_sharing_enabled":true,"_links":{"self":[{"href":"https:\/\/noticiasya.com\/san-diego\/wp-json\/wp\/v2\/posts\/1473621","targetHints":{"allow":["GET"]}}],"collection":[{"href":"https:\/\/noticiasya.com\/san-diego\/wp-json\/wp\/v2\/posts"}],"about":[{"href":"https:\/\/noticiasya.com\/san-diego\/wp-json\/wp\/v2\/types\/post"}],"replies":[{"embeddable":true,"href":"https:\/\/noticiasya.com\/san-diego\/wp-json\/wp\/v2\/comments?post=1473621"}],"version-history":[{"count":0,"href":"https:\/\/noticiasya.com\/san-diego\/wp-json\/wp\/v2\/posts\/1473621\/revisions"}],"wp:attachment":[{"href":"https:\/\/noticiasya.com\/san-diego\/wp-json\/wp\/v2\/media?parent=1473621"}],"wp:term":[{"taxonomy":"category","embeddable":true,"href":"https:\/\/noticiasya.com\/san-diego\/wp-json\/wp\/v2\/categories?post=1473621"},{"taxonomy":"post_tag","embeddable":true,"href":"https:\/\/noticiasya.com\/san-diego\/wp-json\/wp\/v2\/tags?post=1473621"}],"curies":[{"name":"wp","href":"https:\/\/api.w.org\/{rel}","templated":true}]}}