{"id":1473622,"date":"2026-04-29T02:03:41","date_gmt":"2026-04-29T09:03:41","guid":{"rendered":"https:\/\/noticiasya.com\/2026\/04\/29\/influira-retorica-antiinmigrante-trump-corte-suprema-trax\/"},"modified":"2026-04-29T02:03:41","modified_gmt":"2026-04-29T09:03:41","slug":"influira-retorica-antiinmigrante-trump-corte-suprema-trax","status":"publish","type":"post","link":"https:\/\/noticiasya.com\/san-diego\/2026\/04\/29\/influira-retorica-antiinmigrante-trump-corte-suprema-trax\/","title":{"rendered":"\u00bfInfluir\u00e1 la ret\u00f3rica antiinmigrante de Trump en la decisi\u00f3n de la Corte Suprema de Justicia de EE.UU.?"},"content":{"rendered":"<p>Hace ocho a\u00f1os, en la primera batalla importante en la Corte Suprema de Justicia de EE.UU. sobre una pol\u00edtica de Donald Trump, los magistrados desestimaron la ret\u00f3rica antimusulmana del presidente y confirmaron la prohibici\u00f3n de viaje a pa\u00edses de mayor\u00eda musulmana.<\/p>\n<p>Ahora, los abogados de Trump invocan esta decisi\u00f3n judicial para instar a los magistrados a ignorar sus comentarios despectivos sobre los haitianos y a respaldar su plan de deportar a ciertos inmigrantes a quienes se les hab\u00eda otorgado previamente el \u201cestatus de protecci\u00f3n temporal\u201d en Estados Unidos debido a la inestabilidad en su pa\u00eds de origen.<\/p>\n<p>En el <a href=\"https:\/\/www.supremecourt.gov\/opinions\/17pdf\/17-965_h315.pdf\">caso de la prohibici\u00f3n de viaje<\/a> el presidente us\u00f3 la estrategia de defenderla bas\u00e1ndose en un inter\u00e9s \u201cleg\u00edtimo\u201d de seguridad nacional, independientemente de si hab\u00eda estado motivada por animosidad.<\/p>\n<p>Esta decisi\u00f3n marc\u00f3 el inicio de la tendencia del tribunal a reforzar el poder de Trump. Fue tambi\u00e9n el primer caso importante en el que los magistrados conservadores adoptaron una postura que se ha vuelto miope ante las afirmaciones sesgadas del presidente.<\/p>\n<p>Antes de ordenar la prohibici\u00f3n, Trump hab\u00eda afirmado: \u201cEl islam nos odia\u201d, y prometi\u00f3 \u201cun cierre total y completo\u201d de la entrada de refugiados musulmanes.<\/p>\n<p>\u201cLa cuesti\u00f3n que nos ocupa hoy no es si debemos denunciar las declaraciones\u201d, coment\u00f3 el presidente del Tribunal Supremo, John Roberts, al leer extractos de su opini\u00f3n mayoritaria desde el estrado aquella dram\u00e1tica ma\u00f1ana de junio de 2018. \u201cSe trata, m\u00e1s bien, de la importancia de dichas declaraciones a la hora de revisar una directiva presidencial aparentemente neutral, que aborda el asunto dentro del marco de la autoridad presidencial\u201d.<\/p>\n<p>Los magistrados disidentes criticaron a la mayor\u00eda por \u201caceptar ciegamente\u2026 una pol\u00edtica discriminatoria motivada por la animosidad hacia un grupo desfavorecido, todo en nombre de una alegaci\u00f3n superficial de seguridad nacional\u201d.<\/p>\n<p>Quiz\u00e1s la decisi\u00f3n m\u00e1s significativa de Trump hasta la fecha, relativa a su inmunidad frente a un proceso penal por actos oficiales, abord\u00f3 directamente los motivos del presidente y los convirti\u00f3 en un tema tab\u00fa.<\/p>\n<p>Ese caso de 2024 surgi\u00f3 de las acusaciones de subversi\u00f3n electoral presentadas por el Departamento de Justicia contra Trump. (El asunto nunca lleg\u00f3 a juicio, debido a la intervenci\u00f3n de la Corte Suprema).<\/p>\n<p>\u201cAl separar la conducta oficial de la no oficial\u201d, <a href=\"https:\/\/www.supremecourt.gov\/opinions\/23pdf\/23-939_e2pg.pdf\">afirm\u00f3 la mayor\u00eda de la Corte Suprema<\/a>, \u201clos tribunales no pueden indagar sobre los motivos del presidente\u201d.<\/p>\n<p>Los magistrados disidentes se quejaron: \u201cSeg\u00fan esa norma, cualquier uso del poder oficial para cualquier prop\u00f3sito, incluso el m\u00e1s corrupto, evidenciado por pruebas objetivas de los motivos e intenciones m\u00e1s corruptos, sigue siendo oficial e inmune\u201d.<\/p>\n<p>Una pregunta formulada por el juez Neil Gorsuch durante los argumentos orales del caso puso de relieve c\u00f3mo algunos magistrados sopesaron las acciones de Trump con el respeto que merece el cargo de presidente.<\/p>\n<p>\u201c\u00bfDebemos analizar los motivos, los motivos del presidente para sus acciones?\u201d, <a href=\"https:\/\/www.supremecourt.gov\/oral_arguments\/argument_transcripts\/2023\/23-939_3fb4.pdf\">pregunt\u00f3 Gorsuch,<\/a> y agreg\u00f3: \u201cNo me preocupa tanto este caso como los futuros\u2026 Estamos sentando un precedente hist\u00f3rico\u201d.<\/p>\n<p>La nueva disputa que se debatir\u00e1 el mi\u00e9rcoles deja al descubierto las motivaciones de Trump, espec\u00edficamente las relacionadas con su supuesta animosidad racial.<\/p>\n<p>Durante a\u00f1os, el presidente ha vilipendiado espec\u00edficamente a los haitianos.<\/p>\n<p>Trump describi\u00f3 a Hait\u00ed como un pa\u00eds \u201csucio\u2026 <a href=\"https:\/\/www.cnn.com\/2025\/12\/10\/politics\/donald-trump-shithole-countries-phrase\" rel=\"noopener noreferrer\" target=\"_blank\">un basurero<\/a> \u201d durante su primer mandato y, durante la campa\u00f1a de 2024, <a href=\"https:\/\/www.cnn.com\/2024\/09\/17\/politics\/haitian-immigrants-springfield-false-rumor-what-to-know\" rel=\"noopener noreferrer\" target=\"_blank\">afirm\u00f3 falsamente<\/a> que los haitianos en Springfield, Ohio, estaban \u201ccomi\u00e9ndose a los perros\u201d y \u201ccomi\u00e9ndose a los gatos\u201d.<\/p>\n<p>Los abogados del grupo de haitianos a quienes se les hab\u00eda otorgado previamente el \u201cestatus de protecci\u00f3n temporal\u201d sostienen en sus argumentos ante la Corte Suprema que dicha animosidad racial motiv\u00f3 la orden del Gobierno de 2025 de poner fin a su designaci\u00f3n como TPS.<\/p>\n<p>Esta impugnaci\u00f3n se basa en la igualdad de protecci\u00f3n constitucional, pero los beneficiarios haitianos del Estatus de Protecci\u00f3n Temporal (TPS) tambi\u00e9n han planteado argumentos procesales que podr\u00edan afectar el destino de los beneficiarios de diversos pa\u00edses.<\/p>\n<p>La controversia haitiana se ver\u00e1 el mi\u00e9rcoles junto con un caso similar presentado por beneficiarios sirios del TPS.<\/p>\n<p>Seg\u00fan la ley TPS, el secretario de seguridad nacional puede otorgar protecci\u00f3n temporal contra la deportaci\u00f3n a extranjeros que no pueden regresar a su pa\u00eds de origen debido a conflictos armados, desastres naturales u otras circunstancias extraordinarias.<\/p>\n<p>La ley impone diversos requisitos procesales para la decisi\u00f3n de poner fin a la protecci\u00f3n.<\/p>\n<p>Desde que regres\u00f3 al cargo, Trump ha acelerado su agenda antiinmigrante y su administraci\u00f3n ha intentado poner fin a la cobertura del TPS en m\u00e1s de una docena de pa\u00edses, incluidos Venezuela, Honduras y Somalia, lo que ha provocado numerosos recursos judiciales.<\/p>\n<p>Se estima que unos 350.000 haitianos residentes en Estados Unidos podr\u00edan verse afectados por la revocaci\u00f3n del TPS. El caso paralelo ante la Corte Suprema involucra a unos 6.000 ciudadanos sirios residentes en Estados Unidos.<\/p>\n<p>Los abogados del Departamento de Justicia argumentan que la cancelaci\u00f3n del TPS se bas\u00f3 en intereses de seguridad nacional y pol\u00edtica exterior.<\/p>\n<p>Refutan la alegaci\u00f3n haitiana de discriminaci\u00f3n racial, citando el caso Trump contra la prohibici\u00f3n de viajar a Hawai, en el que la mayor\u00eda desestim\u00f3 los argumentos de que los comentarios antimusulmanes de Trump revelaban un sesgo religioso inconstitucional.<\/p>\n<p>\u201cAll\u00ed, como aqu\u00ed, los demandantes invocaron declaraciones de campa\u00f1a externas y citas del Presidente durante su mandato como prueba de que la acci\u00f3n oficial estaba contaminada por una animosidad inconstitucional\u201d, manifest\u00f3 el procurador general de Estados Unidos, John Sauer, a los magistrados en un escrito presentado ante el tribunal.<\/p>\n<p>Tras se\u00f1alar que las declaraciones de Trump, cargadas de connotaciones pol\u00edticas, no lograron influir en los magistrados en 2018, Sauer a\u00f1adi\u00f3: \u201cEl Tribunal sostuvo que la proclamaci\u00f3n (de prohibici\u00f3n de viaje) era constitucional\u2026 All\u00ed, como aqu\u00ed, la acci\u00f3n ejecutiva era \u201caparentemente neutral\u201d y estaba relacionada con la \u201cseguridad nacional\u201d.<\/p>\n<p>Los abogados de los haitianos argumentan que la controversia actual difiere significativamente, ya que involucra a personas que se encuentran legalmente en Estados Unidos en este momento, a diferencia de los extranjeros en el caso Trump contra Hawai, que estaban fuera del pa\u00eds buscando ingresar.<\/p>\n<p>Tambi\u00e9n se\u00f1alan que, poco despu\u00e9s de su falsa afirmaci\u00f3n durante un debate presidencial de 2024 de que los haitianos con Estatus de Protecci\u00f3n Temporal (TPS) se estaban \u201ccomiendo\u201d las mascotas de los residentes, Trump prometi\u00f3 revocar el estatus TPS y devolver a los haitianos a su pa\u00eds de origen.<\/p>\n<p>La mayor\u00eda del Tribunal Supremo ha restado importancia a las declaraciones imprudentes de Trump a lo largo de los a\u00f1os. Pero ahora sus exabruptos est\u00e1n teniendo repercusiones muy directas.<\/p>\n<p>Desde la decisi\u00f3n de la Corte Suprema en febrero que anul\u00f3 sus aranceles de gran alcance a los productos extranjeros, Trump ha denunciado repetidamente a los magistrados.<\/p>\n<p>La semana pasada, continuando con su diatriba, arremeti\u00f3 contra la \u00fanica magistrada afroamericana, Ketanji Brown Jackson. La jueza m\u00e1s reciente fue nombrada por el presidente Joe Biden en 2022.<\/p>\n<p>\u201cLos jueces dem\u00f3cratas se mantienen unidos como una lapa, sin dejar de desviarse jam\u00e1s de las pol\u00edticas, ideas y casos retorcidos y perversos que se les presentan\u201d, escribi\u00f3 en Truth Social con una hip\u00e9rbole que se torn\u00f3 racista. \u201cSiempre votan en grupo, o BLOQUEAN, incluso a esa persona nueva, de bajo coeficiente intelectual, que de alguna manera lleg\u00f3 al tribunal (\u00a1el dormil\u00f3n de Joe!)\u201d.<\/p>\n<p>Jackson declin\u00f3 responder a una solicitud de CNN en relaci\u00f3n con el comentario de Trump.<\/p>\n<p>Trump ha intensificado sus ataques contra los jueces en todos los niveles del sistema judicial federal. Sus insultos contra los magistrados se han vuelto personales, como cuando dijo en febrero que los magistrados que votaron a favor de la mayor\u00eda en la disputa arancelaria eran una \u201c<a href=\"https:\/\/www.cnn.com\/2026\/02\/25\/politics\/supreme-court-ruling-trump-state-of-the-union\">verg\u00fcenza para sus familias<\/a>\u201d. (Los magistrados se han negado a responder p\u00fablicamente a ese comentario).<\/p>\n<p>El caso de Trump contra Hawai de 2018 se remonta a los primeros d\u00edas de Trump en el cargo, en enero de 2017, cuando comenz\u00f3 a imponer una serie de \u00f3rdenes que prohib\u00edan la entrada de ciudadanos de ciertos pa\u00edses de mayor\u00eda musulmana.<\/p>\n<p>Cuando la disputa lleg\u00f3 al Tribunal Supremo, con la tercera versi\u00f3n de la orden de prohibici\u00f3n de viaje, fue el caso m\u00e1s seguido de la sesi\u00f3n anual.<\/p>\n<p>Al anunciar el fallo desde el estrado el 26 de junio de 2018, Roberts rechaz\u00f3 los argumentos de que las declaraciones de Trump contra los musulmanes revelaban un sesgo religioso que violaba la Primera Enmienda.<\/p>\n<p>\u201cLa suspensi\u00f3n de la entrada que nos ocupa\u201d, <a href=\"https:\/\/www.oyez.org\/cases\/2017\/17-965\">sostuvo Roberts,<\/a> \u201ces una medida que podr\u00eda haber tomado cualquier otro presidente\u201d.<\/p>\n<p>En aquel momento, cont\u00f3 con el pleno apoyo de los otros cuatro magistrados conservadores del tribunal. Desde que Amy Coney Barrett, nombrada por Trump, sucedi\u00f3 a la liberal Ruth Bader Ginsburg en 2020, el tribunal se ha inclinado a\u00fan m\u00e1s hacia la derecha. (Cabe destacar, sin embargo, que Barrett tiene experiencia directa con Hait\u00ed. Dos de sus siete hijos fueron adoptados de ese pa\u00eds).<\/p>\n<p>En 2018, tras el anuncio de Roberts sobre su opini\u00f3n, la jueza Sonia Sotomayor ley\u00f3 en voz alta fragmentos de su voto particular, al que Ginsburg se sum\u00f3 \u00edntegramente. Repiti\u00f3 algunas de las declaraciones m\u00e1s pol\u00e9micas de Trump, como \u201cEl islam nos odia\u201d y \u201cTenemos problemas con los musulmanes que entran en este pa\u00eds\u201d.<\/p>\n<p>Trump hab\u00eda atribuido los ataques terroristas a la falta de asimilaci\u00f3n de los musulmanes y a su adhesi\u00f3n a la ley isl\u00e1mica. \u2026 Opin\u00f3 que los musulmanes \u201cno nos respetan en absoluto\u201d, a\u00f1adi\u00f3 Sotomayor.<\/p>\n<p>Sotomayor levant\u00f3 la vista y les dijo a los presentes en la sala: \u201cT\u00f3mense un momento para asimilar la gravedad de estas declaraciones\u2026 Recuerden que la mayor\u00eda de estas palabras fueron pronunciadas o escritas por el actual presidente de Estados Unidos de Am\u00e9rica, el hombre que emiti\u00f3 los tres decretos que son el centro de este caso\u201d.<\/p>\n<p>The-CNN-Wire<br \/>&trade; &amp; &copy; 2026 Cable News Network, Inc., a Warner Bros. Discovery Company. All rights reserved.<\/p>\n","protected":false},"excerpt":{"rendered":"<p>Hace ocho a\u00f1os, en la primera batalla importante en la Corte Suprema de Justicia de EE.UU. sobre una pol\u00edtica de Donald Trump, los magistrados desestimaron la ret\u00f3rica antimusulmana del presidente y confirmaron la prohibici\u00f3n de viaje a pa\u00edses de mayor\u00eda musulmana. Ahora, los abogados de Trump invocan esta decisi\u00f3n judicial para instar a los magistrados [&hellip;]<\/p>\n","protected":false},"author":0,"featured_media":0,"comment_status":"open","ping_status":"open","sticky":false,"template":"","format":"standard","meta":{"_jetpack_memberships_contains_paid_content":false,"footnotes":""},"categories":[10],"tags":[],"class_list":["post-1473622","post","type-post","status-publish","format-standard","hentry","category-noticias-nacionales","market-global"],"yoast_head":"<!-- This site is optimized with the Yoast SEO plugin v24.4 - https:\/\/yoast.com\/wordpress\/plugins\/seo\/ -->\n<title>\u00bfInfluir\u00e1 la ret\u00f3rica antiinmigrante de Trump en la decisi\u00f3n de la Corte Suprema de Justicia de EE.UU.? - Noticias<\/title>\n<meta name=\"robots\" content=\"index, follow, max-snippet:-1, max-image-preview:large, max-video-preview:-1\" \/>\n<link rel=\"canonical\" href=\"https:\/\/noticiasya.com\/2026\/04\/29\/influira-retorica-antiinmigrante-trump-corte-suprema-trax\/\" \/>\n<meta property=\"og:locale\" content=\"es_ES\" \/>\n<meta property=\"og:type\" content=\"article\" \/>\n<meta property=\"og:title\" content=\"\u00bfInfluir\u00e1 la ret\u00f3rica antiinmigrante de Trump en la decisi\u00f3n de la Corte Suprema de Justicia de EE.UU.? - Noticias\" \/>\n<meta property=\"og:description\" content=\"Hace ocho a\u00f1os, en la primera batalla importante en la Corte Suprema de Justicia de EE.UU. sobre una pol\u00edtica de Donald Trump, los magistrados desestimaron la ret\u00f3rica antimusulmana del presidente y confirmaron la prohibici\u00f3n de viaje a pa\u00edses de mayor\u00eda musulmana. Ahora, los abogados de Trump invocan esta decisi\u00f3n judicial para instar a los magistrados [&hellip;]\" \/>\n<meta property=\"og:url\" content=\"https:\/\/noticiasya.com\/2026\/04\/29\/influira-retorica-antiinmigrante-trump-corte-suprema-trax\/\" \/>\n<meta property=\"og:site_name\" content=\"Noticias\" \/>\n<meta property=\"article:published_time\" content=\"2026-04-29T09:03:41+00:00\" \/>\n<meta name=\"twitter:card\" content=\"summary_large_image\" \/>\n<meta name=\"twitter:label1\" content=\"Est. reading time\" \/>\n\t<meta name=\"twitter:data1\" content=\"9 minutos\" \/>\n<script type=\"application\/ld+json\" class=\"yoast-schema-graph\">{\"@context\":\"https:\/\/schema.org\",\"@graph\":[{\"@type\":\"Article\",\"@id\":\"https:\/\/noticiasya.com\/2026\/04\/29\/influira-retorica-antiinmigrante-trump-corte-suprema-trax\/#article\",\"isPartOf\":{\"@id\":\"https:\/\/noticiasya.com\/2026\/04\/29\/influira-retorica-antiinmigrante-trump-corte-suprema-trax\/\"},\"author\":{\"name\":\"\",\"@id\":\"\"},\"headline\":\"\u00bfInfluir\u00e1 la ret\u00f3rica antiinmigrante de Trump en la decisi\u00f3n de la Corte Suprema de Justicia de EE.UU.?\",\"datePublished\":\"2026-04-29T09:03:41+00:00\",\"mainEntityOfPage\":{\"@id\":\"https:\/\/noticiasya.com\/2026\/04\/29\/influira-retorica-antiinmigrante-trump-corte-suprema-trax\/\"},\"wordCount\":1747,\"commentCount\":0,\"publisher\":{\"@id\":\"https:\/\/noticiasya.com\/#organization\"},\"articleSection\":[\"Noticias Nacionales\"],\"inLanguage\":\"es\",\"potentialAction\":[{\"@type\":\"CommentAction\",\"name\":\"Comment\",\"target\":[\"https:\/\/noticiasya.com\/2026\/04\/29\/influira-retorica-antiinmigrante-trump-corte-suprema-trax\/#respond\"]}]},{\"@type\":\"WebPage\",\"@id\":\"https:\/\/noticiasya.com\/2026\/04\/29\/influira-retorica-antiinmigrante-trump-corte-suprema-trax\/\",\"url\":\"https:\/\/noticiasya.com\/2026\/04\/29\/influira-retorica-antiinmigrante-trump-corte-suprema-trax\/\",\"name\":\"\u00bfInfluir\u00e1 la ret\u00f3rica antiinmigrante de Trump en la decisi\u00f3n de la Corte Suprema de Justicia de EE.UU.? - Noticias\",\"isPartOf\":{\"@id\":\"https:\/\/noticiasya.com\/#website\"},\"datePublished\":\"2026-04-29T09:03:41+00:00\",\"breadcrumb\":{\"@id\":\"https:\/\/noticiasya.com\/2026\/04\/29\/influira-retorica-antiinmigrante-trump-corte-suprema-trax\/#breadcrumb\"},\"inLanguage\":\"es\",\"potentialAction\":[{\"@type\":\"ReadAction\",\"target\":[\"https:\/\/noticiasya.com\/2026\/04\/29\/influira-retorica-antiinmigrante-trump-corte-suprema-trax\/\"]}]},{\"@type\":\"BreadcrumbList\",\"@id\":\"https:\/\/noticiasya.com\/2026\/04\/29\/influira-retorica-antiinmigrante-trump-corte-suprema-trax\/#breadcrumb\",\"itemListElement\":[{\"@type\":\"ListItem\",\"position\":1,\"name\":\"Home\",\"item\":\"https:\/\/noticiasya.com\/\"},{\"@type\":\"ListItem\",\"position\":2,\"name\":\"\u00bfInfluir\u00e1 la ret\u00f3rica antiinmigrante de Trump en la decisi\u00f3n de la Corte Suprema de Justicia de EE.UU.?\"}]},{\"@type\":\"WebSite\",\"@id\":\"https:\/\/noticiasya.com\/#website\",\"url\":\"https:\/\/noticiasya.com\/\",\"name\":\"Noticias\",\"description\":\"Lo que importa\",\"publisher\":{\"@id\":\"https:\/\/noticiasya.com\/#organization\"},\"potentialAction\":[{\"@type\":\"SearchAction\",\"target\":{\"@type\":\"EntryPoint\",\"urlTemplate\":\"https:\/\/noticiasya.com\/?s={search_term_string}\"},\"query-input\":{\"@type\":\"PropertyValueSpecification\",\"valueRequired\":true,\"valueName\":\"search_term_string\"}}],\"inLanguage\":\"es\"},{\"@type\":\"Organization\",\"@id\":\"https:\/\/noticiasya.com\/#organization\",\"name\":\"Noticias\",\"url\":\"https:\/\/noticiasya.com\/\",\"logo\":{\"@type\":\"ImageObject\",\"inLanguage\":\"es\",\"@id\":\"https:\/\/noticiasya.com\/#\/schema\/logo\/image\/\",\"url\":\"https:\/\/noticiasya.com\/wp-content\/uploads\/sites\/22\/2023\/12\/logo-nacional.png\",\"contentUrl\":\"https:\/\/noticiasya.com\/wp-content\/uploads\/sites\/22\/2023\/12\/logo-nacional.png\",\"width\":1801,\"height\":691,\"caption\":\"Noticias\"},\"image\":{\"@id\":\"https:\/\/noticiasya.com\/#\/schema\/logo\/image\/\"}}]}<\/script>\n<!-- \/ Yoast SEO plugin. -->","yoast_head_json":{"title":"\u00bfInfluir\u00e1 la ret\u00f3rica antiinmigrante de Trump en la decisi\u00f3n de la Corte Suprema de Justicia de EE.UU.? - Noticias","robots":{"index":"index","follow":"follow","max-snippet":"max-snippet:-1","max-image-preview":"max-image-preview:large","max-video-preview":"max-video-preview:-1"},"canonical":"https:\/\/noticiasya.com\/2026\/04\/29\/influira-retorica-antiinmigrante-trump-corte-suprema-trax\/","og_locale":"es_ES","og_type":"article","og_title":"\u00bfInfluir\u00e1 la ret\u00f3rica antiinmigrante de Trump en la decisi\u00f3n de la Corte Suprema de Justicia de EE.UU.? - Noticias","og_description":"Hace ocho a\u00f1os, en la primera batalla importante en la Corte Suprema de Justicia de EE.UU. sobre una pol\u00edtica de Donald Trump, los magistrados desestimaron la ret\u00f3rica antimusulmana del presidente y confirmaron la prohibici\u00f3n de viaje a pa\u00edses de mayor\u00eda musulmana. Ahora, los abogados de Trump invocan esta decisi\u00f3n judicial para instar a los magistrados [&hellip;]","og_url":"https:\/\/noticiasya.com\/2026\/04\/29\/influira-retorica-antiinmigrante-trump-corte-suprema-trax\/","og_site_name":"Noticias","article_published_time":"2026-04-29T09:03:41+00:00","twitter_card":"summary_large_image","twitter_misc":{"Est. reading time":"9 minutos"},"schema":{"@context":"https:\/\/schema.org","@graph":[{"@type":"Article","@id":"https:\/\/noticiasya.com\/2026\/04\/29\/influira-retorica-antiinmigrante-trump-corte-suprema-trax\/#article","isPartOf":{"@id":"https:\/\/noticiasya.com\/2026\/04\/29\/influira-retorica-antiinmigrante-trump-corte-suprema-trax\/"},"author":{"name":"","@id":""},"headline":"\u00bfInfluir\u00e1 la ret\u00f3rica antiinmigrante de Trump en la decisi\u00f3n de la Corte Suprema de Justicia de EE.UU.?","datePublished":"2026-04-29T09:03:41+00:00","mainEntityOfPage":{"@id":"https:\/\/noticiasya.com\/2026\/04\/29\/influira-retorica-antiinmigrante-trump-corte-suprema-trax\/"},"wordCount":1747,"commentCount":0,"publisher":{"@id":"https:\/\/noticiasya.com\/#organization"},"articleSection":["Noticias Nacionales"],"inLanguage":"es","potentialAction":[{"@type":"CommentAction","name":"Comment","target":["https:\/\/noticiasya.com\/2026\/04\/29\/influira-retorica-antiinmigrante-trump-corte-suprema-trax\/#respond"]}]},{"@type":"WebPage","@id":"https:\/\/noticiasya.com\/2026\/04\/29\/influira-retorica-antiinmigrante-trump-corte-suprema-trax\/","url":"https:\/\/noticiasya.com\/2026\/04\/29\/influira-retorica-antiinmigrante-trump-corte-suprema-trax\/","name":"\u00bfInfluir\u00e1 la ret\u00f3rica antiinmigrante de Trump en la decisi\u00f3n de la Corte Suprema de Justicia de EE.UU.? - Noticias","isPartOf":{"@id":"https:\/\/noticiasya.com\/#website"},"datePublished":"2026-04-29T09:03:41+00:00","breadcrumb":{"@id":"https:\/\/noticiasya.com\/2026\/04\/29\/influira-retorica-antiinmigrante-trump-corte-suprema-trax\/#breadcrumb"},"inLanguage":"es","potentialAction":[{"@type":"ReadAction","target":["https:\/\/noticiasya.com\/2026\/04\/29\/influira-retorica-antiinmigrante-trump-corte-suprema-trax\/"]}]},{"@type":"BreadcrumbList","@id":"https:\/\/noticiasya.com\/2026\/04\/29\/influira-retorica-antiinmigrante-trump-corte-suprema-trax\/#breadcrumb","itemListElement":[{"@type":"ListItem","position":1,"name":"Home","item":"https:\/\/noticiasya.com\/"},{"@type":"ListItem","position":2,"name":"\u00bfInfluir\u00e1 la ret\u00f3rica antiinmigrante de Trump en la decisi\u00f3n de la Corte Suprema de Justicia de EE.UU.?"}]},{"@type":"WebSite","@id":"https:\/\/noticiasya.com\/#website","url":"https:\/\/noticiasya.com\/","name":"Noticias","description":"Lo que importa","publisher":{"@id":"https:\/\/noticiasya.com\/#organization"},"potentialAction":[{"@type":"SearchAction","target":{"@type":"EntryPoint","urlTemplate":"https:\/\/noticiasya.com\/?s={search_term_string}"},"query-input":{"@type":"PropertyValueSpecification","valueRequired":true,"valueName":"search_term_string"}}],"inLanguage":"es"},{"@type":"Organization","@id":"https:\/\/noticiasya.com\/#organization","name":"Noticias","url":"https:\/\/noticiasya.com\/","logo":{"@type":"ImageObject","inLanguage":"es","@id":"https:\/\/noticiasya.com\/#\/schema\/logo\/image\/","url":"https:\/\/noticiasya.com\/wp-content\/uploads\/sites\/22\/2023\/12\/logo-nacional.png","contentUrl":"https:\/\/noticiasya.com\/wp-content\/uploads\/sites\/22\/2023\/12\/logo-nacional.png","width":1801,"height":691,"caption":"Noticias"},"image":{"@id":"https:\/\/noticiasya.com\/#\/schema\/logo\/image\/"}}]}},"parsely":{"version":"1.1.0","canonical_url":"https:\/\/noticiasya.com\/san-diego\/2026\/04\/29\/influira-retorica-antiinmigrante-trump-corte-suprema-trax\/","smart_links":{"inbound":0,"outbound":0},"traffic_boost_suggestions_count":0,"meta":{"@context":"https:\/\/schema.org","@type":"NewsArticle","headline":"\u00bfInfluir\u00e1 la ret\u00f3rica antiinmigrante de Trump en la decisi\u00f3n de la Corte Suprema de Justicia de EE.UU.?","url":"http:\/\/noticiasya.com\/san-diego\/2026\/04\/29\/influira-retorica-antiinmigrante-trump-corte-suprema-trax\/","mainEntityOfPage":{"@type":"WebPage","@id":"http:\/\/noticiasya.com\/san-diego\/2026\/04\/29\/influira-retorica-antiinmigrante-trump-corte-suprema-trax\/"},"thumbnailUrl":"","image":{"@type":"ImageObject","url":""},"articleSection":"Noticias Nacionales","author":[],"creator":[],"publisher":{"@type":"Organization","name":"Noticias","logo":""},"keywords":[],"dateCreated":"2026-04-29T09:03:41Z","datePublished":"2026-04-29T09:03:41Z","dateModified":"2026-04-29T09:03:41Z"},"rendered":"<script type=\"application\/ld+json\" class=\"wp-parsely-metadata\">{\"@context\":\"https:\\\/\\\/schema.org\",\"@type\":\"NewsArticle\",\"headline\":\"\\u00bfInfluir\\u00e1 la ret\\u00f3rica antiinmigrante de Trump en la decisi\\u00f3n de la Corte Suprema de Justicia de EE.UU.?\",\"url\":\"http:\\\/\\\/noticiasya.com\\\/san-diego\\\/2026\\\/04\\\/29\\\/influira-retorica-antiinmigrante-trump-corte-suprema-trax\\\/\",\"mainEntityOfPage\":{\"@type\":\"WebPage\",\"@id\":\"http:\\\/\\\/noticiasya.com\\\/san-diego\\\/2026\\\/04\\\/29\\\/influira-retorica-antiinmigrante-trump-corte-suprema-trax\\\/\"},\"thumbnailUrl\":\"\",\"image\":{\"@type\":\"ImageObject\",\"url\":\"\"},\"articleSection\":\"Noticias Nacionales\",\"author\":[],\"creator\":[],\"publisher\":{\"@type\":\"Organization\",\"name\":\"Noticias\",\"logo\":\"\"},\"keywords\":[],\"dateCreated\":\"2026-04-29T09:03:41Z\",\"datePublished\":\"2026-04-29T09:03:41Z\",\"dateModified\":\"2026-04-29T09:03:41Z\"}<\/script>","tracker_url":"https:\/\/cdn.parsely.com\/keys\/noticiasya.com\/p.js"},"jetpack_featured_media_url":"","jetpack-related-posts":[{"id":1461952,"url":"https:\/\/noticiasya.com\/san-diego\/2025\/05\/04\/jueza-retorica-trump-contra-jueces-ataque-democracia-trax\/","url_meta":{"origin":1473622,"position":0},"title":"Ketanji Brown Jackson advierte que la ret\u00f3rica de Trump contra jueces es un &#171;ataque a nuestra democracia&#187;, seg\u00fan Pol\u00edtico","author":"","date":"mayo 4, 2025","format":false,"excerpt":"La jueza de la Corte Suprema de Justicia de EE.UU. Ketanji Brown Jackson critic\u00f3 duramente este jueves al presidente Donald Trump, sin nombrarlo, por sus ataques a los jueces, argumentando que la ret\u00f3rica del presidente y sus aliados amenaza la democracia, seg\u00fan Politico.Politico inform\u00f3 que Jackson, quien intervino en una\u2026","rel":"","context":"In &quot;Noticias Nacionales&quot;","block_context":{"text":"Noticias Nacionales","link":"https:\/\/noticiasya.com\/san-diego\/categoria\/noticias-nacionales"},"img":{"alt_text":"","src":"","width":0,"height":0},"classes":[]},{"id":1457029,"url":"https:\/\/noticiasya.com\/san-diego\/2024\/12\/27\/trump-pide-corte-suprema-pausa-prohibicion-tiktok-trax\/","url_meta":{"origin":1473622,"position":1},"title":"Trump pide a la Corte Suprema que suspenda prohibici\u00f3n de TikTok; Biden dice que la aplicaci\u00f3n representa una amenaza &#171;grave&#187;","author":"","date":"diciembre 27, 2024","format":false,"excerpt":"El presidente electo de Estados Unidos, Donald Trump, solicit\u00f3 a la Corte Suprema suspender una pol\u00e9mica prohibici\u00f3n de TikTok que est\u00e1 programada para entrar en vigencia el pr\u00f3ximo mes, y dijo a los jueces en una presentaci\u00f3n legal este viernes que la medida permitir\u00eda a su Gobierno \u201cbuscar una resoluci\u00f3n\u2026","rel":"","context":"In &quot;Noticias Nacionales&quot;","block_context":{"text":"Noticias Nacionales","link":"https:\/\/noticiasya.com\/san-diego\/categoria\/noticias-nacionales"},"img":{"alt_text":"","src":"","width":0,"height":0},"classes":[]},{"id":1460352,"url":"https:\/\/noticiasya.com\/san-diego\/2025\/03\/24\/corte-suprema-justicia-el-salvador-legalidad-detencion-venezolanos-deportados-eeuu-orix\/","url_meta":{"origin":1473622,"position":2},"title":"Piden a la Corte Suprema de Justicia de El Salvador evaluar la legalidad de la detenci\u00f3n de venezolanos deportados por EE.UU.","author":"","date":"marzo 24, 2025","format":false,"excerpt":"Un equipo de abogados salvadore\u00f1os que representa a los familiares de 30 venezolanos enviados por Estados Unidos a una c\u00e1rcel de El Salvador pidi\u00f3 este lunes a la Corte Suprema de Justicia de este pa\u00eds que eval\u00fae la legalidad de la detenci\u00f3n.Uno de ellos, Jaime Ortega, dijo que fueron contratados\u2026","rel":"","context":"In &quot;Noticias Nacionales&quot;","block_context":{"text":"Noticias Nacionales","link":"https:\/\/noticiasya.com\/san-diego\/categoria\/noticias-nacionales"},"img":{"alt_text":"","src":"","width":0,"height":0},"classes":[]},{"id":1456631,"url":"https:\/\/noticiasya.com\/san-diego\/2024\/12\/15\/tiktok-tribunal-peticion-pausar-prohibicion-trax\/","url_meta":{"origin":1473622,"position":3},"title":"\u00bfQu\u00e9 pasar\u00e1 con TikTok luego de que un tribunal estadounidense rechazara la petici\u00f3n de suspender la prohibici\u00f3n?","author":"","date":"diciembre 15, 2024","format":false,"excerpt":"TikTok tiene planes de presentar otra apelaci\u00f3n debido a que enfrenta una prohibici\u00f3n que regir\u00eda desde el 19 de enero.Un Tribunal de Apelaciones del Circuito de Washington rechaz\u00f3 el viernes una pausa temporal en la prohibici\u00f3n de TikTok, calific\u00f3 dicho bloqueo como \u201cinjustificado\u201d y allan\u00f3 el camino para que la\u2026","rel":"","context":"In &quot;Noticias Nacionales&quot;","block_context":{"text":"Noticias Nacionales","link":"https:\/\/noticiasya.com\/san-diego\/categoria\/noticias-nacionales"},"img":{"alt_text":"","src":"","width":0,"height":0},"classes":[]},{"id":1457593,"url":"https:\/\/noticiasya.com\/san-diego\/2025\/01\/17\/corte-suprema-prohibicion-de-tiktok-eeuu\/","url_meta":{"origin":1473622,"position":4},"title":"Corte Suprema de EE.UU. dice que TikTok puede ser prohibida, dejando su futuro en el limbo","author":"","date":"enero 17, 2025","format":false,"excerpt":"La Corte Suprema dictamin\u00f3 este viernes que la pol\u00e9mica prohibici\u00f3n de TikTok puede entrar en vigor este fin de semana, rechazando una apelaci\u00f3n de la popular aplicaci\u00f3n que alegaba que la prohibici\u00f3n violaba la Primera Enmienda.El tribunal emiti\u00f3 una opini\u00f3n sin firmar y no hubo disensos notados.La decisi\u00f3n, que fue\u2026","rel":"","context":"In &quot;Noticias Nacionales&quot;","block_context":{"text":"Noticias Nacionales","link":"https:\/\/noticiasya.com\/san-diego\/categoria\/noticias-nacionales"},"img":{"alt_text":"","src":"","width":0,"height":0},"classes":[]},{"id":1462334,"url":"https:\/\/noticiasya.com\/san-diego\/2025\/05\/14\/ciudadania-por-nacimiento-corte-suprema-orix\/","url_meta":{"origin":1473622,"position":5},"title":"El derecho a la ciudadan\u00eda por nacimiento llega a la Corte Suprema. \u00bfQu\u00e9 est\u00e1 en juego?","author":"","date":"mayo 14, 2025","format":false,"excerpt":"La Corte Suprema escuchar\u00e1 este jueves argumentos en tres casos que impugnan una orden ejecutiva del presidente Donald Trump que pretende limitar qui\u00e9n tiene derecho a la \u201cciudadan\u00eda por nacimiento\u201d.La voluntad de Trump de poner fin a esa pr\u00e1ctica de casi 160 a\u00f1os y que est\u00e1 garantizada por la 14\u00aa\u2026","rel":"","context":"In &quot;Noticias Nacionales&quot;","block_context":{"text":"Noticias Nacionales","link":"https:\/\/noticiasya.com\/san-diego\/categoria\/noticias-nacionales"},"img":{"alt_text":"","src":"","width":0,"height":0},"classes":[]}],"jetpack_sharing_enabled":true,"_links":{"self":[{"href":"https:\/\/noticiasya.com\/san-diego\/wp-json\/wp\/v2\/posts\/1473622","targetHints":{"allow":["GET"]}}],"collection":[{"href":"https:\/\/noticiasya.com\/san-diego\/wp-json\/wp\/v2\/posts"}],"about":[{"href":"https:\/\/noticiasya.com\/san-diego\/wp-json\/wp\/v2\/types\/post"}],"replies":[{"embeddable":true,"href":"https:\/\/noticiasya.com\/san-diego\/wp-json\/wp\/v2\/comments?post=1473622"}],"version-history":[{"count":0,"href":"https:\/\/noticiasya.com\/san-diego\/wp-json\/wp\/v2\/posts\/1473622\/revisions"}],"wp:attachment":[{"href":"https:\/\/noticiasya.com\/san-diego\/wp-json\/wp\/v2\/media?parent=1473622"}],"wp:term":[{"taxonomy":"category","embeddable":true,"href":"https:\/\/noticiasya.com\/san-diego\/wp-json\/wp\/v2\/categories?post=1473622"},{"taxonomy":"post_tag","embeddable":true,"href":"https:\/\/noticiasya.com\/san-diego\/wp-json\/wp\/v2\/tags?post=1473622"}],"curies":[{"name":"wp","href":"https:\/\/api.w.org\/{rel}","templated":true}]}}