{"id":1473630,"date":"2026-04-29T07:03:52","date_gmt":"2026-04-29T14:03:52","guid":{"rendered":"https:\/\/noticiasya.com\/2026\/04\/29\/putin-desfile-militar-plaza-roja-trax\/"},"modified":"2026-04-29T07:03:52","modified_gmt":"2026-04-29T14:03:52","slug":"putin-desfile-militar-plaza-roja-trax","status":"publish","type":"post","link":"https:\/\/noticiasya.com\/san-diego\/2026\/04\/29\/putin-desfile-militar-plaza-roja-trax\/","title":{"rendered":"Putin organizar\u00e1 este a\u00f1o un desfile reducido en la Plaza Roja, en medio de crecientes presiones y amenazas"},"content":{"rendered":"<p>El desfile del D\u00eda de la Victoria del 9 de mayo en la Plaza Roja de Mosc\u00fa es el evento principal para el presidente ruso Vladimir Putin: cada a\u00f1o, Rusia ofrece una exhibici\u00f3n de poder\u00edo militar que muestra las <a href=\"https:\/\/www.cnn.com\/2018\/05\/08\/europe\/russia-military-parade-intl\">armas m\u00e1s impresionantes del pa\u00eds<\/a>, incluidos sus misiles y tanques de \u00faltima generaci\u00f3n.<\/p>\n<p>Este a\u00f1o, sin embargo, el desfile promete ser un asunto de perfil m\u00e1s bajo.<\/p>\n<p>A \u00faltima hora del martes, el Ministerio de Defensa ruso anunci\u00f3 que el desfile contar\u00e1 con una columna de tropas de academias militares y de las fuerzas armadas marchando a pie. Pero, rompiendo con el precedente reciente, el Ministerio de Defensa dijo que este a\u00f1o no pasar\u00e1 ning\u00fan equipo militar frente al mausoleo de Lenin.<\/p>\n<p>\u201cDebido a la situaci\u00f3n operativa actual, los estudiantes de las Escuelas Militares Suv\u00f3rov y de las Escuelas Navales Naj\u00edmov, as\u00ed como el cuerpo de cadetes, y una columna de equipo militar no participar\u00e1n en el desfile militar de este a\u00f1o\u201d, dec\u00eda el comunicado.<\/p>\n<p>No hace falta mucha \u201ckremlinolog\u00eda\u201d para adivinar qu\u00e9 significa aqu\u00ed la \u201csituaci\u00f3n operativa actual\u201d. El ej\u00e9rcito ruso parece estar perdiendo terreno en Ucrania, contrariamente a las afirmaciones del alto mando de Mosc\u00fa; los ataques ucranianos est\u00e1n asestando golpes da\u00f1inos a la infraestructura vital rusa de petr\u00f3leo y gas; y los ataques con drones de Kyiv ya han alterado la vida en la capital rusa anteriormente.<\/p>\n<p>Preguntado el mi\u00e9rcoles sobre los planes del desfile, y sobre si el equipo era necesario para las l\u00edneas del frente, el portavoz del Kremlin, Dmitry Peskov, dio un matiz ligeramente distinto a la situaci\u00f3n, diciendo que Mosc\u00fa se enfrentaba a una \u201camenaza terrorista\u201d por parte de Kyiv.<\/p>\n<p>\u201cEstamos hablando de la situaci\u00f3n operativa\u201d, dijo. \u201cEl r\u00e9gimen de Kyiv, que est\u00e1 perdiendo terreno en el campo de batalla cada d\u00eda, ahora ha lanzado un ataque terrorista a gran escala. Y as\u00ed, en el contexto de esta amenaza terrorista, por supuesto, se est\u00e1n tomando todas las medidas para minimizar el peligro. El desfile tendr\u00e1 lugar, pero no olvidemos que el a\u00f1o pasado fue un desfile de aniversario. Un desfile a gran escala, del tipo que deber\u00eda celebrarse en una fecha significativa. Esta fecha no es un aniversario, pero el desfile aun as\u00ed tendr\u00e1 lugar, aunque en un formato reducido\u201d.<\/p>\n<p>Rusia ha recortado el desfile del D\u00eda de la Victoria en los a\u00f1os posteriores a su invasi\u00f3n a gran escala de Ucrania en febrero de 2022. En 2022 y 2023, se cancel\u00f3 el tradicional sobrevuelo de aviones militares; el desfile de 2024 cont\u00f3 con solo un tanque, un T-34 de la era de la Segunda Guerra Mundial.<\/p>\n<p>Pero, como se\u00f1al\u00f3 Peskov, el desfile del D\u00eda de la Victoria del a\u00f1o pasado, que marc\u00f3 el 80.\u00ba aniversario de la victoria de la Uni\u00f3n Sovi\u00e9tica sobre la Alemania nazi, fue un evento de gala. Putin presidi\u00f3 un desfile que incluy\u00f3 material como el Geran-2, la versi\u00f3n rusa del dron Shahed iran\u00ed, y fue anfitri\u00f3n de l\u00edderes aliados, incluido el presidente chino Xi Jinping.<\/p>\n<p>El Ministerio de Defensa ruso dijo que el desfile del pr\u00f3ximo mes contar\u00e1 con un elemento tradicionalmente espectacular: equipos acrob\u00e1ticos volar\u00e1n sobre la Plaza Roja, con aviones de ataque a tierra Su-25 pintando el tricolor ruso en el cielo de Mosc\u00fa. Pero el desfile reducido llega en un punto de inflexi\u00f3n para Putin.<\/p>\n<p>En las \u00faltimas semanas, el descontento ha aflorado en Rusia tras una ola de interrupciones de internet que han hecho la vida inc\u00f3moda en la capital rusa y en otros lugares. Los cortes de internet \u2014que las autoridades rusas dicen que son necesarios por razones de seguridad\u2014 han provocado raras cr\u00edticas p\u00fablicas al liderazgo del pa\u00eds.<\/p>\n<p>Los repetidos ataques ucranianos a la refiner\u00eda de petr\u00f3leo de Tuapse, en la costa rusa del mar Negro, tambi\u00e9n han puesto de manifiesto la vulnerabilidad econ\u00f3mica de Mosc\u00fa. Las im\u00e1genes del desastre medioambiental en desarrollo tambi\u00e9n han subrayado lo que algunos han visto como una respuesta lenta por parte de las autoridades.<\/p>\n<p>Otras alarmas econ\u00f3micas est\u00e1n sonando para el Kremlin. El martes, Elvira Nabiullina, la jefa del Banco Central de Rusia, dijo que el pa\u00eds se enfrentaba a una escasez de mano de obra sin precedentes. Original language: English<\/p>\n<p>\u201cNunca antes en la historia de la Rusia moderna hemos experimentado una escasez de mano de obra as\u00ed\u201d, dijo, seg\u00fan la agencia estatal rusa de noticias RIA Novosti. \u201cNunca hemos tenido nada parecido, y esto est\u00e1 teniendo un impacto en toda la situaci\u00f3n econ\u00f3mica\u201d.<\/p>\n<p>La escasez de mano de obra en Rusia no sorprende. El pa\u00eds vio una oleada de emigraci\u00f3n \u2014y una grave fuga de cerebros\u2014 a ra\u00edz de una movilizaci\u00f3n militar parcial que se anunci\u00f3 en septiembre de 2022. Y Rusia ha tenido dificultades para reponer sus filas militares en medio de horribles bajas en el frente ucraniano.<\/p>\n<p>Ya en 2008, Putin explic\u00f3 por qu\u00e9 Rusia estaba devolviendo el espect\u00e1culo de tanques y misiles a la Plaza Roja en la primera gran exhibici\u00f3n de armamento desde el colapso sovi\u00e9tico.<\/p>\n<p>\u201cEsto no es hacer sonar sables: no estamos amenazando a nadie, no tenemos intenci\u00f3n de hacerlo, no estamos imponiendo nada a nadie; tenemos de todo en abundancia\u201d, dijo. \u201cEsta es una demostraci\u00f3n de nuestras crecientes capacidades de defensa. Somos capaces de proteger a nuestro pueblo, a nuestros ciudadanos, a nuestro Estado y a nuestra riqueza\u201d.<\/p>\n<p>Que el ej\u00e9rcito ruso sea capaz de proteger la capital en medio de una guerra prolongada y sangrienta con Ucrania parece ser ahora una cuesti\u00f3n abierta.<\/p>\n<p>The-CNN-Wire<br \/>&trade; &amp; &copy; 2026 Cable News Network, Inc., a Warner Bros. Discovery Company. All rights reserved.<\/p>\n","protected":false},"excerpt":{"rendered":"<p>El desfile del D\u00eda de la Victoria del 9 de mayo en la Plaza Roja de Mosc\u00fa es el evento principal para el presidente ruso Vladimir Putin: cada a\u00f1o, Rusia ofrece una exhibici\u00f3n de poder\u00edo militar que muestra las armas m\u00e1s impresionantes del pa\u00eds, incluidos sus misiles y tanques de \u00faltima generaci\u00f3n. Este a\u00f1o, sin [&hellip;]<\/p>\n","protected":false},"author":0,"featured_media":0,"comment_status":"open","ping_status":"open","sticky":false,"template":"","format":"standard","meta":{"_jetpack_memberships_contains_paid_content":false,"footnotes":""},"categories":[10],"tags":[],"class_list":["post-1473630","post","type-post","status-publish","format-standard","hentry","category-noticias-nacionales","market-global"],"yoast_head":"<!-- This site is optimized with the Yoast SEO plugin v24.4 - https:\/\/yoast.com\/wordpress\/plugins\/seo\/ -->\n<title>Putin organizar\u00e1 este a\u00f1o un desfile reducido en la Plaza Roja, en medio de crecientes presiones y amenazas - Noticias<\/title>\n<meta name=\"robots\" content=\"index, follow, max-snippet:-1, max-image-preview:large, max-video-preview:-1\" \/>\n<link rel=\"canonical\" href=\"https:\/\/noticiasya.com\/2026\/04\/29\/putin-desfile-militar-plaza-roja-trax\/\" \/>\n<meta property=\"og:locale\" content=\"es_ES\" \/>\n<meta property=\"og:type\" content=\"article\" \/>\n<meta property=\"og:title\" content=\"Putin organizar\u00e1 este a\u00f1o un desfile reducido en la Plaza Roja, en medio de crecientes presiones y amenazas - Noticias\" \/>\n<meta property=\"og:description\" content=\"El desfile del D\u00eda de la Victoria del 9 de mayo en la Plaza Roja de Mosc\u00fa es el evento principal para el presidente ruso Vladimir Putin: cada a\u00f1o, Rusia ofrece una exhibici\u00f3n de poder\u00edo militar que muestra las armas m\u00e1s impresionantes del pa\u00eds, incluidos sus misiles y tanques de \u00faltima generaci\u00f3n. Este a\u00f1o, sin [&hellip;]\" \/>\n<meta property=\"og:url\" content=\"https:\/\/noticiasya.com\/2026\/04\/29\/putin-desfile-militar-plaza-roja-trax\/\" \/>\n<meta property=\"og:site_name\" content=\"Noticias\" \/>\n<meta property=\"article:published_time\" content=\"2026-04-29T14:03:52+00:00\" \/>\n<meta name=\"twitter:card\" content=\"summary_large_image\" \/>\n<meta name=\"twitter:label1\" content=\"Est. reading time\" \/>\n\t<meta name=\"twitter:data1\" content=\"5 minutos\" \/>\n<script type=\"application\/ld+json\" class=\"yoast-schema-graph\">{\"@context\":\"https:\/\/schema.org\",\"@graph\":[{\"@type\":\"Article\",\"@id\":\"https:\/\/noticiasya.com\/2026\/04\/29\/putin-desfile-militar-plaza-roja-trax\/#article\",\"isPartOf\":{\"@id\":\"https:\/\/noticiasya.com\/2026\/04\/29\/putin-desfile-militar-plaza-roja-trax\/\"},\"author\":{\"name\":\"\",\"@id\":\"\"},\"headline\":\"Putin organizar\u00e1 este a\u00f1o un desfile reducido en la Plaza Roja, en medio de crecientes presiones y amenazas\",\"datePublished\":\"2026-04-29T14:03:52+00:00\",\"mainEntityOfPage\":{\"@id\":\"https:\/\/noticiasya.com\/2026\/04\/29\/putin-desfile-militar-plaza-roja-trax\/\"},\"wordCount\":1008,\"commentCount\":0,\"publisher\":{\"@id\":\"https:\/\/noticiasya.com\/#organization\"},\"articleSection\":[\"Noticias Nacionales\"],\"inLanguage\":\"es\",\"potentialAction\":[{\"@type\":\"CommentAction\",\"name\":\"Comment\",\"target\":[\"https:\/\/noticiasya.com\/2026\/04\/29\/putin-desfile-militar-plaza-roja-trax\/#respond\"]}]},{\"@type\":\"WebPage\",\"@id\":\"https:\/\/noticiasya.com\/2026\/04\/29\/putin-desfile-militar-plaza-roja-trax\/\",\"url\":\"https:\/\/noticiasya.com\/2026\/04\/29\/putin-desfile-militar-plaza-roja-trax\/\",\"name\":\"Putin organizar\u00e1 este a\u00f1o un desfile reducido en la Plaza Roja, en medio de crecientes presiones y amenazas - Noticias\",\"isPartOf\":{\"@id\":\"https:\/\/noticiasya.com\/#website\"},\"datePublished\":\"2026-04-29T14:03:52+00:00\",\"breadcrumb\":{\"@id\":\"https:\/\/noticiasya.com\/2026\/04\/29\/putin-desfile-militar-plaza-roja-trax\/#breadcrumb\"},\"inLanguage\":\"es\",\"potentialAction\":[{\"@type\":\"ReadAction\",\"target\":[\"https:\/\/noticiasya.com\/2026\/04\/29\/putin-desfile-militar-plaza-roja-trax\/\"]}]},{\"@type\":\"BreadcrumbList\",\"@id\":\"https:\/\/noticiasya.com\/2026\/04\/29\/putin-desfile-militar-plaza-roja-trax\/#breadcrumb\",\"itemListElement\":[{\"@type\":\"ListItem\",\"position\":1,\"name\":\"Home\",\"item\":\"https:\/\/noticiasya.com\/\"},{\"@type\":\"ListItem\",\"position\":2,\"name\":\"Putin organizar\u00e1 este a\u00f1o un desfile reducido en la Plaza Roja, en medio de crecientes presiones y amenazas\"}]},{\"@type\":\"WebSite\",\"@id\":\"https:\/\/noticiasya.com\/#website\",\"url\":\"https:\/\/noticiasya.com\/\",\"name\":\"Noticias\",\"description\":\"Lo que importa\",\"publisher\":{\"@id\":\"https:\/\/noticiasya.com\/#organization\"},\"potentialAction\":[{\"@type\":\"SearchAction\",\"target\":{\"@type\":\"EntryPoint\",\"urlTemplate\":\"https:\/\/noticiasya.com\/?s={search_term_string}\"},\"query-input\":{\"@type\":\"PropertyValueSpecification\",\"valueRequired\":true,\"valueName\":\"search_term_string\"}}],\"inLanguage\":\"es\"},{\"@type\":\"Organization\",\"@id\":\"https:\/\/noticiasya.com\/#organization\",\"name\":\"Noticias\",\"url\":\"https:\/\/noticiasya.com\/\",\"logo\":{\"@type\":\"ImageObject\",\"inLanguage\":\"es\",\"@id\":\"https:\/\/noticiasya.com\/#\/schema\/logo\/image\/\",\"url\":\"https:\/\/noticiasya.com\/wp-content\/uploads\/sites\/22\/2023\/12\/logo-nacional.png\",\"contentUrl\":\"https:\/\/noticiasya.com\/wp-content\/uploads\/sites\/22\/2023\/12\/logo-nacional.png\",\"width\":1801,\"height\":691,\"caption\":\"Noticias\"},\"image\":{\"@id\":\"https:\/\/noticiasya.com\/#\/schema\/logo\/image\/\"}}]}<\/script>\n<!-- \/ Yoast SEO plugin. -->","yoast_head_json":{"title":"Putin organizar\u00e1 este a\u00f1o un desfile reducido en la Plaza Roja, en medio de crecientes presiones y amenazas - Noticias","robots":{"index":"index","follow":"follow","max-snippet":"max-snippet:-1","max-image-preview":"max-image-preview:large","max-video-preview":"max-video-preview:-1"},"canonical":"https:\/\/noticiasya.com\/2026\/04\/29\/putin-desfile-militar-plaza-roja-trax\/","og_locale":"es_ES","og_type":"article","og_title":"Putin organizar\u00e1 este a\u00f1o un desfile reducido en la Plaza Roja, en medio de crecientes presiones y amenazas - Noticias","og_description":"El desfile del D\u00eda de la Victoria del 9 de mayo en la Plaza Roja de Mosc\u00fa es el evento principal para el presidente ruso Vladimir Putin: cada a\u00f1o, Rusia ofrece una exhibici\u00f3n de poder\u00edo militar que muestra las armas m\u00e1s impresionantes del pa\u00eds, incluidos sus misiles y tanques de \u00faltima generaci\u00f3n. Este a\u00f1o, sin [&hellip;]","og_url":"https:\/\/noticiasya.com\/2026\/04\/29\/putin-desfile-militar-plaza-roja-trax\/","og_site_name":"Noticias","article_published_time":"2026-04-29T14:03:52+00:00","twitter_card":"summary_large_image","twitter_misc":{"Est. reading time":"5 minutos"},"schema":{"@context":"https:\/\/schema.org","@graph":[{"@type":"Article","@id":"https:\/\/noticiasya.com\/2026\/04\/29\/putin-desfile-militar-plaza-roja-trax\/#article","isPartOf":{"@id":"https:\/\/noticiasya.com\/2026\/04\/29\/putin-desfile-militar-plaza-roja-trax\/"},"author":{"name":"","@id":""},"headline":"Putin organizar\u00e1 este a\u00f1o un desfile reducido en la Plaza Roja, en medio de crecientes presiones y amenazas","datePublished":"2026-04-29T14:03:52+00:00","mainEntityOfPage":{"@id":"https:\/\/noticiasya.com\/2026\/04\/29\/putin-desfile-militar-plaza-roja-trax\/"},"wordCount":1008,"commentCount":0,"publisher":{"@id":"https:\/\/noticiasya.com\/#organization"},"articleSection":["Noticias Nacionales"],"inLanguage":"es","potentialAction":[{"@type":"CommentAction","name":"Comment","target":["https:\/\/noticiasya.com\/2026\/04\/29\/putin-desfile-militar-plaza-roja-trax\/#respond"]}]},{"@type":"WebPage","@id":"https:\/\/noticiasya.com\/2026\/04\/29\/putin-desfile-militar-plaza-roja-trax\/","url":"https:\/\/noticiasya.com\/2026\/04\/29\/putin-desfile-militar-plaza-roja-trax\/","name":"Putin organizar\u00e1 este a\u00f1o un desfile reducido en la Plaza Roja, en medio de crecientes presiones y amenazas - Noticias","isPartOf":{"@id":"https:\/\/noticiasya.com\/#website"},"datePublished":"2026-04-29T14:03:52+00:00","breadcrumb":{"@id":"https:\/\/noticiasya.com\/2026\/04\/29\/putin-desfile-militar-plaza-roja-trax\/#breadcrumb"},"inLanguage":"es","potentialAction":[{"@type":"ReadAction","target":["https:\/\/noticiasya.com\/2026\/04\/29\/putin-desfile-militar-plaza-roja-trax\/"]}]},{"@type":"BreadcrumbList","@id":"https:\/\/noticiasya.com\/2026\/04\/29\/putin-desfile-militar-plaza-roja-trax\/#breadcrumb","itemListElement":[{"@type":"ListItem","position":1,"name":"Home","item":"https:\/\/noticiasya.com\/"},{"@type":"ListItem","position":2,"name":"Putin organizar\u00e1 este a\u00f1o un desfile reducido en la Plaza Roja, en medio de crecientes presiones y amenazas"}]},{"@type":"WebSite","@id":"https:\/\/noticiasya.com\/#website","url":"https:\/\/noticiasya.com\/","name":"Noticias","description":"Lo que importa","publisher":{"@id":"https:\/\/noticiasya.com\/#organization"},"potentialAction":[{"@type":"SearchAction","target":{"@type":"EntryPoint","urlTemplate":"https:\/\/noticiasya.com\/?s={search_term_string}"},"query-input":{"@type":"PropertyValueSpecification","valueRequired":true,"valueName":"search_term_string"}}],"inLanguage":"es"},{"@type":"Organization","@id":"https:\/\/noticiasya.com\/#organization","name":"Noticias","url":"https:\/\/noticiasya.com\/","logo":{"@type":"ImageObject","inLanguage":"es","@id":"https:\/\/noticiasya.com\/#\/schema\/logo\/image\/","url":"https:\/\/noticiasya.com\/wp-content\/uploads\/sites\/22\/2023\/12\/logo-nacional.png","contentUrl":"https:\/\/noticiasya.com\/wp-content\/uploads\/sites\/22\/2023\/12\/logo-nacional.png","width":1801,"height":691,"caption":"Noticias"},"image":{"@id":"https:\/\/noticiasya.com\/#\/schema\/logo\/image\/"}}]}},"parsely":{"version":"1.1.0","canonical_url":"https:\/\/noticiasya.com\/san-diego\/2026\/04\/29\/putin-desfile-militar-plaza-roja-trax\/","smart_links":{"inbound":0,"outbound":0},"traffic_boost_suggestions_count":0,"meta":{"@context":"https:\/\/schema.org","@type":"NewsArticle","headline":"Putin organizar\u00e1 este a\u00f1o un desfile reducido en la Plaza Roja, en medio de crecientes presiones y amenazas","url":"http:\/\/noticiasya.com\/san-diego\/2026\/04\/29\/putin-desfile-militar-plaza-roja-trax\/","mainEntityOfPage":{"@type":"WebPage","@id":"http:\/\/noticiasya.com\/san-diego\/2026\/04\/29\/putin-desfile-militar-plaza-roja-trax\/"},"thumbnailUrl":"","image":{"@type":"ImageObject","url":""},"articleSection":"Noticias Nacionales","author":[],"creator":[],"publisher":{"@type":"Organization","name":"Noticias","logo":""},"keywords":[],"dateCreated":"2026-04-29T14:03:52Z","datePublished":"2026-04-29T14:03:52Z","dateModified":"2026-04-29T14:03:52Z"},"rendered":"<script type=\"application\/ld+json\" class=\"wp-parsely-metadata\">{\"@context\":\"https:\\\/\\\/schema.org\",\"@type\":\"NewsArticle\",\"headline\":\"Putin organizar\\u00e1 este a\\u00f1o un desfile reducido en la Plaza Roja, en medio de crecientes presiones y amenazas\",\"url\":\"http:\\\/\\\/noticiasya.com\\\/san-diego\\\/2026\\\/04\\\/29\\\/putin-desfile-militar-plaza-roja-trax\\\/\",\"mainEntityOfPage\":{\"@type\":\"WebPage\",\"@id\":\"http:\\\/\\\/noticiasya.com\\\/san-diego\\\/2026\\\/04\\\/29\\\/putin-desfile-militar-plaza-roja-trax\\\/\"},\"thumbnailUrl\":\"\",\"image\":{\"@type\":\"ImageObject\",\"url\":\"\"},\"articleSection\":\"Noticias Nacionales\",\"author\":[],\"creator\":[],\"publisher\":{\"@type\":\"Organization\",\"name\":\"Noticias\",\"logo\":\"\"},\"keywords\":[],\"dateCreated\":\"2026-04-29T14:03:52Z\",\"datePublished\":\"2026-04-29T14:03:52Z\",\"dateModified\":\"2026-04-29T14:03:52Z\"}<\/script>","tracker_url":"https:\/\/cdn.parsely.com\/keys\/noticiasya.com\/p.js"},"jetpack_featured_media_url":"","jetpack-related-posts":[{"id":1449326,"url":"https:\/\/noticiasya.com\/san-diego\/2024\/05\/09\/comienza-desfile-de-la-victoria-rusia-plaza-roja-de-moscu-trax\/","url_meta":{"origin":1473630,"position":0},"title":"Comienza el Desfile de la Victoria de Rusia en la Plaza Roja de Mosc\u00fa","author":"","date":"mayo 9, 2024","format":false,"excerpt":"(CNN) -- La celebraci\u00f3n del D\u00eda de la Victoria en la Plaza Roja de Mosc\u00fa comenz\u00f3, con menos personal de las fuerzas armadas y menos equipo militar en exhibici\u00f3n que el a\u00f1o pasado.El ministro de Defensa de la Federaci\u00f3n Rusa, general de Ej\u00e9rcito Sergu\u00e9i Shoig\u00fa, dijo en un comunicado en\u2026","rel":"","context":"In &quot;Noticias Nacionales&quot;","block_context":{"text":"Noticias Nacionales","link":"https:\/\/noticiasya.com\/san-diego\/categoria\/noticias-nacionales"},"img":{"alt_text":"","src":"","width":0,"height":0},"classes":[]},{"id":1465942,"url":"https:\/\/noticiasya.com\/san-diego\/2025\/08\/28\/putin-kim-xi-desfile-trax\/","url_meta":{"origin":1473630,"position":1},"title":"Kim y Putin encabezan la lista de invitados de Xi para el gran desfile militar de China en una desafiante muestra de unidad","author":"","date":"agosto 28, 2025","format":false,"excerpt":"El l\u00edder norcoreano Kim Jong Un y el presidente ruso, Vladimir Putin, estar\u00e1n entre m\u00e1s de dos docenas de jefes de Estado extranjeros que asistir\u00e1n la pr\u00f3xima semana al enorme desfile militar de China, anunci\u00f3 este jueves el Ministerio de Relaciones Exteriores de ese pa\u00eds.El desfile, que se celebrar\u00e1 el\u2026","rel":"","context":"In &quot;Noticias Nacionales&quot;","block_context":{"text":"Noticias Nacionales","link":"https:\/\/noticiasya.com\/san-diego\/categoria\/noticias-nacionales"},"img":{"alt_text":"","src":"","width":0,"height":0},"classes":[]},{"id":1462024,"url":"https:\/\/noticiasya.com\/san-diego\/2025\/05\/06\/drones-ucranianos-atacan-moscu-gran-desfile-militar-trax\/","url_meta":{"origin":1473630,"position":2},"title":"Drones ucranianos atacan Mosc\u00fa antes de un gran desfile militar","author":"","date":"mayo 6, 2025","format":false,"excerpt":"Drones ucranianos atacaron Mosc\u00fa por segunda noche consecutiva, dijeron funcionarios rusos este martes, mientras la capital de Rusia se prepara para albergar un importante desfile militar anual al que se espera que asistan l\u00edderes mundiales, incluido Xi Jinping de China.El alcalde de Mosc\u00fa, Sergei Sobyanin, dijo este martes en una\u2026","rel":"","context":"In &quot;Noticias Nacionales&quot;","block_context":{"text":"Noticias Nacionales","link":"https:\/\/noticiasya.com\/san-diego\/categoria\/noticias-nacionales"},"img":{"alt_text":"","src":"","width":0,"height":0},"classes":[]},{"id":1462154,"url":"https:\/\/noticiasya.com\/san-diego\/2025\/05\/09\/putin-xi-dia-de-la-victoria-desfile-moscu-trax\/","url_meta":{"origin":1473630,"position":3},"title":"Putin, Xi y l\u00edderes mundiales amigos celebran el D\u00eda de la Victoria de Rusia en un desfile militar de Mosc\u00fa","author":"","date":"mayo 9, 2025","format":false,"excerpt":"El presidente ruso, Vladimir Putin, protagoniz\u00f3 el desfile del D\u00eda de la Victoria de Rusia el viernes, rodeado de l\u00edderes mundiales amigos en un espect\u00e1culo coreografiado con gran maestr\u00eda, dise\u00f1ado para mostrar al mundo occidental que Rusia est\u00e1 lejos del aislamiento.Mientras observaba c\u00f3mo miles de tropas marchaban por la Plaza\u2026","rel":"","context":"In &quot;Noticias Nacionales&quot;","block_context":{"text":"Noticias Nacionales","link":"https:\/\/noticiasya.com\/san-diego\/categoria\/noticias-nacionales"},"img":{"alt_text":"","src":"","width":0,"height":0},"classes":[]},{"id":1449254,"url":"https:\/\/noticiasya.com\/san-diego\/2024\/05\/08\/donde-celebra-dia-victoria-alemania-nazi-orix\/","url_meta":{"origin":1473630,"position":4},"title":"\u00bfD\u00f3nde y por qu\u00e9 se celebra el D\u00eda de la Victoria sobre la Alemania nazi?","author":"","date":"mayo 8, 2024","format":false,"excerpt":"(CNN Espa\u00f1ol) -- Casi seis a\u00f1os despu\u00e9s de que los primeros tanques alemanes cruzaran la frontera para invadir Polonia, la Segunda Guerra Mundial lleg\u00f3 a su fin en Europa mientras las tropas sovi\u00e9ticas celebraban la captura de Berl\u00edn y las fuerzas de Estados Unidos y el Reino Unido avanzaban sobre\u2026","rel":"","context":"In &quot;Noticias Nacionales&quot;","block_context":{"text":"Noticias Nacionales","link":"https:\/\/noticiasya.com\/san-diego\/categoria\/noticias-nacionales"},"img":{"alt_text":"","src":"","width":0,"height":0},"classes":[]},{"id":1466130,"url":"https:\/\/noticiasya.com\/san-diego\/2025\/09\/03\/xi-putin-hablando-inmortalidad-trasplantes-organos-trax\/","url_meta":{"origin":1473630,"position":5},"title":"Xi y Putin fueron escuchados hablando sobre inmortalidad y trasplantes de \u00f3rganos","author":"","date":"septiembre 3, 2025","format":false,"excerpt":"El l\u00edder chino Xi Jinping fue captado hablando sobre la posibilidad de vivir hasta los 150 a\u00f1os en un momento de micr\u00f3fono abierto con el presidente de Rusia, Vladimir Putin, y el l\u00edder de Corea del Norte, Kim Jong Un, este mi\u00e9rcoles.La conversaci\u00f3n entre el mandatario chino, de 72 a\u00f1os,\u2026","rel":"","context":"In &quot;Noticias Nacionales&quot;","block_context":{"text":"Noticias Nacionales","link":"https:\/\/noticiasya.com\/san-diego\/categoria\/noticias-nacionales"},"img":{"alt_text":"","src":"","width":0,"height":0},"classes":[]}],"jetpack_sharing_enabled":true,"_links":{"self":[{"href":"https:\/\/noticiasya.com\/san-diego\/wp-json\/wp\/v2\/posts\/1473630","targetHints":{"allow":["GET"]}}],"collection":[{"href":"https:\/\/noticiasya.com\/san-diego\/wp-json\/wp\/v2\/posts"}],"about":[{"href":"https:\/\/noticiasya.com\/san-diego\/wp-json\/wp\/v2\/types\/post"}],"replies":[{"embeddable":true,"href":"https:\/\/noticiasya.com\/san-diego\/wp-json\/wp\/v2\/comments?post=1473630"}],"version-history":[{"count":0,"href":"https:\/\/noticiasya.com\/san-diego\/wp-json\/wp\/v2\/posts\/1473630\/revisions"}],"wp:attachment":[{"href":"https:\/\/noticiasya.com\/san-diego\/wp-json\/wp\/v2\/media?parent=1473630"}],"wp:term":[{"taxonomy":"category","embeddable":true,"href":"https:\/\/noticiasya.com\/san-diego\/wp-json\/wp\/v2\/categories?post=1473630"},{"taxonomy":"post_tag","embeddable":true,"href":"https:\/\/noticiasya.com\/san-diego\/wp-json\/wp\/v2\/tags?post=1473630"}],"curies":[{"name":"wp","href":"https:\/\/api.w.org\/{rel}","templated":true}]}}