{"id":1473631,"date":"2026-04-29T07:03:52","date_gmt":"2026-04-29T14:03:52","guid":{"rendered":"https:\/\/noticiasya.com\/2026\/04\/29\/kimmel-comey-trump-libertad-expresion-trax\/"},"modified":"2026-04-29T07:03:52","modified_gmt":"2026-04-29T14:03:52","slug":"kimmel-comey-trump-libertad-expresion-trax","status":"publish","type":"post","link":"https:\/\/noticiasya.com\/san-diego\/2026\/04\/29\/kimmel-comey-trump-libertad-expresion-trax\/","title":{"rendered":"Los casos de Kimmel y Comey reflejan la negativa visi\u00f3n de Trump sobre la libertad de expresi\u00f3n de sus adversarios"},"content":{"rendered":"<p>Tres semanas despu\u00e9s de que el presidente de EE.UU., Donald Trump, asumiera su segundo mandato el a\u00f1o pasado, el vicepresidente J. D. Vance dio una tristemente c\u00e9lebre lecci\u00f3n a Europa sobre sus abusos a la libertad de expresi\u00f3n. Tambi\u00e9n hizo una promesa.<\/p>\n<p>\u201cAs\u00ed como la administraci\u00f3n Biden parec\u00eda desesperada por silenciar a quienes expresaban sus opiniones, la administraci\u00f3n Trump har\u00e1 precisamente lo contrario\u201d, <a href=\"https:\/\/www.cnn.com\/2025\/02\/14\/europe\/jd-vance-munich-speech-europe-voters-intl\">declar\u00f3 Vance en Munich, Alemania<\/a> . \u201cY espero que podamos colaborar en ello. En Washington, hay un nuevo sheriff en la ciudad\u201d.<\/p>\n<p>Desde entonces, sin embargo, el Gobierno de Trump parece empe\u00f1ado en hacer que Vance se retracte de sus palabras. Ha adoptado una <a href=\"https:\/\/www.cnn.com\/politics\/free-speech-trump-timeline-vis\">postura sumamente cr\u00edtica respecto a la libertad de expresi\u00f3n<\/a>, al menos en lo que respecta a los opositores de Trump y otros grupos que no gozan de su favor.<\/p>\n<p>Y quiz\u00e1s ning\u00fan d\u00eda lo ha dejado tan claro como el martes.<\/p>\n<p>Desde el principio, supimos que la Comisi\u00f3n Federal de Comunicaciones (FCC, por sus siglas en ingl\u00e9s) estaba dando el paso sorprendente de <a href=\"https:\/\/www.cnn.com\/2026\/04\/28\/media\/fcc-kimmel-disney-abc-trump-licenses\">impugnar las licencias de las estaciones de ABC<\/a>, mientras Trump, una vez m\u00e1s, ped\u00eda que la cadena castigara al presentador Jimmy Kimmel por un chiste. Poco despu\u00e9s, supimos que la administraci\u00f3n hab\u00eda logrado una acusaci\u00f3n formal contra el exdirector <a href=\"https:\/\/www.cnn.com\/2026\/04\/28\/politics\/justice-department-indicts-ex-fbi-director-james-comey-again\">del FBI, James Comey,<\/a> por una conducta que, al igual que el chiste de Kimmel, parece constituir un discurso protegido por la Constituci\u00f3n.<\/p>\n<p>Ambos representan segundos intentos para castigar a los adversarios despu\u00e9s de que los primeros no dieran resultado. Y, en cada caso, se podr\u00eda decir que son incluso m\u00e1s transparentes que los esfuerzos iniciales.<\/p>\n<p>En el caso de Kimmel, la FCC orden\u00f3 la revisi\u00f3n de las licencias de la emisora, alegando que estaba vinculada a una investigaci\u00f3n sobre las pr\u00e1cticas de diversidad de su empresa matriz, Disney, despu\u00e9s de que el comediante contara un chiste sobre la muerte de Trump. El comentario ofensivo se refer\u00eda a que la primera dama Melania Trump ten\u00eda el \u201cbrillo de una viuda embarazada\u201d. El presidente hab\u00eda pedido el despido de Kimmel.<\/p>\n<p>Esto se produce tras un incidente anterior en el que ABC <a href=\"https:\/\/www.cnn.com\/2025\/09\/17\/media\/jimmy-kimmel-charlie-kirk-trump-fcc-brendan-carr\">suspendi\u00f3 brevemente el programa de Kimmel<\/a> en medio de amenazas del presidente de la FCC, Brendan Carr, por otro chiste de Kimmel, en este caso sobre la posibilidad de que el asesino del activista conservador Charlie Kirk fuera partidario del movimiento MAGA (lo cual nunca ha parecido ser cierto).<\/p>\n<p>Que alguno de esos chistes fuera bueno o incluso de buen gusto no viene al caso; la cuesti\u00f3n es que ambos parecen estar dentro de los l\u00edmites de la libertad de expresi\u00f3n protegida.<\/p>\n<p>Si bien la broma de Kimmel sobre la muerte del presidente tuvo un significado diferente despu\u00e9s de que un hombre armado fuera arrestado en el piso superior al de Trump durante la Cena de Corresponsales de la Casa Blanca, el fin de semana, no se trat\u00f3 de una amenaza. Kimmel explic\u00f3 que simplemente bromeaba sobre la diferencia de edad entre Melania Trump, de 56 a\u00f1os, y Trump, de 79 a\u00f1os, y visiblemente envejecido.<\/p>\n<p>En el incidente anterior con Kimmel, Carr afirm\u00f3 que <a href=\"https:\/\/www.theguardian.com\/us-news\/2025\/sep\/30\/fcc-brendan-carr-jimmy-kimmel-networks\">en realidad no estaba amenazando a ABC<\/a> (a pesar de haber dicho que las cosas pod\u00edan resolverse \u201cpor las buenas o por las malas\u201d). Parte de las cr\u00edticas tambi\u00e9n se centraban en que Kimmel estaba difundiendo informaci\u00f3n err\u00f3nea sobre un asesino.<\/p>\n<p>Pero ambas afirmaciones quedan descartadas esta vez, ya que la FCC toma la medida trascendental y poco com\u00fan de revisar las licencias de radiodifusi\u00f3n, en lugar de simplemente sugerir que otros hagan algo. A pesar de las afirmaciones de la FCC, es dif\u00edcil argumentar que este episodio se trate de otra cosa que no sea castigar una broma que no le gust\u00f3 a la Casa Blanca.<\/p>\n<p>La <a href=\"https:\/\/www.cnn.com\/2026\/04\/28\/politics\/justice-department-indicts-ex-fbi-director-james-comey-again\">acusaci\u00f3n contra Comey<\/a> presenta una din\u00e1mica similar.<\/p>\n<p>Al igual que con Kimmel, el Gobierno intent\u00f3 perseguir al exjefe del FBI por un asunto distinto que no prosper\u00f3: concretamente, una <a href=\"https:\/\/www.cnn.com\/2025\/09\/27\/politics\/indictment-comey-trump-difference\">acusaci\u00f3n formal de septiembre por supuestas declaraciones falsas ante el Congreso<\/a> .<\/p>\n<p>Sin embargo, incluso los juristas m\u00e1s conservadores se mostraron <a href=\"https:\/\/www.cnn.com\/2025\/10\/10\/politics\/letitia-james-comey-trump-enemies-prosecutions\">bastante esc\u00e9pticos ante esas acusaciones<\/a> . Al parecer, el caso era tan d\u00e9bil que el jurado investigador rechaz\u00f3 una acusaci\u00f3n y aprob\u00f3 por un margen muy estrecho otras dos, a pesar de que un jurado investigador rara vez rechaza las acusaciones.<\/p>\n<p>El caso fue desestimado cuando se dictamin\u00f3 que el fiscal estadounidense que lo hab\u00eda conseguido estaba desempe\u00f1ando el cargo ilegalmente.<\/p>\n<p>Pero en lugar de conseguir una nueva acusaci\u00f3n formal por esos cargos, el Departamento de Justicia ha optado por un caso completamente aparte, uno que se deriva de la publicaci\u00f3n por parte de Comey de una imagen de conchas marinas dispuestas para formar los n\u00fameros \u201c86 47\u201d.<\/p>\n<p>Trump y altos funcionarios de la administraci\u00f3n afirmaron, cuando \u00e9l public\u00f3 el mensaje el a\u00f1o pasado, que se <a href=\"https:\/\/www.cnn.com\/2025\/05\/17\/politics\/james-comey-social-media\">trataba de una amenaza o incluso de traici\u00f3n<\/a> , a pesar de que \u201c86\u201d tiene muchos significados que no son \u201cmatar\u201d. (\u201c47\u201d es la abreviatura de Trump, el 47.\u00ba presidente). Comey dijo que no sab\u00eda que pudiera tener ese significado y borr\u00f3 r\u00e1pidamente la publicaci\u00f3n.<\/p>\n<p>La administraci\u00f3n parece enfrentarse a una tarea igualmente ardua para lograr una condena en este caso. No solo debe convencer al jurado de que \u201c86\u201d constituye una amenaza \u2014lo cual podr\u00eda ser especialmente dif\u00edcil dado que Comey afirma que encontr\u00f3 las conchas por casualidad, en lugar de haberlos colocado \u00e9l mismo\u2014, sino que, seg\u00fan <a href=\"https:\/\/www.cnn.com\/2025\/05\/16\/politics\/prosecuting-comey-may-be-fruitless-experts-say\">precedentes recientes de la Corte Suprema,<\/a> tambi\u00e9n debe probar que Comey ten\u00eda \u201ccierta comprensi\u00f3n subjetiva de la naturaleza amenazante de sus declaraciones\u201d.<\/p>\n<p>Es un list\u00f3n muy alto. Y los expertos dudan de que se pueda superar.<\/p>\n<p>Dicho esto, lograr una condena contra Comey o revocar las licencias de ABC tras un proceso de revisi\u00f3n que se prev\u00e9 largo probablemente no sea lo importante. Adem\u00e1s, hay mucho que decir sobre incomodar a quienes no te caen bien y enviar un mensaje a quienes podr\u00edan perjudicarte.<\/p>\n<p>Y la administraci\u00f3n ha dejado claro que los derechos de libertad de expresi\u00f3n de sus adversarios le preocupan poco en ese sentido.<\/p>\n<p>Los fiscales federales, por supuesto, intentaron previamente imputar a seis miembros dem\u00f3cratas del Congreso por instar a los militares a no obedecer \u00f3rdenes ilegales de Trump, a pesar de que esa es una directriz que ya se les da a los miembros del servicio. Un jurado investigador <a href=\"https:\/\/www.cnn.com\/2026\/02\/10\/politics\/jury-declines-to-indict-lawmakers-illegal-orders-video\">rechaz\u00f3 esos cargos<\/a>.<\/p>\n<p>El Departamento de Defensa puso en marcha una pol\u00edtica de prensa restrictiva para los periodistas del Pent\u00e1gono, que posteriormente fue anulada.<\/p>\n<p>La administraci\u00f3n ha intentado deportar a los inmigrantes legales que han expresado su apoyo a los palestinos.<\/p>\n<p>Trump ha presentado demandas poco s\u00f3lidas contra organizaciones de medios de comunicaci\u00f3n con cuya cobertura no est\u00e1 de acuerdo.<\/p>\n<p>Y tras el asesinato de Kirk, la entonces secretaria de Justicia, Pam Bondi, adelant\u00f3 brevemente <a href=\"https:\/\/www.cnn.com\/2025\/09\/16\/politics\/pam-bondi-hate-speech-conservatives-analysis\">una ofensiva planeada contra el discurso de odio<\/a>, a pesar de que el discurso de odio est\u00e1 protegido por la jurisprudencia de la Corte Suprema.<\/p>\n<p>Ese episodio, junto con el primer cap\u00edtulo de Kimmel emitido casi al mismo tiempo, son algunos de los pocos casos en los que incluso los defensores conservadores de la libertad de expresi\u00f3n se opusieron a la administraci\u00f3n y lograron que retrocediera.<\/p>\n<p>Pero est\u00e1 claro que a\u00fan no ha terminado de forzar los l\u00edmites, de maneras que contradicen lo que prometi\u00f3 en virtud de la Primera Enmienda.<\/p>\n<p>The-CNN-Wire<br \/>&trade; &amp; &copy; 2026 Cable News Network, Inc., a Warner Bros. Discovery Company. All rights reserved.<\/p>\n","protected":false},"excerpt":{"rendered":"<p>Tres semanas despu\u00e9s de que el presidente de EE.UU., Donald Trump, asumiera su segundo mandato el a\u00f1o pasado, el vicepresidente J. D. Vance dio una tristemente c\u00e9lebre lecci\u00f3n a Europa sobre sus abusos a la libertad de expresi\u00f3n. Tambi\u00e9n hizo una promesa. \u201cAs\u00ed como la administraci\u00f3n Biden parec\u00eda desesperada por silenciar a quienes expresaban sus [&hellip;]<\/p>\n","protected":false},"author":0,"featured_media":0,"comment_status":"open","ping_status":"open","sticky":false,"template":"","format":"standard","meta":{"_jetpack_memberships_contains_paid_content":false,"footnotes":""},"categories":[10],"tags":[],"class_list":["post-1473631","post","type-post","status-publish","format-standard","hentry","category-noticias-nacionales","market-global"],"yoast_head":"<!-- This site is optimized with the Yoast SEO plugin v24.4 - https:\/\/yoast.com\/wordpress\/plugins\/seo\/ -->\n<title>Los casos de Kimmel y Comey reflejan la negativa visi\u00f3n de Trump sobre la libertad de expresi\u00f3n de sus adversarios - Noticias<\/title>\n<meta name=\"robots\" content=\"index, follow, max-snippet:-1, max-image-preview:large, max-video-preview:-1\" \/>\n<link rel=\"canonical\" href=\"https:\/\/noticiasya.com\/2026\/04\/29\/kimmel-comey-trump-libertad-expresion-trax\/\" \/>\n<meta property=\"og:locale\" content=\"es_ES\" \/>\n<meta property=\"og:type\" content=\"article\" \/>\n<meta property=\"og:title\" content=\"Los casos de Kimmel y Comey reflejan la negativa visi\u00f3n de Trump sobre la libertad de expresi\u00f3n de sus adversarios - Noticias\" \/>\n<meta property=\"og:description\" content=\"Tres semanas despu\u00e9s de que el presidente de EE.UU., Donald Trump, asumiera su segundo mandato el a\u00f1o pasado, el vicepresidente J. D. Vance dio una tristemente c\u00e9lebre lecci\u00f3n a Europa sobre sus abusos a la libertad de expresi\u00f3n. Tambi\u00e9n hizo una promesa. \u201cAs\u00ed como la administraci\u00f3n Biden parec\u00eda desesperada por silenciar a quienes expresaban sus [&hellip;]\" \/>\n<meta property=\"og:url\" content=\"https:\/\/noticiasya.com\/2026\/04\/29\/kimmel-comey-trump-libertad-expresion-trax\/\" \/>\n<meta property=\"og:site_name\" content=\"Noticias\" \/>\n<meta property=\"article:published_time\" content=\"2026-04-29T14:03:52+00:00\" \/>\n<meta name=\"twitter:card\" content=\"summary_large_image\" \/>\n<meta name=\"twitter:label1\" content=\"Est. reading time\" \/>\n\t<meta name=\"twitter:data1\" content=\"7 minutos\" \/>\n<script type=\"application\/ld+json\" class=\"yoast-schema-graph\">{\"@context\":\"https:\/\/schema.org\",\"@graph\":[{\"@type\":\"Article\",\"@id\":\"https:\/\/noticiasya.com\/2026\/04\/29\/kimmel-comey-trump-libertad-expresion-trax\/#article\",\"isPartOf\":{\"@id\":\"https:\/\/noticiasya.com\/2026\/04\/29\/kimmel-comey-trump-libertad-expresion-trax\/\"},\"author\":{\"name\":\"\",\"@id\":\"\"},\"headline\":\"Los casos de Kimmel y Comey reflejan la negativa visi\u00f3n de Trump sobre la libertad de expresi\u00f3n de sus adversarios\",\"datePublished\":\"2026-04-29T14:03:52+00:00\",\"mainEntityOfPage\":{\"@id\":\"https:\/\/noticiasya.com\/2026\/04\/29\/kimmel-comey-trump-libertad-expresion-trax\/\"},\"wordCount\":1332,\"commentCount\":0,\"publisher\":{\"@id\":\"https:\/\/noticiasya.com\/#organization\"},\"articleSection\":[\"Noticias Nacionales\"],\"inLanguage\":\"es\",\"potentialAction\":[{\"@type\":\"CommentAction\",\"name\":\"Comment\",\"target\":[\"https:\/\/noticiasya.com\/2026\/04\/29\/kimmel-comey-trump-libertad-expresion-trax\/#respond\"]}]},{\"@type\":\"WebPage\",\"@id\":\"https:\/\/noticiasya.com\/2026\/04\/29\/kimmel-comey-trump-libertad-expresion-trax\/\",\"url\":\"https:\/\/noticiasya.com\/2026\/04\/29\/kimmel-comey-trump-libertad-expresion-trax\/\",\"name\":\"Los casos de Kimmel y Comey reflejan la negativa visi\u00f3n de Trump sobre la libertad de expresi\u00f3n de sus adversarios - Noticias\",\"isPartOf\":{\"@id\":\"https:\/\/noticiasya.com\/#website\"},\"datePublished\":\"2026-04-29T14:03:52+00:00\",\"breadcrumb\":{\"@id\":\"https:\/\/noticiasya.com\/2026\/04\/29\/kimmel-comey-trump-libertad-expresion-trax\/#breadcrumb\"},\"inLanguage\":\"es\",\"potentialAction\":[{\"@type\":\"ReadAction\",\"target\":[\"https:\/\/noticiasya.com\/2026\/04\/29\/kimmel-comey-trump-libertad-expresion-trax\/\"]}]},{\"@type\":\"BreadcrumbList\",\"@id\":\"https:\/\/noticiasya.com\/2026\/04\/29\/kimmel-comey-trump-libertad-expresion-trax\/#breadcrumb\",\"itemListElement\":[{\"@type\":\"ListItem\",\"position\":1,\"name\":\"Home\",\"item\":\"https:\/\/noticiasya.com\/\"},{\"@type\":\"ListItem\",\"position\":2,\"name\":\"Los casos de Kimmel y Comey reflejan la negativa visi\u00f3n de Trump sobre la libertad de expresi\u00f3n de sus adversarios\"}]},{\"@type\":\"WebSite\",\"@id\":\"https:\/\/noticiasya.com\/#website\",\"url\":\"https:\/\/noticiasya.com\/\",\"name\":\"Noticias\",\"description\":\"Lo que importa\",\"publisher\":{\"@id\":\"https:\/\/noticiasya.com\/#organization\"},\"potentialAction\":[{\"@type\":\"SearchAction\",\"target\":{\"@type\":\"EntryPoint\",\"urlTemplate\":\"https:\/\/noticiasya.com\/?s={search_term_string}\"},\"query-input\":{\"@type\":\"PropertyValueSpecification\",\"valueRequired\":true,\"valueName\":\"search_term_string\"}}],\"inLanguage\":\"es\"},{\"@type\":\"Organization\",\"@id\":\"https:\/\/noticiasya.com\/#organization\",\"name\":\"Noticias\",\"url\":\"https:\/\/noticiasya.com\/\",\"logo\":{\"@type\":\"ImageObject\",\"inLanguage\":\"es\",\"@id\":\"https:\/\/noticiasya.com\/#\/schema\/logo\/image\/\",\"url\":\"https:\/\/noticiasya.com\/wp-content\/uploads\/sites\/22\/2023\/12\/logo-nacional.png\",\"contentUrl\":\"https:\/\/noticiasya.com\/wp-content\/uploads\/sites\/22\/2023\/12\/logo-nacional.png\",\"width\":1801,\"height\":691,\"caption\":\"Noticias\"},\"image\":{\"@id\":\"https:\/\/noticiasya.com\/#\/schema\/logo\/image\/\"}}]}<\/script>\n<!-- \/ Yoast SEO plugin. -->","yoast_head_json":{"title":"Los casos de Kimmel y Comey reflejan la negativa visi\u00f3n de Trump sobre la libertad de expresi\u00f3n de sus adversarios - Noticias","robots":{"index":"index","follow":"follow","max-snippet":"max-snippet:-1","max-image-preview":"max-image-preview:large","max-video-preview":"max-video-preview:-1"},"canonical":"https:\/\/noticiasya.com\/2026\/04\/29\/kimmel-comey-trump-libertad-expresion-trax\/","og_locale":"es_ES","og_type":"article","og_title":"Los casos de Kimmel y Comey reflejan la negativa visi\u00f3n de Trump sobre la libertad de expresi\u00f3n de sus adversarios - Noticias","og_description":"Tres semanas despu\u00e9s de que el presidente de EE.UU., Donald Trump, asumiera su segundo mandato el a\u00f1o pasado, el vicepresidente J. D. Vance dio una tristemente c\u00e9lebre lecci\u00f3n a Europa sobre sus abusos a la libertad de expresi\u00f3n. Tambi\u00e9n hizo una promesa. \u201cAs\u00ed como la administraci\u00f3n Biden parec\u00eda desesperada por silenciar a quienes expresaban sus [&hellip;]","og_url":"https:\/\/noticiasya.com\/2026\/04\/29\/kimmel-comey-trump-libertad-expresion-trax\/","og_site_name":"Noticias","article_published_time":"2026-04-29T14:03:52+00:00","twitter_card":"summary_large_image","twitter_misc":{"Est. reading time":"7 minutos"},"schema":{"@context":"https:\/\/schema.org","@graph":[{"@type":"Article","@id":"https:\/\/noticiasya.com\/2026\/04\/29\/kimmel-comey-trump-libertad-expresion-trax\/#article","isPartOf":{"@id":"https:\/\/noticiasya.com\/2026\/04\/29\/kimmel-comey-trump-libertad-expresion-trax\/"},"author":{"name":"","@id":""},"headline":"Los casos de Kimmel y Comey reflejan la negativa visi\u00f3n de Trump sobre la libertad de expresi\u00f3n de sus adversarios","datePublished":"2026-04-29T14:03:52+00:00","mainEntityOfPage":{"@id":"https:\/\/noticiasya.com\/2026\/04\/29\/kimmel-comey-trump-libertad-expresion-trax\/"},"wordCount":1332,"commentCount":0,"publisher":{"@id":"https:\/\/noticiasya.com\/#organization"},"articleSection":["Noticias Nacionales"],"inLanguage":"es","potentialAction":[{"@type":"CommentAction","name":"Comment","target":["https:\/\/noticiasya.com\/2026\/04\/29\/kimmel-comey-trump-libertad-expresion-trax\/#respond"]}]},{"@type":"WebPage","@id":"https:\/\/noticiasya.com\/2026\/04\/29\/kimmel-comey-trump-libertad-expresion-trax\/","url":"https:\/\/noticiasya.com\/2026\/04\/29\/kimmel-comey-trump-libertad-expresion-trax\/","name":"Los casos de Kimmel y Comey reflejan la negativa visi\u00f3n de Trump sobre la libertad de expresi\u00f3n de sus adversarios - Noticias","isPartOf":{"@id":"https:\/\/noticiasya.com\/#website"},"datePublished":"2026-04-29T14:03:52+00:00","breadcrumb":{"@id":"https:\/\/noticiasya.com\/2026\/04\/29\/kimmel-comey-trump-libertad-expresion-trax\/#breadcrumb"},"inLanguage":"es","potentialAction":[{"@type":"ReadAction","target":["https:\/\/noticiasya.com\/2026\/04\/29\/kimmel-comey-trump-libertad-expresion-trax\/"]}]},{"@type":"BreadcrumbList","@id":"https:\/\/noticiasya.com\/2026\/04\/29\/kimmel-comey-trump-libertad-expresion-trax\/#breadcrumb","itemListElement":[{"@type":"ListItem","position":1,"name":"Home","item":"https:\/\/noticiasya.com\/"},{"@type":"ListItem","position":2,"name":"Los casos de Kimmel y Comey reflejan la negativa visi\u00f3n de Trump sobre la libertad de expresi\u00f3n de sus adversarios"}]},{"@type":"WebSite","@id":"https:\/\/noticiasya.com\/#website","url":"https:\/\/noticiasya.com\/","name":"Noticias","description":"Lo que importa","publisher":{"@id":"https:\/\/noticiasya.com\/#organization"},"potentialAction":[{"@type":"SearchAction","target":{"@type":"EntryPoint","urlTemplate":"https:\/\/noticiasya.com\/?s={search_term_string}"},"query-input":{"@type":"PropertyValueSpecification","valueRequired":true,"valueName":"search_term_string"}}],"inLanguage":"es"},{"@type":"Organization","@id":"https:\/\/noticiasya.com\/#organization","name":"Noticias","url":"https:\/\/noticiasya.com\/","logo":{"@type":"ImageObject","inLanguage":"es","@id":"https:\/\/noticiasya.com\/#\/schema\/logo\/image\/","url":"https:\/\/noticiasya.com\/wp-content\/uploads\/sites\/22\/2023\/12\/logo-nacional.png","contentUrl":"https:\/\/noticiasya.com\/wp-content\/uploads\/sites\/22\/2023\/12\/logo-nacional.png","width":1801,"height":691,"caption":"Noticias"},"image":{"@id":"https:\/\/noticiasya.com\/#\/schema\/logo\/image\/"}}]}},"parsely":{"version":"1.1.0","canonical_url":"https:\/\/noticiasya.com\/san-diego\/2026\/04\/29\/kimmel-comey-trump-libertad-expresion-trax\/","smart_links":{"inbound":0,"outbound":0},"traffic_boost_suggestions_count":0,"meta":{"@context":"https:\/\/schema.org","@type":"NewsArticle","headline":"Los casos de Kimmel y Comey reflejan la negativa visi\u00f3n de Trump sobre la libertad de expresi\u00f3n de sus adversarios","url":"http:\/\/noticiasya.com\/san-diego\/2026\/04\/29\/kimmel-comey-trump-libertad-expresion-trax\/","mainEntityOfPage":{"@type":"WebPage","@id":"http:\/\/noticiasya.com\/san-diego\/2026\/04\/29\/kimmel-comey-trump-libertad-expresion-trax\/"},"thumbnailUrl":"","image":{"@type":"ImageObject","url":""},"articleSection":"Noticias Nacionales","author":[],"creator":[],"publisher":{"@type":"Organization","name":"Noticias","logo":""},"keywords":[],"dateCreated":"2026-04-29T14:03:52Z","datePublished":"2026-04-29T14:03:52Z","dateModified":"2026-04-29T14:03:52Z"},"rendered":"<script type=\"application\/ld+json\" class=\"wp-parsely-metadata\">{\"@context\":\"https:\\\/\\\/schema.org\",\"@type\":\"NewsArticle\",\"headline\":\"Los casos de Kimmel y Comey reflejan la negativa visi\\u00f3n de Trump sobre la libertad de expresi\\u00f3n de sus adversarios\",\"url\":\"http:\\\/\\\/noticiasya.com\\\/san-diego\\\/2026\\\/04\\\/29\\\/kimmel-comey-trump-libertad-expresion-trax\\\/\",\"mainEntityOfPage\":{\"@type\":\"WebPage\",\"@id\":\"http:\\\/\\\/noticiasya.com\\\/san-diego\\\/2026\\\/04\\\/29\\\/kimmel-comey-trump-libertad-expresion-trax\\\/\"},\"thumbnailUrl\":\"\",\"image\":{\"@type\":\"ImageObject\",\"url\":\"\"},\"articleSection\":\"Noticias Nacionales\",\"author\":[],\"creator\":[],\"publisher\":{\"@type\":\"Organization\",\"name\":\"Noticias\",\"logo\":\"\"},\"keywords\":[],\"dateCreated\":\"2026-04-29T14:03:52Z\",\"datePublished\":\"2026-04-29T14:03:52Z\",\"dateModified\":\"2026-04-29T14:03:52Z\"}<\/script>","tracker_url":"https:\/\/cdn.parsely.com\/keys\/noticiasya.com\/p.js"},"jetpack_featured_media_url":"","jetpack-related-posts":[{"id":1458768,"url":"https:\/\/noticiasya.com\/san-diego\/2025\/02\/15\/analisis-vance-autoritarismo-europa-lideres-trax\/","url_meta":{"origin":1473631,"position":0},"title":"AN\u00c1LISIS | Vance utiliza verdades a medias para aleccionar a un p\u00fablico europeo consciente de la amenaza del autoritarismo","author":"","date":"febrero 15, 2025","format":false,"excerpt":"Parec\u00eda un discurso que, de haberse pronunciado en X.com, seguramente estar\u00eda lleno de notas de la comunidad.El vicepresidente de Estados Unidos, J. D. Vance, sube al escenario en Munich, para destripar el totalitarismo en Europa. Pero no en Mosc\u00fa, especialmente tras su salvaje invasi\u00f3n de Ucrania. En su lugar, en\u2026","rel":"","context":"In &quot;Noticias Nacionales&quot;","block_context":{"text":"Noticias Nacionales","link":"https:\/\/noticiasya.com\/san-diego\/categoria\/noticias-nacionales"},"img":{"alt_text":"","src":"","width":0,"height":0},"classes":[]},{"id":1466815,"url":"https:\/\/noticiasya.com\/san-diego\/2025\/09\/25\/obama-trump-tylenol-violencia-trax\/","url_meta":{"origin":1473631,"position":1},"title":"Obama afirma que el anuncio de Trump sobre el Tylenol fue &#171;violencia contra la verdad&#187;","author":"","date":"septiembre 25, 2025","format":false,"excerpt":"El expresidente de EE.UU. Barack Obama afirm\u00f3 el mi\u00e9rcoles que la administraci\u00f3n Trump incurri\u00f3 en \u201cviolencia contra la verdad\u201d con sus anuncios de esta semana que vinculan el autismo con el Tylenol, conocido gen\u00e9ricamente como acetaminof\u00e9n o paracetamol.\u201cTenemos el espect\u00e1culo de mi sucesor en la Oficina Oval haciendo afirmaciones generales\u2026","rel":"","context":"In &quot;Noticias Nacionales&quot;","block_context":{"text":"Noticias Nacionales","link":"https:\/\/noticiasya.com\/san-diego\/categoria\/noticias-nacionales"},"img":{"alt_text":"","src":"","width":0,"height":0},"classes":[]},{"id":1459686,"url":"https:\/\/noticiasya.com\/san-diego\/2025\/03\/09\/hasta-donde-podria-llegar-jd-vance-trax\/","url_meta":{"origin":1473631,"position":2},"title":"\u00bfHasta d\u00f3nde podr\u00eda llegar J. D. Vance?","author":"","date":"marzo 9, 2025","format":false,"excerpt":"J. D. Vance es un tipo diferente de vicepresidente.No es el amo maquiav\u00e9lico de Washington que trabaja en las sombras, como Dick Cheney, ni el hombre de confianza en pol\u00edtica exterior, como George H. W. Bush o Joe Biden.En cambio, el joven Vance parece haberse convertido en la personificaci\u00f3n de\u2026","rel":"","context":"In &quot;Noticias Nacionales&quot;","block_context":{"text":"Noticias Nacionales","link":"https:\/\/noticiasya.com\/san-diego\/categoria\/noticias-nacionales"},"img":{"alt_text":"","src":"","width":0,"height":0},"classes":[]},{"id":1460419,"url":"https:\/\/noticiasya.com\/san-diego\/2025\/03\/25\/claves-revelo-error-chat-signal-trax\/","url_meta":{"origin":1473631,"position":3},"title":"Desprecio por Europa, amor por los emojis y otras claves que revel\u00f3 del error del chat de Signal","author":"","date":"marzo 25, 2025","format":false,"excerpt":"La parte m\u00e1s importante del error de Signal sigue siendo el hecho de que el secretario de Defensa public\u00f3 informaci\u00f3n sensible sobre un ataque inminente en un chat de Signal organizado por el asesor de Seguridad Nacional que, inadvertidamente, incluy\u00f3 a Jeffrey Goldberg, de The Atlantic.La b\u00fasqueda de responsables, en\u2026","rel":"","context":"In &quot;Noticias Nacionales&quot;","block_context":{"text":"Noticias Nacionales","link":"https:\/\/noticiasya.com\/san-diego\/categoria\/noticias-nacionales"},"img":{"alt_text":"","src":"","width":0,"height":0},"classes":[]},{"id":1457780,"url":"https:\/\/noticiasya.com\/san-diego\/2025\/01\/22\/desinformacion-decreto-trump-censura-gubernamental-trax\/","url_meta":{"origin":1473631,"position":4},"title":"Expertos en desinformaci\u00f3n califican de &#171;ataque directo a la realidad&#187; el decreto de Trump sobre censura gubernamental","author":"","date":"enero 22, 2025","format":false,"excerpt":"Una de las primeras medidas del presidente Donald Trump al regresar al Despacho Oval el lunes fue firmar un decreto dirigido a \u201crestaurar la libertad de expresi\u00f3n y poner fin a la censura federal\u201d de los ciudadanos estadounidenses.El decreto proh\u00edbe a los funcionarios federales cualquier conducta que \u201ccoarte inconstitucionalmente la\u2026","rel":"","context":"In &quot;Noticias Nacionales&quot;","block_context":{"text":"Noticias Nacionales","link":"https:\/\/noticiasya.com\/san-diego\/categoria\/noticias-nacionales"},"img":{"alt_text":"","src":"","width":0,"height":0},"classes":[]},{"id":1458786,"url":"https:\/\/noticiasya.com\/san-diego\/2025\/02\/15\/scholz-alemanes-decidiran-democracia-contraataca-vance-trax\/","url_meta":{"origin":1473631,"position":5},"title":"Scholz dice que los alemanes decidir\u00e1n por s\u00ed mismos su democracia y contraataca a Vance","author":"","date":"febrero 15, 2025","format":false,"excerpt":"El canciller de Alemania, Olaf Scholz, rechaz\u00f3 las injerencias \u201cexternas\u201d en las elecciones del pa\u00eds, insistiendo en que los alemanes decidir\u00e1n su democracia por s\u00ed mismos, en respuesta a los comentarios realizados el d\u00eda anterior por el vicepresidente de Estados Unidos, J. D. Vance.Vance pronunci\u00f3 el viernes un mordaz discurso\u2026","rel":"","context":"In &quot;Noticias Nacionales&quot;","block_context":{"text":"Noticias Nacionales","link":"https:\/\/noticiasya.com\/san-diego\/categoria\/noticias-nacionales"},"img":{"alt_text":"","src":"","width":0,"height":0},"classes":[]}],"jetpack_sharing_enabled":true,"_links":{"self":[{"href":"https:\/\/noticiasya.com\/san-diego\/wp-json\/wp\/v2\/posts\/1473631","targetHints":{"allow":["GET"]}}],"collection":[{"href":"https:\/\/noticiasya.com\/san-diego\/wp-json\/wp\/v2\/posts"}],"about":[{"href":"https:\/\/noticiasya.com\/san-diego\/wp-json\/wp\/v2\/types\/post"}],"replies":[{"embeddable":true,"href":"https:\/\/noticiasya.com\/san-diego\/wp-json\/wp\/v2\/comments?post=1473631"}],"version-history":[{"count":0,"href":"https:\/\/noticiasya.com\/san-diego\/wp-json\/wp\/v2\/posts\/1473631\/revisions"}],"wp:attachment":[{"href":"https:\/\/noticiasya.com\/san-diego\/wp-json\/wp\/v2\/media?parent=1473631"}],"wp:term":[{"taxonomy":"category","embeddable":true,"href":"https:\/\/noticiasya.com\/san-diego\/wp-json\/wp\/v2\/categories?post=1473631"},{"taxonomy":"post_tag","embeddable":true,"href":"https:\/\/noticiasya.com\/san-diego\/wp-json\/wp\/v2\/tags?post=1473631"}],"curies":[{"name":"wp","href":"https:\/\/api.w.org\/{rel}","templated":true}]}}