{"id":1473632,"date":"2026-04-29T07:03:53","date_gmt":"2026-04-29T14:03:53","guid":{"rendered":"https:\/\/noticiasya.com\/2026\/04\/29\/nuevo-presidente-fed-warsh-recorte-tasas-interes-improbable-trax\/"},"modified":"2026-04-29T07:03:53","modified_gmt":"2026-04-29T14:03:53","slug":"nuevo-presidente-fed-warsh-recorte-tasas-interes-improbable-trax","status":"publish","type":"post","link":"https:\/\/noticiasya.com\/san-diego\/2026\/04\/29\/nuevo-presidente-fed-warsh-recorte-tasas-interes-improbable-trax\/","title":{"rendered":"Nuevo presidente de la Fed, misma realidad: es improbable que recorten pronto las tasas de inter\u00e9s incluso si asume Warsh"},"content":{"rendered":"<p>Kevin Warsh, el candidato elegido por el presidente Donald Trump para dirigir la Reserva Federal, se encuentra ahora firmemente encaminado a asumir una de las posiciones m\u00e1s poderosas de la econom\u00eda mundial, y podr\u00eda impulsar una agenda que se alinee con el deseo de Trump de mantener tasas de inter\u00e9s m\u00e1s bajas.<\/p>\n<p>Aun as\u00ed, incluso con Warsh al mando, no ser\u00e1 f\u00e1cil lograr una reducci\u00f3n significativa de las tasas de inter\u00e9s, algo que el presidente ha dejado claro que desea, llegando incluso a bromear con que demandar\u00eda a Warsh si este no recorta las tasas.<\/p>\n<p>Sin embargo, los funcionarios de la Reserva Federal suelen reducir los costos de endeudamiento \u00fanicamente si la inflaci\u00f3n se est\u00e1 desacelerando, si el desempleo est\u00e1 aumentando (y corre el riesgo de seguir subiendo) o si se da una combinaci\u00f3n de ambos factores, y ninguna de estas situaciones est\u00e1 ocurriendo actualmente. Esto significa que, en este momento, existen cuatro obst\u00e1culos que se interponen en el camino hacia un recorte de tasas:<\/p>\n<ul>\n<li>Los precios de la energ\u00eda se mantienen elevados por la guerra de Estados Unidos e Israel con Ir\u00e1n.<\/li>\n<li>El gasto de los consumidores ha sido s\u00f3lido, tal como evidencian los robustos resultados financieros de las empresas estadounidenses durante los primeros tres meses del a\u00f1o.<\/li>\n<li>El mercado laboral estadounidense sigue siendo d\u00e9bil, aunque parece haberse estabilizado.<\/li>\n<li>El presidente de la Reserva Federal no posee autoridad unilateral sobre las decisiones relativas a las tasas de inter\u00e9s que toma el banco central de Estados Unidos.<\/li>\n<\/ul>\n<p>Si bien el conflicto con Ir\u00e1n ha impulsado al alza la inflaci\u00f3n, la econom\u00eda estadounidense est\u00e1 demostrando una resiliencia sorprendente. Esto permite a los funcionarios de la Reserva Federal actuar con prudencia, manteni\u00e9ndose a la expectativa para observar c\u00f3mo se desarrollan los acontecimientos antes de tomar la decisi\u00f3n de subir o bajar las tasas, tal como han expresado varios de ellos en discursos p\u00fablicos recientes.<\/p>\n<p>La Comisi\u00f3n Bancaria del Senado, encargada de ratificar a los candidatos propuestos para la Reserva Federal, tiene previsto votar la nominaci\u00f3n de Warsh en la ma\u00f1ana del mi\u00e9rcoles. De ser confirmado para ocupar la presidencia de la Reserva Federal, Warsh ejercer\u00eda una influencia inmensa, controlando la agenda de cada una de las reuniones del organismo. No obstante, seguir\u00eda siendo tan solo un voto dentro del comit\u00e9 de 12 miembros encargado de fijar las tasas de inter\u00e9s de la Reserva Federal, que toma sus decisiones por consenso.<\/p>\n<p>\u201cWarsh se encuentra en la desafortunada posici\u00f3n \u2014ajena por completo a su voluntad\u2014 de ser, probablemente, el presidente de la Reserva Federal con menor influencia en mucho tiempo\u201d, declar\u00f3 a CNN Christopher Hodge, economista jefe para Estados Unidos en Natixis CIB. \u201cLe resultar\u00e1 sumamente dif\u00edcil convencer a los dem\u00e1s miembros del [comit\u00e9 de fijaci\u00f3n de tasas de la Reserva Federal] de que recorten las tasas con rapidez\u201d.<\/p>\n<p>Las cifras m\u00e1s recientes sobre la inflaci\u00f3n y los precios de la energ\u00eda dificultan que cualquier funcionario de la Reserva Federal justifique una bajada de las tasas de inter\u00e9s antes del oto\u00f1o boreal.<\/p>\n<p>El \u00cdndice de Precios al Consumidor subi\u00f3 en marzo a su ritmo mensual m\u00e1s r\u00e1pido desde 2022, elevando la tasa anual al 3,3 %, el nivel m\u00e1s alto en m\u00e1s de dos a\u00f1os. Este aumento fue impulsado en gran medida por los precios de la gasolina, que se dispararon un r\u00e9cord del 21,2 % durante el mes. El objetivo general de inflaci\u00f3n anual de la Reserva Federal es del 2 %.<\/p>\n<p>Los precios mundiales del petr\u00f3leo contin\u00faan rondando los US$ 100 por barril mientras persiste el enfrentamiento entre Estados Unidos e Ir\u00e1n. Esto mantiene elevados los precios de la gasolina, que est\u00e1n en un promedio nacional por encima de los US$ 4 por gal\u00f3n.<\/p>\n<p>El presidente de la Reserva Federal, Jerome Powell, y varios otros funcionarios del organismo han afirmado que cualquier inflaci\u00f3n derivada de la guerra ser\u00e1 probablemente temporal y remitir\u00e1 hacia finales de a\u00f1o. Sin embargo, cuanto m\u00e1s tarde la administraci\u00f3n Trump en negociar un acuerdo para poner fin al conflicto en Medio Oriente \u2014que ya dura varias semanas\u2014, m\u00e1s tardar\u00e1 la Reserva Federal en volver a bajar las tasas de inter\u00e9s, incluso si Warsh asumiera el cargo tan pronto como el pr\u00f3ximo mes.<\/p>\n<p>\u201cPara este a\u00f1o, no consideramos que el nombramiento de un nuevo presidente vaya a alterar el resultado\u201d de dos recortes de tasas, escribieron economistas de Morgan Stanley en un an\u00e1lisis publicado el lunes. \u201cLos riesgos inflacionarios son los que predominan\u201d.<\/p>\n<p>El presidente de la Reserva Federal de Chicago, Austan Goolsbee, se\u00f1al\u00f3 en un discurso a principios de este mes que tambi\u00e9n existe la posibilidad de que la Reserva Federal no recorte las tasas hasta el a\u00f1o 2027.<\/p>\n<p>Una econom\u00eda debilitada y en riesgo de deterioro suele ser, en ocasiones, motivo suficiente para que la Reserva Federal baje las tasas de inter\u00e9s. Pero ese no es el caso, al menos por ahora.<\/p>\n<p>Aproximadamente un tercio de las empresas del \u00edndice S&#038;P 500 han presentado sus resultados de ganancias correspondientes al primer trimestre, y la gran mayor\u00eda (84%) ha superado las expectativas de los analistas, seg\u00fan datos de FactSet. Los resultados de ganancias del segundo trimestre servir\u00e1n como un indicador m\u00e1s preciso del desempe\u00f1o de las empresas estadounidenses durante la guerra con Ir\u00e1n. Es posible que esas cifras tambi\u00e9n resulten positivas, y ello por una raz\u00f3n fundamental: el gasto de los consumidores \u2014columna vertebral de la econom\u00eda estadounidense\u2014 ha mostrado una gran solidez durante esta primavera, seg\u00fan los datos m\u00e1s recientes, a pesar de que los ciudadanos estadounidenses se sienten inusualmente pesimistas respecto a la situaci\u00f3n econ\u00f3mica. Las ventas minoristas aumentaron en la mayor\u00eda de las categor\u00edas durante el mes de marzo, seg\u00fan datos del Departamento de Comercio publicados la semana pasada. Excluyendo los repuntes de precios en las gasolineras, las ventas minoristas crecieron un 0,6 % en marzo con respecto al mes anterior, lo que representa un ligero descenso frente al 0,7 % registrado en febrero.<\/p>\n<p>\u201cLas actividades fundamentales de la econom\u00eda contin\u00faan avanzando, incluso en medio de toda la incertidumbre\u201d, afirm\u00f3 Brian Moynihan, director ejecutivo de Bank of America, durante una conferencia sobre resultados celebrada a principios de este mes.<\/p>\n<p>Durante el \u00faltimo a\u00f1o, el crecimiento del empleo en Estados Unidos ha sido an\u00e9mico, ya que las empresas postergaron sus planes de contrataci\u00f3n, sinti\u00e9ndose paralizadas por los cambios s\u00edsmicos en la pol\u00edtica econ\u00f3mica, incluidos los nuevos y dr\u00e1sticos aranceles impuestos por Trump a todos los socios comerciales a nivel mundial.<\/p>\n<p>La guerra con Ir\u00e1n se ha convertido en otra fuente m\u00e1s de incertidumbre que ha hecho que las empresas se detengan a reflexionar. Sin embargo, nada de lo ocurrido desde que Trump inici\u00f3 su segundo mandato \u2014incluida la guerra con Ir\u00e1n\u2014 ha provocado un repunte en los despidos. Las nuevas solicitudes de beneficios por desempleo aumentaron en 6.000 durante la semana que finaliz\u00f3 el 18 de abril, alcanzando las 214.000, una cifra que se sit\u00faa firmemente dentro de un rango hist\u00f3ricamente bajo. La tasa nacional de desempleo ha ascendido gradualmente en los \u00faltimos a\u00f1os, pero se mantiene baja: un 4,3 % a fecha de marzo.<\/p>\n<p>Y es posible que los peores d\u00edas del mercado laboral hayan quedado ya atr\u00e1s, seg\u00fan un an\u00e1lisis publicado la semana pasada por Oxford Economics.<\/p>\n<p>\u201cEl mercado laboral estadounidense ha entrado en un equilibrio \u00fanico en la era pospand\u00e9mica\u201d, afirm\u00f3 Henry Wu, codirector de estrategia de bonos de EE.UU. en Alpine Macro, una empresa de Oxford Economics. \u201cEs posible que el mercado laboral se encuentre en una fase de repunte\u201d, se\u00f1al\u00f3.<\/p>\n<p>Si bien a Warsh podr\u00eda resultarle dif\u00edcil justificar m\u00e1s de uno o dos recortes de las tasas de inter\u00e9s este a\u00f1o, es probable que su liderazgo marque el comienzo de una nueva era en la Reserva Federal.<\/p>\n<p>Durante su audiencia de confirmaci\u00f3n la semana pasada, el candidato a la Fed abog\u00f3 por un \u201ccambio de r\u00e9gimen\u201d en el banco central en caso de ser confirmado en el cargo, que incluir\u00eda, potencialmente, reducir el n\u00famero de reuniones de pol\u00edtica monetaria anuales e introducir un nuevo \u201cmarco\u201d de referencia para la inflaci\u00f3n.<\/p>\n<p>Desde la d\u00e9cada de 1980, la Fed se ha reunido ocho veces al a\u00f1o para fijar las tasas de inter\u00e9s, aunque la ley solo le exige reunirse trimestralmente. Warsh coment\u00f3 a los legisladores que cuatro reuniones al a\u00f1o \u201cno son suficientes\u201d, pero no se comprometi\u00f3 a mantener la tradici\u00f3n de celebrar ocho reuniones anuales. No est\u00e1 claro si Warsh necesitar\u00eda el respaldo de otros funcionarios de la Fed para llevar a cabo una reducci\u00f3n en el n\u00famero de reuniones. Warsh tambi\u00e9n reiter\u00f3 su cr\u00edtica de larga data de que los banqueros centrales se comunican con demasiada frecuencia, sugiriendo que podr\u00eda considerar prescindir de las conferencias de prensa posteriores a las reuniones \u2014que se volvieron habituales tras cada reuni\u00f3n de la Fed desde la presidencia de Ben Bernanke\u2014. No obstante, afirm\u00f3 que cada vez que se dirija a los periodistas \u201cser\u00eda imperativo escuchar lo que los reporteros del momento tuvieran en mente\u201d.<\/p>\n<p>The-CNN-Wire<br \/>&trade; &amp; &copy; 2026 Cable News Network, Inc., a Warner Bros. Discovery Company. All rights reserved.<\/p>\n","protected":false},"excerpt":{"rendered":"<p>Kevin Warsh, el candidato elegido por el presidente Donald Trump para dirigir la Reserva Federal, se encuentra ahora firmemente encaminado a asumir una de las posiciones m\u00e1s poderosas de la econom\u00eda mundial, y podr\u00eda impulsar una agenda que se alinee con el deseo de Trump de mantener tasas de inter\u00e9s m\u00e1s bajas. Aun as\u00ed, incluso [&hellip;]<\/p>\n","protected":false},"author":0,"featured_media":0,"comment_status":"open","ping_status":"open","sticky":false,"template":"","format":"standard","meta":{"_jetpack_memberships_contains_paid_content":false,"footnotes":""},"categories":[10],"tags":[],"class_list":["post-1473632","post","type-post","status-publish","format-standard","hentry","category-noticias-nacionales","market-global"],"yoast_head":"<!-- This site is optimized with the Yoast SEO plugin v24.4 - https:\/\/yoast.com\/wordpress\/plugins\/seo\/ -->\n<title>Nuevo presidente de la Fed, misma realidad: es improbable que recorten pronto las tasas de inter\u00e9s incluso si asume Warsh - Noticias<\/title>\n<meta name=\"robots\" content=\"index, follow, max-snippet:-1, max-image-preview:large, max-video-preview:-1\" \/>\n<link rel=\"canonical\" href=\"https:\/\/noticiasya.com\/2026\/04\/29\/nuevo-presidente-fed-warsh-recorte-tasas-interes-improbable-trax\/\" \/>\n<meta property=\"og:locale\" content=\"es_ES\" \/>\n<meta property=\"og:type\" content=\"article\" \/>\n<meta property=\"og:title\" content=\"Nuevo presidente de la Fed, misma realidad: es improbable que recorten pronto las tasas de inter\u00e9s incluso si asume Warsh - Noticias\" \/>\n<meta property=\"og:description\" content=\"Kevin Warsh, el candidato elegido por el presidente Donald Trump para dirigir la Reserva Federal, se encuentra ahora firmemente encaminado a asumir una de las posiciones m\u00e1s poderosas de la econom\u00eda mundial, y podr\u00eda impulsar una agenda que se alinee con el deseo de Trump de mantener tasas de inter\u00e9s m\u00e1s bajas. Aun as\u00ed, incluso [&hellip;]\" \/>\n<meta property=\"og:url\" content=\"https:\/\/noticiasya.com\/2026\/04\/29\/nuevo-presidente-fed-warsh-recorte-tasas-interes-improbable-trax\/\" \/>\n<meta property=\"og:site_name\" content=\"Noticias\" \/>\n<meta property=\"article:published_time\" content=\"2026-04-29T14:03:53+00:00\" \/>\n<meta name=\"twitter:card\" content=\"summary_large_image\" \/>\n<meta name=\"twitter:label1\" content=\"Est. reading time\" \/>\n\t<meta name=\"twitter:data1\" content=\"8 minutos\" \/>\n<script type=\"application\/ld+json\" class=\"yoast-schema-graph\">{\"@context\":\"https:\/\/schema.org\",\"@graph\":[{\"@type\":\"Article\",\"@id\":\"https:\/\/noticiasya.com\/2026\/04\/29\/nuevo-presidente-fed-warsh-recorte-tasas-interes-improbable-trax\/#article\",\"isPartOf\":{\"@id\":\"https:\/\/noticiasya.com\/2026\/04\/29\/nuevo-presidente-fed-warsh-recorte-tasas-interes-improbable-trax\/\"},\"author\":{\"name\":\"\",\"@id\":\"\"},\"headline\":\"Nuevo presidente de la Fed, misma realidad: es improbable que recorten pronto las tasas de inter\u00e9s incluso si asume Warsh\",\"datePublished\":\"2026-04-29T14:03:53+00:00\",\"mainEntityOfPage\":{\"@id\":\"https:\/\/noticiasya.com\/2026\/04\/29\/nuevo-presidente-fed-warsh-recorte-tasas-interes-improbable-trax\/\"},\"wordCount\":1625,\"commentCount\":0,\"publisher\":{\"@id\":\"https:\/\/noticiasya.com\/#organization\"},\"articleSection\":[\"Noticias Nacionales\"],\"inLanguage\":\"es\",\"potentialAction\":[{\"@type\":\"CommentAction\",\"name\":\"Comment\",\"target\":[\"https:\/\/noticiasya.com\/2026\/04\/29\/nuevo-presidente-fed-warsh-recorte-tasas-interes-improbable-trax\/#respond\"]}]},{\"@type\":\"WebPage\",\"@id\":\"https:\/\/noticiasya.com\/2026\/04\/29\/nuevo-presidente-fed-warsh-recorte-tasas-interes-improbable-trax\/\",\"url\":\"https:\/\/noticiasya.com\/2026\/04\/29\/nuevo-presidente-fed-warsh-recorte-tasas-interes-improbable-trax\/\",\"name\":\"Nuevo presidente de la Fed, misma realidad: es improbable que recorten pronto las tasas de inter\u00e9s incluso si asume Warsh - Noticias\",\"isPartOf\":{\"@id\":\"https:\/\/noticiasya.com\/#website\"},\"datePublished\":\"2026-04-29T14:03:53+00:00\",\"breadcrumb\":{\"@id\":\"https:\/\/noticiasya.com\/2026\/04\/29\/nuevo-presidente-fed-warsh-recorte-tasas-interes-improbable-trax\/#breadcrumb\"},\"inLanguage\":\"es\",\"potentialAction\":[{\"@type\":\"ReadAction\",\"target\":[\"https:\/\/noticiasya.com\/2026\/04\/29\/nuevo-presidente-fed-warsh-recorte-tasas-interes-improbable-trax\/\"]}]},{\"@type\":\"BreadcrumbList\",\"@id\":\"https:\/\/noticiasya.com\/2026\/04\/29\/nuevo-presidente-fed-warsh-recorte-tasas-interes-improbable-trax\/#breadcrumb\",\"itemListElement\":[{\"@type\":\"ListItem\",\"position\":1,\"name\":\"Home\",\"item\":\"https:\/\/noticiasya.com\/\"},{\"@type\":\"ListItem\",\"position\":2,\"name\":\"Nuevo presidente de la Fed, misma realidad: es improbable que recorten pronto las tasas de inter\u00e9s incluso si asume Warsh\"}]},{\"@type\":\"WebSite\",\"@id\":\"https:\/\/noticiasya.com\/#website\",\"url\":\"https:\/\/noticiasya.com\/\",\"name\":\"Noticias\",\"description\":\"Lo que importa\",\"publisher\":{\"@id\":\"https:\/\/noticiasya.com\/#organization\"},\"potentialAction\":[{\"@type\":\"SearchAction\",\"target\":{\"@type\":\"EntryPoint\",\"urlTemplate\":\"https:\/\/noticiasya.com\/?s={search_term_string}\"},\"query-input\":{\"@type\":\"PropertyValueSpecification\",\"valueRequired\":true,\"valueName\":\"search_term_string\"}}],\"inLanguage\":\"es\"},{\"@type\":\"Organization\",\"@id\":\"https:\/\/noticiasya.com\/#organization\",\"name\":\"Noticias\",\"url\":\"https:\/\/noticiasya.com\/\",\"logo\":{\"@type\":\"ImageObject\",\"inLanguage\":\"es\",\"@id\":\"https:\/\/noticiasya.com\/#\/schema\/logo\/image\/\",\"url\":\"https:\/\/noticiasya.com\/wp-content\/uploads\/sites\/22\/2023\/12\/logo-nacional.png\",\"contentUrl\":\"https:\/\/noticiasya.com\/wp-content\/uploads\/sites\/22\/2023\/12\/logo-nacional.png\",\"width\":1801,\"height\":691,\"caption\":\"Noticias\"},\"image\":{\"@id\":\"https:\/\/noticiasya.com\/#\/schema\/logo\/image\/\"}}]}<\/script>\n<!-- \/ Yoast SEO plugin. -->","yoast_head_json":{"title":"Nuevo presidente de la Fed, misma realidad: es improbable que recorten pronto las tasas de inter\u00e9s incluso si asume Warsh - Noticias","robots":{"index":"index","follow":"follow","max-snippet":"max-snippet:-1","max-image-preview":"max-image-preview:large","max-video-preview":"max-video-preview:-1"},"canonical":"https:\/\/noticiasya.com\/2026\/04\/29\/nuevo-presidente-fed-warsh-recorte-tasas-interes-improbable-trax\/","og_locale":"es_ES","og_type":"article","og_title":"Nuevo presidente de la Fed, misma realidad: es improbable que recorten pronto las tasas de inter\u00e9s incluso si asume Warsh - Noticias","og_description":"Kevin Warsh, el candidato elegido por el presidente Donald Trump para dirigir la Reserva Federal, se encuentra ahora firmemente encaminado a asumir una de las posiciones m\u00e1s poderosas de la econom\u00eda mundial, y podr\u00eda impulsar una agenda que se alinee con el deseo de Trump de mantener tasas de inter\u00e9s m\u00e1s bajas. Aun as\u00ed, incluso [&hellip;]","og_url":"https:\/\/noticiasya.com\/2026\/04\/29\/nuevo-presidente-fed-warsh-recorte-tasas-interes-improbable-trax\/","og_site_name":"Noticias","article_published_time":"2026-04-29T14:03:53+00:00","twitter_card":"summary_large_image","twitter_misc":{"Est. reading time":"8 minutos"},"schema":{"@context":"https:\/\/schema.org","@graph":[{"@type":"Article","@id":"https:\/\/noticiasya.com\/2026\/04\/29\/nuevo-presidente-fed-warsh-recorte-tasas-interes-improbable-trax\/#article","isPartOf":{"@id":"https:\/\/noticiasya.com\/2026\/04\/29\/nuevo-presidente-fed-warsh-recorte-tasas-interes-improbable-trax\/"},"author":{"name":"","@id":""},"headline":"Nuevo presidente de la Fed, misma realidad: es improbable que recorten pronto las tasas de inter\u00e9s incluso si asume Warsh","datePublished":"2026-04-29T14:03:53+00:00","mainEntityOfPage":{"@id":"https:\/\/noticiasya.com\/2026\/04\/29\/nuevo-presidente-fed-warsh-recorte-tasas-interes-improbable-trax\/"},"wordCount":1625,"commentCount":0,"publisher":{"@id":"https:\/\/noticiasya.com\/#organization"},"articleSection":["Noticias Nacionales"],"inLanguage":"es","potentialAction":[{"@type":"CommentAction","name":"Comment","target":["https:\/\/noticiasya.com\/2026\/04\/29\/nuevo-presidente-fed-warsh-recorte-tasas-interes-improbable-trax\/#respond"]}]},{"@type":"WebPage","@id":"https:\/\/noticiasya.com\/2026\/04\/29\/nuevo-presidente-fed-warsh-recorte-tasas-interes-improbable-trax\/","url":"https:\/\/noticiasya.com\/2026\/04\/29\/nuevo-presidente-fed-warsh-recorte-tasas-interes-improbable-trax\/","name":"Nuevo presidente de la Fed, misma realidad: es improbable que recorten pronto las tasas de inter\u00e9s incluso si asume Warsh - Noticias","isPartOf":{"@id":"https:\/\/noticiasya.com\/#website"},"datePublished":"2026-04-29T14:03:53+00:00","breadcrumb":{"@id":"https:\/\/noticiasya.com\/2026\/04\/29\/nuevo-presidente-fed-warsh-recorte-tasas-interes-improbable-trax\/#breadcrumb"},"inLanguage":"es","potentialAction":[{"@type":"ReadAction","target":["https:\/\/noticiasya.com\/2026\/04\/29\/nuevo-presidente-fed-warsh-recorte-tasas-interes-improbable-trax\/"]}]},{"@type":"BreadcrumbList","@id":"https:\/\/noticiasya.com\/2026\/04\/29\/nuevo-presidente-fed-warsh-recorte-tasas-interes-improbable-trax\/#breadcrumb","itemListElement":[{"@type":"ListItem","position":1,"name":"Home","item":"https:\/\/noticiasya.com\/"},{"@type":"ListItem","position":2,"name":"Nuevo presidente de la Fed, misma realidad: es improbable que recorten pronto las tasas de inter\u00e9s incluso si asume Warsh"}]},{"@type":"WebSite","@id":"https:\/\/noticiasya.com\/#website","url":"https:\/\/noticiasya.com\/","name":"Noticias","description":"Lo que importa","publisher":{"@id":"https:\/\/noticiasya.com\/#organization"},"potentialAction":[{"@type":"SearchAction","target":{"@type":"EntryPoint","urlTemplate":"https:\/\/noticiasya.com\/?s={search_term_string}"},"query-input":{"@type":"PropertyValueSpecification","valueRequired":true,"valueName":"search_term_string"}}],"inLanguage":"es"},{"@type":"Organization","@id":"https:\/\/noticiasya.com\/#organization","name":"Noticias","url":"https:\/\/noticiasya.com\/","logo":{"@type":"ImageObject","inLanguage":"es","@id":"https:\/\/noticiasya.com\/#\/schema\/logo\/image\/","url":"https:\/\/noticiasya.com\/wp-content\/uploads\/sites\/22\/2023\/12\/logo-nacional.png","contentUrl":"https:\/\/noticiasya.com\/wp-content\/uploads\/sites\/22\/2023\/12\/logo-nacional.png","width":1801,"height":691,"caption":"Noticias"},"image":{"@id":"https:\/\/noticiasya.com\/#\/schema\/logo\/image\/"}}]}},"parsely":{"version":"1.1.0","canonical_url":"https:\/\/noticiasya.com\/san-diego\/2026\/04\/29\/nuevo-presidente-fed-warsh-recorte-tasas-interes-improbable-trax\/","smart_links":{"inbound":0,"outbound":0},"traffic_boost_suggestions_count":0,"meta":{"@context":"https:\/\/schema.org","@type":"NewsArticle","headline":"Nuevo presidente de la Fed, misma realidad: es improbable que recorten pronto las tasas de inter\u00e9s incluso si asume Warsh","url":"http:\/\/noticiasya.com\/san-diego\/2026\/04\/29\/nuevo-presidente-fed-warsh-recorte-tasas-interes-improbable-trax\/","mainEntityOfPage":{"@type":"WebPage","@id":"http:\/\/noticiasya.com\/san-diego\/2026\/04\/29\/nuevo-presidente-fed-warsh-recorte-tasas-interes-improbable-trax\/"},"thumbnailUrl":"","image":{"@type":"ImageObject","url":""},"articleSection":"Noticias Nacionales","author":[],"creator":[],"publisher":{"@type":"Organization","name":"Noticias","logo":""},"keywords":[],"dateCreated":"2026-04-29T14:03:53Z","datePublished":"2026-04-29T14:03:53Z","dateModified":"2026-04-29T14:03:53Z"},"rendered":"<script type=\"application\/ld+json\" class=\"wp-parsely-metadata\">{\"@context\":\"https:\\\/\\\/schema.org\",\"@type\":\"NewsArticle\",\"headline\":\"Nuevo presidente de la Fed, misma realidad: es improbable que recorten pronto las tasas de inter\\u00e9s incluso si asume Warsh\",\"url\":\"http:\\\/\\\/noticiasya.com\\\/san-diego\\\/2026\\\/04\\\/29\\\/nuevo-presidente-fed-warsh-recorte-tasas-interes-improbable-trax\\\/\",\"mainEntityOfPage\":{\"@type\":\"WebPage\",\"@id\":\"http:\\\/\\\/noticiasya.com\\\/san-diego\\\/2026\\\/04\\\/29\\\/nuevo-presidente-fed-warsh-recorte-tasas-interes-improbable-trax\\\/\"},\"thumbnailUrl\":\"\",\"image\":{\"@type\":\"ImageObject\",\"url\":\"\"},\"articleSection\":\"Noticias Nacionales\",\"author\":[],\"creator\":[],\"publisher\":{\"@type\":\"Organization\",\"name\":\"Noticias\",\"logo\":\"\"},\"keywords\":[],\"dateCreated\":\"2026-04-29T14:03:53Z\",\"datePublished\":\"2026-04-29T14:03:53Z\",\"dateModified\":\"2026-04-29T14:03:53Z\"}<\/script>","tracker_url":"https:\/\/cdn.parsely.com\/keys\/noticiasya.com\/p.js"},"jetpack_featured_media_url":"","jetpack-related-posts":[{"id":1473370,"url":"https:\/\/noticiasya.com\/san-diego\/2026\/04\/21\/kevin-warsh-titere-trump-fed-trax\/","url_meta":{"origin":1473632,"position":0},"title":"Kevin Warsh, candidato para dirigir la Reserva Federal, promete que no ser\u00e1 un &#171;t\u00edtere&#187; de Trump","author":"","date":"abril 21, 2026","format":false,"excerpt":"Kevin Warsh, candidato del presidente Donald Trump para dirigir la Reserva Federal, rechaz\u00f3 este martes las afirmaciones de que actuar\u00e1 bajo la influencia del mandatario.Durante su audiencia de confirmaci\u00f3n ante la Comisi\u00f3n Bancaria del Senado, legisladores presionaron a Warsh sobre si responder\u00eda a los pedidos de Trump para reducir las\u2026","rel":"","context":"In &quot;Noticias Nacionales&quot;","block_context":{"text":"Noticias Nacionales","link":"https:\/\/noticiasya.com\/san-diego\/categoria\/noticias-nacionales"},"img":{"alt_text":"","src":"","width":0,"height":0},"classes":[]},{"id":1470656,"url":"https:\/\/noticiasya.com\/san-diego\/2026\/01\/30\/caen-acciones-bonos-kevin-warsh-fed-trax\/","url_meta":{"origin":1473632,"position":1},"title":"Caen las acciones y los bonos tras la nominaci\u00f3n de Trump de un defensor del control de la inflaci\u00f3n al frente de la Fed","author":"","date":"enero 30, 2026","format":false,"excerpt":"Los futuros de las acciones estadounidenses registraron una ligera ca\u00edda despu\u00e9s de que el presidente Donald Trump anunciara a Kevin Warsh como su candidato para presidir la Reserva Federal.Aunque Warsh ha respaldado recientemente las demandas de Trump de reducir las tasas de inter\u00e9s, tiene una merecida reputaci\u00f3n como un firme\u2026","rel":"","context":"In &quot;Noticias Nacionales&quot;","block_context":{"text":"Noticias Nacionales","link":"https:\/\/noticiasya.com\/san-diego\/categoria\/noticias-nacionales"},"img":{"alt_text":"","src":"","width":0,"height":0},"classes":[]},{"id":1470650,"url":"https:\/\/noticiasya.com\/san-diego\/2026\/01\/30\/quien-es-kevin-warsh-nominado-trump-reserva-federal-fed-trax\/","url_meta":{"origin":1473632,"position":2},"title":"\u00bfQui\u00e9n es Kevin Warsh, nominado por Trump para presidir la Reserva Federal?","author":"","date":"enero 30, 2026","format":false,"excerpt":"El presidente Donald Trump anunci\u00f3 que el exgobernador de la Reserva Federal Kevin Warsh es su candidato para presidir la instituci\u00f3n, uno de los cargos m\u00e1s influyentes en la econom\u00eda global. Warsh deber\u00e1 ser confirmado por el Senado estadounidense y, de ser as\u00ed, suceder\u00e1 a Jerome Powell cuando finalice su\u2026","rel":"","context":"In &quot;Noticias Nacionales&quot;","block_context":{"text":"Noticias Nacionales","link":"https:\/\/noticiasya.com\/san-diego\/categoria\/noticias-nacionales"},"img":{"alt_text":"","src":"","width":0,"height":0},"classes":[]},{"id":1473639,"url":"https:\/\/noticiasya.com\/san-diego\/2026\/04\/29\/reserva-federal-mantiene-tasas-de-interes-trax\/","url_meta":{"origin":1473632,"position":3},"title":"En la \u00faltima reuni\u00f3n de Powell como presidente, la Reserva Federal mantiene sin cambios las tasas de inter\u00e9s","author":"","date":"abril 29, 2026","format":false,"excerpt":"La Reserva Federal mantuvo las tasas de inter\u00e9s sin cambios por tercera reuni\u00f3n consecutiva este mi\u00e9rcoles, y algunos miembros de la comisi\u00f3n de pol\u00edtica monetaria citaron los precios de la energ\u00eda a\u00fan elevados debido a la guerra entre Estados Unidos e Israel con Ir\u00e1n.Los funcionarios de la Reserva Federal mantuvieron\u2026","rel":"","context":"In &quot;Noticias Nacionales&quot;","block_context":{"text":"Noticias Nacionales","link":"https:\/\/noticiasya.com\/san-diego\/categoria\/noticias-nacionales"},"img":{"alt_text":"","src":"","width":0,"height":0},"classes":[]},{"id":1470808,"url":"https:\/\/noticiasya.com\/san-diego\/2026\/02\/03\/kevin-warsh-fed-tarea-imposible-analisis-trax\/","url_meta":{"origin":1473632,"position":4},"title":"Trump le dio a Kevin Warsh, su candidato para presidir la Fed, una tarea imposible","author":"","date":"febrero 3, 2026","format":false,"excerpt":"Desde el viernes, colegas expertos en la Reserva Federal y analistas de mercado han estado estudiando detenidamente el curr\u00edculum de Kevin Warsh, el nuevo candidato del presidente Donald Trump para presidir la Fed, intentando leer entre l\u00edneas qu\u00e9 tipo de jefe del banco central ser\u00e1 de ser confirmado.Pero toda la\u2026","rel":"","context":"In &quot;Noticias Nacionales&quot;","block_context":{"text":"Noticias Nacionales","link":"https:\/\/noticiasya.com\/san-diego\/categoria\/noticias-nacionales"},"img":{"alt_text":"","src":"","width":0,"height":0},"classes":[]},{"id":1473400,"url":"https:\/\/noticiasya.com\/san-diego\/2026\/04\/22\/fed-kevin-warsh-postura-trax\/","url_meta":{"origin":1473632,"position":5},"title":"\u00bfConfundido sobre la postura pol\u00edtica de Kevin Warsh, el designado para la Fed? Acost\u00fambrate","author":"","date":"abril 22, 2026","format":false,"excerpt":"Es una pr\u00e1ctica est\u00e1ndar que los funcionarios de la Reserva Federal se mantengan al margen de la pol\u00edtica y \u201cse mantengan en su carril\u201d, como lo describi\u00f3 el martes en su audiencia de confirmaci\u00f3n Kevin Warsh, el designado del presidente Donald Trump para presidir la Fed.Ese carril est\u00e1 destinado a\u2026","rel":"","context":"In &quot;Noticias Nacionales&quot;","block_context":{"text":"Noticias Nacionales","link":"https:\/\/noticiasya.com\/san-diego\/categoria\/noticias-nacionales"},"img":{"alt_text":"","src":"","width":0,"height":0},"classes":[]}],"jetpack_sharing_enabled":true,"_links":{"self":[{"href":"https:\/\/noticiasya.com\/san-diego\/wp-json\/wp\/v2\/posts\/1473632","targetHints":{"allow":["GET"]}}],"collection":[{"href":"https:\/\/noticiasya.com\/san-diego\/wp-json\/wp\/v2\/posts"}],"about":[{"href":"https:\/\/noticiasya.com\/san-diego\/wp-json\/wp\/v2\/types\/post"}],"replies":[{"embeddable":true,"href":"https:\/\/noticiasya.com\/san-diego\/wp-json\/wp\/v2\/comments?post=1473632"}],"version-history":[{"count":0,"href":"https:\/\/noticiasya.com\/san-diego\/wp-json\/wp\/v2\/posts\/1473632\/revisions"}],"wp:attachment":[{"href":"https:\/\/noticiasya.com\/san-diego\/wp-json\/wp\/v2\/media?parent=1473632"}],"wp:term":[{"taxonomy":"category","embeddable":true,"href":"https:\/\/noticiasya.com\/san-diego\/wp-json\/wp\/v2\/categories?post=1473632"},{"taxonomy":"post_tag","embeddable":true,"href":"https:\/\/noticiasya.com\/san-diego\/wp-json\/wp\/v2\/tags?post=1473632"}],"curies":[{"name":"wp","href":"https:\/\/api.w.org\/{rel}","templated":true}]}}