{"id":1473633,"date":"2026-04-29T07:03:53","date_gmt":"2026-04-29T14:03:53","guid":{"rendered":"https:\/\/noticiasya.com\/2026\/04\/29\/jerome-powell-reserva-federal-trax\/"},"modified":"2026-04-29T07:03:53","modified_gmt":"2026-04-29T14:03:53","slug":"jerome-powell-reserva-federal-trax","status":"publish","type":"post","link":"https:\/\/noticiasya.com\/san-diego\/2026\/04\/29\/jerome-powell-reserva-federal-trax\/","title":{"rendered":"\u00bfSeguir\u00e1 Jerome Powell en la Reserva Federal? Esto es lo que nos contaron fuentes internas"},"content":{"rendered":"<p>El presidente de la Reserva Federal, Jerome Powell, no es ajeno a las decisiones dif\u00edciles. Sin embargo, ahora se enfrenta a una de sus disyuntivas m\u00e1s arduas y personales hasta la fecha: abandonar el escenario o permanecer en un papel secundario una vez que su sucesor asuma el tim\u00f3n del banco central estadounidense.<\/p>\n<p>El mandato de Powell como presidente de la Fed expira el 15 de mayo, pero su mandato independiente como miembro de la poderosa Junta de Gobernadores de la instituci\u00f3n no concluye hasta enero de 2028.<\/p>\n<p>El drama sucesorio en una de las instituciones m\u00e1s poderosas del mundo ha desatado una nueva ronda de conjeturas en Washington y en Wall Street: \u00bfSe quedar\u00e1 Powell ahora que el Departamento de Justicia ha archivado la extraordinaria investigaci\u00f3n que pesaba sobre \u00e9l?<\/p>\n<p>Se trata de una trama secundaria crucial en la reuni\u00f3n de la Fed y la conferencia de prensa de este mi\u00e9rcoles, eventos en los que Powell podr\u00eda revelar sus planes o, al menos, ofrecer algunas pistas al respecto.<\/p>\n<p>Por lo general, este asunto no suele suscitar mayor debate: el l\u00edder de la Fed habitualmente se retira una vez finalizado su mandato de cuatro a\u00f1os, pese a que \u2014t\u00e9cnicamente\u2014 podr\u00eda permanecer en su cargo como gobernador y seguir participando con su voto en las decisiones sobre las tasas de inter\u00e9s.<\/p>\n<p>Pero estos no son tiempos normales.<\/p>\n<p>La independencia de la Fed \u2014una tradici\u00f3n que Powell considera primordial y que tiene repercusiones concretas para la ciudadan\u00eda, hastiada ya de la inflaci\u00f3n\u2014 ha sido objeto de ataques incesantes durante el segundo mandato del presidente Donald Trump.<\/p>\n<p>Permanecer en la Fed, aunque sea en un cargo de menor relevancia, podr\u00eda proteger a Powell de los intentos de la administraci\u00f3n Trump de imputarle cargos penales. Adem\u00e1s, si se queda, evitar\u00eda que Trump ocupe de inmediato el puesto de Powell con alguien que se mostrara m\u00e1s dispuesto a socavar la tan preciada independencia de la Fed y a reducir las tasas de inter\u00e9s.<\/p>\n<p>Es por ello que algunos de los antiguos colegas de Powell, as\u00ed como diversos observadores de la Fed, sospechan \u2014seg\u00fan declararon a CNN\u2014 que este romper\u00e1 con la trayectoria hist\u00f3rica reciente. De permanecer en la Junta, Powell se convertir\u00eda en el primer presidente de la Fed desde 1948 en continuar vinculado al banco central.<\/p>\n<p>\u201cEsperar\u00eda que se sintiera dividido: queriendo marcharse en el plano personal (se le ve agotado), pero deseando tambi\u00e9n proteger la integridad de la instituci\u00f3n\u201d, coment\u00f3 a CNN por correo electr\u00f3nico Bill Dudley, exalto funcionario de la Reserva Federal que trabaj\u00f3 junto a Powell durante la primera administraci\u00f3n Trump. \u201cMi mejor conjetura es que permanecer\u00e1 en el cargo durante un tiempo, pero medido en meses, no en a\u00f1os\u201d.<\/p>\n<p>En marzo, Powell declar\u00f3 que a\u00fan no hab\u00eda decidido si dejar\u00eda el cargo una vez confirmado su sucesor. Sin embargo, recalc\u00f3 que esta decisi\u00f3n se basar\u00eda en \u201clo que considere mejor para las personas a las que servimos\u201d.<\/p>\n<p>\u201cNo tengo intenci\u00f3n de abandonar la junta hasta que la investigaci\u00f3n haya concluido por completo, con total transparencia y de forma definitiva\u201d, afirm\u00f3 en una rueda de prensa.<\/p>\n<p>Pero a\u00fan es discutible si se han cumplido esos requisitos, especialmente dados los mensajes contradictorios de los funcionarios de la administraci\u00f3n.<\/p>\n<p>La semana pasada, Jeanine Pirro, fiscal federal del Distrito de Columbia, anunci\u00f3 el cierre de la investigaci\u00f3n penal contra Powell por el costoso proyecto de renovaci\u00f3n de la Reserva Federal.<\/p>\n<p>Esto bast\u00f3 para que el senador republicano Thom Tillis retirara el domingo su oposici\u00f3n al probable sustituto de Powell, Kevin Warsh, preparando el terreno para la votaci\u00f3n del mi\u00e9rcoles que apruebe la nominaci\u00f3n.<\/p>\n<p>Sin embargo, el asunto legal no parece estar totalmente cerrado.<\/p>\n<p>La investigaci\u00f3n seguir\u00e1 ahora a cargo del inspector general de la Fed. Pirro declar\u00f3 que su oficina revisar\u00e1 el informe del inspector general y se\u00f1al\u00f3 que podr\u00eda reabrirse una investigaci\u00f3n penal, si as\u00ed lo justificaran las circunstancias.<\/p>\n<p>\u201cPowell elige sus palabras con sumo cuidado, y no considero que el anuncio del Departamento de Justicia cumpla con el est\u00e1ndar que \u00e9l mismo estableci\u00f3 (para abandonar la Fed)\u201d, afirm\u00f3 Narayana Kocherlakota, exfuncionario de la Fed que coincidi\u00f3 con Powell en la instituci\u00f3n y que actualmente ejerce como profesor de finanzas en la Universidad de Rochester.<\/p>\n<p>A principios de este mes, Trump advirti\u00f3 que \u201cdespedir\u00eda\u201d a Powell si este permanec\u00eda en la Fed. Se trata de una medida que, con toda probabilidad, se enfrentar\u00eda a un largo proceso de impugnaci\u00f3n legal.<\/p>\n<p>No obstante, apenas dos semanas despu\u00e9s, la secretaria de prensa de la Casa Blanca, Karoline Leavitt, adopt\u00f3 un tono muy diferente.<\/p>\n<p>Al ser consultada este lunes sobre si Trump se opondr\u00eda a que Powell continuara formando parte de la Junta de la Fed, Leavitt respondi\u00f3: \u201cCreo que el presidente quedar\u00e1 satisfecho una vez que Kevin Warsh sea confirmado como presidente de la Fed\u201d.<\/p>\n<p>Jon Hilsenrath \u2014conocido como el \u201csusurrador de la Fed\u201d durante su etapa como reportero especializado en la instituci\u00f3n para The Wall Street Journal\u2014 se\u00f1al\u00f3 que, al parecer, Powell aguardar\u00e1 hasta que el asunto legal quede verdaderamente resuelto.<\/p>\n<p>\u201cMientras siga siendo gobernador de la Fed, conserva una posici\u00f3n de fuerza. Es la \u00faltima carta que le queda a Powell para jugar contra un presidente que lleva muchos a\u00f1os teni\u00e9ndole ojeriza\u201d, declar\u00f3 Hilsenrath \u2014actualmente asesor s\u00e9nior de la firma de servicios financieros StoneX\u2014 en una entrevista telef\u00f3nica con CNN.<\/p>\n<p>Hilsenrath argument\u00f3 que Powell preferir\u00eda retirarse. Powell, de 73 a\u00f1os, es un exejecutivo de capital privado y ha estado en la Reserva Federal desde 2012.<\/p>\n<p>\u201cNo necesita el dinero\u2026 Creo firmemente que lo que m\u00e1s desear\u00eda ser\u00eda retirarse y comenzar un nuevo cap\u00edtulo en su vida\u201d, dijo Hilsenrath. \u201cPero Powell podr\u00eda pensar que lo mejor para la instituci\u00f3n es demostrar que no se dejar\u00e1 intimidar ni manipular\u201d.<\/p>\n<p>Aunque no es usual, si Powell decide permanecer como gobernador, no ser\u00eda algo sin precedentes.<\/p>\n<p>La \u00faltima vez que un presidente de la Reserva Federal decidi\u00f3 permanecer en el cargo fue en 1948: Marriner Eccles se mantuvo en la junta directiva durante tres a\u00f1os despu\u00e9s de finalizar su mandato. (Casualmente, uno de los edificios de la Reserva Federal que se encuentra en el centro de la investigaci\u00f3n penal contra Powell lleva el nombre de Eccles).<\/p>\n<p>Aunque no sea algo sin precedentes, la presencia de Powell podr\u00eda complicar la transici\u00f3n al nuevo presidente de la Reserva Federal, al confundir a los inversores y al p\u00fablico sobre qui\u00e9n realmente toma las decisiones.<\/p>\n<p>Sin embargo, Benson Durham, ex alto funcionario de la Reserva Federal, argument\u00f3 que no est\u00e1 en la naturaleza de Powell ser un gobernador de la Reserva Federal franco, con discursos pol\u00e9micos y votos disidentes inc\u00f3modos.<\/p>\n<p>\u201cSu motivaci\u00f3n ser\u00eda proteger la independencia de la Reserva Federal, no ser una molestia\u201d, dijo Durham, quien actualmente es profesor adjunto en la Universidad de Nueva York.<\/p>\n<p>Durham a\u00f1adi\u00f3 que incluso podr\u00eda beneficiar a Warsh si Powell permaneciera en el cargo para facilitar la transici\u00f3n.<\/p>\n<p>\u201cLo mejor para todos ser\u00eda que Powell se quedara para algunas reuniones y votara con Warsh\u201d, dijo. \u201cEso facilitar\u00eda una transici\u00f3n sin problemas\u201d.<\/p>\n<p>The-CNN-Wire<br \/>&trade; &amp; &copy; 2026 Cable News Network, Inc., a Warner Bros. Discovery Company. All rights reserved.<\/p>\n","protected":false},"excerpt":{"rendered":"<p>El presidente de la Reserva Federal, Jerome Powell, no es ajeno a las decisiones dif\u00edciles. Sin embargo, ahora se enfrenta a una de sus disyuntivas m\u00e1s arduas y personales hasta la fecha: abandonar el escenario o permanecer en un papel secundario una vez que su sucesor asuma el tim\u00f3n del banco central estadounidense. El mandato [&hellip;]<\/p>\n","protected":false},"author":0,"featured_media":0,"comment_status":"open","ping_status":"open","sticky":false,"template":"","format":"standard","meta":{"_jetpack_memberships_contains_paid_content":false,"footnotes":""},"categories":[10],"tags":[],"class_list":["post-1473633","post","type-post","status-publish","format-standard","hentry","category-noticias-nacionales","market-global"],"yoast_head":"<!-- This site is optimized with the Yoast SEO plugin v24.4 - https:\/\/yoast.com\/wordpress\/plugins\/seo\/ -->\n<title>\u00bfSeguir\u00e1 Jerome Powell en la Reserva Federal? Esto es lo que nos contaron fuentes internas - Noticias<\/title>\n<meta name=\"robots\" content=\"index, follow, max-snippet:-1, max-image-preview:large, max-video-preview:-1\" \/>\n<link rel=\"canonical\" href=\"https:\/\/noticiasya.com\/2026\/04\/29\/jerome-powell-reserva-federal-trax\/\" \/>\n<meta property=\"og:locale\" content=\"es_ES\" \/>\n<meta property=\"og:type\" content=\"article\" \/>\n<meta property=\"og:title\" content=\"\u00bfSeguir\u00e1 Jerome Powell en la Reserva Federal? Esto es lo que nos contaron fuentes internas - Noticias\" \/>\n<meta property=\"og:description\" content=\"El presidente de la Reserva Federal, Jerome Powell, no es ajeno a las decisiones dif\u00edciles. Sin embargo, ahora se enfrenta a una de sus disyuntivas m\u00e1s arduas y personales hasta la fecha: abandonar el escenario o permanecer en un papel secundario una vez que su sucesor asuma el tim\u00f3n del banco central estadounidense. El mandato [&hellip;]\" \/>\n<meta property=\"og:url\" content=\"https:\/\/noticiasya.com\/2026\/04\/29\/jerome-powell-reserva-federal-trax\/\" \/>\n<meta property=\"og:site_name\" content=\"Noticias\" \/>\n<meta property=\"article:published_time\" content=\"2026-04-29T14:03:53+00:00\" \/>\n<meta name=\"twitter:card\" content=\"summary_large_image\" \/>\n<meta name=\"twitter:label1\" content=\"Est. reading time\" \/>\n\t<meta name=\"twitter:data1\" content=\"6 minutos\" \/>\n<script type=\"application\/ld+json\" class=\"yoast-schema-graph\">{\"@context\":\"https:\/\/schema.org\",\"@graph\":[{\"@type\":\"Article\",\"@id\":\"https:\/\/noticiasya.com\/2026\/04\/29\/jerome-powell-reserva-federal-trax\/#article\",\"isPartOf\":{\"@id\":\"https:\/\/noticiasya.com\/2026\/04\/29\/jerome-powell-reserva-federal-trax\/\"},\"author\":{\"name\":\"\",\"@id\":\"\"},\"headline\":\"\u00bfSeguir\u00e1 Jerome Powell en la Reserva Federal? Esto es lo que nos contaron fuentes internas\",\"datePublished\":\"2026-04-29T14:03:53+00:00\",\"mainEntityOfPage\":{\"@id\":\"https:\/\/noticiasya.com\/2026\/04\/29\/jerome-powell-reserva-federal-trax\/\"},\"wordCount\":1284,\"commentCount\":0,\"publisher\":{\"@id\":\"https:\/\/noticiasya.com\/#organization\"},\"articleSection\":[\"Noticias Nacionales\"],\"inLanguage\":\"es\",\"potentialAction\":[{\"@type\":\"CommentAction\",\"name\":\"Comment\",\"target\":[\"https:\/\/noticiasya.com\/2026\/04\/29\/jerome-powell-reserva-federal-trax\/#respond\"]}]},{\"@type\":\"WebPage\",\"@id\":\"https:\/\/noticiasya.com\/2026\/04\/29\/jerome-powell-reserva-federal-trax\/\",\"url\":\"https:\/\/noticiasya.com\/2026\/04\/29\/jerome-powell-reserva-federal-trax\/\",\"name\":\"\u00bfSeguir\u00e1 Jerome Powell en la Reserva Federal? Esto es lo que nos contaron fuentes internas - Noticias\",\"isPartOf\":{\"@id\":\"https:\/\/noticiasya.com\/#website\"},\"datePublished\":\"2026-04-29T14:03:53+00:00\",\"breadcrumb\":{\"@id\":\"https:\/\/noticiasya.com\/2026\/04\/29\/jerome-powell-reserva-federal-trax\/#breadcrumb\"},\"inLanguage\":\"es\",\"potentialAction\":[{\"@type\":\"ReadAction\",\"target\":[\"https:\/\/noticiasya.com\/2026\/04\/29\/jerome-powell-reserva-federal-trax\/\"]}]},{\"@type\":\"BreadcrumbList\",\"@id\":\"https:\/\/noticiasya.com\/2026\/04\/29\/jerome-powell-reserva-federal-trax\/#breadcrumb\",\"itemListElement\":[{\"@type\":\"ListItem\",\"position\":1,\"name\":\"Home\",\"item\":\"https:\/\/noticiasya.com\/\"},{\"@type\":\"ListItem\",\"position\":2,\"name\":\"\u00bfSeguir\u00e1 Jerome Powell en la Reserva Federal? Esto es lo que nos contaron fuentes internas\"}]},{\"@type\":\"WebSite\",\"@id\":\"https:\/\/noticiasya.com\/#website\",\"url\":\"https:\/\/noticiasya.com\/\",\"name\":\"Noticias\",\"description\":\"Lo que importa\",\"publisher\":{\"@id\":\"https:\/\/noticiasya.com\/#organization\"},\"potentialAction\":[{\"@type\":\"SearchAction\",\"target\":{\"@type\":\"EntryPoint\",\"urlTemplate\":\"https:\/\/noticiasya.com\/?s={search_term_string}\"},\"query-input\":{\"@type\":\"PropertyValueSpecification\",\"valueRequired\":true,\"valueName\":\"search_term_string\"}}],\"inLanguage\":\"es\"},{\"@type\":\"Organization\",\"@id\":\"https:\/\/noticiasya.com\/#organization\",\"name\":\"Noticias\",\"url\":\"https:\/\/noticiasya.com\/\",\"logo\":{\"@type\":\"ImageObject\",\"inLanguage\":\"es\",\"@id\":\"https:\/\/noticiasya.com\/#\/schema\/logo\/image\/\",\"url\":\"https:\/\/noticiasya.com\/wp-content\/uploads\/sites\/22\/2023\/12\/logo-nacional.png\",\"contentUrl\":\"https:\/\/noticiasya.com\/wp-content\/uploads\/sites\/22\/2023\/12\/logo-nacional.png\",\"width\":1801,\"height\":691,\"caption\":\"Noticias\"},\"image\":{\"@id\":\"https:\/\/noticiasya.com\/#\/schema\/logo\/image\/\"}}]}<\/script>\n<!-- \/ Yoast SEO plugin. -->","yoast_head_json":{"title":"\u00bfSeguir\u00e1 Jerome Powell en la Reserva Federal? Esto es lo que nos contaron fuentes internas - Noticias","robots":{"index":"index","follow":"follow","max-snippet":"max-snippet:-1","max-image-preview":"max-image-preview:large","max-video-preview":"max-video-preview:-1"},"canonical":"https:\/\/noticiasya.com\/2026\/04\/29\/jerome-powell-reserva-federal-trax\/","og_locale":"es_ES","og_type":"article","og_title":"\u00bfSeguir\u00e1 Jerome Powell en la Reserva Federal? Esto es lo que nos contaron fuentes internas - Noticias","og_description":"El presidente de la Reserva Federal, Jerome Powell, no es ajeno a las decisiones dif\u00edciles. Sin embargo, ahora se enfrenta a una de sus disyuntivas m\u00e1s arduas y personales hasta la fecha: abandonar el escenario o permanecer en un papel secundario una vez que su sucesor asuma el tim\u00f3n del banco central estadounidense. El mandato [&hellip;]","og_url":"https:\/\/noticiasya.com\/2026\/04\/29\/jerome-powell-reserva-federal-trax\/","og_site_name":"Noticias","article_published_time":"2026-04-29T14:03:53+00:00","twitter_card":"summary_large_image","twitter_misc":{"Est. reading time":"6 minutos"},"schema":{"@context":"https:\/\/schema.org","@graph":[{"@type":"Article","@id":"https:\/\/noticiasya.com\/2026\/04\/29\/jerome-powell-reserva-federal-trax\/#article","isPartOf":{"@id":"https:\/\/noticiasya.com\/2026\/04\/29\/jerome-powell-reserva-federal-trax\/"},"author":{"name":"","@id":""},"headline":"\u00bfSeguir\u00e1 Jerome Powell en la Reserva Federal? Esto es lo que nos contaron fuentes internas","datePublished":"2026-04-29T14:03:53+00:00","mainEntityOfPage":{"@id":"https:\/\/noticiasya.com\/2026\/04\/29\/jerome-powell-reserva-federal-trax\/"},"wordCount":1284,"commentCount":0,"publisher":{"@id":"https:\/\/noticiasya.com\/#organization"},"articleSection":["Noticias Nacionales"],"inLanguage":"es","potentialAction":[{"@type":"CommentAction","name":"Comment","target":["https:\/\/noticiasya.com\/2026\/04\/29\/jerome-powell-reserva-federal-trax\/#respond"]}]},{"@type":"WebPage","@id":"https:\/\/noticiasya.com\/2026\/04\/29\/jerome-powell-reserva-federal-trax\/","url":"https:\/\/noticiasya.com\/2026\/04\/29\/jerome-powell-reserva-federal-trax\/","name":"\u00bfSeguir\u00e1 Jerome Powell en la Reserva Federal? Esto es lo que nos contaron fuentes internas - Noticias","isPartOf":{"@id":"https:\/\/noticiasya.com\/#website"},"datePublished":"2026-04-29T14:03:53+00:00","breadcrumb":{"@id":"https:\/\/noticiasya.com\/2026\/04\/29\/jerome-powell-reserva-federal-trax\/#breadcrumb"},"inLanguage":"es","potentialAction":[{"@type":"ReadAction","target":["https:\/\/noticiasya.com\/2026\/04\/29\/jerome-powell-reserva-federal-trax\/"]}]},{"@type":"BreadcrumbList","@id":"https:\/\/noticiasya.com\/2026\/04\/29\/jerome-powell-reserva-federal-trax\/#breadcrumb","itemListElement":[{"@type":"ListItem","position":1,"name":"Home","item":"https:\/\/noticiasya.com\/"},{"@type":"ListItem","position":2,"name":"\u00bfSeguir\u00e1 Jerome Powell en la Reserva Federal? Esto es lo que nos contaron fuentes internas"}]},{"@type":"WebSite","@id":"https:\/\/noticiasya.com\/#website","url":"https:\/\/noticiasya.com\/","name":"Noticias","description":"Lo que importa","publisher":{"@id":"https:\/\/noticiasya.com\/#organization"},"potentialAction":[{"@type":"SearchAction","target":{"@type":"EntryPoint","urlTemplate":"https:\/\/noticiasya.com\/?s={search_term_string}"},"query-input":{"@type":"PropertyValueSpecification","valueRequired":true,"valueName":"search_term_string"}}],"inLanguage":"es"},{"@type":"Organization","@id":"https:\/\/noticiasya.com\/#organization","name":"Noticias","url":"https:\/\/noticiasya.com\/","logo":{"@type":"ImageObject","inLanguage":"es","@id":"https:\/\/noticiasya.com\/#\/schema\/logo\/image\/","url":"https:\/\/noticiasya.com\/wp-content\/uploads\/sites\/22\/2023\/12\/logo-nacional.png","contentUrl":"https:\/\/noticiasya.com\/wp-content\/uploads\/sites\/22\/2023\/12\/logo-nacional.png","width":1801,"height":691,"caption":"Noticias"},"image":{"@id":"https:\/\/noticiasya.com\/#\/schema\/logo\/image\/"}}]}},"parsely":{"version":"1.1.0","canonical_url":"https:\/\/noticiasya.com\/san-diego\/2026\/04\/29\/jerome-powell-reserva-federal-trax\/","smart_links":{"inbound":0,"outbound":0},"traffic_boost_suggestions_count":0,"meta":{"@context":"https:\/\/schema.org","@type":"NewsArticle","headline":"\u00bfSeguir\u00e1 Jerome Powell en la Reserva Federal? Esto es lo que nos contaron fuentes internas","url":"http:\/\/noticiasya.com\/san-diego\/2026\/04\/29\/jerome-powell-reserva-federal-trax\/","mainEntityOfPage":{"@type":"WebPage","@id":"http:\/\/noticiasya.com\/san-diego\/2026\/04\/29\/jerome-powell-reserva-federal-trax\/"},"thumbnailUrl":"","image":{"@type":"ImageObject","url":""},"articleSection":"Noticias Nacionales","author":[],"creator":[],"publisher":{"@type":"Organization","name":"Noticias","logo":""},"keywords":[],"dateCreated":"2026-04-29T14:03:53Z","datePublished":"2026-04-29T14:03:53Z","dateModified":"2026-04-29T14:03:53Z"},"rendered":"<script type=\"application\/ld+json\" class=\"wp-parsely-metadata\">{\"@context\":\"https:\\\/\\\/schema.org\",\"@type\":\"NewsArticle\",\"headline\":\"\\u00bfSeguir\\u00e1 Jerome Powell en la Reserva Federal? Esto es lo que nos contaron fuentes internas\",\"url\":\"http:\\\/\\\/noticiasya.com\\\/san-diego\\\/2026\\\/04\\\/29\\\/jerome-powell-reserva-federal-trax\\\/\",\"mainEntityOfPage\":{\"@type\":\"WebPage\",\"@id\":\"http:\\\/\\\/noticiasya.com\\\/san-diego\\\/2026\\\/04\\\/29\\\/jerome-powell-reserva-federal-trax\\\/\"},\"thumbnailUrl\":\"\",\"image\":{\"@type\":\"ImageObject\",\"url\":\"\"},\"articleSection\":\"Noticias Nacionales\",\"author\":[],\"creator\":[],\"publisher\":{\"@type\":\"Organization\",\"name\":\"Noticias\",\"logo\":\"\"},\"keywords\":[],\"dateCreated\":\"2026-04-29T14:03:53Z\",\"datePublished\":\"2026-04-29T14:03:53Z\",\"dateModified\":\"2026-04-29T14:03:53Z\"}<\/script>","tracker_url":"https:\/\/cdn.parsely.com\/keys\/noticiasya.com\/p.js"},"jetpack_featured_media_url":"","jetpack-related-posts":[{"id":1465756,"url":"https:\/\/noticiasya.com\/san-diego\/2025\/08\/22\/jerome-powell-recortes-tasas-pronto-trax\/","url_meta":{"origin":1473633,"position":0},"title":"Jerome Powell insin\u00faa que los esperados recortes de tasas llegar\u00e1n pronto: ser\u00e1n los primeros del mandato de Trump","author":"","date":"agosto 22, 2025","format":false,"excerpt":"El mercado laboral est\u00e1 en un terreno tan inestable que la Reserva Federal podr\u00eda necesitar pronto recortar las tasas de inter\u00e9s para apoyar la econom\u00eda, dijo este viernes el presidente de la Fed, Jerome Powell, en un importante foro de banca central.En uno de sus discursos m\u00e1s trascendentales, Powell sugiri\u00f3\u2026","rel":"","context":"In &quot;Noticias Nacionales&quot;","block_context":{"text":"Noticias Nacionales","link":"https:\/\/noticiasya.com\/san-diego\/categoria\/noticias-nacionales"},"img":{"alt_text":"","src":"","width":0,"height":0},"classes":[]},{"id":1462977,"url":"https:\/\/noticiasya.com\/san-diego\/2025\/05\/29\/trump-reunion-powell-tasas-de-interes-trax\/","url_meta":{"origin":1473633,"position":1},"title":"Trump se reuni\u00f3 con Jerome Powell y volvi\u00f3 a criticarlo por las tasas de inter\u00e9s de la Fed","author":"","date":"mayo 29, 2025","format":false,"excerpt":"El presidente Donald Trump se reuni\u00f3 este jueves con el presidente de la Reserva Federal (Fed), Jerome Powell. Es la primera vez que Trump se re\u00fane en con Powell en lo que va de su segundo mandato, y aprovech\u00f3 la ocasi\u00f3n para reprenderlo por no reducir el costo de los\u2026","rel":"","context":"In &quot;Noticias Nacionales&quot;","block_context":{"text":"Noticias Nacionales","link":"https:\/\/noticiasya.com\/san-diego\/categoria\/noticias-nacionales"},"img":{"alt_text":"","src":"","width":0,"height":0},"classes":[]},{"id":1464856,"url":"https:\/\/noticiasya.com\/san-diego\/2025\/07\/25\/que-dice-powell-aliados-trump-presion-trax\/","url_meta":{"origin":1473633,"position":2},"title":"Qu\u00e9 les dice Powell a sus aliados mientras Trump lo presiona para que renuncie","author":"","date":"julio 25, 2025","format":false,"excerpt":"El presidente de la Reserva Federal, Jerome Powell, ha dicho a varios de sus socios y aliados que no hay ninguna posibilidad de que ceda ante las exigencias del presidente Donald Trump de que renuncie, y ha prometido resistir varios meses m\u00e1s la presi\u00f3n sin precedentes y desde m\u00faltiples frentes\u2026","rel":"","context":"In &quot;Noticias Nacionales&quot;","block_context":{"text":"Noticias Nacionales","link":"https:\/\/noticiasya.com\/san-diego\/categoria\/noticias-nacionales"},"img":{"alt_text":"","src":"","width":0,"height":0},"classes":[]},{"id":1472528,"url":"https:\/\/noticiasya.com\/san-diego\/2026\/03\/25\/fiscal-juez-pruebas-powell-reserva-federal-trax\/","url_meta":{"origin":1473633,"position":3},"title":"Fiscal dice que no existen pruebas para procesar penalmente a Jerome Powell por renovaciones en el banco central","author":"","date":"marzo 25, 2026","format":false,"excerpt":"Un fiscal federal de Washington, declar\u00f3 este mes ante un juez que su oficina no dispon\u00eda de pruebas de ning\u00fan delito cometido por el presidente de la Reserva Federal, Jerome Powell, en la costosa renovaci\u00f3n de la sede del banco central, a pesar de las citaciones judiciales sobre el asunto,\u2026","rel":"","context":"In &quot;Noticias Nacionales&quot;","block_context":{"text":"Noticias Nacionales","link":"https:\/\/noticiasya.com\/san-diego\/categoria\/noticias-nacionales"},"img":{"alt_text":"","src":"","width":0,"height":0},"classes":[]},{"id":1470033,"url":"https:\/\/noticiasya.com\/san-diego\/2026\/01\/13\/analisis-powell-trump-economia-estadounidense-trax\/","url_meta":{"origin":1473633,"position":4},"title":"Por qu\u00e9 Powell contraataca a Trump: porque la econom\u00eda estadounidense est\u00e1 en juego","author":"","date":"enero 13, 2026","format":false,"excerpt":"El acalorado enfrentamiento entre el presidente de la Reserva Federal, Jerome Powell, y el presidente Donald Trump ha dejado de lado la tensi\u00f3n. Por extraordinaria que sea una investigaci\u00f3n criminal contra un presidente de la Fed en funciones, la reprimenda de Powell a Trump fue, en cierto modo, a\u00fan m\u00e1s\u2026","rel":"","context":"In &quot;Noticias Nacionales&quot;","block_context":{"text":"Noticias Nacionales","link":"https:\/\/noticiasya.com\/san-diego\/categoria\/noticias-nacionales"},"img":{"alt_text":"","src":"","width":0,"height":0},"classes":[]},{"id":1470593,"url":"https:\/\/noticiasya.com\/san-diego\/2026\/01\/29\/independencia-reserva-federal-trump-trax\/","url_meta":{"origin":1473633,"position":5},"title":"El notable consejo de Jerome Powell a su sucesor dice mucho sobre su batalla con Trump","author":"","date":"enero 29, 2026","format":false,"excerpt":"El presidente de la Reserva Federal, Jerome Powell, se neg\u00f3 a responder tres preguntas seguidas sobre pol\u00edtica durante su conferencia de prensa del mi\u00e9rcoles. Esto es t\u00edpico de la imagen de \u201csimplemente los hechos\u201d que se ha forjado a lo largo de los a\u00f1os. Pero casi al final de su\u2026","rel":"","context":"In &quot;Noticias Nacionales&quot;","block_context":{"text":"Noticias Nacionales","link":"https:\/\/noticiasya.com\/san-diego\/categoria\/noticias-nacionales"},"img":{"alt_text":"","src":"","width":0,"height":0},"classes":[]}],"jetpack_sharing_enabled":true,"_links":{"self":[{"href":"https:\/\/noticiasya.com\/san-diego\/wp-json\/wp\/v2\/posts\/1473633","targetHints":{"allow":["GET"]}}],"collection":[{"href":"https:\/\/noticiasya.com\/san-diego\/wp-json\/wp\/v2\/posts"}],"about":[{"href":"https:\/\/noticiasya.com\/san-diego\/wp-json\/wp\/v2\/types\/post"}],"replies":[{"embeddable":true,"href":"https:\/\/noticiasya.com\/san-diego\/wp-json\/wp\/v2\/comments?post=1473633"}],"version-history":[{"count":0,"href":"https:\/\/noticiasya.com\/san-diego\/wp-json\/wp\/v2\/posts\/1473633\/revisions"}],"wp:attachment":[{"href":"https:\/\/noticiasya.com\/san-diego\/wp-json\/wp\/v2\/media?parent=1473633"}],"wp:term":[{"taxonomy":"category","embeddable":true,"href":"https:\/\/noticiasya.com\/san-diego\/wp-json\/wp\/v2\/categories?post=1473633"},{"taxonomy":"post_tag","embeddable":true,"href":"https:\/\/noticiasya.com\/san-diego\/wp-json\/wp\/v2\/tags?post=1473633"}],"curies":[{"name":"wp","href":"https:\/\/api.w.org\/{rel}","templated":true}]}}