{"id":1473634,"date":"2026-04-29T08:03:50","date_gmt":"2026-04-29T15:03:50","guid":{"rendered":"https:\/\/noticiasya.com\/2026\/04\/29\/omar-garcia-harfuch-seguridad-mexico-popularidad-orix\/"},"modified":"2026-04-29T08:03:50","modified_gmt":"2026-04-29T15:03:50","slug":"omar-garcia-harfuch-seguridad-mexico-popularidad-orix","status":"publish","type":"post","link":"https:\/\/noticiasya.com\/san-diego\/2026\/04\/29\/omar-garcia-harfuch-seguridad-mexico-popularidad-orix\/","title":{"rendered":"Omar Garc\u00eda Harfuch, el &#171;Batman mexicano&#187; cuya popularidad crece en un pa\u00eds marcado por la violencia y el miedo"},"content":{"rendered":"<p>En la ma\u00f1anera, Omar Garc\u00eda Harfuch no parece \u2014al menos por ahora\u2014 estar jugando a la pol\u00edtica. Llega, se coloca frente al atril y desgrana cifras: detenciones, decomisos, desmantelamiento de laboratorios y golpes a estructuras criminales. Vestido con traje oscuro, rostro serio y un tono contenido, el m\u00e1ximo responsable de la seguridad en M\u00e9xico se expresa como un funcionario con expertise operativo.<\/p>\n<p>\u201cEn toda la trayectoria de Omar Garc\u00eda Harfuch ha pesado m\u00e1s el perfil t\u00e9cnico\u201d, dice a CNN Rodrigo Pe\u00f1a, especialista en seguridad del Tecnol\u00f3gico de Monterrey. \u201cIncluso hoy en d\u00eda, cuando ha tenido que enfrentar un car\u00e1cter mucho m\u00e1s pol\u00edtico\u2026 no solamente se le ve inc\u00f3modo, sino se le ve regresando al perfil t\u00e9cnico\u201d.<\/p>\n<p>Pero fuera de ese sal\u00f3n, donde con frecuencia participa en las conferencias diarias de la presidenta Claudia Sheinbaum, su rostro ahora aparece en mu\u00f1ecos vestidos de Batman y su torso (a veces sin camisa) en toallas, cobijas y hasta pasteles que se venden en mercados y tiendas de todo el pa\u00eds.<\/p>\n<p>Su popularidad ha crecido desde finales de 2025. Una encuesta publicada en septiembre por el diario El Financiero muestra que, entre junio y ese mes, las opiniones positivas hacia \u00e9l subieron del 53% al 58%, una tendencia poco usual entre figuras del oficialismo mexicano. Encuestas m\u00e1s recientes ubican su popularidad por encima del 80%.<\/p>\n<p>M\u00e1s a\u00fan, su exposici\u00f3n medi\u00e1tica se dispar\u00f3 tras el operativo de febrero de este a\u00f1o en el que muri\u00f3 Nemesio Oseguera Cervantes, \u201cel Mencho\u201d, uno de los capos m\u00e1s buscados y l\u00edder del Cartel Jalisco Nueva Generaci\u00f3n, el mismo grupo al que \u00e9l ha se\u00f1alado como responsable del atentado que sufri\u00f3 en 2020 cuando era secretario de Seguridad de la Ciudad de M\u00e9xico. En ese ataque, Garc\u00eda Harfuch recibi\u00f3 tres impactos de bala; adem\u00e1s, murieron dos de sus escoltas y una civil.<\/p>\n<p>Su imagen de \u201csuper polic\u00eda\u201d o \u201cBatman mexicano\u201d parece transmitir una sensaci\u00f3n de alivio: la idea de que alguien, por fin, pueda poner un freno a la delincuencia en un pa\u00eds profundamente marcado por la violencia.<\/p>\n<p>\u201cQue sea popular en un pa\u00eds con esta crisis de violencia es un contrasentido\u2026 Pero al mismo tiempo hace sentido\u201d, dice Pe\u00f1a. \u201cLa idea del \u2018Batman\u2019, esta narrativa\u2026 todo eso es parte de la misma historia\u201d, a\u00f1ade el especialista en seguridad.<\/p>\n<p>La crisis de violencia a la que aluden los especialistas est\u00e1 sustentada en cifras. El Gobierno de Sheinbaum en general y Garc\u00eda Harfuch en particular frecuentemente presumen una disminuci\u00f3n de homicidios dolosos en el pa\u00eds, una tendencia real, seg\u00fan las estad\u00edsticas oficiales, pero suelen omitir que M\u00e9xico sigue teniendo una de las tasas de homicidio m\u00e1s altas de Am\u00e9rica Latina. De acuerdo <a href=\"https:\/\/datos.bancomundial.org\/indicador\/VC.IHR.PSRC.P5\">con el Banco Mundial<\/a>, este indicador en M\u00e9xico es de 25 por cada 100.000 habitantes, igual que Colombia, arriba de Brasil (19) y solo debajo de Honduras (31) y Ecuador (46). En todo el mundo, la tasa promedio es de 5.<\/p>\n<p>Adem\u00e1s, varios expertos se\u00f1alan que, si bien el n\u00famero de homicidios es la medida m\u00e1s com\u00fan para evaluar los niveles de violencia, <a href=\"https:\/\/cnnespanol.cnn.com\/2025\/11\/10\/mexico\/mexico-sheinbaum-violencia-homicidios-analisis-orix\">no es la \u00fanica<\/a>. En ese sentido, los crecientes casos de extorsi\u00f3n y las desapariciones son muestra de un problema estructural que los gobiernos del pa\u00eds no han podido contener.<\/p>\n<p>Garc\u00eda Harfuch <a href=\"https:\/\/sil.gobernacion.gob.mx\/Librerias\/pp_PerfilLegislador.php?Referencia=9228910\">naci\u00f3 el 25 de febrero de 1982<\/a>; tiene 44 a\u00f1os. No viene de la pol\u00edtica tradicional. Su carrera se forj\u00f3 en corporaciones policiales y \u00e1reas de inteligencia, un recorrido poco com\u00fan entre quienes han encabezado la seguridad en M\u00e9xico, dado que el puesto con frecuencia ha reca\u00eddo en pol\u00edticos sin formaci\u00f3n policial.<\/p>\n<p>Ah\u00ed est\u00e1 una de sus principales diferencias con figuras del pasado. \u201cNo hab\u00edamos tenido, sin lugar a dudas, un secretario con el nivel de experiencia en campo que supone la tarea de seguridad\u201d, apunta Pe\u00f1a.<\/p>\n<p>Garc\u00eda Harfuch ingres\u00f3 a la ya desaparecida Polic\u00eda Federal a inicios de la d\u00e9cada del 2000, donde ocup\u00f3 distintos cargos operativos y de investigaci\u00f3n. M\u00e1s adelante, se integr\u00f3 a la Agencia de Investigaci\u00f3n Criminal de la entonces Procuradur\u00eda General de la Rep\u00fablica \u2014la actual Fiscal\u00eda General\u2014, donde lleg\u00f3 a ser titular en 2016. Desde esa posici\u00f3n, coordin\u00f3 la captura de D\u00e1maso L\u00f3pez N\u00fa\u00f1ez, <a href=\"https:\/\/insightcrime.org\/mexico-organized-crime-news\/damaso-lopez-nunez-alias-licenciado\/\">operador del C\u00e1rtel de Sinaloa conocido como \u201cel Licenciado\u201d<\/a>, y particip\u00f3 en la detenci\u00f3n de l\u00edderes de La Uni\u00f3n Tepito y La Fuerza Anti Uni\u00f3n, dos de las principales organizaciones criminales que operan en la capital del pa\u00eds.<\/p>\n<p>Ese perfil lo acompa\u00f1\u00f3 a la Ciudad de M\u00e9xico, donde fue nombrado jefe de la Polic\u00eda de Investigaci\u00f3n de la Fiscal\u00eda General de Justicia capitalina en 2019 y, ese mismo a\u00f1o, secretario de Seguridad Ciudadana, justo en los primeros a\u00f1os de Sheinbaum como jefa de Gobierno de la capital del pa\u00eds (2018-2023). Lleg\u00f3 como relevo tras la salida de su antecesor en el cargo, Jes\u00fas Orta, y r\u00e1pidamente empez\u00f3 a reorganizar la estructura: patrullajes por cuadrantes, rotaci\u00f3n de mandos, reconstrucci\u00f3n de inteligencia criminal, explica Pe\u00f1a.<\/p>\n<p>Los resultados, dicen los especialistas, fueron visibles aunque parciales. Bajaron delitos como el robo de autos y el secuestro. Otros, como la extorsi\u00f3n, crecieron. Y los homicidios siguieron siendo una deuda pendiente.<\/p>\n<p>Para la periodista y analista en seguridad Mar\u00eda Idalia G\u00f3mez, el balance refleja justamente esa mezcla de avances y l\u00edmites estructurales. \u201cEn el an\u00e1lisis de n\u00fameros en su momento s\u00ed reflejaba una disminuci\u00f3n en delitos locales, en robo de auto, en secuestros\u201d, apunta. \u201cLo que no disminuy\u00f3 y lo que fue incrementando fueron las extorsiones\u201d.<\/p>\n<p>Para Garc\u00eda Harfuch, todo cambi\u00f3 en 2020.<\/p>\n<p>El atentado en su contra \u2014que \u00e9l mismo atribuy\u00f3 al Cartel Jalisco Nueva Generaci\u00f3n\u2014 marc\u00f3 un antes y un despu\u00e9s en su figura p\u00fablica. Ocurri\u00f3 la ma\u00f1ana del 26 de junio de 2020, cuando el entonces secretario de Seguridad de la Ciudad de M\u00e9xico y sus escoltas circulaban sobre Paseo de la Reforma, una de las avenidas m\u00e1s transitadas de la capital.<\/p>\n<p>Garc\u00eda Harfuch recibi\u00f3 tres impactos de bala, fue sometido a cirug\u00eda y permaneci\u00f3 hospitalizado varios d\u00edas, seg\u00fan cont\u00f3 \u00e9l mismo en X.<\/p>\n<p>La imagen desde el hospital \u2014publicada por Santiago Nieto, entonces titular de la Unidad de Inteligencia Financiera ( UIF )\u2014 y el mensaje sobre sus compa\u00f1eros ca\u00eddos: ah\u00ed empez\u00f3 a construirse el personaje p\u00fablico.<\/p>\n<p>\u201cEse fue el parteaguas\u201d, dice Pe\u00f1a. \u201cLo posicion\u00f3 de manera muy notable y muy r\u00e1pida\u2026 y muy heroica, hay que decirlo\u201d.<\/p>\n<p>Desde entonces, su vida se volvi\u00f3 m\u00e1s resguardada y su exposici\u00f3n m\u00e1s medida. \u201cGarc\u00eda Harfuch fue otro despu\u00e9s de ese atentado, en cuestiones de comportamiento\u201d, dice  G\u00f3mez, quien recuerda que incluso lleg\u00f3 a dormir en su oficina como medida de seguridad.<\/p>\n<p>Su vida personal tambi\u00e9n se volvi\u00f3 m\u00e1s reservada. La periodista se\u00f1ala que Garc\u00eda Harfuch opt\u00f3 por mantenerse lejos del ojo p\u00fablico, algo que en su caso se entiende por el nivel de riesgo que implica su trabajo. \u201cEs un personaje que ha mantenido su vida privada pr\u00e1cticamente fuera de escena\u201d, apunta, en referencia a su decisi\u00f3n de no exponer a su familia ni su entorno m\u00e1s cercano.<\/p>\n<p>En la cooperaci\u00f3n en materia de seguridad con Estados Unidos, Garc\u00eda Harfuch ha empezado a tener un papel cada vez m\u00e1s importante, en un momento en que temas como el narcotr\u00e1fico, el tr\u00e1fico de armas y la migraci\u00f3n dominan la relaci\u00f3n bilateral.<\/p>\n<p>Analistas se\u00f1alan que su perfil operativo lo ha vuelto un interlocutor \u00fatil para agencias estadounidenses que necesitan coordinaci\u00f3n directa con autoridades mexicanas.<\/p>\n<p>Para Pe\u00f1a, su valor est\u00e1 en lo pr\u00e1ctico: \u201cEs un factor decisivo para la cooperaci\u00f3n\u201d, dice. \u201cUn generador de confianza con las agencias de seguridad estadounidenses\u201d.<\/p>\n<p>G\u00f3mez, por su parte, explica que esto se entiende porque la relaci\u00f3n con Estados Unidos en seguridad ya no depende solo de canales diplom\u00e1ticos, sino de coordinaci\u00f3n directa entre operadores. \u201cEs una pieza fundamental de la geopol\u00edtica M\u00e9xico\u2013Estados Unidos\u201d, afirma.<\/p>\n<p>La pregunta aparece cada vez con m\u00e1s frecuencia en la conversaci\u00f3n p\u00fablica: \u00bfOmar Garc\u00eda Harfuch podr\u00eda convertirse en candidato presidencial de cara a las elecciones de 2030? Sin embargo, entre quienes han seguido su trayectoria de cerca, la respuesta no es tan inmediata.<\/p>\n<p>Para Pe\u00f1a, la posibilidad existe, aunque depende de un escenario que todav\u00eda est\u00e1 lejos de consolidarse. \u201cSi la agenda de seguridad evoluciona favorablemente, definitivamente va a estar sobre la mesa\u201d, dice. Es decir, su eventual salto pol\u00edtico no depender\u00eda solo de su figura, sino de si logra sostener resultados en un terreno \u2014el de la violencia\u2014 donde los avances suelen ser fr\u00e1giles y reversibles.<\/p>\n<p>Aun as\u00ed, Pe\u00f1a subraya que hoy su perfil sigue anclado a otra l\u00f3gica: la de la operaci\u00f3n. \u201cYo lo veo m\u00e1s c\u00f3modo en la operaci\u00f3n t\u00e9cnica\u201d, explica. En su lectura, Garc\u00eda Harfuch no se comporta como un pol\u00edtico en construcci\u00f3n, sino como un funcionario que ha hecho de la gesti\u00f3n de la seguridad su zona de control, incluso ahora que su nombre empieza a circular como presidenciable.<\/p>\n<p>G\u00f3mez introduce un matiz distinto, menos centrado en su desempe\u00f1o y m\u00e1s en los riesgos que implica anticipar ese tipo de proyecci\u00f3n. Para ella, hablar de Garc\u00eda Harfuch como presidenciable puede alterar su posici\u00f3n actual.<\/p>\n<p>\u201cPrecisamente una forma de pretender anularlo es hablar de su posibilidad de ser candidato a la presidencia\u201d, considera G\u00f3mez, en referencia a sus adversarios dentro del propio partido y a la forma en que esa conversaci\u00f3n lo coloca bajo escrutinio constante.<\/p>\n<p>Tambi\u00e9n considera que es \u201cmuy pronto\u201d para pensar en esa posibilidad, porque su cargo en seguridad es muy delicado y puede cambiar de un momento a otro con cualquier crisis, filtraci\u00f3n o choque con grupos criminales o pol\u00edticos.<\/p>\n<p>\u201cEl camino y la ruta la presidencia puede ser de Omar, sin duda. Pero de que esa ruta est\u00e1 llena de agujeros, de traiciones y de riesgos tambi\u00e9n\u201d, dice.<\/p>\n<p>Las arenas de la pol\u00edtica electoral no son desconocidas para Garc\u00eda Harfuch. A finales de 2023, fue uno de los aspirantes del oficialista partido Morena a la candidatura por la Jefatura de Gobierno, que se defini\u00f3 por encuesta. De hecho, fue el morenista mejor ubicado en esa medici\u00f3n, con el 40,5% de las preferencias, <a href=\"https:\/\/cnnespanol.cnn.com\/2023\/11\/11\/morena-clara-brugada-candidata-al-gobierno-de-la-ciudad-de-mexico-orix\/\">pero Morena decidi\u00f3 postular a Clara Brugada, que tuvo el 26,7%<\/a>, por una regla de paridad de g\u00e9nero aprobada para las elecciones que se disputar\u00edan en 2024. Garc\u00eda Harfuch acept\u00f3 la decisi\u00f3n del partido, fue candidato al Senado y gan\u00f3 un esaca\u00f1o, <a href=\"https:\/\/senado.gob.mx\/66\/senador\/1521\">que ocup\u00f3 solamente durante unas semanas<\/a> antes de pedir licencia al Legislativo para incorporarse al gabinete presidencial de Sheinbaum.<\/p>\n<p>Como otras figuras de alto perfil en seguridad, Garc\u00eda Harfuch \u2014hijo de Javier Garc\u00eda Paniagua, pol\u00edtico y exfuncionario que encabez\u00f3 la extinta Direcci\u00f3n Federal de Seguridad, un \u00f3rgano del Estado asociado a etapas de represi\u00f3n pol\u00edtica\u2014 tambi\u00e9n arrastra cuestionamientos por su papel durante los a\u00f1os del caso Ayotzinapa, una de las crisis m\u00e1s sensibles en la historia reciente de M\u00e9xico.<\/p>\n<p>En ese momento, seg\u00fan ha dicho \u00e9l mismo, se desempe\u00f1aba como integrante de la Gendarmer\u00eda de la Polic\u00eda Federal, no como coordinador estatal en Guerrero, donde ocurrieron los hechos de la desaparici\u00f3n de los 43 normalistas en septiembre de 2014.<\/p>\n<p>\u201cEn las reuniones en las que particip\u00e9 se establecieron las l\u00edneas de acci\u00f3n para la b\u00fasqueda de las j\u00f3venes, sin abordar temas de investigaci\u00f3n. Lo digo con claridad y firmeza: nunca particip\u00e9 en los lamentables acontecimientos ocurridos en Ayotzinapa\u201d, dijo en 2023 en su cuenta de X.<\/p>\n<p>G\u00f3mez se\u00f1ala que no hay acusaciones penales directas en su contra, pero se trata de cuestionamientos que suelen reaparecer cuando su figura gana visibilidad p\u00fablica.<\/p>\n<p>\u201cPuede haber una responsabilidad moral, no penal\u201d, dice, al subrayar los distintos niveles de responsabilidad que suelen discutirse en este tipo de episodios.<\/p>\n<p>G\u00f3mez a\u00f1ade que este tipo de trayectorias no se leen en t\u00e9rminos simples. \u201cSon personajes que se mueven en estructuras muy complejas\u201d, explica, donde las decisiones operativas, las jerarqu\u00edas institucionales y los contextos de violencia se cruzan constantemente, y donde las responsabilidades no siempre pueden aislarse con facilidad.<\/p>\n<p>Mientras su popularidad parece ir en ascenso en un pa\u00eds marcado por la violencia, la distancia entre su papel oficial y la forma en que es percibido p\u00fablicamente sigue sin cerrarse del todo.<\/p>\n<p>En medio de esa atenci\u00f3n, su madre, la reconocida actriz de la televisi\u00f3n mexicana Mar\u00eda Sort\u00e9, ha agradecido p\u00fablicamente las muestras de cari\u00f1o hacia su hijo y los mensajes de apoyo que recibe en redes sociales.<\/p>\n<p>Para los analistas, ah\u00ed se concentra la paradoja de su figura: un jefe de seguridad que intenta mantenerse en el terreno t\u00e9cnico, mientras afuera su nombre empieza a leerse en clave pol\u00edtica.<\/p>\n<p>The-CNN-Wire<br \/>&trade; &amp; &copy; 2026 Cable News Network, Inc., a Warner Bros. Discovery Company. All rights reserved.<\/p>\n","protected":false},"excerpt":{"rendered":"<p>En la ma\u00f1anera, Omar Garc\u00eda Harfuch no parece \u2014al menos por ahora\u2014 estar jugando a la pol\u00edtica. Llega, se coloca frente al atril y desgrana cifras: detenciones, decomisos, desmantelamiento de laboratorios y golpes a estructuras criminales. Vestido con traje oscuro, rostro serio y un tono contenido, el m\u00e1ximo responsable de la seguridad en M\u00e9xico se [&hellip;]<\/p>\n","protected":false},"author":0,"featured_media":0,"comment_status":"open","ping_status":"open","sticky":false,"template":"","format":"standard","meta":{"_jetpack_memberships_contains_paid_content":false,"footnotes":""},"categories":[10],"tags":[],"class_list":["post-1473634","post","type-post","status-publish","format-standard","hentry","category-noticias-nacionales","market-global"],"yoast_head":"<!-- This site is optimized with the Yoast SEO plugin v24.4 - https:\/\/yoast.com\/wordpress\/plugins\/seo\/ -->\n<title>Omar Garc\u00eda Harfuch, el &quot;Batman mexicano&quot; cuya popularidad crece en un pa\u00eds marcado por la violencia y el miedo - Noticias<\/title>\n<meta name=\"robots\" content=\"index, follow, max-snippet:-1, max-image-preview:large, max-video-preview:-1\" \/>\n<link rel=\"canonical\" href=\"https:\/\/noticiasya.com\/2026\/04\/29\/omar-garcia-harfuch-seguridad-mexico-popularidad-orix\/\" \/>\n<meta property=\"og:locale\" content=\"es_ES\" \/>\n<meta property=\"og:type\" content=\"article\" \/>\n<meta property=\"og:title\" content=\"Omar Garc\u00eda Harfuch, el &quot;Batman mexicano&quot; cuya popularidad crece en un pa\u00eds marcado por la violencia y el miedo - Noticias\" \/>\n<meta property=\"og:description\" content=\"En la ma\u00f1anera, Omar Garc\u00eda Harfuch no parece \u2014al menos por ahora\u2014 estar jugando a la pol\u00edtica. Llega, se coloca frente al atril y desgrana cifras: detenciones, decomisos, desmantelamiento de laboratorios y golpes a estructuras criminales. Vestido con traje oscuro, rostro serio y un tono contenido, el m\u00e1ximo responsable de la seguridad en M\u00e9xico se [&hellip;]\" \/>\n<meta property=\"og:url\" content=\"https:\/\/noticiasya.com\/2026\/04\/29\/omar-garcia-harfuch-seguridad-mexico-popularidad-orix\/\" \/>\n<meta property=\"og:site_name\" content=\"Noticias\" \/>\n<meta property=\"article:published_time\" content=\"2026-04-29T15:03:50+00:00\" \/>\n<meta name=\"twitter:card\" content=\"summary_large_image\" \/>\n<meta name=\"twitter:label1\" content=\"Est. reading time\" \/>\n\t<meta name=\"twitter:data1\" content=\"11 minutos\" \/>\n<script type=\"application\/ld+json\" class=\"yoast-schema-graph\">{\"@context\":\"https:\/\/schema.org\",\"@graph\":[{\"@type\":\"Article\",\"@id\":\"https:\/\/noticiasya.com\/2026\/04\/29\/omar-garcia-harfuch-seguridad-mexico-popularidad-orix\/#article\",\"isPartOf\":{\"@id\":\"https:\/\/noticiasya.com\/2026\/04\/29\/omar-garcia-harfuch-seguridad-mexico-popularidad-orix\/\"},\"author\":{\"name\":\"\",\"@id\":\"\"},\"headline\":\"Omar Garc\u00eda Harfuch, el &#171;Batman mexicano&#187; cuya popularidad crece en un pa\u00eds marcado por la violencia y el miedo\",\"datePublished\":\"2026-04-29T15:03:50+00:00\",\"mainEntityOfPage\":{\"@id\":\"https:\/\/noticiasya.com\/2026\/04\/29\/omar-garcia-harfuch-seguridad-mexico-popularidad-orix\/\"},\"wordCount\":2292,\"commentCount\":0,\"publisher\":{\"@id\":\"https:\/\/noticiasya.com\/#organization\"},\"articleSection\":[\"Noticias Nacionales\"],\"inLanguage\":\"es\",\"potentialAction\":[{\"@type\":\"CommentAction\",\"name\":\"Comment\",\"target\":[\"https:\/\/noticiasya.com\/2026\/04\/29\/omar-garcia-harfuch-seguridad-mexico-popularidad-orix\/#respond\"]}]},{\"@type\":\"WebPage\",\"@id\":\"https:\/\/noticiasya.com\/2026\/04\/29\/omar-garcia-harfuch-seguridad-mexico-popularidad-orix\/\",\"url\":\"https:\/\/noticiasya.com\/2026\/04\/29\/omar-garcia-harfuch-seguridad-mexico-popularidad-orix\/\",\"name\":\"Omar Garc\u00eda Harfuch, el \\\"Batman mexicano\\\" cuya popularidad crece en un pa\u00eds marcado por la violencia y el miedo - Noticias\",\"isPartOf\":{\"@id\":\"https:\/\/noticiasya.com\/#website\"},\"datePublished\":\"2026-04-29T15:03:50+00:00\",\"breadcrumb\":{\"@id\":\"https:\/\/noticiasya.com\/2026\/04\/29\/omar-garcia-harfuch-seguridad-mexico-popularidad-orix\/#breadcrumb\"},\"inLanguage\":\"es\",\"potentialAction\":[{\"@type\":\"ReadAction\",\"target\":[\"https:\/\/noticiasya.com\/2026\/04\/29\/omar-garcia-harfuch-seguridad-mexico-popularidad-orix\/\"]}]},{\"@type\":\"BreadcrumbList\",\"@id\":\"https:\/\/noticiasya.com\/2026\/04\/29\/omar-garcia-harfuch-seguridad-mexico-popularidad-orix\/#breadcrumb\",\"itemListElement\":[{\"@type\":\"ListItem\",\"position\":1,\"name\":\"Home\",\"item\":\"https:\/\/noticiasya.com\/\"},{\"@type\":\"ListItem\",\"position\":2,\"name\":\"Omar Garc\u00eda Harfuch, el &#171;Batman mexicano&#187; cuya popularidad crece en un pa\u00eds marcado por la violencia y el miedo\"}]},{\"@type\":\"WebSite\",\"@id\":\"https:\/\/noticiasya.com\/#website\",\"url\":\"https:\/\/noticiasya.com\/\",\"name\":\"Noticias\",\"description\":\"Lo que importa\",\"publisher\":{\"@id\":\"https:\/\/noticiasya.com\/#organization\"},\"potentialAction\":[{\"@type\":\"SearchAction\",\"target\":{\"@type\":\"EntryPoint\",\"urlTemplate\":\"https:\/\/noticiasya.com\/?s={search_term_string}\"},\"query-input\":{\"@type\":\"PropertyValueSpecification\",\"valueRequired\":true,\"valueName\":\"search_term_string\"}}],\"inLanguage\":\"es\"},{\"@type\":\"Organization\",\"@id\":\"https:\/\/noticiasya.com\/#organization\",\"name\":\"Noticias\",\"url\":\"https:\/\/noticiasya.com\/\",\"logo\":{\"@type\":\"ImageObject\",\"inLanguage\":\"es\",\"@id\":\"https:\/\/noticiasya.com\/#\/schema\/logo\/image\/\",\"url\":\"https:\/\/noticiasya.com\/wp-content\/uploads\/sites\/22\/2023\/12\/logo-nacional.png\",\"contentUrl\":\"https:\/\/noticiasya.com\/wp-content\/uploads\/sites\/22\/2023\/12\/logo-nacional.png\",\"width\":1801,\"height\":691,\"caption\":\"Noticias\"},\"image\":{\"@id\":\"https:\/\/noticiasya.com\/#\/schema\/logo\/image\/\"}}]}<\/script>\n<!-- \/ Yoast SEO plugin. -->","yoast_head_json":{"title":"Omar Garc\u00eda Harfuch, el \"Batman mexicano\" cuya popularidad crece en un pa\u00eds marcado por la violencia y el miedo - Noticias","robots":{"index":"index","follow":"follow","max-snippet":"max-snippet:-1","max-image-preview":"max-image-preview:large","max-video-preview":"max-video-preview:-1"},"canonical":"https:\/\/noticiasya.com\/2026\/04\/29\/omar-garcia-harfuch-seguridad-mexico-popularidad-orix\/","og_locale":"es_ES","og_type":"article","og_title":"Omar Garc\u00eda Harfuch, el \"Batman mexicano\" cuya popularidad crece en un pa\u00eds marcado por la violencia y el miedo - Noticias","og_description":"En la ma\u00f1anera, Omar Garc\u00eda Harfuch no parece \u2014al menos por ahora\u2014 estar jugando a la pol\u00edtica. Llega, se coloca frente al atril y desgrana cifras: detenciones, decomisos, desmantelamiento de laboratorios y golpes a estructuras criminales. Vestido con traje oscuro, rostro serio y un tono contenido, el m\u00e1ximo responsable de la seguridad en M\u00e9xico se [&hellip;]","og_url":"https:\/\/noticiasya.com\/2026\/04\/29\/omar-garcia-harfuch-seguridad-mexico-popularidad-orix\/","og_site_name":"Noticias","article_published_time":"2026-04-29T15:03:50+00:00","twitter_card":"summary_large_image","twitter_misc":{"Est. reading time":"11 minutos"},"schema":{"@context":"https:\/\/schema.org","@graph":[{"@type":"Article","@id":"https:\/\/noticiasya.com\/2026\/04\/29\/omar-garcia-harfuch-seguridad-mexico-popularidad-orix\/#article","isPartOf":{"@id":"https:\/\/noticiasya.com\/2026\/04\/29\/omar-garcia-harfuch-seguridad-mexico-popularidad-orix\/"},"author":{"name":"","@id":""},"headline":"Omar Garc\u00eda Harfuch, el &#171;Batman mexicano&#187; cuya popularidad crece en un pa\u00eds marcado por la violencia y el miedo","datePublished":"2026-04-29T15:03:50+00:00","mainEntityOfPage":{"@id":"https:\/\/noticiasya.com\/2026\/04\/29\/omar-garcia-harfuch-seguridad-mexico-popularidad-orix\/"},"wordCount":2292,"commentCount":0,"publisher":{"@id":"https:\/\/noticiasya.com\/#organization"},"articleSection":["Noticias Nacionales"],"inLanguage":"es","potentialAction":[{"@type":"CommentAction","name":"Comment","target":["https:\/\/noticiasya.com\/2026\/04\/29\/omar-garcia-harfuch-seguridad-mexico-popularidad-orix\/#respond"]}]},{"@type":"WebPage","@id":"https:\/\/noticiasya.com\/2026\/04\/29\/omar-garcia-harfuch-seguridad-mexico-popularidad-orix\/","url":"https:\/\/noticiasya.com\/2026\/04\/29\/omar-garcia-harfuch-seguridad-mexico-popularidad-orix\/","name":"Omar Garc\u00eda Harfuch, el \"Batman mexicano\" cuya popularidad crece en un pa\u00eds marcado por la violencia y el miedo - Noticias","isPartOf":{"@id":"https:\/\/noticiasya.com\/#website"},"datePublished":"2026-04-29T15:03:50+00:00","breadcrumb":{"@id":"https:\/\/noticiasya.com\/2026\/04\/29\/omar-garcia-harfuch-seguridad-mexico-popularidad-orix\/#breadcrumb"},"inLanguage":"es","potentialAction":[{"@type":"ReadAction","target":["https:\/\/noticiasya.com\/2026\/04\/29\/omar-garcia-harfuch-seguridad-mexico-popularidad-orix\/"]}]},{"@type":"BreadcrumbList","@id":"https:\/\/noticiasya.com\/2026\/04\/29\/omar-garcia-harfuch-seguridad-mexico-popularidad-orix\/#breadcrumb","itemListElement":[{"@type":"ListItem","position":1,"name":"Home","item":"https:\/\/noticiasya.com\/"},{"@type":"ListItem","position":2,"name":"Omar Garc\u00eda Harfuch, el &#171;Batman mexicano&#187; cuya popularidad crece en un pa\u00eds marcado por la violencia y el miedo"}]},{"@type":"WebSite","@id":"https:\/\/noticiasya.com\/#website","url":"https:\/\/noticiasya.com\/","name":"Noticias","description":"Lo que importa","publisher":{"@id":"https:\/\/noticiasya.com\/#organization"},"potentialAction":[{"@type":"SearchAction","target":{"@type":"EntryPoint","urlTemplate":"https:\/\/noticiasya.com\/?s={search_term_string}"},"query-input":{"@type":"PropertyValueSpecification","valueRequired":true,"valueName":"search_term_string"}}],"inLanguage":"es"},{"@type":"Organization","@id":"https:\/\/noticiasya.com\/#organization","name":"Noticias","url":"https:\/\/noticiasya.com\/","logo":{"@type":"ImageObject","inLanguage":"es","@id":"https:\/\/noticiasya.com\/#\/schema\/logo\/image\/","url":"https:\/\/noticiasya.com\/wp-content\/uploads\/sites\/22\/2023\/12\/logo-nacional.png","contentUrl":"https:\/\/noticiasya.com\/wp-content\/uploads\/sites\/22\/2023\/12\/logo-nacional.png","width":1801,"height":691,"caption":"Noticias"},"image":{"@id":"https:\/\/noticiasya.com\/#\/schema\/logo\/image\/"}}]}},"parsely":{"version":"1.1.0","canonical_url":"https:\/\/noticiasya.com\/san-diego\/2026\/04\/29\/omar-garcia-harfuch-seguridad-mexico-popularidad-orix\/","smart_links":{"inbound":0,"outbound":0},"traffic_boost_suggestions_count":0,"meta":{"@context":"https:\/\/schema.org","@type":"NewsArticle","headline":"Omar Garc\u00eda Harfuch, el &#171;Batman mexicano&#187; cuya popularidad crece en un pa\u00eds marcado por la violencia y el miedo","url":"http:\/\/noticiasya.com\/san-diego\/2026\/04\/29\/omar-garcia-harfuch-seguridad-mexico-popularidad-orix\/","mainEntityOfPage":{"@type":"WebPage","@id":"http:\/\/noticiasya.com\/san-diego\/2026\/04\/29\/omar-garcia-harfuch-seguridad-mexico-popularidad-orix\/"},"thumbnailUrl":"","image":{"@type":"ImageObject","url":""},"articleSection":"Noticias Nacionales","author":[],"creator":[],"publisher":{"@type":"Organization","name":"Noticias","logo":""},"keywords":[],"dateCreated":"2026-04-29T15:03:50Z","datePublished":"2026-04-29T15:03:50Z","dateModified":"2026-04-29T15:03:50Z"},"rendered":"<script type=\"application\/ld+json\" class=\"wp-parsely-metadata\">{\"@context\":\"https:\\\/\\\/schema.org\",\"@type\":\"NewsArticle\",\"headline\":\"Omar Garc\\u00eda Harfuch, el &#171;Batman mexicano&#187; cuya popularidad crece en un pa\\u00eds marcado por la violencia y el miedo\",\"url\":\"http:\\\/\\\/noticiasya.com\\\/san-diego\\\/2026\\\/04\\\/29\\\/omar-garcia-harfuch-seguridad-mexico-popularidad-orix\\\/\",\"mainEntityOfPage\":{\"@type\":\"WebPage\",\"@id\":\"http:\\\/\\\/noticiasya.com\\\/san-diego\\\/2026\\\/04\\\/29\\\/omar-garcia-harfuch-seguridad-mexico-popularidad-orix\\\/\"},\"thumbnailUrl\":\"\",\"image\":{\"@type\":\"ImageObject\",\"url\":\"\"},\"articleSection\":\"Noticias Nacionales\",\"author\":[],\"creator\":[],\"publisher\":{\"@type\":\"Organization\",\"name\":\"Noticias\",\"logo\":\"\"},\"keywords\":[],\"dateCreated\":\"2026-04-29T15:03:50Z\",\"datePublished\":\"2026-04-29T15:03:50Z\",\"dateModified\":\"2026-04-29T15:03:50Z\"}<\/script>","tracker_url":"https:\/\/cdn.parsely.com\/keys\/noticiasya.com\/p.js"},"jetpack_featured_media_url":"","jetpack-related-posts":[{"id":1456833,"url":"https:\/\/noticiasya.com\/san-diego\/2024\/12\/21\/prision-hombres-atentado-harfuch-2020-orix\/","url_meta":{"origin":1473634,"position":0},"title":"Sentencian a 86 a\u00f1os de prisi\u00f3n a dos hombres por participar en el atentado contra Omar Garc\u00eda Harfuch ocurrido en 2020","author":"","date":"diciembre 21, 2024","format":false,"excerpt":"Un tribunal de enjuiciamiento de la Ciudad de M\u00e9xico sentenci\u00f3 a 86 a\u00f1os con ocho meses de prisi\u00f3n a dos hombres que participaron en el atentado cometido en 2020 en contra de Omar Garc\u00eda Harfuch, entonces secretario de Seguridad de la capital mexicana, inform\u00f3 este viernes el coordinador de Investigaci\u00f3n\u2026","rel":"","context":"In &quot;Noticias Nacionales&quot;","block_context":{"text":"Noticias Nacionales","link":"https:\/\/noticiasya.com\/san-diego\/categoria\/noticias-nacionales"},"img":{"alt_text":"","src":"","width":0,"height":0},"classes":[]},{"id":1464405,"url":"https:\/\/noticiasya.com\/san-diego\/2025\/07\/10\/tension-diplomatica-el-salvador-mexico-interceptacion-avioneta-droga-orix\/","url_meta":{"origin":1473634,"position":1},"title":"Tensi\u00f3n diplom\u00e1tica entre El Salvador y M\u00e9xico por interceptaci\u00f3n de avioneta con droga","author":"","date":"julio 10, 2025","format":false,"excerpt":"El presidente de El Salvador, Nayib Bukele, ha vuelto a pedir este mi\u00e9rcoles una aclaraci\u00f3n al Gobierno de M\u00e9xico sobre una avioneta interceptada que transportaba coca\u00edna, despu\u00e9s de que autoridades de ese pa\u00eds aseguraran que proven\u00eda de tierras salvadore\u00f1as.La tensi\u00f3n comenz\u00f3 el martes cuando el secretario de Seguridad y Protecci\u00f3n\u2026","rel":"","context":"In &quot;Noticias Nacionales&quot;","block_context":{"text":"Noticias Nacionales","link":"https:\/\/noticiasya.com\/san-diego\/categoria\/noticias-nacionales"},"img":{"alt_text":"","src":"","width":0,"height":0},"classes":[]},{"id":1470295,"url":"https:\/\/noticiasya.com\/san-diego\/2026\/01\/20\/envio-eeuu-37-presuntos-criminales-orix\/","url_meta":{"origin":1473634,"position":2},"title":"M\u00e9xico env\u00eda a EE.UU. a otros 37 presuntos criminales peligrosos. Suman 92 en un a\u00f1o","author":"","date":"enero 20, 2026","format":false,"excerpt":"El Gobierno de M\u00e9xico envi\u00f3 a 37 presuntos criminales a Estados Unidos, el tercer traslado de este tipo en un a\u00f1o, seg\u00fan inform\u00f3 este martes el secretario de Seguridad y Protecci\u00f3n Ciudadana, Omar Garc\u00eda Harfuch.El funcionario indic\u00f3 en X que se trata de \u201coperadores de organizaciones criminales que representaban una\u2026","rel":"","context":"In &quot;Noticias Nacionales&quot;","block_context":{"text":"Noticias Nacionales","link":"https:\/\/noticiasya.com\/san-diego\/categoria\/noticias-nacionales"},"img":{"alt_text":"","src":"","width":0,"height":0},"classes":[]},{"id":1468003,"url":"https:\/\/noticiasya.com\/san-diego\/2025\/11\/03\/enfrentamiento-sinaloa-muertos-secuestrados-harfuch-violencia-orix\/","url_meta":{"origin":1473634,"position":3},"title":"Mueren 13 personas en enfrentamiento entre fuerzas de seguridad y grupo armado en Sinaloa","author":"","date":"noviembre 3, 2025","format":false,"excerpt":"Fuerzas de seguridad mexicanas abatieron a 13 presuntos agresores este lunes durante un operativo de seguridad en La Brecha, municipio de Guasave, Sinaloa, inform\u00f3 el secretario de Seguridad y Protecci\u00f3n Ciudadana, Omar Garc\u00eda Harfuch, en medio de la creciente violencia que azota algunas regiones del pa\u00eds.El funcionario dijo en su\u2026","rel":"","context":"In &quot;Noticias Nacionales&quot;","block_context":{"text":"Noticias Nacionales","link":"https:\/\/noticiasya.com\/san-diego\/categoria\/noticias-nacionales"},"img":{"alt_text":"","src":"","width":0,"height":0},"classes":[]},{"id":1472389,"url":"https:\/\/noticiasya.com\/san-diego\/2026\/03\/20\/operativos-sinaloa-hija-mayo-zambada-liberada-sheinbaum-orix\/","url_meta":{"origin":1473634,"position":4},"title":"Tras operativos en Sinaloa, hija del Mayo Zambada estuvo &#171;bajo custodia&#187;, pero fue liberada, dice el Gobierno de Sheinbaum","author":"","date":"marzo 20, 2026","format":false,"excerpt":"Luego de operativos de las fuerzas armadas de M\u00e9xico el jueves en Sinaloa, una de las hijas de Ismael \u201cMayo\u201d Zambada Garc\u00eda \u2014se\u00f1alado como uno de los fundadores del Cartel de Sinaloa y que en agosto de 2025 se declar\u00f3 culpable de cargos de narcotr\u00e1fico en Estados Unidos\u2014 fue puesta\u2026","rel":"","context":"In &quot;Noticias Nacionales&quot;","block_context":{"text":"Noticias Nacionales","link":"https:\/\/noticiasya.com\/san-diego\/categoria\/noticias-nacionales"},"img":{"alt_text":"","src":"","width":0,"height":0},"classes":[]},{"id":1468557,"url":"https:\/\/noticiasya.com\/san-diego\/2025\/11\/20\/presunto-autor-intelectual-homicidio-manzo-quien-es-orix\/","url_meta":{"origin":1473634,"position":5},"title":"\u00bfQu\u00e9 sabemos del presunto autor intelectual del homicidio del alcalde de Uruapan en M\u00e9xico?","author":"","date":"noviembre 20, 2025","format":false,"excerpt":"Autoridades de seguridad de M\u00e9xico anunciaron el mi\u00e9rcoles la detenci\u00f3n de uno de los presuntos autores intelectuales del homicidio de Carlos Manzo, el alcalde del municipio de Uruapan asesinado la noche del 1 de noviembre despu\u00e9s de participar en una festividad p\u00fablica de ese municipio del estado de Michoac\u00e1n.El secretario\u2026","rel":"","context":"In &quot;Noticias Nacionales&quot;","block_context":{"text":"Noticias Nacionales","link":"https:\/\/noticiasya.com\/san-diego\/categoria\/noticias-nacionales"},"img":{"alt_text":"","src":"","width":0,"height":0},"classes":[]}],"jetpack_sharing_enabled":true,"_links":{"self":[{"href":"https:\/\/noticiasya.com\/san-diego\/wp-json\/wp\/v2\/posts\/1473634","targetHints":{"allow":["GET"]}}],"collection":[{"href":"https:\/\/noticiasya.com\/san-diego\/wp-json\/wp\/v2\/posts"}],"about":[{"href":"https:\/\/noticiasya.com\/san-diego\/wp-json\/wp\/v2\/types\/post"}],"replies":[{"embeddable":true,"href":"https:\/\/noticiasya.com\/san-diego\/wp-json\/wp\/v2\/comments?post=1473634"}],"version-history":[{"count":0,"href":"https:\/\/noticiasya.com\/san-diego\/wp-json\/wp\/v2\/posts\/1473634\/revisions"}],"wp:attachment":[{"href":"https:\/\/noticiasya.com\/san-diego\/wp-json\/wp\/v2\/media?parent=1473634"}],"wp:term":[{"taxonomy":"category","embeddable":true,"href":"https:\/\/noticiasya.com\/san-diego\/wp-json\/wp\/v2\/categories?post=1473634"},{"taxonomy":"post_tag","embeddable":true,"href":"https:\/\/noticiasya.com\/san-diego\/wp-json\/wp\/v2\/tags?post=1473634"}],"curies":[{"name":"wp","href":"https:\/\/api.w.org\/{rel}","templated":true}]}}