{"id":1473641,"date":"2026-04-29T13:03:40","date_gmt":"2026-04-29T20:03:40","guid":{"rendered":"https:\/\/noticiasya.com\/2026\/04\/29\/devil-wears-prada-2-estreno-elenco-orix\/"},"modified":"2026-04-29T13:03:40","modified_gmt":"2026-04-29T20:03:40","slug":"devil-wears-prada-2-estreno-elenco-orix","status":"publish","type":"post","link":"https:\/\/noticiasya.com\/san-diego\/2026\/04\/29\/devil-wears-prada-2-estreno-elenco-orix\/","title":{"rendered":"&#171;The Devil Wears Prada 2&#187;: fecha de estreno, elenco y banda sonora de la secuela"},"content":{"rendered":"<p>Es la pel\u00edcula con la que comienza la temporada de estrenos de verano en Estados Unidos. Es \u201cThe Devil Wears Prada 2\u201d, la comedia protagonizada por Meryl Streep y Anne Hathaway cuyo estreno est\u00e1 previsto para este viernes en las salas de cine.<\/p>\n<p>El estreno de la secuela se produce 20 a\u00f1os despu\u00e9s del debut en 2006 de la cinta original titulada en espa\u00f1ol \u201c<a href=\"https:\/\/www.imdb.com\/es\/title\/tt0458352\/?ref_=nv_sr_srsg_0_tt_7_nm_1_in_0_q_The%20Devil%20\">El diablo viste a la moda<\/a>\u201d. Basada en la novela \u201cThe Devil Wears Prada\u201d (2003) de la escritora Lauren Weisberger, el libro contaba la historia de una joven contratada como asistente personal de una poderosa editora de una revista de alta moda llamada Miranda Priestley, en quienes muchos vieron un retrato de la editora real de la revista Vogue, Anna Wintour, pues Weisberger trabaj\u00f3 un tiempo como su asistente personal en la publicaci\u00f3n.<\/p>\n<p>Wintour, quien en septiembre de 2025 <a href=\"https:\/\/cnnespanol.cnn.com\/2025\/09\/02\/cultura\/anna-wintour-chloe-malle-vogue-trax\">anunci\u00f3 como su sucesora<\/a> a Chloe Mall en el rol de nueva editora de Vogue, cont\u00f3 en ese momento lo que opinaba realmente del personaje de Miranda Priestly que Meryl Streep interpret\u00f3 en la versi\u00f3n cinematogr\u00e1fica de \u201cThe Devil Wears Prada\u201d. \u201cFui al estreno vestida de Prada, sin tener idea de qu\u00e9 iba a tratar la pel\u00edcula. Primero que nada, era Meryl Streep, lo cual es fant\u00e1stico. Y luego fui a ver la pel\u00edcula y la encontr\u00e9 muy entretenida. Fue muy divertida\u201d, <a href=\"https:\/\/cnnespanol.cnn.com\/2025\/09\/10\/entretenimiento\/anna-wintour-piensa-the-devil-wears-prada-trax\">dijo Wintour<\/a> entonces en en el podcast \u201cThe New Yorker Radio Hour\u201d.<\/p>\n<p>\u201cThe Devil Wears Prada\u201d tuvo un presupuesto de US$ 35 millones y recaud\u00f3 US$ 326 millones en la taquilla global en 2006, seg\u00fan el sitio web que registra la taquilla cinematogr\u00e1fica <a href=\"https:\/\/www.boxofficemojo.com\/title\/tt0458352\/\">Box Office Mojo<\/a>, lo que certifica que fue un \u00e9xito de taquilla.<\/p>\n<p>Cabe hacerse la pregunta: \u00bfpor qu\u00e9 se esperaron 20 a\u00f1os para hacer la secuela? Juan Carlos Arciniegas, conductor del espacio \u201cOjo cr\u00edtico\u201d en CNN en Espa\u00f1ol, <a href=\"https:\/\/cnnespanol.cnn.com\/2025\/08\/01\/entretenimiento\/diablo-viste-prada-2-moda-hollywood-pasado-orix\">escribi\u00f3<\/a> que la nostalgia es el factor que impulsa la ida de imaginar c\u00f3mo lucen los personajes tras dos d\u00e9cadas.<\/p>\n<p>La pel\u00edcula llega a los cines este viernes 1 de mayo, mes en el que se inicia formalmente la temporada de estrenos del verano. Tiene el camino pr\u00e1cticamente despejado en la taquilla hasta el 22 de mayo, cuando debuta en salas \u201c<a href=\"https:\/\/cnnespanol.cnn.com\/2025\/09\/23\/entretenimiento\/the-mandalorian-and-grogu-estreno-trama-elenco-orix\">The Mandalorian and Grogu<\/a>\u201d, la primera pel\u00edcula de Star Wars que se estrena en cines en m\u00e1s de cinco a\u00f1os.<\/p>\n<p>David Frankel, realizador de \u201cThe Devil Wears Prada\u201d, regresa para dirigir la secuela, con un guion de Alien Brosh McKenna.<\/p>\n<p>La trama de \u201cThe Devil Wears Prada 2\u201d se desarrolla 20 a\u00f1os despu\u00e9s de la historia original. Muestra a una Miranda Priestly (Meryl Streep), editoria de Runaway, la prestigiosa revista de modas, quien, ante el declive de los medios impresos y una toma hostil de compra de acciones de la empresa, debe competir contra su exasistente convertida en rival, Emily Charlton (Emily Blunt), quien ahora es una poderosa ejecutiva del sector del lujo. Andy Sachs (Anne Hathaway), quien fuera la asistente personal de Miranda en la cinta original, se ve atrapada en medio de este conflicto.<\/p>\n<p>En la pel\u00edcula repiten las cuatro estrellas de la cinta original: Mery Streep, Anne Hathaway, Emily Blunt y Stanley Tucci. En la secuela se une al elenco Kenneth Branagh, quien interpreta al esposo de Mirand Priestly.<\/p>\n<p>Adem\u00e1s de Branagh, los nuevos rostros del reparto incluyen a Simone Ashley (\u201cLos Bridgerton\u201d), Justin Theroux (\u201cThe Leftovers\u201d), Lucy Liu, Lady Gaga, Pauline Chalamet, B. J. Novak, Tracie Thoms, Donatella Versace, Jenna Bush Hager (hija del expresidente George W. Bush) y Rachel Bloom.<\/p>\n<p>Entertainment Weekly inform\u00f3 que el <a href=\"https:\/\/ew.com\/syndey-sweeney-cameo-cut-devil-wears-prada-2-11954299\">cameo de Sydney Sweeney<\/a> fue eliminado de la pel\u00edcula.<\/p>\n<p>Si bien la canci\u00f3n \u201cVogue\u201d de Madonna, lanzada en 1990, fue <a href=\"https:\/\/cnnespanol.cnn.com\/2025\/11\/12\/entretenimiento\/meryl-streep-anne-hathaway-devil-wears-prada-2-trax\">usada en el primer tr\u00e1iler<\/a> de \u201cThe Devil Wears Prada 2\u201d, el tema musical principal de la secuela es \u201cRunway\u201d, interpretado por <a href=\"https:\/\/cnnespanol.cnn.com\/2026\/04\/27\/entretenimiento\/video\/lady-gaga-doechii-runway-video-devil-prada-2-orix\">Lady Gaga y Doechii<\/a>, y que est\u00e1 incluido en la banda sonora de la pel\u00edcula.<\/p>\n<p>El \u00e1lbum tambi\u00e9n incluye otras dos canciones de Lady Gaga: \u201cShape of a Woman\u201d y \u201cGlamorous Life\u201d. Otros artistas que participan en la <a href=\"https:\/\/genius.com\/albums\/Various-artists\/The-devil-wears-prada-2-music-from-the-motion-picture\">banda sonora<\/a> son Dua Lipa (\u201cEnd of an Era\u201d), Miley Cyrus con Brittany Howard, RZA, Laufey, Olivia Dean, The Mar\u00edas y Sienna Spiro.<\/p>\n<p>\u201cThe Devil Wears Prada 2\u201d se estrena en cines este este viernes 1 de mayo.<\/p>\n<p>The-CNN-Wire<br \/>&trade; &amp; &copy; 2026 Cable News Network, Inc., a Warner Bros. Discovery Company. All rights reserved.<\/p>\n","protected":false},"excerpt":{"rendered":"<p>Es la pel\u00edcula con la que comienza la temporada de estrenos de verano en Estados Unidos. Es \u201cThe Devil Wears Prada 2\u201d, la comedia protagonizada por Meryl Streep y Anne Hathaway cuyo estreno est\u00e1 previsto para este viernes en las salas de cine. El estreno de la secuela se produce 20 a\u00f1os despu\u00e9s del debut [&hellip;]<\/p>\n","protected":false},"author":0,"featured_media":0,"comment_status":"open","ping_status":"open","sticky":false,"template":"","format":"standard","meta":{"_jetpack_memberships_contains_paid_content":false,"footnotes":""},"categories":[10],"tags":[],"class_list":["post-1473641","post","type-post","status-publish","format-standard","hentry","category-noticias-nacionales","market-global"],"yoast_head":"<!-- This site is optimized with the Yoast SEO plugin v24.4 - https:\/\/yoast.com\/wordpress\/plugins\/seo\/ -->\n<title>&quot;The Devil Wears Prada 2&quot;: fecha de estreno, elenco y banda sonora de la secuela - Noticias<\/title>\n<meta name=\"robots\" content=\"index, follow, max-snippet:-1, max-image-preview:large, max-video-preview:-1\" \/>\n<link rel=\"canonical\" href=\"https:\/\/noticiasya.com\/2026\/04\/29\/devil-wears-prada-2-estreno-elenco-orix\/\" \/>\n<meta property=\"og:locale\" content=\"es_ES\" \/>\n<meta property=\"og:type\" content=\"article\" \/>\n<meta property=\"og:title\" content=\"&quot;The Devil Wears Prada 2&quot;: fecha de estreno, elenco y banda sonora de la secuela - Noticias\" \/>\n<meta property=\"og:description\" content=\"Es la pel\u00edcula con la que comienza la temporada de estrenos de verano en Estados Unidos. Es \u201cThe Devil Wears Prada 2\u201d, la comedia protagonizada por Meryl Streep y Anne Hathaway cuyo estreno est\u00e1 previsto para este viernes en las salas de cine. El estreno de la secuela se produce 20 a\u00f1os despu\u00e9s del debut [&hellip;]\" \/>\n<meta property=\"og:url\" content=\"https:\/\/noticiasya.com\/2026\/04\/29\/devil-wears-prada-2-estreno-elenco-orix\/\" \/>\n<meta property=\"og:site_name\" content=\"Noticias\" \/>\n<meta property=\"article:published_time\" content=\"2026-04-29T20:03:40+00:00\" \/>\n<meta name=\"twitter:card\" content=\"summary_large_image\" \/>\n<meta name=\"twitter:label1\" content=\"Est. reading time\" \/>\n\t<meta name=\"twitter:data1\" content=\"4 minutos\" \/>\n<script type=\"application\/ld+json\" class=\"yoast-schema-graph\">{\"@context\":\"https:\/\/schema.org\",\"@graph\":[{\"@type\":\"Article\",\"@id\":\"https:\/\/noticiasya.com\/2026\/04\/29\/devil-wears-prada-2-estreno-elenco-orix\/#article\",\"isPartOf\":{\"@id\":\"https:\/\/noticiasya.com\/2026\/04\/29\/devil-wears-prada-2-estreno-elenco-orix\/\"},\"author\":{\"name\":\"\",\"@id\":\"\"},\"headline\":\"&#171;The Devil Wears Prada 2&#187;: fecha de estreno, elenco y banda sonora de la secuela\",\"datePublished\":\"2026-04-29T20:03:40+00:00\",\"mainEntityOfPage\":{\"@id\":\"https:\/\/noticiasya.com\/2026\/04\/29\/devil-wears-prada-2-estreno-elenco-orix\/\"},\"wordCount\":750,\"commentCount\":0,\"publisher\":{\"@id\":\"https:\/\/noticiasya.com\/#organization\"},\"articleSection\":[\"Noticias Nacionales\"],\"inLanguage\":\"es\",\"potentialAction\":[{\"@type\":\"CommentAction\",\"name\":\"Comment\",\"target\":[\"https:\/\/noticiasya.com\/2026\/04\/29\/devil-wears-prada-2-estreno-elenco-orix\/#respond\"]}]},{\"@type\":\"WebPage\",\"@id\":\"https:\/\/noticiasya.com\/2026\/04\/29\/devil-wears-prada-2-estreno-elenco-orix\/\",\"url\":\"https:\/\/noticiasya.com\/2026\/04\/29\/devil-wears-prada-2-estreno-elenco-orix\/\",\"name\":\"\\\"The Devil Wears Prada 2\\\": fecha de estreno, elenco y banda sonora de la secuela - Noticias\",\"isPartOf\":{\"@id\":\"https:\/\/noticiasya.com\/#website\"},\"datePublished\":\"2026-04-29T20:03:40+00:00\",\"breadcrumb\":{\"@id\":\"https:\/\/noticiasya.com\/2026\/04\/29\/devil-wears-prada-2-estreno-elenco-orix\/#breadcrumb\"},\"inLanguage\":\"es\",\"potentialAction\":[{\"@type\":\"ReadAction\",\"target\":[\"https:\/\/noticiasya.com\/2026\/04\/29\/devil-wears-prada-2-estreno-elenco-orix\/\"]}]},{\"@type\":\"BreadcrumbList\",\"@id\":\"https:\/\/noticiasya.com\/2026\/04\/29\/devil-wears-prada-2-estreno-elenco-orix\/#breadcrumb\",\"itemListElement\":[{\"@type\":\"ListItem\",\"position\":1,\"name\":\"Home\",\"item\":\"https:\/\/noticiasya.com\/\"},{\"@type\":\"ListItem\",\"position\":2,\"name\":\"&#171;The Devil Wears Prada 2&#187;: fecha de estreno, elenco y banda sonora de la secuela\"}]},{\"@type\":\"WebSite\",\"@id\":\"https:\/\/noticiasya.com\/#website\",\"url\":\"https:\/\/noticiasya.com\/\",\"name\":\"Noticias\",\"description\":\"Lo que importa\",\"publisher\":{\"@id\":\"https:\/\/noticiasya.com\/#organization\"},\"potentialAction\":[{\"@type\":\"SearchAction\",\"target\":{\"@type\":\"EntryPoint\",\"urlTemplate\":\"https:\/\/noticiasya.com\/?s={search_term_string}\"},\"query-input\":{\"@type\":\"PropertyValueSpecification\",\"valueRequired\":true,\"valueName\":\"search_term_string\"}}],\"inLanguage\":\"es\"},{\"@type\":\"Organization\",\"@id\":\"https:\/\/noticiasya.com\/#organization\",\"name\":\"Noticias\",\"url\":\"https:\/\/noticiasya.com\/\",\"logo\":{\"@type\":\"ImageObject\",\"inLanguage\":\"es\",\"@id\":\"https:\/\/noticiasya.com\/#\/schema\/logo\/image\/\",\"url\":\"https:\/\/noticiasya.com\/wp-content\/uploads\/sites\/22\/2023\/12\/logo-nacional.png\",\"contentUrl\":\"https:\/\/noticiasya.com\/wp-content\/uploads\/sites\/22\/2023\/12\/logo-nacional.png\",\"width\":1801,\"height\":691,\"caption\":\"Noticias\"},\"image\":{\"@id\":\"https:\/\/noticiasya.com\/#\/schema\/logo\/image\/\"}}]}<\/script>\n<!-- \/ Yoast SEO plugin. -->","yoast_head_json":{"title":"\"The Devil Wears Prada 2\": fecha de estreno, elenco y banda sonora de la secuela - Noticias","robots":{"index":"index","follow":"follow","max-snippet":"max-snippet:-1","max-image-preview":"max-image-preview:large","max-video-preview":"max-video-preview:-1"},"canonical":"https:\/\/noticiasya.com\/2026\/04\/29\/devil-wears-prada-2-estreno-elenco-orix\/","og_locale":"es_ES","og_type":"article","og_title":"\"The Devil Wears Prada 2\": fecha de estreno, elenco y banda sonora de la secuela - Noticias","og_description":"Es la pel\u00edcula con la que comienza la temporada de estrenos de verano en Estados Unidos. Es \u201cThe Devil Wears Prada 2\u201d, la comedia protagonizada por Meryl Streep y Anne Hathaway cuyo estreno est\u00e1 previsto para este viernes en las salas de cine. El estreno de la secuela se produce 20 a\u00f1os despu\u00e9s del debut [&hellip;]","og_url":"https:\/\/noticiasya.com\/2026\/04\/29\/devil-wears-prada-2-estreno-elenco-orix\/","og_site_name":"Noticias","article_published_time":"2026-04-29T20:03:40+00:00","twitter_card":"summary_large_image","twitter_misc":{"Est. reading time":"4 minutos"},"schema":{"@context":"https:\/\/schema.org","@graph":[{"@type":"Article","@id":"https:\/\/noticiasya.com\/2026\/04\/29\/devil-wears-prada-2-estreno-elenco-orix\/#article","isPartOf":{"@id":"https:\/\/noticiasya.com\/2026\/04\/29\/devil-wears-prada-2-estreno-elenco-orix\/"},"author":{"name":"","@id":""},"headline":"&#171;The Devil Wears Prada 2&#187;: fecha de estreno, elenco y banda sonora de la secuela","datePublished":"2026-04-29T20:03:40+00:00","mainEntityOfPage":{"@id":"https:\/\/noticiasya.com\/2026\/04\/29\/devil-wears-prada-2-estreno-elenco-orix\/"},"wordCount":750,"commentCount":0,"publisher":{"@id":"https:\/\/noticiasya.com\/#organization"},"articleSection":["Noticias Nacionales"],"inLanguage":"es","potentialAction":[{"@type":"CommentAction","name":"Comment","target":["https:\/\/noticiasya.com\/2026\/04\/29\/devil-wears-prada-2-estreno-elenco-orix\/#respond"]}]},{"@type":"WebPage","@id":"https:\/\/noticiasya.com\/2026\/04\/29\/devil-wears-prada-2-estreno-elenco-orix\/","url":"https:\/\/noticiasya.com\/2026\/04\/29\/devil-wears-prada-2-estreno-elenco-orix\/","name":"\"The Devil Wears Prada 2\": fecha de estreno, elenco y banda sonora de la secuela - Noticias","isPartOf":{"@id":"https:\/\/noticiasya.com\/#website"},"datePublished":"2026-04-29T20:03:40+00:00","breadcrumb":{"@id":"https:\/\/noticiasya.com\/2026\/04\/29\/devil-wears-prada-2-estreno-elenco-orix\/#breadcrumb"},"inLanguage":"es","potentialAction":[{"@type":"ReadAction","target":["https:\/\/noticiasya.com\/2026\/04\/29\/devil-wears-prada-2-estreno-elenco-orix\/"]}]},{"@type":"BreadcrumbList","@id":"https:\/\/noticiasya.com\/2026\/04\/29\/devil-wears-prada-2-estreno-elenco-orix\/#breadcrumb","itemListElement":[{"@type":"ListItem","position":1,"name":"Home","item":"https:\/\/noticiasya.com\/"},{"@type":"ListItem","position":2,"name":"&#171;The Devil Wears Prada 2&#187;: fecha de estreno, elenco y banda sonora de la secuela"}]},{"@type":"WebSite","@id":"https:\/\/noticiasya.com\/#website","url":"https:\/\/noticiasya.com\/","name":"Noticias","description":"Lo que importa","publisher":{"@id":"https:\/\/noticiasya.com\/#organization"},"potentialAction":[{"@type":"SearchAction","target":{"@type":"EntryPoint","urlTemplate":"https:\/\/noticiasya.com\/?s={search_term_string}"},"query-input":{"@type":"PropertyValueSpecification","valueRequired":true,"valueName":"search_term_string"}}],"inLanguage":"es"},{"@type":"Organization","@id":"https:\/\/noticiasya.com\/#organization","name":"Noticias","url":"https:\/\/noticiasya.com\/","logo":{"@type":"ImageObject","inLanguage":"es","@id":"https:\/\/noticiasya.com\/#\/schema\/logo\/image\/","url":"https:\/\/noticiasya.com\/wp-content\/uploads\/sites\/22\/2023\/12\/logo-nacional.png","contentUrl":"https:\/\/noticiasya.com\/wp-content\/uploads\/sites\/22\/2023\/12\/logo-nacional.png","width":1801,"height":691,"caption":"Noticias"},"image":{"@id":"https:\/\/noticiasya.com\/#\/schema\/logo\/image\/"}}]}},"parsely":{"version":"1.1.0","canonical_url":"https:\/\/noticiasya.com\/san-diego\/2026\/04\/29\/devil-wears-prada-2-estreno-elenco-orix\/","smart_links":{"inbound":0,"outbound":0},"traffic_boost_suggestions_count":0,"meta":{"@context":"https:\/\/schema.org","@type":"NewsArticle","headline":"&#171;The Devil Wears Prada 2&#187;: fecha de estreno, elenco y banda sonora de la secuela","url":"http:\/\/noticiasya.com\/san-diego\/2026\/04\/29\/devil-wears-prada-2-estreno-elenco-orix\/","mainEntityOfPage":{"@type":"WebPage","@id":"http:\/\/noticiasya.com\/san-diego\/2026\/04\/29\/devil-wears-prada-2-estreno-elenco-orix\/"},"thumbnailUrl":"","image":{"@type":"ImageObject","url":""},"articleSection":"Noticias Nacionales","author":[],"creator":[],"publisher":{"@type":"Organization","name":"Noticias","logo":""},"keywords":[],"dateCreated":"2026-04-29T20:03:40Z","datePublished":"2026-04-29T20:03:40Z","dateModified":"2026-04-29T20:03:40Z"},"rendered":"<script type=\"application\/ld+json\" class=\"wp-parsely-metadata\">{\"@context\":\"https:\\\/\\\/schema.org\",\"@type\":\"NewsArticle\",\"headline\":\"&#171;The Devil Wears Prada 2&#187;: fecha de estreno, elenco y banda sonora de la secuela\",\"url\":\"http:\\\/\\\/noticiasya.com\\\/san-diego\\\/2026\\\/04\\\/29\\\/devil-wears-prada-2-estreno-elenco-orix\\\/\",\"mainEntityOfPage\":{\"@type\":\"WebPage\",\"@id\":\"http:\\\/\\\/noticiasya.com\\\/san-diego\\\/2026\\\/04\\\/29\\\/devil-wears-prada-2-estreno-elenco-orix\\\/\"},\"thumbnailUrl\":\"\",\"image\":{\"@type\":\"ImageObject\",\"url\":\"\"},\"articleSection\":\"Noticias Nacionales\",\"author\":[],\"creator\":[],\"publisher\":{\"@type\":\"Organization\",\"name\":\"Noticias\",\"logo\":\"\"},\"keywords\":[],\"dateCreated\":\"2026-04-29T20:03:40Z\",\"datePublished\":\"2026-04-29T20:03:40Z\",\"dateModified\":\"2026-04-29T20:03:40Z\"}<\/script>","tracker_url":"https:\/\/cdn.parsely.com\/keys\/noticiasya.com\/p.js"},"jetpack_featured_media_url":"","jetpack-related-posts":[{"id":1468276,"url":"https:\/\/noticiasya.com\/san-diego\/2025\/11\/12\/meryl-streep-anne-hathaway-devil-wears-prada-2-trax\/","url_meta":{"origin":1473641,"position":0},"title":"&#171;Ya era hora&#187;: Meryl Streep y Anne Hathaway, juntas de nuevo en el adelanto de &#171;The Devil Wears Prada 2&#187;","author":"","date":"noviembre 12, 2025","format":false,"excerpt":"El avance de \u201cThe Devil Wears Prada 2\u201d se estren\u00f3 este mi\u00e9rcoles, y es justo lo que el mundo necesitaba.En \u00e9l se ve a Meryl Streep como Miranda Priestly caminando con tacones rojos por las oficinas de la revista ficticia Runway. Antes de entrar al ascensor, se le une Andy\u2026","rel":"","context":"In &quot;Noticias Nacionales&quot;","block_context":{"text":"Noticias Nacionales","link":"https:\/\/noticiasya.com\/san-diego\/categoria\/noticias-nacionales"},"img":{"alt_text":"","src":"","width":0,"height":0},"classes":[]},{"id":1466331,"url":"https:\/\/noticiasya.com\/san-diego\/2025\/09\/10\/anna-wintour-piensa-the-devil-wears-prada-trax\/","url_meta":{"origin":1473641,"position":1},"title":"Anna Wintour comparte lo que realmente piensa sobre &#171;The Devil Wears Prada&#187;","author":"","date":"septiembre 10, 2025","format":false,"excerpt":"Ahora que ha nombrado a su sucesora como editora jefe de Vogue, Anna Wintour parece un poco m\u00e1s relajada.Al menos, ahora est\u00e1 m\u00e1s dispuesta a hablar sobre la exitosa pel\u00edcula de 2006 \u201cThe Devil Wears Prada\u201d.Basada en la exitosa novela hom\u00f3nima de 2003 escrita por Lauren Weisberger, quien anteriormente trabaj\u00f3\u2026","rel":"","context":"In &quot;Noticias Nacionales&quot;","block_context":{"text":"Noticias Nacionales","link":"https:\/\/noticiasya.com\/san-diego\/categoria\/noticias-nacionales"},"img":{"alt_text":"","src":"","width":0,"height":0},"classes":[]},{"id":1465031,"url":"https:\/\/noticiasya.com\/san-diego\/2025\/08\/01\/diablo-viste-prada-2-moda-hollywood-pasado-orix\/","url_meta":{"origin":1473641,"position":2},"title":"El diablo vuelve a estar de moda: Hollywood y su devoci\u00f3n por el pasado","author":"","date":"agosto 1, 2025","format":false,"excerpt":"\u00bfNostalgia o simple sequ\u00eda creativa? Es la pregunta que algunos nos hacemos cada vez que Hollywood anuncia, con bombos y platillos, la resurrecci\u00f3n de uno de sus viejos \u00e9xitos, sea mediante una segunda parte, una \u201creinterpretaci\u00f3n\u201d de la idea original, una adaptaci\u00f3n para el streaming o incluso un spin-off.En las\u2026","rel":"","context":"In &quot;Noticias Nacionales&quot;","block_context":{"text":"Noticias Nacionales","link":"https:\/\/noticiasya.com\/san-diego\/categoria\/noticias-nacionales"},"img":{"alt_text":"","src":"","width":0,"height":0},"classes":[]},{"id":1456192,"url":"https:\/\/noticiasya.com\/san-diego\/2024\/12\/02\/elton-john-dice-que-perdio-la-vista-trax\/","url_meta":{"origin":1473641,"position":3},"title":"Elton John dice que perdi\u00f3 la vista","author":"","date":"diciembre 2, 2024","format":false,"excerpt":"(CNN) -- Elton John dice que todav\u00eda no puede ver, meses despu\u00e9s de sufrir una grave infecci\u00f3n ocular. En declaraciones desde el escenario durante una funci\u00f3n de gala del musical \u201cThe Devil wears Prada\u201d en Londres este domingo, John agradeci\u00f3 a su esposo, David Furnish, diciendo que ha sido \"roca\u201d.\u201cNo\u2026","rel":"","context":"In &quot;Noticias Nacionales&quot;","block_context":{"text":"Noticias Nacionales","link":"https:\/\/noticiasya.com\/san-diego\/categoria\/noticias-nacionales"},"img":{"alt_text":"","src":"","width":0,"height":0},"classes":[]},{"id":1466155,"url":"https:\/\/noticiasya.com\/san-diego\/2025\/09\/04\/orden-peliculas-the-conjuring-universo-warren-orix\/","url_meta":{"origin":1473641,"position":4},"title":"C\u00f3mo ver en orden las pel\u00edculas del universo de los Warren y &#171;The Conjuring&#187;","author":"","date":"septiembre 4, 2025","format":false,"excerpt":"Si qui\u00e9nes r\u00eden de \u00faltimo, r\u00eden mejor, al asustarse conviene hacerlo de primero. Nada como conocer d\u00f3nde se origina el miedo. Esto aplica al llamado universo Warren, una franquicia de horror sobrenatural que abarca nueve pel\u00edculas y de la que est\u00e1 por estrenarse su d\u00e9cima entrega \u201cThe Conjuring: Last Rites\u201d,\u2026","rel":"","context":"In &quot;Noticias Nacionales&quot;","block_context":{"text":"Noticias Nacionales","link":"https:\/\/noticiasya.com\/san-diego\/categoria\/noticias-nacionales"},"img":{"alt_text":"","src":"","width":0,"height":0},"classes":[]},{"id":1466146,"url":"https:\/\/noticiasya.com\/san-diego\/2025\/09\/04\/man-of-tomorrow-james-gunn-superman-estreno-secuela-orix\/","url_meta":{"origin":1473641,"position":5},"title":"&#171;Man of Tomorrow&#187;: James Gunn confirma t\u00edtulo y fecha de estreno de la secuela de &#171;Superman&#187;","author":"","date":"septiembre 4, 2025","format":false,"excerpt":"A James Gunn le bastaron ocho palabras en una publicaci\u00f3n en redes sociales para dar tres grandes noticias para los fans de \u201cSuperman\u201d, la popular pel\u00edcula sobre el superh\u00e9roe de DC, que se estren\u00f3 este verano.La primera: el t\u00edtulo de la secuela de \u201cSuperman\u201d que lleva por nombre \u201cMan of\u2026","rel":"","context":"In &quot;Noticias Nacionales&quot;","block_context":{"text":"Noticias Nacionales","link":"https:\/\/noticiasya.com\/san-diego\/categoria\/noticias-nacionales"},"img":{"alt_text":"","src":"","width":0,"height":0},"classes":[]}],"jetpack_sharing_enabled":true,"_links":{"self":[{"href":"https:\/\/noticiasya.com\/san-diego\/wp-json\/wp\/v2\/posts\/1473641","targetHints":{"allow":["GET"]}}],"collection":[{"href":"https:\/\/noticiasya.com\/san-diego\/wp-json\/wp\/v2\/posts"}],"about":[{"href":"https:\/\/noticiasya.com\/san-diego\/wp-json\/wp\/v2\/types\/post"}],"replies":[{"embeddable":true,"href":"https:\/\/noticiasya.com\/san-diego\/wp-json\/wp\/v2\/comments?post=1473641"}],"version-history":[{"count":0,"href":"https:\/\/noticiasya.com\/san-diego\/wp-json\/wp\/v2\/posts\/1473641\/revisions"}],"wp:attachment":[{"href":"https:\/\/noticiasya.com\/san-diego\/wp-json\/wp\/v2\/media?parent=1473641"}],"wp:term":[{"taxonomy":"category","embeddable":true,"href":"https:\/\/noticiasya.com\/san-diego\/wp-json\/wp\/v2\/categories?post=1473641"},{"taxonomy":"post_tag","embeddable":true,"href":"https:\/\/noticiasya.com\/san-diego\/wp-json\/wp\/v2\/tags?post=1473641"}],"curies":[{"name":"wp","href":"https:\/\/api.w.org\/{rel}","templated":true}]}}