{"id":1473642,"date":"2026-04-29T14:03:46","date_gmt":"2026-04-29T21:03:46","guid":{"rendered":"https:\/\/noticiasya.com\/2026\/04\/29\/negara-visas-persecucion-pais-trax\/"},"modified":"2026-04-29T14:03:46","modified_gmt":"2026-04-29T21:03:46","slug":"negara-visas-persecucion-pais-trax","status":"publish","type":"post","link":"https:\/\/noticiasya.com\/san-diego\/2026\/04\/29\/negara-visas-persecucion-pais-trax\/","title":{"rendered":"EE.UU. negar\u00e1 visas a solicitantes que digan que temen persecuci\u00f3n en su pa\u00eds"},"content":{"rendered":"<p>Los solicitantes de visas para Estados Unidos ahora tendr\u00e1n que afirmar que no temen persecuci\u00f3n en sus pa\u00edses de origen, mientras el Gobierno de Trump busca restringir a\u00fan m\u00e1s el ingreso al pa\u00eds de posibles solicitantes de asilo.<\/p>\n<p>La nueva norma, descrita en un cable diplom\u00e1tico enviado esta semana a todas las embajadas y consulados, llega en medio de un cambio amplio de pol\u00edticas que ha trastocado y restringido la inmigraci\u00f3n a EE.UU.<\/p>\n<p>La administraci\u00f3n ya hab\u00eda incrementado los controles para los solicitantes de visas de estudiante, y <a href=\"https:\/\/cnnespanol.cnn.com\/2026\/04\/28\/eeuu\/gobierno-trump-pausa-decisiones-inmigracion-seguridad-trax\">ha pausado temporalmente las decisiones sobre solicitudes de inmigraci\u00f3n<\/a> para garantizar que cumplan con las directrices de verificaci\u00f3n de seguridad recientemente implementadas, seg\u00fan una fuente familiarizada con la situaci\u00f3n y un memorando interno.<\/p>\n<p>La norma se aplica a quienes solicitan visas de no inmigrante, que incluyen las de turistas, estudiantes y trabajadores temporales. En enero, EE.UU. suspendi\u00f3 el procesamiento de visas de inmigrante para 75 pa\u00edses.<\/p>\n<p>\u201cLos funcionarios consulares deben prevenir el abuso del sistema de inmigraci\u00f3n por parte de solicitantes de visa que tergiversen su prop\u00f3sito de viaje, incluidos aquellos que intentan obtener visas de no inmigrante con el prop\u00f3sito de solicitar asilo a su llegada a Estados Unidos\u201d, dec\u00eda el cable, que fue revisado por CNN.<\/p>\n<p>The Washington Post fue el primero en <a href=\"https:\/\/www.washingtonpost.com\/national-security\/2026\/04\/28\/trump-asylum-nonimmigrant-visas\/\">informar <\/a>sobre el cable.<\/p>\n<p>La directiva del Departamento de Estado instruye a los funcionarios consulares a hacer dos preguntas a los solicitantes de visas de no inmigrante: \u201c\u00bfHa experimentado da\u00f1o o maltrato en su pa\u00eds de nacionalidad o \u00faltima residencia habitual?\u201d y \u201c\u00bfTeme sufrir da\u00f1o o maltrato al regresar a su pa\u00eds natal o de residencia permanente?\u201d<\/p>\n<p>\u201cLos solicitantes de visa deben responder verbalmente con un \u2018no\u2019 a ambas preguntas para que el funcionario consular contin\u00fae con la emisi\u00f3n de la visa\u201d, instru\u00eda el cable.<\/p>\n<p>Un portavoz del Departamento de Estado dijo: \u201cLos funcionarios consulares son la primera l\u00ednea de defensa para la seguridad nacional de EE.UU.\u201d y se\u00f1al\u00f3 que el departamento \u201cutiliza todas las herramientas y recursos disponibles para determinar si cada solicitante de visa califica conforme a la ley estadounidense\u201d.<\/p>\n<p>Para solicitar asilo, una persona debe estar f\u00edsicamente presente en EE.UU. y estar huyendo de persecuci\u00f3n pol\u00edtica, racial o religiosa en su pa\u00eds de origen.<\/p>\n<p>Camille Mackler, consultora de pol\u00edticas migratorias, dijo a CNN que la nueva directiva \u201cva a poner a la gente en posiciones realmente malas y terribles, de tener que tomar decisiones que en \u00faltima instancia afectan su seguridad y la de su familia\u201d.<\/p>\n<p>\u201cTambi\u00e9n creo que esto empuja a la gente hacia v\u00edas inseguras y rutas inseguras, porque si necesitas irte, te vas, y haces lo que sea que tengas que hacer\u201d, dijo.<\/p>\n<p>The-CNN-Wire<br \/>&trade; &amp; &copy; 2026 Cable News Network, Inc., a Warner Bros. Discovery Company. All rights reserved.<\/p>\n","protected":false},"excerpt":{"rendered":"<p>Los solicitantes de visas para Estados Unidos ahora tendr\u00e1n que afirmar que no temen persecuci\u00f3n en sus pa\u00edses de origen, mientras el Gobierno de Trump busca restringir a\u00fan m\u00e1s el ingreso al pa\u00eds de posibles solicitantes de asilo. La nueva norma, descrita en un cable diplom\u00e1tico enviado esta semana a todas las embajadas y consulados, [&hellip;]<\/p>\n","protected":false},"author":0,"featured_media":0,"comment_status":"open","ping_status":"open","sticky":false,"template":"","format":"standard","meta":{"_jetpack_memberships_contains_paid_content":false,"footnotes":""},"categories":[10],"tags":[],"class_list":["post-1473642","post","type-post","status-publish","format-standard","hentry","category-noticias-nacionales","market-global"],"yoast_head":"<!-- This site is optimized with the Yoast SEO plugin v24.4 - https:\/\/yoast.com\/wordpress\/plugins\/seo\/ -->\n<title>EE.UU. negar\u00e1 visas a solicitantes que digan que temen persecuci\u00f3n en su pa\u00eds - Noticias<\/title>\n<meta name=\"robots\" content=\"index, follow, max-snippet:-1, max-image-preview:large, max-video-preview:-1\" \/>\n<link rel=\"canonical\" href=\"https:\/\/noticiasya.com\/2026\/04\/29\/negara-visas-persecucion-pais-trax\/\" \/>\n<meta property=\"og:locale\" content=\"es_ES\" \/>\n<meta property=\"og:type\" content=\"article\" \/>\n<meta property=\"og:title\" content=\"EE.UU. negar\u00e1 visas a solicitantes que digan que temen persecuci\u00f3n en su pa\u00eds - Noticias\" \/>\n<meta property=\"og:description\" content=\"Los solicitantes de visas para Estados Unidos ahora tendr\u00e1n que afirmar que no temen persecuci\u00f3n en sus pa\u00edses de origen, mientras el Gobierno de Trump busca restringir a\u00fan m\u00e1s el ingreso al pa\u00eds de posibles solicitantes de asilo. La nueva norma, descrita en un cable diplom\u00e1tico enviado esta semana a todas las embajadas y consulados, [&hellip;]\" \/>\n<meta property=\"og:url\" content=\"https:\/\/noticiasya.com\/2026\/04\/29\/negara-visas-persecucion-pais-trax\/\" \/>\n<meta property=\"og:site_name\" content=\"Noticias\" \/>\n<meta property=\"article:published_time\" content=\"2026-04-29T21:03:46+00:00\" \/>\n<meta name=\"twitter:card\" content=\"summary_large_image\" \/>\n<meta name=\"twitter:label1\" content=\"Est. reading time\" \/>\n\t<meta name=\"twitter:data1\" content=\"2 minutos\" \/>\n<script type=\"application\/ld+json\" class=\"yoast-schema-graph\">{\"@context\":\"https:\/\/schema.org\",\"@graph\":[{\"@type\":\"Article\",\"@id\":\"https:\/\/noticiasya.com\/2026\/04\/29\/negara-visas-persecucion-pais-trax\/#article\",\"isPartOf\":{\"@id\":\"https:\/\/noticiasya.com\/2026\/04\/29\/negara-visas-persecucion-pais-trax\/\"},\"author\":{\"name\":\"\",\"@id\":\"\"},\"headline\":\"EE.UU. negar\u00e1 visas a solicitantes que digan que temen persecuci\u00f3n en su pa\u00eds\",\"datePublished\":\"2026-04-29T21:03:46+00:00\",\"mainEntityOfPage\":{\"@id\":\"https:\/\/noticiasya.com\/2026\/04\/29\/negara-visas-persecucion-pais-trax\/\"},\"wordCount\":513,\"commentCount\":0,\"publisher\":{\"@id\":\"https:\/\/noticiasya.com\/#organization\"},\"articleSection\":[\"Noticias Nacionales\"],\"inLanguage\":\"es\",\"potentialAction\":[{\"@type\":\"CommentAction\",\"name\":\"Comment\",\"target\":[\"https:\/\/noticiasya.com\/2026\/04\/29\/negara-visas-persecucion-pais-trax\/#respond\"]}]},{\"@type\":\"WebPage\",\"@id\":\"https:\/\/noticiasya.com\/2026\/04\/29\/negara-visas-persecucion-pais-trax\/\",\"url\":\"https:\/\/noticiasya.com\/2026\/04\/29\/negara-visas-persecucion-pais-trax\/\",\"name\":\"EE.UU. negar\u00e1 visas a solicitantes que digan que temen persecuci\u00f3n en su pa\u00eds - Noticias\",\"isPartOf\":{\"@id\":\"https:\/\/noticiasya.com\/#website\"},\"datePublished\":\"2026-04-29T21:03:46+00:00\",\"breadcrumb\":{\"@id\":\"https:\/\/noticiasya.com\/2026\/04\/29\/negara-visas-persecucion-pais-trax\/#breadcrumb\"},\"inLanguage\":\"es\",\"potentialAction\":[{\"@type\":\"ReadAction\",\"target\":[\"https:\/\/noticiasya.com\/2026\/04\/29\/negara-visas-persecucion-pais-trax\/\"]}]},{\"@type\":\"BreadcrumbList\",\"@id\":\"https:\/\/noticiasya.com\/2026\/04\/29\/negara-visas-persecucion-pais-trax\/#breadcrumb\",\"itemListElement\":[{\"@type\":\"ListItem\",\"position\":1,\"name\":\"Home\",\"item\":\"https:\/\/noticiasya.com\/\"},{\"@type\":\"ListItem\",\"position\":2,\"name\":\"EE.UU. negar\u00e1 visas a solicitantes que digan que temen persecuci\u00f3n en su pa\u00eds\"}]},{\"@type\":\"WebSite\",\"@id\":\"https:\/\/noticiasya.com\/#website\",\"url\":\"https:\/\/noticiasya.com\/\",\"name\":\"Noticias\",\"description\":\"Lo que importa\",\"publisher\":{\"@id\":\"https:\/\/noticiasya.com\/#organization\"},\"potentialAction\":[{\"@type\":\"SearchAction\",\"target\":{\"@type\":\"EntryPoint\",\"urlTemplate\":\"https:\/\/noticiasya.com\/?s={search_term_string}\"},\"query-input\":{\"@type\":\"PropertyValueSpecification\",\"valueRequired\":true,\"valueName\":\"search_term_string\"}}],\"inLanguage\":\"es\"},{\"@type\":\"Organization\",\"@id\":\"https:\/\/noticiasya.com\/#organization\",\"name\":\"Noticias\",\"url\":\"https:\/\/noticiasya.com\/\",\"logo\":{\"@type\":\"ImageObject\",\"inLanguage\":\"es\",\"@id\":\"https:\/\/noticiasya.com\/#\/schema\/logo\/image\/\",\"url\":\"https:\/\/noticiasya.com\/wp-content\/uploads\/sites\/22\/2023\/12\/logo-nacional.png\",\"contentUrl\":\"https:\/\/noticiasya.com\/wp-content\/uploads\/sites\/22\/2023\/12\/logo-nacional.png\",\"width\":1801,\"height\":691,\"caption\":\"Noticias\"},\"image\":{\"@id\":\"https:\/\/noticiasya.com\/#\/schema\/logo\/image\/\"}}]}<\/script>\n<!-- \/ Yoast SEO plugin. -->","yoast_head_json":{"title":"EE.UU. negar\u00e1 visas a solicitantes que digan que temen persecuci\u00f3n en su pa\u00eds - Noticias","robots":{"index":"index","follow":"follow","max-snippet":"max-snippet:-1","max-image-preview":"max-image-preview:large","max-video-preview":"max-video-preview:-1"},"canonical":"https:\/\/noticiasya.com\/2026\/04\/29\/negara-visas-persecucion-pais-trax\/","og_locale":"es_ES","og_type":"article","og_title":"EE.UU. negar\u00e1 visas a solicitantes que digan que temen persecuci\u00f3n en su pa\u00eds - Noticias","og_description":"Los solicitantes de visas para Estados Unidos ahora tendr\u00e1n que afirmar que no temen persecuci\u00f3n en sus pa\u00edses de origen, mientras el Gobierno de Trump busca restringir a\u00fan m\u00e1s el ingreso al pa\u00eds de posibles solicitantes de asilo. La nueva norma, descrita en un cable diplom\u00e1tico enviado esta semana a todas las embajadas y consulados, [&hellip;]","og_url":"https:\/\/noticiasya.com\/2026\/04\/29\/negara-visas-persecucion-pais-trax\/","og_site_name":"Noticias","article_published_time":"2026-04-29T21:03:46+00:00","twitter_card":"summary_large_image","twitter_misc":{"Est. reading time":"2 minutos"},"schema":{"@context":"https:\/\/schema.org","@graph":[{"@type":"Article","@id":"https:\/\/noticiasya.com\/2026\/04\/29\/negara-visas-persecucion-pais-trax\/#article","isPartOf":{"@id":"https:\/\/noticiasya.com\/2026\/04\/29\/negara-visas-persecucion-pais-trax\/"},"author":{"name":"","@id":""},"headline":"EE.UU. negar\u00e1 visas a solicitantes que digan que temen persecuci\u00f3n en su pa\u00eds","datePublished":"2026-04-29T21:03:46+00:00","mainEntityOfPage":{"@id":"https:\/\/noticiasya.com\/2026\/04\/29\/negara-visas-persecucion-pais-trax\/"},"wordCount":513,"commentCount":0,"publisher":{"@id":"https:\/\/noticiasya.com\/#organization"},"articleSection":["Noticias Nacionales"],"inLanguage":"es","potentialAction":[{"@type":"CommentAction","name":"Comment","target":["https:\/\/noticiasya.com\/2026\/04\/29\/negara-visas-persecucion-pais-trax\/#respond"]}]},{"@type":"WebPage","@id":"https:\/\/noticiasya.com\/2026\/04\/29\/negara-visas-persecucion-pais-trax\/","url":"https:\/\/noticiasya.com\/2026\/04\/29\/negara-visas-persecucion-pais-trax\/","name":"EE.UU. negar\u00e1 visas a solicitantes que digan que temen persecuci\u00f3n en su pa\u00eds - Noticias","isPartOf":{"@id":"https:\/\/noticiasya.com\/#website"},"datePublished":"2026-04-29T21:03:46+00:00","breadcrumb":{"@id":"https:\/\/noticiasya.com\/2026\/04\/29\/negara-visas-persecucion-pais-trax\/#breadcrumb"},"inLanguage":"es","potentialAction":[{"@type":"ReadAction","target":["https:\/\/noticiasya.com\/2026\/04\/29\/negara-visas-persecucion-pais-trax\/"]}]},{"@type":"BreadcrumbList","@id":"https:\/\/noticiasya.com\/2026\/04\/29\/negara-visas-persecucion-pais-trax\/#breadcrumb","itemListElement":[{"@type":"ListItem","position":1,"name":"Home","item":"https:\/\/noticiasya.com\/"},{"@type":"ListItem","position":2,"name":"EE.UU. negar\u00e1 visas a solicitantes que digan que temen persecuci\u00f3n en su pa\u00eds"}]},{"@type":"WebSite","@id":"https:\/\/noticiasya.com\/#website","url":"https:\/\/noticiasya.com\/","name":"Noticias","description":"Lo que importa","publisher":{"@id":"https:\/\/noticiasya.com\/#organization"},"potentialAction":[{"@type":"SearchAction","target":{"@type":"EntryPoint","urlTemplate":"https:\/\/noticiasya.com\/?s={search_term_string}"},"query-input":{"@type":"PropertyValueSpecification","valueRequired":true,"valueName":"search_term_string"}}],"inLanguage":"es"},{"@type":"Organization","@id":"https:\/\/noticiasya.com\/#organization","name":"Noticias","url":"https:\/\/noticiasya.com\/","logo":{"@type":"ImageObject","inLanguage":"es","@id":"https:\/\/noticiasya.com\/#\/schema\/logo\/image\/","url":"https:\/\/noticiasya.com\/wp-content\/uploads\/sites\/22\/2023\/12\/logo-nacional.png","contentUrl":"https:\/\/noticiasya.com\/wp-content\/uploads\/sites\/22\/2023\/12\/logo-nacional.png","width":1801,"height":691,"caption":"Noticias"},"image":{"@id":"https:\/\/noticiasya.com\/#\/schema\/logo\/image\/"}}]}},"parsely":{"version":"1.1.0","canonical_url":"https:\/\/noticiasya.com\/san-diego\/2026\/04\/29\/negara-visas-persecucion-pais-trax\/","smart_links":{"inbound":0,"outbound":0},"traffic_boost_suggestions_count":0,"meta":{"@context":"https:\/\/schema.org","@type":"NewsArticle","headline":"EE.UU. negar\u00e1 visas a solicitantes que digan que temen persecuci\u00f3n en su pa\u00eds","url":"http:\/\/noticiasya.com\/san-diego\/2026\/04\/29\/negara-visas-persecucion-pais-trax\/","mainEntityOfPage":{"@type":"WebPage","@id":"http:\/\/noticiasya.com\/san-diego\/2026\/04\/29\/negara-visas-persecucion-pais-trax\/"},"thumbnailUrl":"","image":{"@type":"ImageObject","url":""},"articleSection":"Noticias Nacionales","author":[],"creator":[],"publisher":{"@type":"Organization","name":"Noticias","logo":""},"keywords":[],"dateCreated":"2026-04-29T21:03:46Z","datePublished":"2026-04-29T21:03:46Z","dateModified":"2026-04-29T21:03:46Z"},"rendered":"<script type=\"application\/ld+json\" class=\"wp-parsely-metadata\">{\"@context\":\"https:\\\/\\\/schema.org\",\"@type\":\"NewsArticle\",\"headline\":\"EE.UU. negar\\u00e1 visas a solicitantes que digan que temen persecuci\\u00f3n en su pa\\u00eds\",\"url\":\"http:\\\/\\\/noticiasya.com\\\/san-diego\\\/2026\\\/04\\\/29\\\/negara-visas-persecucion-pais-trax\\\/\",\"mainEntityOfPage\":{\"@type\":\"WebPage\",\"@id\":\"http:\\\/\\\/noticiasya.com\\\/san-diego\\\/2026\\\/04\\\/29\\\/negara-visas-persecucion-pais-trax\\\/\"},\"thumbnailUrl\":\"\",\"image\":{\"@type\":\"ImageObject\",\"url\":\"\"},\"articleSection\":\"Noticias Nacionales\",\"author\":[],\"creator\":[],\"publisher\":{\"@type\":\"Organization\",\"name\":\"Noticias\",\"logo\":\"\"},\"keywords\":[],\"dateCreated\":\"2026-04-29T21:03:46Z\",\"datePublished\":\"2026-04-29T21:03:46Z\",\"dateModified\":\"2026-04-29T21:03:46Z\"}<\/script>","tracker_url":"https:\/\/cdn.parsely.com\/keys\/noticiasya.com\/p.js"},"jetpack_featured_media_url":"","jetpack-related-posts":[{"id":1463276,"url":"https:\/\/noticiasya.com\/san-diego\/2025\/06\/06\/guia-embajadas-prohibicion-entrada-orix\/","url_meta":{"origin":1473642,"position":0},"title":"EE.UU. emite gu\u00eda para embajadas sobre c\u00f3mo manejar la nueva prohibici\u00f3n de entrada ordenada por Trump","author":"","date":"junio 6, 2025","format":false,"excerpt":"El Departamento de Estado de EE.UU. emiti\u00f3 el viernes directrices a sus embajadas y consulados en todo el mundo sobre c\u00f3mo gestionar la nueva prohibici\u00f3n de entrada de ciudadanos de algunos pa\u00edses que emiti\u00f3 la administraci\u00f3n Trump.El cable diplom\u00e1tico, firmado por el secretario de Estado, Marco Rubio, y visto por\u2026","rel":"","context":"In &quot;Noticias Nacionales&quot;","block_context":{"text":"Noticias Nacionales","link":"https:\/\/noticiasya.com\/san-diego\/categoria\/noticias-nacionales"},"img":{"alt_text":"","src":"","width":0,"height":0},"classes":[]},{"id":1462861,"url":"https:\/\/noticiasya.com\/san-diego\/2025\/05\/27\/visas-estudiante-embajadas-departamento-estado-trax\/","url_meta":{"origin":1473642,"position":1},"title":"Departamento de Estado ordena a las embajadas pausar citas para visas de estudiante mientras ampl\u00eda control de redes sociales","author":"","date":"mayo 27, 2025","format":false,"excerpt":"El Departamento de Estado de EE.UU. ha instruido a las embajadas y consulados de EE.UU. en todo el mundo que pausen las nuevas citas para visas de estudiante mientras trabaja en una gu\u00eda para ampliar la \u201cevaluaci\u00f3n y verificaci\u00f3n de redes sociales\u201d de todos los solicitantes de visas de estudiante,\u2026","rel":"","context":"In &quot;Noticias Nacionales&quot;","block_context":{"text":"Noticias Nacionales","link":"https:\/\/noticiasya.com\/san-diego\/categoria\/noticias-nacionales"},"img":{"alt_text":"","src":"","width":0,"height":0},"classes":[]},{"id":1460569,"url":"https:\/\/noticiasya.com\/san-diego\/2025\/03\/28\/revisar-redes-sociales-solicitantes-visa-estudiante-trax\/","url_meta":{"origin":1473642,"position":2},"title":"El Departamento de Estado ordena revisiones de redes sociales para algunos solicitantes de visa de estudiante","author":"","date":"marzo 28, 2025","format":false,"excerpt":"Esta semana, el Departamento de Estado orden\u00f3 a todas las embajadas y consulados estadounidenses, mediante un memorando, que revisaran la actividad en redes sociales de ciertos solicitantes de visas de estudiante en busca de evidencia de apoyo a organizaciones terroristas, seg\u00fan informaron a CNN dos fuentes familiarizadas con el memorando.La\u2026","rel":"","context":"In &quot;Noticias Nacionales&quot;","block_context":{"text":"Noticias Nacionales","link":"https:\/\/noticiasya.com\/san-diego\/categoria\/noticias-nacionales"},"img":{"alt_text":"","src":"","width":0,"height":0},"classes":[]},{"id":1463716,"url":"https:\/\/noticiasya.com\/san-diego\/2025\/06\/18\/reanudan-citas-visas-estudiante-embajadas-ee-uu-evaluar-redes-trax\/","url_meta":{"origin":1473642,"position":3},"title":"Reanudan citas para visas de estudiante, pero las embajadas de EE.UU. deben evaluar &#171;actitudes hostiles&#187; en redes, seg\u00fan DHS","author":"","date":"junio 18, 2025","format":false,"excerpt":"El Departamento de Estado de EE.UU. inform\u00f3 a las embajadas y consulados que deben evaluar a los solicitantes de visas de estudiante por \u201cactitudes hostiles hacia nuestros ciudadanos, cultura, Gobierno, instituciones o principios fundacionales\u201d, pero indic\u00f3 que deben reanudar las citas que se pausaron a finales de mayo.La nueva directriz\u2026","rel":"","context":"In &quot;Noticias Nacionales&quot;","block_context":{"text":"Noticias Nacionales","link":"https:\/\/noticiasya.com\/san-diego\/categoria\/noticias-nacionales"},"img":{"alt_text":"","src":"","width":0,"height":0},"classes":[]},{"id":1465158,"url":"https:\/\/noticiasya.com\/san-diego\/2025\/08\/05\/deposito-visas-quien-pagarlo-cuanto-impacto-orix\/","url_meta":{"origin":1473642,"position":4},"title":"EE.UU. exigir\u00e1 un dep\u00f3sito a ciudadanos de algunos pa\u00edses que soliciten visas: qui\u00e9n tendr\u00e1 que pagarlo y a cu\u00e1nto asciende","author":"","date":"agosto 5, 2025","format":false,"excerpt":"El Gobierno del presidente Donald Trump exigir\u00e1 a ciertos solicitantes de visas de no inmigrante pagar un dep\u00f3sito de hasta US$15.000, en el marco de un programa piloto que se implementa en medio de una serie de pol\u00edticas migratorias restrictivas, entre ellas, requisitos m\u00e1s rigurosos para quienes solicitan visados.La nueva\u2026","rel":"","context":"In &quot;Noticias Nacionales&quot;","block_context":{"text":"Noticias Nacionales","link":"https:\/\/noticiasya.com\/san-diego\/categoria\/noticias-nacionales"},"img":{"alt_text":"","src":"","width":0,"height":0},"classes":[]},{"id":1465330,"url":"https:\/\/noticiasya.com\/san-diego\/2025\/08\/09\/mexicanos-14-79-anios-entrevista-presencial-visa-ee-uu-orix\/","url_meta":{"origin":1473642,"position":5},"title":"Los mexicanos menores de 14 a\u00f1os y mayores de 79 deber\u00e1n acudir a entrevista presencial para sacar su visa de EE.UU.","author":"","date":"agosto 9, 2025","format":false,"excerpt":"El Departamento de Estado de Estados Unidos realiz\u00f3 un cambio en sus directrices para aplicantes de visas de no inmigrante en M\u00e9xico, apartir del cual las personas menores de 14 a\u00f1os y mayores de 79 tendr\u00e1n que acudir de manera presencial a su entrevista consular para obtener la visa.Generalmente, los\u2026","rel":"","context":"In &quot;Noticias Nacionales&quot;","block_context":{"text":"Noticias Nacionales","link":"https:\/\/noticiasya.com\/san-diego\/categoria\/noticias-nacionales"},"img":{"alt_text":"","src":"","width":0,"height":0},"classes":[]}],"jetpack_sharing_enabled":true,"_links":{"self":[{"href":"https:\/\/noticiasya.com\/san-diego\/wp-json\/wp\/v2\/posts\/1473642","targetHints":{"allow":["GET"]}}],"collection":[{"href":"https:\/\/noticiasya.com\/san-diego\/wp-json\/wp\/v2\/posts"}],"about":[{"href":"https:\/\/noticiasya.com\/san-diego\/wp-json\/wp\/v2\/types\/post"}],"replies":[{"embeddable":true,"href":"https:\/\/noticiasya.com\/san-diego\/wp-json\/wp\/v2\/comments?post=1473642"}],"version-history":[{"count":0,"href":"https:\/\/noticiasya.com\/san-diego\/wp-json\/wp\/v2\/posts\/1473642\/revisions"}],"wp:attachment":[{"href":"https:\/\/noticiasya.com\/san-diego\/wp-json\/wp\/v2\/media?parent=1473642"}],"wp:term":[{"taxonomy":"category","embeddable":true,"href":"https:\/\/noticiasya.com\/san-diego\/wp-json\/wp\/v2\/categories?post=1473642"},{"taxonomy":"post_tag","embeddable":true,"href":"https:\/\/noticiasya.com\/san-diego\/wp-json\/wp\/v2\/tags?post=1473642"}],"curies":[{"name":"wp","href":"https:\/\/api.w.org\/{rel}","templated":true}]}}