{"id":1473644,"date":"2026-04-29T14:03:47","date_gmt":"2026-04-29T21:03:47","guid":{"rendered":"https:\/\/noticiasya.com\/2026\/04\/29\/acusacion-gobernador-sinaloa-ruben-rocha-orix\/"},"modified":"2026-04-29T14:03:47","modified_gmt":"2026-04-29T21:03:47","slug":"acusacion-gobernador-sinaloa-ruben-rocha-orix","status":"publish","type":"post","link":"https:\/\/noticiasya.com\/san-diego\/2026\/04\/29\/acusacion-gobernador-sinaloa-ruben-rocha-orix\/","title":{"rendered":"Estados Unidos acusa al gobernador de Sinaloa de narcotr\u00e1fico y posesi\u00f3n de armas"},"content":{"rendered":"<p>El Gobierno de Estados Unidos acus\u00f3 al gobernador del estado mexicano de Sinaloa, Rub\u00e9n Rocha, de cargos de narcotr\u00e1fico, posesi\u00f3n ilegal de armas y conspiraci\u00f3n para poseer armas, inform\u00f3 este mi\u00e9rcoles el Departamento de Justicia <a href=\"https:\/\/www.justice.gov\/usao-sdny\/pr\/governor-sinaloa-and-nine-other-current-and-former-mexican-officials-charged-drug\">en un comunicado<\/a>.<\/p>\n<p>La acusaci\u00f3n contra Rocha, quien podr\u00eda enfrentar una pena que va de 40 a\u00f1os de prisi\u00f3n a  la cadena perpetua si es hallado culpable, tambi\u00e9n incluye a otras nueve personas, entre las que hay funcionarios y exfuncionarios de Sinaloa.<\/p>\n<p>El Departamento de Justicia sostiene que los acusados se aliaron con el Cartel de Sinaloa, uno de los m\u00e1s poderosos del continente, \u201cpara importar cantidades masivas de narc\u00f3ticos a  Estados Unidos\u201d.<\/p>\n<p>Acerca de Rocha, <a href=\"https:\/\/www.justice.gov\/usao-sdny\/media\/1438611\/dl\">la acusaci\u00f3n<\/a> dice que Los Chapitos, una fracci\u00f3n del Cartel de Sinaloa liderada por los hijos del narcotraficante Joaqu\u00edn \u201cel Chapo\u201d Guzm\u00e1n \u2014condenado a cadena perpetua en Estados Unidos\u2014, lo apoy\u00f3 desde que fue candidato a gobernador. Tambi\u00e9n se\u00f1ala que Rocha presuntamente acudi\u00f3 a reuniones con l\u00edderes de ese grupo delictivo y prometi\u00f3 apoyarlos.<\/p>\n<p>\u201cRocha Moya ha permitido que Los Chapitos operen con impunidad en Sinaloa. Entre otras cosas, Rocha Moya ha permitido a los l\u00edderes de los Chapitos colocar a otros funcionarios corruptos en puestos de poder en el gobierno estatal y local de Sinaloa, as\u00ed como en determinadas agencias estatales y locales encargadas del orden p\u00fablico. A su vez, los funcionarios alineados con los Chapitos en la administraci\u00f3n de Rocha Moya han protegido a los Chapitos y sus operaciones de tr\u00e1fico de drogas\u201d, menciona el documento.<\/p>\n<p>Rocha rechaz\u00f3 las acusaciones <a href=\"https:\/\/x.com\/rochamoya_\/status\/2049577651501723859\">en un mensaje publicado en X<\/a>, en el que asegur\u00f3 que esto representa \u201cun ataque\u201d contra la \u201ccuarta transformaci\u00f3n\u201d, el movimiento que abandera el partido oficialista Morena.<\/p>\n<p>\u201cRechazo categ\u00f3rica y absolutamente las imputaciones formuladas en mi contra por la Fiscal\u00eda Federal del Distrito Sur de Nueva York, ya que carecen de veracidad y fundamento alguno. Y as\u00ed se demostrar\u00e1, con toda contundencia, en el momento oportuno\u201d, dijo.<\/p>\n<p>\u201c(La acusaci\u00f3n) se inscribe en una perversa estrategia para violentar el orden constitucional, espec\u00edficamente la soberan\u00eda nacional que preconiza el art\u00edculo 40 de la Constituci\u00f3n Pol\u00edtica de los Estados Unidos Mexicanos, que nuestro movimiento defiende como principio invariable e innegociable\u201d, agreg\u00f3.<\/p>\n<p>Rocha asumi\u00f3 su cargo de gobernador en 2021 tras ganar las elecciones de ese a\u00f1o postulado por Morena, el mismo partido de la presidenta Claudia Sheinbaum. Su mandato concluye en 2027.<\/p>\n<p>El embajador de Estados Unidos en M\u00e9xico, Ronald Johnson, dijo <a href=\"https:\/\/x.com\/USAmbMex\/status\/2049563802459689003\">en un comunicado<\/a> que la corrupci\u00f3n facilita las actividades criminales y debe ser combatida.<\/p>\n<p>\u201cSi bien no podemos comentar sobre los hechos espec\u00edficos de estas imputaciones y el proceso legal deber\u00e1 seguir su curso, hay algo claro: la corrupci\u00f3n que facilita el crimen organizado y perjudica a ambos pa\u00edses ser\u00e1 investigada y procesada en todos los casos en que aplique la jurisdicci\u00f3n de los Estados Unidos\u201d, se\u00f1al\u00f3.<\/p>\n<p>En <a href=\"https:\/\/www.gob.mx\/sre\/prensa\/sre-recibio-solicitudes-de-detencion-provisional-con-fines-de-extradicion-que-seran-turnadas-a-la-fgr-en-los-documentos-no-se-anexan-pruebas\">un comunicado<\/a>, la Secretar\u00eda de Relaciones Exteriores de M\u00e9xico dijo que este martes recibi\u00f3 de Estados Unidos solicitudes de detenci\u00f3n provisional con fines de extradici\u00f3n contra varias personas, sin especificar nombres, y las envi\u00f3 a la Fiscal\u00eda General de la Rep\u00fablica para que las eval\u00fae.<\/p>\n<p>Agreg\u00f3 que la documentaci\u00f3n entregada por Estados Unidos \u201cno cuenta con elementos de prueba para poder determinar la responsabilidad de las personas de las cuales se solicita la detenci\u00f3n provisional con fines de extradici\u00f3n. Sin embargo, como debe procederse en estos casos, ser\u00e1 la Fiscal\u00eda General de la Rep\u00fablica quien determine si existen elementos probatorios de acuerdo con el sistema jur\u00eddico mexicano y la viabilidad de las solicitudes de detenci\u00f3n provisional con fines de extradici\u00f3n\u201d.<\/p>\n<p>The-CNN-Wire<br \/>&trade; &amp; &copy; 2026 Cable News Network, Inc., a Warner Bros. Discovery Company. All rights reserved.<\/p>\n","protected":false},"excerpt":{"rendered":"<p>El Gobierno de Estados Unidos acus\u00f3 al gobernador del estado mexicano de Sinaloa, Rub\u00e9n Rocha, de cargos de narcotr\u00e1fico, posesi\u00f3n ilegal de armas y conspiraci\u00f3n para poseer armas, inform\u00f3 este mi\u00e9rcoles el Departamento de Justicia en un comunicado. La acusaci\u00f3n contra Rocha, quien podr\u00eda enfrentar una pena que va de 40 a\u00f1os de prisi\u00f3n a [&hellip;]<\/p>\n","protected":false},"author":0,"featured_media":0,"comment_status":"open","ping_status":"open","sticky":false,"template":"","format":"standard","meta":{"_jetpack_memberships_contains_paid_content":false,"footnotes":""},"categories":[10],"tags":[],"class_list":["post-1473644","post","type-post","status-publish","format-standard","hentry","category-noticias-nacionales","market-global"],"yoast_head":"<!-- This site is optimized with the Yoast SEO plugin v24.4 - https:\/\/yoast.com\/wordpress\/plugins\/seo\/ -->\n<title>Estados Unidos acusa al gobernador de Sinaloa de narcotr\u00e1fico y posesi\u00f3n de armas - Noticias<\/title>\n<meta name=\"robots\" content=\"index, follow, max-snippet:-1, max-image-preview:large, max-video-preview:-1\" \/>\n<link rel=\"canonical\" href=\"https:\/\/noticiasya.com\/2026\/04\/29\/acusacion-gobernador-sinaloa-ruben-rocha-orix\/\" \/>\n<meta property=\"og:locale\" content=\"es_ES\" \/>\n<meta property=\"og:type\" content=\"article\" \/>\n<meta property=\"og:title\" content=\"Estados Unidos acusa al gobernador de Sinaloa de narcotr\u00e1fico y posesi\u00f3n de armas - Noticias\" \/>\n<meta property=\"og:description\" content=\"El Gobierno de Estados Unidos acus\u00f3 al gobernador del estado mexicano de Sinaloa, Rub\u00e9n Rocha, de cargos de narcotr\u00e1fico, posesi\u00f3n ilegal de armas y conspiraci\u00f3n para poseer armas, inform\u00f3 este mi\u00e9rcoles el Departamento de Justicia en un comunicado. La acusaci\u00f3n contra Rocha, quien podr\u00eda enfrentar una pena que va de 40 a\u00f1os de prisi\u00f3n a [&hellip;]\" \/>\n<meta property=\"og:url\" content=\"https:\/\/noticiasya.com\/2026\/04\/29\/acusacion-gobernador-sinaloa-ruben-rocha-orix\/\" \/>\n<meta property=\"og:site_name\" content=\"Noticias\" \/>\n<meta property=\"article:published_time\" content=\"2026-04-29T21:03:47+00:00\" \/>\n<meta name=\"twitter:card\" content=\"summary_large_image\" \/>\n<meta name=\"twitter:label1\" content=\"Est. reading time\" \/>\n\t<meta name=\"twitter:data1\" content=\"3 minutos\" \/>\n<script type=\"application\/ld+json\" class=\"yoast-schema-graph\">{\"@context\":\"https:\/\/schema.org\",\"@graph\":[{\"@type\":\"Article\",\"@id\":\"https:\/\/noticiasya.com\/2026\/04\/29\/acusacion-gobernador-sinaloa-ruben-rocha-orix\/#article\",\"isPartOf\":{\"@id\":\"https:\/\/noticiasya.com\/2026\/04\/29\/acusacion-gobernador-sinaloa-ruben-rocha-orix\/\"},\"author\":{\"name\":\"\",\"@id\":\"\"},\"headline\":\"Estados Unidos acusa al gobernador de Sinaloa de narcotr\u00e1fico y posesi\u00f3n de armas\",\"datePublished\":\"2026-04-29T21:03:47+00:00\",\"mainEntityOfPage\":{\"@id\":\"https:\/\/noticiasya.com\/2026\/04\/29\/acusacion-gobernador-sinaloa-ruben-rocha-orix\/\"},\"wordCount\":672,\"commentCount\":0,\"publisher\":{\"@id\":\"https:\/\/noticiasya.com\/#organization\"},\"articleSection\":[\"Noticias Nacionales\"],\"inLanguage\":\"es\",\"potentialAction\":[{\"@type\":\"CommentAction\",\"name\":\"Comment\",\"target\":[\"https:\/\/noticiasya.com\/2026\/04\/29\/acusacion-gobernador-sinaloa-ruben-rocha-orix\/#respond\"]}]},{\"@type\":\"WebPage\",\"@id\":\"https:\/\/noticiasya.com\/2026\/04\/29\/acusacion-gobernador-sinaloa-ruben-rocha-orix\/\",\"url\":\"https:\/\/noticiasya.com\/2026\/04\/29\/acusacion-gobernador-sinaloa-ruben-rocha-orix\/\",\"name\":\"Estados Unidos acusa al gobernador de Sinaloa de narcotr\u00e1fico y posesi\u00f3n de armas - Noticias\",\"isPartOf\":{\"@id\":\"https:\/\/noticiasya.com\/#website\"},\"datePublished\":\"2026-04-29T21:03:47+00:00\",\"breadcrumb\":{\"@id\":\"https:\/\/noticiasya.com\/2026\/04\/29\/acusacion-gobernador-sinaloa-ruben-rocha-orix\/#breadcrumb\"},\"inLanguage\":\"es\",\"potentialAction\":[{\"@type\":\"ReadAction\",\"target\":[\"https:\/\/noticiasya.com\/2026\/04\/29\/acusacion-gobernador-sinaloa-ruben-rocha-orix\/\"]}]},{\"@type\":\"BreadcrumbList\",\"@id\":\"https:\/\/noticiasya.com\/2026\/04\/29\/acusacion-gobernador-sinaloa-ruben-rocha-orix\/#breadcrumb\",\"itemListElement\":[{\"@type\":\"ListItem\",\"position\":1,\"name\":\"Home\",\"item\":\"https:\/\/noticiasya.com\/\"},{\"@type\":\"ListItem\",\"position\":2,\"name\":\"Estados Unidos acusa al gobernador de Sinaloa de narcotr\u00e1fico y posesi\u00f3n de armas\"}]},{\"@type\":\"WebSite\",\"@id\":\"https:\/\/noticiasya.com\/#website\",\"url\":\"https:\/\/noticiasya.com\/\",\"name\":\"Noticias\",\"description\":\"Lo que importa\",\"publisher\":{\"@id\":\"https:\/\/noticiasya.com\/#organization\"},\"potentialAction\":[{\"@type\":\"SearchAction\",\"target\":{\"@type\":\"EntryPoint\",\"urlTemplate\":\"https:\/\/noticiasya.com\/?s={search_term_string}\"},\"query-input\":{\"@type\":\"PropertyValueSpecification\",\"valueRequired\":true,\"valueName\":\"search_term_string\"}}],\"inLanguage\":\"es\"},{\"@type\":\"Organization\",\"@id\":\"https:\/\/noticiasya.com\/#organization\",\"name\":\"Noticias\",\"url\":\"https:\/\/noticiasya.com\/\",\"logo\":{\"@type\":\"ImageObject\",\"inLanguage\":\"es\",\"@id\":\"https:\/\/noticiasya.com\/#\/schema\/logo\/image\/\",\"url\":\"https:\/\/noticiasya.com\/wp-content\/uploads\/sites\/22\/2023\/12\/logo-nacional.png\",\"contentUrl\":\"https:\/\/noticiasya.com\/wp-content\/uploads\/sites\/22\/2023\/12\/logo-nacional.png\",\"width\":1801,\"height\":691,\"caption\":\"Noticias\"},\"image\":{\"@id\":\"https:\/\/noticiasya.com\/#\/schema\/logo\/image\/\"}}]}<\/script>\n<!-- \/ Yoast SEO plugin. -->","yoast_head_json":{"title":"Estados Unidos acusa al gobernador de Sinaloa de narcotr\u00e1fico y posesi\u00f3n de armas - Noticias","robots":{"index":"index","follow":"follow","max-snippet":"max-snippet:-1","max-image-preview":"max-image-preview:large","max-video-preview":"max-video-preview:-1"},"canonical":"https:\/\/noticiasya.com\/2026\/04\/29\/acusacion-gobernador-sinaloa-ruben-rocha-orix\/","og_locale":"es_ES","og_type":"article","og_title":"Estados Unidos acusa al gobernador de Sinaloa de narcotr\u00e1fico y posesi\u00f3n de armas - Noticias","og_description":"El Gobierno de Estados Unidos acus\u00f3 al gobernador del estado mexicano de Sinaloa, Rub\u00e9n Rocha, de cargos de narcotr\u00e1fico, posesi\u00f3n ilegal de armas y conspiraci\u00f3n para poseer armas, inform\u00f3 este mi\u00e9rcoles el Departamento de Justicia en un comunicado. La acusaci\u00f3n contra Rocha, quien podr\u00eda enfrentar una pena que va de 40 a\u00f1os de prisi\u00f3n a [&hellip;]","og_url":"https:\/\/noticiasya.com\/2026\/04\/29\/acusacion-gobernador-sinaloa-ruben-rocha-orix\/","og_site_name":"Noticias","article_published_time":"2026-04-29T21:03:47+00:00","twitter_card":"summary_large_image","twitter_misc":{"Est. reading time":"3 minutos"},"schema":{"@context":"https:\/\/schema.org","@graph":[{"@type":"Article","@id":"https:\/\/noticiasya.com\/2026\/04\/29\/acusacion-gobernador-sinaloa-ruben-rocha-orix\/#article","isPartOf":{"@id":"https:\/\/noticiasya.com\/2026\/04\/29\/acusacion-gobernador-sinaloa-ruben-rocha-orix\/"},"author":{"name":"","@id":""},"headline":"Estados Unidos acusa al gobernador de Sinaloa de narcotr\u00e1fico y posesi\u00f3n de armas","datePublished":"2026-04-29T21:03:47+00:00","mainEntityOfPage":{"@id":"https:\/\/noticiasya.com\/2026\/04\/29\/acusacion-gobernador-sinaloa-ruben-rocha-orix\/"},"wordCount":672,"commentCount":0,"publisher":{"@id":"https:\/\/noticiasya.com\/#organization"},"articleSection":["Noticias Nacionales"],"inLanguage":"es","potentialAction":[{"@type":"CommentAction","name":"Comment","target":["https:\/\/noticiasya.com\/2026\/04\/29\/acusacion-gobernador-sinaloa-ruben-rocha-orix\/#respond"]}]},{"@type":"WebPage","@id":"https:\/\/noticiasya.com\/2026\/04\/29\/acusacion-gobernador-sinaloa-ruben-rocha-orix\/","url":"https:\/\/noticiasya.com\/2026\/04\/29\/acusacion-gobernador-sinaloa-ruben-rocha-orix\/","name":"Estados Unidos acusa al gobernador de Sinaloa de narcotr\u00e1fico y posesi\u00f3n de armas - Noticias","isPartOf":{"@id":"https:\/\/noticiasya.com\/#website"},"datePublished":"2026-04-29T21:03:47+00:00","breadcrumb":{"@id":"https:\/\/noticiasya.com\/2026\/04\/29\/acusacion-gobernador-sinaloa-ruben-rocha-orix\/#breadcrumb"},"inLanguage":"es","potentialAction":[{"@type":"ReadAction","target":["https:\/\/noticiasya.com\/2026\/04\/29\/acusacion-gobernador-sinaloa-ruben-rocha-orix\/"]}]},{"@type":"BreadcrumbList","@id":"https:\/\/noticiasya.com\/2026\/04\/29\/acusacion-gobernador-sinaloa-ruben-rocha-orix\/#breadcrumb","itemListElement":[{"@type":"ListItem","position":1,"name":"Home","item":"https:\/\/noticiasya.com\/"},{"@type":"ListItem","position":2,"name":"Estados Unidos acusa al gobernador de Sinaloa de narcotr\u00e1fico y posesi\u00f3n de armas"}]},{"@type":"WebSite","@id":"https:\/\/noticiasya.com\/#website","url":"https:\/\/noticiasya.com\/","name":"Noticias","description":"Lo que importa","publisher":{"@id":"https:\/\/noticiasya.com\/#organization"},"potentialAction":[{"@type":"SearchAction","target":{"@type":"EntryPoint","urlTemplate":"https:\/\/noticiasya.com\/?s={search_term_string}"},"query-input":{"@type":"PropertyValueSpecification","valueRequired":true,"valueName":"search_term_string"}}],"inLanguage":"es"},{"@type":"Organization","@id":"https:\/\/noticiasya.com\/#organization","name":"Noticias","url":"https:\/\/noticiasya.com\/","logo":{"@type":"ImageObject","inLanguage":"es","@id":"https:\/\/noticiasya.com\/#\/schema\/logo\/image\/","url":"https:\/\/noticiasya.com\/wp-content\/uploads\/sites\/22\/2023\/12\/logo-nacional.png","contentUrl":"https:\/\/noticiasya.com\/wp-content\/uploads\/sites\/22\/2023\/12\/logo-nacional.png","width":1801,"height":691,"caption":"Noticias"},"image":{"@id":"https:\/\/noticiasya.com\/#\/schema\/logo\/image\/"}}]}},"parsely":{"version":"1.1.0","canonical_url":"https:\/\/noticiasya.com\/san-diego\/2026\/04\/29\/acusacion-gobernador-sinaloa-ruben-rocha-orix\/","smart_links":{"inbound":0,"outbound":0},"traffic_boost_suggestions_count":0,"meta":{"@context":"https:\/\/schema.org","@type":"NewsArticle","headline":"Estados Unidos acusa al gobernador de Sinaloa de narcotr\u00e1fico y posesi\u00f3n de armas","url":"http:\/\/noticiasya.com\/san-diego\/2026\/04\/29\/acusacion-gobernador-sinaloa-ruben-rocha-orix\/","mainEntityOfPage":{"@type":"WebPage","@id":"http:\/\/noticiasya.com\/san-diego\/2026\/04\/29\/acusacion-gobernador-sinaloa-ruben-rocha-orix\/"},"thumbnailUrl":"","image":{"@type":"ImageObject","url":""},"articleSection":"Noticias Nacionales","author":[],"creator":[],"publisher":{"@type":"Organization","name":"Noticias","logo":""},"keywords":[],"dateCreated":"2026-04-29T21:03:47Z","datePublished":"2026-04-29T21:03:47Z","dateModified":"2026-04-29T21:03:47Z"},"rendered":"<script type=\"application\/ld+json\" class=\"wp-parsely-metadata\">{\"@context\":\"https:\\\/\\\/schema.org\",\"@type\":\"NewsArticle\",\"headline\":\"Estados Unidos acusa al gobernador de Sinaloa de narcotr\\u00e1fico y posesi\\u00f3n de armas\",\"url\":\"http:\\\/\\\/noticiasya.com\\\/san-diego\\\/2026\\\/04\\\/29\\\/acusacion-gobernador-sinaloa-ruben-rocha-orix\\\/\",\"mainEntityOfPage\":{\"@type\":\"WebPage\",\"@id\":\"http:\\\/\\\/noticiasya.com\\\/san-diego\\\/2026\\\/04\\\/29\\\/acusacion-gobernador-sinaloa-ruben-rocha-orix\\\/\"},\"thumbnailUrl\":\"\",\"image\":{\"@type\":\"ImageObject\",\"url\":\"\"},\"articleSection\":\"Noticias Nacionales\",\"author\":[],\"creator\":[],\"publisher\":{\"@type\":\"Organization\",\"name\":\"Noticias\",\"logo\":\"\"},\"keywords\":[],\"dateCreated\":\"2026-04-29T21:03:47Z\",\"datePublished\":\"2026-04-29T21:03:47Z\",\"dateModified\":\"2026-04-29T21:03:47Z\"}<\/script>","tracker_url":"https:\/\/cdn.parsely.com\/keys\/noticiasya.com\/p.js"},"jetpack_featured_media_url":"","jetpack-related-posts":[{"id":1470378,"url":"https:\/\/noticiasya.com\/san-diego\/2026\/01\/22\/quienes-son-37-presuntos-delincuentes-enviados-eeuu-orix\/","url_meta":{"origin":1473644,"position":0},"title":"\u00bfQui\u00e9nes son los 37 presuntos delincuentes que M\u00e9xico envi\u00f3 a Estados Unidos?","author":"","date":"enero 22, 2026","format":false,"excerpt":"M\u00e9xico envi\u00f3 este martes a Estados Unidos a 37 presuntos delincuentes peligrosos, una medida que forma parte de los mecanismos de cooperaci\u00f3n entre ambos pa\u00edses en materia de seguridad, seg\u00fan indicaron desde el Gobierno. Este traslado se suma a otros dos que M\u00e9xico realiz\u00f3 en 2025, uno de 29 personas\u2026","rel":"","context":"In &quot;Noticias Nacionales&quot;","block_context":{"text":"Noticias Nacionales","link":"https:\/\/noticiasya.com\/san-diego\/categoria\/noticias-nacionales"},"img":{"alt_text":"","src":"","width":0,"height":0},"classes":[]},{"id":1451457,"url":"https:\/\/noticiasya.com\/san-diego\/2024\/07\/26\/lideres-narcotrafico-detenidos-extraditados-sexenio-amlo-orix\/","url_meta":{"origin":1473644,"position":1},"title":"L\u00edderes del narcotr\u00e1fico detenidos y extraditados durante el sexenio de Andr\u00e9s Manuel L\u00f3pez Obrador","author":"","date":"julio 26, 2024","format":false,"excerpt":"(CNN Espa\u00f1ol) --\u00a0Desde 2020, autoridades de M\u00e9xico y Estados Unidos han detenido y extraditado a seis l\u00edderes del narcotr\u00e1fico: Jos\u00e9 Antonio Y\u00e9pez, Rafael Caro Quintero, Ovidio Guzm\u00e1n, N\u00e9stor Isidoro P\u00e9rezs, Ismael Zambada y Joaqu\u00edn Guzm\u00e1n L\u00f3pez.Jos\u00e9 Antonio Y\u00e9pez, \u201cEl Marro\u201d (agosto de 2020)Jos\u00e9 Antonio Y\u00e9pez, \u201cEl Marro\u201d. (Cr\u00e9dito: Creative Commons)Jos\u00e9\u2026","rel":"","context":"In &quot;Noticias Nacionales&quot;","block_context":{"text":"Noticias Nacionales","link":"https:\/\/noticiasya.com\/san-diego\/categoria\/noticias-nacionales"},"img":{"alt_text":"","src":"","width":0,"height":0},"classes":[]},{"id":1452912,"url":"https:\/\/noticiasya.com\/san-diego\/2024\/09\/21\/ola-violencia-mexico-muertos-sinaloa-orix\/","url_meta":{"origin":1473644,"position":2},"title":"Ola de violencia en M\u00e9xico: al menos 53 muertos en Sinaloa","author":"","date":"septiembre 21, 2024","format":false,"excerpt":"(CNN Espa\u00f1ol) -- La Fiscal\u00eda de Sinaloa inform\u00f3 este s\u00e1bado de la muerte de al menos cuatro personas durante el 20 de septiembre, con lo que la cifra de muertos por la violencia en el estado mexicano, en el noroeste del pa\u00eds, aumenta a 53 personas desde el 9 de\u2026","rel":"","context":"In &quot;Noticias Nacionales&quot;","block_context":{"text":"Noticias Nacionales","link":"https:\/\/noticiasya.com\/san-diego\/categoria\/noticias-nacionales"},"img":{"alt_text":"","src":"","width":0,"height":0},"classes":[]},{"id":1451426,"url":"https:\/\/noticiasya.com\/san-diego\/2024\/07\/25\/quien-ismael-el-mayo-zambada-cartel-sinaloa-orix\/","url_meta":{"origin":1473644,"position":3},"title":"\u00bfQui\u00e9n es Ismael \u2018El Mayo\u2019 Zambada, presunto l\u00edder del c\u00e1rtel de Sinaloa detenido en EE.UU.?","author":"","date":"julio 25, 2024","format":false,"excerpt":"(CNN Espa\u00f1ol) \u2013 Ismael \u2018El Mayo\u2019 Zambada se encuentra bajo custodia de Estados Unidos, confirm\u00f3 a CNN una fuente diplom\u00e1tica con conocimiento del caso.'El Mayo' Zambada es cofundador y presunto l\u00edder actual del c\u00e1rtel de Sinaloa. Su nombre ha aparecido durante a\u00f1os en los expedientes del narcotr\u00e1fico. Supuestamente, operaba principalmente\u2026","rel":"","context":"In &quot;Noticias Nacionales&quot;","block_context":{"text":"Noticias Nacionales","link":"https:\/\/noticiasya.com\/san-diego\/categoria\/noticias-nacionales"},"img":{"alt_text":"","src":"","width":0,"height":0},"classes":[]},{"id":1462361,"url":"https:\/\/noticiasya.com\/san-diego\/2025\/05\/14\/gobierno-ee-uu-acusa-primera-vez-narcoterrorismo-cartel-sinaloa-mexico-orix\/","url_meta":{"origin":1473644,"position":4},"title":"El Gobierno de EE.UU. acusa por primera vez de narcoterrorismo a supuestos l\u00edderes del c\u00e1rtel de Sinaloa en M\u00e9xico","author":"","date":"mayo 14, 2025","format":false,"excerpt":"El Departamento de Justicia de Estados Unidos anunci\u00f3 este martes que present\u00f3 cargos a dos presuntos miembros del c\u00e1rtel de Sinaloa, Pedro Inzunza Noriega y su hijo, Pedro Inzunza Coronel, por narcoterrorismo y apoyo material al terrorismo en conexi\u00f3n con el tr\u00e1fico a EE.UU. de grandes cantidades de fentanilo, coca\u00edna\u2026","rel":"","context":"In &quot;Noticias Nacionales&quot;","block_context":{"text":"Noticias Nacionales","link":"https:\/\/noticiasya.com\/san-diego\/categoria\/noticias-nacionales"},"img":{"alt_text":"","src":"","width":0,"height":0},"classes":[]},{"id":1452610,"url":"https:\/\/noticiasya.com\/san-diego\/2024\/09\/12\/gobernador-sinaloa-suspension-clases-cinco-municipios-violencia-orix\/","url_meta":{"origin":1473644,"position":5},"title":"Gobernador de Sinaloa ordena la suspensi\u00f3n de clases en cinco municipios y de los festejos por la independencia debido a la violencia","author":"","date":"septiembre 12, 2024","format":false,"excerpt":"(CNN Espa\u00f1ol) -- El gobernador de Sinaloa, Rub\u00e9n Rocha Moya, anunci\u00f3 este jueves la suspensi\u00f3n de clases en todos los niveles en cinco municipios de su estado, en el noroeste del pa\u00eds, entre ellos la capital, Culiac\u00e1n, y de los festejos por el Grito del 15 de septiembre, debido a\u2026","rel":"","context":"In &quot;Noticias Nacionales&quot;","block_context":{"text":"Noticias Nacionales","link":"https:\/\/noticiasya.com\/san-diego\/categoria\/noticias-nacionales"},"img":{"alt_text":"","src":"","width":0,"height":0},"classes":[]}],"jetpack_sharing_enabled":true,"_links":{"self":[{"href":"https:\/\/noticiasya.com\/san-diego\/wp-json\/wp\/v2\/posts\/1473644","targetHints":{"allow":["GET"]}}],"collection":[{"href":"https:\/\/noticiasya.com\/san-diego\/wp-json\/wp\/v2\/posts"}],"about":[{"href":"https:\/\/noticiasya.com\/san-diego\/wp-json\/wp\/v2\/types\/post"}],"replies":[{"embeddable":true,"href":"https:\/\/noticiasya.com\/san-diego\/wp-json\/wp\/v2\/comments?post=1473644"}],"version-history":[{"count":0,"href":"https:\/\/noticiasya.com\/san-diego\/wp-json\/wp\/v2\/posts\/1473644\/revisions"}],"wp:attachment":[{"href":"https:\/\/noticiasya.com\/san-diego\/wp-json\/wp\/v2\/media?parent=1473644"}],"wp:term":[{"taxonomy":"category","embeddable":true,"href":"https:\/\/noticiasya.com\/san-diego\/wp-json\/wp\/v2\/categories?post=1473644"},{"taxonomy":"post_tag","embeddable":true,"href":"https:\/\/noticiasya.com\/san-diego\/wp-json\/wp\/v2\/tags?post=1473644"}],"curies":[{"name":"wp","href":"https:\/\/api.w.org\/{rel}","templated":true}]}}