{"id":1473645,"date":"2026-04-29T15:03:45","date_gmt":"2026-04-29T22:03:45","guid":{"rendered":"https:\/\/noticiasya.com\/2026\/04\/29\/trump-recibe-astronautas-artemis-ii-oficina-oval-trax\/"},"modified":"2026-04-29T15:03:45","modified_gmt":"2026-04-29T22:03:45","slug":"trump-recibe-astronautas-artemis-ii-oficina-oval-trax","status":"publish","type":"post","link":"https:\/\/noticiasya.com\/san-diego\/2026\/04\/29\/trump-recibe-astronautas-artemis-ii-oficina-oval-trax\/","title":{"rendered":"Trump recibe a los astronautas de Artemis II en la Oficina Oval y responde a preguntas sobre Ir\u00e1n, Comey y los ovnis"},"content":{"rendered":"<p>El viaje de los <a href=\"https:\/\/cnnespanol.cnn.com\/2026\/04\/16\/ciencia\/astronautas-describen-mision-artemis-ii-luna-trax\">astronautas de Artemis II a la Luna <\/a>y de regreso los llev\u00f3 a la Oficina Oval de la Casa Blanca este mi\u00e9rcoles por la tarde, donde permanecieron de pie mientras el presidente Donald Trump hablaba de ovnis, la Fuerza Espacial y la guerra con Ir\u00e1n.<\/p>\n<p>Con chaquetas azules, <a href=\"https:\/\/cnnespanol.cnn.com\/2026\/04\/03\/ciencia\/nasa-imagenes-tierra-artemis-trax\">Reid Wiseman, Victor Glover y Christina Koch<\/a>, de la NASA, y el astronauta de la Agencia Espacial Canadiense Jeremy Hansen se colocaron detr\u00e1s de Trump en el Escritorio Resolute \u2014que ten\u00eda encima un modelo de la Luna chapado en oro\u2014 mientras entraban los reporteros de la Casa Blanca. El administrador de la NASA, Jared Isaacman, tambi\u00e9n se situ\u00f3 junto a los astronautas.<\/p>\n<p>\u201cNo s\u00e9 c\u00f3mo lo hacen. Yo no querr\u00eda hacerlo, pero se necesita gente como esta para hacer grande a nuestro pa\u00eds\u201d, dijo Trump.<\/p>\n<p>Trump repas\u00f3 brevemente sus prioridades relacionadas con el espacio, algunas a instancias de los reporteros: destac\u00f3 su decisi\u00f3n de crear la rama militar Fuerza Espacial en su primer mandato, reiter\u00f3 su intenci\u00f3n de publicar material clasificado relacionado con los ovnis y dijo que hab\u00eda una \u201cbuena posibilidad\u201d de que otra persona caminara sobre la Luna durante su presidencia.<\/p>\n<p>\u201cNo nos gusta decir \u2018definitivamente\u2019, porque entonces dices: \u2018Oh, fracasamos\u2019\u201d, dijo Trump. \u201cAs\u00ed que tenemos una buena posibilidad. Lo hemos autorizado\u201d.<\/p>\n<p>Isaacman confirm\u00f3 los esfuerzos para enviar de nuevo a una persona a la superficie de la Luna en 2028, adem\u00e1s de detallar los planes para lanzar una misi\u00f3n Artemis III en 2027. Tambi\u00e9n dijo que la sede de la NASA permanecer\u00e1 en Washington y calific\u00f3 como una \u201cventaja\u201d estar en la capital del pa\u00eds, una afirmaci\u00f3n con la que Trump estuvo de acuerdo.<\/p>\n<p>El resto del evento se convirti\u00f3 en una conferencia de prensa algo improvisada, un riesgo com\u00fan durante la mayor\u00eda de los actos p\u00fablicos de Trump en estos d\u00edas. Hace unas dos semanas, Trump recibi\u00f3 en la Casa Blanca a una repartidora de DoorDash en un esfuerzo por promocionar los recortes de impuestos de su partido. Luego, la mujer se qued\u00f3 al lado de Trump mientras \u00e9l respond\u00eda preguntas sobre la guerra con Ir\u00e1n e intentaba solicitar su opini\u00f3n sobre las mujeres transg\u00e9nero compitiendo en deportes femeninos.<\/p>\n<p>Trump no pidi\u00f3 a los astronautas que opinaran sobre sus comentarios de este mi\u00e9rcoles, pero ellos permanecieron all\u00ed con expresiones cuidadosamente neutrales mientras \u00e9l elogiaba una decisi\u00f3n de la Corte Suprema para limitar la Ley de Derecho al Voto, insist\u00eda en que el exdirector del FBI <a href=\"https:\/\/cnnespanol.cnn.com\/2026\/04\/29\/eeuu\/james-comey-fbi-entrega-trump-trax\">James Comey<\/a> hab\u00eda amenazado su vida con una publicaci\u00f3n en redes sociales y dec\u00eda que el fin de las guerras en Ucrania e Ir\u00e1n probablemente ocurrir\u00eda en un \u201ccalendario similar\u201d.<\/p>\n<p>Hubo paralelismos con la propia misi\u00f3n, ya que algunos de los hitos de Artemis quedaron eclipsados por la guerra con Ir\u00e1n.<\/p>\n<p>Despu\u00e9s de que los astronautas marcaran el logro de viajar la mayor distancia desde la Tierra \u2014mientras orbitaban alrededor del lado oscuro de la Luna el 6 de abril\u2014, gran parte de la cobertura informativa del d\u00eda siguiente se centr\u00f3 en la <a href=\"https:\/\/cnnespanol.cnn.com\/2026\/04\/07\/mundo\/trump-amenaza-iran-civilizacion-trax\">notable amenaza de Trump a Ir\u00e1n <\/a>a la ma\u00f1ana siguiente. Escribi\u00f3: \u201cToda una civilizaci\u00f3n morir\u00e1 esta noche, para no volver jam\u00e1s. No quiero que eso suceda, pero probablemente suceder\u00e1\u201d.<\/p>\n<p>Trump hab\u00eda observado el lanzamiento junto al secretario de Estado, Marco Rubio, de acuerdo con fotograf\u00edas publicadas por la Casa Blanca, y el presidente hab\u00eda promocionado la misi\u00f3n como un ejemplo del dominio estadounidense.<\/p>\n<p>\u201cEstamos GANANDO, en el espacio, en la Tierra y en todo lo que hay entre medio; econ\u00f3micamente, militarmente y ahora, M\u00c1S ALL\u00c1 DE LAS ESTRELLAS. \u00a1Nadie se acerca!\u201d, escribi\u00f3 Trump en Truth Social antes del despegue.<\/p>\n<p>Cuando los astronautas regresaron con \u00e9xito, Trump los felicit\u00f3 por su haza\u00f1a \u201cespectacular\u201d e invit\u00f3 a la tripulaci\u00f3n a la Casa Blanca.<\/p>\n<p>\u201cLo haremos de nuevo y luego, siguiente paso, \u00a1Marte!\u201d, dijo Trump.<\/p>\n<p>The-CNN-Wire<br \/>&trade; &amp; &copy; 2026 Cable News Network, Inc., a Warner Bros. Discovery Company. All rights reserved.<\/p>\n","protected":false},"excerpt":{"rendered":"<p>El viaje de los astronautas de Artemis II a la Luna y de regreso los llev\u00f3 a la Oficina Oval de la Casa Blanca este mi\u00e9rcoles por la tarde, donde permanecieron de pie mientras el presidente Donald Trump hablaba de ovnis, la Fuerza Espacial y la guerra con Ir\u00e1n. Con chaquetas azules, Reid Wiseman, Victor [&hellip;]<\/p>\n","protected":false},"author":0,"featured_media":0,"comment_status":"open","ping_status":"open","sticky":false,"template":"","format":"standard","meta":{"_jetpack_memberships_contains_paid_content":false,"footnotes":""},"categories":[10],"tags":[],"class_list":["post-1473645","post","type-post","status-publish","format-standard","hentry","category-noticias-nacionales","market-global"],"yoast_head":"<!-- This site is optimized with the Yoast SEO plugin v24.4 - https:\/\/yoast.com\/wordpress\/plugins\/seo\/ -->\n<title>Trump recibe a los astronautas de Artemis II en la Oficina Oval y responde a preguntas sobre Ir\u00e1n, Comey y los ovnis - Noticias<\/title>\n<meta name=\"robots\" content=\"index, follow, max-snippet:-1, max-image-preview:large, max-video-preview:-1\" \/>\n<link rel=\"canonical\" href=\"https:\/\/noticiasya.com\/2026\/04\/29\/trump-recibe-astronautas-artemis-ii-oficina-oval-trax\/\" \/>\n<meta property=\"og:locale\" content=\"es_ES\" \/>\n<meta property=\"og:type\" content=\"article\" \/>\n<meta property=\"og:title\" content=\"Trump recibe a los astronautas de Artemis II en la Oficina Oval y responde a preguntas sobre Ir\u00e1n, Comey y los ovnis - Noticias\" \/>\n<meta property=\"og:description\" content=\"El viaje de los astronautas de Artemis II a la Luna y de regreso los llev\u00f3 a la Oficina Oval de la Casa Blanca este mi\u00e9rcoles por la tarde, donde permanecieron de pie mientras el presidente Donald Trump hablaba de ovnis, la Fuerza Espacial y la guerra con Ir\u00e1n. Con chaquetas azules, Reid Wiseman, Victor [&hellip;]\" \/>\n<meta property=\"og:url\" content=\"https:\/\/noticiasya.com\/2026\/04\/29\/trump-recibe-astronautas-artemis-ii-oficina-oval-trax\/\" \/>\n<meta property=\"og:site_name\" content=\"Noticias\" \/>\n<meta property=\"article:published_time\" content=\"2026-04-29T22:03:45+00:00\" \/>\n<meta name=\"twitter:card\" content=\"summary_large_image\" \/>\n<meta name=\"twitter:label1\" content=\"Est. reading time\" \/>\n\t<meta name=\"twitter:data1\" content=\"3 minutos\" \/>\n<script type=\"application\/ld+json\" class=\"yoast-schema-graph\">{\"@context\":\"https:\/\/schema.org\",\"@graph\":[{\"@type\":\"Article\",\"@id\":\"https:\/\/noticiasya.com\/2026\/04\/29\/trump-recibe-astronautas-artemis-ii-oficina-oval-trax\/#article\",\"isPartOf\":{\"@id\":\"https:\/\/noticiasya.com\/2026\/04\/29\/trump-recibe-astronautas-artemis-ii-oficina-oval-trax\/\"},\"author\":{\"name\":\"\",\"@id\":\"\"},\"headline\":\"Trump recibe a los astronautas de Artemis II en la Oficina Oval y responde a preguntas sobre Ir\u00e1n, Comey y los ovnis\",\"datePublished\":\"2026-04-29T22:03:45+00:00\",\"mainEntityOfPage\":{\"@id\":\"https:\/\/noticiasya.com\/2026\/04\/29\/trump-recibe-astronautas-artemis-ii-oficina-oval-trax\/\"},\"wordCount\":720,\"commentCount\":0,\"publisher\":{\"@id\":\"https:\/\/noticiasya.com\/#organization\"},\"articleSection\":[\"Noticias Nacionales\"],\"inLanguage\":\"es\",\"potentialAction\":[{\"@type\":\"CommentAction\",\"name\":\"Comment\",\"target\":[\"https:\/\/noticiasya.com\/2026\/04\/29\/trump-recibe-astronautas-artemis-ii-oficina-oval-trax\/#respond\"]}]},{\"@type\":\"WebPage\",\"@id\":\"https:\/\/noticiasya.com\/2026\/04\/29\/trump-recibe-astronautas-artemis-ii-oficina-oval-trax\/\",\"url\":\"https:\/\/noticiasya.com\/2026\/04\/29\/trump-recibe-astronautas-artemis-ii-oficina-oval-trax\/\",\"name\":\"Trump recibe a los astronautas de Artemis II en la Oficina Oval y responde a preguntas sobre Ir\u00e1n, Comey y los ovnis - Noticias\",\"isPartOf\":{\"@id\":\"https:\/\/noticiasya.com\/#website\"},\"datePublished\":\"2026-04-29T22:03:45+00:00\",\"breadcrumb\":{\"@id\":\"https:\/\/noticiasya.com\/2026\/04\/29\/trump-recibe-astronautas-artemis-ii-oficina-oval-trax\/#breadcrumb\"},\"inLanguage\":\"es\",\"potentialAction\":[{\"@type\":\"ReadAction\",\"target\":[\"https:\/\/noticiasya.com\/2026\/04\/29\/trump-recibe-astronautas-artemis-ii-oficina-oval-trax\/\"]}]},{\"@type\":\"BreadcrumbList\",\"@id\":\"https:\/\/noticiasya.com\/2026\/04\/29\/trump-recibe-astronautas-artemis-ii-oficina-oval-trax\/#breadcrumb\",\"itemListElement\":[{\"@type\":\"ListItem\",\"position\":1,\"name\":\"Home\",\"item\":\"https:\/\/noticiasya.com\/\"},{\"@type\":\"ListItem\",\"position\":2,\"name\":\"Trump recibe a los astronautas de Artemis II en la Oficina Oval y responde a preguntas sobre Ir\u00e1n, Comey y los ovnis\"}]},{\"@type\":\"WebSite\",\"@id\":\"https:\/\/noticiasya.com\/#website\",\"url\":\"https:\/\/noticiasya.com\/\",\"name\":\"Noticias\",\"description\":\"Lo que importa\",\"publisher\":{\"@id\":\"https:\/\/noticiasya.com\/#organization\"},\"potentialAction\":[{\"@type\":\"SearchAction\",\"target\":{\"@type\":\"EntryPoint\",\"urlTemplate\":\"https:\/\/noticiasya.com\/?s={search_term_string}\"},\"query-input\":{\"@type\":\"PropertyValueSpecification\",\"valueRequired\":true,\"valueName\":\"search_term_string\"}}],\"inLanguage\":\"es\"},{\"@type\":\"Organization\",\"@id\":\"https:\/\/noticiasya.com\/#organization\",\"name\":\"Noticias\",\"url\":\"https:\/\/noticiasya.com\/\",\"logo\":{\"@type\":\"ImageObject\",\"inLanguage\":\"es\",\"@id\":\"https:\/\/noticiasya.com\/#\/schema\/logo\/image\/\",\"url\":\"https:\/\/noticiasya.com\/wp-content\/uploads\/sites\/22\/2023\/12\/logo-nacional.png\",\"contentUrl\":\"https:\/\/noticiasya.com\/wp-content\/uploads\/sites\/22\/2023\/12\/logo-nacional.png\",\"width\":1801,\"height\":691,\"caption\":\"Noticias\"},\"image\":{\"@id\":\"https:\/\/noticiasya.com\/#\/schema\/logo\/image\/\"}}]}<\/script>\n<!-- \/ Yoast SEO plugin. -->","yoast_head_json":{"title":"Trump recibe a los astronautas de Artemis II en la Oficina Oval y responde a preguntas sobre Ir\u00e1n, Comey y los ovnis - Noticias","robots":{"index":"index","follow":"follow","max-snippet":"max-snippet:-1","max-image-preview":"max-image-preview:large","max-video-preview":"max-video-preview:-1"},"canonical":"https:\/\/noticiasya.com\/2026\/04\/29\/trump-recibe-astronautas-artemis-ii-oficina-oval-trax\/","og_locale":"es_ES","og_type":"article","og_title":"Trump recibe a los astronautas de Artemis II en la Oficina Oval y responde a preguntas sobre Ir\u00e1n, Comey y los ovnis - Noticias","og_description":"El viaje de los astronautas de Artemis II a la Luna y de regreso los llev\u00f3 a la Oficina Oval de la Casa Blanca este mi\u00e9rcoles por la tarde, donde permanecieron de pie mientras el presidente Donald Trump hablaba de ovnis, la Fuerza Espacial y la guerra con Ir\u00e1n. Con chaquetas azules, Reid Wiseman, Victor [&hellip;]","og_url":"https:\/\/noticiasya.com\/2026\/04\/29\/trump-recibe-astronautas-artemis-ii-oficina-oval-trax\/","og_site_name":"Noticias","article_published_time":"2026-04-29T22:03:45+00:00","twitter_card":"summary_large_image","twitter_misc":{"Est. reading time":"3 minutos"},"schema":{"@context":"https:\/\/schema.org","@graph":[{"@type":"Article","@id":"https:\/\/noticiasya.com\/2026\/04\/29\/trump-recibe-astronautas-artemis-ii-oficina-oval-trax\/#article","isPartOf":{"@id":"https:\/\/noticiasya.com\/2026\/04\/29\/trump-recibe-astronautas-artemis-ii-oficina-oval-trax\/"},"author":{"name":"","@id":""},"headline":"Trump recibe a los astronautas de Artemis II en la Oficina Oval y responde a preguntas sobre Ir\u00e1n, Comey y los ovnis","datePublished":"2026-04-29T22:03:45+00:00","mainEntityOfPage":{"@id":"https:\/\/noticiasya.com\/2026\/04\/29\/trump-recibe-astronautas-artemis-ii-oficina-oval-trax\/"},"wordCount":720,"commentCount":0,"publisher":{"@id":"https:\/\/noticiasya.com\/#organization"},"articleSection":["Noticias Nacionales"],"inLanguage":"es","potentialAction":[{"@type":"CommentAction","name":"Comment","target":["https:\/\/noticiasya.com\/2026\/04\/29\/trump-recibe-astronautas-artemis-ii-oficina-oval-trax\/#respond"]}]},{"@type":"WebPage","@id":"https:\/\/noticiasya.com\/2026\/04\/29\/trump-recibe-astronautas-artemis-ii-oficina-oval-trax\/","url":"https:\/\/noticiasya.com\/2026\/04\/29\/trump-recibe-astronautas-artemis-ii-oficina-oval-trax\/","name":"Trump recibe a los astronautas de Artemis II en la Oficina Oval y responde a preguntas sobre Ir\u00e1n, Comey y los ovnis - Noticias","isPartOf":{"@id":"https:\/\/noticiasya.com\/#website"},"datePublished":"2026-04-29T22:03:45+00:00","breadcrumb":{"@id":"https:\/\/noticiasya.com\/2026\/04\/29\/trump-recibe-astronautas-artemis-ii-oficina-oval-trax\/#breadcrumb"},"inLanguage":"es","potentialAction":[{"@type":"ReadAction","target":["https:\/\/noticiasya.com\/2026\/04\/29\/trump-recibe-astronautas-artemis-ii-oficina-oval-trax\/"]}]},{"@type":"BreadcrumbList","@id":"https:\/\/noticiasya.com\/2026\/04\/29\/trump-recibe-astronautas-artemis-ii-oficina-oval-trax\/#breadcrumb","itemListElement":[{"@type":"ListItem","position":1,"name":"Home","item":"https:\/\/noticiasya.com\/"},{"@type":"ListItem","position":2,"name":"Trump recibe a los astronautas de Artemis II en la Oficina Oval y responde a preguntas sobre Ir\u00e1n, Comey y los ovnis"}]},{"@type":"WebSite","@id":"https:\/\/noticiasya.com\/#website","url":"https:\/\/noticiasya.com\/","name":"Noticias","description":"Lo que importa","publisher":{"@id":"https:\/\/noticiasya.com\/#organization"},"potentialAction":[{"@type":"SearchAction","target":{"@type":"EntryPoint","urlTemplate":"https:\/\/noticiasya.com\/?s={search_term_string}"},"query-input":{"@type":"PropertyValueSpecification","valueRequired":true,"valueName":"search_term_string"}}],"inLanguage":"es"},{"@type":"Organization","@id":"https:\/\/noticiasya.com\/#organization","name":"Noticias","url":"https:\/\/noticiasya.com\/","logo":{"@type":"ImageObject","inLanguage":"es","@id":"https:\/\/noticiasya.com\/#\/schema\/logo\/image\/","url":"https:\/\/noticiasya.com\/wp-content\/uploads\/sites\/22\/2023\/12\/logo-nacional.png","contentUrl":"https:\/\/noticiasya.com\/wp-content\/uploads\/sites\/22\/2023\/12\/logo-nacional.png","width":1801,"height":691,"caption":"Noticias"},"image":{"@id":"https:\/\/noticiasya.com\/#\/schema\/logo\/image\/"}}]}},"parsely":{"version":"1.1.0","canonical_url":"https:\/\/noticiasya.com\/san-diego\/2026\/04\/29\/trump-recibe-astronautas-artemis-ii-oficina-oval-trax\/","smart_links":{"inbound":0,"outbound":0},"traffic_boost_suggestions_count":0,"meta":{"@context":"https:\/\/schema.org","@type":"NewsArticle","headline":"Trump recibe a los astronautas de Artemis II en la Oficina Oval y responde a preguntas sobre Ir\u00e1n, Comey y los ovnis","url":"http:\/\/noticiasya.com\/san-diego\/2026\/04\/29\/trump-recibe-astronautas-artemis-ii-oficina-oval-trax\/","mainEntityOfPage":{"@type":"WebPage","@id":"http:\/\/noticiasya.com\/san-diego\/2026\/04\/29\/trump-recibe-astronautas-artemis-ii-oficina-oval-trax\/"},"thumbnailUrl":"","image":{"@type":"ImageObject","url":""},"articleSection":"Noticias Nacionales","author":[],"creator":[],"publisher":{"@type":"Organization","name":"Noticias","logo":""},"keywords":[],"dateCreated":"2026-04-29T22:03:45Z","datePublished":"2026-04-29T22:03:45Z","dateModified":"2026-04-29T22:03:45Z"},"rendered":"<script type=\"application\/ld+json\" class=\"wp-parsely-metadata\">{\"@context\":\"https:\\\/\\\/schema.org\",\"@type\":\"NewsArticle\",\"headline\":\"Trump recibe a los astronautas de Artemis II en la Oficina Oval y responde a preguntas sobre Ir\\u00e1n, Comey y los ovnis\",\"url\":\"http:\\\/\\\/noticiasya.com\\\/san-diego\\\/2026\\\/04\\\/29\\\/trump-recibe-astronautas-artemis-ii-oficina-oval-trax\\\/\",\"mainEntityOfPage\":{\"@type\":\"WebPage\",\"@id\":\"http:\\\/\\\/noticiasya.com\\\/san-diego\\\/2026\\\/04\\\/29\\\/trump-recibe-astronautas-artemis-ii-oficina-oval-trax\\\/\"},\"thumbnailUrl\":\"\",\"image\":{\"@type\":\"ImageObject\",\"url\":\"\"},\"articleSection\":\"Noticias Nacionales\",\"author\":[],\"creator\":[],\"publisher\":{\"@type\":\"Organization\",\"name\":\"Noticias\",\"logo\":\"\"},\"keywords\":[],\"dateCreated\":\"2026-04-29T22:03:45Z\",\"datePublished\":\"2026-04-29T22:03:45Z\",\"dateModified\":\"2026-04-29T22:03:45Z\"}<\/script>","tracker_url":"https:\/\/cdn.parsely.com\/keys\/noticiasya.com\/p.js"},"jetpack_featured_media_url":"","jetpack-related-posts":[{"id":1452861,"url":"https:\/\/noticiasya.com\/san-diego\/2024\/09\/19\/maniquies-luna-camino-astronautas-espacio-trax\/","url_meta":{"origin":1473645,"position":0},"title":"Dos maniqu\u00edes volaron alrededor de la Luna; los cient\u00edficos acaban de revelar c\u00f3mo les fue y c\u00f3mo podr\u00eda afectar a los astronautas","author":"","date":"septiembre 19, 2024","format":false,"excerpt":"(CNN) \u2013\u2013 A medida que se acerca Artemis II, la misi\u00f3n de la NASA que enviar\u00e1 cuatro astronautas a circunnavegar la Luna el a\u00f1o pr\u00f3ximo, un nuevo estudio revela qu\u00e9 tan bien proteger\u00e1 a la tripulaci\u00f3n su nave espacial Orion.Los hallazgos se basan en datos de Artemis I, un viaje\u2026","rel":"","context":"In &quot;Noticias Nacionales&quot;","block_context":{"text":"Noticias Nacionales","link":"https:\/\/noticiasya.com\/san-diego\/categoria\/noticias-nacionales"},"img":{"alt_text":"","src":"","width":0,"height":0},"classes":[]},{"id":1469701,"url":"https:\/\/noticiasya.com\/san-diego\/2025\/12\/31\/nasa-luna-mision-artemis-2-trax\/","url_meta":{"origin":1473645,"position":1},"title":"La NASA estar\u00eda a semanas de su mayor desaf\u00edo en d\u00e9cadas: un viaje tripulado a la Luna","author":"","date":"diciembre 31, 2025","format":false,"excerpt":"La aspiraci\u00f3n de devolver astronautas estadounidenses a la Luna ha estado en limbo durante d\u00e9cadas, debido a que los planes han sido adoptados y rechazados de una administraci\u00f3n presidencial a otra. Sin embargo, en 2026, ese objetivo cobrar\u00e1 un enfoque m\u00e1s claro.El programa Artemis de la NASA \u2014una iniciativa anunciada\u2026","rel":"","context":"In &quot;Noticias Nacionales&quot;","block_context":{"text":"Noticias Nacionales","link":"https:\/\/noticiasya.com\/san-diego\/categoria\/noticias-nacionales"},"img":{"alt_text":"","src":"","width":0,"height":0},"classes":[]},{"id":1456303,"url":"https:\/\/noticiasya.com\/san-diego\/2024\/12\/05\/nasa-retrasa-alunizaje-tripulado-trax\/","url_meta":{"origin":1473645,"position":2},"title":"La NASA retrasa de nuevo el alunizaje tripulado y lo aplaza para 2027","author":"","date":"diciembre 5, 2024","format":false,"excerpt":"El programa Artemis de la NASA, que pretende devolver astronautas a la Luna esta d\u00e9cada en medio de un renovado impulso internacional por la exploraci\u00f3n lunar, se enfrenta a m\u00e1s retrasos. La agencia comunic\u00f3 el jueves que una misi\u00f3n prevista para alunizar en 2026 no tendr\u00e1 lugar ahora antes de\u2026","rel":"","context":"In &quot;Noticias Nacionales&quot;","block_context":{"text":"Noticias Nacionales","link":"https:\/\/noticiasya.com\/san-diego\/categoria\/noticias-nacionales"},"img":{"alt_text":"","src":"","width":0,"height":0},"classes":[]},{"id":1472845,"url":"https:\/\/noticiasya.com\/san-diego\/2026\/04\/03\/donde-esta-orion-que-sigue-artemis-ii-luna-trax\/","url_meta":{"origin":1473645,"position":3},"title":"D\u00f3nde est\u00e1 la nave Orion y qu\u00e9 sigue para la misi\u00f3n Artemis II en su camino a la Luna","author":"","date":"abril 3, 2026","format":false,"excerpt":"La misi\u00f3n Artemis II cruz\u00f3 un umbral crucial e hist\u00f3rico el jueves, cuando la nave espacial Orion encendi\u00f3 su motor e impuls\u00f3 a cuatro astronautas hacia la Luna, en un viaje de varios d\u00edas que los llevar\u00e1 m\u00e1s lejos en el espacio de lo que cualquier ser humano ha viajado\u2026","rel":"","context":"In &quot;Noticias Nacionales&quot;","block_context":{"text":"Noticias Nacionales","link":"https:\/\/noticiasya.com\/san-diego\/categoria\/noticias-nacionales"},"img":{"alt_text":"","src":"","width":0,"height":0},"classes":[]},{"id":1471027,"url":"https:\/\/noticiasya.com\/san-diego\/2026\/02\/09\/musk-ambicion-marte-apunta-luna-trax\/","url_meta":{"origin":1473645,"position":4},"title":"Musk modera su ambici\u00f3n de establecer presencia humana en Marte y apunta a la Luna","author":"","date":"febrero 9, 2026","format":false,"excerpt":"La ambici\u00f3n de Elon Musk de establecerse en Marte alg\u00fan d\u00eda parece haber quedado relegada a un objetivo m\u00e1s cercano y alcanzable: enviar humanos a vivir en la Luna.En una declaraci\u00f3n en X este domingo, el multimillonario dijo que su compa\u00f1\u00eda SpaceX ahora ha cambiado sus prioridades para impulsar la\u2026","rel":"","context":"In &quot;Noticias Nacionales&quot;","block_context":{"text":"Noticias Nacionales","link":"https:\/\/noticiasya.com\/san-diego\/categoria\/noticias-nacionales"},"img":{"alt_text":"","src":"","width":0,"height":0},"classes":[]},{"id":1472895,"url":"https:\/\/noticiasya.com\/san-diego\/2026\/04\/06\/donde-esta-artemis-orion-que-sigue-luna-trax\/","url_meta":{"origin":1473645,"position":5},"title":"D\u00f3nde est\u00e1 la nave Orion y qu\u00e9 sigue para la misi\u00f3n Artemis II en su camino a la Luna","author":"","date":"abril 6, 2026","format":false,"excerpt":"La misi\u00f3n Artemis II est\u00e1 ahora m\u00e1s cerca de la Luna que de la Tierra, con cuatro astronautas avanzando hacia su objetivo en una trayectoria de asistencia gravitatoria que los llevar\u00e1 m\u00e1s lejos en el espacio de lo que ning\u00fan ser humano ha llegado antes.El viaje \u2014tripulado por Reid Wiseman,\u2026","rel":"","context":"In &quot;Noticias Nacionales&quot;","block_context":{"text":"Noticias Nacionales","link":"https:\/\/noticiasya.com\/san-diego\/categoria\/noticias-nacionales"},"img":{"alt_text":"","src":"","width":0,"height":0},"classes":[]}],"jetpack_sharing_enabled":true,"_links":{"self":[{"href":"https:\/\/noticiasya.com\/san-diego\/wp-json\/wp\/v2\/posts\/1473645","targetHints":{"allow":["GET"]}}],"collection":[{"href":"https:\/\/noticiasya.com\/san-diego\/wp-json\/wp\/v2\/posts"}],"about":[{"href":"https:\/\/noticiasya.com\/san-diego\/wp-json\/wp\/v2\/types\/post"}],"replies":[{"embeddable":true,"href":"https:\/\/noticiasya.com\/san-diego\/wp-json\/wp\/v2\/comments?post=1473645"}],"version-history":[{"count":0,"href":"https:\/\/noticiasya.com\/san-diego\/wp-json\/wp\/v2\/posts\/1473645\/revisions"}],"wp:attachment":[{"href":"https:\/\/noticiasya.com\/san-diego\/wp-json\/wp\/v2\/media?parent=1473645"}],"wp:term":[{"taxonomy":"category","embeddable":true,"href":"https:\/\/noticiasya.com\/san-diego\/wp-json\/wp\/v2\/categories?post=1473645"},{"taxonomy":"post_tag","embeddable":true,"href":"https:\/\/noticiasya.com\/san-diego\/wp-json\/wp\/v2\/tags?post=1473645"}],"curies":[{"name":"wp","href":"https:\/\/api.w.org\/{rel}","templated":true}]}}