{"id":1473646,"date":"2026-04-29T15:03:45","date_gmt":"2026-04-29T22:03:45","guid":{"rendered":"https:\/\/noticiasya.com\/2026\/04\/29\/corte-suprema-tps-haitianos-sirios-trax\/"},"modified":"2026-04-29T15:03:45","modified_gmt":"2026-04-29T22:03:45","slug":"corte-suprema-tps-haitianos-sirios-trax","status":"publish","type":"post","link":"https:\/\/noticiasya.com\/san-diego\/2026\/04\/29\/corte-suprema-tps-haitianos-sirios-trax\/","title":{"rendered":"La Corte Suprema indica que se pondr\u00e1 del lado de Trump sobre los migrantes haitianos y sirios"},"content":{"rendered":"<p>La Corte Suprema indic\u00f3 el mi\u00e9rcoles que respaldar\u00e1 el impulso del presidente de EE.UU. Donald Trump para <a href=\"https:\/\/www.cnn.com\/2026\/04\/29\/politics\/live-news\/supreme-court-temporary-protected-status\">poner fin a las protecciones temporales<\/a> contra la deportaci\u00f3n para potencialmente millones de ciudadanos extranjeros que provienen de pa\u00edses que atraviesan guerras y desastres naturales.<\/p>\n<p>En una de las apelaciones inmigratorias m\u00e1s importantes que han llegado al m\u00e1ximo tribunal durante el segundo mandato de Trump, la mayor\u00eda conservadora de seis jueces dio a entender que cree que los tribunales federales quiz\u00e1 ni siquiera tengan la facultad de revisar impugnaciones legales cuando un gobierno activa y desactiva las designaciones del <a href=\"https:\/\/www.cnn.com\/2026\/04\/28\/economy\/haitian-tps-immigrants-economy-supreme-court\">Estatus de Protecci\u00f3n Temporal<\/a> (TPS, por sus siglas en ingl\u00e9s).<\/p>\n<p>Si eso es cierto, tendr\u00eda profundas implicaciones m\u00e1s all\u00e1 de los ciudadanos haitianos y sirios que impugnaron la decisi\u00f3n de Trump de poner fin al TPS para sus pa\u00edses y podr\u00eda, en la pr\u00e1ctica, impedir demandas contra otras decisiones.<\/p>\n<p>M\u00e1s de 1 mill\u00f3n de inmigrantes tienen permitido vivir y trabajar en Estados Unidos bajo el programa.<\/p>\n<p>Estas son cinco conclusiones de los alegatos orales.<\/p>\n<p>Varios de los jueces conservadores, incluido el presidente del tribunal, John Roberts, se enfocaron en la idea de que los tribunales federales no tienen facultad para revisar la legalidad de las decisiones sobre el TPS. Eso se debe a que el Congreso incluy\u00f3 una disposici\u00f3n en la ley del TPS que deja claro que las \u201cdeterminaciones\u201d de un gobierno no son revisables.<\/p>\n<p>\u201cRealmente no entiendo c\u00f3mo pueden prevalecer\u201d, dijo el juez conservador Samuel Alito, si el tribunal interpreta esa disposici\u00f3n como lo ha hecho en decisiones anteriores.<\/p>\n<p>Ahilan Arulanantham, el abogado que argument\u00f3 en nombre de los beneficiarios sirios del TPS, sostuvo que, si bien una decisi\u00f3n final no es revisable, el proceso que los funcionarios utilizaron para llegar a ella s\u00ed puede ser impugnado.<\/p>\n<p>Sin embargo, la jueza Amy Coney Barrett, otra conservadora, pareci\u00f3 dudarlo.<\/p>\n<p>\u201c\u00bfPor qu\u00e9 el Congreso permitir\u00eda la revisi\u00f3n del aspecto procedimental cuando en realidad lo que a todo el mundo le importa es el fondo?\u201d, pregunt\u00f3.<\/p>\n<p>El enfoque del tribunal en el procedimiento, aunque t\u00e9cnico, tambi\u00e9n es revelador. Como los jueces estaban tan concentrados en si el tribunal siquiera pod\u00eda revisar el caso, dedicaron mucho menos tiempo a hablar de si la administraci\u00f3n de Trump hab\u00eda violado la ley o la Constituci\u00f3n en la forma en que tom\u00f3 sus decisiones.<\/p>\n<p>Lo que se cierne sobre la revocaci\u00f3n del TPS para Hait\u00ed por parte de Trump es un historial de comentarios ofensivos que ha hecho sobre el pa\u00eds insular y su gente que ha encontrado un hogar en EE.UU.<\/p>\n<p>Esos comentarios y otros similares de la exsecretaria del Departamento de Seguridad Nacional (DHS, por sus siglas en ingl\u00e9s), Kristi Noem, la funcionaria que revoc\u00f3 formalmente el TPS para los haitianos el a\u00f1o pasado, influyeron de manera importante en la decisi\u00f3n de un juez federal de dictaminar que el cambio de pol\u00edtica estuvo motivado, al menos en parte, por animadversi\u00f3n racial. Eso es importante porque, si la decisi\u00f3n de poner fin al TPS se tom\u00f3 con base en la raza, violar\u00eda la cl\u00e1usula de igual protecci\u00f3n.<\/p>\n<p>Los jueces liberales se centraron en ese punto el mi\u00e9rcoles al cuestionar si la decisi\u00f3n del Gobierno el a\u00f1o pasado fue inconstitucionalmente discriminatoria.<\/p>\n<p>\u201cTenemos a un presidente que en un momento dice que Hait\u00ed es un \u2018asqueroso\u2019, \u2018sucio\u2019 y \u2018repugnante\u2019 \u2018pa\u00eds de mierda\u2019\u201d, dijo en un momento la jueza Sonia Sotomayor, la liberal de mayor antig\u00fcedad en el tribunal, al procurador general D. John Sauer. \u201cY donde se quej\u00f3 de que Estados Unidos recibe a personas de esos pa\u00edses en lugar de personas de Noruega, Suecia o Dinamarca\u201d.<\/p>\n<p>\u201cDeclar\u00f3 que los inmigrantes ilegales, a los que asoci\u00f3 con el TPS, estaban \u2018envenenando la sangre\u2019 de EE.UU.\u201d, dijo Sotomayor sobre Trump, y agreg\u00f3: \u201cNo veo c\u00f3mo esa sola declaraci\u00f3n\u201d no muestra que \u201cun prop\u00f3sito discriminatorio pudo haber influido en esta decisi\u00f3n\u201d.<\/p>\n<p>Sauer respondi\u00f3 que los comentarios de Trump y Noem no mencionan la raza espec\u00edficamente.<\/p>\n<p>La jueza Ketanji Brown Jackson tambi\u00e9n presion\u00f3 a Sauer para que explicara c\u00f3mo se supon\u00eda que el tribunal simplemente pasara por alto los comentarios de Trump cuando el tribunal inferior que consider\u00f3 la medida sobre el TPS no lo hizo.<\/p>\n<p>\u201cLas declaraciones sobre Hait\u00ed y comer mascotas y los nombres que se les llamaron a estos inmigrantes \u2014aunque est\u00e1n legalmente en Estados Unidos\u2014 son bastante recientes\u201d, dijo, en referencia a las afirmaciones de Trump durante las elecciones de 2024 de que migrantes haitianos en Ohio se com\u00edan los perros.<br \/>\u201c\u00bfQu\u00e9 dice sobre ese tipo de cosas?\u201d<\/p>\n<p>Sauer dijo que los comentarios fueron \u201chechos en contextos diferentes y lejanos en el tiempo\u201d y, por lo tanto, \u201cno son esclarecedores\u201d para este caso.<\/p>\n<p>Los conservadores del tribunal, sin embargo, en gran medida evitaron los comentarios del presidente.<\/p>\n<p>El juez Brett Kavanaugh, miembro del ala conservadora del tribunal designado por Trump, fue uno de los pocos jueces que tuvo preguntas sobre las decisiones reales del Gobierno.<\/p>\n<p>Pero esas preguntas indicaron que Kavanaugh, quien a menudo es un voto clave en casos de alto perfil, coincid\u00eda con la decisi\u00f3n del Gobierno.<\/p>\n<p>El Gobierno de Obama otorg\u00f3 el TPS a ciertos sirios en 2012 tras la represi\u00f3n de manifestantes por parte del entonces presidente sirio Bashar al-Assad. Esa designaci\u00f3n se extendi\u00f3 repetidamente en medio de una guerra civil que estall\u00f3 all\u00ed. Pero funcionarios de Trump han se\u00f1alado que el r\u00e9gimen de Assad cay\u00f3 en 2024, y el Departamento de Seguridad Nacional anunci\u00f3 que pondr\u00eda fin a la designaci\u00f3n de TPS el pasado noviembre.<\/p>\n<p>\u201cPero ya no es el r\u00e9gimen de Assad\u201d, le dijo Kavanaugh a un abogado que representaba a los inmigrantes sirios. \u201cDespu\u00e9s de 53 a\u00f1os de opresi\u00f3n total y trato brutal, se acab\u00f3\u201d.<\/p>\n<p>Retomando una l\u00ednea del escrito del Gobierno, Kavanaugh presion\u00f3 a Arulanantham sobre cu\u00e1ntos sirios hab\u00edan regresado al pa\u00eds por su cuenta.<\/p>\n<p>\u201cEntonces, \u00bfest\u00e1 de acuerdo en que el cambio de r\u00e9gimen de Assad es un cambio significativo en la historia de ese pa\u00eds y del Medio Oriente en general?\u201d, pregunt\u00f3.<\/p>\n<p>\u201cNo creo que sea tan simple\u201d, respondi\u00f3 Arulanantham.<\/p>\n<p>No obstante, seg\u00fan Arulanantham, no necesitaba entrar en un debate sobre si la Siria de hoy es segura o no porque, afirm\u00f3, el punto es que el Gobierno no realiz\u00f3 una revisi\u00f3n adecuada.<\/p>\n<p>Una de las preguntas centrales en los casos es si el Departamento de Seguridad Nacional consult\u00f3 suficientemente con el Departamento de Estado sobre las condiciones sobre el terreno en los dos pa\u00edses antes de avanzar con la terminaci\u00f3n de las designaciones de TPS. Esa consulta es requerida por la ley federal, pero los abogados que representan a los beneficiarios del TPS dijeron que el Gobierno de Trump le dio poca importancia a ese proceso.<\/p>\n<p>En ambos casos, un abogado del DHS envi\u00f3 un correo electr\u00f3nico a un funcionario del Departamento de Estado sobre las designaciones, pero las comunicaciones que recibieron de vuelta simplemente indicaban que Estado no tiene preocupaciones de pol\u00edtica exterior por una terminaci\u00f3n del TPS para Hait\u00ed y Siria.<\/p>\n<p>Los tribunales inferiores determinaron que esa consulta estaba muy por debajo de lo que la ley federal exige que haga el DHS. Pero Sauer les dijo a los jueces que esa consulta es altamente deferente, y que no importaba lo que otras agencias del Gobierno le dijeran al DHS como parte del proceso de terminaci\u00f3n, siempre y cuando hubiera ocurrido alguna comunicaci\u00f3n.<\/p>\n<p>Eso gener\u00f3 una serie de preguntas hipot\u00e9ticas cada vez m\u00e1s incr\u00e9dulas por parte de la jueza liberal Elena Kagan.<\/p>\n<p>\u00bfQu\u00e9 pasar\u00eda si la secretaria del DHS le pidiera al Departamento de Estado una evaluaci\u00f3n de las condiciones en Siria pero nunca recibiera una respuesta?, pregunt\u00f3. \u00bfQu\u00e9 pasar\u00eda si, en lugar de responder con informaci\u00f3n sobre las condiciones sobre el terreno, el Departamento de Estado respondiera con opiniones sobre un partido de b\u00e9isbol reciente?<\/p>\n<p>\u201cSi ella solicit\u00f3 aportes de Estado, ha consultado\u201d, respondi\u00f3 Sauer tajantemente, y agreg\u00f3 que eso entrar\u00eda en el \u201csignificado llano\u201d de la palabra \u201cconsultar\u201d.<\/p>\n<p>\u201cQuiero decir, \u00bfen serio?\u201d, replic\u00f3 Kagan. \u201cEl significado llano de la palabra \u2018consulta\u2019 parece ser, como, que uno consulta con alguien sobre un tema\u201d.<\/p>\n<p>Sauer se mantuvo firme. Incluso si el Departamento de Estado fuera completamente no receptivo, asegur\u00f3, la secretaria de Seguridad Nacional habr\u00eda hecho todo lo que exige la ley.<\/p>\n<p>\u201cSi ella solicit\u00f3 aportes de Estado\u201d, dijo, \u201cha consultado\u201d.<\/p>\n<p>La decisi\u00f3n del tribunal, que se espera antes de finales de junio, podr\u00eda afectar a m\u00e1s de 1 mill\u00f3n de inmigrantes en EE.UU., aunque el caso en s\u00ed se centra en unos 350.000 haitianos y 6.000 sirios.<\/p>\n<p>Cuando el expresidente Joe Biden dej\u00f3 el cargo, EE.UU. hab\u00eda otorgado \u2014o extendido\u2014 protecciones de TPS para personas de 17 pa\u00edses. Desde que Trump regres\u00f3 al cargo el a\u00f1o pasado, su administraci\u00f3n ha puesto fin \u2014o ha intentado poner fin\u2014 a las designaciones de TPS para los 13 pa\u00edses que han sido sometidos a revisi\u00f3n.<\/p>\n<p>El Gobierno tambi\u00e9n ha avanzado para poner fin a las designaciones de TPS para Sud\u00e1n del Sur, Siria y Etiop\u00eda, entre otros. Muchas de esas decisiones a\u00fan est\u00e1n siendo revisadas por tribunales federales y esos casos estar\u00e1n fuertemente influenciados por lo que concluya la mayor\u00eda de la Corte Suprema.<\/p>\n<p>La Corte Suprema revis\u00f3 uno de esos casos el a\u00f1o pasado en su agenda de emergencia. En ese caso, los jueces permitieron en dos ocasiones que Trump eliminara las protecciones temporales contra la deportaci\u00f3n para unos 300.000 venezolanos.<\/p>\n<p>El tribunal no explic\u00f3 su razonamiento.<\/p>\n<p>Jackson escribi\u00f3 una disidencia en una de esas decisiones, acusando al Gobierno de intentar \u201cinterrumpir tantas vidas como sea posible, tan r\u00e1pido como sea posible\u201d.<\/p>\n<p>The-CNN-Wire<br \/>&trade; &amp; &copy; 2026 Cable News Network, Inc., a Warner Bros. Discovery Company. All rights reserved.<\/p>\n","protected":false},"excerpt":{"rendered":"<p>La Corte Suprema indic\u00f3 el mi\u00e9rcoles que respaldar\u00e1 el impulso del presidente de EE.UU. Donald Trump para poner fin a las protecciones temporales contra la deportaci\u00f3n para potencialmente millones de ciudadanos extranjeros que provienen de pa\u00edses que atraviesan guerras y desastres naturales. En una de las apelaciones inmigratorias m\u00e1s importantes que han llegado al m\u00e1ximo [&hellip;]<\/p>\n","protected":false},"author":0,"featured_media":0,"comment_status":"open","ping_status":"open","sticky":false,"template":"","format":"standard","meta":{"_jetpack_memberships_contains_paid_content":false,"footnotes":""},"categories":[10],"tags":[],"class_list":["post-1473646","post","type-post","status-publish","format-standard","hentry","category-noticias-nacionales","market-global"],"yoast_head":"<!-- This site is optimized with the Yoast SEO plugin v24.4 - https:\/\/yoast.com\/wordpress\/plugins\/seo\/ -->\n<title>La Corte Suprema indica que se pondr\u00e1 del lado de Trump sobre los migrantes haitianos y sirios - Noticias<\/title>\n<meta name=\"robots\" content=\"index, follow, max-snippet:-1, max-image-preview:large, max-video-preview:-1\" \/>\n<link rel=\"canonical\" href=\"https:\/\/noticiasya.com\/2026\/04\/29\/corte-suprema-tps-haitianos-sirios-trax\/\" \/>\n<meta property=\"og:locale\" content=\"es_ES\" \/>\n<meta property=\"og:type\" content=\"article\" \/>\n<meta property=\"og:title\" content=\"La Corte Suprema indica que se pondr\u00e1 del lado de Trump sobre los migrantes haitianos y sirios - Noticias\" \/>\n<meta property=\"og:description\" content=\"La Corte Suprema indic\u00f3 el mi\u00e9rcoles que respaldar\u00e1 el impulso del presidente de EE.UU. Donald Trump para poner fin a las protecciones temporales contra la deportaci\u00f3n para potencialmente millones de ciudadanos extranjeros que provienen de pa\u00edses que atraviesan guerras y desastres naturales. En una de las apelaciones inmigratorias m\u00e1s importantes que han llegado al m\u00e1ximo [&hellip;]\" \/>\n<meta property=\"og:url\" content=\"https:\/\/noticiasya.com\/2026\/04\/29\/corte-suprema-tps-haitianos-sirios-trax\/\" \/>\n<meta property=\"og:site_name\" content=\"Noticias\" \/>\n<meta property=\"article:published_time\" content=\"2026-04-29T22:03:45+00:00\" \/>\n<meta name=\"twitter:card\" content=\"summary_large_image\" \/>\n<meta name=\"twitter:label1\" content=\"Est. reading time\" \/>\n\t<meta name=\"twitter:data1\" content=\"9 minutos\" \/>\n<script type=\"application\/ld+json\" class=\"yoast-schema-graph\">{\"@context\":\"https:\/\/schema.org\",\"@graph\":[{\"@type\":\"Article\",\"@id\":\"https:\/\/noticiasya.com\/2026\/04\/29\/corte-suprema-tps-haitianos-sirios-trax\/#article\",\"isPartOf\":{\"@id\":\"https:\/\/noticiasya.com\/2026\/04\/29\/corte-suprema-tps-haitianos-sirios-trax\/\"},\"author\":{\"name\":\"\",\"@id\":\"\"},\"headline\":\"La Corte Suprema indica que se pondr\u00e1 del lado de Trump sobre los migrantes haitianos y sirios\",\"datePublished\":\"2026-04-29T22:03:45+00:00\",\"mainEntityOfPage\":{\"@id\":\"https:\/\/noticiasya.com\/2026\/04\/29\/corte-suprema-tps-haitianos-sirios-trax\/\"},\"wordCount\":1724,\"commentCount\":0,\"publisher\":{\"@id\":\"https:\/\/noticiasya.com\/#organization\"},\"articleSection\":[\"Noticias Nacionales\"],\"inLanguage\":\"es\",\"potentialAction\":[{\"@type\":\"CommentAction\",\"name\":\"Comment\",\"target\":[\"https:\/\/noticiasya.com\/2026\/04\/29\/corte-suprema-tps-haitianos-sirios-trax\/#respond\"]}]},{\"@type\":\"WebPage\",\"@id\":\"https:\/\/noticiasya.com\/2026\/04\/29\/corte-suprema-tps-haitianos-sirios-trax\/\",\"url\":\"https:\/\/noticiasya.com\/2026\/04\/29\/corte-suprema-tps-haitianos-sirios-trax\/\",\"name\":\"La Corte Suprema indica que se pondr\u00e1 del lado de Trump sobre los migrantes haitianos y sirios - Noticias\",\"isPartOf\":{\"@id\":\"https:\/\/noticiasya.com\/#website\"},\"datePublished\":\"2026-04-29T22:03:45+00:00\",\"breadcrumb\":{\"@id\":\"https:\/\/noticiasya.com\/2026\/04\/29\/corte-suprema-tps-haitianos-sirios-trax\/#breadcrumb\"},\"inLanguage\":\"es\",\"potentialAction\":[{\"@type\":\"ReadAction\",\"target\":[\"https:\/\/noticiasya.com\/2026\/04\/29\/corte-suprema-tps-haitianos-sirios-trax\/\"]}]},{\"@type\":\"BreadcrumbList\",\"@id\":\"https:\/\/noticiasya.com\/2026\/04\/29\/corte-suprema-tps-haitianos-sirios-trax\/#breadcrumb\",\"itemListElement\":[{\"@type\":\"ListItem\",\"position\":1,\"name\":\"Home\",\"item\":\"https:\/\/noticiasya.com\/\"},{\"@type\":\"ListItem\",\"position\":2,\"name\":\"La Corte Suprema indica que se pondr\u00e1 del lado de Trump sobre los migrantes haitianos y sirios\"}]},{\"@type\":\"WebSite\",\"@id\":\"https:\/\/noticiasya.com\/#website\",\"url\":\"https:\/\/noticiasya.com\/\",\"name\":\"Noticias\",\"description\":\"Lo que importa\",\"publisher\":{\"@id\":\"https:\/\/noticiasya.com\/#organization\"},\"potentialAction\":[{\"@type\":\"SearchAction\",\"target\":{\"@type\":\"EntryPoint\",\"urlTemplate\":\"https:\/\/noticiasya.com\/?s={search_term_string}\"},\"query-input\":{\"@type\":\"PropertyValueSpecification\",\"valueRequired\":true,\"valueName\":\"search_term_string\"}}],\"inLanguage\":\"es\"},{\"@type\":\"Organization\",\"@id\":\"https:\/\/noticiasya.com\/#organization\",\"name\":\"Noticias\",\"url\":\"https:\/\/noticiasya.com\/\",\"logo\":{\"@type\":\"ImageObject\",\"inLanguage\":\"es\",\"@id\":\"https:\/\/noticiasya.com\/#\/schema\/logo\/image\/\",\"url\":\"https:\/\/noticiasya.com\/wp-content\/uploads\/sites\/22\/2023\/12\/logo-nacional.png\",\"contentUrl\":\"https:\/\/noticiasya.com\/wp-content\/uploads\/sites\/22\/2023\/12\/logo-nacional.png\",\"width\":1801,\"height\":691,\"caption\":\"Noticias\"},\"image\":{\"@id\":\"https:\/\/noticiasya.com\/#\/schema\/logo\/image\/\"}}]}<\/script>\n<!-- \/ Yoast SEO plugin. -->","yoast_head_json":{"title":"La Corte Suprema indica que se pondr\u00e1 del lado de Trump sobre los migrantes haitianos y sirios - Noticias","robots":{"index":"index","follow":"follow","max-snippet":"max-snippet:-1","max-image-preview":"max-image-preview:large","max-video-preview":"max-video-preview:-1"},"canonical":"https:\/\/noticiasya.com\/2026\/04\/29\/corte-suprema-tps-haitianos-sirios-trax\/","og_locale":"es_ES","og_type":"article","og_title":"La Corte Suprema indica que se pondr\u00e1 del lado de Trump sobre los migrantes haitianos y sirios - Noticias","og_description":"La Corte Suprema indic\u00f3 el mi\u00e9rcoles que respaldar\u00e1 el impulso del presidente de EE.UU. Donald Trump para poner fin a las protecciones temporales contra la deportaci\u00f3n para potencialmente millones de ciudadanos extranjeros que provienen de pa\u00edses que atraviesan guerras y desastres naturales. En una de las apelaciones inmigratorias m\u00e1s importantes que han llegado al m\u00e1ximo [&hellip;]","og_url":"https:\/\/noticiasya.com\/2026\/04\/29\/corte-suprema-tps-haitianos-sirios-trax\/","og_site_name":"Noticias","article_published_time":"2026-04-29T22:03:45+00:00","twitter_card":"summary_large_image","twitter_misc":{"Est. reading time":"9 minutos"},"schema":{"@context":"https:\/\/schema.org","@graph":[{"@type":"Article","@id":"https:\/\/noticiasya.com\/2026\/04\/29\/corte-suprema-tps-haitianos-sirios-trax\/#article","isPartOf":{"@id":"https:\/\/noticiasya.com\/2026\/04\/29\/corte-suprema-tps-haitianos-sirios-trax\/"},"author":{"name":"","@id":""},"headline":"La Corte Suprema indica que se pondr\u00e1 del lado de Trump sobre los migrantes haitianos y sirios","datePublished":"2026-04-29T22:03:45+00:00","mainEntityOfPage":{"@id":"https:\/\/noticiasya.com\/2026\/04\/29\/corte-suprema-tps-haitianos-sirios-trax\/"},"wordCount":1724,"commentCount":0,"publisher":{"@id":"https:\/\/noticiasya.com\/#organization"},"articleSection":["Noticias Nacionales"],"inLanguage":"es","potentialAction":[{"@type":"CommentAction","name":"Comment","target":["https:\/\/noticiasya.com\/2026\/04\/29\/corte-suprema-tps-haitianos-sirios-trax\/#respond"]}]},{"@type":"WebPage","@id":"https:\/\/noticiasya.com\/2026\/04\/29\/corte-suprema-tps-haitianos-sirios-trax\/","url":"https:\/\/noticiasya.com\/2026\/04\/29\/corte-suprema-tps-haitianos-sirios-trax\/","name":"La Corte Suprema indica que se pondr\u00e1 del lado de Trump sobre los migrantes haitianos y sirios - Noticias","isPartOf":{"@id":"https:\/\/noticiasya.com\/#website"},"datePublished":"2026-04-29T22:03:45+00:00","breadcrumb":{"@id":"https:\/\/noticiasya.com\/2026\/04\/29\/corte-suprema-tps-haitianos-sirios-trax\/#breadcrumb"},"inLanguage":"es","potentialAction":[{"@type":"ReadAction","target":["https:\/\/noticiasya.com\/2026\/04\/29\/corte-suprema-tps-haitianos-sirios-trax\/"]}]},{"@type":"BreadcrumbList","@id":"https:\/\/noticiasya.com\/2026\/04\/29\/corte-suprema-tps-haitianos-sirios-trax\/#breadcrumb","itemListElement":[{"@type":"ListItem","position":1,"name":"Home","item":"https:\/\/noticiasya.com\/"},{"@type":"ListItem","position":2,"name":"La Corte Suprema indica que se pondr\u00e1 del lado de Trump sobre los migrantes haitianos y sirios"}]},{"@type":"WebSite","@id":"https:\/\/noticiasya.com\/#website","url":"https:\/\/noticiasya.com\/","name":"Noticias","description":"Lo que importa","publisher":{"@id":"https:\/\/noticiasya.com\/#organization"},"potentialAction":[{"@type":"SearchAction","target":{"@type":"EntryPoint","urlTemplate":"https:\/\/noticiasya.com\/?s={search_term_string}"},"query-input":{"@type":"PropertyValueSpecification","valueRequired":true,"valueName":"search_term_string"}}],"inLanguage":"es"},{"@type":"Organization","@id":"https:\/\/noticiasya.com\/#organization","name":"Noticias","url":"https:\/\/noticiasya.com\/","logo":{"@type":"ImageObject","inLanguage":"es","@id":"https:\/\/noticiasya.com\/#\/schema\/logo\/image\/","url":"https:\/\/noticiasya.com\/wp-content\/uploads\/sites\/22\/2023\/12\/logo-nacional.png","contentUrl":"https:\/\/noticiasya.com\/wp-content\/uploads\/sites\/22\/2023\/12\/logo-nacional.png","width":1801,"height":691,"caption":"Noticias"},"image":{"@id":"https:\/\/noticiasya.com\/#\/schema\/logo\/image\/"}}]}},"parsely":{"version":"1.1.0","canonical_url":"https:\/\/noticiasya.com\/san-diego\/2026\/04\/29\/corte-suprema-tps-haitianos-sirios-trax\/","smart_links":{"inbound":0,"outbound":0},"traffic_boost_suggestions_count":0,"meta":{"@context":"https:\/\/schema.org","@type":"NewsArticle","headline":"La Corte Suprema indica que se pondr\u00e1 del lado de Trump sobre los migrantes haitianos y sirios","url":"http:\/\/noticiasya.com\/san-diego\/2026\/04\/29\/corte-suprema-tps-haitianos-sirios-trax\/","mainEntityOfPage":{"@type":"WebPage","@id":"http:\/\/noticiasya.com\/san-diego\/2026\/04\/29\/corte-suprema-tps-haitianos-sirios-trax\/"},"thumbnailUrl":"","image":{"@type":"ImageObject","url":""},"articleSection":"Noticias Nacionales","author":[],"creator":[],"publisher":{"@type":"Organization","name":"Noticias","logo":""},"keywords":[],"dateCreated":"2026-04-29T22:03:45Z","datePublished":"2026-04-29T22:03:45Z","dateModified":"2026-04-29T22:03:45Z"},"rendered":"<script type=\"application\/ld+json\" class=\"wp-parsely-metadata\">{\"@context\":\"https:\\\/\\\/schema.org\",\"@type\":\"NewsArticle\",\"headline\":\"La Corte Suprema indica que se pondr\\u00e1 del lado de Trump sobre los migrantes haitianos y sirios\",\"url\":\"http:\\\/\\\/noticiasya.com\\\/san-diego\\\/2026\\\/04\\\/29\\\/corte-suprema-tps-haitianos-sirios-trax\\\/\",\"mainEntityOfPage\":{\"@type\":\"WebPage\",\"@id\":\"http:\\\/\\\/noticiasya.com\\\/san-diego\\\/2026\\\/04\\\/29\\\/corte-suprema-tps-haitianos-sirios-trax\\\/\"},\"thumbnailUrl\":\"\",\"image\":{\"@type\":\"ImageObject\",\"url\":\"\"},\"articleSection\":\"Noticias Nacionales\",\"author\":[],\"creator\":[],\"publisher\":{\"@type\":\"Organization\",\"name\":\"Noticias\",\"logo\":\"\"},\"keywords\":[],\"dateCreated\":\"2026-04-29T22:03:45Z\",\"datePublished\":\"2026-04-29T22:03:45Z\",\"dateModified\":\"2026-04-29T22:03:45Z\"}<\/script>","tracker_url":"https:\/\/cdn.parsely.com\/keys\/noticiasya.com\/p.js"},"jetpack_featured_media_url":"","jetpack-related-posts":[{"id":1472252,"url":"https:\/\/noticiasya.com\/san-diego\/2026\/03\/16\/corte-suprema-revisara-tps-migrantes-haiti-siria-trax\/","url_meta":{"origin":1473646,"position":0},"title":"La Corte Suprema revisar\u00e1 el intento de Trump de acabar el TPS para inmigrantes de Hait\u00ed y Siria","author":"","date":"marzo 16, 2026","format":false,"excerpt":"La Corte Suprema anunci\u00f3 este lunes que decidir\u00e1 si el presidente Donald Trump puede terminar las protecciones temporales contra la deportaci\u00f3n para cientos de miles de ciudadanos extranjeros, y acept\u00f3 escuchar argumentos el pr\u00f3ximo mes sobre un asunto que ha sido central en la agenda migratoria del Gobierno.La decisi\u00f3n se\u2026","rel":"","context":"In &quot;Noticias Nacionales&quot;","block_context":{"text":"Noticias Nacionales","link":"https:\/\/noticiasya.com\/san-diego\/categoria\/noticias-nacionales"},"img":{"alt_text":"","src":"","width":0,"height":0},"classes":[]},{"id":1461857,"url":"https:\/\/noticiasya.com\/san-diego\/2025\/05\/01\/trump-pide-corte-suprema-terminar-tps-venezolanos-eeuu-trax\/","url_meta":{"origin":1473646,"position":1},"title":"Trump pide a la Corte Suprema que termine con las protecciones de deportaci\u00f3n TPS para venezolanos en EE.UU.","author":"","date":"mayo 1, 2025","format":false,"excerpt":"El Gobierno del presidente Donald Trump inst\u00f3 a la Corte Suprema el jueves a deshacer las protecciones de deportaci\u00f3n para cientos de miles de venezolanos que han sido mantenidas temporalmente por un tribunal federal inferior.En cuesti\u00f3n est\u00e1 una decisi\u00f3n de principios de este a\u00f1o de la secretaria de Seguridad Nacional,\u2026","rel":"","context":"In &quot;Noticias Nacionales&quot;","block_context":{"text":"Noticias Nacionales","link":"https:\/\/noticiasya.com\/san-diego\/categoria\/noticias-nacionales"},"img":{"alt_text":"","src":"","width":0,"height":0},"classes":[]},{"id":1462334,"url":"https:\/\/noticiasya.com\/san-diego\/2025\/05\/14\/ciudadania-por-nacimiento-corte-suprema-orix\/","url_meta":{"origin":1473646,"position":2},"title":"El derecho a la ciudadan\u00eda por nacimiento llega a la Corte Suprema. \u00bfQu\u00e9 est\u00e1 en juego?","author":"","date":"mayo 14, 2025","format":false,"excerpt":"La Corte Suprema escuchar\u00e1 este jueves argumentos en tres casos que impugnan una orden ejecutiva del presidente Donald Trump que pretende limitar qui\u00e9n tiene derecho a la \u201cciudadan\u00eda por nacimiento\u201d.La voluntad de Trump de poner fin a esa pr\u00e1ctica de casi 160 a\u00f1os y que est\u00e1 garantizada por la 14\u00aa\u2026","rel":"","context":"In &quot;Noticias Nacionales&quot;","block_context":{"text":"Noticias Nacionales","link":"https:\/\/noticiasya.com\/san-diego\/categoria\/noticias-nacionales"},"img":{"alt_text":"","src":"","width":0,"height":0},"classes":[]},{"id":1463999,"url":"https:\/\/noticiasya.com\/san-diego\/2025\/06\/27\/que-es-ciudadania-por-nacimiento-corte-suprema-eeuu-orix\/","url_meta":{"origin":1473646,"position":3},"title":"\u00bfQu\u00e9 es el derecho a la ciudadan\u00eda por nacimiento en EE.UU. y qu\u00e9 est\u00e1 en juego en la Corte Suprema?","author":"","date":"junio 27, 2025","format":false,"excerpt":"Se espera que la Corte Suprema de EE.UU. emita su opini\u00f3n sobre la ciudadan\u00eda por nacimiento este viernes. La voluntad de Trump de poner fin a esa pr\u00e1ctica de casi 160 a\u00f1os y que est\u00e1 garantizada por la 14\u00aa Enmienda de la Constituci\u00f3n de ese pa\u00eds se encuentra en el\u2026","rel":"","context":"In &quot;Noticias Nacionales&quot;","block_context":{"text":"Noticias Nacionales","link":"https:\/\/noticiasya.com\/san-diego\/categoria\/noticias-nacionales"},"img":{"alt_text":"","src":"","width":0,"height":0},"classes":[]},{"id":1464195,"url":"https:\/\/noticiasya.com\/san-diego\/2025\/07\/03\/corte-suprema-trump-deportar-inmigrantes-djibouti-sudan-del-sur-trax\/","url_meta":{"origin":1473646,"position":4},"title":"La Corte Suprema permite a Trump deportar a inmigrantes detenidos en Djibouti a Sud\u00e1n del Sur","author":"","date":"julio 3, 2025","format":false,"excerpt":"La Corte Suprema dictamin\u00f3 este jueves que la administraci\u00f3n Trump puede deportar a Sud\u00e1n del Sur a un grupo de inmigrantes que ha estado detenido durante semanas en una base militar en Djibouti.La orden no firmada del m\u00e1ximo tribunal se emiti\u00f3 d\u00edas despu\u00e9s de que la mayor\u00eda de los jueces\u2026","rel":"","context":"In &quot;Noticias Nacionales&quot;","block_context":{"text":"Noticias Nacionales","link":"https:\/\/noticiasya.com\/san-diego\/categoria\/noticias-nacionales"},"img":{"alt_text":"","src":"","width":0,"height":0},"classes":[]},{"id":1466625,"url":"https:\/\/noticiasya.com\/san-diego\/2025\/09\/19\/trump-corte-suprema-deportar-venezolanos-trax\/","url_meta":{"origin":1473646,"position":5},"title":"Trump pide a la Corte Suprema que le permita deportar a 300.000 venezolanos","author":"","date":"septiembre 19, 2025","format":false,"excerpt":"Este viernes, el Gobierno de Trump inst\u00f3 a la Corte Suprema a retirar las protecciones contra la deportaci\u00f3n que se hab\u00edan concedido a unos 300.000 venezolanos que viven en Estados Unidos, y acus\u00f3 a un tribunal inferior de cometer una \u201cafrenta innecesaria\u201d al fallar en sentido contrario.El caso se refiere\u2026","rel":"","context":"In &quot;Noticias Nacionales&quot;","block_context":{"text":"Noticias Nacionales","link":"https:\/\/noticiasya.com\/san-diego\/categoria\/noticias-nacionales"},"img":{"alt_text":"","src":"","width":0,"height":0},"classes":[]}],"jetpack_sharing_enabled":true,"_links":{"self":[{"href":"https:\/\/noticiasya.com\/san-diego\/wp-json\/wp\/v2\/posts\/1473646","targetHints":{"allow":["GET"]}}],"collection":[{"href":"https:\/\/noticiasya.com\/san-diego\/wp-json\/wp\/v2\/posts"}],"about":[{"href":"https:\/\/noticiasya.com\/san-diego\/wp-json\/wp\/v2\/types\/post"}],"replies":[{"embeddable":true,"href":"https:\/\/noticiasya.com\/san-diego\/wp-json\/wp\/v2\/comments?post=1473646"}],"version-history":[{"count":0,"href":"https:\/\/noticiasya.com\/san-diego\/wp-json\/wp\/v2\/posts\/1473646\/revisions"}],"wp:attachment":[{"href":"https:\/\/noticiasya.com\/san-diego\/wp-json\/wp\/v2\/media?parent=1473646"}],"wp:term":[{"taxonomy":"category","embeddable":true,"href":"https:\/\/noticiasya.com\/san-diego\/wp-json\/wp\/v2\/categories?post=1473646"},{"taxonomy":"post_tag","embeddable":true,"href":"https:\/\/noticiasya.com\/san-diego\/wp-json\/wp\/v2\/tags?post=1473646"}],"curies":[{"name":"wp","href":"https:\/\/api.w.org\/{rel}","templated":true}]}}