{"id":1473647,"date":"2026-04-29T15:03:45","date_gmt":"2026-04-29T22:03:45","guid":{"rendered":"https:\/\/noticiasya.com\/2026\/04\/29\/bondi-testificara-investigacion-camara-jeffrey-epstein-trax\/"},"modified":"2026-04-29T15:03:45","modified_gmt":"2026-04-29T22:03:45","slug":"bondi-testificara-investigacion-camara-jeffrey-epstein-trax","status":"publish","type":"post","link":"https:\/\/noticiasya.com\/san-diego\/2026\/04\/29\/bondi-testificara-investigacion-camara-jeffrey-epstein-trax\/","title":{"rendered":"Bondi testificar\u00e1 en la investigaci\u00f3n de la Comisi\u00f3n de Supervisi\u00f3n de la C\u00e1mara de Representantes sobre Jeffrey Epstein"},"content":{"rendered":"<p>La exsecretaria de Justicia <a href=\"https:\/\/cnnespanol.cnn.com\/2026\/04\/02\/eeuu\/quien-es-pam-bondi-orix\">Pam Bondi<\/a> tiene previsto testificar el pr\u00f3ximo mes en la investigaci\u00f3n de la Comisi\u00f3n de Supervisi\u00f3n de la C\u00e1mara de Representantes sobre Jeffrey Epstein.<\/p>\n<p>La comparecencia de Bondi \u2014ahora fijada para el 29 de mayo, seg\u00fan una portavoz de la comisi\u00f3n\u2014 se produce mientras el panel ha presionado en los \u00faltimos meses para escuchar a la ex alta funcionaria del Gobierno de Trump sobre c\u00f3mo el Departamento de Justicia manej\u00f3 los archivos del caso Epstein bajo su liderazgo.<\/p>\n<p>Un grupo bipartidista de legisladores cit\u00f3 inicialmente a la entonces secretaria de Justicia en medio de la indignaci\u00f3n por el hecho de que el departamento no hubiera publicado todos los archivos, tal como exige la ley. Pero una vez que Bondi fue destituida, el departamento argument\u00f3 que ya no pod\u00eda comparecer en su capacidad oficial y que no se presentar\u00eda a la deposici\u00f3n previamente programada, aunque la citaci\u00f3n la nombraba directamente.<\/p>\n<p>Si bien la comisi\u00f3n hab\u00eda impulsado inicialmente que Bondi compareciera para una deposici\u00f3n, el pr\u00f3ximo mes se someter\u00e1 en su lugar a una entrevista transcrita. En consecuencia, Bondi ya no tendr\u00e1 que prestar juramento. No obstante, al inicio de la entrevista se le recordar\u00e1 que hacer declaraciones falsas al Congreso est\u00e1 sujeto a enjuiciamiento penal.<\/p>\n<p>Varios republicanos hab\u00edan vacilado antes de la salida de Bondi sobre <a href=\"https:\/\/cnnespanol.cnn.com\/2026\/04\/08\/eeuu\/departamento-justicia-bondi-comparencia-caso-epstein-trax\">si necesitaba testificar bajo juramento<\/a>, despu\u00e9s de que se reuniera voluntariamente con el panel para responder preguntas. Esa<a href=\"https:\/\/cnnespanol.cnn.com\/2026\/02\/11\/eeuu\/conclusiones-testimonio-combativo-pam-bondi-trax\"> reuni\u00f3n en el Capitolio<\/a> \u2014a la que tambi\u00e9n asisti\u00f3 el entonces vicesecretario de Justicia Todd Blanche, quien ahora se desempe\u00f1a como secretario de Justicia interino\u2014 se torn\u00f3 tensa, y los dem\u00f3cratas finalmente abandonaron la sala.<\/p>\n<p>La fecha de la nueva comparecencia de Bondi se dio a conocer cuando los dem\u00f3cratas de la Comisi\u00f3n de Supervisi\u00f3n anunciaron que hab\u00edan presentado cargos de desacato civil contra Bondi por no comparecer.<\/p>\n<p>El principal dem\u00f3crata del panel, el representante Robert Garcia, dijo que no hab\u00eda tenido noticias del abogado personal de Bondi, de los republicanos de la comisi\u00f3n ni del Gobierno de Trump antes del anuncio de la deposici\u00f3n.<\/p>\n<p>\u201cAs\u00ed que, en lo que a nosotros respecta, ya llevamos semanas con cero comunicaci\u00f3n de alguien que estaba legalmente obligada a comparecer\u201d, dijo Garcia antes del anuncio.<\/p>\n<p>Al enterarse de la nueva fecha, Garcia elogi\u00f3 el avance como \u201cuna gran noticia\u201d, y dijo: \u201cClaramente estamos siendo eficaces\u201d.<\/p>\n<p>\u201cEs interesante c\u00f3mo solo cuando actuamos, y cuando realmente tenemos que obligar a los republicanos a hacer algo, a emitir citaciones, a presentarse ante nuestra comisi\u00f3n, es cuando de verdad hacen algo\u201d, dijo.<\/p>\n<p>No obstante, el presidente de la Comisi\u00f3n de Supervisi\u00f3n de la C\u00e1mara de Representantes, James Comer, republicano de Kentucky, respondi\u00f3 r\u00e1pidamente y dijo que el anuncio se hizo \u201ctan pronto como pudimos confirmar el d\u00eda\u201d.<\/p>\n<p>\u201cDije que conseguir\u00edamos una fecha. Tienen un historial de exagerar cuando est\u00e1n en minor\u00eda en la Comisi\u00f3n de Supervisi\u00f3n\u201d, a\u00f1adi\u00f3 Comer.<\/p>\n<p>Los republicanos del panel <a href=\"https:\/\/x.com\/GOPoversight\/status\/2049483068818301252?s=20\">criticaron<\/a> por separado el impulso de sus colegas por el desacato civil como \u201cpuro teatro y completamente innecesario\u201d.<\/p>\n<p>\u201cEstaban felices d\u00e1ndoles trato preferencial a los Clinton durante meses\u201d, publicaron los republicanos del panel en X, en referencia a los seis meses que tom\u00f3 asegurar <a href=\"https:\/\/cnnespanol.cnn.com\/2026\/02\/25\/eeuu\/bill-hillary-clinton-declaraciones-jeffrey-epstein-preparacion-trax\">las comparecencias <\/a>del expresidente Bill Clinton y la exsecretaria de Estado Hillary Clinton.<\/p>\n<p>The-CNN-Wire<br \/>&trade; &amp; &copy; 2026 Cable News Network, Inc., a Warner Bros. Discovery Company. All rights reserved.<\/p>\n","protected":false},"excerpt":{"rendered":"<p>La exsecretaria de Justicia Pam Bondi tiene previsto testificar el pr\u00f3ximo mes en la investigaci\u00f3n de la Comisi\u00f3n de Supervisi\u00f3n de la C\u00e1mara de Representantes sobre Jeffrey Epstein. La comparecencia de Bondi \u2014ahora fijada para el 29 de mayo, seg\u00fan una portavoz de la comisi\u00f3n\u2014 se produce mientras el panel ha presionado en los \u00faltimos [&hellip;]<\/p>\n","protected":false},"author":0,"featured_media":0,"comment_status":"open","ping_status":"open","sticky":false,"template":"","format":"standard","meta":{"_jetpack_memberships_contains_paid_content":false,"footnotes":""},"categories":[10],"tags":[],"class_list":["post-1473647","post","type-post","status-publish","format-standard","hentry","category-noticias-nacionales","market-global"],"yoast_head":"<!-- This site is optimized with the Yoast SEO plugin v24.4 - https:\/\/yoast.com\/wordpress\/plugins\/seo\/ -->\n<title>Bondi testificar\u00e1 en la investigaci\u00f3n de la Comisi\u00f3n de Supervisi\u00f3n de la C\u00e1mara de Representantes sobre Jeffrey Epstein - Noticias<\/title>\n<meta name=\"robots\" content=\"index, follow, max-snippet:-1, max-image-preview:large, max-video-preview:-1\" \/>\n<link rel=\"canonical\" href=\"https:\/\/noticiasya.com\/2026\/04\/29\/bondi-testificara-investigacion-camara-jeffrey-epstein-trax\/\" \/>\n<meta property=\"og:locale\" content=\"es_ES\" \/>\n<meta property=\"og:type\" content=\"article\" \/>\n<meta property=\"og:title\" content=\"Bondi testificar\u00e1 en la investigaci\u00f3n de la Comisi\u00f3n de Supervisi\u00f3n de la C\u00e1mara de Representantes sobre Jeffrey Epstein - Noticias\" \/>\n<meta property=\"og:description\" content=\"La exsecretaria de Justicia Pam Bondi tiene previsto testificar el pr\u00f3ximo mes en la investigaci\u00f3n de la Comisi\u00f3n de Supervisi\u00f3n de la C\u00e1mara de Representantes sobre Jeffrey Epstein. La comparecencia de Bondi \u2014ahora fijada para el 29 de mayo, seg\u00fan una portavoz de la comisi\u00f3n\u2014 se produce mientras el panel ha presionado en los \u00faltimos [&hellip;]\" \/>\n<meta property=\"og:url\" content=\"https:\/\/noticiasya.com\/2026\/04\/29\/bondi-testificara-investigacion-camara-jeffrey-epstein-trax\/\" \/>\n<meta property=\"og:site_name\" content=\"Noticias\" \/>\n<meta property=\"article:published_time\" content=\"2026-04-29T22:03:45+00:00\" \/>\n<meta name=\"twitter:card\" content=\"summary_large_image\" \/>\n<meta name=\"twitter:label1\" content=\"Est. reading time\" \/>\n\t<meta name=\"twitter:data1\" content=\"3 minutos\" \/>\n<script type=\"application\/ld+json\" class=\"yoast-schema-graph\">{\"@context\":\"https:\/\/schema.org\",\"@graph\":[{\"@type\":\"Article\",\"@id\":\"https:\/\/noticiasya.com\/2026\/04\/29\/bondi-testificara-investigacion-camara-jeffrey-epstein-trax\/#article\",\"isPartOf\":{\"@id\":\"https:\/\/noticiasya.com\/2026\/04\/29\/bondi-testificara-investigacion-camara-jeffrey-epstein-trax\/\"},\"author\":{\"name\":\"\",\"@id\":\"\"},\"headline\":\"Bondi testificar\u00e1 en la investigaci\u00f3n de la Comisi\u00f3n de Supervisi\u00f3n de la C\u00e1mara de Representantes sobre Jeffrey Epstein\",\"datePublished\":\"2026-04-29T22:03:45+00:00\",\"mainEntityOfPage\":{\"@id\":\"https:\/\/noticiasya.com\/2026\/04\/29\/bondi-testificara-investigacion-camara-jeffrey-epstein-trax\/\"},\"wordCount\":622,\"commentCount\":0,\"publisher\":{\"@id\":\"https:\/\/noticiasya.com\/#organization\"},\"articleSection\":[\"Noticias Nacionales\"],\"inLanguage\":\"es\",\"potentialAction\":[{\"@type\":\"CommentAction\",\"name\":\"Comment\",\"target\":[\"https:\/\/noticiasya.com\/2026\/04\/29\/bondi-testificara-investigacion-camara-jeffrey-epstein-trax\/#respond\"]}]},{\"@type\":\"WebPage\",\"@id\":\"https:\/\/noticiasya.com\/2026\/04\/29\/bondi-testificara-investigacion-camara-jeffrey-epstein-trax\/\",\"url\":\"https:\/\/noticiasya.com\/2026\/04\/29\/bondi-testificara-investigacion-camara-jeffrey-epstein-trax\/\",\"name\":\"Bondi testificar\u00e1 en la investigaci\u00f3n de la Comisi\u00f3n de Supervisi\u00f3n de la C\u00e1mara de Representantes sobre Jeffrey Epstein - Noticias\",\"isPartOf\":{\"@id\":\"https:\/\/noticiasya.com\/#website\"},\"datePublished\":\"2026-04-29T22:03:45+00:00\",\"breadcrumb\":{\"@id\":\"https:\/\/noticiasya.com\/2026\/04\/29\/bondi-testificara-investigacion-camara-jeffrey-epstein-trax\/#breadcrumb\"},\"inLanguage\":\"es\",\"potentialAction\":[{\"@type\":\"ReadAction\",\"target\":[\"https:\/\/noticiasya.com\/2026\/04\/29\/bondi-testificara-investigacion-camara-jeffrey-epstein-trax\/\"]}]},{\"@type\":\"BreadcrumbList\",\"@id\":\"https:\/\/noticiasya.com\/2026\/04\/29\/bondi-testificara-investigacion-camara-jeffrey-epstein-trax\/#breadcrumb\",\"itemListElement\":[{\"@type\":\"ListItem\",\"position\":1,\"name\":\"Home\",\"item\":\"https:\/\/noticiasya.com\/\"},{\"@type\":\"ListItem\",\"position\":2,\"name\":\"Bondi testificar\u00e1 en la investigaci\u00f3n de la Comisi\u00f3n de Supervisi\u00f3n de la C\u00e1mara de Representantes sobre Jeffrey Epstein\"}]},{\"@type\":\"WebSite\",\"@id\":\"https:\/\/noticiasya.com\/#website\",\"url\":\"https:\/\/noticiasya.com\/\",\"name\":\"Noticias\",\"description\":\"Lo que importa\",\"publisher\":{\"@id\":\"https:\/\/noticiasya.com\/#organization\"},\"potentialAction\":[{\"@type\":\"SearchAction\",\"target\":{\"@type\":\"EntryPoint\",\"urlTemplate\":\"https:\/\/noticiasya.com\/?s={search_term_string}\"},\"query-input\":{\"@type\":\"PropertyValueSpecification\",\"valueRequired\":true,\"valueName\":\"search_term_string\"}}],\"inLanguage\":\"es\"},{\"@type\":\"Organization\",\"@id\":\"https:\/\/noticiasya.com\/#organization\",\"name\":\"Noticias\",\"url\":\"https:\/\/noticiasya.com\/\",\"logo\":{\"@type\":\"ImageObject\",\"inLanguage\":\"es\",\"@id\":\"https:\/\/noticiasya.com\/#\/schema\/logo\/image\/\",\"url\":\"https:\/\/noticiasya.com\/wp-content\/uploads\/sites\/22\/2023\/12\/logo-nacional.png\",\"contentUrl\":\"https:\/\/noticiasya.com\/wp-content\/uploads\/sites\/22\/2023\/12\/logo-nacional.png\",\"width\":1801,\"height\":691,\"caption\":\"Noticias\"},\"image\":{\"@id\":\"https:\/\/noticiasya.com\/#\/schema\/logo\/image\/\"}}]}<\/script>\n<!-- \/ Yoast SEO plugin. -->","yoast_head_json":{"title":"Bondi testificar\u00e1 en la investigaci\u00f3n de la Comisi\u00f3n de Supervisi\u00f3n de la C\u00e1mara de Representantes sobre Jeffrey Epstein - Noticias","robots":{"index":"index","follow":"follow","max-snippet":"max-snippet:-1","max-image-preview":"max-image-preview:large","max-video-preview":"max-video-preview:-1"},"canonical":"https:\/\/noticiasya.com\/2026\/04\/29\/bondi-testificara-investigacion-camara-jeffrey-epstein-trax\/","og_locale":"es_ES","og_type":"article","og_title":"Bondi testificar\u00e1 en la investigaci\u00f3n de la Comisi\u00f3n de Supervisi\u00f3n de la C\u00e1mara de Representantes sobre Jeffrey Epstein - Noticias","og_description":"La exsecretaria de Justicia Pam Bondi tiene previsto testificar el pr\u00f3ximo mes en la investigaci\u00f3n de la Comisi\u00f3n de Supervisi\u00f3n de la C\u00e1mara de Representantes sobre Jeffrey Epstein. La comparecencia de Bondi \u2014ahora fijada para el 29 de mayo, seg\u00fan una portavoz de la comisi\u00f3n\u2014 se produce mientras el panel ha presionado en los \u00faltimos [&hellip;]","og_url":"https:\/\/noticiasya.com\/2026\/04\/29\/bondi-testificara-investigacion-camara-jeffrey-epstein-trax\/","og_site_name":"Noticias","article_published_time":"2026-04-29T22:03:45+00:00","twitter_card":"summary_large_image","twitter_misc":{"Est. reading time":"3 minutos"},"schema":{"@context":"https:\/\/schema.org","@graph":[{"@type":"Article","@id":"https:\/\/noticiasya.com\/2026\/04\/29\/bondi-testificara-investigacion-camara-jeffrey-epstein-trax\/#article","isPartOf":{"@id":"https:\/\/noticiasya.com\/2026\/04\/29\/bondi-testificara-investigacion-camara-jeffrey-epstein-trax\/"},"author":{"name":"","@id":""},"headline":"Bondi testificar\u00e1 en la investigaci\u00f3n de la Comisi\u00f3n de Supervisi\u00f3n de la C\u00e1mara de Representantes sobre Jeffrey Epstein","datePublished":"2026-04-29T22:03:45+00:00","mainEntityOfPage":{"@id":"https:\/\/noticiasya.com\/2026\/04\/29\/bondi-testificara-investigacion-camara-jeffrey-epstein-trax\/"},"wordCount":622,"commentCount":0,"publisher":{"@id":"https:\/\/noticiasya.com\/#organization"},"articleSection":["Noticias Nacionales"],"inLanguage":"es","potentialAction":[{"@type":"CommentAction","name":"Comment","target":["https:\/\/noticiasya.com\/2026\/04\/29\/bondi-testificara-investigacion-camara-jeffrey-epstein-trax\/#respond"]}]},{"@type":"WebPage","@id":"https:\/\/noticiasya.com\/2026\/04\/29\/bondi-testificara-investigacion-camara-jeffrey-epstein-trax\/","url":"https:\/\/noticiasya.com\/2026\/04\/29\/bondi-testificara-investigacion-camara-jeffrey-epstein-trax\/","name":"Bondi testificar\u00e1 en la investigaci\u00f3n de la Comisi\u00f3n de Supervisi\u00f3n de la C\u00e1mara de Representantes sobre Jeffrey Epstein - Noticias","isPartOf":{"@id":"https:\/\/noticiasya.com\/#website"},"datePublished":"2026-04-29T22:03:45+00:00","breadcrumb":{"@id":"https:\/\/noticiasya.com\/2026\/04\/29\/bondi-testificara-investigacion-camara-jeffrey-epstein-trax\/#breadcrumb"},"inLanguage":"es","potentialAction":[{"@type":"ReadAction","target":["https:\/\/noticiasya.com\/2026\/04\/29\/bondi-testificara-investigacion-camara-jeffrey-epstein-trax\/"]}]},{"@type":"BreadcrumbList","@id":"https:\/\/noticiasya.com\/2026\/04\/29\/bondi-testificara-investigacion-camara-jeffrey-epstein-trax\/#breadcrumb","itemListElement":[{"@type":"ListItem","position":1,"name":"Home","item":"https:\/\/noticiasya.com\/"},{"@type":"ListItem","position":2,"name":"Bondi testificar\u00e1 en la investigaci\u00f3n de la Comisi\u00f3n de Supervisi\u00f3n de la C\u00e1mara de Representantes sobre Jeffrey Epstein"}]},{"@type":"WebSite","@id":"https:\/\/noticiasya.com\/#website","url":"https:\/\/noticiasya.com\/","name":"Noticias","description":"Lo que importa","publisher":{"@id":"https:\/\/noticiasya.com\/#organization"},"potentialAction":[{"@type":"SearchAction","target":{"@type":"EntryPoint","urlTemplate":"https:\/\/noticiasya.com\/?s={search_term_string}"},"query-input":{"@type":"PropertyValueSpecification","valueRequired":true,"valueName":"search_term_string"}}],"inLanguage":"es"},{"@type":"Organization","@id":"https:\/\/noticiasya.com\/#organization","name":"Noticias","url":"https:\/\/noticiasya.com\/","logo":{"@type":"ImageObject","inLanguage":"es","@id":"https:\/\/noticiasya.com\/#\/schema\/logo\/image\/","url":"https:\/\/noticiasya.com\/wp-content\/uploads\/sites\/22\/2023\/12\/logo-nacional.png","contentUrl":"https:\/\/noticiasya.com\/wp-content\/uploads\/sites\/22\/2023\/12\/logo-nacional.png","width":1801,"height":691,"caption":"Noticias"},"image":{"@id":"https:\/\/noticiasya.com\/#\/schema\/logo\/image\/"}}]}},"parsely":{"version":"1.1.0","canonical_url":"https:\/\/noticiasya.com\/san-diego\/2026\/04\/29\/bondi-testificara-investigacion-camara-jeffrey-epstein-trax\/","smart_links":{"inbound":0,"outbound":0},"traffic_boost_suggestions_count":0,"meta":{"@context":"https:\/\/schema.org","@type":"NewsArticle","headline":"Bondi testificar\u00e1 en la investigaci\u00f3n de la Comisi\u00f3n de Supervisi\u00f3n de la C\u00e1mara de Representantes sobre Jeffrey Epstein","url":"http:\/\/noticiasya.com\/san-diego\/2026\/04\/29\/bondi-testificara-investigacion-camara-jeffrey-epstein-trax\/","mainEntityOfPage":{"@type":"WebPage","@id":"http:\/\/noticiasya.com\/san-diego\/2026\/04\/29\/bondi-testificara-investigacion-camara-jeffrey-epstein-trax\/"},"thumbnailUrl":"","image":{"@type":"ImageObject","url":""},"articleSection":"Noticias Nacionales","author":[],"creator":[],"publisher":{"@type":"Organization","name":"Noticias","logo":""},"keywords":[],"dateCreated":"2026-04-29T22:03:45Z","datePublished":"2026-04-29T22:03:45Z","dateModified":"2026-04-29T22:03:45Z"},"rendered":"<script type=\"application\/ld+json\" class=\"wp-parsely-metadata\">{\"@context\":\"https:\\\/\\\/schema.org\",\"@type\":\"NewsArticle\",\"headline\":\"Bondi testificar\\u00e1 en la investigaci\\u00f3n de la Comisi\\u00f3n de Supervisi\\u00f3n de la C\\u00e1mara de Representantes sobre Jeffrey Epstein\",\"url\":\"http:\\\/\\\/noticiasya.com\\\/san-diego\\\/2026\\\/04\\\/29\\\/bondi-testificara-investigacion-camara-jeffrey-epstein-trax\\\/\",\"mainEntityOfPage\":{\"@type\":\"WebPage\",\"@id\":\"http:\\\/\\\/noticiasya.com\\\/san-diego\\\/2026\\\/04\\\/29\\\/bondi-testificara-investigacion-camara-jeffrey-epstein-trax\\\/\"},\"thumbnailUrl\":\"\",\"image\":{\"@type\":\"ImageObject\",\"url\":\"\"},\"articleSection\":\"Noticias Nacionales\",\"author\":[],\"creator\":[],\"publisher\":{\"@type\":\"Organization\",\"name\":\"Noticias\",\"logo\":\"\"},\"keywords\":[],\"dateCreated\":\"2026-04-29T22:03:45Z\",\"datePublished\":\"2026-04-29T22:03:45Z\",\"dateModified\":\"2026-04-29T22:03:45Z\"}<\/script>","tracker_url":"https:\/\/cdn.parsely.com\/keys\/noticiasya.com\/p.js"},"jetpack_featured_media_url":"","jetpack-related-posts":[{"id":1471885,"url":"https:\/\/noticiasya.com\/san-diego\/2026\/03\/04\/congreso-cita-pam-bondi-investigacion-epstein-trax\/","url_meta":{"origin":1473647,"position":0},"title":"El Congreso cita a la secretaria de Justicia Pam Bondi por la investigaci\u00f3n sobre Epstein","author":"","date":"marzo 4, 2026","format":false,"excerpt":"La Comisi\u00f3n de Supervisi\u00f3n de la C\u00e1mara de Representantes, liderada por los republicanos, vot\u00f3 para citar a la secretaria de Justicia de Estados Unidos, Pam Bondi, para que declare sobre su papel en la divulgaci\u00f3n de los archivos de Jeffrey Epstein como parte de la investigaci\u00f3n de la comisi\u00f3n sobre\u2026","rel":"","context":"In &quot;Noticias Nacionales&quot;","block_context":{"text":"Noticias Nacionales","link":"https:\/\/noticiasya.com\/san-diego\/categoria\/noticias-nacionales"},"img":{"alt_text":"","src":"","width":0,"height":0},"classes":[]},{"id":1472286,"url":"https:\/\/noticiasya.com\/san-diego\/2026\/03\/17\/presidente-comision-camara-cita-pam-bondi-declarar-epstein-trax\/","url_meta":{"origin":1473647,"position":1},"title":"Presidente de la Comisi\u00f3n de Supervisi\u00f3n de la C\u00e1mara cita a Pam Bondi a declarar en la investigaci\u00f3n sobre Epstein","author":"","date":"marzo 17, 2026","format":false,"excerpt":"El presidente de la Comisi\u00f3n de Supervisi\u00f3n de la C\u00e1mara de Representantes, James Comer, emiti\u00f3 este martes una citaci\u00f3n a la secretaria de Justicia de Estados Unidos, Pam Bondi, para que comparezca a una declaraci\u00f3n el 14 de abril como parte de la investigaci\u00f3n sobre Jeffrey Epstein.Comer escribi\u00f3 en la\u2026","rel":"","context":"In &quot;Noticias Nacionales&quot;","block_context":{"text":"Noticias Nacionales","link":"https:\/\/noticiasya.com\/san-diego\/categoria\/noticias-nacionales"},"img":{"alt_text":"","src":"","width":0,"height":0},"classes":[]},{"id":1472972,"url":"https:\/\/noticiasya.com\/san-diego\/2026\/04\/08\/departamento-justicia-bondi-comparencia-caso-epstein-trax\/","url_meta":{"origin":1473647,"position":2},"title":"Bondi ya no est\u00e1 obligada a declarar sobre el caso Epstein, dice el Departamento de Justicia","author":"","date":"abril 8, 2026","format":false,"excerpt":"El Departamento de Justicia dijo el mi\u00e9rcoles que Pam Bondi no comparecer\u00e1 en su pr\u00f3xima declaraci\u00f3n en la investigaci\u00f3n de Jeffrey Epstein de la Comisi\u00f3n de Supervisi\u00f3n de la C\u00e1mara, dado que ya no se desempe\u00f1a como secretaria de Justicia de Estados Unidos.Esto marca el m\u00e1s reciente obst\u00e1culo en la\u2026","rel":"","context":"In &quot;Noticias Nacionales&quot;","block_context":{"text":"Noticias Nacionales","link":"https:\/\/noticiasya.com\/san-diego\/categoria\/noticias-nacionales"},"img":{"alt_text":"","src":"","width":0,"height":0},"classes":[]},{"id":1472334,"url":"https:\/\/noticiasya.com\/san-diego\/2026\/03\/19\/archivos-epstein-legisladores-victimas-exigen-publiquen-mas-trax\/","url_meta":{"origin":1473647,"position":3},"title":"\u00bfHemos visto ya los \u00faltimos archivos de Epstein? Legisladores y v\u00edctimas exigen que se publiquen m\u00e1s","author":"","date":"marzo 19, 2026","format":false,"excerpt":"Una ley de transparencia aprobada por el Congreso ha obligado a publicar m\u00e1s archivos de Epstein que nunca, pero algunos legisladores y v\u00edctimas est\u00e1n explorando formas de presionar al Departamento de Justicia para que revele a\u00fan m\u00e1s informaci\u00f3n del voluminoso material que se mantiene oculto.Unos 2,5 millones de documentos de\u2026","rel":"","context":"In &quot;Noticias Nacionales&quot;","block_context":{"text":"Noticias Nacionales","link":"https:\/\/noticiasya.com\/san-diego\/categoria\/noticias-nacionales"},"img":{"alt_text":"","src":"","width":0,"height":0},"classes":[]},{"id":1471308,"url":"https:\/\/noticiasya.com\/san-diego\/2026\/02\/17\/hillary-clinton-acusa-trump-encubrimiento-epstein-trax\/","url_meta":{"origin":1473647,"position":4},"title":"Hillary Clinton acusa a la administraci\u00f3n Trump de &#171;encubrimiento&#187; por el manejo de los documentos de Epstein","author":"","date":"febrero 17, 2026","format":false,"excerpt":"La exsecretaria de Estado de Estados Unidos Hillary Clinton ha acusado a la administraci\u00f3n Trump de un \u201cencubrimiento continuo\u201d por la forma en que el Gobierno ha manejado la publicaci\u00f3n de millones de documentos relacionados con Jeffrey Epstein.\u201cEst\u00e1n actuando con lentitud, est\u00e1n ocultando los nombres de los hombres que participan,\u2026","rel":"","context":"In &quot;Noticias Nacionales&quot;","block_context":{"text":"Noticias Nacionales","link":"https:\/\/noticiasya.com\/san-diego\/categoria\/noticias-nacionales"},"img":{"alt_text":"","src":"","width":0,"height":0},"classes":[]},{"id":1468601,"url":"https:\/\/noticiasya.com\/san-diego\/2025\/11\/22\/comision-supervision-camara-amplia-investigacion-jeffrey-epstein-trax\/","url_meta":{"origin":1473647,"position":5},"title":"Comisi\u00f3n de Supervisi\u00f3n de la C\u00e1mara de Representantes ampl\u00eda su investigaci\u00f3n sobre Jeffrey Epstein","author":"","date":"noviembre 22, 2025","format":false,"excerpt":"La Comisi\u00f3n de Supervisi\u00f3n de la C\u00e1mara de Representantes est\u00e1 ampliando su investigaci\u00f3n sobre el delincuente sexual infantil convicto Jeffrey Epstein y buscando nuevos objetivos.Las nuevas pesquisas har\u00edan pr\u00e1cticamente improbable que la controversia de Epstein se disipe incluso despu\u00e9s de que el Congreso obligara al Departamento de Justicia a divulgar\u2026","rel":"","context":"In &quot;Noticias Nacionales&quot;","block_context":{"text":"Noticias Nacionales","link":"https:\/\/noticiasya.com\/san-diego\/categoria\/noticias-nacionales"},"img":{"alt_text":"","src":"","width":0,"height":0},"classes":[]}],"jetpack_sharing_enabled":true,"_links":{"self":[{"href":"https:\/\/noticiasya.com\/san-diego\/wp-json\/wp\/v2\/posts\/1473647","targetHints":{"allow":["GET"]}}],"collection":[{"href":"https:\/\/noticiasya.com\/san-diego\/wp-json\/wp\/v2\/posts"}],"about":[{"href":"https:\/\/noticiasya.com\/san-diego\/wp-json\/wp\/v2\/types\/post"}],"replies":[{"embeddable":true,"href":"https:\/\/noticiasya.com\/san-diego\/wp-json\/wp\/v2\/comments?post=1473647"}],"version-history":[{"count":0,"href":"https:\/\/noticiasya.com\/san-diego\/wp-json\/wp\/v2\/posts\/1473647\/revisions"}],"wp:attachment":[{"href":"https:\/\/noticiasya.com\/san-diego\/wp-json\/wp\/v2\/media?parent=1473647"}],"wp:term":[{"taxonomy":"category","embeddable":true,"href":"https:\/\/noticiasya.com\/san-diego\/wp-json\/wp\/v2\/categories?post=1473647"},{"taxonomy":"post_tag","embeddable":true,"href":"https:\/\/noticiasya.com\/san-diego\/wp-json\/wp\/v2\/tags?post=1473647"}],"curies":[{"name":"wp","href":"https:\/\/api.w.org\/{rel}","templated":true}]}}