{"id":1473650,"date":"2026-04-29T17:03:48","date_gmt":"2026-04-30T00:03:48","guid":{"rendered":"https:\/\/noticiasya.com\/2026\/04\/29\/vuelve-toque-queda-ecuador-razones-orix\/"},"modified":"2026-04-29T17:03:48","modified_gmt":"2026-04-30T00:03:48","slug":"vuelve-toque-queda-ecuador-razones-orix","status":"publish","type":"post","link":"https:\/\/noticiasya.com\/san-diego\/2026\/04\/29\/vuelve-toque-queda-ecuador-razones-orix\/","title":{"rendered":"Vuelve el toque de queda en nueve provincias de Ecuador: estas son las razones detr\u00e1s de la decisi\u00f3n de Daniel Noboa"},"content":{"rendered":"<p>Los continuos <a href=\"https:\/\/cnnespanol.cnn.com\/2026\/03\/17\/latinoamerica\/ecuador-toque-queda-operativo-militar-orix\">decretos de toque de queda<\/a> o estados de excepci\u00f3n en Ecuador parece que se est\u00e1n convirtiendo en el \u201cpan de cada d\u00eda\u201d de la pol\u00edtica de seguridad del Gobierno del presidente Daniel Noboa. Estas herramientas, que eran consideradas en gobiernos pasados como recursos de \u00faltima instancia en momentos de crisis, en la actualidad forman parte de la cotidianidad de los ecuatorianos a medida que el gobierno decide restringir ciertos derechos para contener la violencia y la criminalidad.<\/p>\n<p>Este martes Noboa firm\u00f3 un nuevo decreto con el que orden\u00f3 el toque de queda para nueve provincias desde las 11 de la noche hasta las 5 de la ma\u00f1ana del 3 al 18 de mayo. Las provincias afectadas son: Guayas, Manab\u00ed, Santa Elena, Los R\u00edos, El Oro, Pichincha, Esmeraldas, Santo Domingo de los Ts\u00e1chilas y Sucumb\u00edos. A eso se suman cuatro cantones: La Man\u00e1, Las Naves, Echeand\u00eda y La Troncal. Estos son considerados por las autoridades como territorios de mayor concentraci\u00f3n de delitos y presencia de grupos criminales.<\/p>\n<p>El toque de queda incluye <a href=\"https:\/\/cnnespanol.cnn.com\/2026\/03\/15\/latinoamerica\/ecuador-despliega-policias-militares-combatir-crimen-apoyo-extranjero-efe\">restricciones a la libre movilidad<\/a> y tr\u00e1nsito de personas, la suspensi\u00f3n del derecho a la inviolabilidad de domicilio para permitir a la fuerza p\u00fablica la realizaci\u00f3n de allanamientos y la suspensi\u00f3n del derecho a la inviolabilidad de correspondencia que permitir\u00e1 revisar correos o mensajes para neutralizar posibles amenazas.<\/p>\n<p>Algunos expertos en seguridad sostienen que Noboa est\u00e1 siendo err\u00e1tico al decretar con frecuencia estados de excepci\u00f3n o toques de queda pues pese a estas medidas los homicidios siguen en ascenso, la criminalidad migra a otros puntos y el pa\u00eds se mantiene como uno de los m\u00e1s violentos de la regi\u00f3n.<\/p>\n<p>A eso se suman las preocupaciones de los sectores productivos que sufren el impacto econ\u00f3mico de esta medida.<\/p>\n<p>\u201cEstamos preocupados, ya vivimos un toque de queda de 15 d\u00edas donde se afect\u00f3 de manera fuerte a algunas actividades y negocios. La estimaci\u00f3n es que el 73 % de las empresas que tienen alg\u00fan tipo de actividad nocturna reportan un 40 % de reducci\u00f3n de sus ventas y aquellos que tienen actividad solo en las noches algunas afectaciones llegan hasta el 70 % o el 80 % de sus ventas\u201d, dijo Miguel Gonz\u00e1lez, presidente de la C\u00e1mara de Comercio de Guayaquil, a FM Mundo, afiliada de CNN.<\/p>\n<p>Gonz\u00e1lez exige resultados tangibles del toque de queda pues insiste en que el problema de la seguridad no se resuelve \u201cde la noche a la ma\u00f1ana\u201d y que mientras m\u00e1s medidas como \u00e9sta se sigan ordenando, el impacto econ\u00f3mico ser\u00e1 a\u00fan m\u00e1s fuerte pues ni siquiera se contemplan salvoconductos para la movilizaci\u00f3n de los sectores industriales durante el toque de queda.<\/p>\n<p>\u201cNos gustar\u00eda tener claros cu\u00e1les son los resultados. Se dice que hay un impacto positivo. Es cierto que algunos resultados pueden ser intangibles o invisibles al inicio, pero necesitamos algo que realmente permita que la gente crea en los toques de queda. Respaldamos la lucha contra la inseguridad, pero al mismo tiempo nuestro deber es proteger, cuidar el empleo y el aparato productivo. Por eso nuestro rol es poner sobre la mesa las afectaciones de este tipo de medidas\u201d, advirti\u00f3 Gonz\u00e1lez.<\/p>\n<p>Al leer la letra peque\u00f1a del decreto de toque de queda m\u00e1s reciente, el gobierno reconoce que existe un efecto \u201cpost-toque de queda\u201d que se presenta cuando concluye un periodo de suspensi\u00f3n del derecho a la libertad de tr\u00e1nsito y se produce una redirecci\u00f3n de la actividades delictivas a provincias que no estaban contempladas en la medida.<\/p>\n<p>\u201cNo existi\u00f3 una neutralizaci\u00f3n estructural sino un desplazamiento geogr\u00e1fico de las actividades criminales\u201d, afirma el decreto. Adem\u00e1s, sostiene que aunque ha habido efectos positivos con la medida, la amenaza \u201cno ha sido neutralizada de manera plena\u201d, incluso en los territorios donde rige el estado de excepci\u00f3n \u201cpersistiendo una ata concentraci\u00f3n de violencia letal y delincuencia organizada\u201d.<\/p>\n<p>\u201cEstas son medidas de contenci\u00f3n, no una pol\u00edtica de seguridad. El crimen organizado es adaptativo, pueden migrar de zonas, pueden utilizar a otras personas y tienen recursos. El crimen organizado se recupera con facilidad y pueden reestructurarse\u201d, coment\u00f3 Santiago Ortega, experto en seguridad y defensa nacional a FM Mundo.<\/p>\n<p>En esta especie de juego del gato y el rat\u00f3n, el Gobierno en su decreto sostiene que Quito, la capital de Ecuador, es ahora un \u201cescenario cr\u00edtico\u201d en materia de seguridad que registra un incremento sostenido de los \u00edndices de violencia y criminalidad, as\u00ed como una percepci\u00f3n generalizada de inseguridad en sus habitantes. Agrega que en Quito se libra una disputa de poder entre las bandas delictivas Los Lobos, <a href=\"https:\/\/cnnespanol.cnn.com\/2025\/06\/25\/latinoamerica\/los-choneros-banda-criminal-fito-orix\">Los Choneros<\/a> y Tiguerones, que buscan constantemente el control de las rutas del narcotr\u00e1fico y los mercados il\u00edcitos.<\/p>\n<p>De enero a abril de 2026 se han registrado 2.509 homicidios a escala nacional, siendo la provincia de Guayas la de mayor incidencia, con 1.098 homicidios, el 43,8 % del total nacional, de acuerdo a un informe del Comando Conjunto de las Fuerzas Armadas, citado por el decreto. Por esta raz\u00f3n, el gobierno califica a esta provincia como el \u201cepicentro de la violencia letal\u201d.<\/p>\n<p>Otra de las razones que motivan la orden de toque de queda gubernamental se enfoca en que grupos armados organizados y grupos de delincuencia organizadas han diversificado sus actividades con operaciones para controlar m\u00e1s econom\u00edas il\u00edcitas adicionales al narcotr\u00e1fico como la miner\u00eda ilegal, tr\u00e1fico il\u00edcito de armas, municiones y explosivos, tr\u00e1fico de hidrocarburos, lavado de activos, contrabando, trata de personas y tr\u00e1fico de migrantes.<\/p>\n<p>La suspensi\u00f3n del derecho al libre tr\u00e1nsito tendr\u00e1 excepciones durante las horas decretadas para su ejecuci\u00f3n. Personal esencial vinculado a los servicios de salud privados y p\u00fablicos, as\u00ed como de la fuerza p\u00fablica, de gesti\u00f3n de riesgos, emergencias y desastres podr\u00e1n circular. Habr\u00e1 otras excepciones dependiendo el contexto de necesidad y emergencia de una persona que requiera desplazarse o movilizarse mientras rige la medida.<\/p>\n<p>Los ministerios de Defensa, del Interior, Polic\u00eda Nacional y Fuerzas Armadas, en coordinaci\u00f3n con todas las entidades e instituciones competentes ser\u00e1n las encargadas de la ejecuci\u00f3n del decreto.<\/p>\n<p>Y mientras Ecuador ir\u00e1 a un nuevo toque de queda, <a href=\"https:\/\/x.com\/danielnoboaok\/status\/2049599180998353090?s=46&#038;t=vWSsaMsKttiCRFRT9JR29g\">el Gobierno de Noboa insiste<\/a> en que la frontera entre Ecuador y Colombia sigue siendo el espacio donde se cometen diversos delitos. Los dos pa\u00edses enfrentan una escalada diplom\u00e1tica iniciada por Ecuador tras pedir al gobierno de Gustavo Petro mayor control de la frontera y cooperaci\u00f3n en la lucha contra el crimen organizado.<\/p>\n<p>Ecuador impuso una tasa de seguridad a Colombia que ha ido subiendo del 30 % al 50 % desde febrero y que se traduce en un arancel para los productos importados desde Colombia. Pero esta decisi\u00f3n no fue suficiente, y a partir del 1 de mayo Ecuador elevar\u00e1 dicha tasa al 100 %, mientras que Colombia en reciprocidad estableci\u00f3 tasas diferenciadas que van del 30 % al 75 % a los productos ecuatorianos. Una situaci\u00f3n que est\u00e1 provocando estragos en los sectores comerciales y productivos de los dos pa\u00edses vecinos.<\/p>\n<p>The-CNN-Wire<br \/>&trade; &amp; &copy; 2026 Cable News Network, Inc., a Warner Bros. Discovery Company. All rights reserved.<\/p>\n","protected":false},"excerpt":{"rendered":"<p>Los continuos decretos de toque de queda o estados de excepci\u00f3n en Ecuador parece que se est\u00e1n convirtiendo en el \u201cpan de cada d\u00eda\u201d de la pol\u00edtica de seguridad del Gobierno del presidente Daniel Noboa. Estas herramientas, que eran consideradas en gobiernos pasados como recursos de \u00faltima instancia en momentos de crisis, en la actualidad [&hellip;]<\/p>\n","protected":false},"author":0,"featured_media":0,"comment_status":"open","ping_status":"open","sticky":false,"template":"","format":"standard","meta":{"_jetpack_memberships_contains_paid_content":false,"footnotes":""},"categories":[10],"tags":[],"class_list":["post-1473650","post","type-post","status-publish","format-standard","hentry","category-noticias-nacionales","market-global"],"yoast_head":"<!-- This site is optimized with the Yoast SEO plugin v24.4 - https:\/\/yoast.com\/wordpress\/plugins\/seo\/ -->\n<title>Vuelve el toque de queda en nueve provincias de Ecuador: estas son las razones detr\u00e1s de la decisi\u00f3n de Daniel Noboa - Noticias<\/title>\n<meta name=\"robots\" content=\"index, follow, max-snippet:-1, max-image-preview:large, max-video-preview:-1\" \/>\n<link rel=\"canonical\" href=\"https:\/\/noticiasya.com\/2026\/04\/29\/vuelve-toque-queda-ecuador-razones-orix\/\" \/>\n<meta property=\"og:locale\" content=\"es_ES\" \/>\n<meta property=\"og:type\" content=\"article\" \/>\n<meta property=\"og:title\" content=\"Vuelve el toque de queda en nueve provincias de Ecuador: estas son las razones detr\u00e1s de la decisi\u00f3n de Daniel Noboa - Noticias\" \/>\n<meta property=\"og:description\" content=\"Los continuos decretos de toque de queda o estados de excepci\u00f3n en Ecuador parece que se est\u00e1n convirtiendo en el \u201cpan de cada d\u00eda\u201d de la pol\u00edtica de seguridad del Gobierno del presidente Daniel Noboa. Estas herramientas, que eran consideradas en gobiernos pasados como recursos de \u00faltima instancia en momentos de crisis, en la actualidad [&hellip;]\" \/>\n<meta property=\"og:url\" content=\"https:\/\/noticiasya.com\/2026\/04\/29\/vuelve-toque-queda-ecuador-razones-orix\/\" \/>\n<meta property=\"og:site_name\" content=\"Noticias\" \/>\n<meta property=\"article:published_time\" content=\"2026-04-30T00:03:48+00:00\" \/>\n<meta name=\"twitter:card\" content=\"summary_large_image\" \/>\n<meta name=\"twitter:label1\" content=\"Est. reading time\" \/>\n\t<meta name=\"twitter:data1\" content=\"6 minutos\" \/>\n<script type=\"application\/ld+json\" class=\"yoast-schema-graph\">{\"@context\":\"https:\/\/schema.org\",\"@graph\":[{\"@type\":\"Article\",\"@id\":\"https:\/\/noticiasya.com\/2026\/04\/29\/vuelve-toque-queda-ecuador-razones-orix\/#article\",\"isPartOf\":{\"@id\":\"https:\/\/noticiasya.com\/2026\/04\/29\/vuelve-toque-queda-ecuador-razones-orix\/\"},\"author\":{\"name\":\"\",\"@id\":\"\"},\"headline\":\"Vuelve el toque de queda en nueve provincias de Ecuador: estas son las razones detr\u00e1s de la decisi\u00f3n de Daniel Noboa\",\"datePublished\":\"2026-04-30T00:03:48+00:00\",\"mainEntityOfPage\":{\"@id\":\"https:\/\/noticiasya.com\/2026\/04\/29\/vuelve-toque-queda-ecuador-razones-orix\/\"},\"wordCount\":1233,\"commentCount\":0,\"publisher\":{\"@id\":\"https:\/\/noticiasya.com\/#organization\"},\"articleSection\":[\"Noticias Nacionales\"],\"inLanguage\":\"es\",\"potentialAction\":[{\"@type\":\"CommentAction\",\"name\":\"Comment\",\"target\":[\"https:\/\/noticiasya.com\/2026\/04\/29\/vuelve-toque-queda-ecuador-razones-orix\/#respond\"]}]},{\"@type\":\"WebPage\",\"@id\":\"https:\/\/noticiasya.com\/2026\/04\/29\/vuelve-toque-queda-ecuador-razones-orix\/\",\"url\":\"https:\/\/noticiasya.com\/2026\/04\/29\/vuelve-toque-queda-ecuador-razones-orix\/\",\"name\":\"Vuelve el toque de queda en nueve provincias de Ecuador: estas son las razones detr\u00e1s de la decisi\u00f3n de Daniel Noboa - Noticias\",\"isPartOf\":{\"@id\":\"https:\/\/noticiasya.com\/#website\"},\"datePublished\":\"2026-04-30T00:03:48+00:00\",\"breadcrumb\":{\"@id\":\"https:\/\/noticiasya.com\/2026\/04\/29\/vuelve-toque-queda-ecuador-razones-orix\/#breadcrumb\"},\"inLanguage\":\"es\",\"potentialAction\":[{\"@type\":\"ReadAction\",\"target\":[\"https:\/\/noticiasya.com\/2026\/04\/29\/vuelve-toque-queda-ecuador-razones-orix\/\"]}]},{\"@type\":\"BreadcrumbList\",\"@id\":\"https:\/\/noticiasya.com\/2026\/04\/29\/vuelve-toque-queda-ecuador-razones-orix\/#breadcrumb\",\"itemListElement\":[{\"@type\":\"ListItem\",\"position\":1,\"name\":\"Home\",\"item\":\"https:\/\/noticiasya.com\/\"},{\"@type\":\"ListItem\",\"position\":2,\"name\":\"Vuelve el toque de queda en nueve provincias de Ecuador: estas son las razones detr\u00e1s de la decisi\u00f3n de Daniel Noboa\"}]},{\"@type\":\"WebSite\",\"@id\":\"https:\/\/noticiasya.com\/#website\",\"url\":\"https:\/\/noticiasya.com\/\",\"name\":\"Noticias\",\"description\":\"Lo que importa\",\"publisher\":{\"@id\":\"https:\/\/noticiasya.com\/#organization\"},\"potentialAction\":[{\"@type\":\"SearchAction\",\"target\":{\"@type\":\"EntryPoint\",\"urlTemplate\":\"https:\/\/noticiasya.com\/?s={search_term_string}\"},\"query-input\":{\"@type\":\"PropertyValueSpecification\",\"valueRequired\":true,\"valueName\":\"search_term_string\"}}],\"inLanguage\":\"es\"},{\"@type\":\"Organization\",\"@id\":\"https:\/\/noticiasya.com\/#organization\",\"name\":\"Noticias\",\"url\":\"https:\/\/noticiasya.com\/\",\"logo\":{\"@type\":\"ImageObject\",\"inLanguage\":\"es\",\"@id\":\"https:\/\/noticiasya.com\/#\/schema\/logo\/image\/\",\"url\":\"https:\/\/noticiasya.com\/wp-content\/uploads\/sites\/22\/2023\/12\/logo-nacional.png\",\"contentUrl\":\"https:\/\/noticiasya.com\/wp-content\/uploads\/sites\/22\/2023\/12\/logo-nacional.png\",\"width\":1801,\"height\":691,\"caption\":\"Noticias\"},\"image\":{\"@id\":\"https:\/\/noticiasya.com\/#\/schema\/logo\/image\/\"}}]}<\/script>\n<!-- \/ Yoast SEO plugin. -->","yoast_head_json":{"title":"Vuelve el toque de queda en nueve provincias de Ecuador: estas son las razones detr\u00e1s de la decisi\u00f3n de Daniel Noboa - Noticias","robots":{"index":"index","follow":"follow","max-snippet":"max-snippet:-1","max-image-preview":"max-image-preview:large","max-video-preview":"max-video-preview:-1"},"canonical":"https:\/\/noticiasya.com\/2026\/04\/29\/vuelve-toque-queda-ecuador-razones-orix\/","og_locale":"es_ES","og_type":"article","og_title":"Vuelve el toque de queda en nueve provincias de Ecuador: estas son las razones detr\u00e1s de la decisi\u00f3n de Daniel Noboa - Noticias","og_description":"Los continuos decretos de toque de queda o estados de excepci\u00f3n en Ecuador parece que se est\u00e1n convirtiendo en el \u201cpan de cada d\u00eda\u201d de la pol\u00edtica de seguridad del Gobierno del presidente Daniel Noboa. Estas herramientas, que eran consideradas en gobiernos pasados como recursos de \u00faltima instancia en momentos de crisis, en la actualidad [&hellip;]","og_url":"https:\/\/noticiasya.com\/2026\/04\/29\/vuelve-toque-queda-ecuador-razones-orix\/","og_site_name":"Noticias","article_published_time":"2026-04-30T00:03:48+00:00","twitter_card":"summary_large_image","twitter_misc":{"Est. reading time":"6 minutos"},"schema":{"@context":"https:\/\/schema.org","@graph":[{"@type":"Article","@id":"https:\/\/noticiasya.com\/2026\/04\/29\/vuelve-toque-queda-ecuador-razones-orix\/#article","isPartOf":{"@id":"https:\/\/noticiasya.com\/2026\/04\/29\/vuelve-toque-queda-ecuador-razones-orix\/"},"author":{"name":"","@id":""},"headline":"Vuelve el toque de queda en nueve provincias de Ecuador: estas son las razones detr\u00e1s de la decisi\u00f3n de Daniel Noboa","datePublished":"2026-04-30T00:03:48+00:00","mainEntityOfPage":{"@id":"https:\/\/noticiasya.com\/2026\/04\/29\/vuelve-toque-queda-ecuador-razones-orix\/"},"wordCount":1233,"commentCount":0,"publisher":{"@id":"https:\/\/noticiasya.com\/#organization"},"articleSection":["Noticias Nacionales"],"inLanguage":"es","potentialAction":[{"@type":"CommentAction","name":"Comment","target":["https:\/\/noticiasya.com\/2026\/04\/29\/vuelve-toque-queda-ecuador-razones-orix\/#respond"]}]},{"@type":"WebPage","@id":"https:\/\/noticiasya.com\/2026\/04\/29\/vuelve-toque-queda-ecuador-razones-orix\/","url":"https:\/\/noticiasya.com\/2026\/04\/29\/vuelve-toque-queda-ecuador-razones-orix\/","name":"Vuelve el toque de queda en nueve provincias de Ecuador: estas son las razones detr\u00e1s de la decisi\u00f3n de Daniel Noboa - Noticias","isPartOf":{"@id":"https:\/\/noticiasya.com\/#website"},"datePublished":"2026-04-30T00:03:48+00:00","breadcrumb":{"@id":"https:\/\/noticiasya.com\/2026\/04\/29\/vuelve-toque-queda-ecuador-razones-orix\/#breadcrumb"},"inLanguage":"es","potentialAction":[{"@type":"ReadAction","target":["https:\/\/noticiasya.com\/2026\/04\/29\/vuelve-toque-queda-ecuador-razones-orix\/"]}]},{"@type":"BreadcrumbList","@id":"https:\/\/noticiasya.com\/2026\/04\/29\/vuelve-toque-queda-ecuador-razones-orix\/#breadcrumb","itemListElement":[{"@type":"ListItem","position":1,"name":"Home","item":"https:\/\/noticiasya.com\/"},{"@type":"ListItem","position":2,"name":"Vuelve el toque de queda en nueve provincias de Ecuador: estas son las razones detr\u00e1s de la decisi\u00f3n de Daniel Noboa"}]},{"@type":"WebSite","@id":"https:\/\/noticiasya.com\/#website","url":"https:\/\/noticiasya.com\/","name":"Noticias","description":"Lo que importa","publisher":{"@id":"https:\/\/noticiasya.com\/#organization"},"potentialAction":[{"@type":"SearchAction","target":{"@type":"EntryPoint","urlTemplate":"https:\/\/noticiasya.com\/?s={search_term_string}"},"query-input":{"@type":"PropertyValueSpecification","valueRequired":true,"valueName":"search_term_string"}}],"inLanguage":"es"},{"@type":"Organization","@id":"https:\/\/noticiasya.com\/#organization","name":"Noticias","url":"https:\/\/noticiasya.com\/","logo":{"@type":"ImageObject","inLanguage":"es","@id":"https:\/\/noticiasya.com\/#\/schema\/logo\/image\/","url":"https:\/\/noticiasya.com\/wp-content\/uploads\/sites\/22\/2023\/12\/logo-nacional.png","contentUrl":"https:\/\/noticiasya.com\/wp-content\/uploads\/sites\/22\/2023\/12\/logo-nacional.png","width":1801,"height":691,"caption":"Noticias"},"image":{"@id":"https:\/\/noticiasya.com\/#\/schema\/logo\/image\/"}}]}},"parsely":{"version":"1.1.0","canonical_url":"https:\/\/noticiasya.com\/san-diego\/2026\/04\/29\/vuelve-toque-queda-ecuador-razones-orix\/","smart_links":{"inbound":0,"outbound":0},"traffic_boost_suggestions_count":0,"meta":{"@context":"https:\/\/schema.org","@type":"NewsArticle","headline":"Vuelve el toque de queda en nueve provincias de Ecuador: estas son las razones detr\u00e1s de la decisi\u00f3n de Daniel Noboa","url":"http:\/\/noticiasya.com\/san-diego\/2026\/04\/29\/vuelve-toque-queda-ecuador-razones-orix\/","mainEntityOfPage":{"@type":"WebPage","@id":"http:\/\/noticiasya.com\/san-diego\/2026\/04\/29\/vuelve-toque-queda-ecuador-razones-orix\/"},"thumbnailUrl":"","image":{"@type":"ImageObject","url":""},"articleSection":"Noticias Nacionales","author":[],"creator":[],"publisher":{"@type":"Organization","name":"Noticias","logo":""},"keywords":[],"dateCreated":"2026-04-30T00:03:48Z","datePublished":"2026-04-30T00:03:48Z","dateModified":"2026-04-30T00:03:48Z"},"rendered":"<script type=\"application\/ld+json\" class=\"wp-parsely-metadata\">{\"@context\":\"https:\\\/\\\/schema.org\",\"@type\":\"NewsArticle\",\"headline\":\"Vuelve el toque de queda en nueve provincias de Ecuador: estas son las razones detr\\u00e1s de la decisi\\u00f3n de Daniel Noboa\",\"url\":\"http:\\\/\\\/noticiasya.com\\\/san-diego\\\/2026\\\/04\\\/29\\\/vuelve-toque-queda-ecuador-razones-orix\\\/\",\"mainEntityOfPage\":{\"@type\":\"WebPage\",\"@id\":\"http:\\\/\\\/noticiasya.com\\\/san-diego\\\/2026\\\/04\\\/29\\\/vuelve-toque-queda-ecuador-razones-orix\\\/\"},\"thumbnailUrl\":\"\",\"image\":{\"@type\":\"ImageObject\",\"url\":\"\"},\"articleSection\":\"Noticias Nacionales\",\"author\":[],\"creator\":[],\"publisher\":{\"@type\":\"Organization\",\"name\":\"Noticias\",\"logo\":\"\"},\"keywords\":[],\"dateCreated\":\"2026-04-30T00:03:48Z\",\"datePublished\":\"2026-04-30T00:03:48Z\",\"dateModified\":\"2026-04-30T00:03:48Z\"}<\/script>","tracker_url":"https:\/\/cdn.parsely.com\/keys\/noticiasya.com\/p.js"},"jetpack_featured_media_url":"","jetpack-related-posts":[{"id":1451695,"url":"https:\/\/noticiasya.com\/san-diego\/2024\/08\/09\/noboa-toque-de-queda-20-cantones-seguridad-orig\/","url_meta":{"origin":1473650,"position":0},"title":"Noboa declara toque de queda en 20 cantones como medida de seguridad","author":"","date":"agosto 9, 2024","format":false,"excerpt":"(CNN Espa\u00f1ol) -- El presidente de Ecuador, Daniel Noboa, declar\u00f3 toque de queda en 20 cantones de cuatro provincias del pa\u00eds, argumentando que es una medida necesaria para combatir la inseguridad en esas localidades.El decreto presidencial indica que el toque de queda estar\u00e1 vigente a partir de este 8 de\u2026","rel":"","context":"In &quot;Noticias Nacionales&quot;","block_context":{"text":"Noticias Nacionales","link":"https:\/\/noticiasya.com\/san-diego\/categoria\/noticias-nacionales"},"img":{"alt_text":"","src":"","width":0,"height":0},"classes":[]},{"id":1452725,"url":"https:\/\/noticiasya.com\/san-diego\/2024\/09\/16\/anuncian-apagon-toque-de-queda-miercoles-ecuador-orix\/","url_meta":{"origin":1473650,"position":1},"title":"Anuncian apag\u00f3n y toque de queda este mi\u00e9rcoles en Ecuador","author":"","date":"septiembre 16, 2024","format":false,"excerpt":"(CNN Espa\u00f1ol) --\u00a0En medio de la crisis el\u00e9ctrica que atraviesa Ecuador, la Presidencia de la Rep\u00fablica inform\u00f3 este domingo que se suspender\u00e1 durante ocho horas el servicio de energ\u00eda a partir de la noche del mi\u00e9rcoles, desde las 10:00 p.m. hasta las 6:00 a.m. del jueves, hora local.El Gobierno dijo\u2026","rel":"","context":"In &quot;Noticias Nacionales&quot;","block_context":{"text":"Noticias Nacionales","link":"https:\/\/noticiasya.com\/san-diego\/categoria\/noticias-nacionales"},"img":{"alt_text":"","src":"","width":0,"height":0},"classes":[]},{"id":1472272,"url":"https:\/\/noticiasya.com\/san-diego\/2026\/03\/17\/ecuador-toque-queda-operativo-militar-orix\/","url_meta":{"origin":1473650,"position":2},"title":"De la ola de violencia a las calles militarizadas: as\u00ed viven los ecuatorianos las medidas de Noboa contra el crimen","author":"","date":"marzo 17, 2026","format":false,"excerpt":"Leonel Soto es conserje en un edificio de departamentos en un barrio residencial al noroeste de Guayaquil. Todas las ma\u00f1anas sale de su casa y recorre velozmente en moto varias cuadras en una de las zonas m\u00e1s peligrosas de la ciudad antes de tomar una v\u00eda r\u00e1pida. Es un trayecto\u2026","rel":"","context":"In &quot;Noticias Nacionales&quot;","block_context":{"text":"Noticias Nacionales","link":"https:\/\/noticiasya.com\/san-diego\/categoria\/noticias-nacionales"},"img":{"alt_text":"","src":"","width":0,"height":0},"classes":[]},{"id":1457191,"url":"https:\/\/noticiasya.com\/san-diego\/2025\/01\/03\/noboa-renueva-estado-de-excepcion-ecuador-orix\/","url_meta":{"origin":1473650,"position":3},"title":"Noboa renueva estado de excepci\u00f3n para algunas provincias y localidades de Ecuador","author":"","date":"enero 3, 2025","format":false,"excerpt":"El presidente de Ecuador, Daniel Noboa, emiti\u00f3 el jueves un decreto que renueva por otros 60 d\u00edas la declaratoria de estado de excepci\u00f3n para algunas provincias y localidades del pa\u00eds, argumentando problemas de inseguridad y violencia.La medida se aplicar\u00e1 en las provincias de Guayas, Los R\u00edos, Manab\u00ed, Orellana, Santa Elena,\u2026","rel":"","context":"In &quot;Noticias Nacionales&quot;","block_context":{"text":"Noticias Nacionales","link":"https:\/\/noticiasya.com\/san-diego\/categoria\/noticias-nacionales"},"img":{"alt_text":"","src":"","width":0,"height":0},"classes":[]},{"id":1454915,"url":"https:\/\/noticiasya.com\/san-diego\/2024\/10\/03\/noboa-decreta-cuarto-estado-excepcion-ecuador-orix\/","url_meta":{"origin":1473650,"position":4},"title":"Por cuarta vez Daniel Noboa decreta estado de excepci\u00f3n focalizado en Ecuador","author":"","date":"octubre 3, 2024","format":false,"excerpt":"(CNN Espa\u00f1ol) \u2013\u2013 El presidente de Ecuador, Daniel Noboa, decret\u00f3 este jueves por cuarta vez un estado de excepci\u00f3n focalizado en el pa\u00eds con el fin de \u201creforzar acciones de seguridad\u201d argumentando nuevamente \u201cgrave conmoci\u00f3n interna y conflicto interno armado\u201d.El decreto de estado de excepci\u00f3n tendr\u00e1 una duraci\u00f3n de 60\u2026","rel":"","context":"In &quot;Noticias Nacionales&quot;","block_context":{"text":"Noticias Nacionales","link":"https:\/\/noticiasya.com\/san-diego\/categoria\/noticias-nacionales"},"img":{"alt_text":"","src":"","width":0,"height":0},"classes":[]},{"id":1450847,"url":"https:\/\/noticiasya.com\/san-diego\/2024\/07\/02\/tercera-vez-noboa-decreta-estado-excepcion-provincias-ecuador-orix\/","url_meta":{"origin":1473650,"position":5},"title":"Por tercera vez, Noboa decreta estado de excepci\u00f3n para algunas provincias de Ecuador para enfrentar la inseguridad","author":"","date":"julio 2, 2024","format":false,"excerpt":"(CNN Espa\u00f1ol) -- El presidente de Ecuador, Daniel Noboa, emiti\u00f3 este martes un decreto que, por tercera vez en lo que va del a\u00f1o, declara estado de excepci\u00f3n en algunas provincias del pa\u00eds, con el argumento de que es una medida necesaria ante la situaci\u00f3n de inseguridad que prevalece en\u2026","rel":"","context":"In &quot;Noticias Nacionales&quot;","block_context":{"text":"Noticias Nacionales","link":"https:\/\/noticiasya.com\/san-diego\/categoria\/noticias-nacionales"},"img":{"alt_text":"","src":"","width":0,"height":0},"classes":[]}],"jetpack_sharing_enabled":true,"_links":{"self":[{"href":"https:\/\/noticiasya.com\/san-diego\/wp-json\/wp\/v2\/posts\/1473650","targetHints":{"allow":["GET"]}}],"collection":[{"href":"https:\/\/noticiasya.com\/san-diego\/wp-json\/wp\/v2\/posts"}],"about":[{"href":"https:\/\/noticiasya.com\/san-diego\/wp-json\/wp\/v2\/types\/post"}],"replies":[{"embeddable":true,"href":"https:\/\/noticiasya.com\/san-diego\/wp-json\/wp\/v2\/comments?post=1473650"}],"version-history":[{"count":0,"href":"https:\/\/noticiasya.com\/san-diego\/wp-json\/wp\/v2\/posts\/1473650\/revisions"}],"wp:attachment":[{"href":"https:\/\/noticiasya.com\/san-diego\/wp-json\/wp\/v2\/media?parent=1473650"}],"wp:term":[{"taxonomy":"category","embeddable":true,"href":"https:\/\/noticiasya.com\/san-diego\/wp-json\/wp\/v2\/categories?post=1473650"},{"taxonomy":"post_tag","embeddable":true,"href":"https:\/\/noticiasya.com\/san-diego\/wp-json\/wp\/v2\/tags?post=1473650"}],"curies":[{"name":"wp","href":"https:\/\/api.w.org\/{rel}","templated":true}]}}