{"id":1473652,"date":"2026-04-29T18:03:40","date_gmt":"2026-04-30T01:03:40","guid":{"rendered":"https:\/\/noticiasya.com\/2026\/04\/29\/caso-prestianni-neymar-reglas-fifa-orix\/"},"modified":"2026-04-29T18:03:40","modified_gmt":"2026-04-30T01:03:40","slug":"caso-prestianni-neymar-reglas-fifa-orix","status":"publish","type":"post","link":"https:\/\/noticiasya.com\/san-diego\/2026\/04\/29\/caso-prestianni-neymar-reglas-fifa-orix\/","title":{"rendered":"Prestianni, Neymar y m\u00e1s: los recordados episodios que cambiaron las reglas en el f\u00fatbol"},"content":{"rendered":"<p>Durante su m\u00e1s reciente congreso celebrado en Canad\u00e1, la FIFA aprob\u00f3 una nueva regla: los futbolistas que se cubran la boca durante un acto de confrontaci\u00f3n pueden ser sancionados con tarjeta roja. La normativa fue aprobada por la Junta Internacional de F\u00fatbol, IFAB por sus siglas en ingl\u00e9s.<\/p>\n<p>No es una regla sacada de la galera. Tiene su origen en un episodio que dio la vuelta al mundo esta temporada: el que protagoniz\u00f3 el delantero del Benfica Gianluca Prestianni durante una discusi\u00f3n con Vin\u00edcius Jr. durante un partido de la Champions League. El caso todav\u00eda resuena.<\/p>\n<p>El brasile\u00f1o, que hab\u00eda marcado un gol segundos antes y hab\u00eda festejado desmedidamente frente a la afici\u00f3n del equipo portugu\u00e9s, tuvo un entredicho con el argentino antes de que el juego se reanudara. Prestianni le dijo algo tap\u00e1ndose la boca con la camiseta y el del Real Madrid fue corriendo hacia el \u00e1rbitro al grito de \u201cme dijo mono\u201d, amenazando incluso con irse del campo. Lo que dijo el argentino nunca se pudo comprobar, puesto que los micr\u00f3fonos del campo de juego no lo captaron y la boca estaba bajo su camiseta.<\/p>\n<p>A Prestianni no se le expuls\u00f3 en ese momento, pero la acusaci\u00f3n s\u00ed llevo a que la UEFA abriera una carpeta de investigaci\u00f3n, lo suspendiera provisoriamente y, tras escuchar a todas las partes, lo suspendiera por dichos homof\u00f3bicos. Pero como el hecho de que tuviera la boca tapada gener\u00f3 un ida y vuelta incansable entre lo que unos y otros dicen que dijo el del Benfica, la nueva regla busca cortar el problema de ra\u00edz: nadie se tapa la boca.<\/p>\n<p>Que un futbolista motive a un cambio en las reglas no es algo tan novedoso, y ya ha sucedido en otras oportunidades.<\/p>\n<p>El exfutbolista Jean-Marc Bosman emprendi\u00f3 una pelea legal que deriv\u00f3 en la creaci\u00f3n del agente libre en el mercado de fichajes del f\u00fatbol. Esto permiti\u00f3 que los jugadores que finalizaban contrato y no quer\u00edan renovar con su club tuvieran la libertad de negociar con el equipo de su conveniencia.<\/p>\n<p>Adem\u00e1s, este precedente elimin\u00f3 las plazas de jugadores extranjeros para todos los futbolistas europeos, que pasaron a considerarse comunitarios siempre y cuando se cambiaran a un equipo perteneciente a la Uni\u00f3n Europea.<\/p>\n<p>A finales de la d\u00e9cada de los ochenta y principios de los noventa, la FIFA se dio cuenta de que los porteros perd\u00edan mucho tiempo con el bal\u00f3n en las manos tras recibir pases retrasados de sus compa\u00f1eros de campo.<\/p>\n<p>Ante estas acciones que le cortaban fluidez al juego, el m\u00e1ximo organismo rector del f\u00fatbol mundial prohibi\u00f3 que los porteros pudieran tomar el esf\u00e9rico con las manos luego de recibir un pase retrasado con los pies de sus compa\u00f1eros. Lo que s\u00ed est\u00e1 permitido es que los jugadores de campo den pases retrasados con la cabeza, pecho u hombros para que los porteros puedan tomar la pelota con las manos.<\/p>\n<p>El brasile\u00f1o Neymar es un genio del f\u00fatbol, y dentro de sus muchas habilidades est\u00e1 la recordada maniobra de congelarse un segundo sin llegar a detenerse por completo durante su trayecto para rematar un penal. Todo esto con el fin de generar un movimiento prematuro en el portero que facilite la anotaci\u00f3n.<\/p>\n<p>La FIFA prohibi\u00f3 esta t\u00e9cnica por primera vez para la Copa del Mundo de Sud\u00e1frica 2010. A partir de ese momento, los pateadores de penales pueden hacer fintas para enga\u00f1ar a los porteros durante su trayectoria para tirar la infracci\u00f3n, pero ya no se pueden detener por completo.<\/p>\n<p>Una de las reglas m\u00e1s nuevas. Son muy recordados los movimientos c\u00f3micos o provocativos del portero Jerzy Dudek y Emiliano Mart\u00ednez durante las tandas de penales de la final de la UEFA Champions League 2005 y, m\u00e1s recientemente, la Copa del Mundo de Qatar 2022, con el fin de distraer y sacar de concentraci\u00f3n a sus rivales.<\/p>\n<p>El caso del arquero argentino, recordado tambi\u00e9n por la tanda de penales con Colombia en la Copa Am\u00e9rica 2021, llev\u00f3 a que la FIFA prohibiera ese tipo de comportamientos.<\/p>\n<p>Una de las m\u00e1s extra\u00f1as. Diego Forlan se quit\u00f3 la camiseta para celebrar un gol que anot\u00f3 con el Manchester United en un partido de Premier League en 2002. Hasta all\u00ed todo normal. Lo raro fue que el \u00e1rbitro reanud\u00f3 el partido y el uruguayo sigui\u00f3 jugando unos segundos sin la camiseta puesta.<\/p>\n<p>A partir de ese momento la FIFA tom\u00f3 nota y decidi\u00f3 que los \u00e1rbitros muestren tarjeta amarilla a todos esos futbolistas que se quitan la playera.<\/p>\n<p>The-CNN-Wire<br \/>&trade; &amp; &copy; 2026 Cable News Network, Inc., a Warner Bros. Discovery Company. All rights reserved.<\/p>\n","protected":false},"excerpt":{"rendered":"<p>Durante su m\u00e1s reciente congreso celebrado en Canad\u00e1, la FIFA aprob\u00f3 una nueva regla: los futbolistas que se cubran la boca durante un acto de confrontaci\u00f3n pueden ser sancionados con tarjeta roja. La normativa fue aprobada por la Junta Internacional de F\u00fatbol, IFAB por sus siglas en ingl\u00e9s. No es una regla sacada de la [&hellip;]<\/p>\n","protected":false},"author":0,"featured_media":0,"comment_status":"open","ping_status":"open","sticky":false,"template":"","format":"standard","meta":{"_jetpack_memberships_contains_paid_content":false,"footnotes":""},"categories":[10],"tags":[],"class_list":["post-1473652","post","type-post","status-publish","format-standard","hentry","category-noticias-nacionales","market-global"],"yoast_head":"<!-- This site is optimized with the Yoast SEO plugin v24.4 - https:\/\/yoast.com\/wordpress\/plugins\/seo\/ -->\n<title>Prestianni, Neymar y m\u00e1s: los recordados episodios que cambiaron las reglas en el f\u00fatbol - Noticias<\/title>\n<meta name=\"robots\" content=\"index, follow, max-snippet:-1, max-image-preview:large, max-video-preview:-1\" \/>\n<link rel=\"canonical\" href=\"https:\/\/noticiasya.com\/2026\/04\/29\/caso-prestianni-neymar-reglas-fifa-orix\/\" \/>\n<meta property=\"og:locale\" content=\"es_ES\" \/>\n<meta property=\"og:type\" content=\"article\" \/>\n<meta property=\"og:title\" content=\"Prestianni, Neymar y m\u00e1s: los recordados episodios que cambiaron las reglas en el f\u00fatbol - Noticias\" \/>\n<meta property=\"og:description\" content=\"Durante su m\u00e1s reciente congreso celebrado en Canad\u00e1, la FIFA aprob\u00f3 una nueva regla: los futbolistas que se cubran la boca durante un acto de confrontaci\u00f3n pueden ser sancionados con tarjeta roja. La normativa fue aprobada por la Junta Internacional de F\u00fatbol, IFAB por sus siglas en ingl\u00e9s. No es una regla sacada de la [&hellip;]\" \/>\n<meta property=\"og:url\" content=\"https:\/\/noticiasya.com\/2026\/04\/29\/caso-prestianni-neymar-reglas-fifa-orix\/\" \/>\n<meta property=\"og:site_name\" content=\"Noticias\" \/>\n<meta property=\"article:published_time\" content=\"2026-04-30T01:03:40+00:00\" \/>\n<meta name=\"twitter:card\" content=\"summary_large_image\" \/>\n<meta name=\"twitter:label1\" content=\"Est. reading time\" \/>\n\t<meta name=\"twitter:data1\" content=\"4 minutos\" \/>\n<script type=\"application\/ld+json\" class=\"yoast-schema-graph\">{\"@context\":\"https:\/\/schema.org\",\"@graph\":[{\"@type\":\"Article\",\"@id\":\"https:\/\/noticiasya.com\/2026\/04\/29\/caso-prestianni-neymar-reglas-fifa-orix\/#article\",\"isPartOf\":{\"@id\":\"https:\/\/noticiasya.com\/2026\/04\/29\/caso-prestianni-neymar-reglas-fifa-orix\/\"},\"author\":{\"name\":\"\",\"@id\":\"\"},\"headline\":\"Prestianni, Neymar y m\u00e1s: los recordados episodios que cambiaron las reglas en el f\u00fatbol\",\"datePublished\":\"2026-04-30T01:03:40+00:00\",\"mainEntityOfPage\":{\"@id\":\"https:\/\/noticiasya.com\/2026\/04\/29\/caso-prestianni-neymar-reglas-fifa-orix\/\"},\"wordCount\":820,\"commentCount\":0,\"publisher\":{\"@id\":\"https:\/\/noticiasya.com\/#organization\"},\"articleSection\":[\"Noticias Nacionales\"],\"inLanguage\":\"es\",\"potentialAction\":[{\"@type\":\"CommentAction\",\"name\":\"Comment\",\"target\":[\"https:\/\/noticiasya.com\/2026\/04\/29\/caso-prestianni-neymar-reglas-fifa-orix\/#respond\"]}]},{\"@type\":\"WebPage\",\"@id\":\"https:\/\/noticiasya.com\/2026\/04\/29\/caso-prestianni-neymar-reglas-fifa-orix\/\",\"url\":\"https:\/\/noticiasya.com\/2026\/04\/29\/caso-prestianni-neymar-reglas-fifa-orix\/\",\"name\":\"Prestianni, Neymar y m\u00e1s: los recordados episodios que cambiaron las reglas en el f\u00fatbol - Noticias\",\"isPartOf\":{\"@id\":\"https:\/\/noticiasya.com\/#website\"},\"datePublished\":\"2026-04-30T01:03:40+00:00\",\"breadcrumb\":{\"@id\":\"https:\/\/noticiasya.com\/2026\/04\/29\/caso-prestianni-neymar-reglas-fifa-orix\/#breadcrumb\"},\"inLanguage\":\"es\",\"potentialAction\":[{\"@type\":\"ReadAction\",\"target\":[\"https:\/\/noticiasya.com\/2026\/04\/29\/caso-prestianni-neymar-reglas-fifa-orix\/\"]}]},{\"@type\":\"BreadcrumbList\",\"@id\":\"https:\/\/noticiasya.com\/2026\/04\/29\/caso-prestianni-neymar-reglas-fifa-orix\/#breadcrumb\",\"itemListElement\":[{\"@type\":\"ListItem\",\"position\":1,\"name\":\"Home\",\"item\":\"https:\/\/noticiasya.com\/\"},{\"@type\":\"ListItem\",\"position\":2,\"name\":\"Prestianni, Neymar y m\u00e1s: los recordados episodios que cambiaron las reglas en el f\u00fatbol\"}]},{\"@type\":\"WebSite\",\"@id\":\"https:\/\/noticiasya.com\/#website\",\"url\":\"https:\/\/noticiasya.com\/\",\"name\":\"Noticias\",\"description\":\"Lo que importa\",\"publisher\":{\"@id\":\"https:\/\/noticiasya.com\/#organization\"},\"potentialAction\":[{\"@type\":\"SearchAction\",\"target\":{\"@type\":\"EntryPoint\",\"urlTemplate\":\"https:\/\/noticiasya.com\/?s={search_term_string}\"},\"query-input\":{\"@type\":\"PropertyValueSpecification\",\"valueRequired\":true,\"valueName\":\"search_term_string\"}}],\"inLanguage\":\"es\"},{\"@type\":\"Organization\",\"@id\":\"https:\/\/noticiasya.com\/#organization\",\"name\":\"Noticias\",\"url\":\"https:\/\/noticiasya.com\/\",\"logo\":{\"@type\":\"ImageObject\",\"inLanguage\":\"es\",\"@id\":\"https:\/\/noticiasya.com\/#\/schema\/logo\/image\/\",\"url\":\"https:\/\/noticiasya.com\/wp-content\/uploads\/sites\/22\/2023\/12\/logo-nacional.png\",\"contentUrl\":\"https:\/\/noticiasya.com\/wp-content\/uploads\/sites\/22\/2023\/12\/logo-nacional.png\",\"width\":1801,\"height\":691,\"caption\":\"Noticias\"},\"image\":{\"@id\":\"https:\/\/noticiasya.com\/#\/schema\/logo\/image\/\"}}]}<\/script>\n<!-- \/ Yoast SEO plugin. -->","yoast_head_json":{"title":"Prestianni, Neymar y m\u00e1s: los recordados episodios que cambiaron las reglas en el f\u00fatbol - Noticias","robots":{"index":"index","follow":"follow","max-snippet":"max-snippet:-1","max-image-preview":"max-image-preview:large","max-video-preview":"max-video-preview:-1"},"canonical":"https:\/\/noticiasya.com\/2026\/04\/29\/caso-prestianni-neymar-reglas-fifa-orix\/","og_locale":"es_ES","og_type":"article","og_title":"Prestianni, Neymar y m\u00e1s: los recordados episodios que cambiaron las reglas en el f\u00fatbol - Noticias","og_description":"Durante su m\u00e1s reciente congreso celebrado en Canad\u00e1, la FIFA aprob\u00f3 una nueva regla: los futbolistas que se cubran la boca durante un acto de confrontaci\u00f3n pueden ser sancionados con tarjeta roja. La normativa fue aprobada por la Junta Internacional de F\u00fatbol, IFAB por sus siglas en ingl\u00e9s. No es una regla sacada de la [&hellip;]","og_url":"https:\/\/noticiasya.com\/2026\/04\/29\/caso-prestianni-neymar-reglas-fifa-orix\/","og_site_name":"Noticias","article_published_time":"2026-04-30T01:03:40+00:00","twitter_card":"summary_large_image","twitter_misc":{"Est. reading time":"4 minutos"},"schema":{"@context":"https:\/\/schema.org","@graph":[{"@type":"Article","@id":"https:\/\/noticiasya.com\/2026\/04\/29\/caso-prestianni-neymar-reglas-fifa-orix\/#article","isPartOf":{"@id":"https:\/\/noticiasya.com\/2026\/04\/29\/caso-prestianni-neymar-reglas-fifa-orix\/"},"author":{"name":"","@id":""},"headline":"Prestianni, Neymar y m\u00e1s: los recordados episodios que cambiaron las reglas en el f\u00fatbol","datePublished":"2026-04-30T01:03:40+00:00","mainEntityOfPage":{"@id":"https:\/\/noticiasya.com\/2026\/04\/29\/caso-prestianni-neymar-reglas-fifa-orix\/"},"wordCount":820,"commentCount":0,"publisher":{"@id":"https:\/\/noticiasya.com\/#organization"},"articleSection":["Noticias Nacionales"],"inLanguage":"es","potentialAction":[{"@type":"CommentAction","name":"Comment","target":["https:\/\/noticiasya.com\/2026\/04\/29\/caso-prestianni-neymar-reglas-fifa-orix\/#respond"]}]},{"@type":"WebPage","@id":"https:\/\/noticiasya.com\/2026\/04\/29\/caso-prestianni-neymar-reglas-fifa-orix\/","url":"https:\/\/noticiasya.com\/2026\/04\/29\/caso-prestianni-neymar-reglas-fifa-orix\/","name":"Prestianni, Neymar y m\u00e1s: los recordados episodios que cambiaron las reglas en el f\u00fatbol - Noticias","isPartOf":{"@id":"https:\/\/noticiasya.com\/#website"},"datePublished":"2026-04-30T01:03:40+00:00","breadcrumb":{"@id":"https:\/\/noticiasya.com\/2026\/04\/29\/caso-prestianni-neymar-reglas-fifa-orix\/#breadcrumb"},"inLanguage":"es","potentialAction":[{"@type":"ReadAction","target":["https:\/\/noticiasya.com\/2026\/04\/29\/caso-prestianni-neymar-reglas-fifa-orix\/"]}]},{"@type":"BreadcrumbList","@id":"https:\/\/noticiasya.com\/2026\/04\/29\/caso-prestianni-neymar-reglas-fifa-orix\/#breadcrumb","itemListElement":[{"@type":"ListItem","position":1,"name":"Home","item":"https:\/\/noticiasya.com\/"},{"@type":"ListItem","position":2,"name":"Prestianni, Neymar y m\u00e1s: los recordados episodios que cambiaron las reglas en el f\u00fatbol"}]},{"@type":"WebSite","@id":"https:\/\/noticiasya.com\/#website","url":"https:\/\/noticiasya.com\/","name":"Noticias","description":"Lo que importa","publisher":{"@id":"https:\/\/noticiasya.com\/#organization"},"potentialAction":[{"@type":"SearchAction","target":{"@type":"EntryPoint","urlTemplate":"https:\/\/noticiasya.com\/?s={search_term_string}"},"query-input":{"@type":"PropertyValueSpecification","valueRequired":true,"valueName":"search_term_string"}}],"inLanguage":"es"},{"@type":"Organization","@id":"https:\/\/noticiasya.com\/#organization","name":"Noticias","url":"https:\/\/noticiasya.com\/","logo":{"@type":"ImageObject","inLanguage":"es","@id":"https:\/\/noticiasya.com\/#\/schema\/logo\/image\/","url":"https:\/\/noticiasya.com\/wp-content\/uploads\/sites\/22\/2023\/12\/logo-nacional.png","contentUrl":"https:\/\/noticiasya.com\/wp-content\/uploads\/sites\/22\/2023\/12\/logo-nacional.png","width":1801,"height":691,"caption":"Noticias"},"image":{"@id":"https:\/\/noticiasya.com\/#\/schema\/logo\/image\/"}}]}},"parsely":{"version":"1.1.0","canonical_url":"https:\/\/noticiasya.com\/san-diego\/2026\/04\/29\/caso-prestianni-neymar-reglas-fifa-orix\/","smart_links":{"inbound":0,"outbound":0},"traffic_boost_suggestions_count":0,"meta":{"@context":"https:\/\/schema.org","@type":"NewsArticle","headline":"Prestianni, Neymar y m\u00e1s: los recordados episodios que cambiaron las reglas en el f\u00fatbol","url":"http:\/\/noticiasya.com\/san-diego\/2026\/04\/29\/caso-prestianni-neymar-reglas-fifa-orix\/","mainEntityOfPage":{"@type":"WebPage","@id":"http:\/\/noticiasya.com\/san-diego\/2026\/04\/29\/caso-prestianni-neymar-reglas-fifa-orix\/"},"thumbnailUrl":"","image":{"@type":"ImageObject","url":""},"articleSection":"Noticias Nacionales","author":[],"creator":[],"publisher":{"@type":"Organization","name":"Noticias","logo":""},"keywords":[],"dateCreated":"2026-04-30T01:03:40Z","datePublished":"2026-04-30T01:03:40Z","dateModified":"2026-04-30T01:03:40Z"},"rendered":"<script type=\"application\/ld+json\" class=\"wp-parsely-metadata\">{\"@context\":\"https:\\\/\\\/schema.org\",\"@type\":\"NewsArticle\",\"headline\":\"Prestianni, Neymar y m\\u00e1s: los recordados episodios que cambiaron las reglas en el f\\u00fatbol\",\"url\":\"http:\\\/\\\/noticiasya.com\\\/san-diego\\\/2026\\\/04\\\/29\\\/caso-prestianni-neymar-reglas-fifa-orix\\\/\",\"mainEntityOfPage\":{\"@type\":\"WebPage\",\"@id\":\"http:\\\/\\\/noticiasya.com\\\/san-diego\\\/2026\\\/04\\\/29\\\/caso-prestianni-neymar-reglas-fifa-orix\\\/\"},\"thumbnailUrl\":\"\",\"image\":{\"@type\":\"ImageObject\",\"url\":\"\"},\"articleSection\":\"Noticias Nacionales\",\"author\":[],\"creator\":[],\"publisher\":{\"@type\":\"Organization\",\"name\":\"Noticias\",\"logo\":\"\"},\"keywords\":[],\"dateCreated\":\"2026-04-30T01:03:40Z\",\"datePublished\":\"2026-04-30T01:03:40Z\",\"dateModified\":\"2026-04-30T01:03:40Z\"}<\/script>","tracker_url":"https:\/\/cdn.parsely.com\/keys\/noticiasya.com\/p.js"},"jetpack_featured_media_url":"","jetpack-related-posts":[{"id":1471364,"url":"https:\/\/noticiasya.com\/san-diego\/2026\/02\/17\/vinicius-prestianni-benfica-real-madrid-presunto-racismo-orix\/","url_meta":{"origin":1473652,"position":0},"title":"\u00bfQu\u00e9 pas\u00f3 entre Prestianni y Vin\u00edcius en el Benfica vs. Real Madrid y por qu\u00e9 se habla de racismo en la Champions?","author":"","date":"febrero 17, 2026","format":false,"excerpt":"El Real Madrid venci\u00f3 al Benfica como visitante por 1 a 0 y dio un gran paso en su b\u00fasqueda de clasificar a los octavos de final de la Champions League, pero los titulares tras el partido hablan m\u00e1s del incidente que oblig\u00f3 al \u00e1rbitro a suspender el juego durante\u2026","rel":"","context":"In &quot;Noticias Nacionales&quot;","block_context":{"text":"Noticias Nacionales","link":"https:\/\/noticiasya.com\/san-diego\/categoria\/noticias-nacionales"},"img":{"alt_text":"","src":"","width":0,"height":0},"classes":[]},{"id":1473471,"url":"https:\/\/noticiasya.com\/san-diego\/2026\/04\/24\/gianluca-prestianni-sancion-vinicius-junior-orix\/","url_meta":{"origin":1473652,"position":1},"title":"El futbolista argentino Gianluca Prestianni recibe una dura sanci\u00f3n por insultos hom\u00f3fobos contra VIn\u00edcius J\u00fanior","author":"","date":"abril 24, 2026","format":false,"excerpt":"El futbolista argentino Gianluca Prestianni recibi\u00f3 este viernes un castigo severo por parte de la UEFA, por haber empleado t\u00e9rminos homof\u00f3bicos contra el brasile\u00f1o VIn\u00edcius J\u00fanior.El m\u00e1ximo organismo que rige el f\u00fatbol europeo decidi\u00f3 sancionar con seis fechas al futbolista del Benfica y pidi\u00f3 a la FIFA que el castigo\u2026","rel":"","context":"In &quot;Noticias Nacionales&quot;","block_context":{"text":"Noticias Nacionales","link":"https:\/\/noticiasya.com\/san-diego\/categoria\/noticias-nacionales"},"img":{"alt_text":"","src":"","width":0,"height":0},"classes":[]},{"id":1471579,"url":"https:\/\/noticiasya.com\/san-diego\/2026\/02\/23\/real-madrid-benfica-prestianni-vinicius-valverde-orix\/","url_meta":{"origin":1473652,"position":2},"title":"Se calienta el Real Madrid vs. Benfica por la Champions League: \u00bfqu\u00e9 pas\u00f3 con Prestianni, Vin\u00edcius y Valverde?","author":"","date":"febrero 23, 2026","format":false,"excerpt":"El Real Madrid y el Benfica reci\u00e9n se enfrentar\u00e1n el mi\u00e9rcoles por el partido revancha de los playoffs de la Champions League, pero el Merengue ya se impuso en los escritorios, a la luz de las decisiones que anunci\u00f3 la UEFA a 48 horas de que se juegue el partido\u2026","rel":"","context":"In &quot;Noticias Nacionales&quot;","block_context":{"text":"Noticias Nacionales","link":"https:\/\/noticiasya.com\/san-diego\/categoria\/noticias-nacionales"},"img":{"alt_text":"","src":"","width":0,"height":0},"classes":[]},{"id":1471401,"url":"https:\/\/noticiasya.com\/san-diego\/2026\/02\/18\/uefa-infantino-fifa-vinicius-prestianni-champions-orix\/","url_meta":{"origin":1473652,"position":3},"title":"La UEFA y el presidente de la FIFA hablaron tras la denuncia de Vin\u00edcius contra Prestianni en el Benfica vs. Real Madrid","author":"","date":"febrero 18, 2026","format":false,"excerpt":"La UEFA est\u00e1 revisando el acta arbitral sobre el triunfo del Real Madrid ante el Benfica por la ida de los playoffs de la Champions League el martes, donde el resultado termin\u00f3 pasando a un segundo plano despu\u00e9s de que el brasile\u00f1o Vin\u00edcius Jr. y el franc\u00e9s Kylian Mbapp\u00e9, del\u2026","rel":"","context":"In &quot;Noticias Nacionales&quot;","block_context":{"text":"Noticias Nacionales","link":"https:\/\/noticiasya.com\/san-diego\/categoria\/noticias-nacionales"},"img":{"alt_text":"","src":"","width":0,"height":0},"classes":[]},{"id":1471406,"url":"https:\/\/noticiasya.com\/san-diego\/2026\/02\/18\/sanciones-uefa-fifa-casos-racismo-orix\/","url_meta":{"origin":1473652,"position":4},"title":"\u00bfC\u00f3mo sancionan la UEFA y la FIFA los actos de racismo en el f\u00fatbol?","author":"","date":"febrero 18, 2026","format":false,"excerpt":"La UEFA, la m\u00e1xima entidad supervisora del f\u00fatbol en Europa, anunci\u00f3 que design\u00f3 a un inspector de \u00c9tica y Disciplina de su propio organismo para investigar las acusaciones de un supuesto comportamiento discriminatorio durante el encuentro de la Champions League entre el Benfica y el Real Madrid por el partido\u2026","rel":"","context":"In &quot;Noticias Nacionales&quot;","block_context":{"text":"Noticias Nacionales","link":"https:\/\/noticiasya.com\/san-diego\/categoria\/noticias-nacionales"},"img":{"alt_text":"","src":"","width":0,"height":0},"classes":[]},{"id":1467195,"url":"https:\/\/noticiasya.com\/san-diego\/2025\/10\/07\/argentina-nigeria-octavos-mundial-sub20-previa-orix\/","url_meta":{"origin":1473652,"position":5},"title":"Argentina vs. Nigeria, por los octavos de final del Mundial Sub-20: previa, horario y c\u00f3mo ver en vivo por TV e internet","author":"","date":"octubre 7, 2025","format":false,"excerpt":"No hay Mundial sin un Argentina vs. Nigeria. No hay caso. Es una figurita repetida en Copas del Mundo de mayores y juveniles, y tambi\u00e9n en Juegos Ol\u00edmpicos. Este mi\u00e9rcoles, ambas selecciones agregar\u00e1n un nuevo cap\u00edtulo a esta creciente rivalidad futbol\u00edstica, en este caso en un partido v\u00e1lido por los\u2026","rel":"","context":"In &quot;Noticias Nacionales&quot;","block_context":{"text":"Noticias Nacionales","link":"https:\/\/noticiasya.com\/san-diego\/categoria\/noticias-nacionales"},"img":{"alt_text":"","src":"","width":0,"height":0},"classes":[]}],"jetpack_sharing_enabled":true,"_links":{"self":[{"href":"https:\/\/noticiasya.com\/san-diego\/wp-json\/wp\/v2\/posts\/1473652","targetHints":{"allow":["GET"]}}],"collection":[{"href":"https:\/\/noticiasya.com\/san-diego\/wp-json\/wp\/v2\/posts"}],"about":[{"href":"https:\/\/noticiasya.com\/san-diego\/wp-json\/wp\/v2\/types\/post"}],"replies":[{"embeddable":true,"href":"https:\/\/noticiasya.com\/san-diego\/wp-json\/wp\/v2\/comments?post=1473652"}],"version-history":[{"count":0,"href":"https:\/\/noticiasya.com\/san-diego\/wp-json\/wp\/v2\/posts\/1473652\/revisions"}],"wp:attachment":[{"href":"https:\/\/noticiasya.com\/san-diego\/wp-json\/wp\/v2\/media?parent=1473652"}],"wp:term":[{"taxonomy":"category","embeddable":true,"href":"https:\/\/noticiasya.com\/san-diego\/wp-json\/wp\/v2\/categories?post=1473652"},{"taxonomy":"post_tag","embeddable":true,"href":"https:\/\/noticiasya.com\/san-diego\/wp-json\/wp\/v2\/tags?post=1473652"}],"curies":[{"name":"wp","href":"https:\/\/api.w.org\/{rel}","templated":true}]}}