{"id":1473654,"date":"2026-04-29T19:03:43","date_gmt":"2026-04-30T02:03:43","guid":{"rendered":"https:\/\/noticiasya.com\/2026\/04\/29\/acusacion-james-comey-libertad-expresion-analisis-trax\/"},"modified":"2026-04-29T19:03:43","modified_gmt":"2026-04-30T02:03:43","slug":"acusacion-james-comey-libertad-expresion-analisis-trax","status":"publish","type":"post","link":"https:\/\/noticiasya.com\/san-diego\/2026\/04\/29\/acusacion-james-comey-libertad-expresion-analisis-trax\/","title":{"rendered":"La acusaci\u00f3n a James Comey parece ser una mala noticia para mucha gente, incluido Trump"},"content":{"rendered":"<p>La segunda acusaci\u00f3n del Gobierno de Trump contra el exdirector del FBI James Comey parece ubicarse en una pendiente muy resbaladiza.<\/p>\n<p>La supuesta infracci\u00f3n penal de Comey consiste en publicar una imagen de conchas marinas dispuestas para formar \u201c86 47\u201d. El t\u00e9rmino \u201c86\u201d es jerga que normalmente se usa para hablar de tirar o eliminar algo, y Donald Trump es el 47\u00ba presidente. La administraci\u00f3n sostuvo desde el principio que se trataba de una amenaza contra Trump.<\/p>\n<p>Pero muchos estadounidenses, incluidos algunos aliados destacados de Trump, podr\u00edan ser acusados o al menos investigados bajo esa l\u00f3gica.<\/p>\n<p>Tambi\u00e9n es ir\u00f3nico que el Departamento de Justicia (DOJ, por sus siglas en ingl\u00e9s) de Trump ahora est\u00e9 investigando y presentando acusaciones por contenido vagamente amenazante, dada la propia y larga historia de Trump con ese tipo de ret\u00f3rica.<\/p>\n<p>En teor\u00eda es posible que haya alguna prueba contundente que muestre que Comey entend\u00eda su publicaci\u00f3n como una amenaza real (algo que el DOJ debe demostrar). La acusaci\u00f3n de tres p\u00e1ginas del Departamento de Justicia no entra en muchos detalles.<\/p>\n<p>En mayo, cuando el Gobierno plante\u00f3 inicialmente este asunto, Comey dijo que no se dio cuenta de que \u201c86\u201d pod\u00eda tener algunas connotaciones potencialmente violentas y borr\u00f3 r\u00e1pidamente la publicaci\u00f3n.<\/p>\n<p>Pero la navaja de Occam parecer\u00eda indicar que este es un caso construido de manera endeble. Trump ya hab\u00eda dejado claro que quiere que se acuse a Comey y, cuando la primera acusaci\u00f3n contra el exdirector del FBI no prosper\u00f3, el presidente y otros funcionarios de la administraci\u00f3n declararon r\u00e1pidamente que la publicaci\u00f3n de las conchas era una amenaza antes de que se realizara realmente cualquier investigaci\u00f3n. Adem\u00e1s, esta no es la primera causa endeble contra un enemigo de Trump.<\/p>\n<p>Incluso algunos acad\u00e9micos jur\u00eddicos conservadores y aliados de Trump se han mostrado bastante esc\u00e9pticos respecto de los cargos contra Comey.<\/p>\n<p>Parte del problema del Gobierno podr\u00eda ser demostrar que esto no es una persecuci\u00f3n selectiva. Muchos otros han usado la f\u00f3rmula \u201c86\u201d sin que se interpretara como una amenaza.<\/p>\n<p>Quiz\u00e1 el ejemplo m\u00e1s destacado sea el del influencer pro-Trump Jack Posobiec, que en 2022 public\u00f3 \u201c86 46\u201d. Es lo mismo que public\u00f3 Comey, salvo que sustituye a Biden (el 46.\u00ba presidente) por Trump. (Posobiec ha afirmado que la publicaci\u00f3n de Comey era un llamado al asesinato, pero su publicaci\u00f3n sobre Biden sigue en l\u00ednea hasta el d\u00eda de hoy.)<\/p>\n<p>Dos a\u00f1os despu\u00e9s, el tambi\u00e9n influencer pro-Trump Scott Adams public\u00f3: \u201cLa simulaci\u00f3n dice que es hora de \u201886\u2019 a Biden.\u201d<\/p>\n<p>No hay evidencia de que ninguno de los dos hombres haya sido investigado por posibles amenazas. Adams muri\u00f3 en enero.<\/p>\n<p>Tampoco hay evidencia de una investigaci\u00f3n similar sobre la gobernadora dem\u00f3crata de Michigan, Gretchen Whitmer, quien apareci\u00f3 en TV en 2020 con \u201c86 45\u201d mostrado a su lado. (Trump, por supuesto, tambi\u00e9n fue el 45.\u00ba presidente.)<\/p>\n<p>Otros aliados de Trump tambi\u00e9n han usado \u201c86\u201d en contextos pol\u00edticos de maneras que dejan claro que no es una amenaza evidente.<\/p>\n<p>El exrepresentante republicano Matt Gaetz de Florida en 2024 celebr\u00f3 haber \u201c86\u2019d\u201d a una serie de republicanos que hab\u00edan sido removidos de puestos de liderazgo, no asesinados.<\/p>\n<p>Y, de forma similar a Posobiec, el presentador de Fox News Jesse Watters el a\u00f1o pasado concluy\u00f3 que el uso de \u201c86\u201d por parte de Comey significaba que hab\u00eda \u201cpuesto un sicario tras Trump\u201d. Pero meses despu\u00e9s, Watters us\u00f3 el mismo t\u00e9rmino para dos personas diferentes que simplemente fueron apartadas de sus cargos pol\u00edticos.<\/p>\n<p>Y luego est\u00e1 simplemente el enorme volumen de mercanc\u00eda con \u201c86\u201d que existe. Minoristas en l\u00ednea como Amazon han estado vendiendo durante a\u00f1os art\u00edculos con \u201c86 47\u201d, \u201c86 46\u201d, \u201c86 45\u201d e incluso \u201c86 44\u201d (para el expresidente Barack Obama) estampados en ellos. Esos art\u00edculos \u2014muchos de los cuales se comercializan como llamados a sacar a presidentes del cargo, no a matarlos\u2014 siguen disponibles hasta el d\u00eda de hoy.<\/p>\n<p>\u00bfVa el DOJ a investigar a las personas que vendieron y compraron esa ropa?<\/p>\n<p>Cuando se le cuestion\u00f3 esta semana sobre los otros ejemplos \u2014espec\u00edficamente los de Posobiec y Whitmer\u2014 el secretario de Justicia interino, Todd Blanche, sugiri\u00f3 que el caso de Comey es de alguna manera diferente, sin detallar c\u00f3mo.<\/p>\n<p>\u201cEl mero hecho de que haya una foto similar publicada o una declaraci\u00f3n similar hecha \u2014 eso es cierto todos los d\u00edas\u201d, dijo Blanche a CBS News el mi\u00e9rcoles, y a\u00f1adi\u00f3: \u201cNo se acusa formalmente a cada una de esas personas. Depende de los hechos de cada caso\u201d.<\/p>\n<p>Pero Blanche concedi\u00f3 que \u201cno ten\u00eda idea de si hubo una investigaci\u00f3n sobre las otras veces que se ha hecho esa publicaci\u00f3n y si esa investigaci\u00f3n arroj\u00f3 resultados diferentes\u201d.<\/p>\n<p>Esta tampoco es la primera vez que el Departamento de Justicia de Trump podr\u00eda ser acusado de manera plausible de tratar de forma diferente a amigos y enemigos mientras impulsa la campa\u00f1a de represalias de Trump.<\/p>\n<p>El a\u00f1o pasado, el Gobierno examin\u00f3 a una serie de adversarios de Trump por posible fraude hipotecario, incluido el senador Adam Schiff de California, la fiscal general de Nueva York Letitia James (quien fue acusada formalmente antes de que el caso fuera desestimado) y la gobernadora de la Reserva Federal Lisa Cook (a quien Trump ha intentado despedir de su cargo por las acusaciones). Pero no hay evidencia de que se haya aplicado un escrutinio similar a republicanos con problemas hipotecarios potenciales muy similares, como el fiscal general de Texas y aspirante al Senado Ken Paxton y algunos funcionarios del gabinete de Trump.<\/p>\n<p>El otro punto clave aqu\u00ed es que el est\u00e1ndar de enjuiciamiento de Comey parecer\u00eda ser uno preocupante para el propio Trump.<\/p>\n<p>Trump, despu\u00e9s de todo, ha dicho y publicado con frecuencia cosas vagamente amenazantes.<\/p>\n<ul>\n<li>En 2016, Trump hizo referencia a c\u00f3mo la \u201cgente de la Segunda Enmienda\u201d podr\u00eda impedir que la entonces candidata presidencial dem\u00f3crata Hillary Clinton nombrara jueces.<\/li>\n<li>En 2020, public\u00f3 un video de uno de sus seguidores diciendo: \u201cEl \u00fanico dem\u00f3crata bueno es un dem\u00f3crata muerto\u201d.<\/li>\n<li>En 2023, Trump public\u00f3 un art\u00edculo de noticias que presentaba una imagen de \u00e9l empu\u00f1ando un bate de b\u00e9isbol, yuxtapuesta con una imagen del fiscal de Manhattan Alvin Bragg. El propio abogado de Trump lo calific\u00f3 de \u201cimprudente\u201d.<\/li>\n<li>A principios de 2024, Trump comparti\u00f3 una imagen de un cami\u00f3n con el port\u00f3n trasero ilustrado como si mostrara a Biden atado de pies y manos en la caja del cami\u00f3n.<\/li>\n<li>Hacia el final de la campa\u00f1a de 2024, Trump especul\u00f3 sobre una circunstancia en la que Liz Cheney estar\u00eda \u201cde pie all\u00ed con nueve ca\u00f1ones dispar\u00e1ndole\u201d.<\/li>\n<li>Y ha sugerido repetidamente que sus oponentes podr\u00edan merecer ser ejecutados.<\/li>\n<\/ul>\n<p>Esto es solo una peque\u00f1a parte de la ret\u00f3rica violenta de Trump, centrada en cosas que podr\u00edan argumentarse de manera plausible que eran amenazas contra personas espec\u00edficas, particularmente si se est\u00e1 usando el nuevo est\u00e1ndar de Comey.<\/p>\n<p>Parece poco probable que el enjuiciamiento de Comey conduzca a una condena. Pero podr\u00eda decirnos mucho sobre qu\u00e9 tan desesperada se est\u00e1 volviendo la administraci\u00f3n en su af\u00e1n por apuntar contra los adversarios de Trump.<\/p>\n<p>Como dijo el mi\u00e9rcoles a CNN el senador republicano Thom Tillis de Carolina del Norte: \u201cSimplemente creo que es otro ejemplo que vamos a lamentar, porque estamos dejando la vara demasiada baja\u201d.\u201d<\/p>\n<p>The-CNN-Wire<br \/>&trade; &amp; &copy; 2026 Cable News Network, Inc., a Warner Bros. Discovery Company. All rights reserved.<\/p>\n","protected":false},"excerpt":{"rendered":"<p>La segunda acusaci\u00f3n del Gobierno de Trump contra el exdirector del FBI James Comey parece ubicarse en una pendiente muy resbaladiza. La supuesta infracci\u00f3n penal de Comey consiste en publicar una imagen de conchas marinas dispuestas para formar \u201c86 47\u201d. El t\u00e9rmino \u201c86\u201d es jerga que normalmente se usa para hablar de tirar o eliminar [&hellip;]<\/p>\n","protected":false},"author":0,"featured_media":0,"comment_status":"open","ping_status":"open","sticky":false,"template":"","format":"standard","meta":{"_jetpack_memberships_contains_paid_content":false,"footnotes":""},"categories":[10],"tags":[],"class_list":["post-1473654","post","type-post","status-publish","format-standard","hentry","category-noticias-nacionales","market-global"],"yoast_head":"<!-- This site is optimized with the Yoast SEO plugin v24.4 - https:\/\/yoast.com\/wordpress\/plugins\/seo\/ -->\n<title>La acusaci\u00f3n a James Comey parece ser una mala noticia para mucha gente, incluido Trump - Noticias<\/title>\n<meta name=\"robots\" content=\"index, follow, max-snippet:-1, max-image-preview:large, max-video-preview:-1\" \/>\n<link rel=\"canonical\" href=\"https:\/\/noticiasya.com\/2026\/04\/29\/acusacion-james-comey-libertad-expresion-analisis-trax\/\" \/>\n<meta property=\"og:locale\" content=\"es_ES\" \/>\n<meta property=\"og:type\" content=\"article\" \/>\n<meta property=\"og:title\" content=\"La acusaci\u00f3n a James Comey parece ser una mala noticia para mucha gente, incluido Trump - Noticias\" \/>\n<meta property=\"og:description\" content=\"La segunda acusaci\u00f3n del Gobierno de Trump contra el exdirector del FBI James Comey parece ubicarse en una pendiente muy resbaladiza. La supuesta infracci\u00f3n penal de Comey consiste en publicar una imagen de conchas marinas dispuestas para formar \u201c86 47\u201d. El t\u00e9rmino \u201c86\u201d es jerga que normalmente se usa para hablar de tirar o eliminar [&hellip;]\" \/>\n<meta property=\"og:url\" content=\"https:\/\/noticiasya.com\/2026\/04\/29\/acusacion-james-comey-libertad-expresion-analisis-trax\/\" \/>\n<meta property=\"og:site_name\" content=\"Noticias\" \/>\n<meta property=\"article:published_time\" content=\"2026-04-30T02:03:43+00:00\" \/>\n<meta name=\"twitter:card\" content=\"summary_large_image\" \/>\n<meta name=\"twitter:label1\" content=\"Est. reading time\" \/>\n\t<meta name=\"twitter:data1\" content=\"6 minutos\" \/>\n<script type=\"application\/ld+json\" class=\"yoast-schema-graph\">{\"@context\":\"https:\/\/schema.org\",\"@graph\":[{\"@type\":\"Article\",\"@id\":\"https:\/\/noticiasya.com\/2026\/04\/29\/acusacion-james-comey-libertad-expresion-analisis-trax\/#article\",\"isPartOf\":{\"@id\":\"https:\/\/noticiasya.com\/2026\/04\/29\/acusacion-james-comey-libertad-expresion-analisis-trax\/\"},\"author\":{\"name\":\"\",\"@id\":\"\"},\"headline\":\"La acusaci\u00f3n a James Comey parece ser una mala noticia para mucha gente, incluido Trump\",\"datePublished\":\"2026-04-30T02:03:43+00:00\",\"mainEntityOfPage\":{\"@id\":\"https:\/\/noticiasya.com\/2026\/04\/29\/acusacion-james-comey-libertad-expresion-analisis-trax\/\"},\"wordCount\":1295,\"commentCount\":0,\"publisher\":{\"@id\":\"https:\/\/noticiasya.com\/#organization\"},\"articleSection\":[\"Noticias Nacionales\"],\"inLanguage\":\"es\",\"potentialAction\":[{\"@type\":\"CommentAction\",\"name\":\"Comment\",\"target\":[\"https:\/\/noticiasya.com\/2026\/04\/29\/acusacion-james-comey-libertad-expresion-analisis-trax\/#respond\"]}]},{\"@type\":\"WebPage\",\"@id\":\"https:\/\/noticiasya.com\/2026\/04\/29\/acusacion-james-comey-libertad-expresion-analisis-trax\/\",\"url\":\"https:\/\/noticiasya.com\/2026\/04\/29\/acusacion-james-comey-libertad-expresion-analisis-trax\/\",\"name\":\"La acusaci\u00f3n a James Comey parece ser una mala noticia para mucha gente, incluido Trump - Noticias\",\"isPartOf\":{\"@id\":\"https:\/\/noticiasya.com\/#website\"},\"datePublished\":\"2026-04-30T02:03:43+00:00\",\"breadcrumb\":{\"@id\":\"https:\/\/noticiasya.com\/2026\/04\/29\/acusacion-james-comey-libertad-expresion-analisis-trax\/#breadcrumb\"},\"inLanguage\":\"es\",\"potentialAction\":[{\"@type\":\"ReadAction\",\"target\":[\"https:\/\/noticiasya.com\/2026\/04\/29\/acusacion-james-comey-libertad-expresion-analisis-trax\/\"]}]},{\"@type\":\"BreadcrumbList\",\"@id\":\"https:\/\/noticiasya.com\/2026\/04\/29\/acusacion-james-comey-libertad-expresion-analisis-trax\/#breadcrumb\",\"itemListElement\":[{\"@type\":\"ListItem\",\"position\":1,\"name\":\"Home\",\"item\":\"https:\/\/noticiasya.com\/\"},{\"@type\":\"ListItem\",\"position\":2,\"name\":\"La acusaci\u00f3n a James Comey parece ser una mala noticia para mucha gente, incluido Trump\"}]},{\"@type\":\"WebSite\",\"@id\":\"https:\/\/noticiasya.com\/#website\",\"url\":\"https:\/\/noticiasya.com\/\",\"name\":\"Noticias\",\"description\":\"Lo que importa\",\"publisher\":{\"@id\":\"https:\/\/noticiasya.com\/#organization\"},\"potentialAction\":[{\"@type\":\"SearchAction\",\"target\":{\"@type\":\"EntryPoint\",\"urlTemplate\":\"https:\/\/noticiasya.com\/?s={search_term_string}\"},\"query-input\":{\"@type\":\"PropertyValueSpecification\",\"valueRequired\":true,\"valueName\":\"search_term_string\"}}],\"inLanguage\":\"es\"},{\"@type\":\"Organization\",\"@id\":\"https:\/\/noticiasya.com\/#organization\",\"name\":\"Noticias\",\"url\":\"https:\/\/noticiasya.com\/\",\"logo\":{\"@type\":\"ImageObject\",\"inLanguage\":\"es\",\"@id\":\"https:\/\/noticiasya.com\/#\/schema\/logo\/image\/\",\"url\":\"https:\/\/noticiasya.com\/wp-content\/uploads\/sites\/22\/2023\/12\/logo-nacional.png\",\"contentUrl\":\"https:\/\/noticiasya.com\/wp-content\/uploads\/sites\/22\/2023\/12\/logo-nacional.png\",\"width\":1801,\"height\":691,\"caption\":\"Noticias\"},\"image\":{\"@id\":\"https:\/\/noticiasya.com\/#\/schema\/logo\/image\/\"}}]}<\/script>\n<!-- \/ Yoast SEO plugin. -->","yoast_head_json":{"title":"La acusaci\u00f3n a James Comey parece ser una mala noticia para mucha gente, incluido Trump - Noticias","robots":{"index":"index","follow":"follow","max-snippet":"max-snippet:-1","max-image-preview":"max-image-preview:large","max-video-preview":"max-video-preview:-1"},"canonical":"https:\/\/noticiasya.com\/2026\/04\/29\/acusacion-james-comey-libertad-expresion-analisis-trax\/","og_locale":"es_ES","og_type":"article","og_title":"La acusaci\u00f3n a James Comey parece ser una mala noticia para mucha gente, incluido Trump - Noticias","og_description":"La segunda acusaci\u00f3n del Gobierno de Trump contra el exdirector del FBI James Comey parece ubicarse en una pendiente muy resbaladiza. La supuesta infracci\u00f3n penal de Comey consiste en publicar una imagen de conchas marinas dispuestas para formar \u201c86 47\u201d. El t\u00e9rmino \u201c86\u201d es jerga que normalmente se usa para hablar de tirar o eliminar [&hellip;]","og_url":"https:\/\/noticiasya.com\/2026\/04\/29\/acusacion-james-comey-libertad-expresion-analisis-trax\/","og_site_name":"Noticias","article_published_time":"2026-04-30T02:03:43+00:00","twitter_card":"summary_large_image","twitter_misc":{"Est. reading time":"6 minutos"},"schema":{"@context":"https:\/\/schema.org","@graph":[{"@type":"Article","@id":"https:\/\/noticiasya.com\/2026\/04\/29\/acusacion-james-comey-libertad-expresion-analisis-trax\/#article","isPartOf":{"@id":"https:\/\/noticiasya.com\/2026\/04\/29\/acusacion-james-comey-libertad-expresion-analisis-trax\/"},"author":{"name":"","@id":""},"headline":"La acusaci\u00f3n a James Comey parece ser una mala noticia para mucha gente, incluido Trump","datePublished":"2026-04-30T02:03:43+00:00","mainEntityOfPage":{"@id":"https:\/\/noticiasya.com\/2026\/04\/29\/acusacion-james-comey-libertad-expresion-analisis-trax\/"},"wordCount":1295,"commentCount":0,"publisher":{"@id":"https:\/\/noticiasya.com\/#organization"},"articleSection":["Noticias Nacionales"],"inLanguage":"es","potentialAction":[{"@type":"CommentAction","name":"Comment","target":["https:\/\/noticiasya.com\/2026\/04\/29\/acusacion-james-comey-libertad-expresion-analisis-trax\/#respond"]}]},{"@type":"WebPage","@id":"https:\/\/noticiasya.com\/2026\/04\/29\/acusacion-james-comey-libertad-expresion-analisis-trax\/","url":"https:\/\/noticiasya.com\/2026\/04\/29\/acusacion-james-comey-libertad-expresion-analisis-trax\/","name":"La acusaci\u00f3n a James Comey parece ser una mala noticia para mucha gente, incluido Trump - Noticias","isPartOf":{"@id":"https:\/\/noticiasya.com\/#website"},"datePublished":"2026-04-30T02:03:43+00:00","breadcrumb":{"@id":"https:\/\/noticiasya.com\/2026\/04\/29\/acusacion-james-comey-libertad-expresion-analisis-trax\/#breadcrumb"},"inLanguage":"es","potentialAction":[{"@type":"ReadAction","target":["https:\/\/noticiasya.com\/2026\/04\/29\/acusacion-james-comey-libertad-expresion-analisis-trax\/"]}]},{"@type":"BreadcrumbList","@id":"https:\/\/noticiasya.com\/2026\/04\/29\/acusacion-james-comey-libertad-expresion-analisis-trax\/#breadcrumb","itemListElement":[{"@type":"ListItem","position":1,"name":"Home","item":"https:\/\/noticiasya.com\/"},{"@type":"ListItem","position":2,"name":"La acusaci\u00f3n a James Comey parece ser una mala noticia para mucha gente, incluido Trump"}]},{"@type":"WebSite","@id":"https:\/\/noticiasya.com\/#website","url":"https:\/\/noticiasya.com\/","name":"Noticias","description":"Lo que importa","publisher":{"@id":"https:\/\/noticiasya.com\/#organization"},"potentialAction":[{"@type":"SearchAction","target":{"@type":"EntryPoint","urlTemplate":"https:\/\/noticiasya.com\/?s={search_term_string}"},"query-input":{"@type":"PropertyValueSpecification","valueRequired":true,"valueName":"search_term_string"}}],"inLanguage":"es"},{"@type":"Organization","@id":"https:\/\/noticiasya.com\/#organization","name":"Noticias","url":"https:\/\/noticiasya.com\/","logo":{"@type":"ImageObject","inLanguage":"es","@id":"https:\/\/noticiasya.com\/#\/schema\/logo\/image\/","url":"https:\/\/noticiasya.com\/wp-content\/uploads\/sites\/22\/2023\/12\/logo-nacional.png","contentUrl":"https:\/\/noticiasya.com\/wp-content\/uploads\/sites\/22\/2023\/12\/logo-nacional.png","width":1801,"height":691,"caption":"Noticias"},"image":{"@id":"https:\/\/noticiasya.com\/#\/schema\/logo\/image\/"}}]}},"parsely":{"version":"1.1.0","canonical_url":"https:\/\/noticiasya.com\/san-diego\/2026\/04\/29\/acusacion-james-comey-libertad-expresion-analisis-trax\/","smart_links":{"inbound":0,"outbound":0},"traffic_boost_suggestions_count":0,"meta":{"@context":"https:\/\/schema.org","@type":"NewsArticle","headline":"La acusaci\u00f3n a James Comey parece ser una mala noticia para mucha gente, incluido Trump","url":"http:\/\/noticiasya.com\/san-diego\/2026\/04\/29\/acusacion-james-comey-libertad-expresion-analisis-trax\/","mainEntityOfPage":{"@type":"WebPage","@id":"http:\/\/noticiasya.com\/san-diego\/2026\/04\/29\/acusacion-james-comey-libertad-expresion-analisis-trax\/"},"thumbnailUrl":"","image":{"@type":"ImageObject","url":""},"articleSection":"Noticias Nacionales","author":[],"creator":[],"publisher":{"@type":"Organization","name":"Noticias","logo":""},"keywords":[],"dateCreated":"2026-04-30T02:03:43Z","datePublished":"2026-04-30T02:03:43Z","dateModified":"2026-04-30T02:03:43Z"},"rendered":"<script type=\"application\/ld+json\" class=\"wp-parsely-metadata\">{\"@context\":\"https:\\\/\\\/schema.org\",\"@type\":\"NewsArticle\",\"headline\":\"La acusaci\\u00f3n a James Comey parece ser una mala noticia para mucha gente, incluido Trump\",\"url\":\"http:\\\/\\\/noticiasya.com\\\/san-diego\\\/2026\\\/04\\\/29\\\/acusacion-james-comey-libertad-expresion-analisis-trax\\\/\",\"mainEntityOfPage\":{\"@type\":\"WebPage\",\"@id\":\"http:\\\/\\\/noticiasya.com\\\/san-diego\\\/2026\\\/04\\\/29\\\/acusacion-james-comey-libertad-expresion-analisis-trax\\\/\"},\"thumbnailUrl\":\"\",\"image\":{\"@type\":\"ImageObject\",\"url\":\"\"},\"articleSection\":\"Noticias Nacionales\",\"author\":[],\"creator\":[],\"publisher\":{\"@type\":\"Organization\",\"name\":\"Noticias\",\"logo\":\"\"},\"keywords\":[],\"dateCreated\":\"2026-04-30T02:03:43Z\",\"datePublished\":\"2026-04-30T02:03:43Z\",\"dateModified\":\"2026-04-30T02:03:43Z\"}<\/script>","tracker_url":"https:\/\/cdn.parsely.com\/keys\/noticiasya.com\/p.js"},"jetpack_featured_media_url":"","jetpack-related-posts":[{"id":1467200,"url":"https:\/\/noticiasya.com\/san-diego\/2025\/10\/08\/exdirector-fbi-james-comey-procesado-trax\/","url_meta":{"origin":1473654,"position":0},"title":"El exdirector del FBI James Comey ser\u00e1 procesado este mi\u00e9rcoles","author":"","date":"octubre 8, 2025","format":false,"excerpt":"En 2017, el presidente Donald Trump rompi\u00f3 con las normas al despedir a James Comey como director del FBI, que investigaba su campa\u00f1a. Este mi\u00e9rcoles, Comey comparecer\u00e1 ante el tribunal por los cargos penales que Trump ha presentado como parte de una venganza pol\u00edtica.Comey comparecer\u00e1 ante un juez federal en\u2026","rel":"","context":"In &quot;Noticias Nacionales&quot;","block_context":{"text":"Noticias Nacionales","link":"https:\/\/noticiasya.com\/san-diego\/categoria\/noticias-nacionales"},"img":{"alt_text":"","src":"","width":0,"height":0},"classes":[]},{"id":1473638,"url":"https:\/\/noticiasya.com\/san-diego\/2026\/04\/29\/james-comey-fbi-entrega-trump-trax\/","url_meta":{"origin":1473654,"position":1},"title":"James Comey, exdirector del FBI, se entrega y comparece ante el tribunal por presuntas amenazas contra Trump","author":"","date":"abril 29, 2026","format":false,"excerpt":"James Comey, exdirector del FBI, se entreg\u00f3 el mi\u00e9rcoles a las autoridades en un tribunal federal del Distrito Este de Virginia.Fue arrestado brevemente antes de su primera comparecencia ante el tribunal. La audiencia dur\u00f3 menos de 10 minutos.Seg\u00fan documentos judiciales, Comey est\u00e1 acusado de proferir amenazas contra el presidente y\u2026","rel":"","context":"In &quot;Noticias Nacionales&quot;","block_context":{"text":"Noticias Nacionales","link":"https:\/\/noticiasya.com\/san-diego\/categoria\/noticias-nacionales"},"img":{"alt_text":"","src":"","width":0,"height":0},"classes":[]},{"id":1469020,"url":"https:\/\/noticiasya.com\/san-diego\/2025\/12\/05\/campana-represalias-trump-va-mal-analisis-trax\/","url_meta":{"origin":1473654,"position":2},"title":"La campa\u00f1a de represalias de Trump va mal, y podr\u00eda volverse en su contra","author":"","date":"diciembre 5, 2025","format":false,"excerpt":"Es tan raro que un jurado investigador federal rechace una acusaci\u00f3n que ocurri\u00f3 cinco veces en el a\u00f1o fiscal 2013, seg\u00fan la Oficina de Estad\u00edsticas de Justicia. Cinco veces. En todo Estados Unidos. De m\u00e1s de 165.000 casos.Eso es 1 de cada 33.000 casos. En porcentaje, es 0,003 %.Sin embargo,\u2026","rel":"","context":"In &quot;Noticias Nacionales&quot;","block_context":{"text":"Noticias Nacionales","link":"https:\/\/noticiasya.com\/san-diego\/categoria\/noticias-nacionales"},"img":{"alt_text":"","src":"","width":0,"height":0},"classes":[]},{"id":1466905,"url":"https:\/\/noticiasya.com\/san-diego\/2025\/09\/27\/acusacion-comey-diferente-acusacion-biden-trump-trax\/","url_meta":{"origin":1473654,"position":3},"title":"Por qu\u00e9 la acusaci\u00f3n contra Comey es diferente a la del Departamento de Justicia de Biden contra Trump","author":"","date":"septiembre 27, 2025","format":false,"excerpt":"El exdirector del FBI James Comey fue acusado formalmente el jueves. La noticia lleg\u00f3 apenas d\u00edas despu\u00e9s de que el presidente Donald Trump obligara a renunciar a un fiscal federal de EE.UU. que se neg\u00f3 a presentar tales cargos, presionara p\u00fablicamente para procesar a Comey y otros adversarios pol\u00edticos, e\u2026","rel":"","context":"In &quot;Noticias Nacionales&quot;","block_context":{"text":"Noticias Nacionales","link":"https:\/\/noticiasya.com\/san-diego\/categoria\/noticias-nacionales"},"img":{"alt_text":"","src":"","width":0,"height":0},"classes":[]},{"id":1473631,"url":"https:\/\/noticiasya.com\/san-diego\/2026\/04\/29\/kimmel-comey-trump-libertad-expresion-trax\/","url_meta":{"origin":1473654,"position":4},"title":"Los casos de Kimmel y Comey reflejan la negativa visi\u00f3n de Trump sobre la libertad de expresi\u00f3n de sus adversarios","author":"","date":"abril 29, 2026","format":false,"excerpt":"Tres semanas despu\u00e9s de que el presidente de EE.UU., Donald Trump, asumiera su segundo mandato el a\u00f1o pasado, el vicepresidente J. D. Vance dio una tristemente c\u00e9lebre lecci\u00f3n a Europa sobre sus abusos a la libertad de expresi\u00f3n. Tambi\u00e9n hizo una promesa.\u201cAs\u00ed como la administraci\u00f3n Biden parec\u00eda desesperada por silenciar\u2026","rel":"","context":"In &quot;Noticias Nacionales&quot;","block_context":{"text":"Noticias Nacionales","link":"https:\/\/noticiasya.com\/san-diego\/categoria\/noticias-nacionales"},"img":{"alt_text":"","src":"","width":0,"height":0},"classes":[]},{"id":1467464,"url":"https:\/\/noticiasya.com\/san-diego\/2025\/10\/17\/bolton-acusacion-diferente-trax\/","url_meta":{"origin":1473654,"position":5},"title":"Por qu\u00e9 la acusaci\u00f3n contra Bolton es diferente de los casos de Comey y James","author":"","date":"octubre 17, 2025","format":false,"excerpt":"Por tercera vez en tres semanas, el Departamento de Justicia del presidente Donald Trump ha logrado una acusaci\u00f3n contra uno de sus enemigos m\u00e1s destacados, alguien a quien Trump ha se\u00f1alado por supuestos delitos y ha indicado que deber\u00eda ser procesado.John Bolton, quien se desempe\u00f1\u00f3 como asesor de seguridad nacional\u2026","rel":"","context":"In &quot;Noticias Nacionales&quot;","block_context":{"text":"Noticias Nacionales","link":"https:\/\/noticiasya.com\/san-diego\/categoria\/noticias-nacionales"},"img":{"alt_text":"","src":"","width":0,"height":0},"classes":[]}],"jetpack_sharing_enabled":true,"_links":{"self":[{"href":"https:\/\/noticiasya.com\/san-diego\/wp-json\/wp\/v2\/posts\/1473654","targetHints":{"allow":["GET"]}}],"collection":[{"href":"https:\/\/noticiasya.com\/san-diego\/wp-json\/wp\/v2\/posts"}],"about":[{"href":"https:\/\/noticiasya.com\/san-diego\/wp-json\/wp\/v2\/types\/post"}],"replies":[{"embeddable":true,"href":"https:\/\/noticiasya.com\/san-diego\/wp-json\/wp\/v2\/comments?post=1473654"}],"version-history":[{"count":0,"href":"https:\/\/noticiasya.com\/san-diego\/wp-json\/wp\/v2\/posts\/1473654\/revisions"}],"wp:attachment":[{"href":"https:\/\/noticiasya.com\/san-diego\/wp-json\/wp\/v2\/media?parent=1473654"}],"wp:term":[{"taxonomy":"category","embeddable":true,"href":"https:\/\/noticiasya.com\/san-diego\/wp-json\/wp\/v2\/categories?post=1473654"},{"taxonomy":"post_tag","embeddable":true,"href":"https:\/\/noticiasya.com\/san-diego\/wp-json\/wp\/v2\/tags?post=1473654"}],"curies":[{"name":"wp","href":"https:\/\/api.w.org\/{rel}","templated":true}]}}