{"id":1473656,"date":"2026-04-29T19:03:44","date_gmt":"2026-04-30T02:03:44","guid":{"rendered":"https:\/\/noticiasya.com\/2026\/04\/29\/gritos-rocky-pochoclos-milei-vocero-congreso-show-orix\/"},"modified":"2026-04-29T19:03:44","modified_gmt":"2026-04-30T02:03:44","slug":"gritos-rocky-pochoclos-milei-vocero-congreso-show-orix","status":"publish","type":"post","link":"https:\/\/noticiasya.com\/san-diego\/2026\/04\/29\/gritos-rocky-pochoclos-milei-vocero-congreso-show-orix\/","title":{"rendered":"Entre gritos y palomitas de ma\u00edz, Milei defendi\u00f3 en el Congreso de Argentina a su vocero Adorni, afectado por esc\u00e1ndalos"},"content":{"rendered":"<p>Antes de que la sesi\u00f3n especial empezara, Milei ya sab\u00eda de qu\u00e9 se trataba. Decidi\u00f3 respaldar a su cuestionado jefe de Gabinete y vocero, Manuel Adorni, con una foto y un video musicalizado por una de las <a href=\"https:\/\/x.com\/LANACION\/status\/2049493390245412907\">canciones identificadas con la pel\u00edcula Rocky,<\/a> aquel her\u00f3ico boxeador de Philadelphia encarnado por Silvester Stallone.<\/p>\n<p> Junto a todo su gabinete, Milei fue a una batalla, a dar una pelea para apoyar a uno de sus funcionarios m\u00e1s cercanos, que se encuentra<a href=\"https:\/\/cnnespanol.cnn.com\/2026\/04\/03\/argentina\/javier-milei-narrativa-honestidad-corrupcion-orix\" rel=\"noopener noreferrer\" target=\"_blank\"> en el ojo de la tormenta hace casi dos meses por diferentes esc\u00e1ndalos <\/a>que est\u00e1 investigando la justicia, a prop\u00f3sito de la evoluci\u00f3n de su patrimonio y sus gastos desde que comenz\u00f3 su funci\u00f3n al lado del presidente, en diciembre de 2023.<\/p>\n<p>Durante 45 minutos, Milei estuvo en uno de los palcos, salud\u00f3 con aplausos la llegada de su vocero al recinto y se cruz\u00f3 a los gritos con diputados de izquierda. Desde las gradas, los critic\u00f3 por tener una ideolog\u00eda y respald\u00f3 la posici\u00f3n del Gobierno en el conflicto en Medio Oriente, en el que Argentina sostiene un alineamiento sin matices con Estados Unidos y el Estado de Israel.<\/p>\n<p>La oposici\u00f3n tambi\u00e9n colabor\u00f3 con la atm\u00f3sfera m\u00e1s cercana a un show que a un debate parlamentario. El diputado por la provincia de Santa Fe, Esteban Paul\u00f3n, reparti\u00f3 palomitas de ma\u00edz en el recinto antes de la sesi\u00f3n, como si se tratara de la previa de una pel\u00edcula en el cine o de un espect\u00e1culo deportivo.<\/p>\n<p>El debate fue convocado para que Adorni diera su informe de gesti\u00f3n, obligaci\u00f3n mensual que tienen los jefes de gabinete en Argentina. Desde que asumi\u00f3, nunca hab\u00eda cumplido. Pero este mi\u00e9rcoles la expectativa estaba centrada en las explicaciones que ten\u00eda para dar por su situaci\u00f3n judicial, m\u00e1s que en conocer los logros del Gobierno.<\/p>\n<p>Durante una hora, el vocero hizo un balance de los principales objetivos cumplidos y repas\u00f3 los proyectos que el Gobierno tiene por delante. Atac\u00f3 a la oposici\u00f3n y se dispuso a responder preguntas durante m\u00e1s de seis horas, la mayor\u00eda de ellas vinculadas con los ruidosos episodios que lo complican.<\/p>\n<p>Fue la primera aparici\u00f3n del vocero en m\u00e1s de un mes. Guardaba silencio desde marzo, unos d\u00edas despu\u00e9s de que <a href=\"https:\/\/cnnespanol.cnn.com\/2026\/04\/03\/argentina\/javier-milei-narrativa-honestidad-corrupcion-orix\">estallara la catarata de acusaciones.<\/a> La foto de todo el gabinete respaldando fue una de las pocas muestras p\u00fablicas de apoyo que recibi\u00f3 de su propio gobierno.<\/p>\n<p>Sobre las denuncias por corrupci\u00f3n, Adorni dijo que no cometi\u00f3 ning\u00fan delito, que va a probarlo en la justicia, y que sus gastos no le ocasionaron ninguna costo al Estado.<\/p>\n<p>El vocero ten\u00eda preparado tambi\u00e9n una declaraci\u00f3n pol\u00edtica. Consultado sobre su futuro en el Gobierno, dijo \u201cno voy a renunciar\u201d.<\/p>\n<p>Ya sobre el final, volvi\u00f3 a una de las estrategias preferidas del gobierno: confrontar con el kirchnerismo. Les record\u00f3 a los diputados de ese espacio que su l\u00edder, Cristina Kirchner, se encuentra detenida por una condena por corrupci\u00f3n y que no son los indicados para hacer cuestionamientos morales.<\/p>\n<p>Los problemas para el jefe de Gabinete comenzaron en marzo, cuando<a href=\"https:\/\/cnnespanol.cnn.com\/2026\/04\/03\/argentina\/javier-milei-narrativa-honestidad-corrupcion-orix\"> se conoci\u00f3 que su esposa hab\u00eda sido invitada por presidencia para volar en el avi\u00f3n oficial rumbo a Nueva <\/a>York, con motivo de la realizaci\u00f3n del \u201cArgentina week\u201d, una actividad promocional para atraer inversores de diferentes sectores de la econom\u00eda. Adorni <a href=\"https:\/\/www.youtube.com\/shorts\/Tw7RAx-lIkE\">reconoci\u00f3 <\/a>en su momento que su mujer hab\u00eda viajado con \u00e9l, dijo que lo hizo porque la necesitaba a su lado, porque es \u201csu compa\u00f1era de vida\u201d, y postul\u00f3 una frase que gener\u00f3 controversias: \u201cyo vine una semana a deslomarme a Nueva York\u201d. Esa definici\u00f3n se viraliz\u00f3 y cay\u00f3 como una bomba en el humor social, a tal punto que el funcionario manifest\u00f3 su arrepentimiento unos d\u00edas despu\u00e9s.<\/p>\n<p>M\u00e1s all\u00e1 de la pol\u00e9mica, la justicia cerr\u00f3 la investigaci\u00f3n por inexistencia de delito en una causa por presunta malversaci\u00f3n de caudales p\u00fablicos, y Adorni lo <a href=\"https:\/\/x.com\/madorni\/status\/2047715998703227058\">celebr\u00f3 en su cuenta de X<\/a>: \u201cEl tiempo es un juez tan sabio, que no sentencia de inmediato, pero al final da la raz\u00f3n a quien la tiene\u201d.<\/p>\n<p>La justicia aval\u00f3 al jefe de Gabinete, pero no pudo diluir el <a href=\"https:\/\/chequeado.com\/el-explicador\/del-no-se-usara-para-familiares-al-viaje-con-su-esposa-la-polemica-por-el-uso-del-avion-presidencial-de-adorni-y-que-dice-la-ley-de-etica-publica\/\">dilema \u00e9tico<\/a> que signific\u00f3 permitirle viajar a su esposa en el avi\u00f3n presidencial. Ya era tarde para sosegar el impacto del asunto en la opini\u00f3n p\u00fablica. M\u00e1s a\u00fan, cuando fue el propio Adorni quien <a href=\"https:\/\/www.youtube.com\/watch?v=J5EmiNYuvrw\">dijo en agosto de 2024<\/a> que las aeronaves del Estado no iban a utilizarse nunca m\u00e1s para viajes particulares, para polarizar con el kirchnerismo, al que se lo se\u00f1ala por la utilizaci\u00f3n de aviones oficiales para objetivos personales.<\/p>\n<p>Tras la primer revelaci\u00f3n, las acusaciones contra el funcionario fueron apareciendo a diario, como un efecto cascada. Al d\u00eda de hoy, se lo investiga por enriquecimiento il\u00edcito e inconsistencias patrimoniales, tras una denuncia por la compra de inmuebles, bienes y gastos en viajes, todo incompatible con su nivel de ingresos.<\/p>\n<p>Existe adem\u00e1s otra causa abierta por uno de esos viajes particulares, con destino a Uruguay, que se realiz\u00f3 en un avi\u00f3n privado presuntamente alquilado por un contratista del Estado.<\/p>\n<p>Al margen de la sesi\u00f3n de esta tarde, el vocero ensay\u00f3 una defensa frente a estos se\u00f1alamientos, durante una conferencia de prensa el 25 de marzo, en la que se deslig\u00f3 de todos los casos y neg\u00f3 los cargos. \u201cMi patrimonio lo constru\u00ed antes de entrar al gobierno. No tengo nada que esconder. Estamos poniendo a disposici\u00f3n de la justicia y los organismos de control correspondientes toda la informaci\u00f3n que necesiten\u201d, argument\u00f3.<\/p>\n<p>En esa conferencia, Adorni <a href=\"https:\/\/www.youtube.com\/watch?v=uGK9pg_6E50\">resumi\u00f3 en una frase<\/a> el impacto simb\u00f3lico que tienen sus peripecias en la sociedad: \u201cNing\u00fan otro gobierno sostuvo una vara tan alta como la nuestra. Nunca\u201d. Es justamente por esa supuesta elevaci\u00f3n \u00e9tica y moral del gobierno que su caso hace tanto da\u00f1o. Milei hizo campa\u00f1a contra los comportamientos tradicionales de los pol\u00edticos y se ofreci\u00f3 a la sociedad como un l\u00edder honesto y austero. \u201cNo hay plata\u201d ha sido su lema frente a miles de demandas sociales. Ahora, la realidad interpela su discurso y jaquea el acuerdo que les propuso a los argentinos.<\/p>\n<p>The-CNN-Wire<br \/>&trade; &amp; &copy; 2026 Cable News Network, Inc., a Warner Bros. Discovery Company. All rights reserved.<\/p>\n","protected":false},"excerpt":{"rendered":"<p>Antes de que la sesi\u00f3n especial empezara, Milei ya sab\u00eda de qu\u00e9 se trataba. Decidi\u00f3 respaldar a su cuestionado jefe de Gabinete y vocero, Manuel Adorni, con una foto y un video musicalizado por una de las canciones identificadas con la pel\u00edcula Rocky, aquel her\u00f3ico boxeador de Philadelphia encarnado por Silvester Stallone. Junto a todo [&hellip;]<\/p>\n","protected":false},"author":0,"featured_media":0,"comment_status":"open","ping_status":"open","sticky":false,"template":"","format":"standard","meta":{"_jetpack_memberships_contains_paid_content":false,"footnotes":""},"categories":[10],"tags":[],"class_list":["post-1473656","post","type-post","status-publish","format-standard","hentry","category-noticias-nacionales","market-global"],"yoast_head":"<!-- This site is optimized with the Yoast SEO plugin v24.4 - https:\/\/yoast.com\/wordpress\/plugins\/seo\/ -->\n<title>Entre gritos y palomitas de ma\u00edz, Milei defendi\u00f3 en el Congreso de Argentina a su vocero Adorni, afectado por esc\u00e1ndalos - Noticias<\/title>\n<meta name=\"robots\" content=\"index, follow, max-snippet:-1, max-image-preview:large, max-video-preview:-1\" \/>\n<link rel=\"canonical\" href=\"https:\/\/noticiasya.com\/2026\/04\/29\/gritos-rocky-pochoclos-milei-vocero-congreso-show-orix\/\" \/>\n<meta property=\"og:locale\" content=\"es_ES\" \/>\n<meta property=\"og:type\" content=\"article\" \/>\n<meta property=\"og:title\" content=\"Entre gritos y palomitas de ma\u00edz, Milei defendi\u00f3 en el Congreso de Argentina a su vocero Adorni, afectado por esc\u00e1ndalos - Noticias\" \/>\n<meta property=\"og:description\" content=\"Antes de que la sesi\u00f3n especial empezara, Milei ya sab\u00eda de qu\u00e9 se trataba. Decidi\u00f3 respaldar a su cuestionado jefe de Gabinete y vocero, Manuel Adorni, con una foto y un video musicalizado por una de las canciones identificadas con la pel\u00edcula Rocky, aquel her\u00f3ico boxeador de Philadelphia encarnado por Silvester Stallone. Junto a todo [&hellip;]\" \/>\n<meta property=\"og:url\" content=\"https:\/\/noticiasya.com\/2026\/04\/29\/gritos-rocky-pochoclos-milei-vocero-congreso-show-orix\/\" \/>\n<meta property=\"og:site_name\" content=\"Noticias\" \/>\n<meta property=\"article:published_time\" content=\"2026-04-30T02:03:44+00:00\" \/>\n<meta name=\"twitter:card\" content=\"summary_large_image\" \/>\n<meta name=\"twitter:label1\" content=\"Est. reading time\" \/>\n\t<meta name=\"twitter:data1\" content=\"5 minutos\" \/>\n<script type=\"application\/ld+json\" class=\"yoast-schema-graph\">{\"@context\":\"https:\/\/schema.org\",\"@graph\":[{\"@type\":\"Article\",\"@id\":\"https:\/\/noticiasya.com\/2026\/04\/29\/gritos-rocky-pochoclos-milei-vocero-congreso-show-orix\/#article\",\"isPartOf\":{\"@id\":\"https:\/\/noticiasya.com\/2026\/04\/29\/gritos-rocky-pochoclos-milei-vocero-congreso-show-orix\/\"},\"author\":{\"name\":\"\",\"@id\":\"\"},\"headline\":\"Entre gritos y palomitas de ma\u00edz, Milei defendi\u00f3 en el Congreso de Argentina a su vocero Adorni, afectado por esc\u00e1ndalos\",\"datePublished\":\"2026-04-30T02:03:44+00:00\",\"mainEntityOfPage\":{\"@id\":\"https:\/\/noticiasya.com\/2026\/04\/29\/gritos-rocky-pochoclos-milei-vocero-congreso-show-orix\/\"},\"wordCount\":1116,\"commentCount\":0,\"publisher\":{\"@id\":\"https:\/\/noticiasya.com\/#organization\"},\"articleSection\":[\"Noticias Nacionales\"],\"inLanguage\":\"es\",\"potentialAction\":[{\"@type\":\"CommentAction\",\"name\":\"Comment\",\"target\":[\"https:\/\/noticiasya.com\/2026\/04\/29\/gritos-rocky-pochoclos-milei-vocero-congreso-show-orix\/#respond\"]}]},{\"@type\":\"WebPage\",\"@id\":\"https:\/\/noticiasya.com\/2026\/04\/29\/gritos-rocky-pochoclos-milei-vocero-congreso-show-orix\/\",\"url\":\"https:\/\/noticiasya.com\/2026\/04\/29\/gritos-rocky-pochoclos-milei-vocero-congreso-show-orix\/\",\"name\":\"Entre gritos y palomitas de ma\u00edz, Milei defendi\u00f3 en el Congreso de Argentina a su vocero Adorni, afectado por esc\u00e1ndalos - Noticias\",\"isPartOf\":{\"@id\":\"https:\/\/noticiasya.com\/#website\"},\"datePublished\":\"2026-04-30T02:03:44+00:00\",\"breadcrumb\":{\"@id\":\"https:\/\/noticiasya.com\/2026\/04\/29\/gritos-rocky-pochoclos-milei-vocero-congreso-show-orix\/#breadcrumb\"},\"inLanguage\":\"es\",\"potentialAction\":[{\"@type\":\"ReadAction\",\"target\":[\"https:\/\/noticiasya.com\/2026\/04\/29\/gritos-rocky-pochoclos-milei-vocero-congreso-show-orix\/\"]}]},{\"@type\":\"BreadcrumbList\",\"@id\":\"https:\/\/noticiasya.com\/2026\/04\/29\/gritos-rocky-pochoclos-milei-vocero-congreso-show-orix\/#breadcrumb\",\"itemListElement\":[{\"@type\":\"ListItem\",\"position\":1,\"name\":\"Home\",\"item\":\"https:\/\/noticiasya.com\/\"},{\"@type\":\"ListItem\",\"position\":2,\"name\":\"Entre gritos y palomitas de ma\u00edz, Milei defendi\u00f3 en el Congreso de Argentina a su vocero Adorni, afectado por esc\u00e1ndalos\"}]},{\"@type\":\"WebSite\",\"@id\":\"https:\/\/noticiasya.com\/#website\",\"url\":\"https:\/\/noticiasya.com\/\",\"name\":\"Noticias\",\"description\":\"Lo que importa\",\"publisher\":{\"@id\":\"https:\/\/noticiasya.com\/#organization\"},\"potentialAction\":[{\"@type\":\"SearchAction\",\"target\":{\"@type\":\"EntryPoint\",\"urlTemplate\":\"https:\/\/noticiasya.com\/?s={search_term_string}\"},\"query-input\":{\"@type\":\"PropertyValueSpecification\",\"valueRequired\":true,\"valueName\":\"search_term_string\"}}],\"inLanguage\":\"es\"},{\"@type\":\"Organization\",\"@id\":\"https:\/\/noticiasya.com\/#organization\",\"name\":\"Noticias\",\"url\":\"https:\/\/noticiasya.com\/\",\"logo\":{\"@type\":\"ImageObject\",\"inLanguage\":\"es\",\"@id\":\"https:\/\/noticiasya.com\/#\/schema\/logo\/image\/\",\"url\":\"https:\/\/noticiasya.com\/wp-content\/uploads\/sites\/22\/2023\/12\/logo-nacional.png\",\"contentUrl\":\"https:\/\/noticiasya.com\/wp-content\/uploads\/sites\/22\/2023\/12\/logo-nacional.png\",\"width\":1801,\"height\":691,\"caption\":\"Noticias\"},\"image\":{\"@id\":\"https:\/\/noticiasya.com\/#\/schema\/logo\/image\/\"}}]}<\/script>\n<!-- \/ Yoast SEO plugin. -->","yoast_head_json":{"title":"Entre gritos y palomitas de ma\u00edz, Milei defendi\u00f3 en el Congreso de Argentina a su vocero Adorni, afectado por esc\u00e1ndalos - Noticias","robots":{"index":"index","follow":"follow","max-snippet":"max-snippet:-1","max-image-preview":"max-image-preview:large","max-video-preview":"max-video-preview:-1"},"canonical":"https:\/\/noticiasya.com\/2026\/04\/29\/gritos-rocky-pochoclos-milei-vocero-congreso-show-orix\/","og_locale":"es_ES","og_type":"article","og_title":"Entre gritos y palomitas de ma\u00edz, Milei defendi\u00f3 en el Congreso de Argentina a su vocero Adorni, afectado por esc\u00e1ndalos - Noticias","og_description":"Antes de que la sesi\u00f3n especial empezara, Milei ya sab\u00eda de qu\u00e9 se trataba. Decidi\u00f3 respaldar a su cuestionado jefe de Gabinete y vocero, Manuel Adorni, con una foto y un video musicalizado por una de las canciones identificadas con la pel\u00edcula Rocky, aquel her\u00f3ico boxeador de Philadelphia encarnado por Silvester Stallone. Junto a todo [&hellip;]","og_url":"https:\/\/noticiasya.com\/2026\/04\/29\/gritos-rocky-pochoclos-milei-vocero-congreso-show-orix\/","og_site_name":"Noticias","article_published_time":"2026-04-30T02:03:44+00:00","twitter_card":"summary_large_image","twitter_misc":{"Est. reading time":"5 minutos"},"schema":{"@context":"https:\/\/schema.org","@graph":[{"@type":"Article","@id":"https:\/\/noticiasya.com\/2026\/04\/29\/gritos-rocky-pochoclos-milei-vocero-congreso-show-orix\/#article","isPartOf":{"@id":"https:\/\/noticiasya.com\/2026\/04\/29\/gritos-rocky-pochoclos-milei-vocero-congreso-show-orix\/"},"author":{"name":"","@id":""},"headline":"Entre gritos y palomitas de ma\u00edz, Milei defendi\u00f3 en el Congreso de Argentina a su vocero Adorni, afectado por esc\u00e1ndalos","datePublished":"2026-04-30T02:03:44+00:00","mainEntityOfPage":{"@id":"https:\/\/noticiasya.com\/2026\/04\/29\/gritos-rocky-pochoclos-milei-vocero-congreso-show-orix\/"},"wordCount":1116,"commentCount":0,"publisher":{"@id":"https:\/\/noticiasya.com\/#organization"},"articleSection":["Noticias Nacionales"],"inLanguage":"es","potentialAction":[{"@type":"CommentAction","name":"Comment","target":["https:\/\/noticiasya.com\/2026\/04\/29\/gritos-rocky-pochoclos-milei-vocero-congreso-show-orix\/#respond"]}]},{"@type":"WebPage","@id":"https:\/\/noticiasya.com\/2026\/04\/29\/gritos-rocky-pochoclos-milei-vocero-congreso-show-orix\/","url":"https:\/\/noticiasya.com\/2026\/04\/29\/gritos-rocky-pochoclos-milei-vocero-congreso-show-orix\/","name":"Entre gritos y palomitas de ma\u00edz, Milei defendi\u00f3 en el Congreso de Argentina a su vocero Adorni, afectado por esc\u00e1ndalos - Noticias","isPartOf":{"@id":"https:\/\/noticiasya.com\/#website"},"datePublished":"2026-04-30T02:03:44+00:00","breadcrumb":{"@id":"https:\/\/noticiasya.com\/2026\/04\/29\/gritos-rocky-pochoclos-milei-vocero-congreso-show-orix\/#breadcrumb"},"inLanguage":"es","potentialAction":[{"@type":"ReadAction","target":["https:\/\/noticiasya.com\/2026\/04\/29\/gritos-rocky-pochoclos-milei-vocero-congreso-show-orix\/"]}]},{"@type":"BreadcrumbList","@id":"https:\/\/noticiasya.com\/2026\/04\/29\/gritos-rocky-pochoclos-milei-vocero-congreso-show-orix\/#breadcrumb","itemListElement":[{"@type":"ListItem","position":1,"name":"Home","item":"https:\/\/noticiasya.com\/"},{"@type":"ListItem","position":2,"name":"Entre gritos y palomitas de ma\u00edz, Milei defendi\u00f3 en el Congreso de Argentina a su vocero Adorni, afectado por esc\u00e1ndalos"}]},{"@type":"WebSite","@id":"https:\/\/noticiasya.com\/#website","url":"https:\/\/noticiasya.com\/","name":"Noticias","description":"Lo que importa","publisher":{"@id":"https:\/\/noticiasya.com\/#organization"},"potentialAction":[{"@type":"SearchAction","target":{"@type":"EntryPoint","urlTemplate":"https:\/\/noticiasya.com\/?s={search_term_string}"},"query-input":{"@type":"PropertyValueSpecification","valueRequired":true,"valueName":"search_term_string"}}],"inLanguage":"es"},{"@type":"Organization","@id":"https:\/\/noticiasya.com\/#organization","name":"Noticias","url":"https:\/\/noticiasya.com\/","logo":{"@type":"ImageObject","inLanguage":"es","@id":"https:\/\/noticiasya.com\/#\/schema\/logo\/image\/","url":"https:\/\/noticiasya.com\/wp-content\/uploads\/sites\/22\/2023\/12\/logo-nacional.png","contentUrl":"https:\/\/noticiasya.com\/wp-content\/uploads\/sites\/22\/2023\/12\/logo-nacional.png","width":1801,"height":691,"caption":"Noticias"},"image":{"@id":"https:\/\/noticiasya.com\/#\/schema\/logo\/image\/"}}]}},"parsely":{"version":"1.1.0","canonical_url":"https:\/\/noticiasya.com\/san-diego\/2026\/04\/29\/gritos-rocky-pochoclos-milei-vocero-congreso-show-orix\/","smart_links":{"inbound":0,"outbound":0},"traffic_boost_suggestions_count":0,"meta":{"@context":"https:\/\/schema.org","@type":"NewsArticle","headline":"Entre gritos y palomitas de ma\u00edz, Milei defendi\u00f3 en el Congreso de Argentina a su vocero Adorni, afectado por esc\u00e1ndalos","url":"http:\/\/noticiasya.com\/san-diego\/2026\/04\/29\/gritos-rocky-pochoclos-milei-vocero-congreso-show-orix\/","mainEntityOfPage":{"@type":"WebPage","@id":"http:\/\/noticiasya.com\/san-diego\/2026\/04\/29\/gritos-rocky-pochoclos-milei-vocero-congreso-show-orix\/"},"thumbnailUrl":"","image":{"@type":"ImageObject","url":""},"articleSection":"Noticias Nacionales","author":[],"creator":[],"publisher":{"@type":"Organization","name":"Noticias","logo":""},"keywords":[],"dateCreated":"2026-04-30T02:03:44Z","datePublished":"2026-04-30T02:03:44Z","dateModified":"2026-04-30T02:03:44Z"},"rendered":"<script type=\"application\/ld+json\" class=\"wp-parsely-metadata\">{\"@context\":\"https:\\\/\\\/schema.org\",\"@type\":\"NewsArticle\",\"headline\":\"Entre gritos y palomitas de ma\\u00edz, Milei defendi\\u00f3 en el Congreso de Argentina a su vocero Adorni, afectado por esc\\u00e1ndalos\",\"url\":\"http:\\\/\\\/noticiasya.com\\\/san-diego\\\/2026\\\/04\\\/29\\\/gritos-rocky-pochoclos-milei-vocero-congreso-show-orix\\\/\",\"mainEntityOfPage\":{\"@type\":\"WebPage\",\"@id\":\"http:\\\/\\\/noticiasya.com\\\/san-diego\\\/2026\\\/04\\\/29\\\/gritos-rocky-pochoclos-milei-vocero-congreso-show-orix\\\/\"},\"thumbnailUrl\":\"\",\"image\":{\"@type\":\"ImageObject\",\"url\":\"\"},\"articleSection\":\"Noticias Nacionales\",\"author\":[],\"creator\":[],\"publisher\":{\"@type\":\"Organization\",\"name\":\"Noticias\",\"logo\":\"\"},\"keywords\":[],\"dateCreated\":\"2026-04-30T02:03:44Z\",\"datePublished\":\"2026-04-30T02:03:44Z\",\"dateModified\":\"2026-04-30T02:03:44Z\"}<\/script>","tracker_url":"https:\/\/cdn.parsely.com\/keys\/noticiasya.com\/p.js"},"jetpack_featured_media_url":"","jetpack-related-posts":[{"id":1461992,"url":"https:\/\/noticiasya.com\/san-diego\/2025\/05\/05\/leandro-santoro-adorni-es-un-buen-vocero-pero-nunca-habla-de-la-ciudad-de-buenos-aires\/","url_meta":{"origin":1473656,"position":0},"title":"Leandro Santoro: &#171;Adorni es un buen vocero, pero nunca habla de la Ciudad de Buenos Aires&#187;","author":"","date":"mayo 5, 2025","format":false,"excerpt":"Leandro Santoro, diputado nacional por Uni\u00f3n por la Patria y candidato a legislador porte\u00f1o, habl\u00f3 este lunes en CNN Radio sobre la campa\u00f1a, las encuestas, la estrategia electoral y la interna entre La Libertad Avanza y el PRO, entre otros temas.\u201cLo que ocurre es que empiezan a circular las encuestas\u2026","rel":"","context":"In &quot;Noticias Nacionales&quot;","block_context":{"text":"Noticias Nacionales","link":"https:\/\/noticiasya.com\/san-diego\/categoria\/noticias-nacionales"},"img":{"alt_text":"","src":"","width":0,"height":0},"classes":[]},{"id":1466866,"url":"https:\/\/noticiasya.com\/san-diego\/2025\/09\/26\/javier-milei-benjamin-netanyahu-nueva-york-orix\/","url_meta":{"origin":1473656,"position":1},"title":"Javier Milei fue el \u00fanico presidente de Am\u00e9rica Latina que se reuni\u00f3 con Benjam\u00edn Netanyahu en Nueva York","author":"","date":"septiembre 26, 2025","format":false,"excerpt":"Este jueves, el presidente de Argentina mantuvo un encuentro con el primer ministro ide Israel, Benjam\u00edn Netanyahu, durante su gira por Nueva York en el marco de la Asamblea General de Naciones Unidas.El mandatario argentino estuvo acompa\u00f1ado por su hermana y secretaria general de la Presidencia, Karina Milei, adem\u00e1s del\u2026","rel":"","context":"In &quot;Noticias Nacionales&quot;","block_context":{"text":"Noticias Nacionales","link":"https:\/\/noticiasya.com\/san-diego\/categoria\/noticias-nacionales"},"img":{"alt_text":"","src":"","width":0,"height":0},"classes":[]},{"id":1450141,"url":"https:\/\/noticiasya.com\/san-diego\/2024\/06\/07\/milei-acorta-viaje-europa-asuntos-locales-argentina-orix\/","url_meta":{"origin":1473656,"position":2},"title":"Giro en la agenda de Milei: el presidente de Argentina acorta su viaje a Europa y se enfoca en asuntos locales","author":"","date":"junio 7, 2024","format":false,"excerpt":"(CNN Espa\u00f1ol) -- Javier Milei viaj\u00f3 al exterior siete veces en seis meses de gobierno y ten\u00eda previstas m\u00e1s salidas del pa\u00eds, pero esta semana, entre idas y vueltas, debi\u00f3 cambiar sus planes: acortar\u00e1 su gira en Europa para concentrarse en los temas internos.Originalmente, Milei ten\u00eda previsto visitar el Viejo\u2026","rel":"","context":"In &quot;Noticias Nacionales&quot;","block_context":{"text":"Noticias Nacionales","link":"https:\/\/noticiasya.com\/san-diego\/categoria\/noticias-nacionales"},"img":{"alt_text":"","src":"","width":0,"height":0},"classes":[]},{"id":1472843,"url":"https:\/\/noticiasya.com\/san-diego\/2026\/04\/03\/javier-milei-narrativa-honestidad-corrupcion-orix\/","url_meta":{"origin":1473656,"position":3},"title":"La narrativa de la honestidad de Javier Milei, acechada por acusaciones de corrupci\u00f3n que rodean a su gobierno en Argentina","author":"","date":"abril 3, 2026","format":false,"excerpt":"Cada vez m\u00e1s sospechas de corrupci\u00f3n rodean al gobierno de Javier Milei, quien lleg\u00f3 a la presidencia de Argentina hace poco m\u00e1s de dos a\u00f1os con la transparencia y las fuertes cr\u00edticas a la corrupci\u00f3n kirchnerista como sus estandartes.Aunque no fueron los \u00fanicos esc\u00e1ndalos, en los \u00faltimos meses el caso\u2026","rel":"","context":"In &quot;Noticias Nacionales&quot;","block_context":{"text":"Noticias Nacionales","link":"https:\/\/noticiasya.com\/san-diego\/categoria\/noticias-nacionales"},"img":{"alt_text":"","src":"","width":0,"height":0},"classes":[]},{"id":1462500,"url":"https:\/\/noticiasya.com\/san-diego\/2025\/05\/18\/javier-milei-tras-el-triunfo-de-adorni-en-la-ciudad-se-pinto-de-violeta-el-bastion-amarillo\/","url_meta":{"origin":1473656,"position":4},"title":"Javier Milei, tras el triunfo de Adorni en la Ciudad: &#171;Se pint\u00f3 de violeta el basti\u00f3n amarillo&#187;","author":"","date":"mayo 18, 2025","format":false,"excerpt":"Tras el triunfo electoral con un 30 por ciento de los votos, el presidente Javier Milei expres\u00f3 su alegr\u00eda y afirm\u00f3 que con la victoria de Manuel Adorni en las elecciones legisaltivas \u201cse pint\u00f3 de violeta el basti\u00f3n amarillo\u201d.\u201cEs importante tener consciencia de que hoy es un d\u00eda bisagra para\u2026","rel":"","context":"In &quot;Noticias Nacionales&quot;","block_context":{"text":"Noticias Nacionales","link":"https:\/\/noticiasya.com\/san-diego\/categoria\/noticias-nacionales"},"img":{"alt_text":"","src":"","width":0,"height":0},"classes":[]},{"id":1466094,"url":"https:\/\/noticiasya.com\/san-diego\/2025\/09\/02\/argentina-operacion-inteligencia-karina-milei-corrupcion-orix\/","url_meta":{"origin":1473656,"position":5},"title":"Gobierno argentino denuncia supuesta operaci\u00f3n de inteligencia, tras acusaci\u00f3n contra Karina Milei por presunta corrupci\u00f3n","author":"","date":"septiembre 2, 2025","format":false,"excerpt":"El Gobierno de Argentina denunci\u00f3 ante la Justicia Federal una supuesta \u201coperaci\u00f3n de inteligencia ilegal con el fin de desestabilizar al pa\u00eds en plena campa\u00f1a electoral\u201d.El anuncio lo hizo este martes el vocero presidencial, Manuel Adorni, a trav\u00e9s de sus redes sociales ante la aparici\u00f3n de nuevos audios que involucran\u2026","rel":"","context":"In &quot;Noticias Nacionales&quot;","block_context":{"text":"Noticias Nacionales","link":"https:\/\/noticiasya.com\/san-diego\/categoria\/noticias-nacionales"},"img":{"alt_text":"","src":"","width":0,"height":0},"classes":[]}],"jetpack_sharing_enabled":true,"_links":{"self":[{"href":"https:\/\/noticiasya.com\/san-diego\/wp-json\/wp\/v2\/posts\/1473656","targetHints":{"allow":["GET"]}}],"collection":[{"href":"https:\/\/noticiasya.com\/san-diego\/wp-json\/wp\/v2\/posts"}],"about":[{"href":"https:\/\/noticiasya.com\/san-diego\/wp-json\/wp\/v2\/types\/post"}],"replies":[{"embeddable":true,"href":"https:\/\/noticiasya.com\/san-diego\/wp-json\/wp\/v2\/comments?post=1473656"}],"version-history":[{"count":0,"href":"https:\/\/noticiasya.com\/san-diego\/wp-json\/wp\/v2\/posts\/1473656\/revisions"}],"wp:attachment":[{"href":"https:\/\/noticiasya.com\/san-diego\/wp-json\/wp\/v2\/media?parent=1473656"}],"wp:term":[{"taxonomy":"category","embeddable":true,"href":"https:\/\/noticiasya.com\/san-diego\/wp-json\/wp\/v2\/categories?post=1473656"},{"taxonomy":"post_tag","embeddable":true,"href":"https:\/\/noticiasya.com\/san-diego\/wp-json\/wp\/v2\/tags?post=1473656"}],"curies":[{"name":"wp","href":"https:\/\/api.w.org\/{rel}","templated":true}]}}