{"id":1473657,"date":"2026-04-29T19:03:44","date_gmt":"2026-04-30T02:03:44","guid":{"rendered":"https:\/\/noticiasya.com\/2026\/04\/29\/tension-noboa-petro-colombia-ecuador-orix\/"},"modified":"2026-04-29T19:03:44","modified_gmt":"2026-04-30T02:03:44","slug":"tension-noboa-petro-colombia-ecuador-orix","status":"publish","type":"post","link":"https:\/\/noticiasya.com\/san-diego\/2026\/04\/29\/tension-noboa-petro-colombia-ecuador-orix\/","title":{"rendered":"Escala la tensi\u00f3n entre Noboa y Petro d\u00edas antes de que entren en vigor los aranceles del 100 % sobre productos colombianos"},"content":{"rendered":"<p>La tensi\u00f3n entre Daniel Noboa y Gustavo Petro se intensific\u00f3 este mi\u00e9rcoles con un intercambio en la red social X, en medio de <a href=\"https:\/\/cnnespanol.cnn.com\/2026\/04\/09\/latinoamerica\/tension-colombia-ecuador-embajador-crisis-orix\">una crisis diplom\u00e1tica <\/a>marcada por acusaciones cruzadas por la seguridad en la frontera y una guerra comercial, en la que los aranceles del 100 % a productos colombianos entran en vigor este viernes.<\/p>\n<p>El presidente de Ecuador acus\u00f3 a Petro de estar detr\u00e1s de una supuesta incursi\u00f3n de guerrilleros en territorio ecuatoriano. \u201cVarias fuentes nos han informado de una incursi\u00f3n por la frontera norte de guerrilleros colombianos, impulsada por el Gobierno de Petro\u201d, escribi\u00f3 Noboa <a href=\"https:\/\/x.com\/danielnoboaok\/status\/2049599180998353090?s=46&#038;t=vWSsaMsKttiCRFRT9JR29g\">en su cuenta de X <\/a>sin ofrecer pruebas al respecto.<\/p>\n<p>\u201cPresidente Petro, ded\u00edquese a mejorar la vida de su gente en vez de querer exportar problemas a pa\u00edses vecinos\u201d, a\u00f1adi\u00f3 Noboa.<\/p>\n<p>Petro respondi\u00f3 poco despu\u00e9s y neg\u00f3 las acusaciones. Adem\u00e1s, invit\u00f3 a Noboa a reunirse en la frontera para tratar la situaci\u00f3n. \u201cVaya usted a la frontera norte y se encuentra conmigo y construimos la paz de esos territorios, deje de creer mentiras\u201d, <a href=\"https:\/\/x.com\/petrogustavo\/status\/2049610398060401079?s=46&#038;t=vWSsaMsKttiCRFRT9JR29g\">escribi\u00f3 en su cuenta de X.<\/a><\/p>\n<p>Apenas este lunes, el mandatario colombiano ya hab\u00eda alimentado la tensi\u00f3n al pedir a los jefes de las Fuerzas Armadas investigar si los explosivos usados en el atentado en la V\u00eda Panamericana, en el departamento del Cauca, que dej\u00f3 20 civiles muertos, llegaron desde Ecuador.<\/p>\n<p>\u201cEn general los explosivos que le llegan a los frentes del Cauca de la junta del narcotr\u00e1fico vienen de Ecuador\u201d, dijo Petro en una a<a href=\"https:\/\/www.instagram.com\/reels\/DXqI_m7iBLK\/\">locuci\u00f3n televisada<\/a>.<\/p>\n<p>El cruce entre Noboa y Petro se da en medio de una crisis m\u00e1s amplia entre Ecuador y Colombia, que viene escalando desde hace meses por medidas comerciales y diferencias en seguridad.<\/p>\n<p>La disputa comercial <a href=\"https:\/\/cnnespanol.cnn.com\/2026\/01\/21\/latinoamerica\/ecuador-tasa-seguridad-importaciones-colombia-cooperacion-narco-orix\">comenz\u00f3 en enero<\/a>, cuando Ecuador anunci\u00f3 una \u201ctasa de seguridad\u201d del 30 % a las importaciones colombianas, al se\u00f1alar falta de acciones en la lucha contra el narcotr\u00e1fico en la frontera. Desde entonces, las medidas se han endurecido progresivamente hasta llegar a los aranceles del 100 %.<\/p>\n<p>Primero, ambos pa\u00edses aplicaron aranceles del 50 % de forma rec\u00edproca. Luego Ecuador decidi\u00f3 <a href=\"https:\/\/cnnespanol.cnn.com\/2026\/04\/09\/latinoamerica\/tension-colombia-ecuador-embajador-crisis-orix\">subirlos al 100 %<\/a>, medida que entrar\u00e1 en vigor este viernes 1 de mayo, al se\u00f1alar la \u201cfalta de implementaci\u00f3n de medidas concretas en materia de seguridad fronteriza por parte de Colombia\u201d.<\/p>\n<p>Colombia respondi\u00f3 con acciones similares. A comienzos de abril, Petro orden\u00f3 el regreso a Bogot\u00e1 de su embajadora en Quito, Mar\u00eda Antonia Velasco, tras el anuncio de Quito del aumento de aranceles. El mandatario colombiano dijo que se trataba de una \u201cmonstruosidad\u201d que significaba el fin de la Comunidad Andina de Naciones y dijo que pedir\u00eda el ingreso de Colombia al Mercosur.<\/p>\n<p>Sin embargo, semanas despu\u00e9s <a href=\"https:\/\/cnnespanol.cnn.com\/2026\/04\/14\/colombia\/petro-marcha-atras-arancels-100-ecuador-reux\">dio marcha atr\u00e1s<\/a> con el aumento al 100 % y asegur\u00f3 que se implementar\u00e1n subsidios y aranceles \u201cinteligentes\u201d, sin dar m\u00e1s detalles.<\/p>\n<p>Detr\u00e1s del conflicto est\u00e1 la situaci\u00f3n en la frontera, una zona clave para el narcotr\u00e1fico en la regi\u00f3n. Seg\u00fan <a href=\"https:\/\/insightcrime.org\/es\/noticias\/mapa-ataques-militares-apuntan-complejo-paisaje-criminal-frontera-colombia-ecuador\/\">Insight Crime<\/a>, por all\u00ed se mueve buena parte de la coca\u00edna producida en el suroeste colombiano hacia rutas internacionales a trav\u00e9s de Ecuador.<\/p>\n<p>Mientras tanto, Ecuador busca seguir alineado con Estados Unidos en la lucha contra el narcotr\u00e1fico y el crimen organizado. Desde inicios de marzo el Comando Sur de EE.UU. y las Fuerzas Armadas de Ecuador informaron sobre el lanzamiento de una nueva campa\u00f1a de cooperaci\u00f3n y apoyo en operaciones militares que permitan recibir asesor\u00eda, asistencia t\u00e9cnica y soporte tecnol\u00f3gico <a href=\"https:\/\/cnnespanol.cnn.com\/2026\/03\/28\/latinoamerica\/ecuador-bombardeo-campamento-testimonios-tierra-agricola-orix\">de personal militar estadounidense para atacar puntos de narcotr\u00e1fico y miner\u00eda ilegal.<\/a><\/p>\n<p>The-CNN-Wire<br \/>&trade; &amp; &copy; 2026 Cable News Network, Inc., a Warner Bros. Discovery Company. All rights reserved.<\/p>\n","protected":false},"excerpt":{"rendered":"<p>La tensi\u00f3n entre Daniel Noboa y Gustavo Petro se intensific\u00f3 este mi\u00e9rcoles con un intercambio en la red social X, en medio de una crisis diplom\u00e1tica marcada por acusaciones cruzadas por la seguridad en la frontera y una guerra comercial, en la que los aranceles del 100 % a productos colombianos entran en vigor este [&hellip;]<\/p>\n","protected":false},"author":0,"featured_media":0,"comment_status":"open","ping_status":"open","sticky":false,"template":"","format":"standard","meta":{"_jetpack_memberships_contains_paid_content":false,"footnotes":""},"categories":[10],"tags":[],"class_list":["post-1473657","post","type-post","status-publish","format-standard","hentry","category-noticias-nacionales","market-global"],"yoast_head":"<!-- This site is optimized with the Yoast SEO plugin v24.4 - https:\/\/yoast.com\/wordpress\/plugins\/seo\/ -->\n<title>Escala la tensi\u00f3n entre Noboa y Petro d\u00edas antes de que entren en vigor los aranceles del 100 % sobre productos colombianos - Noticias<\/title>\n<meta name=\"robots\" content=\"index, follow, max-snippet:-1, max-image-preview:large, max-video-preview:-1\" \/>\n<link rel=\"canonical\" href=\"https:\/\/noticiasya.com\/2026\/04\/29\/tension-noboa-petro-colombia-ecuador-orix\/\" \/>\n<meta property=\"og:locale\" content=\"es_ES\" \/>\n<meta property=\"og:type\" content=\"article\" \/>\n<meta property=\"og:title\" content=\"Escala la tensi\u00f3n entre Noboa y Petro d\u00edas antes de que entren en vigor los aranceles del 100 % sobre productos colombianos - Noticias\" \/>\n<meta property=\"og:description\" content=\"La tensi\u00f3n entre Daniel Noboa y Gustavo Petro se intensific\u00f3 este mi\u00e9rcoles con un intercambio en la red social X, en medio de una crisis diplom\u00e1tica marcada por acusaciones cruzadas por la seguridad en la frontera y una guerra comercial, en la que los aranceles del 100 % a productos colombianos entran en vigor este [&hellip;]\" \/>\n<meta property=\"og:url\" content=\"https:\/\/noticiasya.com\/2026\/04\/29\/tension-noboa-petro-colombia-ecuador-orix\/\" \/>\n<meta property=\"og:site_name\" content=\"Noticias\" \/>\n<meta property=\"article:published_time\" content=\"2026-04-30T02:03:44+00:00\" \/>\n<meta name=\"twitter:card\" content=\"summary_large_image\" \/>\n<meta name=\"twitter:label1\" content=\"Est. reading time\" \/>\n\t<meta name=\"twitter:data1\" content=\"3 minutos\" \/>\n<script type=\"application\/ld+json\" class=\"yoast-schema-graph\">{\"@context\":\"https:\/\/schema.org\",\"@graph\":[{\"@type\":\"Article\",\"@id\":\"https:\/\/noticiasya.com\/2026\/04\/29\/tension-noboa-petro-colombia-ecuador-orix\/#article\",\"isPartOf\":{\"@id\":\"https:\/\/noticiasya.com\/2026\/04\/29\/tension-noboa-petro-colombia-ecuador-orix\/\"},\"author\":{\"name\":\"\",\"@id\":\"\"},\"headline\":\"Escala la tensi\u00f3n entre Noboa y Petro d\u00edas antes de que entren en vigor los aranceles del 100 % sobre productos colombianos\",\"datePublished\":\"2026-04-30T02:03:44+00:00\",\"mainEntityOfPage\":{\"@id\":\"https:\/\/noticiasya.com\/2026\/04\/29\/tension-noboa-petro-colombia-ecuador-orix\/\"},\"wordCount\":646,\"commentCount\":0,\"publisher\":{\"@id\":\"https:\/\/noticiasya.com\/#organization\"},\"articleSection\":[\"Noticias Nacionales\"],\"inLanguage\":\"es\",\"potentialAction\":[{\"@type\":\"CommentAction\",\"name\":\"Comment\",\"target\":[\"https:\/\/noticiasya.com\/2026\/04\/29\/tension-noboa-petro-colombia-ecuador-orix\/#respond\"]}]},{\"@type\":\"WebPage\",\"@id\":\"https:\/\/noticiasya.com\/2026\/04\/29\/tension-noboa-petro-colombia-ecuador-orix\/\",\"url\":\"https:\/\/noticiasya.com\/2026\/04\/29\/tension-noboa-petro-colombia-ecuador-orix\/\",\"name\":\"Escala la tensi\u00f3n entre Noboa y Petro d\u00edas antes de que entren en vigor los aranceles del 100 % sobre productos colombianos - Noticias\",\"isPartOf\":{\"@id\":\"https:\/\/noticiasya.com\/#website\"},\"datePublished\":\"2026-04-30T02:03:44+00:00\",\"breadcrumb\":{\"@id\":\"https:\/\/noticiasya.com\/2026\/04\/29\/tension-noboa-petro-colombia-ecuador-orix\/#breadcrumb\"},\"inLanguage\":\"es\",\"potentialAction\":[{\"@type\":\"ReadAction\",\"target\":[\"https:\/\/noticiasya.com\/2026\/04\/29\/tension-noboa-petro-colombia-ecuador-orix\/\"]}]},{\"@type\":\"BreadcrumbList\",\"@id\":\"https:\/\/noticiasya.com\/2026\/04\/29\/tension-noboa-petro-colombia-ecuador-orix\/#breadcrumb\",\"itemListElement\":[{\"@type\":\"ListItem\",\"position\":1,\"name\":\"Home\",\"item\":\"https:\/\/noticiasya.com\/\"},{\"@type\":\"ListItem\",\"position\":2,\"name\":\"Escala la tensi\u00f3n entre Noboa y Petro d\u00edas antes de que entren en vigor los aranceles del 100 % sobre productos colombianos\"}]},{\"@type\":\"WebSite\",\"@id\":\"https:\/\/noticiasya.com\/#website\",\"url\":\"https:\/\/noticiasya.com\/\",\"name\":\"Noticias\",\"description\":\"Lo que importa\",\"publisher\":{\"@id\":\"https:\/\/noticiasya.com\/#organization\"},\"potentialAction\":[{\"@type\":\"SearchAction\",\"target\":{\"@type\":\"EntryPoint\",\"urlTemplate\":\"https:\/\/noticiasya.com\/?s={search_term_string}\"},\"query-input\":{\"@type\":\"PropertyValueSpecification\",\"valueRequired\":true,\"valueName\":\"search_term_string\"}}],\"inLanguage\":\"es\"},{\"@type\":\"Organization\",\"@id\":\"https:\/\/noticiasya.com\/#organization\",\"name\":\"Noticias\",\"url\":\"https:\/\/noticiasya.com\/\",\"logo\":{\"@type\":\"ImageObject\",\"inLanguage\":\"es\",\"@id\":\"https:\/\/noticiasya.com\/#\/schema\/logo\/image\/\",\"url\":\"https:\/\/noticiasya.com\/wp-content\/uploads\/sites\/22\/2023\/12\/logo-nacional.png\",\"contentUrl\":\"https:\/\/noticiasya.com\/wp-content\/uploads\/sites\/22\/2023\/12\/logo-nacional.png\",\"width\":1801,\"height\":691,\"caption\":\"Noticias\"},\"image\":{\"@id\":\"https:\/\/noticiasya.com\/#\/schema\/logo\/image\/\"}}]}<\/script>\n<!-- \/ Yoast SEO plugin. -->","yoast_head_json":{"title":"Escala la tensi\u00f3n entre Noboa y Petro d\u00edas antes de que entren en vigor los aranceles del 100 % sobre productos colombianos - Noticias","robots":{"index":"index","follow":"follow","max-snippet":"max-snippet:-1","max-image-preview":"max-image-preview:large","max-video-preview":"max-video-preview:-1"},"canonical":"https:\/\/noticiasya.com\/2026\/04\/29\/tension-noboa-petro-colombia-ecuador-orix\/","og_locale":"es_ES","og_type":"article","og_title":"Escala la tensi\u00f3n entre Noboa y Petro d\u00edas antes de que entren en vigor los aranceles del 100 % sobre productos colombianos - Noticias","og_description":"La tensi\u00f3n entre Daniel Noboa y Gustavo Petro se intensific\u00f3 este mi\u00e9rcoles con un intercambio en la red social X, en medio de una crisis diplom\u00e1tica marcada por acusaciones cruzadas por la seguridad en la frontera y una guerra comercial, en la que los aranceles del 100 % a productos colombianos entran en vigor este [&hellip;]","og_url":"https:\/\/noticiasya.com\/2026\/04\/29\/tension-noboa-petro-colombia-ecuador-orix\/","og_site_name":"Noticias","article_published_time":"2026-04-30T02:03:44+00:00","twitter_card":"summary_large_image","twitter_misc":{"Est. reading time":"3 minutos"},"schema":{"@context":"https:\/\/schema.org","@graph":[{"@type":"Article","@id":"https:\/\/noticiasya.com\/2026\/04\/29\/tension-noboa-petro-colombia-ecuador-orix\/#article","isPartOf":{"@id":"https:\/\/noticiasya.com\/2026\/04\/29\/tension-noboa-petro-colombia-ecuador-orix\/"},"author":{"name":"","@id":""},"headline":"Escala la tensi\u00f3n entre Noboa y Petro d\u00edas antes de que entren en vigor los aranceles del 100 % sobre productos colombianos","datePublished":"2026-04-30T02:03:44+00:00","mainEntityOfPage":{"@id":"https:\/\/noticiasya.com\/2026\/04\/29\/tension-noboa-petro-colombia-ecuador-orix\/"},"wordCount":646,"commentCount":0,"publisher":{"@id":"https:\/\/noticiasya.com\/#organization"},"articleSection":["Noticias Nacionales"],"inLanguage":"es","potentialAction":[{"@type":"CommentAction","name":"Comment","target":["https:\/\/noticiasya.com\/2026\/04\/29\/tension-noboa-petro-colombia-ecuador-orix\/#respond"]}]},{"@type":"WebPage","@id":"https:\/\/noticiasya.com\/2026\/04\/29\/tension-noboa-petro-colombia-ecuador-orix\/","url":"https:\/\/noticiasya.com\/2026\/04\/29\/tension-noboa-petro-colombia-ecuador-orix\/","name":"Escala la tensi\u00f3n entre Noboa y Petro d\u00edas antes de que entren en vigor los aranceles del 100 % sobre productos colombianos - Noticias","isPartOf":{"@id":"https:\/\/noticiasya.com\/#website"},"datePublished":"2026-04-30T02:03:44+00:00","breadcrumb":{"@id":"https:\/\/noticiasya.com\/2026\/04\/29\/tension-noboa-petro-colombia-ecuador-orix\/#breadcrumb"},"inLanguage":"es","potentialAction":[{"@type":"ReadAction","target":["https:\/\/noticiasya.com\/2026\/04\/29\/tension-noboa-petro-colombia-ecuador-orix\/"]}]},{"@type":"BreadcrumbList","@id":"https:\/\/noticiasya.com\/2026\/04\/29\/tension-noboa-petro-colombia-ecuador-orix\/#breadcrumb","itemListElement":[{"@type":"ListItem","position":1,"name":"Home","item":"https:\/\/noticiasya.com\/"},{"@type":"ListItem","position":2,"name":"Escala la tensi\u00f3n entre Noboa y Petro d\u00edas antes de que entren en vigor los aranceles del 100 % sobre productos colombianos"}]},{"@type":"WebSite","@id":"https:\/\/noticiasya.com\/#website","url":"https:\/\/noticiasya.com\/","name":"Noticias","description":"Lo que importa","publisher":{"@id":"https:\/\/noticiasya.com\/#organization"},"potentialAction":[{"@type":"SearchAction","target":{"@type":"EntryPoint","urlTemplate":"https:\/\/noticiasya.com\/?s={search_term_string}"},"query-input":{"@type":"PropertyValueSpecification","valueRequired":true,"valueName":"search_term_string"}}],"inLanguage":"es"},{"@type":"Organization","@id":"https:\/\/noticiasya.com\/#organization","name":"Noticias","url":"https:\/\/noticiasya.com\/","logo":{"@type":"ImageObject","inLanguage":"es","@id":"https:\/\/noticiasya.com\/#\/schema\/logo\/image\/","url":"https:\/\/noticiasya.com\/wp-content\/uploads\/sites\/22\/2023\/12\/logo-nacional.png","contentUrl":"https:\/\/noticiasya.com\/wp-content\/uploads\/sites\/22\/2023\/12\/logo-nacional.png","width":1801,"height":691,"caption":"Noticias"},"image":{"@id":"https:\/\/noticiasya.com\/#\/schema\/logo\/image\/"}}]}},"parsely":{"version":"1.1.0","canonical_url":"https:\/\/noticiasya.com\/san-diego\/2026\/04\/29\/tension-noboa-petro-colombia-ecuador-orix\/","smart_links":{"inbound":0,"outbound":0},"traffic_boost_suggestions_count":0,"meta":{"@context":"https:\/\/schema.org","@type":"NewsArticle","headline":"Escala la tensi\u00f3n entre Noboa y Petro d\u00edas antes de que entren en vigor los aranceles del 100 % sobre productos colombianos","url":"http:\/\/noticiasya.com\/san-diego\/2026\/04\/29\/tension-noboa-petro-colombia-ecuador-orix\/","mainEntityOfPage":{"@type":"WebPage","@id":"http:\/\/noticiasya.com\/san-diego\/2026\/04\/29\/tension-noboa-petro-colombia-ecuador-orix\/"},"thumbnailUrl":"","image":{"@type":"ImageObject","url":""},"articleSection":"Noticias Nacionales","author":[],"creator":[],"publisher":{"@type":"Organization","name":"Noticias","logo":""},"keywords":[],"dateCreated":"2026-04-30T02:03:44Z","datePublished":"2026-04-30T02:03:44Z","dateModified":"2026-04-30T02:03:44Z"},"rendered":"<script type=\"application\/ld+json\" class=\"wp-parsely-metadata\">{\"@context\":\"https:\\\/\\\/schema.org\",\"@type\":\"NewsArticle\",\"headline\":\"Escala la tensi\\u00f3n entre Noboa y Petro d\\u00edas antes de que entren en vigor los aranceles del 100 % sobre productos colombianos\",\"url\":\"http:\\\/\\\/noticiasya.com\\\/san-diego\\\/2026\\\/04\\\/29\\\/tension-noboa-petro-colombia-ecuador-orix\\\/\",\"mainEntityOfPage\":{\"@type\":\"WebPage\",\"@id\":\"http:\\\/\\\/noticiasya.com\\\/san-diego\\\/2026\\\/04\\\/29\\\/tension-noboa-petro-colombia-ecuador-orix\\\/\"},\"thumbnailUrl\":\"\",\"image\":{\"@type\":\"ImageObject\",\"url\":\"\"},\"articleSection\":\"Noticias Nacionales\",\"author\":[],\"creator\":[],\"publisher\":{\"@type\":\"Organization\",\"name\":\"Noticias\",\"logo\":\"\"},\"keywords\":[],\"dateCreated\":\"2026-04-30T02:03:44Z\",\"datePublished\":\"2026-04-30T02:03:44Z\",\"dateModified\":\"2026-04-30T02:03:44Z\"}<\/script>","tracker_url":"https:\/\/cdn.parsely.com\/keys\/noticiasya.com\/p.js"},"jetpack_featured_media_url":"","jetpack-related-posts":[{"id":1470372,"url":"https:\/\/noticiasya.com\/san-diego\/2026\/01\/22\/colombia-ecuador-petro-noboa-aranceles-orix\/","url_meta":{"origin":1473657,"position":0},"title":"Colombia suspende venta de energ\u00eda a Ecuador e impone aranceles del 30% a productos de ese pa\u00eds","author":"","date":"enero 22, 2026","format":false,"excerpt":"Las relaciones diplom\u00e1ticas y comerciales entre Ecuador y Colombia atraviesan un momento dif\u00edcil tras el anuncio del presidente ecuatoriano, Daniel Noboa, de imponer un arancel del 30% -denominado \u201ctasa de seguridad\u201d- a las importaciones colombianas desde el 1 de febrero.Seg\u00fan Noboa, el Gobierno del presidente Gustavo Petro no est\u00e1 tomando\u2026","rel":"","context":"In &quot;Noticias Nacionales&quot;","block_context":{"text":"Noticias Nacionales","link":"https:\/\/noticiasya.com\/san-diego\/categoria\/noticias-nacionales"},"img":{"alt_text":"","src":"","width":0,"height":0},"classes":[]},{"id":1472277,"url":"https:\/\/noticiasya.com\/san-diego\/2026\/03\/17\/noboa-acusacion-petro-bomba-colombia-ecuador-orix\/","url_meta":{"origin":1473657,"position":1},"title":"Noboa responde a acusaciones de Petro sobre una supuesta bomba lanzada a territorio colombiano","author":"","date":"marzo 17, 2026","format":false,"excerpt":"No hay tregua en los cruces entre Ecuador y Colombia, que se reclaman mutuamente mayor cooperaci\u00f3n en la lucha contra el crimen organizado y el narcotr\u00e1fico. En un nuevo punto de tensi\u00f3n, el presidente de Colombia, Gustavo Petro, denunci\u00f3 este lunes que en su territorio se habr\u00eda encontrado una bomba\u2026","rel":"","context":"In &quot;Noticias Nacionales&quot;","block_context":{"text":"Noticias Nacionales","link":"https:\/\/noticiasya.com\/san-diego\/categoria\/noticias-nacionales"},"img":{"alt_text":"","src":"","width":0,"height":0},"classes":[]},{"id":1472313,"url":"https:\/\/noticiasya.com\/san-diego\/2026\/03\/18\/petro-escala-tension-bomba-ecuador-noboa-orix\/","url_meta":{"origin":1473657,"position":2},"title":"Petro escala con una nota diplom\u00e1tica el incidente por una supuesta bomba ecuatoriana en territorio de Colombia","author":"","date":"marzo 18, 2026","format":false,"excerpt":"Las relaciones diplom\u00e1ticas entre Colombia y Ecuador est\u00e1n en el momento m\u00e1s dif\u00edcil en casi dos d\u00e9cadas. Una tensi\u00f3n similar entre los dos pa\u00edses no se registraba desde la llamada \u201cOperaci\u00f3n F\u00e9nix\u201d, en la que autoridades colombianas abatieron a Ra\u00fal Reyes, jefe guerrillero de las FARC, en territorio ecuatoriano el\u2026","rel":"","context":"In &quot;Noticias Nacionales&quot;","block_context":{"text":"Noticias Nacionales","link":"https:\/\/noticiasya.com\/san-diego\/categoria\/noticias-nacionales"},"img":{"alt_text":"","src":"","width":0,"height":0},"classes":[]},{"id":1471837,"url":"https:\/\/noticiasya.com\/san-diego\/2026\/03\/03\/petro-radar-envios-drogas-tensiones-ecuador-orix\/","url_meta":{"origin":1473657,"position":3},"title":"En medio de las tensiones con Ecuador, Petro ordena instalar un radar en la frontera para detectar env\u00edos de drogas","author":"","date":"marzo 3, 2026","format":false,"excerpt":"El presidente de Colombia, Gustavo Petro, dijo este martes que orden\u00f3 instalar un radar en la ciudad colombiana de Ipiales, fronteriza con Ecuador, con el fin de detectar posibles env\u00edos de droga procedentes del pa\u00eds vecino.Petro se\u00f1al\u00f3 en su cuenta de X que \u201cla exportaci\u00f3n de coca\u00edna es cada vez\u2026","rel":"","context":"In &quot;Noticias Nacionales&quot;","block_context":{"text":"Noticias Nacionales","link":"https:\/\/noticiasya.com\/san-diego\/categoria\/noticias-nacionales"},"img":{"alt_text":"","src":"","width":0,"height":0},"classes":[]},{"id":1473316,"url":"https:\/\/noticiasya.com\/san-diego\/2026\/04\/19\/petro-demanda-calumnias-noboa-fito-orix\/","url_meta":{"origin":1473657,"position":4},"title":"Petro dice que demandar\u00e1 por calumnias a Noboa por vincularlo con el narcotraficante alias Fito","author":"","date":"abril 19, 2026","format":false,"excerpt":"La tensi\u00f3n entre los gobiernos de Colombia y Ecuador contin\u00faa escalando y este domingo el presidente Gustavo Petro anunci\u00f3 que demandar\u00e1 penalmente a su hom\u00f3logo Daniel Noboa, quien el s\u00e1bado habl\u00f3 de presuntos v\u00ednculos indirectos entre el mandatario colombiano y el narcotraficante ecuatoriano Jos\u00e9 Adolfo Mac\u00edas Villamar, alias Fito.Petro, quien\u2026","rel":"","context":"In &quot;Noticias Nacionales&quot;","block_context":{"text":"Noticias Nacionales","link":"https:\/\/noticiasya.com\/san-diego\/categoria\/noticias-nacionales"},"img":{"alt_text":"","src":"","width":0,"height":0},"classes":[]},{"id":1472348,"url":"https:\/\/noticiasya.com\/san-diego\/2026\/03\/19\/brasil-mediar-colombia-ecuador-escalado-tensiones-orix\/","url_meta":{"origin":1473657,"position":5},"title":"Brasil se ofrece a mediar entre Colombia y Ecuador. As\u00ed han escalado las tensiones","author":"","date":"marzo 19, 2026","format":false,"excerpt":"El Gobierno de Brasil se ofreci\u00f3 para ser mediador en las actuales tensiones entre Colombia y Ecuador, al tiempo que pidi\u00f3 \u201cmoderaci\u00f3n\u201d a ambos pa\u00edses.En un comunicado el mi\u00e9rcoles, el Ministerio de Relaciones Exteriores de Brasil dijo que \u201cinsta a las partes involucradas a actuar con moderaci\u00f3n, con el fin\u2026","rel":"","context":"In &quot;Noticias Nacionales&quot;","block_context":{"text":"Noticias Nacionales","link":"https:\/\/noticiasya.com\/san-diego\/categoria\/noticias-nacionales"},"img":{"alt_text":"","src":"","width":0,"height":0},"classes":[]}],"jetpack_sharing_enabled":true,"_links":{"self":[{"href":"https:\/\/noticiasya.com\/san-diego\/wp-json\/wp\/v2\/posts\/1473657","targetHints":{"allow":["GET"]}}],"collection":[{"href":"https:\/\/noticiasya.com\/san-diego\/wp-json\/wp\/v2\/posts"}],"about":[{"href":"https:\/\/noticiasya.com\/san-diego\/wp-json\/wp\/v2\/types\/post"}],"replies":[{"embeddable":true,"href":"https:\/\/noticiasya.com\/san-diego\/wp-json\/wp\/v2\/comments?post=1473657"}],"version-history":[{"count":0,"href":"https:\/\/noticiasya.com\/san-diego\/wp-json\/wp\/v2\/posts\/1473657\/revisions"}],"wp:attachment":[{"href":"https:\/\/noticiasya.com\/san-diego\/wp-json\/wp\/v2\/media?parent=1473657"}],"wp:term":[{"taxonomy":"category","embeddable":true,"href":"https:\/\/noticiasya.com\/san-diego\/wp-json\/wp\/v2\/categories?post=1473657"},{"taxonomy":"post_tag","embeddable":true,"href":"https:\/\/noticiasya.com\/san-diego\/wp-json\/wp\/v2\/tags?post=1473657"}],"curies":[{"name":"wp","href":"https:\/\/api.w.org\/{rel}","templated":true}]}}