{"id":1469625,"date":"2025-12-28T09:03:57","date_gmt":"2025-12-28T17:03:57","guid":{"rendered":"https:\/\/noticiasya.com\/2025\/12\/28\/demolicion-monumento-comunidad-china-panama-orix\/"},"modified":"2025-12-28T09:03:57","modified_gmt":"2025-12-28T17:03:57","slug":"demolicion-monumento-comunidad-china-panama-orix","status":"publish","type":"post","link":"https:\/\/noticiasya.com\/springfield\/2025\/12\/28\/demolicion-monumento-comunidad-china-panama-orix\/","title":{"rendered":"Mulino pide investigar la &#171;imperdonable&#187; demolici\u00f3n del monumento a la comunidad china en Panam\u00e1"},"content":{"rendered":"<p>El presidente de Panam\u00e1, Jos\u00e9 Ra\u00fal Mulino, pidi\u00f3 este domingo investigar la demolici\u00f3n del monumento a la comunidad china en el mirador del Puente de las Am\u00e9ricas para esclarecer responsabilidades del hecho, que calific\u00f3 como una \u201cbarbaridad\u201d.<\/p>\n<p>El mandatario acus\u00f3 <a href=\"https:\/\/x.com\/JoseRaulMulino\/status\/2005258852078367028\">en X<\/a> a las autoridades de Arraij\u00e1n, en la provincia de Panam\u00e1 Oeste: \u201cNo hay justificaci\u00f3n alguna para la barbaridad cometida por la alcaldesa de Arraij\u00e1n al derrumbar el monumento a la Comunidad China construido en el Puente de las Am\u00e9ricas. Esa comunidad es tradicional en nuestro pa\u00eds con generaciones establecidas en nuestro pa\u00eds y merece todo nuestro respeto. Se deber\u00eda iniciar una investigaci\u00f3n de inmediato. Imperdonable semejante acto de irracionalidad\u201d.<\/p>\n<p>Seg\u00fan <a href=\"https:\/\/www.instagram.com\/p\/DSywqr0jTv1\/\">explicaciones oficiales<\/a> del municipio, la decisi\u00f3n se tom\u00f3 debido a presuntos \u201cproblemas estructurales y riesgos de seguridad en el mirador\u201d.<\/p>\n<p>El argumento fue cuestionado por la embajadora de China en Panam\u00e1, Xu Xueyuan, quien se\u00f1al\u00f3 <a href=\"https:\/\/x.com\/ChEmbPa\/status\/2005158446107066751\">en X<\/a> que desde mayo pasado se ten\u00eda conocimiento de la intenci\u00f3n de demoler el monumento y asegur\u00f3 que la acci\u00f3n \u201cafecta el sentimiento\u201d de 300.000 chinos en Panam\u00e1. \u201cLa comunidad china intent\u00f3 comunicarse muchas veces con la Alcald\u00eda de Arraij\u00e1n y estuvo dispuesta a financiar una restauraci\u00f3n integral del Mirador y el Monumento. Sin embargo, no obtuvo respuesta alguna\u201d, asegur\u00f3. Adem\u00e1s, dijo que la jornada marca \u201cun d\u00eda de gran dolor para la amistad china-paname\u00f1a\u201d.<\/p>\n<p>Por su parte, Esteban Chu, miembro de la comunidad china en el pa\u00eds, se acerc\u00f3 al lugar y dijo a CNN estar sorprendido por la decisi\u00f3n municipal. \u201cFue tan repentino, de manera tan cobarde la manera como se realiz\u00f3. (\u2026) Desde marzo tuvimos una reuni\u00f3n con la alcaldesa, se le solicit\u00f3 la renovaci\u00f3n de la concesi\u00f3n y se present\u00f3 una propuesta de mantenimiento. A partir de marzo, la alcald\u00eda no dio m\u00e1s respuestas hasta esta noche\u201d.<\/p>\n<p>El mirador, construido en 2004, se compon\u00eda de un gazebo, un portal y un obelisco que recordaban la llegada de los primeros chinos al pa\u00eds en 1854. La estructura fue demolida el s\u00e1bado por la noche.<\/p>\n<p>Mulino hab\u00eda pedido meses atr\u00e1s no vincular el monumento a las tensiones geopol\u00edticas por los <a href=\"https:\/\/cnnespanol.cnn.com\/2025\/04\/10\/latinoamerica\/rivalidad-ee-uu-china-canal-panama-tensiones-guerra-palabras-trax\">reclamos del presidente de EE.UU., Donald Trump<\/a>, sobre lo que considera una creciente influencia china sobre el canal de Panam\u00e1.<\/p>\n<p>En tanto, el Ministerio de Relaciones Exteriores de Panam\u00e1 <a href=\"https:\/\/mire.gob.pa\/comunicado-106\/\">expres\u00f3<\/a> este domingo su disposici\u00f3n a promover la identificaci\u00f3n de un nuevo espacio donde pueda ser honrado \u201cel legado hist\u00f3rico y cultural\u201d de China. La Canciller\u00eda destac\u00f3 en un comunicado que la \u201cpresencia, el trabajo y el aporte de la comunidad de ascendencia china han sido parte esencial de la construcci\u00f3n\u201d de la naci\u00f3n paname\u00f1a por m\u00e1s de 170 a\u00f1os y lament\u00f3 que una actuaci\u00f3n de car\u00e1cter administrativo haya generado \u201csentimientos de agravio\u201d.<\/p>\n<p>The-CNN-Wire<br \/>&trade; &amp; &copy; 2025 Cable News Network, Inc., a Warner Bros. Discovery Company. All rights reserved.<\/p>\n","protected":false},"excerpt":{"rendered":"<p>El presidente de Panam\u00e1, Jos\u00e9 Ra\u00fal Mulino, pidi\u00f3 este domingo investigar la demolici\u00f3n del monumento a la comunidad china en el mirador del Puente de las Am\u00e9ricas para esclarecer responsabilidades del hecho, que calific\u00f3 como una \u201cbarbaridad\u201d. El mandatario acus\u00f3 en X a las autoridades de Arraij\u00e1n, en la provincia de Panam\u00e1 Oeste: \u201cNo hay [&hellip;]<\/p>\n","protected":false},"author":0,"featured_media":0,"comment_status":"open","ping_status":"open","sticky":false,"template":"","format":"standard","meta":{"_jetpack_memberships_contains_paid_content":false,"footnotes":""},"categories":[10],"tags":[],"class_list":["post-1469625","post","type-post","status-publish","format-standard","hentry","category-noticias-nacionales","market-global"],"yoast_head":"<!-- This site is optimized with the Yoast SEO plugin v24.4 - https:\/\/yoast.com\/wordpress\/plugins\/seo\/ -->\n<title>Mulino pide investigar la &quot;imperdonable&quot; demolici\u00f3n del monumento a la comunidad china en Panam\u00e1 - Noticias<\/title>\n<meta name=\"robots\" content=\"index, follow, max-snippet:-1, max-image-preview:large, max-video-preview:-1\" \/>\n<link rel=\"canonical\" href=\"https:\/\/noticiasya.com\/2025\/12\/28\/demolicion-monumento-comunidad-china-panama-orix\/\" \/>\n<meta property=\"og:locale\" content=\"es_ES\" \/>\n<meta property=\"og:type\" content=\"article\" \/>\n<meta property=\"og:title\" content=\"Mulino pide investigar la &quot;imperdonable&quot; demolici\u00f3n del monumento a la comunidad china en Panam\u00e1 - Noticias\" \/>\n<meta property=\"og:description\" content=\"El presidente de Panam\u00e1, Jos\u00e9 Ra\u00fal Mulino, pidi\u00f3 este domingo investigar la demolici\u00f3n del monumento a la comunidad china en el mirador del Puente de las Am\u00e9ricas para esclarecer responsabilidades del hecho, que calific\u00f3 como una \u201cbarbaridad\u201d. El mandatario acus\u00f3 en X a las autoridades de Arraij\u00e1n, en la provincia de Panam\u00e1 Oeste: \u201cNo hay [&hellip;]\" \/>\n<meta property=\"og:url\" content=\"https:\/\/noticiasya.com\/2025\/12\/28\/demolicion-monumento-comunidad-china-panama-orix\/\" \/>\n<meta property=\"og:site_name\" content=\"Noticias\" \/>\n<meta property=\"article:published_time\" content=\"2025-12-28T17:03:57+00:00\" \/>\n<meta name=\"twitter:card\" content=\"summary_large_image\" \/>\n<meta name=\"twitter:label1\" content=\"Est. reading time\" \/>\n\t<meta name=\"twitter:data1\" content=\"3 minutos\" \/>\n<script type=\"application\/ld+json\" class=\"yoast-schema-graph\">{\"@context\":\"https:\/\/schema.org\",\"@graph\":[{\"@type\":\"Article\",\"@id\":\"https:\/\/noticiasya.com\/2025\/12\/28\/demolicion-monumento-comunidad-china-panama-orix\/#article\",\"isPartOf\":{\"@id\":\"https:\/\/noticiasya.com\/2025\/12\/28\/demolicion-monumento-comunidad-china-panama-orix\/\"},\"author\":{\"name\":\"\",\"@id\":\"\"},\"headline\":\"Mulino pide investigar la &#171;imperdonable&#187; demolici\u00f3n del monumento a la comunidad china en Panam\u00e1\",\"datePublished\":\"2025-12-28T17:03:57+00:00\",\"mainEntityOfPage\":{\"@id\":\"https:\/\/noticiasya.com\/2025\/12\/28\/demolicion-monumento-comunidad-china-panama-orix\/\"},\"wordCount\":526,\"commentCount\":0,\"publisher\":{\"@id\":\"https:\/\/noticiasya.com\/#organization\"},\"articleSection\":[\"Noticias Nacionales\"],\"inLanguage\":\"es\",\"potentialAction\":[{\"@type\":\"CommentAction\",\"name\":\"Comment\",\"target\":[\"https:\/\/noticiasya.com\/2025\/12\/28\/demolicion-monumento-comunidad-china-panama-orix\/#respond\"]}]},{\"@type\":\"WebPage\",\"@id\":\"https:\/\/noticiasya.com\/2025\/12\/28\/demolicion-monumento-comunidad-china-panama-orix\/\",\"url\":\"https:\/\/noticiasya.com\/2025\/12\/28\/demolicion-monumento-comunidad-china-panama-orix\/\",\"name\":\"Mulino pide investigar la \\\"imperdonable\\\" demolici\u00f3n del monumento a la comunidad china en Panam\u00e1 - Noticias\",\"isPartOf\":{\"@id\":\"https:\/\/noticiasya.com\/#website\"},\"datePublished\":\"2025-12-28T17:03:57+00:00\",\"breadcrumb\":{\"@id\":\"https:\/\/noticiasya.com\/2025\/12\/28\/demolicion-monumento-comunidad-china-panama-orix\/#breadcrumb\"},\"inLanguage\":\"es\",\"potentialAction\":[{\"@type\":\"ReadAction\",\"target\":[\"https:\/\/noticiasya.com\/2025\/12\/28\/demolicion-monumento-comunidad-china-panama-orix\/\"]}]},{\"@type\":\"BreadcrumbList\",\"@id\":\"https:\/\/noticiasya.com\/2025\/12\/28\/demolicion-monumento-comunidad-china-panama-orix\/#breadcrumb\",\"itemListElement\":[{\"@type\":\"ListItem\",\"position\":1,\"name\":\"Home\",\"item\":\"https:\/\/noticiasya.com\/\"},{\"@type\":\"ListItem\",\"position\":2,\"name\":\"Mulino pide investigar la &#171;imperdonable&#187; demolici\u00f3n del monumento a la comunidad china en Panam\u00e1\"}]},{\"@type\":\"WebSite\",\"@id\":\"https:\/\/noticiasya.com\/#website\",\"url\":\"https:\/\/noticiasya.com\/\",\"name\":\"Noticias\",\"description\":\"Lo que importa\",\"publisher\":{\"@id\":\"https:\/\/noticiasya.com\/#organization\"},\"potentialAction\":[{\"@type\":\"SearchAction\",\"target\":{\"@type\":\"EntryPoint\",\"urlTemplate\":\"https:\/\/noticiasya.com\/?s={search_term_string}\"},\"query-input\":{\"@type\":\"PropertyValueSpecification\",\"valueRequired\":true,\"valueName\":\"search_term_string\"}}],\"inLanguage\":\"es\"},{\"@type\":\"Organization\",\"@id\":\"https:\/\/noticiasya.com\/#organization\",\"name\":\"Noticias\",\"url\":\"https:\/\/noticiasya.com\/\",\"logo\":{\"@type\":\"ImageObject\",\"inLanguage\":\"es\",\"@id\":\"https:\/\/noticiasya.com\/#\/schema\/logo\/image\/\",\"url\":\"https:\/\/noticiasya.com\/wp-content\/uploads\/sites\/22\/2023\/12\/logo-nacional.png\",\"contentUrl\":\"https:\/\/noticiasya.com\/wp-content\/uploads\/sites\/22\/2023\/12\/logo-nacional.png\",\"width\":1801,\"height\":691,\"caption\":\"Noticias\"},\"image\":{\"@id\":\"https:\/\/noticiasya.com\/#\/schema\/logo\/image\/\"}}]}<\/script>\n<!-- \/ Yoast SEO plugin. -->","yoast_head_json":{"title":"Mulino pide investigar la \"imperdonable\" demolici\u00f3n del monumento a la comunidad china en Panam\u00e1 - Noticias","robots":{"index":"index","follow":"follow","max-snippet":"max-snippet:-1","max-image-preview":"max-image-preview:large","max-video-preview":"max-video-preview:-1"},"canonical":"https:\/\/noticiasya.com\/2025\/12\/28\/demolicion-monumento-comunidad-china-panama-orix\/","og_locale":"es_ES","og_type":"article","og_title":"Mulino pide investigar la \"imperdonable\" demolici\u00f3n del monumento a la comunidad china en Panam\u00e1 - Noticias","og_description":"El presidente de Panam\u00e1, Jos\u00e9 Ra\u00fal Mulino, pidi\u00f3 este domingo investigar la demolici\u00f3n del monumento a la comunidad china en el mirador del Puente de las Am\u00e9ricas para esclarecer responsabilidades del hecho, que calific\u00f3 como una \u201cbarbaridad\u201d. El mandatario acus\u00f3 en X a las autoridades de Arraij\u00e1n, en la provincia de Panam\u00e1 Oeste: \u201cNo hay [&hellip;]","og_url":"https:\/\/noticiasya.com\/2025\/12\/28\/demolicion-monumento-comunidad-china-panama-orix\/","og_site_name":"Noticias","article_published_time":"2025-12-28T17:03:57+00:00","twitter_card":"summary_large_image","twitter_misc":{"Est. reading time":"3 minutos"},"schema":{"@context":"https:\/\/schema.org","@graph":[{"@type":"Article","@id":"https:\/\/noticiasya.com\/2025\/12\/28\/demolicion-monumento-comunidad-china-panama-orix\/#article","isPartOf":{"@id":"https:\/\/noticiasya.com\/2025\/12\/28\/demolicion-monumento-comunidad-china-panama-orix\/"},"author":{"name":"","@id":""},"headline":"Mulino pide investigar la &#171;imperdonable&#187; demolici\u00f3n del monumento a la comunidad china en Panam\u00e1","datePublished":"2025-12-28T17:03:57+00:00","mainEntityOfPage":{"@id":"https:\/\/noticiasya.com\/2025\/12\/28\/demolicion-monumento-comunidad-china-panama-orix\/"},"wordCount":526,"commentCount":0,"publisher":{"@id":"https:\/\/noticiasya.com\/#organization"},"articleSection":["Noticias Nacionales"],"inLanguage":"es","potentialAction":[{"@type":"CommentAction","name":"Comment","target":["https:\/\/noticiasya.com\/2025\/12\/28\/demolicion-monumento-comunidad-china-panama-orix\/#respond"]}]},{"@type":"WebPage","@id":"https:\/\/noticiasya.com\/2025\/12\/28\/demolicion-monumento-comunidad-china-panama-orix\/","url":"https:\/\/noticiasya.com\/2025\/12\/28\/demolicion-monumento-comunidad-china-panama-orix\/","name":"Mulino pide investigar la \"imperdonable\" demolici\u00f3n del monumento a la comunidad china en Panam\u00e1 - Noticias","isPartOf":{"@id":"https:\/\/noticiasya.com\/#website"},"datePublished":"2025-12-28T17:03:57+00:00","breadcrumb":{"@id":"https:\/\/noticiasya.com\/2025\/12\/28\/demolicion-monumento-comunidad-china-panama-orix\/#breadcrumb"},"inLanguage":"es","potentialAction":[{"@type":"ReadAction","target":["https:\/\/noticiasya.com\/2025\/12\/28\/demolicion-monumento-comunidad-china-panama-orix\/"]}]},{"@type":"BreadcrumbList","@id":"https:\/\/noticiasya.com\/2025\/12\/28\/demolicion-monumento-comunidad-china-panama-orix\/#breadcrumb","itemListElement":[{"@type":"ListItem","position":1,"name":"Home","item":"https:\/\/noticiasya.com\/"},{"@type":"ListItem","position":2,"name":"Mulino pide investigar la &#171;imperdonable&#187; demolici\u00f3n del monumento a la comunidad china en Panam\u00e1"}]},{"@type":"WebSite","@id":"https:\/\/noticiasya.com\/#website","url":"https:\/\/noticiasya.com\/","name":"Noticias","description":"Lo que importa","publisher":{"@id":"https:\/\/noticiasya.com\/#organization"},"potentialAction":[{"@type":"SearchAction","target":{"@type":"EntryPoint","urlTemplate":"https:\/\/noticiasya.com\/?s={search_term_string}"},"query-input":{"@type":"PropertyValueSpecification","valueRequired":true,"valueName":"search_term_string"}}],"inLanguage":"es"},{"@type":"Organization","@id":"https:\/\/noticiasya.com\/#organization","name":"Noticias","url":"https:\/\/noticiasya.com\/","logo":{"@type":"ImageObject","inLanguage":"es","@id":"https:\/\/noticiasya.com\/#\/schema\/logo\/image\/","url":"https:\/\/noticiasya.com\/wp-content\/uploads\/sites\/22\/2023\/12\/logo-nacional.png","contentUrl":"https:\/\/noticiasya.com\/wp-content\/uploads\/sites\/22\/2023\/12\/logo-nacional.png","width":1801,"height":691,"caption":"Noticias"},"image":{"@id":"https:\/\/noticiasya.com\/#\/schema\/logo\/image\/"}}]}},"parsely":{"version":"1.1.0","canonical_url":"https:\/\/noticiasya.com\/springfield\/2025\/12\/28\/demolicion-monumento-comunidad-china-panama-orix\/","smart_links":{"inbound":0,"outbound":0},"traffic_boost_suggestions_count":0,"meta":{"@context":"https:\/\/schema.org","@type":"NewsArticle","headline":"Mulino pide investigar la &#171;imperdonable&#187; demolici\u00f3n del monumento a la comunidad china en Panam\u00e1","url":"http:\/\/noticiasya.com\/springfield\/2025\/12\/28\/demolicion-monumento-comunidad-china-panama-orix\/","mainEntityOfPage":{"@type":"WebPage","@id":"http:\/\/noticiasya.com\/springfield\/2025\/12\/28\/demolicion-monumento-comunidad-china-panama-orix\/"},"thumbnailUrl":"","image":{"@type":"ImageObject","url":""},"articleSection":"Noticias Nacionales","author":[],"creator":[],"publisher":{"@type":"Organization","name":"Noticias","logo":""},"keywords":[],"dateCreated":"2025-12-28T17:03:57Z","datePublished":"2025-12-28T17:03:57Z","dateModified":"2025-12-28T17:03:57Z"},"rendered":"<script type=\"application\/ld+json\" class=\"wp-parsely-metadata\">{\"@context\":\"https:\\\/\\\/schema.org\",\"@type\":\"NewsArticle\",\"headline\":\"Mulino pide investigar la &#171;imperdonable&#187; demolici\\u00f3n del monumento a la comunidad china en Panam\\u00e1\",\"url\":\"http:\\\/\\\/noticiasya.com\\\/springfield\\\/2025\\\/12\\\/28\\\/demolicion-monumento-comunidad-china-panama-orix\\\/\",\"mainEntityOfPage\":{\"@type\":\"WebPage\",\"@id\":\"http:\\\/\\\/noticiasya.com\\\/springfield\\\/2025\\\/12\\\/28\\\/demolicion-monumento-comunidad-china-panama-orix\\\/\"},\"thumbnailUrl\":\"\",\"image\":{\"@type\":\"ImageObject\",\"url\":\"\"},\"articleSection\":\"Noticias Nacionales\",\"author\":[],\"creator\":[],\"publisher\":{\"@type\":\"Organization\",\"name\":\"Noticias\",\"logo\":\"\"},\"keywords\":[],\"dateCreated\":\"2025-12-28T17:03:57Z\",\"datePublished\":\"2025-12-28T17:03:57Z\",\"dateModified\":\"2025-12-28T17:03:57Z\"}<\/script>","tracker_url":"https:\/\/cdn.parsely.com\/keys\/noticiasya.com\/p.js"},"jetpack_featured_media_url":"","jetpack-related-posts":[{"id":1456932,"url":"https:\/\/noticiasya.com\/springfield\/2024\/12\/24\/presidentes-panama-declaracion-canal-amenaza-trump-trax\/","url_meta":{"origin":1469625,"position":0},"title":"Cuatro presidentes de Panam\u00e1 firman declaraci\u00f3n para reafirmar soberan\u00eda sobre el canal de Panam\u00e1 tras amenaza de Trump","author":"","date":"diciembre 24, 2024","format":false,"excerpt":"Tres expresidentes de Panam\u00e1 firmaron el lunes una declaraci\u00f3n conjunta con el actual mandatario, Jos\u00e9 Ra\u00fal Mulino, en la que reafirman el control de su pa\u00eds sobre el canal de Panam\u00e1, luego de que el presidente electo de Estados Unidos, Donald Trump, amenazara con retomar la v\u00eda acu\u00e1tica para EE.UU.\u201cComo\u2026","rel":"","context":"In &quot;Noticias Nacionales&quot;","block_context":{"text":"Noticias Nacionales","link":"https:\/\/noticiasya.com\/springfield\/categoria\/noticias-nacionales"},"img":{"alt_text":"","src":"","width":0,"height":0},"classes":[]},{"id":1450814,"url":"https:\/\/noticiasya.com\/springfield\/2024\/06\/30\/jose-raul-mulino-cnn-propuesta-darien-narco-martinelli-oppenheimer-presenta-orix\/","url_meta":{"origin":1469625,"position":1},"title":"Jos\u00e9 Ra\u00fal Mulino en CNN: su propuesta de cerrar la ruta del Dari\u00e9n, la lucha contra el narco y su v\u00ednculo con Ricardo Martinelli","author":"","date":"junio 30, 2024","format":false,"excerpt":"(CNN Espa\u00f1ol) -- El presidente electo de Panam\u00e1, Jos\u00e9 Ra\u00fal Mulino, se prepara para asumir funciones al mando del ejecutivo. En ese marco, particip\u00f3 del programa Oppenheimer Presenta, donde explic\u00f3 sus planes para contener la migraci\u00f3n ilegal a trav\u00e9s de la selva del Dari\u00e9n y combatir el narcotr\u00e1fico.Tambi\u00e9n adelant\u00f3 c\u00f3mo\u2026","rel":"","context":"In &quot;Noticias Nacionales&quot;","block_context":{"text":"Noticias Nacionales","link":"https:\/\/noticiasya.com\/springfield\/categoria\/noticias-nacionales"},"img":{"alt_text":"","src":"","width":0,"height":0},"classes":[]},{"id":1470945,"url":"https:\/\/noticiasya.com\/springfield\/2026\/02\/06\/panama-advertencias-eeuu-china-canal-orix\/","url_meta":{"origin":1469625,"position":2},"title":"&#171;No se va a dejar amenazar por ning\u00fan pa\u00eds&#187;: Panam\u00e1 busca hacer un dif\u00edcil equilibrio entre advertencias de EE.UU. y China","author":"","date":"febrero 6, 2026","format":false,"excerpt":"Panam\u00e1 est\u00e1 tironeado por amenazas. Esta semana, el fallo de la Corte Suprema de Justicia de Panam\u00e1 que anul\u00f3 el contrato de una empresa de Hong Kong para gestionar dos puertos en puntos estrat\u00e9gicos del Canal de Panam\u00e1 ha puesto al pa\u00eds centroamericano como blanco de las presiones de China.No\u2026","rel":"","context":"In &quot;Noticias Nacionales&quot;","block_context":{"text":"Noticias Nacionales","link":"https:\/\/noticiasya.com\/springfield\/categoria\/noticias-nacionales"},"img":{"alt_text":"","src":"","width":0,"height":0},"classes":[]},{"id":1463509,"url":"https:\/\/noticiasya.com\/springfield\/2025\/06\/12\/presidente-panama-pide-respeto-eeuu-china-orix\/","url_meta":{"origin":1469625,"position":3},"title":"El presidente de Panam\u00e1 pide respeto a EE.UU., al rechazar declaraciones de su Embajada sobre China","author":"","date":"junio 12, 2025","format":false,"excerpt":"El presidente de Panam\u00e1, Jos\u00e9 Ra\u00fal Mulino, pidi\u00f3 este jueves a Estados Unidos respeto, al rechazar declaraciones de la Embajada de ese pa\u00eds sobre supuestos esfuerzo conjuntos para contrarrestar lo que llam\u00f3 \u201cla maligna influencia de China\u201d.Mulino reaccion\u00f3 a un comunicado del mi\u00e9rcoles de la Embajada de Estados Unidos en\u2026","rel":"","context":"In &quot;Noticias Nacionales&quot;","block_context":{"text":"Noticias Nacionales","link":"https:\/\/noticiasya.com\/springfield\/categoria\/noticias-nacionales"},"img":{"alt_text":"","src":"","width":0,"height":0},"classes":[]},{"id":1458700,"url":"https:\/\/noticiasya.com\/springfield\/2025\/02\/13\/deportacion-migrantes-paises-asiaticos-panama-trax\/","url_meta":{"origin":1469625,"position":4},"title":"Mulino afirma que EE.UU. deport\u00f3 a migrantes de varios pa\u00edses asi\u00e1ticos a Panam\u00e1","author":"","date":"febrero 13, 2025","format":false,"excerpt":"Un avi\u00f3n militar estadounidense que deport\u00f3 a 119 ciudadanos no paname\u00f1os, incluidos inmigrantes de varios pa\u00edses asi\u00e1ticos, lleg\u00f3 a la naci\u00f3n centroamericana el mi\u00e9rcoles, dijo el presidente de Panam\u00e1, Jos\u00e9 Ra\u00fal Mulino, en una conferencia de prensa este jueves.Los migrantes, de \u201clas nacionalidades m\u00e1s diversas del mundo\u201d, fueron recibidos por\u2026","rel":"","context":"In &quot;Noticias Nacionales&quot;","block_context":{"text":"Noticias Nacionales","link":"https:\/\/noticiasya.com\/springfield\/categoria\/noticias-nacionales"},"img":{"alt_text":"","src":"","width":0,"height":0},"classes":[]},{"id":1457065,"url":"https:\/\/noticiasya.com\/springfield\/2024\/12\/29\/entrevista-mulino-presidente-panama-oppenheimer-orix\/","url_meta":{"origin":1469625,"position":5},"title":"&#171;El canal es de los paname\u00f1os y seguir\u00e1 siendo de los paname\u00f1os. No hay otra forma de verlo&#187;, dice Jos\u00e9 Ra\u00fal Mulino a CNN","author":"","date":"diciembre 29, 2024","format":false,"excerpt":"A ra\u00edz de las declaraciones de Donald Trump sobre sus intenciones de quedarse con el control del canal de Panam\u00e1, el presidente Jos\u00e9 Ra\u00fal Mulino respondi\u00f3 a los dichos del presidente electo de EE. UU. en una conversaci\u00f3n con Andr\u00e9s Oppenheimer.El mandatario paname\u00f1o dijo que las palabras de Trump reflejan\u2026","rel":"","context":"In &quot;Noticias Nacionales&quot;","block_context":{"text":"Noticias Nacionales","link":"https:\/\/noticiasya.com\/springfield\/categoria\/noticias-nacionales"},"img":{"alt_text":"","src":"","width":0,"height":0},"classes":[]}],"jetpack_sharing_enabled":true,"_links":{"self":[{"href":"https:\/\/noticiasya.com\/springfield\/wp-json\/wp\/v2\/posts\/1469625","targetHints":{"allow":["GET"]}}],"collection":[{"href":"https:\/\/noticiasya.com\/springfield\/wp-json\/wp\/v2\/posts"}],"about":[{"href":"https:\/\/noticiasya.com\/springfield\/wp-json\/wp\/v2\/types\/post"}],"replies":[{"embeddable":true,"href":"https:\/\/noticiasya.com\/springfield\/wp-json\/wp\/v2\/comments?post=1469625"}],"version-history":[{"count":0,"href":"https:\/\/noticiasya.com\/springfield\/wp-json\/wp\/v2\/posts\/1469625\/revisions"}],"wp:attachment":[{"href":"https:\/\/noticiasya.com\/springfield\/wp-json\/wp\/v2\/media?parent=1469625"}],"wp:term":[{"taxonomy":"category","embeddable":true,"href":"https:\/\/noticiasya.com\/springfield\/wp-json\/wp\/v2\/categories?post=1469625"},{"taxonomy":"post_tag","embeddable":true,"href":"https:\/\/noticiasya.com\/springfield\/wp-json\/wp\/v2\/tags?post=1469625"}],"curies":[{"name":"wp","href":"https:\/\/api.w.org\/{rel}","templated":true}]}}