{"id":1471823,"date":"2026-03-03T09:03:41","date_gmt":"2026-03-03T17:03:41","guid":{"rendered":"https:\/\/noticiasya.com\/2026\/03\/03\/argentina-unico-pais-latam-respaldo-ataques-iran-eeuu-orix\/"},"modified":"2026-03-03T09:03:41","modified_gmt":"2026-03-03T17:03:41","slug":"argentina-unico-pais-latam-respaldo-ataques-iran-eeuu-orix","status":"publish","type":"post","link":"https:\/\/noticiasya.com\/springfield\/2026\/03\/03\/argentina-unico-pais-latam-respaldo-ataques-iran-eeuu-orix\/","title":{"rendered":"Por qu\u00e9 Argentina fue el \u00fanico pa\u00eds de Am\u00e9rica Latina que respald\u00f3 los ataques contra Ir\u00e1n"},"content":{"rendered":"<p>Estados Unidos e Israel volvieron a desafiar las convenciones internacionales al atacar a Ir\u00e1n con su poder a\u00e9reo combinado.<\/p>\n<p>Ya lo hab\u00edan hecho en 2025, al bombardear instalaciones del programa nuclear iran\u00ed, pero la escala de este ataque es a\u00fan mayor, as\u00ed como tambi\u00e9n las represalias de Ir\u00e1n contra bases estadounidenses en diferentes pa\u00edses del golfo, entre ellos Catar, Emiratos \u00c1rabes Unidos y Arabia Saudita.<\/p>\n<p>Los objetivos son, tambi\u00e9n, m\u00e1s grandes: si en el pasado Washington <a href=\"https:\/\/cnnespanol.cnn.com\/2026\/02\/24\/mundo\/trump-programa-nuclear-iran-trax\">dijo haber atacado para frenar el presunto programa nuclear iran\u00ed,<\/a> esta vez <a href=\"https:\/\/cnnespanol.cnn.com\/2026\/02\/28\/eeuu\/trump-campana-cambio-de-regimen-iran-trax\">la b\u00fasqueda de un cambio de r\u00e9gimen tambi\u00e9n est\u00e1 entre las posibles opciones.<\/a><\/p>\n<p>Una guerra abierta entre Estados Unidos e Ir\u00e1n ha sido una posibilidad latente al menos desde la Revoluci\u00f3n Isl\u00e1mica de 1979, que llev\u00f3 a los ayatolas, primero Ruhollah Jomeini y luego Ali Jamenei \u2014muerto el s\u00e1bado en uno de los ataques\u2014 al poder en una naciente teocracia chiita existencialmente opuesta a Estados Unidos e Israel.<\/p>\n<p>Ahora que este conflicto de consecuencias inciertas ha finalmente llegado, la mayor\u00eda de los pa\u00edses del mundo se posicionan sobre la guerra. Un alto n\u00famero de pa\u00edses conden\u00f3 inicialmente los ataques y llam\u00f3 a una soluci\u00f3n diplom\u00e1tica, a medida que las v\u00edctimas civiles se acumulan, trepa el precio del petr\u00f3leo y comienzan a sentirse los efectos globales.<\/p>\n<p>Casi todos los pa\u00edses en Am\u00e9rica Latina tomaron tambi\u00e9n postura, en su mayor\u00eda de cautela y distancia de la decisi\u00f3n de EE.UU. e Israel de atacar Ir\u00e1n. El gobierno encargado de Venezuela <a href=\"https:\/\/cnnespanol.cnn.com\/2026\/02\/28\/latinoamerica\/reaccion-gobiernos-ataques-iran-seguridad-orix\">lament\u00f3<\/a> que \u201cse haya optado por la v\u00eda militar\u201d, mientras que el presidente de Colombia, Gustavo Petro, dijo que EE.UU.  se hab\u00eda \u201cequivocado\u201d y el gobierno de M\u00e9xico pidi\u00f3 privilegiar la v\u00eda diplom\u00e1tica y abstenerse de usar la fuerza.<\/p>\n<p>Pero un pa\u00eds marc\u00f3 la diferencia.<\/p>\n<p>Mientras los aviones de combate estadounidenses e israel\u00edes bombardeaban Teher\u00e1n, y los misiles y drones iran\u00edes ca\u00edan sobre Dubai, Tel Aviv y Abu Dhabi, la canciller\u00eda de Argentina <a href=\"https:\/\/x.com\/pabloquirno\/status\/2027760994034815472\">dijo<\/a> en un comunicado que Buenos Aires \u201cvalora y apoya las acciones conjuntas de Estados Unidos e Israel destinadas a neutralizar la amenaza que Ir\u00e1n representa para la estabilidad internacional\u201d.<\/p>\n<p>Horas despu\u00e9s la oficina del presidente Javier Milei <a href=\"https:\/\/x.com\/OPRArgentina\/status\/2027876051120992678\">dijo,<\/a> en su propio comunicado, que \u201ccelebra la operaci\u00f3n que result\u00f3 en la eliminaci\u00f3n el l\u00edder Al\u00ed Jamenei\u201d, a quien calific\u00f3 como \u201cuna de las personas m\u00e1s malvadas, violentas y crueles que ha visto la historia de la humanidad\u201d.<\/p>\n<p>El apoyo sin cuestionamientos de Argentina, cuyo presidente libertario se ha mostrado en los \u00faltimos dos a\u00f1os como uno de los aliados m\u00e1s fieles de Trump en Am\u00e9rica Latina, a los bombardeos sobre Ir\u00e1n es in\u00e9dito en la regi\u00f3n.<\/p>\n<p>Argentina es, de hecho, uno de los pocos pa\u00edses en todo el mundo en haber adoptado hasta el momento esta posici\u00f3n: adem\u00e1s del pa\u00eds sudamericano, solo Canad\u00e1 <a href=\"https:\/\/www.pm.gc.ca\/en\/news\/statements\/2026\/02\/28\/statement-prime-minister-carney-and-minister-anand-situation-middle-east\">anunci\u00f3<\/a> oficialmente su apoyo a Washington, aunque dijo que no participar\u00e1 de las acciones militares. Por su lado, pa\u00edses de Medio Oriente como Catar, Arabia Saudita, Emiratos \u00c1rabes Unidos, Bahr\u00e9in, Om\u00e1n, Jordania y Kuwait permitieron a Estados Unidos operar contra Ir\u00e1n desde bases en sus territorios.<\/p>\n<p>Ya en la paleta de los grises, Francia <a href=\"https:\/\/www.cnn.com\/world\/live-news\/iran-israel-us-attack-03-02-26-intl-hnk?post-id=cmm94pzmp000d3b6rmno7h63u\">anunci\u00f3<\/a> que defender\u00e1 a los pa\u00edses del Golfo de ataques y Reino Unido que <a href=\"https:\/\/www.cnn.com\/world\/live-news\/iran-israel-us-attack-03-02-26-intl-hnk?post-id=cmm92srlx00003b6rjfn6sgn4\">permitir\u00e1<\/a> a Estados Unidos usar sus bases para acciones defensivas contra Ir\u00e1n (dos semanas despu\u00e9s de que Londres <a href=\"https:\/\/www.cnn.com\/2026\/02\/20\/europe\/britain-air-base-access-us-iran-intl-hnk-ml\">prometiera<\/a> no hacerlo).<\/p>\n<p>Argentina, cuya capital, Buenos Aires, est\u00e1 a unos 13.000 kil\u00f3metros de Teher\u00e1n, no est\u00e1 obligada por la OTAN (a la que no pertenece, a diferencia de Francia y el Reino Unido) ni por otros acuerdos de seguridad a participar en la defensa del Golfo y su involucramiento en este conflicto parece alejado de la realidad regional latinoamericana.<\/p>\n<p>\u00bfPor qu\u00e9 est\u00e1 entonces el gobierno argentino tomando una posici\u00f3n tan at\u00edpica?<\/p>\n<p>Milei, un autodenominado \u201cliberal-libertario\u201d y outsider de la pol\u00edtica conocido por su estilo confrontativo, gan\u00f3 las elecciones de 2023 con la promesa de reformar \u2014y achicar\u2014 el Estado, reducir impuestos y abrir la econom\u00eda, y lo hizo con elogios para el entonces expresidente estadounidense Donald Trump y tambi\u00e9n para el Estado de Israel<a href=\"https:\/\/cnnespanol.cnn.com\/2025\/06\/11\/mundo\/video\/milei-visita-netanyahu-israel-cafe-tv\">, del que se declara un admirador.<\/a><\/p>\n<p>Sus dos primeros a\u00f1os de gobierno estuvieron marcados por el acercamiento profundo con Estados Unidos en materia de pol\u00edtica internacional, especialmente tras la victoria de Trump en las elecciones de 2024, en franco contraste con el gobierno de su predecesor el peronista Alberto Fern\u00e1ndez, un l\u00edder progresista que se acerc\u00f3 a China y Rusia y dej\u00f3 el pa\u00eds atravesado por severos problemas econ\u00f3micos.<\/p>\n<p>La Argentina de Milei compr\u00f3 armas a EE.UU. y se <a href=\"https:\/\/cnnespanol.cnn.com\/2024\/04\/18\/argentina-solicita-convertirse-socio-global-otan-orix\">convirti\u00f3<\/a> en \u201csocio global\u201d de la OTAN, y en pr\u00e1cticamente todos los conflictos y asuntos internacional adopt\u00f3 una postura cercana a la Casa Blanca.<\/p>\n<p>Incluso cuando Milei, cuyas reformas en materia econ\u00f3mica han sido numerosas y conflictivas, sufri\u00f3 un rev\u00e9s en 2025 en las elecciones de la trascendental provincia de Buenos Aires y su gobierno entr\u00f3 en crisis pol\u00edtica, fue Trump quien acudi\u00f3 a darle su apoyo y <a href=\"https:\/\/cnnespanol.cnn.com\/2025\/10\/14\/argentina\/trump-ofrece-su-apoyo-a-milei-pero-con-condiciones-si-el-pierde-no-vamos-a-ser-generosos-con-argentina\">anunciar un pr\u00e9stamo para sostener<\/a> a la econom\u00eda argentina. Poco despu\u00e9s, el partido de Milei <a href=\"https:\/\/cnnespanol.cnn.com\/2025\/10\/26\/argentina\/elecciones-medio-termino-milei-resultados-orix\">se impuso en las elecciones legislativas nacionales de ese mismo a\u00f1o.<\/a><\/p>\n<p>La alianza entre Milei y Trump parece tan profunda que contrasta con cualquier otro acercamiento entre l\u00edderes latinoamericanos y la Casa Blanca: Nayib Bukele, presidente de El Salvador elogiado por Trump, a\u00fan no se <a href=\"https:\/\/x.com\/nayibbukele\/status\/2028282640584122582\">pronuncia<\/a> sobre los ataques contra Ir\u00e1n, mientras que el gobierno de Daniel Noboa en Ecuador se <a href=\"https:\/\/cnnespanol.cnn.com\/2026\/02\/28\/latinoamerica\/reaccion-gobiernos-ataques-iran-seguridad-orix\">mostr\u00f3<\/a> tambi\u00e9n preocupado y el del presidente Nasry Asfura en Honduras <a href=\"https:\/\/cnnespanol.cnn.com\/2026\/02\/28\/latinoamerica\/reaccion-gobiernos-ataques-iran-seguridad-orix\">reafirm\u00f3<\/a> su compromiso con la paz, por citar solo tres mandatarios cercanos tambi\u00e9n a Washington.<\/p>\n<p>M\u00e1s all\u00e1 de Milei, Argentina tambi\u00e9n mantiene una relaci\u00f3n dif\u00edcil con la Rep\u00fablica Isl\u00e1mica de Ir\u00e1n debido al atentado terrorista contra la Asociaci\u00f3n Mutual Israelita Argentina (AMIA) en 1994 en Buenos Aires, que dej\u00f3 un saldo de 85 personas muertas y 300 heridos, y que se ha convertido, a\u00fan sin resoluci\u00f3n, en una de las p\u00e1ginas m\u00e1s oscuras de la historia de Argentina<\/p>\n<p>La justicia del pa\u00eds sudamericano <a href=\"https:\/\/cnnespanol.cnn.com\/2024\/12\/06\/argentina\/cristina-kirchner-juicio-memorandum-iran-orix\">se\u00f1ala<\/a> a diplom\u00e1ticos y funcionarios iran\u00edes como presuntos responsables del atentado a trav\u00e9s del grupo militante isl\u00e1mico liban\u00e9s Hezbollah, pero no ha podido al momento hacer que declaren. El gobierno de Ir\u00e1n siempre ha <a href=\"https:\/\/cnnespanol.cnn.com\/2024\/04\/24\/argentina-pide-arrestar-ministro-interior-iran-atentado-contra-la-amia-orix\">negado<\/a> cualquier conexi\u00f3n con este ataque.<\/p>\n<p>En abril de 2024 un tribunal de Argentina <a href=\"https:\/\/cnnespanol.cnn.com\/2025\/07\/23\/argentina\/atentado-amia-juicio-ausencia-orix\">determin\u00f3<\/a> que los atentado terroristas contra la AMIA y <a href=\"https:\/\/www.argentina.gob.ar\/noticias\/comunicado-oficial-numero-38\">contra la embajada de Israel<\/a> en 1992 fueron cometidos por Hezbollah por orden y con financiamiento de Ir\u00e1n y lleva adelante un <a href=\"https:\/\/cnnespanol.cnn.com\/2025\/07\/23\/argentina\/atentado-amia-juicio-ausencia-orix\">juicio en ausencia<\/a> contra 10 acusados iran\u00edes.<\/p>\n<p>En aquel momento la canciller\u00eda de Ir\u00e1n <a href=\"https:\/\/cnnespanol.cnn.com\/2025\/07\/23\/argentina\/atentado-amia-juicio-ausencia-orix\">rechaz\u00f3<\/a> y conden\u00f3 \u201clas acusaciones infundadas realizadas por la justicia argentina contra funcionarios iran\u00edes\u201d.<\/p>\n<p>Pablo Quirno, canciller de Argentina, <a href=\"https:\/\/x.com\/pabloquirno\/status\/2027864876492714464\">pidi\u00f3<\/a> el s\u00e1bado, tras conocerse la muerte de Jamenei, \u201cque estas noticias aporten alivio a las familias y contribuyan al reconocimiento de las responsabilidades y a la lucha contra el terrorismo y la impunidad\u201d.<\/p>\n<p>El juicio por la AMIA y el presunto rol de Ir\u00e1n ha sido un punto contencioso de la pol\u00edtica argentina de las \u00faltimas d\u00e9cadas.<\/p>\n<p>En 2013 el gobierno de la presidenta Cristina Fern\u00e1ndez de Kirchner, a la que Milei considera como su adversaria principal, <a href=\"https:\/\/cnnespanol.cnn.com\/2024\/07\/18\/amia-atentado-argentina-orix\">firm\u00f3<\/a> un memor\u00e1ndum de entendimiento con Ir\u00e1n con el presunto objetivo de avanzar en la investigaci\u00f3n judicial y poder interrogar a algunos de los acusados.<\/p>\n<p>El memor\u00e1ndum nunca entr\u00f3 vigor, ya que fue declarado inconstitucional un a\u00f1o despu\u00e9s por la justicia argentina, y en 2015 el fiscal Alberto Nisman <a href=\"https:\/\/cnnespanol.cnn.com\/2024\/07\/18\/amia-atentado-argentina-orix\">acus\u00f3<\/a> a Fern\u00e1ndez de Kirchner por supuesto encubrimiento del atentado, cargos que rechaz\u00f3 <a href=\"https:\/\/cnnespanol.cnn.com\/2024\/07\/18\/amia-atentado-argentina-orix\">aludiendo a una persecuci\u00f3n pol\u00edtica.<\/a><\/p>\n<p>Nisman, en tanto, fue encontrado muerto poco despu\u00e9s de su denuncia en un hecho que a\u00fan no se aclara. Mientras tanto, la acusaci\u00f3n contra la expresidenta tambi\u00e9n sigue su curso.<\/p>\n<p>Entre estrechas alianzas y largos juicios sin resolver, esos 13.000 kil\u00f3metros de distancia entre Buenos Aires y Teher\u00e1n pueden volverse, as\u00ed, apenas unos cent\u00edmetros.<\/p>\n<p><em>Con informaci\u00f3n de Cecilia Dom\u00ednguez e Iv\u00e1n P\u00e9rez Sarmenti.<\/em><\/p>\n<p>The-CNN-Wire<br \/>&trade; &amp; &copy; 2026 Cable News Network, Inc., a Warner Bros. Discovery Company. All rights reserved.<\/p>\n","protected":false},"excerpt":{"rendered":"<p>Estados Unidos e Israel volvieron a desafiar las convenciones internacionales al atacar a Ir\u00e1n con su poder a\u00e9reo combinado. Ya lo hab\u00edan hecho en 2025, al bombardear instalaciones del programa nuclear iran\u00ed, pero la escala de este ataque es a\u00fan mayor, as\u00ed como tambi\u00e9n las represalias de Ir\u00e1n contra bases estadounidenses en diferentes pa\u00edses del [&hellip;]<\/p>\n","protected":false},"author":0,"featured_media":0,"comment_status":"open","ping_status":"open","sticky":false,"template":"","format":"standard","meta":{"_jetpack_memberships_contains_paid_content":false,"footnotes":""},"categories":[10],"tags":[],"class_list":["post-1471823","post","type-post","status-publish","format-standard","hentry","category-noticias-nacionales","market-global"],"yoast_head":"<!-- This site is optimized with the Yoast SEO plugin v24.4 - https:\/\/yoast.com\/wordpress\/plugins\/seo\/ -->\n<title>Por qu\u00e9 Argentina fue el \u00fanico pa\u00eds de Am\u00e9rica Latina que respald\u00f3 los ataques contra Ir\u00e1n - Noticias<\/title>\n<meta name=\"robots\" content=\"index, follow, max-snippet:-1, max-image-preview:large, max-video-preview:-1\" \/>\n<link rel=\"canonical\" href=\"https:\/\/noticiasya.com\/2026\/03\/03\/argentina-unico-pais-latam-respaldo-ataques-iran-eeuu-orix\/\" \/>\n<meta property=\"og:locale\" content=\"es_ES\" \/>\n<meta property=\"og:type\" content=\"article\" \/>\n<meta property=\"og:title\" content=\"Por qu\u00e9 Argentina fue el \u00fanico pa\u00eds de Am\u00e9rica Latina que respald\u00f3 los ataques contra Ir\u00e1n - Noticias\" \/>\n<meta property=\"og:description\" content=\"Estados Unidos e Israel volvieron a desafiar las convenciones internacionales al atacar a Ir\u00e1n con su poder a\u00e9reo combinado. Ya lo hab\u00edan hecho en 2025, al bombardear instalaciones del programa nuclear iran\u00ed, pero la escala de este ataque es a\u00fan mayor, as\u00ed como tambi\u00e9n las represalias de Ir\u00e1n contra bases estadounidenses en diferentes pa\u00edses del [&hellip;]\" \/>\n<meta property=\"og:url\" content=\"https:\/\/noticiasya.com\/2026\/03\/03\/argentina-unico-pais-latam-respaldo-ataques-iran-eeuu-orix\/\" \/>\n<meta property=\"og:site_name\" content=\"Noticias\" \/>\n<meta property=\"article:published_time\" content=\"2026-03-03T17:03:41+00:00\" \/>\n<meta name=\"twitter:card\" content=\"summary_large_image\" \/>\n<meta name=\"twitter:label1\" content=\"Est. reading time\" \/>\n\t<meta name=\"twitter:data1\" content=\"7 minutos\" \/>\n<script type=\"application\/ld+json\" class=\"yoast-schema-graph\">{\"@context\":\"https:\/\/schema.org\",\"@graph\":[{\"@type\":\"Article\",\"@id\":\"https:\/\/noticiasya.com\/2026\/03\/03\/argentina-unico-pais-latam-respaldo-ataques-iran-eeuu-orix\/#article\",\"isPartOf\":{\"@id\":\"https:\/\/noticiasya.com\/2026\/03\/03\/argentina-unico-pais-latam-respaldo-ataques-iran-eeuu-orix\/\"},\"author\":{\"name\":\"\",\"@id\":\"\"},\"headline\":\"Por qu\u00e9 Argentina fue el \u00fanico pa\u00eds de Am\u00e9rica Latina que respald\u00f3 los ataques contra Ir\u00e1n\",\"datePublished\":\"2026-03-03T17:03:41+00:00\",\"mainEntityOfPage\":{\"@id\":\"https:\/\/noticiasya.com\/2026\/03\/03\/argentina-unico-pais-latam-respaldo-ataques-iran-eeuu-orix\/\"},\"wordCount\":1473,\"commentCount\":0,\"publisher\":{\"@id\":\"https:\/\/noticiasya.com\/#organization\"},\"articleSection\":[\"Noticias Nacionales\"],\"inLanguage\":\"es\",\"potentialAction\":[{\"@type\":\"CommentAction\",\"name\":\"Comment\",\"target\":[\"https:\/\/noticiasya.com\/2026\/03\/03\/argentina-unico-pais-latam-respaldo-ataques-iran-eeuu-orix\/#respond\"]}]},{\"@type\":\"WebPage\",\"@id\":\"https:\/\/noticiasya.com\/2026\/03\/03\/argentina-unico-pais-latam-respaldo-ataques-iran-eeuu-orix\/\",\"url\":\"https:\/\/noticiasya.com\/2026\/03\/03\/argentina-unico-pais-latam-respaldo-ataques-iran-eeuu-orix\/\",\"name\":\"Por qu\u00e9 Argentina fue el \u00fanico pa\u00eds de Am\u00e9rica Latina que respald\u00f3 los ataques contra Ir\u00e1n - Noticias\",\"isPartOf\":{\"@id\":\"https:\/\/noticiasya.com\/#website\"},\"datePublished\":\"2026-03-03T17:03:41+00:00\",\"breadcrumb\":{\"@id\":\"https:\/\/noticiasya.com\/2026\/03\/03\/argentina-unico-pais-latam-respaldo-ataques-iran-eeuu-orix\/#breadcrumb\"},\"inLanguage\":\"es\",\"potentialAction\":[{\"@type\":\"ReadAction\",\"target\":[\"https:\/\/noticiasya.com\/2026\/03\/03\/argentina-unico-pais-latam-respaldo-ataques-iran-eeuu-orix\/\"]}]},{\"@type\":\"BreadcrumbList\",\"@id\":\"https:\/\/noticiasya.com\/2026\/03\/03\/argentina-unico-pais-latam-respaldo-ataques-iran-eeuu-orix\/#breadcrumb\",\"itemListElement\":[{\"@type\":\"ListItem\",\"position\":1,\"name\":\"Home\",\"item\":\"https:\/\/noticiasya.com\/\"},{\"@type\":\"ListItem\",\"position\":2,\"name\":\"Por qu\u00e9 Argentina fue el \u00fanico pa\u00eds de Am\u00e9rica Latina que respald\u00f3 los ataques contra Ir\u00e1n\"}]},{\"@type\":\"WebSite\",\"@id\":\"https:\/\/noticiasya.com\/#website\",\"url\":\"https:\/\/noticiasya.com\/\",\"name\":\"Noticias\",\"description\":\"Lo que importa\",\"publisher\":{\"@id\":\"https:\/\/noticiasya.com\/#organization\"},\"potentialAction\":[{\"@type\":\"SearchAction\",\"target\":{\"@type\":\"EntryPoint\",\"urlTemplate\":\"https:\/\/noticiasya.com\/?s={search_term_string}\"},\"query-input\":{\"@type\":\"PropertyValueSpecification\",\"valueRequired\":true,\"valueName\":\"search_term_string\"}}],\"inLanguage\":\"es\"},{\"@type\":\"Organization\",\"@id\":\"https:\/\/noticiasya.com\/#organization\",\"name\":\"Noticias\",\"url\":\"https:\/\/noticiasya.com\/\",\"logo\":{\"@type\":\"ImageObject\",\"inLanguage\":\"es\",\"@id\":\"https:\/\/noticiasya.com\/#\/schema\/logo\/image\/\",\"url\":\"https:\/\/noticiasya.com\/wp-content\/uploads\/sites\/22\/2023\/12\/logo-nacional.png\",\"contentUrl\":\"https:\/\/noticiasya.com\/wp-content\/uploads\/sites\/22\/2023\/12\/logo-nacional.png\",\"width\":1801,\"height\":691,\"caption\":\"Noticias\"},\"image\":{\"@id\":\"https:\/\/noticiasya.com\/#\/schema\/logo\/image\/\"}}]}<\/script>\n<!-- \/ Yoast SEO plugin. -->","yoast_head_json":{"title":"Por qu\u00e9 Argentina fue el \u00fanico pa\u00eds de Am\u00e9rica Latina que respald\u00f3 los ataques contra Ir\u00e1n - Noticias","robots":{"index":"index","follow":"follow","max-snippet":"max-snippet:-1","max-image-preview":"max-image-preview:large","max-video-preview":"max-video-preview:-1"},"canonical":"https:\/\/noticiasya.com\/2026\/03\/03\/argentina-unico-pais-latam-respaldo-ataques-iran-eeuu-orix\/","og_locale":"es_ES","og_type":"article","og_title":"Por qu\u00e9 Argentina fue el \u00fanico pa\u00eds de Am\u00e9rica Latina que respald\u00f3 los ataques contra Ir\u00e1n - Noticias","og_description":"Estados Unidos e Israel volvieron a desafiar las convenciones internacionales al atacar a Ir\u00e1n con su poder a\u00e9reo combinado. Ya lo hab\u00edan hecho en 2025, al bombardear instalaciones del programa nuclear iran\u00ed, pero la escala de este ataque es a\u00fan mayor, as\u00ed como tambi\u00e9n las represalias de Ir\u00e1n contra bases estadounidenses en diferentes pa\u00edses del [&hellip;]","og_url":"https:\/\/noticiasya.com\/2026\/03\/03\/argentina-unico-pais-latam-respaldo-ataques-iran-eeuu-orix\/","og_site_name":"Noticias","article_published_time":"2026-03-03T17:03:41+00:00","twitter_card":"summary_large_image","twitter_misc":{"Est. reading time":"7 minutos"},"schema":{"@context":"https:\/\/schema.org","@graph":[{"@type":"Article","@id":"https:\/\/noticiasya.com\/2026\/03\/03\/argentina-unico-pais-latam-respaldo-ataques-iran-eeuu-orix\/#article","isPartOf":{"@id":"https:\/\/noticiasya.com\/2026\/03\/03\/argentina-unico-pais-latam-respaldo-ataques-iran-eeuu-orix\/"},"author":{"name":"","@id":""},"headline":"Por qu\u00e9 Argentina fue el \u00fanico pa\u00eds de Am\u00e9rica Latina que respald\u00f3 los ataques contra Ir\u00e1n","datePublished":"2026-03-03T17:03:41+00:00","mainEntityOfPage":{"@id":"https:\/\/noticiasya.com\/2026\/03\/03\/argentina-unico-pais-latam-respaldo-ataques-iran-eeuu-orix\/"},"wordCount":1473,"commentCount":0,"publisher":{"@id":"https:\/\/noticiasya.com\/#organization"},"articleSection":["Noticias Nacionales"],"inLanguage":"es","potentialAction":[{"@type":"CommentAction","name":"Comment","target":["https:\/\/noticiasya.com\/2026\/03\/03\/argentina-unico-pais-latam-respaldo-ataques-iran-eeuu-orix\/#respond"]}]},{"@type":"WebPage","@id":"https:\/\/noticiasya.com\/2026\/03\/03\/argentina-unico-pais-latam-respaldo-ataques-iran-eeuu-orix\/","url":"https:\/\/noticiasya.com\/2026\/03\/03\/argentina-unico-pais-latam-respaldo-ataques-iran-eeuu-orix\/","name":"Por qu\u00e9 Argentina fue el \u00fanico pa\u00eds de Am\u00e9rica Latina que respald\u00f3 los ataques contra Ir\u00e1n - Noticias","isPartOf":{"@id":"https:\/\/noticiasya.com\/#website"},"datePublished":"2026-03-03T17:03:41+00:00","breadcrumb":{"@id":"https:\/\/noticiasya.com\/2026\/03\/03\/argentina-unico-pais-latam-respaldo-ataques-iran-eeuu-orix\/#breadcrumb"},"inLanguage":"es","potentialAction":[{"@type":"ReadAction","target":["https:\/\/noticiasya.com\/2026\/03\/03\/argentina-unico-pais-latam-respaldo-ataques-iran-eeuu-orix\/"]}]},{"@type":"BreadcrumbList","@id":"https:\/\/noticiasya.com\/2026\/03\/03\/argentina-unico-pais-latam-respaldo-ataques-iran-eeuu-orix\/#breadcrumb","itemListElement":[{"@type":"ListItem","position":1,"name":"Home","item":"https:\/\/noticiasya.com\/"},{"@type":"ListItem","position":2,"name":"Por qu\u00e9 Argentina fue el \u00fanico pa\u00eds de Am\u00e9rica Latina que respald\u00f3 los ataques contra Ir\u00e1n"}]},{"@type":"WebSite","@id":"https:\/\/noticiasya.com\/#website","url":"https:\/\/noticiasya.com\/","name":"Noticias","description":"Lo que importa","publisher":{"@id":"https:\/\/noticiasya.com\/#organization"},"potentialAction":[{"@type":"SearchAction","target":{"@type":"EntryPoint","urlTemplate":"https:\/\/noticiasya.com\/?s={search_term_string}"},"query-input":{"@type":"PropertyValueSpecification","valueRequired":true,"valueName":"search_term_string"}}],"inLanguage":"es"},{"@type":"Organization","@id":"https:\/\/noticiasya.com\/#organization","name":"Noticias","url":"https:\/\/noticiasya.com\/","logo":{"@type":"ImageObject","inLanguage":"es","@id":"https:\/\/noticiasya.com\/#\/schema\/logo\/image\/","url":"https:\/\/noticiasya.com\/wp-content\/uploads\/sites\/22\/2023\/12\/logo-nacional.png","contentUrl":"https:\/\/noticiasya.com\/wp-content\/uploads\/sites\/22\/2023\/12\/logo-nacional.png","width":1801,"height":691,"caption":"Noticias"},"image":{"@id":"https:\/\/noticiasya.com\/#\/schema\/logo\/image\/"}}]}},"parsely":{"version":"1.1.0","canonical_url":"https:\/\/noticiasya.com\/springfield\/2026\/03\/03\/argentina-unico-pais-latam-respaldo-ataques-iran-eeuu-orix\/","smart_links":{"inbound":0,"outbound":0},"traffic_boost_suggestions_count":0,"meta":{"@context":"https:\/\/schema.org","@type":"NewsArticle","headline":"Por qu\u00e9 Argentina fue el \u00fanico pa\u00eds de Am\u00e9rica Latina que respald\u00f3 los ataques contra Ir\u00e1n","url":"http:\/\/noticiasya.com\/springfield\/2026\/03\/03\/argentina-unico-pais-latam-respaldo-ataques-iran-eeuu-orix\/","mainEntityOfPage":{"@type":"WebPage","@id":"http:\/\/noticiasya.com\/springfield\/2026\/03\/03\/argentina-unico-pais-latam-respaldo-ataques-iran-eeuu-orix\/"},"thumbnailUrl":"","image":{"@type":"ImageObject","url":""},"articleSection":"Noticias Nacionales","author":[],"creator":[],"publisher":{"@type":"Organization","name":"Noticias","logo":""},"keywords":[],"dateCreated":"2026-03-03T17:03:41Z","datePublished":"2026-03-03T17:03:41Z","dateModified":"2026-03-03T17:03:41Z"},"rendered":"<script type=\"application\/ld+json\" class=\"wp-parsely-metadata\">{\"@context\":\"https:\\\/\\\/schema.org\",\"@type\":\"NewsArticle\",\"headline\":\"Por qu\\u00e9 Argentina fue el \\u00fanico pa\\u00eds de Am\\u00e9rica Latina que respald\\u00f3 los ataques contra Ir\\u00e1n\",\"url\":\"http:\\\/\\\/noticiasya.com\\\/springfield\\\/2026\\\/03\\\/03\\\/argentina-unico-pais-latam-respaldo-ataques-iran-eeuu-orix\\\/\",\"mainEntityOfPage\":{\"@type\":\"WebPage\",\"@id\":\"http:\\\/\\\/noticiasya.com\\\/springfield\\\/2026\\\/03\\\/03\\\/argentina-unico-pais-latam-respaldo-ataques-iran-eeuu-orix\\\/\"},\"thumbnailUrl\":\"\",\"image\":{\"@type\":\"ImageObject\",\"url\":\"\"},\"articleSection\":\"Noticias Nacionales\",\"author\":[],\"creator\":[],\"publisher\":{\"@type\":\"Organization\",\"name\":\"Noticias\",\"logo\":\"\"},\"keywords\":[],\"dateCreated\":\"2026-03-03T17:03:41Z\",\"datePublished\":\"2026-03-03T17:03:41Z\",\"dateModified\":\"2026-03-03T17:03:41Z\"}<\/script>","tracker_url":"https:\/\/cdn.parsely.com\/keys\/noticiasya.com\/p.js"},"jetpack_featured_media_url":"","jetpack-related-posts":[{"id":1461662,"url":"https:\/\/noticiasya.com\/springfield\/2025\/04\/26\/eeuu-e-iran-optimistas-cautela-conversaciones-nucleares-trax\/","url_meta":{"origin":1471823,"position":0},"title":"EE.UU. e Ir\u00e1n se muestran cautelosamente optimistas tras la tercera ronda de conversaciones nucleares","author":"","date":"abril 26, 2025","format":false,"excerpt":"Los l\u00edderes de Estados Unidos e Ir\u00e1n presentaron el s\u00e1bado un panorama optimista \u2014aunque cauteloso\u2014 de las conversaciones entre ambos pa\u00edses sobre el programa nuclear iran\u00ed, tras la conclusi\u00f3n de la tercera fase de las negociaciones en Om\u00e1n.El ministro de Asuntos Exteriores iran\u00ed, Abbas Araghchi, y el enviado estadounidense para\u2026","rel":"","context":"In &quot;Noticias Nacionales&quot;","block_context":{"text":"Noticias Nacionales","link":"https:\/\/noticiasya.com\/springfield\/categoria\/noticias-nacionales"},"img":{"alt_text":"","src":"","width":0,"height":0},"classes":[]},{"id":1461383,"url":"https:\/\/noticiasya.com\/springfield\/2025\/04\/18\/estados-unidos-iran-negociaciones-nucleares-trax\/","url_meta":{"origin":1471823,"position":1},"title":"Estados Unidos e Ir\u00e1n se re\u00fanen para una segunda ronda de negociaciones nucleares. Esto sabemos","author":"","date":"abril 18, 2025","format":false,"excerpt":"Estados Unidos e Ir\u00e1n celebrar\u00e1n su segunda ronda de negociaciones nucleares este s\u00e1bado, a medida que se perfila el objetivo de un acuerdo entre ambas partes.Delegaciones de ambos pa\u00edses se reunieron en Om\u00e1n el fin de semana pasado para mantener conversaciones mediadas por la naci\u00f3n del golfo P\u00e9rsico. La pr\u00f3xima\u2026","rel":"","context":"In &quot;Noticias Nacionales&quot;","block_context":{"text":"Noticias Nacionales","link":"https:\/\/noticiasya.com\/springfield\/categoria\/noticias-nacionales"},"img":{"alt_text":"","src":"","width":0,"height":0},"classes":[]},{"id":1468490,"url":"https:\/\/noticiasya.com\/springfield\/2025\/11\/19\/iran-conversaciones-nucleares-eeuu-trax\/","url_meta":{"origin":1471823,"position":2},"title":"Exclusiva: Ir\u00e1n est\u00e1 abierto a reanudar las conversaciones nucleares con EE.UU., pero no modificar\u00e1 sus condiciones","author":"","date":"noviembre 19, 2025","format":false,"excerpt":"Ir\u00e1n est\u00e1 dispuesto a reanudar las conversaciones nucleares con Estados Unidos si se llevan a cabo con respeto, dijo a CNN un alto funcionario iran\u00ed, al tiempo que insisti\u00f3 en que Teher\u00e1n no se mover\u00e1 de la posici\u00f3n que manten\u00eda antes del ataque de Estados Unidos e Israel en junio.\u201cDeben\u2026","rel":"","context":"In &quot;Noticias Nacionales&quot;","block_context":{"text":"Noticias Nacionales","link":"https:\/\/noticiasya.com\/springfield\/categoria\/noticias-nacionales"},"img":{"alt_text":"","src":"","width":0,"height":0},"classes":[]},{"id":1463984,"url":"https:\/\/noticiasya.com\/springfield\/2025\/06\/26\/diplomacia-reanudar-conversaciones-iran-trax\/","url_meta":{"origin":1471823,"position":3},"title":"Revelan un intento secreto de la diplomacia de EE.UU. para reanudar las conversaciones con Ir\u00e1n","author":"","date":"junio 26, 2025","format":false,"excerpt":"El Gobierno de Trump ha considerado la posibilidad de ayudar a Ir\u00e1n a acceder a hasta US$ 30.000 millones para desarrollar un programa nuclear de producci\u00f3n de energ\u00eda civil, flexibilizar las sanciones y liberar miles de millones de d\u00f3lares en fondos iran\u00edes restringidos, todo ello como parte de una campa\u00f1a\u2026","rel":"","context":"In &quot;Noticias Nacionales&quot;","block_context":{"text":"Noticias Nacionales","link":"https:\/\/noticiasya.com\/springfield\/categoria\/noticias-nacionales"},"img":{"alt_text":"","src":"","width":0,"height":0},"classes":[]},{"id":1466908,"url":"https:\/\/noticiasya.com\/springfield\/2025\/09\/27\/europa-iran-sanciones-snapback-programa-nuclear-trax\/","url_meta":{"origin":1471823,"position":4},"title":"Europa impone sanciones de \u2018restablecimiento autom\u00e1tico\u2019 a Ir\u00e1n por su programa nuclear. Esto es lo que significa","author":"","date":"septiembre 27, 2025","format":false,"excerpt":"Ir\u00e1n fue objeto de la reimposici\u00f3n de las llamadas sanciones de \u201crestablecimiento autom\u00e1tico\u201d (\u201csnapback\u201d) el domingo, hora local, en un momento de alta tensi\u00f3n en Medio Oriente, pero \u00bfqu\u00e9 significa esto?El t\u00e9rmino se utiliza para referirse al restablecimiento de sanciones contra Ir\u00e1n una d\u00e9cada despu\u00e9s de que fueran suspendidas como\u2026","rel":"","context":"In &quot;Noticias Nacionales&quot;","block_context":{"text":"Noticias Nacionales","link":"https:\/\/noticiasya.com\/springfield\/categoria\/noticias-nacionales"},"img":{"alt_text":"","src":"","width":0,"height":0},"classes":[]},{"id":1459917,"url":"https:\/\/noticiasya.com\/springfield\/2025\/03\/14\/conversaciones-nucleares-china-iran-rusia-trax\/","url_meta":{"origin":1471823,"position":5},"title":"China arremete contra las &#171;amenazas de fuerza&#187; a Ir\u00e1n mientras Trump presiona por un nuevo acuerdo nuclear","author":"","date":"marzo 14, 2025","format":false,"excerpt":"China, Ir\u00e1n y Rusia hicieron un llamamiento a la diplomacia por encima de \u201cpresiones y amenazas\u201d y al fin de \u201ctodas las sanciones unilaterales ilegales\u201d tras las conversaciones sobre el programa nuclear de Teher\u00e1n celebradas este viernes en Beijing, seg\u00fan informaron los medios estatales chinos.La reuni\u00f3n, a la que asistieron\u2026","rel":"","context":"In &quot;Noticias Nacionales&quot;","block_context":{"text":"Noticias Nacionales","link":"https:\/\/noticiasya.com\/springfield\/categoria\/noticias-nacionales"},"img":{"alt_text":"","src":"","width":0,"height":0},"classes":[]}],"jetpack_sharing_enabled":true,"_links":{"self":[{"href":"https:\/\/noticiasya.com\/springfield\/wp-json\/wp\/v2\/posts\/1471823","targetHints":{"allow":["GET"]}}],"collection":[{"href":"https:\/\/noticiasya.com\/springfield\/wp-json\/wp\/v2\/posts"}],"about":[{"href":"https:\/\/noticiasya.com\/springfield\/wp-json\/wp\/v2\/types\/post"}],"replies":[{"embeddable":true,"href":"https:\/\/noticiasya.com\/springfield\/wp-json\/wp\/v2\/comments?post=1471823"}],"version-history":[{"count":0,"href":"https:\/\/noticiasya.com\/springfield\/wp-json\/wp\/v2\/posts\/1471823\/revisions"}],"wp:attachment":[{"href":"https:\/\/noticiasya.com\/springfield\/wp-json\/wp\/v2\/media?parent=1471823"}],"wp:term":[{"taxonomy":"category","embeddable":true,"href":"https:\/\/noticiasya.com\/springfield\/wp-json\/wp\/v2\/categories?post=1471823"},{"taxonomy":"post_tag","embeddable":true,"href":"https:\/\/noticiasya.com\/springfield\/wp-json\/wp\/v2\/tags?post=1471823"}],"curies":[{"name":"wp","href":"https:\/\/api.w.org\/{rel}","templated":true}]}}