{"id":1450105,"date":"2024-06-06T15:04:03","date_gmt":"2024-06-06T22:04:03","guid":{"rendered":"https:\/\/noticiasya.com\/2024\/06\/06\/analisis-wall-street-journal-agudeza-mental-biden-trax\/"},"modified":"2024-06-06T15:04:03","modified_gmt":"2024-06-06T22:04:03","slug":"analisis-wall-street-journal-agudeza-mental-biden-trax","status":"publish","type":"post","link":"https:\/\/noticiasya.com\/tampa\/2024\/06\/06\/analisis-wall-street-journal-agudeza-mental-biden-trax\/","title":{"rendered":"AN\u00c1LISIS | El art\u00edculo de The Wall Street Journal sobre la agudeza mental de Biden tiene fallos evidentes"},"content":{"rendered":"<p>Nueva York (CNN) &#8212; The Wall Street Journal le debe algo mejor a sus lectores y al p\u00fablico.<\/p>\n<p>El diario de negocios public\u00f3 y promocion\u00f3 una historia el mi\u00e9rcoles en la que afirmaba que &#171;a puerta cerrada&#187;, el presidente Joe Biden ha mostrado &#171;signos de deterioro&#187;. El art\u00edculo pon\u00eda en duda la agudeza mental de Biden, haciendo eco de una versi\u00f3n impulsada por el Partido Republicano seg\u00fan la cual el presidente de 81 a\u00f1os carece de la aptitud necesaria para ocupar el cargo m\u00e1s alto de la naci\u00f3n.<\/p>\n<p>Pero un an\u00e1lisis del reportaje revela un problema flagrante: la mayor\u00eda de las fuentes en las que se basaron las reporteras Annie Linskey y Siobhan Hughes eran republicanas. De hecho, enterrado en la historia, las periodistas mismas reconocieron que hab\u00edan sacado su conclusi\u00f3n arrolladora bas\u00e1ndose en fuentes del Partido Republicano que, obviamente, tienen un incentivo para hacer comentarios que da\u00f1en la candidatura de Biden.<\/p>\n<p>AN\u00c1LISIS | Biden intenta dejar de lado las preocupaciones sobre la edad, pero puede haberlas exacerbado<\/p>\n<p>&#171;La mayor\u00eda de los que dijeron que Biden tuvo una actuaci\u00f3n pobre eran republicanos, pero algunos dem\u00f3cratas dijeron que en varios de los intercambios dej\u00f3 entrever su edad&#187;, reconocieron Linskey y Hughes. El d\u00fao tambi\u00e9n se\u00f1al\u00f3 que hab\u00edan hablado con fuentes de la administraci\u00f3n &#171;que no encontraron ning\u00fan fallo&#187; en la forma en que Biden se comport\u00f3 en las reuniones en las que estuvieron presentes.<\/p>\n<p>Que los republicanos acusen a su enemigo pol\u00edtico de carecer de la aptitud mental necesaria para ocupar un cargo no es nada sorprendente. Tales acusaciones se hacen cada noche en Fox News. Y Donald Trump, que a sus 77 a\u00f1os tambi\u00e9n ha dado sobradas muestras de estar mermando sus facultades mentales, como quedarse dormido en repetidas ocasiones en su propio juicio por sobornos, ha hecho de esta acusaci\u00f3n el eje de su campa\u00f1a. En otras palabras, estas acusaciones de la derecha no son exactamente una novedad.<\/p>\n<p>&#171;Es un poco sorprendente que The Wall Street Journal pensara que era una noticia de \u00faltima hora que los republicanos del Congreso les dijeran las mismas afirmaciones falsas que han vertido en Fox News durante a\u00f1os&#187;, dijo el portavoz de la Casa Blanca, Andrew Bates, &#171;pero tambi\u00e9n es revelador que los \u00fanicos individuos dispuestos a difamar al presidente en esta historia sean oponentes pol\u00edticos temerosos de usar sus nombres, adem\u00e1s de un mentiroso probado&#187;.<\/p>\n<p>A\u00fan m\u00e1s inexplicable es por qu\u00e9 se cita en el art\u00edculo del diario al expresidente de la C\u00e1mara de Representantes Kevin McCarthy como una persona seria que habla de buena fe. McCarthy es, de hecho, un republicano partidario de MAGA que durante a\u00f1os ha mentido en nombre de Trump. Estoy seguro de que las periodistas de The Wall Street Journal reconocer\u00edan el historial extremo de deshonestidad de McCarthy en privado. Entonces, \u00bfpor qu\u00e9 presentarlo a los lectores como un \u00e1rbitro honesto de la realidad?<\/p>\n<p>Katie Rogers y Annie Karni, de The New York Times, incluso informaron el a\u00f1o pasado de que McCarthy hab\u00eda elogiado las facultades mentales de Biden cuando hablaba entre personas de confianza, una melod\u00eda totalmente diferente de la que canta ahora en p\u00fablico. &#171;En privado, el Sr. McCarthy ha dicho a sus aliados que ha encontrado al Sr. Biden mentalmente agudo en las reuniones&#187;, informaron Rogers y Karni en marzo de 2023. Rogers volvi\u00f3 a publicar esa informaci\u00f3n el mi\u00e9rcoles a ra\u00edz de la historia de The Wall Street Journal.<\/p>\n<p>Extra\u00f1amente, al citar a McCarthy, el diario aparentemente ignor\u00f3 declaraciones de dem\u00f3cratas de alto rango.<\/p>\n<p>La expresidenta de la C\u00e1mara de Representantes Nancy Pelosi revel\u00f3 que hab\u00eda hablado con el diario, pero no fue citada en el art\u00edculo. Otros dem\u00f3cratas hicieron p\u00fablicas el mi\u00e9rcoles experiencias similares. En su lugar, una de las \u00fanicas citas oficiales de todo el reportaje fue la del exl\u00edder republicano que mentir\u00eda sobre el color del cielo si eso complaciera a Trump.<\/p>\n<p>Biden ensaya un nuevo ataque contra Trump: la edad del expresidente<\/p>\n<p>&#171;The Wall Street Journal ignor\u00f3 el testimonio de los dem\u00f3cratas, se centr\u00f3 en los ataques de los republicanos e imprimi\u00f3 un art\u00edculo de ataque&#187;, protest\u00f3 Pelosi en X.<\/p>\n<p>Hughes respondi\u00f3 a las cr\u00edticas el mi\u00e9rcoles, diciendo a &#171;CNN News Central&#187; que su trabajo &#171;es ser el agente del lector&#187; y que ella no va a &#171;publicar la cita proporcionada a m\u00ed o a nosotros por cada uno de los dem\u00f3cratas&#187;.<\/p>\n<p>Un portavoz de The Wall Street Journal me dijo que el diario propiedad de Rupert Murdoch, que est\u00e1 bajo la direcci\u00f3n de la nueva editora Emma Tucker, &#171;se mantiene firme en su informaci\u00f3n&#187;. Si Tucker se siente c\u00f3moda con un periodismo tan mal hecho, es preocupante.<\/p>\n<p>Es dif\u00edcil imaginar que el diario, o cualquier otro medio, publique una historia similar declarando que Trump est\u00e1 &#171;despist\u00e1ndose&#187; a puerta cerrada bas\u00e1ndose en la palabra de altas figuras dem\u00f3cratas, a pesar del hecho de que el liderazgo dem\u00f3crata ha demostrado una relaci\u00f3n mucho m\u00e1s fuerte con la verdad en los \u00faltimos a\u00f1os que sus hom\u00f3logos republicanos.<\/p>\n<p>En t\u00e9rminos m\u00e1s generales, el art\u00edculo de The Wall Street Journal apuntaba a un problema continuo que sacude a los medios de comunicaci\u00f3n mientras cubren las elecciones de 2024. A Trump se le permite dormirse en los tribunales y hacer declaraciones p\u00fablicas sin sentido de forma rutinaria sin que se plantee ninguna cuesti\u00f3n seria sobre su agudeza mental. Mientras tanto, a Biden se le juzga con un rasero totalmente distinto.<\/p>\n<p>AN\u00c1LISIS | \u00bfSe qued\u00f3 dormido Donald Trump en la corte? Por qu\u00e9 el juicio penal plantea desaf\u00edos a los periodistas y al p\u00fablico<\/p>\n<p>\u00bfD\u00f3nde est\u00e1n las historias sobre el antiguo c\u00edrculo \u00edntimo de Trump planteando dudas sobre su aptitud mental? Alyssa Farah Griffin, que fue su directora de comunicaciones, ha declarado p\u00fablicamente que Trump &#171;no es tan agudo&#187; como antes. Nikki Haley, la exgobernadora de Carolina del Sur que fue embajadora ante las Naciones Unidas bajo el mandato de Trump, tambi\u00e9n ha planteado repetidamente cuestiones sobre la aptitud mental del candidato republicano, describi\u00e9ndolo como &#171;en declive&#187; y &#171;disminuido&#187; y &#171;no la misma persona que era en 2016&#187;.<\/p>\n<p>&#171;Espero que The Wall Street Journal se sienta libre de ponerse en contacto con cualquiera de nosotros que trabaj\u00f3 en el Gobierno de Trump. Estaremos encantados de hablar sobre la agudeza mental de Trump y su aptitud para el cargo&#187;, escribi\u00f3 sarc\u00e1sticamente en X Olivia Troye, una exfuncionaria del gobierno de Trump. &#171;Podemos empezar con las discusiones a puerta cerrada sobre los batidos durante las sesiones informativas de inteligencia, los molinos de viento que causan c\u00e1ncer, lo que hace y lo que no hace la lej\u00eda y seguir a partir de ah\u00ed&#187;.<\/p>\n<p>The-CNN-Wire<br \/>&trade; &amp; &copy; 2024 Cable News Network, Inc., a Warner Bros. Discovery Company. All rights reserved.<\/p>\n","protected":false},"excerpt":{"rendered":"<p>Nueva York (CNN) &#8212; The Wall Street Journal le debe algo mejor a sus lectores y al p\u00fablico. El diario de negocios public\u00f3 y promocion\u00f3 una historia el mi\u00e9rcoles en la que afirmaba que &#171;a puerta cerrada&#187;, el presidente Joe Biden ha mostrado &#171;signos de deterioro&#187;. El art\u00edculo pon\u00eda en duda la agudeza mental de [&hellip;]<\/p>\n","protected":false},"author":0,"featured_media":0,"comment_status":"open","ping_status":"open","sticky":false,"template":"","format":"standard","meta":{"_jetpack_memberships_contains_paid_content":false,"footnotes":""},"categories":[10],"tags":[],"class_list":["post-1450105","post","type-post","status-publish","format-standard","hentry","category-noticias-nacionales","market-global"],"yoast_head":"<!-- This site is optimized with the Yoast SEO plugin v24.4 - https:\/\/yoast.com\/wordpress\/plugins\/seo\/ -->\n<title>AN\u00c1LISIS | El art\u00edculo de The Wall Street Journal sobre la agudeza mental de Biden tiene fallos evidentes - Noticias<\/title>\n<meta name=\"robots\" content=\"index, follow, max-snippet:-1, max-image-preview:large, max-video-preview:-1\" \/>\n<link rel=\"canonical\" href=\"https:\/\/noticiasya.com\/2024\/06\/06\/analisis-wall-street-journal-agudeza-mental-biden-trax\/\" \/>\n<meta property=\"og:locale\" content=\"es_ES\" \/>\n<meta property=\"og:type\" content=\"article\" \/>\n<meta property=\"og:title\" content=\"AN\u00c1LISIS | El art\u00edculo de The Wall Street Journal sobre la agudeza mental de Biden tiene fallos evidentes - Noticias\" \/>\n<meta property=\"og:description\" content=\"Nueva York (CNN) &#8212; The Wall Street Journal le debe algo mejor a sus lectores y al p\u00fablico. El diario de negocios public\u00f3 y promocion\u00f3 una historia el mi\u00e9rcoles en la que afirmaba que &#171;a puerta cerrada&#187;, el presidente Joe Biden ha mostrado &#171;signos de deterioro&#187;. El art\u00edculo pon\u00eda en duda la agudeza mental de [&hellip;]\" \/>\n<meta property=\"og:url\" content=\"https:\/\/noticiasya.com\/2024\/06\/06\/analisis-wall-street-journal-agudeza-mental-biden-trax\/\" \/>\n<meta property=\"og:site_name\" content=\"Noticias\" \/>\n<meta property=\"article:published_time\" content=\"2024-06-06T22:04:03+00:00\" \/>\n<meta name=\"twitter:card\" content=\"summary_large_image\" \/>\n<meta name=\"twitter:label1\" content=\"Est. reading time\" \/>\n\t<meta name=\"twitter:data1\" content=\"6 minutos\" \/>\n<script type=\"application\/ld+json\" class=\"yoast-schema-graph\">{\"@context\":\"https:\/\/schema.org\",\"@graph\":[{\"@type\":\"Article\",\"@id\":\"https:\/\/noticiasya.com\/2024\/06\/06\/analisis-wall-street-journal-agudeza-mental-biden-trax\/#article\",\"isPartOf\":{\"@id\":\"https:\/\/noticiasya.com\/2024\/06\/06\/analisis-wall-street-journal-agudeza-mental-biden-trax\/\"},\"author\":{\"name\":\"\",\"@id\":\"\"},\"headline\":\"AN\u00c1LISIS | El art\u00edculo de The Wall Street Journal sobre la agudeza mental de Biden tiene fallos evidentes\",\"datePublished\":\"2024-06-06T22:04:03+00:00\",\"mainEntityOfPage\":{\"@id\":\"https:\/\/noticiasya.com\/2024\/06\/06\/analisis-wall-street-journal-agudeza-mental-biden-trax\/\"},\"wordCount\":1215,\"commentCount\":0,\"publisher\":{\"@id\":\"https:\/\/noticiasya.com\/#organization\"},\"articleSection\":[\"Noticias Nacionales\"],\"inLanguage\":\"es\",\"potentialAction\":[{\"@type\":\"CommentAction\",\"name\":\"Comment\",\"target\":[\"https:\/\/noticiasya.com\/2024\/06\/06\/analisis-wall-street-journal-agudeza-mental-biden-trax\/#respond\"]}]},{\"@type\":\"WebPage\",\"@id\":\"https:\/\/noticiasya.com\/2024\/06\/06\/analisis-wall-street-journal-agudeza-mental-biden-trax\/\",\"url\":\"https:\/\/noticiasya.com\/2024\/06\/06\/analisis-wall-street-journal-agudeza-mental-biden-trax\/\",\"name\":\"AN\u00c1LISIS | El art\u00edculo de The Wall Street Journal sobre la agudeza mental de Biden tiene fallos evidentes - Noticias\",\"isPartOf\":{\"@id\":\"https:\/\/noticiasya.com\/#website\"},\"datePublished\":\"2024-06-06T22:04:03+00:00\",\"breadcrumb\":{\"@id\":\"https:\/\/noticiasya.com\/2024\/06\/06\/analisis-wall-street-journal-agudeza-mental-biden-trax\/#breadcrumb\"},\"inLanguage\":\"es\",\"potentialAction\":[{\"@type\":\"ReadAction\",\"target\":[\"https:\/\/noticiasya.com\/2024\/06\/06\/analisis-wall-street-journal-agudeza-mental-biden-trax\/\"]}]},{\"@type\":\"BreadcrumbList\",\"@id\":\"https:\/\/noticiasya.com\/2024\/06\/06\/analisis-wall-street-journal-agudeza-mental-biden-trax\/#breadcrumb\",\"itemListElement\":[{\"@type\":\"ListItem\",\"position\":1,\"name\":\"Home\",\"item\":\"https:\/\/noticiasya.com\/\"},{\"@type\":\"ListItem\",\"position\":2,\"name\":\"AN\u00c1LISIS | El art\u00edculo de The Wall Street Journal sobre la agudeza mental de Biden tiene fallos evidentes\"}]},{\"@type\":\"WebSite\",\"@id\":\"https:\/\/noticiasya.com\/#website\",\"url\":\"https:\/\/noticiasya.com\/\",\"name\":\"Noticias\",\"description\":\"Lo que importa\",\"publisher\":{\"@id\":\"https:\/\/noticiasya.com\/#organization\"},\"potentialAction\":[{\"@type\":\"SearchAction\",\"target\":{\"@type\":\"EntryPoint\",\"urlTemplate\":\"https:\/\/noticiasya.com\/?s={search_term_string}\"},\"query-input\":{\"@type\":\"PropertyValueSpecification\",\"valueRequired\":true,\"valueName\":\"search_term_string\"}}],\"inLanguage\":\"es\"},{\"@type\":\"Organization\",\"@id\":\"https:\/\/noticiasya.com\/#organization\",\"name\":\"Noticias\",\"url\":\"https:\/\/noticiasya.com\/\",\"logo\":{\"@type\":\"ImageObject\",\"inLanguage\":\"es\",\"@id\":\"https:\/\/noticiasya.com\/#\/schema\/logo\/image\/\",\"url\":\"https:\/\/noticiasya.com\/wp-content\/uploads\/sites\/22\/2023\/12\/logo-nacional.png\",\"contentUrl\":\"https:\/\/noticiasya.com\/wp-content\/uploads\/sites\/22\/2023\/12\/logo-nacional.png\",\"width\":1801,\"height\":691,\"caption\":\"Noticias\"},\"image\":{\"@id\":\"https:\/\/noticiasya.com\/#\/schema\/logo\/image\/\"}}]}<\/script>\n<!-- \/ Yoast SEO plugin. -->","yoast_head_json":{"title":"AN\u00c1LISIS | El art\u00edculo de The Wall Street Journal sobre la agudeza mental de Biden tiene fallos evidentes - Noticias","robots":{"index":"index","follow":"follow","max-snippet":"max-snippet:-1","max-image-preview":"max-image-preview:large","max-video-preview":"max-video-preview:-1"},"canonical":"https:\/\/noticiasya.com\/2024\/06\/06\/analisis-wall-street-journal-agudeza-mental-biden-trax\/","og_locale":"es_ES","og_type":"article","og_title":"AN\u00c1LISIS | El art\u00edculo de The Wall Street Journal sobre la agudeza mental de Biden tiene fallos evidentes - Noticias","og_description":"Nueva York (CNN) &#8212; The Wall Street Journal le debe algo mejor a sus lectores y al p\u00fablico. El diario de negocios public\u00f3 y promocion\u00f3 una historia el mi\u00e9rcoles en la que afirmaba que &#171;a puerta cerrada&#187;, el presidente Joe Biden ha mostrado &#171;signos de deterioro&#187;. El art\u00edculo pon\u00eda en duda la agudeza mental de [&hellip;]","og_url":"https:\/\/noticiasya.com\/2024\/06\/06\/analisis-wall-street-journal-agudeza-mental-biden-trax\/","og_site_name":"Noticias","article_published_time":"2024-06-06T22:04:03+00:00","twitter_card":"summary_large_image","twitter_misc":{"Est. reading time":"6 minutos"},"schema":{"@context":"https:\/\/schema.org","@graph":[{"@type":"Article","@id":"https:\/\/noticiasya.com\/2024\/06\/06\/analisis-wall-street-journal-agudeza-mental-biden-trax\/#article","isPartOf":{"@id":"https:\/\/noticiasya.com\/2024\/06\/06\/analisis-wall-street-journal-agudeza-mental-biden-trax\/"},"author":{"name":"","@id":""},"headline":"AN\u00c1LISIS | El art\u00edculo de The Wall Street Journal sobre la agudeza mental de Biden tiene fallos evidentes","datePublished":"2024-06-06T22:04:03+00:00","mainEntityOfPage":{"@id":"https:\/\/noticiasya.com\/2024\/06\/06\/analisis-wall-street-journal-agudeza-mental-biden-trax\/"},"wordCount":1215,"commentCount":0,"publisher":{"@id":"https:\/\/noticiasya.com\/#organization"},"articleSection":["Noticias Nacionales"],"inLanguage":"es","potentialAction":[{"@type":"CommentAction","name":"Comment","target":["https:\/\/noticiasya.com\/2024\/06\/06\/analisis-wall-street-journal-agudeza-mental-biden-trax\/#respond"]}]},{"@type":"WebPage","@id":"https:\/\/noticiasya.com\/2024\/06\/06\/analisis-wall-street-journal-agudeza-mental-biden-trax\/","url":"https:\/\/noticiasya.com\/2024\/06\/06\/analisis-wall-street-journal-agudeza-mental-biden-trax\/","name":"AN\u00c1LISIS | El art\u00edculo de The Wall Street Journal sobre la agudeza mental de Biden tiene fallos evidentes - Noticias","isPartOf":{"@id":"https:\/\/noticiasya.com\/#website"},"datePublished":"2024-06-06T22:04:03+00:00","breadcrumb":{"@id":"https:\/\/noticiasya.com\/2024\/06\/06\/analisis-wall-street-journal-agudeza-mental-biden-trax\/#breadcrumb"},"inLanguage":"es","potentialAction":[{"@type":"ReadAction","target":["https:\/\/noticiasya.com\/2024\/06\/06\/analisis-wall-street-journal-agudeza-mental-biden-trax\/"]}]},{"@type":"BreadcrumbList","@id":"https:\/\/noticiasya.com\/2024\/06\/06\/analisis-wall-street-journal-agudeza-mental-biden-trax\/#breadcrumb","itemListElement":[{"@type":"ListItem","position":1,"name":"Home","item":"https:\/\/noticiasya.com\/"},{"@type":"ListItem","position":2,"name":"AN\u00c1LISIS | El art\u00edculo de The Wall Street Journal sobre la agudeza mental de Biden tiene fallos evidentes"}]},{"@type":"WebSite","@id":"https:\/\/noticiasya.com\/#website","url":"https:\/\/noticiasya.com\/","name":"Noticias","description":"Lo que importa","publisher":{"@id":"https:\/\/noticiasya.com\/#organization"},"potentialAction":[{"@type":"SearchAction","target":{"@type":"EntryPoint","urlTemplate":"https:\/\/noticiasya.com\/?s={search_term_string}"},"query-input":{"@type":"PropertyValueSpecification","valueRequired":true,"valueName":"search_term_string"}}],"inLanguage":"es"},{"@type":"Organization","@id":"https:\/\/noticiasya.com\/#organization","name":"Noticias","url":"https:\/\/noticiasya.com\/","logo":{"@type":"ImageObject","inLanguage":"es","@id":"https:\/\/noticiasya.com\/#\/schema\/logo\/image\/","url":"https:\/\/noticiasya.com\/wp-content\/uploads\/sites\/22\/2023\/12\/logo-nacional.png","contentUrl":"https:\/\/noticiasya.com\/wp-content\/uploads\/sites\/22\/2023\/12\/logo-nacional.png","width":1801,"height":691,"caption":"Noticias"},"image":{"@id":"https:\/\/noticiasya.com\/#\/schema\/logo\/image\/"}}]}},"parsely":{"version":"1.1.0","canonical_url":"https:\/\/noticiasya.com\/tampa\/2024\/06\/06\/analisis-wall-street-journal-agudeza-mental-biden-trax\/","smart_links":{"inbound":0,"outbound":0},"traffic_boost_suggestions_count":0,"meta":{"@context":"https:\/\/schema.org","@type":"NewsArticle","headline":"AN\u00c1LISIS | El art\u00edculo de The Wall Street Journal sobre la agudeza mental de Biden tiene fallos evidentes","url":"http:\/\/noticiasya.com\/tampa\/2024\/06\/06\/analisis-wall-street-journal-agudeza-mental-biden-trax\/","mainEntityOfPage":{"@type":"WebPage","@id":"http:\/\/noticiasya.com\/tampa\/2024\/06\/06\/analisis-wall-street-journal-agudeza-mental-biden-trax\/"},"thumbnailUrl":"","image":{"@type":"ImageObject","url":""},"articleSection":"Noticias Nacionales","author":[],"creator":[],"publisher":{"@type":"Organization","name":"Noticias","logo":""},"keywords":[],"dateCreated":"2024-06-06T22:04:03Z","datePublished":"2024-06-06T22:04:03Z","dateModified":"2024-06-06T22:04:03Z"},"rendered":"<script type=\"application\/ld+json\" class=\"wp-parsely-metadata\">{\"@context\":\"https:\\\/\\\/schema.org\",\"@type\":\"NewsArticle\",\"headline\":\"AN\\u00c1LISIS | El art\\u00edculo de The Wall Street Journal sobre la agudeza mental de Biden tiene fallos evidentes\",\"url\":\"http:\\\/\\\/noticiasya.com\\\/tampa\\\/2024\\\/06\\\/06\\\/analisis-wall-street-journal-agudeza-mental-biden-trax\\\/\",\"mainEntityOfPage\":{\"@type\":\"WebPage\",\"@id\":\"http:\\\/\\\/noticiasya.com\\\/tampa\\\/2024\\\/06\\\/06\\\/analisis-wall-street-journal-agudeza-mental-biden-trax\\\/\"},\"thumbnailUrl\":\"\",\"image\":{\"@type\":\"ImageObject\",\"url\":\"\"},\"articleSection\":\"Noticias Nacionales\",\"author\":[],\"creator\":[],\"publisher\":{\"@type\":\"Organization\",\"name\":\"Noticias\",\"logo\":\"\"},\"keywords\":[],\"dateCreated\":\"2024-06-06T22:04:03Z\",\"datePublished\":\"2024-06-06T22:04:03Z\",\"dateModified\":\"2024-06-06T22:04:03Z\"}<\/script>","tracker_url":"https:\/\/cdn.parsely.com\/keys\/noticiasya.com\/p.js"},"jetpack_featured_media_url":"","jetpack-related-posts":[{"id":1471677,"url":"https:\/\/noticiasya.com\/tampa\/2026\/02\/26\/analisis-encuestas-preocupaciones-agudeza-mental-trump-trax\/","url_meta":{"origin":1450105,"position":0},"title":"Encuestas muestran una creciente preocupaci\u00f3n por la agudeza mental de Trump","author":"","date":"febrero 26, 2026","format":false,"excerpt":"El presidente Donald Trump gan\u00f3 la carrera presidencial de 2024 despu\u00e9s de que su primer oponente, el entonces presidente Joe Biden, se retirara por preocupaciones sobre su edad y agudeza mental.Sin embargo, tras poco m\u00e1s de un a\u00f1o del mandato de Trump, encuestas sugieren que el pueblo estadounidense no solo\u2026","rel":"","context":"In &quot;Noticias Nacionales&quot;","block_context":{"text":"Noticias Nacionales","link":"https:\/\/noticiasya.com\/tampa\/categoria\/noticias-nacionales"},"img":{"alt_text":"","src":"","width":0,"height":0},"classes":[]},{"id":1464657,"url":"https:\/\/noticiasya.com\/tampa\/2025\/07\/18\/influencers-maga-trump-caso-epstein-trax\/","url_meta":{"origin":1450105,"position":1},"title":"&#8216;Influencers&#8217; de MAGA apoyan a Trump tras presionar al Gobierno por el caso Epstein","author":"","date":"julio 18, 2025","format":false,"excerpt":"Steve Bannon se uni\u00f3 al creciente coro de influencers MAGA que se unieron en apoyo al presidente Donald Trump tras el reportaje del Wall Street Journal sobre una atrevida carta de cumplea\u00f1os con el nombre de Trump enviada a Jeffrey Epstein. Bannon declar\u00f3 el viernes a CNN que cre\u00eda que\u2026","rel":"","context":"In &quot;Noticias Nacionales&quot;","block_context":{"text":"Noticias Nacionales","link":"https:\/\/noticiasya.com\/tampa\/categoria\/noticias-nacionales"},"img":{"alt_text":"","src":"","width":0,"height":0},"classes":[]},{"id":1463195,"url":"https:\/\/noticiasya.com\/tampa\/2025\/06\/04\/karine-jean-pierre-exsecretaria-prensa-biden-apartidaria-trax\/","url_meta":{"origin":1450105,"position":2},"title":"La exsecretaria de prensa de Biden, Karine Jean-Pierre, dice que ahora es apartidaria","author":"","date":"junio 4, 2025","format":false,"excerpt":"Karine Jean-Pierre, quien se desempe\u00f1\u00f3 como secretaria de prensa de la Casa Blanca durante el Gobierno del expresidente Joe Biden, cambi\u00f3 su afiliaci\u00f3n partidaria a independiente, seg\u00fan la descripci\u00f3n que hizo una editorial de su pr\u00f3ximo libro.Jean-Pierre, quien ha trabajado con los dem\u00f3cratas durante d\u00e9cadas, publicar\u00e1 un libro en el\u2026","rel":"","context":"In &quot;Noticias Nacionales&quot;","block_context":{"text":"Noticias Nacionales","link":"https:\/\/noticiasya.com\/tampa\/categoria\/noticias-nacionales"},"img":{"alt_text":"","src":"","width":0,"height":0},"classes":[]},{"id":1469100,"url":"https:\/\/noticiasya.com\/tampa\/2025\/12\/08\/analisis-respuesta-culpa-ucrania-economia-biden-trax\/","url_meta":{"origin":1450105,"position":3},"title":"La respuesta de Trump a todo: culpar a Biden","author":"","date":"diciembre 8, 2025","format":false,"excerpt":"Parece que ha pasado una eternidad desde que Joe Biden estuvo en la Oficina Oval, en proporci\u00f3n con la agitaci\u00f3n y la transformaci\u00f3n que vive Estados Unidos desde que el expresidente regres\u00f3 a su casa en Delaware.Pero una persona en Washington nunca deja de obsesionarse con el 46\u00ba presidente, su\u2026","rel":"","context":"In &quot;Noticias Nacionales&quot;","block_context":{"text":"Noticias Nacionales","link":"https:\/\/noticiasya.com\/tampa\/categoria\/noticias-nacionales"},"img":{"alt_text":"","src":"","width":0,"height":0},"classes":[]},{"id":1450435,"url":"https:\/\/noticiasya.com\/tampa\/2024\/06\/17\/analisis-biden-trump-duelo-antes-debate-presidencial-junio-trax\/","url_meta":{"origin":1450105,"position":4},"title":"AN\u00c1LISIS | Biden y Trump libran un furioso duelo antes del debate presidencial","author":"","date":"junio 17, 2024","format":false,"excerpt":"(CNN) -- Las tensiones entre Joe Biden y Donald Trump sobre el tema racial y el futuro de la Corte Suprema de Justicia se intensifican a medida que se preparan para el debate presidencial m\u00e1s importante de los \u00faltimos a\u00f1os.Este fin de semana, la campa\u00f1a para 2024 dej\u00f3 de centrarse\u2026","rel":"","context":"In &quot;Noticias Nacionales&quot;","block_context":{"text":"Noticias Nacionales","link":"https:\/\/noticiasya.com\/tampa\/categoria\/noticias-nacionales"},"img":{"alt_text":"","src":"","width":0,"height":0},"classes":[]},{"id":1471511,"url":"https:\/\/noticiasya.com\/tampa\/2026\/02\/21\/analisis-numeros-economicos-anicos-narrativa-trump-trax\/","url_meta":{"origin":1450105,"position":5},"title":"Estos dos nuevos n\u00fameros econ\u00f3micos hicieron a\u00f1icos la narrativa optimista de Trump","author":"","date":"febrero 21, 2026","format":false,"excerpt":"Dos nuevos datos econ\u00f3micos, uno publicado el jueves y otro este viernes, abrieron otro agujero en la narrativa triunfal del presidente Donald Trump sobre los efectos de sus aranceles.Las cifras publicadas la madrugada del jueves muestran que Trump hab\u00eda exagerado considerablemente el impacto de los aranceles en el d\u00e9ficit comercial.Las\u2026","rel":"","context":"In &quot;Noticias Nacionales&quot;","block_context":{"text":"Noticias Nacionales","link":"https:\/\/noticiasya.com\/tampa\/categoria\/noticias-nacionales"},"img":{"alt_text":"","src":"","width":0,"height":0},"classes":[]}],"jetpack_sharing_enabled":true,"_links":{"self":[{"href":"https:\/\/noticiasya.com\/tampa\/wp-json\/wp\/v2\/posts\/1450105","targetHints":{"allow":["GET"]}}],"collection":[{"href":"https:\/\/noticiasya.com\/tampa\/wp-json\/wp\/v2\/posts"}],"about":[{"href":"https:\/\/noticiasya.com\/tampa\/wp-json\/wp\/v2\/types\/post"}],"replies":[{"embeddable":true,"href":"https:\/\/noticiasya.com\/tampa\/wp-json\/wp\/v2\/comments?post=1450105"}],"version-history":[{"count":0,"href":"https:\/\/noticiasya.com\/tampa\/wp-json\/wp\/v2\/posts\/1450105\/revisions"}],"wp:attachment":[{"href":"https:\/\/noticiasya.com\/tampa\/wp-json\/wp\/v2\/media?parent=1450105"}],"wp:term":[{"taxonomy":"category","embeddable":true,"href":"https:\/\/noticiasya.com\/tampa\/wp-json\/wp\/v2\/categories?post=1450105"},{"taxonomy":"post_tag","embeddable":true,"href":"https:\/\/noticiasya.com\/tampa\/wp-json\/wp\/v2\/tags?post=1450105"}],"curies":[{"name":"wp","href":"https:\/\/api.w.org\/{rel}","templated":true}]}}