{"id":1471809,"date":"2026-03-03T03:03:44","date_gmt":"2026-03-03T11:03:44","guid":{"rendered":"https:\/\/noticiasya.com\/2026\/03\/03\/5-cosas-3-de-marzo-orix\/"},"modified":"2026-03-03T03:03:44","modified_gmt":"2026-03-03T11:03:44","slug":"5-cosas-3-de-marzo-orix","status":"publish","type":"post","link":"https:\/\/noticiasya.com\/tampa\/2026\/03\/03\/5-cosas-3-de-marzo-orix\/","title":{"rendered":"Las 5 cosas que debes saber este 3 de marzo"},"content":{"rendered":"<p>La guerra en Medio Oriente expone los l\u00edmites del poder del Kremlin. Primarias en EE.UU. \u00bfQu\u00e9 hay detr\u00e1s de los cambios en el gabinete de Delcy Rodr\u00edguez? <em>Esto es lo que debes saber para comenzar el d\u00eda.<\/em> <strong>Primero la verdad.<\/strong><\/p>\n<ul>\n<li><a href=\"https:\/\/www.cnn.com\/newsletters\/5-cosas\">Suscr\u00edbete aqu\u00ed para recibir el newsletter cada ma\u00f1ana en tu correo<\/a><\/li>\n<li><a href=\"https:\/\/www.cnn.com\/audio\/podcasts\/5-cosas\">\ud83c\udf99 Escucha las 5 cosas de CNN<\/a><\/li>\n<\/ul>\n<p>D\u00edas despu\u00e9s de que Estados Unidos e Israel lanzaran los primeros ataques contra Ir\u00e1n, el conflicto se agrava hora tras hora, involucrando a otros pa\u00edses de la regi\u00f3n, generando temores respecto a la econom\u00eda global y dejando a miles de viajeros varados. Adem\u00e1s, los ataques de represalia lanzados desde Ir\u00e1n quebraron cualquier sensaci\u00f3n de seguridad que sus vecinos del Golfo hubieran disfrutado <a href=\"https:\/\/cnnespanol.cnn.com\/2026\/03\/02\/mundo\/que-esta-pasando-guerra-estados-unidos-iran-trax\">y dejaron varios muertos, incluidos seis militares de Estados Unidos.<\/a><\/p>\n<ul>\n<li><a href=\"https:\/\/cnnespanol.cnn.com\/2026\/03\/02\/mundo\/ataque-iran-kuwait-militares-estadounidenses-muertos-trax\">Mueren seis militares estadounidenses en un ataque iran\u00ed que alcanz\u00f3 un centro de operaciones improvisado en Kuwait<\/a><\/li>\n<li><a href=\"https:\/\/cnnespanol.cnn.com\/2026\/03\/02\/mundo\/video\/petroleo-iran-ee-uu\">El precio del petr\u00f3leo aumenta tras el inicio de la guerra de EE.UU. e Israel con Ir\u00e1n<\/a><\/li>\n<li><a href=\"https:\/\/cnnespanol.cnn.com\/2026\/03\/02\/mundo\/video\/analisis-ataques-precision-iran-eeuu-jamenei-trax\">As\u00ed fueron los ataques de precisi\u00f3n que destrozaron el liderazgo de Ir\u00e1n<\/a><\/li>\n<li><a href=\"https:\/\/cnnespanol.cnn.com\/2026\/03\/03\/eeuu\/guerra-trump-iran-exito-desastrosamente-mal-trax\">C\u00f3mo la guerra de Trump contra Ir\u00e1n podr\u00eda tener \u00e9xito o salir desastrosamente mal. An\u00e1lisis<\/a><\/li>\n<li><a href=\"https:\/\/cnnespanol.cnn.com\/2026\/03\/02\/eeuu\/encuesta-cnn-59-estadounidenses-desaprueba-ataques-iran-trax\">Encuesta CNN: 59 % de los estadounidenses desaprueba los ataques contra Ir\u00e1n<\/a><\/li>\n<\/ul>\n<p>Con el Kremlin sumido en una larga y agotadora guerra en Ucrania y cada vez m\u00e1s maniatado econ\u00f3mica y militarmente, el papel de Mosc\u00fa en el <a href=\"https:\/\/cnnespanol.cnn.com\/2026\/03\/02\/mundo\/guerra-medio-oriente-limites-poder-kremlin-rusia-analisis-trax\">creciente conflicto de Medio Oriente podr\u00eda limitarse a la ret\u00f3rica. An\u00e1lisis.<\/a><\/p>\n<ul>\n<li><a href=\"https:\/\/cnnespanol.cnn.com\/2026\/03\/02\/mundo\/represalia-iran-ataques-paises-arabes-trax\">La represalia de Ir\u00e1n por los ataques de EE.UU. e Israel sacude a sus vecinos<\/a><\/li>\n<li><a href=\"https:\/\/cnnespanol.cnn.com\/2026\/03\/03\/mundo\/agujero-cielo-cierres-espacio-aereo-medio-oriente-trax\">Un agujero en el cielo: c\u00f3mo los cierres del espacio a\u00e9reo en Medio Oriente est\u00e1n transformando la aviaci\u00f3n mundial<\/a><\/li>\n<\/ul>\n<p>Las elecciones de 2026 en Estados Unidos comienzan este martes, d\u00eda en que los votantes acudir\u00e1n a las urnas para las primeras primarias estatales en Arkansas, Carolina del Norte y Texas. La gran apuesta es la carrera al Senado de Estados Unidos en Texas,<a href=\"https:\/\/cnnespanol.cnn.com\/2026\/03\/02\/eeuu\/primarias-texas-preguntas-trax\"> pero hay mucho m\u00e1s que los analistas pol\u00edticos deben tener en cuenta.<\/a><\/p>\n<ul>\n<li><a href=\"https:\/\/cnnespanol.cnn.com\/2026\/03\/03\/eeuu\/cuando-cierran-urnas-primarias-ee-uu-trax\">\u00bfCu\u00e1ndo cierran las urnas y cu\u00e1ndo deber\u00edamos esperar los resultados de las primarias en EE.UU.?<\/a><\/li>\n<\/ul>\n<p>Tras renunciar como fiscal general de Venezuela, cargo que ocup\u00f3 casi 10 a\u00f1os, Tarek William Saab fue nombrado de inmediato defensor del pueblo encargado. Analistas consultados por CNN se\u00f1alan que, aunque el puesto tiene menor visibilidad, le otorga inmunidad temporal a quien, al menos por un tiempo, fuera <a href=\"https:\/\/cnnespanol.cnn.com\/2026\/03\/02\/venezuela\/quien-es-tarek-william-saab-por-que-dejo-fiscal-delcy-orix\">uno de los hombres m\u00e1s cercanos al derrocado presidente Nicol\u00e1s Maduro<\/a>.<\/p>\n<ul>\n<li><a href=\"https:\/\/cnnespanol.cnn.com\/2026\/03\/02\/argentina\/gendarme-nahuel-gallo-intrigas-venezuela-orix\">Nahuel Gallo ya est\u00e1 en Argentina, donde crecen las intrigas sobre su excarcelaci\u00f3n en Venezuela<\/a><\/li>\n<\/ul>\n<p>M\u00e1s de una docena de incidentes que involucran a agentes federales de inmigraci\u00f3n en Minneapolis, incluido el alto funcionario de la Patrulla Fronteriza, Gregory Bovino, est\u00e1n siendo investigados para determinar <a href=\"https:\/\/cnnespanol.cnn.com\/2026\/03\/02\/eeuu\/fiscal-minnesota-investiga-gregory-bovino-represion-migratoria-trax\">si se violaron leyes durante la Operaci\u00f3n Metro Surge<\/a>, anunci\u00f3 el lunes la Oficina del Fiscal del Condado de Hennepin.<\/p>\n<p><strong>\u00bfEl Gobierno de qu\u00e9 pa\u00eds anunci\u00f3 que aumentar\u00e1 el n\u00famero de sus ojivas nucleares?<\/strong><\/p>\n<p>A. Estados Unidos.<\/p>\n<p>B. India.<\/p>\n<p>C. Francia.<\/p>\n<p>D. Venezuela.<\/p>\n<p>\u2b07\ufe0f <em>Conoce la respuesta m\u00e1s abajo.<\/em><\/p>\n<p><strong>Zendaya y Tom Holland se casaron en secreto, afirma el estilista Law Roach<\/strong><\/p>\n<p>Los actores Zendaya y Tom Holland se casaron en una ceremonia secreta, seg\u00fan el estilista de Zendaya, Law Roach. El domingo, en la alfombra roja <a href=\"https:\/\/cnnespanol.cnn.com\/2026\/03\/02\/entretenimiento\/zendaya-tom-holland-boda-trax\">de los premios Actores 2026 en Los \u00c1ngeles, Roach declar\u00f3 a Access Hollywood que \u201cla boda ya se celebr\u00f3\u201d.<\/a><\/p>\n<p><strong>\u00bfQu\u00e9 pasar\u00e1 con HBO Max cuando Paramount compre Warner Bros. Discovery?<\/strong><\/p>\n<p>Durante la primera llamada con inversionistas de Paramount desde que la empresa triunfara en la disputa por adquirir Warner Bros. Discovery, el director ejecutivo David Ellison dijo que, tras la fusi\u00f3n, <a href=\"https:\/\/cnnespanol.cnn.com\/2026\/03\/02\/eeuu\/hbo-max-paramount-fusion-wbd-trax\">Paramount+ y HBO Max se unir\u00e1n para formar una sola plataforma de streaming.<\/a><\/p>\n<p><strong>El rostro de Jim Carrey est\u00e1 en el centro de un extra\u00f1o debate<\/strong><\/p>\n<p>Fotos y videos donde se ve al actor Jim Carrey luciendo notablemente m\u00e1s relleno y terso en el rostro inundaron Internet durante el fin de semana. Algunos comentaristas dijeron que Carrey est\u00e1 \u201cirreconocible\u201d y otros hicieron acusaciones infundadas de que no se trataba de Carrey, <a href=\"https:\/\/cnnespanol.cnn.com\/2026\/03\/02\/entretenimiento\/rostro-jim-carrey-debate-premios-cesar-trax\">sino de un doble<\/a>.<\/p>\n<p><strong>10 millones<\/strong><\/p>\n<p>Espa\u00f1a ya tiene 10 millones de habitantes nacidos en el extranjero:<a href=\"https:\/\/cnnespanol.cnn.com\/2026\/03\/02\/espana\/espania-inmigracion-hito-poblacion-extranjero-orix\"> el 20% de la poblaci\u00f3n<\/a>.<\/p>\n<p><strong>\u201cNi siquiera hemos empezado a atacarlos con fuerza. La gran ola ni siquiera ha llegado. La gran ola llegar\u00e1 pronto\u201d<\/strong><\/p>\n<p><strong>\u2014Lo dijo el presidente Donald Trump <\/strong>a CNN en una entrevista telef\u00f3nica de nueve minutos. Afirm\u00f3<a href=\"https:\/\/cnnespanol.cnn.com\/2026\/03\/02\/eeuu\/trump-cnn-ataques-iran-entrevista-trax\"> que las fuerzas estadounidenses est\u00e1n \u201cdestrozando\u201d a Ir\u00e1n y que la \u201cgran ola\u201d de ataques est\u00e1 por llegar.<\/a><\/p>\n<p><strong>La ciudad de Vancouver vivir\u00e1 su primer Mundial y este es el impresionante estadio sede<\/strong><\/p>\n<p>El BC Stadium de Vancouver, uno de los recintos deportivos m\u00e1s imponentes del continente, se prepara para recibir siete partidos de la Copa del Mundo, incluyendo dos de fase eliminatoria. <a href=\"https:\/\/cnnespanol.cnn.com\/2026\/03\/02\/deportes\/video\/copa-del-mundo-mundial-2026-canada-vancouver-bc-place-futbol-deportes-tv\">Conoce su historia en el video<\/a>.<\/p>\n<p>\ud83d\udc4b Nos vemos ma\u00f1ana.<\/p>\n<p>\ud83e\udde0 <strong>La respuesta del quiz es: C.<\/strong> El presidente de Francia, Emmanuel Macron, anunci\u00f3 que el pa\u00eds aumentar\u00e1 el n\u00famero de ojivas nucleares desde el nivel actual de menos de 300. <a href=\"https:\/\/cnnespanol.cnn.com\/2026\/03\/02\/mundo\/francia-aumentara-ojivas-nucleares-ap\">Ser\u00e1 la primera vez que Francia aumente su arsenal nuclear desde 1992.<\/a><\/p>\n<p>The-CNN-Wire<br \/>&trade; &amp; &copy; 2026 Cable News Network, Inc., a Warner Bros. Discovery Company. All rights reserved.<\/p>\n","protected":false},"excerpt":{"rendered":"<p>La guerra en Medio Oriente expone los l\u00edmites del poder del Kremlin. Primarias en EE.UU. \u00bfQu\u00e9 hay detr\u00e1s de los cambios en el gabinete de Delcy Rodr\u00edguez? Esto es lo que debes saber para comenzar el d\u00eda. Primero la verdad. Suscr\u00edbete aqu\u00ed para recibir el newsletter cada ma\u00f1ana en tu correo \ud83c\udf99 Escucha las 5 [&hellip;]<\/p>\n","protected":false},"author":0,"featured_media":0,"comment_status":"open","ping_status":"open","sticky":false,"template":"","format":"standard","meta":{"_jetpack_memberships_contains_paid_content":false,"footnotes":""},"categories":[10],"tags":[],"class_list":["post-1471809","post","type-post","status-publish","format-standard","hentry","category-noticias-nacionales","market-global"],"yoast_head":"<!-- This site is optimized with the Yoast SEO plugin v24.4 - https:\/\/yoast.com\/wordpress\/plugins\/seo\/ -->\n<title>Las 5 cosas que debes saber este 3 de marzo - Noticias<\/title>\n<meta name=\"robots\" content=\"index, follow, max-snippet:-1, max-image-preview:large, max-video-preview:-1\" \/>\n<link rel=\"canonical\" href=\"https:\/\/noticiasya.com\/2026\/03\/03\/5-cosas-3-de-marzo-orix\/\" \/>\n<meta property=\"og:locale\" content=\"es_ES\" \/>\n<meta property=\"og:type\" content=\"article\" \/>\n<meta property=\"og:title\" content=\"Las 5 cosas que debes saber este 3 de marzo - Noticias\" \/>\n<meta property=\"og:description\" content=\"La guerra en Medio Oriente expone los l\u00edmites del poder del Kremlin. Primarias en EE.UU. \u00bfQu\u00e9 hay detr\u00e1s de los cambios en el gabinete de Delcy Rodr\u00edguez? Esto es lo que debes saber para comenzar el d\u00eda. Primero la verdad. Suscr\u00edbete aqu\u00ed para recibir el newsletter cada ma\u00f1ana en tu correo \ud83c\udf99 Escucha las 5 [&hellip;]\" \/>\n<meta property=\"og:url\" content=\"https:\/\/noticiasya.com\/2026\/03\/03\/5-cosas-3-de-marzo-orix\/\" \/>\n<meta property=\"og:site_name\" content=\"Noticias\" \/>\n<meta property=\"article:published_time\" content=\"2026-03-03T11:03:44+00:00\" \/>\n<meta name=\"twitter:card\" content=\"summary_large_image\" \/>\n<meta name=\"twitter:label1\" content=\"Est. reading time\" \/>\n\t<meta name=\"twitter:data1\" content=\"5 minutos\" \/>\n<script type=\"application\/ld+json\" class=\"yoast-schema-graph\">{\"@context\":\"https:\/\/schema.org\",\"@graph\":[{\"@type\":\"Article\",\"@id\":\"https:\/\/noticiasya.com\/2026\/03\/03\/5-cosas-3-de-marzo-orix\/#article\",\"isPartOf\":{\"@id\":\"https:\/\/noticiasya.com\/2026\/03\/03\/5-cosas-3-de-marzo-orix\/\"},\"author\":{\"name\":\"\",\"@id\":\"\"},\"headline\":\"Las 5 cosas que debes saber este 3 de marzo\",\"datePublished\":\"2026-03-03T11:03:44+00:00\",\"mainEntityOfPage\":{\"@id\":\"https:\/\/noticiasya.com\/2026\/03\/03\/5-cosas-3-de-marzo-orix\/\"},\"wordCount\":922,\"commentCount\":0,\"publisher\":{\"@id\":\"https:\/\/noticiasya.com\/#organization\"},\"articleSection\":[\"Noticias Nacionales\"],\"inLanguage\":\"es\",\"potentialAction\":[{\"@type\":\"CommentAction\",\"name\":\"Comment\",\"target\":[\"https:\/\/noticiasya.com\/2026\/03\/03\/5-cosas-3-de-marzo-orix\/#respond\"]}]},{\"@type\":\"WebPage\",\"@id\":\"https:\/\/noticiasya.com\/2026\/03\/03\/5-cosas-3-de-marzo-orix\/\",\"url\":\"https:\/\/noticiasya.com\/2026\/03\/03\/5-cosas-3-de-marzo-orix\/\",\"name\":\"Las 5 cosas que debes saber este 3 de marzo - Noticias\",\"isPartOf\":{\"@id\":\"https:\/\/noticiasya.com\/#website\"},\"datePublished\":\"2026-03-03T11:03:44+00:00\",\"breadcrumb\":{\"@id\":\"https:\/\/noticiasya.com\/2026\/03\/03\/5-cosas-3-de-marzo-orix\/#breadcrumb\"},\"inLanguage\":\"es\",\"potentialAction\":[{\"@type\":\"ReadAction\",\"target\":[\"https:\/\/noticiasya.com\/2026\/03\/03\/5-cosas-3-de-marzo-orix\/\"]}]},{\"@type\":\"BreadcrumbList\",\"@id\":\"https:\/\/noticiasya.com\/2026\/03\/03\/5-cosas-3-de-marzo-orix\/#breadcrumb\",\"itemListElement\":[{\"@type\":\"ListItem\",\"position\":1,\"name\":\"Home\",\"item\":\"https:\/\/noticiasya.com\/\"},{\"@type\":\"ListItem\",\"position\":2,\"name\":\"Las 5 cosas que debes saber este 3 de marzo\"}]},{\"@type\":\"WebSite\",\"@id\":\"https:\/\/noticiasya.com\/#website\",\"url\":\"https:\/\/noticiasya.com\/\",\"name\":\"Noticias\",\"description\":\"Lo que importa\",\"publisher\":{\"@id\":\"https:\/\/noticiasya.com\/#organization\"},\"potentialAction\":[{\"@type\":\"SearchAction\",\"target\":{\"@type\":\"EntryPoint\",\"urlTemplate\":\"https:\/\/noticiasya.com\/?s={search_term_string}\"},\"query-input\":{\"@type\":\"PropertyValueSpecification\",\"valueRequired\":true,\"valueName\":\"search_term_string\"}}],\"inLanguage\":\"es\"},{\"@type\":\"Organization\",\"@id\":\"https:\/\/noticiasya.com\/#organization\",\"name\":\"Noticias\",\"url\":\"https:\/\/noticiasya.com\/\",\"logo\":{\"@type\":\"ImageObject\",\"inLanguage\":\"es\",\"@id\":\"https:\/\/noticiasya.com\/#\/schema\/logo\/image\/\",\"url\":\"https:\/\/noticiasya.com\/wp-content\/uploads\/sites\/22\/2023\/12\/logo-nacional.png\",\"contentUrl\":\"https:\/\/noticiasya.com\/wp-content\/uploads\/sites\/22\/2023\/12\/logo-nacional.png\",\"width\":1801,\"height\":691,\"caption\":\"Noticias\"},\"image\":{\"@id\":\"https:\/\/noticiasya.com\/#\/schema\/logo\/image\/\"}}]}<\/script>\n<!-- \/ Yoast SEO plugin. -->","yoast_head_json":{"title":"Las 5 cosas que debes saber este 3 de marzo - Noticias","robots":{"index":"index","follow":"follow","max-snippet":"max-snippet:-1","max-image-preview":"max-image-preview:large","max-video-preview":"max-video-preview:-1"},"canonical":"https:\/\/noticiasya.com\/2026\/03\/03\/5-cosas-3-de-marzo-orix\/","og_locale":"es_ES","og_type":"article","og_title":"Las 5 cosas que debes saber este 3 de marzo - Noticias","og_description":"La guerra en Medio Oriente expone los l\u00edmites del poder del Kremlin. Primarias en EE.UU. \u00bfQu\u00e9 hay detr\u00e1s de los cambios en el gabinete de Delcy Rodr\u00edguez? Esto es lo que debes saber para comenzar el d\u00eda. Primero la verdad. Suscr\u00edbete aqu\u00ed para recibir el newsletter cada ma\u00f1ana en tu correo \ud83c\udf99 Escucha las 5 [&hellip;]","og_url":"https:\/\/noticiasya.com\/2026\/03\/03\/5-cosas-3-de-marzo-orix\/","og_site_name":"Noticias","article_published_time":"2026-03-03T11:03:44+00:00","twitter_card":"summary_large_image","twitter_misc":{"Est. reading time":"5 minutos"},"schema":{"@context":"https:\/\/schema.org","@graph":[{"@type":"Article","@id":"https:\/\/noticiasya.com\/2026\/03\/03\/5-cosas-3-de-marzo-orix\/#article","isPartOf":{"@id":"https:\/\/noticiasya.com\/2026\/03\/03\/5-cosas-3-de-marzo-orix\/"},"author":{"name":"","@id":""},"headline":"Las 5 cosas que debes saber este 3 de marzo","datePublished":"2026-03-03T11:03:44+00:00","mainEntityOfPage":{"@id":"https:\/\/noticiasya.com\/2026\/03\/03\/5-cosas-3-de-marzo-orix\/"},"wordCount":922,"commentCount":0,"publisher":{"@id":"https:\/\/noticiasya.com\/#organization"},"articleSection":["Noticias Nacionales"],"inLanguage":"es","potentialAction":[{"@type":"CommentAction","name":"Comment","target":["https:\/\/noticiasya.com\/2026\/03\/03\/5-cosas-3-de-marzo-orix\/#respond"]}]},{"@type":"WebPage","@id":"https:\/\/noticiasya.com\/2026\/03\/03\/5-cosas-3-de-marzo-orix\/","url":"https:\/\/noticiasya.com\/2026\/03\/03\/5-cosas-3-de-marzo-orix\/","name":"Las 5 cosas que debes saber este 3 de marzo - Noticias","isPartOf":{"@id":"https:\/\/noticiasya.com\/#website"},"datePublished":"2026-03-03T11:03:44+00:00","breadcrumb":{"@id":"https:\/\/noticiasya.com\/2026\/03\/03\/5-cosas-3-de-marzo-orix\/#breadcrumb"},"inLanguage":"es","potentialAction":[{"@type":"ReadAction","target":["https:\/\/noticiasya.com\/2026\/03\/03\/5-cosas-3-de-marzo-orix\/"]}]},{"@type":"BreadcrumbList","@id":"https:\/\/noticiasya.com\/2026\/03\/03\/5-cosas-3-de-marzo-orix\/#breadcrumb","itemListElement":[{"@type":"ListItem","position":1,"name":"Home","item":"https:\/\/noticiasya.com\/"},{"@type":"ListItem","position":2,"name":"Las 5 cosas que debes saber este 3 de marzo"}]},{"@type":"WebSite","@id":"https:\/\/noticiasya.com\/#website","url":"https:\/\/noticiasya.com\/","name":"Noticias","description":"Lo que importa","publisher":{"@id":"https:\/\/noticiasya.com\/#organization"},"potentialAction":[{"@type":"SearchAction","target":{"@type":"EntryPoint","urlTemplate":"https:\/\/noticiasya.com\/?s={search_term_string}"},"query-input":{"@type":"PropertyValueSpecification","valueRequired":true,"valueName":"search_term_string"}}],"inLanguage":"es"},{"@type":"Organization","@id":"https:\/\/noticiasya.com\/#organization","name":"Noticias","url":"https:\/\/noticiasya.com\/","logo":{"@type":"ImageObject","inLanguage":"es","@id":"https:\/\/noticiasya.com\/#\/schema\/logo\/image\/","url":"https:\/\/noticiasya.com\/wp-content\/uploads\/sites\/22\/2023\/12\/logo-nacional.png","contentUrl":"https:\/\/noticiasya.com\/wp-content\/uploads\/sites\/22\/2023\/12\/logo-nacional.png","width":1801,"height":691,"caption":"Noticias"},"image":{"@id":"https:\/\/noticiasya.com\/#\/schema\/logo\/image\/"}}]}},"parsely":{"version":"1.1.0","canonical_url":"https:\/\/noticiasya.com\/tampa\/2026\/03\/03\/5-cosas-3-de-marzo-orix\/","smart_links":{"inbound":0,"outbound":0},"traffic_boost_suggestions_count":0,"meta":{"@context":"https:\/\/schema.org","@type":"NewsArticle","headline":"Las 5 cosas que debes saber este 3 de marzo","url":"http:\/\/noticiasya.com\/tampa\/2026\/03\/03\/5-cosas-3-de-marzo-orix\/","mainEntityOfPage":{"@type":"WebPage","@id":"http:\/\/noticiasya.com\/tampa\/2026\/03\/03\/5-cosas-3-de-marzo-orix\/"},"thumbnailUrl":"","image":{"@type":"ImageObject","url":""},"articleSection":"Noticias Nacionales","author":[],"creator":[],"publisher":{"@type":"Organization","name":"Noticias","logo":""},"keywords":[],"dateCreated":"2026-03-03T11:03:44Z","datePublished":"2026-03-03T11:03:44Z","dateModified":"2026-03-03T11:03:44Z"},"rendered":"<script type=\"application\/ld+json\" class=\"wp-parsely-metadata\">{\"@context\":\"https:\\\/\\\/schema.org\",\"@type\":\"NewsArticle\",\"headline\":\"Las 5 cosas que debes saber este 3 de marzo\",\"url\":\"http:\\\/\\\/noticiasya.com\\\/tampa\\\/2026\\\/03\\\/03\\\/5-cosas-3-de-marzo-orix\\\/\",\"mainEntityOfPage\":{\"@type\":\"WebPage\",\"@id\":\"http:\\\/\\\/noticiasya.com\\\/tampa\\\/2026\\\/03\\\/03\\\/5-cosas-3-de-marzo-orix\\\/\"},\"thumbnailUrl\":\"\",\"image\":{\"@type\":\"ImageObject\",\"url\":\"\"},\"articleSection\":\"Noticias Nacionales\",\"author\":[],\"creator\":[],\"publisher\":{\"@type\":\"Organization\",\"name\":\"Noticias\",\"logo\":\"\"},\"keywords\":[],\"dateCreated\":\"2026-03-03T11:03:44Z\",\"datePublished\":\"2026-03-03T11:03:44Z\",\"dateModified\":\"2026-03-03T11:03:44Z\"}<\/script>","tracker_url":"https:\/\/cdn.parsely.com\/keys\/noticiasya.com\/p.js"},"jetpack_featured_media_url":"","jetpack-related-posts":[{"id":1471784,"url":"https:\/\/noticiasya.com\/tampa\/2026\/03\/02\/5-cosas-2-de-marzo\/","url_meta":{"origin":1471809,"position":0},"title":"Las 5 cosas que debes saber este 2 de marzo: ataques en Ir\u00e1n, Mar\u00eda Corina Machado, liberaci\u00f3n de Nahuel Gallo y m\u00e1s","author":"","date":"marzo 2, 2026","format":false,"excerpt":"La muerte del ayatola Al\u00ed Jamenei genera un vac\u00edo de poder en el n\u00facleo del r\u00e9gimen iran\u00ed. La opositora Mar\u00eda Corina Machado dice que regresar\u00e1 a Venezuela. \u00bfCu\u00e1les son los cambios del VAR a partir del Mundial? Esto es lo que debes saber para comenzar el d\u00eda. Primero la verdad.Suscr\u00edbete\u2026","rel":"","context":"In &quot;Noticias Nacionales&quot;","block_context":{"text":"Noticias Nacionales","link":"https:\/\/noticiasya.com\/tampa\/categoria\/noticias-nacionales"},"img":{"alt_text":"","src":"","width":0,"height":0},"classes":[]},{"id":1463848,"url":"https:\/\/noticiasya.com\/tampa\/2025\/06\/23\/5-cosas-23-junio-orix\/","url_meta":{"origin":1471809,"position":1},"title":"Las 5 cosas que debes saber este 23 de junio: ataques a Ir\u00e1n, domo de calor, caso \u00c1brego Garc\u00eda y \u2018green card\u2019","author":"","date":"junio 23, 2025","format":false,"excerpt":"Afectaciones al programa nuclear de Ir\u00e1n. Aumentar\u00e1n las temperaturas en varios lugares de EE.UU. El impacto ambiental de las herramientas de inteligencia artificial. Esto es lo que debes saber para comenzar el d\u00eda. Primero la verdad.Suscr\u00edbete aqu\u00ed para recibir el newsletter cada ma\u00f1ana en tu correo\ud83c\udf99 Escucha las 5 cosas\u2026","rel":"","context":"In &quot;Noticias Nacionales&quot;","block_context":{"text":"Noticias Nacionales","link":"https:\/\/noticiasya.com\/tampa\/categoria\/noticias-nacionales"},"img":{"alt_text":"","src":"","width":0,"height":0},"classes":[]},{"id":1472009,"url":"https:\/\/noticiasya.com\/tampa\/2026\/03\/09\/5-cosas-9-marzo-2026-orix\/","url_meta":{"origin":1471809,"position":2},"title":"Las 5 cosas que debes saber este 9 de marzo: Nuevo l\u00edder supremo en Ir\u00e1n, ganadores elecciones en Colombia y m\u00e1s","author":"","date":"marzo 9, 2026","format":false,"excerpt":"Los ganadores y perdedores de las consultas interpartidistas en Colombia. El precio del petr\u00f3leo supera los US$ 100 por barril. \u00bfQu\u00e9 pas\u00f3 en la cumbre de Trump con l\u00edderes de Am\u00e9rica Latina? Esto es lo que debes saber para comenzar el d\u00eda. Primero la verdad.Suscr\u00edbete aqu\u00ed para recibir el newsletter\u2026","rel":"","context":"In &quot;Noticias Nacionales&quot;","block_context":{"text":"Noticias Nacionales","link":"https:\/\/noticiasya.com\/tampa\/categoria\/noticias-nacionales"},"img":{"alt_text":"","src":"","width":0,"height":0},"classes":[]},{"id":1472482,"url":"https:\/\/noticiasya.com\/tampa\/2026\/03\/24\/que-pasa-dia-25-guerra-estados-unidos-israel-iran-trax\/","url_meta":{"origin":1471809,"position":3},"title":"\u00bfQu\u00e9 est\u00e1 pasando al d\u00eda 25 de la guerra entre Estados Unidos e Israel e Ir\u00e1n?","author":"","date":"marzo 24, 2026","format":false,"excerpt":"El cambio de postura del presidente Donald Trump respecto a su ultim\u00e1tum a Ir\u00e1n ha aliviado la presi\u00f3n sobre los precios del petr\u00f3leo, incluso cuando Teher\u00e1n neg\u00f3 sus afirmaciones de que los dos pa\u00edses hab\u00edan hablado.La pausa de cinco d\u00edas en la amenaza de ataque de Trump ha dado un\u2026","rel":"","context":"In &quot;Noticias Nacionales&quot;","block_context":{"text":"Noticias Nacionales","link":"https:\/\/noticiasya.com\/tampa\/categoria\/noticias-nacionales"},"img":{"alt_text":"","src":"","width":0,"height":0},"classes":[]},{"id":1463997,"url":"https:\/\/noticiasya.com\/tampa\/2025\/06\/27\/5-cosas-27-junio-orix\/","url_meta":{"origin":1471809,"position":4},"title":"Las 5 cosas que debes saber este 27 de junio: Deportados, Ir\u00e1n y Noboa sobre captura de Fito","author":"","date":"junio 27, 2025","format":false,"excerpt":"El presidente de EE.UU. necesita que el mundo crea su versi\u00f3n sobre Ir\u00e1n. Anna Wintour deja su cargo como editora en jefe de Vogue. \u00bfC\u00f3mo localizaron a alias \u201cFito\u201d, el delincuente m\u00e1s buscado de Ecuador? Haz el quiz de las 5 preguntas de la semana. Esto es lo que debes\u2026","rel":"","context":"In &quot;Noticias Nacionales&quot;","block_context":{"text":"Noticias Nacionales","link":"https:\/\/noticiasya.com\/tampa\/categoria\/noticias-nacionales"},"img":{"alt_text":"","src":"","width":0,"height":0},"classes":[]},{"id":1463582,"url":"https:\/\/noticiasya.com\/tampa\/2025\/06\/16\/5-cosas-16-junio-orix\/","url_meta":{"origin":1471809,"position":5},"title":"Las 5 cosas que debes saber este 16 de junio: Israel e Ir\u00e1n, protestas en Los \u00c1ngeles, Trump y sismo en Per\u00fa","author":"","date":"junio 16, 2025","format":false,"excerpt":"Trump rechaz\u00f3 plan de Israel para matar al l\u00edder supremo de Ir\u00e1n. Rusia cambia de t\u00e1ctica y ataca ciudades ucranianas con drones letales. Esto es lo que debes saber para comenzar el d\u00eda. Primero la verdad.Suscr\u00edbete aqu\u00ed para recibir el newsletter cada ma\u00f1ana en tu correo\ud83c\udf99 Escucha las 5 cosas\u2026","rel":"","context":"In &quot;Noticias Nacionales&quot;","block_context":{"text":"Noticias Nacionales","link":"https:\/\/noticiasya.com\/tampa\/categoria\/noticias-nacionales"},"img":{"alt_text":"","src":"","width":0,"height":0},"classes":[]}],"jetpack_sharing_enabled":true,"_links":{"self":[{"href":"https:\/\/noticiasya.com\/tampa\/wp-json\/wp\/v2\/posts\/1471809","targetHints":{"allow":["GET"]}}],"collection":[{"href":"https:\/\/noticiasya.com\/tampa\/wp-json\/wp\/v2\/posts"}],"about":[{"href":"https:\/\/noticiasya.com\/tampa\/wp-json\/wp\/v2\/types\/post"}],"replies":[{"embeddable":true,"href":"https:\/\/noticiasya.com\/tampa\/wp-json\/wp\/v2\/comments?post=1471809"}],"version-history":[{"count":0,"href":"https:\/\/noticiasya.com\/tampa\/wp-json\/wp\/v2\/posts\/1471809\/revisions"}],"wp:attachment":[{"href":"https:\/\/noticiasya.com\/tampa\/wp-json\/wp\/v2\/media?parent=1471809"}],"wp:term":[{"taxonomy":"category","embeddable":true,"href":"https:\/\/noticiasya.com\/tampa\/wp-json\/wp\/v2\/categories?post=1471809"},{"taxonomy":"post_tag","embeddable":true,"href":"https:\/\/noticiasya.com\/tampa\/wp-json\/wp\/v2\/tags?post=1471809"}],"curies":[{"name":"wp","href":"https:\/\/api.w.org\/{rel}","templated":true}]}}