{"id":1471830,"date":"2026-03-03T12:03:44","date_gmt":"2026-03-03T20:03:44","guid":{"rendered":"https:\/\/noticiasya.com\/2026\/03\/03\/trump-amenaza-cortar-comercio-espana-gasto-otan-trax\/"},"modified":"2026-03-03T12:03:44","modified_gmt":"2026-03-03T20:03:44","slug":"trump-amenaza-cortar-comercio-espana-gasto-otan-trax","status":"publish","type":"post","link":"https:\/\/noticiasya.com\/tampa\/2026\/03\/03\/trump-amenaza-cortar-comercio-espana-gasto-otan-trax\/","title":{"rendered":"Trump amenaza con cortar comercio con Espa\u00f1a por su gasto en la OTAN y la negativa a que EE.UU. utilice sus bases militares"},"content":{"rendered":"<p>En su reuni\u00f3n en el Despacho Oval con el canciller alem\u00e1n, Trump abord\u00f3 los compromisos de gasto de la OTAN y, en particular, su frustraci\u00f3n con el gasto en defensa del Gobierno de Espa\u00f1a.<\/p>\n<p>\u201cTodos los pa\u00edses europeos, a petici\u00f3n m\u00eda, pagaron el 5 %, como deber\u00edan estar haciendo. Y todo el mundo se mostr\u00f3 entusiasmado, Alemania, todo el mundo. Y Espa\u00f1a no lo hizo\u201d, declar\u00f3 Trump.<\/p>\n<p>El pasado junio, el presidente del Gobierno espa\u00f1ol, Pedro S\u00e1nchez, rechaz\u00f3 la propuesta de la OTAN de que sus miembros aumentaran su gasto en defensa al 5 % del producto interior bruto para 2035, m\u00e1s del doble del objetivo original del 2 %. S\u00e1nchez dijo que no era razonable y la defini\u00f3 como \u201ccontraproducente\u201d en aquel momento.<\/p>\n<p>\u201cAs\u00ed que vamos a cortar todo el comercio con Espa\u00f1a. No queremos tener nada que ver con Espa\u00f1a\u201d, continu\u00f3 Trump. En 2025, Estados Unidos intercambi\u00f3 bienes con Espa\u00f1a por valor de US$ 47.500 millones, seg\u00fan datos de la Oficina del Censo de Estados Unidos. Estados Unidos export\u00f3 US$ 4.600 millones m\u00e1s a Espa\u00f1a de lo que import\u00f3, lo que significa que la amenaza comercial de Trump podr\u00eda perjudicar m\u00e1s a las empresas estadounidenses que a las espa\u00f1olas.<\/p>\n<p>\u201cY ahora Espa\u00f1a ha dicho que no podemos usar sus bases\u201d, declar\u00f3 Trump, en referencia a sus recientes solicitudes de usar las bases de sus aliados en Medio Oriente para lanzar nuevos ataques contra Ir\u00e1n. \u201cEspa\u00f1a no tiene absolutamente nada que necesitemos, salvo gente excepcional\u201d, a\u00f1adi\u00f3.<\/p>\n<p>Sentado junto a Trump en el Despacho Oval, el canciller alem\u00e1n, Friedrich Merz, a\u00f1adi\u00f3 sobre el aumento del gasto de la OTAN: \u201cComo dijo el presidente, es correcto, Espa\u00f1a es la \u00fanica que no est\u00e1 dispuesta a aceptarlo. Y estamos tratando de convencerlos de que esto forma parte de nuestra seguridad com\u00fan\u201d.<\/p>\n<p>Poco despu\u00e9s de las declaraciones de Trump, Espa\u00f1a respondi\u00f3.<\/p>\n<p>En un comunicado, el gobierno de Pedro S\u00e1nchez defendi\u00f3 el papel del pa\u00eds como miembro de la OTAN, donde dijo que \u201ccumple con sus compromisos y contribuye de forma destacada a la defensa del territorio europeo\u201d. Adem\u00e1s, asegur\u00f3 que es \u201cun socio confiable\u201d para 195 pa\u00edses, incluyendo a Estados Unidos.<\/p>\n<p>Para Espa\u00f1a, si el gobierno de Donald Trump quiere revisar la relaci\u00f3n comercial, \u201cdeber\u00e1 hacerlo respetando la autonom\u00eda de las empresas privadas, la legalidad internacional, y los acuerdos bilaterales entre la Uni\u00f3n Europea y EE.UU.\u201d.<\/p>\n<p>\u201cNuestro pa\u00eds cuenta con los recursos necesarios para contener posibles impactos, ayudar a los sectores que pudieran verse afectados, y diversificar cadenas de suministro\u201d, dijo el gobierno espa\u00f1ol.<\/p>\n<p>El comunicado agreg\u00f3 que \u201cla voluntad del Gobierno de Espa\u00f1a es y ser\u00e1 siempre trabajar por el libre comercio y la cooperaci\u00f3n econ\u00f3mica entre pa\u00edses, desde el respeto mutuo y el cumplimiento de la legalidad internacional. Porque lo que la ciudadan\u00eda pide y merece es m\u00e1s prosperidad, no m\u00e1s problemas\u201d.<\/p>\n<p>The-CNN-Wire<br \/>&trade; &amp; &copy; 2026 Cable News Network, Inc., a Warner Bros. Discovery Company. All rights reserved.<\/p>\n","protected":false},"excerpt":{"rendered":"<p>En su reuni\u00f3n en el Despacho Oval con el canciller alem\u00e1n, Trump abord\u00f3 los compromisos de gasto de la OTAN y, en particular, su frustraci\u00f3n con el gasto en defensa del Gobierno de Espa\u00f1a. \u201cTodos los pa\u00edses europeos, a petici\u00f3n m\u00eda, pagaron el 5 %, como deber\u00edan estar haciendo. Y todo el mundo se mostr\u00f3 [&hellip;]<\/p>\n","protected":false},"author":0,"featured_media":0,"comment_status":"open","ping_status":"open","sticky":false,"template":"","format":"standard","meta":{"_jetpack_memberships_contains_paid_content":false,"footnotes":""},"categories":[10],"tags":[],"class_list":["post-1471830","post","type-post","status-publish","format-standard","hentry","category-noticias-nacionales","market-global"],"yoast_head":"<!-- This site is optimized with the Yoast SEO plugin v24.4 - https:\/\/yoast.com\/wordpress\/plugins\/seo\/ -->\n<title>Trump amenaza con cortar comercio con Espa\u00f1a por su gasto en la OTAN y la negativa a que EE.UU. utilice sus bases militares - Noticias<\/title>\n<meta name=\"robots\" content=\"index, follow, max-snippet:-1, max-image-preview:large, max-video-preview:-1\" \/>\n<link rel=\"canonical\" href=\"https:\/\/noticiasya.com\/2026\/03\/03\/trump-amenaza-cortar-comercio-espana-gasto-otan-trax\/\" \/>\n<meta property=\"og:locale\" content=\"es_ES\" \/>\n<meta property=\"og:type\" content=\"article\" \/>\n<meta property=\"og:title\" content=\"Trump amenaza con cortar comercio con Espa\u00f1a por su gasto en la OTAN y la negativa a que EE.UU. utilice sus bases militares - Noticias\" \/>\n<meta property=\"og:description\" content=\"En su reuni\u00f3n en el Despacho Oval con el canciller alem\u00e1n, Trump abord\u00f3 los compromisos de gasto de la OTAN y, en particular, su frustraci\u00f3n con el gasto en defensa del Gobierno de Espa\u00f1a. \u201cTodos los pa\u00edses europeos, a petici\u00f3n m\u00eda, pagaron el 5 %, como deber\u00edan estar haciendo. Y todo el mundo se mostr\u00f3 [&hellip;]\" \/>\n<meta property=\"og:url\" content=\"https:\/\/noticiasya.com\/2026\/03\/03\/trump-amenaza-cortar-comercio-espana-gasto-otan-trax\/\" \/>\n<meta property=\"og:site_name\" content=\"Noticias\" \/>\n<meta property=\"article:published_time\" content=\"2026-03-03T20:03:44+00:00\" \/>\n<meta name=\"twitter:card\" content=\"summary_large_image\" \/>\n<meta name=\"twitter:label1\" content=\"Est. reading time\" \/>\n\t<meta name=\"twitter:data1\" content=\"3 minutos\" \/>\n<script type=\"application\/ld+json\" class=\"yoast-schema-graph\">{\"@context\":\"https:\/\/schema.org\",\"@graph\":[{\"@type\":\"Article\",\"@id\":\"https:\/\/noticiasya.com\/2026\/03\/03\/trump-amenaza-cortar-comercio-espana-gasto-otan-trax\/#article\",\"isPartOf\":{\"@id\":\"https:\/\/noticiasya.com\/2026\/03\/03\/trump-amenaza-cortar-comercio-espana-gasto-otan-trax\/\"},\"author\":{\"name\":\"\",\"@id\":\"\"},\"headline\":\"Trump amenaza con cortar comercio con Espa\u00f1a por su gasto en la OTAN y la negativa a que EE.UU. utilice sus bases militares\",\"datePublished\":\"2026-03-03T20:03:44+00:00\",\"mainEntityOfPage\":{\"@id\":\"https:\/\/noticiasya.com\/2026\/03\/03\/trump-amenaza-cortar-comercio-espana-gasto-otan-trax\/\"},\"wordCount\":551,\"commentCount\":0,\"publisher\":{\"@id\":\"https:\/\/noticiasya.com\/#organization\"},\"articleSection\":[\"Noticias Nacionales\"],\"inLanguage\":\"es\",\"potentialAction\":[{\"@type\":\"CommentAction\",\"name\":\"Comment\",\"target\":[\"https:\/\/noticiasya.com\/2026\/03\/03\/trump-amenaza-cortar-comercio-espana-gasto-otan-trax\/#respond\"]}]},{\"@type\":\"WebPage\",\"@id\":\"https:\/\/noticiasya.com\/2026\/03\/03\/trump-amenaza-cortar-comercio-espana-gasto-otan-trax\/\",\"url\":\"https:\/\/noticiasya.com\/2026\/03\/03\/trump-amenaza-cortar-comercio-espana-gasto-otan-trax\/\",\"name\":\"Trump amenaza con cortar comercio con Espa\u00f1a por su gasto en la OTAN y la negativa a que EE.UU. utilice sus bases militares - Noticias\",\"isPartOf\":{\"@id\":\"https:\/\/noticiasya.com\/#website\"},\"datePublished\":\"2026-03-03T20:03:44+00:00\",\"breadcrumb\":{\"@id\":\"https:\/\/noticiasya.com\/2026\/03\/03\/trump-amenaza-cortar-comercio-espana-gasto-otan-trax\/#breadcrumb\"},\"inLanguage\":\"es\",\"potentialAction\":[{\"@type\":\"ReadAction\",\"target\":[\"https:\/\/noticiasya.com\/2026\/03\/03\/trump-amenaza-cortar-comercio-espana-gasto-otan-trax\/\"]}]},{\"@type\":\"BreadcrumbList\",\"@id\":\"https:\/\/noticiasya.com\/2026\/03\/03\/trump-amenaza-cortar-comercio-espana-gasto-otan-trax\/#breadcrumb\",\"itemListElement\":[{\"@type\":\"ListItem\",\"position\":1,\"name\":\"Home\",\"item\":\"https:\/\/noticiasya.com\/\"},{\"@type\":\"ListItem\",\"position\":2,\"name\":\"Trump amenaza con cortar comercio con Espa\u00f1a por su gasto en la OTAN y la negativa a que EE.UU. utilice sus bases militares\"}]},{\"@type\":\"WebSite\",\"@id\":\"https:\/\/noticiasya.com\/#website\",\"url\":\"https:\/\/noticiasya.com\/\",\"name\":\"Noticias\",\"description\":\"Lo que importa\",\"publisher\":{\"@id\":\"https:\/\/noticiasya.com\/#organization\"},\"potentialAction\":[{\"@type\":\"SearchAction\",\"target\":{\"@type\":\"EntryPoint\",\"urlTemplate\":\"https:\/\/noticiasya.com\/?s={search_term_string}\"},\"query-input\":{\"@type\":\"PropertyValueSpecification\",\"valueRequired\":true,\"valueName\":\"search_term_string\"}}],\"inLanguage\":\"es\"},{\"@type\":\"Organization\",\"@id\":\"https:\/\/noticiasya.com\/#organization\",\"name\":\"Noticias\",\"url\":\"https:\/\/noticiasya.com\/\",\"logo\":{\"@type\":\"ImageObject\",\"inLanguage\":\"es\",\"@id\":\"https:\/\/noticiasya.com\/#\/schema\/logo\/image\/\",\"url\":\"https:\/\/noticiasya.com\/wp-content\/uploads\/sites\/22\/2023\/12\/logo-nacional.png\",\"contentUrl\":\"https:\/\/noticiasya.com\/wp-content\/uploads\/sites\/22\/2023\/12\/logo-nacional.png\",\"width\":1801,\"height\":691,\"caption\":\"Noticias\"},\"image\":{\"@id\":\"https:\/\/noticiasya.com\/#\/schema\/logo\/image\/\"}}]}<\/script>\n<!-- \/ Yoast SEO plugin. -->","yoast_head_json":{"title":"Trump amenaza con cortar comercio con Espa\u00f1a por su gasto en la OTAN y la negativa a que EE.UU. utilice sus bases militares - Noticias","robots":{"index":"index","follow":"follow","max-snippet":"max-snippet:-1","max-image-preview":"max-image-preview:large","max-video-preview":"max-video-preview:-1"},"canonical":"https:\/\/noticiasya.com\/2026\/03\/03\/trump-amenaza-cortar-comercio-espana-gasto-otan-trax\/","og_locale":"es_ES","og_type":"article","og_title":"Trump amenaza con cortar comercio con Espa\u00f1a por su gasto en la OTAN y la negativa a que EE.UU. utilice sus bases militares - Noticias","og_description":"En su reuni\u00f3n en el Despacho Oval con el canciller alem\u00e1n, Trump abord\u00f3 los compromisos de gasto de la OTAN y, en particular, su frustraci\u00f3n con el gasto en defensa del Gobierno de Espa\u00f1a. \u201cTodos los pa\u00edses europeos, a petici\u00f3n m\u00eda, pagaron el 5 %, como deber\u00edan estar haciendo. Y todo el mundo se mostr\u00f3 [&hellip;]","og_url":"https:\/\/noticiasya.com\/2026\/03\/03\/trump-amenaza-cortar-comercio-espana-gasto-otan-trax\/","og_site_name":"Noticias","article_published_time":"2026-03-03T20:03:44+00:00","twitter_card":"summary_large_image","twitter_misc":{"Est. reading time":"3 minutos"},"schema":{"@context":"https:\/\/schema.org","@graph":[{"@type":"Article","@id":"https:\/\/noticiasya.com\/2026\/03\/03\/trump-amenaza-cortar-comercio-espana-gasto-otan-trax\/#article","isPartOf":{"@id":"https:\/\/noticiasya.com\/2026\/03\/03\/trump-amenaza-cortar-comercio-espana-gasto-otan-trax\/"},"author":{"name":"","@id":""},"headline":"Trump amenaza con cortar comercio con Espa\u00f1a por su gasto en la OTAN y la negativa a que EE.UU. utilice sus bases militares","datePublished":"2026-03-03T20:03:44+00:00","mainEntityOfPage":{"@id":"https:\/\/noticiasya.com\/2026\/03\/03\/trump-amenaza-cortar-comercio-espana-gasto-otan-trax\/"},"wordCount":551,"commentCount":0,"publisher":{"@id":"https:\/\/noticiasya.com\/#organization"},"articleSection":["Noticias Nacionales"],"inLanguage":"es","potentialAction":[{"@type":"CommentAction","name":"Comment","target":["https:\/\/noticiasya.com\/2026\/03\/03\/trump-amenaza-cortar-comercio-espana-gasto-otan-trax\/#respond"]}]},{"@type":"WebPage","@id":"https:\/\/noticiasya.com\/2026\/03\/03\/trump-amenaza-cortar-comercio-espana-gasto-otan-trax\/","url":"https:\/\/noticiasya.com\/2026\/03\/03\/trump-amenaza-cortar-comercio-espana-gasto-otan-trax\/","name":"Trump amenaza con cortar comercio con Espa\u00f1a por su gasto en la OTAN y la negativa a que EE.UU. utilice sus bases militares - Noticias","isPartOf":{"@id":"https:\/\/noticiasya.com\/#website"},"datePublished":"2026-03-03T20:03:44+00:00","breadcrumb":{"@id":"https:\/\/noticiasya.com\/2026\/03\/03\/trump-amenaza-cortar-comercio-espana-gasto-otan-trax\/#breadcrumb"},"inLanguage":"es","potentialAction":[{"@type":"ReadAction","target":["https:\/\/noticiasya.com\/2026\/03\/03\/trump-amenaza-cortar-comercio-espana-gasto-otan-trax\/"]}]},{"@type":"BreadcrumbList","@id":"https:\/\/noticiasya.com\/2026\/03\/03\/trump-amenaza-cortar-comercio-espana-gasto-otan-trax\/#breadcrumb","itemListElement":[{"@type":"ListItem","position":1,"name":"Home","item":"https:\/\/noticiasya.com\/"},{"@type":"ListItem","position":2,"name":"Trump amenaza con cortar comercio con Espa\u00f1a por su gasto en la OTAN y la negativa a que EE.UU. utilice sus bases militares"}]},{"@type":"WebSite","@id":"https:\/\/noticiasya.com\/#website","url":"https:\/\/noticiasya.com\/","name":"Noticias","description":"Lo que importa","publisher":{"@id":"https:\/\/noticiasya.com\/#organization"},"potentialAction":[{"@type":"SearchAction","target":{"@type":"EntryPoint","urlTemplate":"https:\/\/noticiasya.com\/?s={search_term_string}"},"query-input":{"@type":"PropertyValueSpecification","valueRequired":true,"valueName":"search_term_string"}}],"inLanguage":"es"},{"@type":"Organization","@id":"https:\/\/noticiasya.com\/#organization","name":"Noticias","url":"https:\/\/noticiasya.com\/","logo":{"@type":"ImageObject","inLanguage":"es","@id":"https:\/\/noticiasya.com\/#\/schema\/logo\/image\/","url":"https:\/\/noticiasya.com\/wp-content\/uploads\/sites\/22\/2023\/12\/logo-nacional.png","contentUrl":"https:\/\/noticiasya.com\/wp-content\/uploads\/sites\/22\/2023\/12\/logo-nacional.png","width":1801,"height":691,"caption":"Noticias"},"image":{"@id":"https:\/\/noticiasya.com\/#\/schema\/logo\/image\/"}}]}},"parsely":{"version":"1.1.0","canonical_url":"https:\/\/noticiasya.com\/tampa\/2026\/03\/03\/trump-amenaza-cortar-comercio-espana-gasto-otan-trax\/","smart_links":{"inbound":0,"outbound":0},"traffic_boost_suggestions_count":0,"meta":{"@context":"https:\/\/schema.org","@type":"NewsArticle","headline":"Trump amenaza con cortar comercio con Espa\u00f1a por su gasto en la OTAN y la negativa a que EE.UU. utilice sus bases militares","url":"http:\/\/noticiasya.com\/tampa\/2026\/03\/03\/trump-amenaza-cortar-comercio-espana-gasto-otan-trax\/","mainEntityOfPage":{"@type":"WebPage","@id":"http:\/\/noticiasya.com\/tampa\/2026\/03\/03\/trump-amenaza-cortar-comercio-espana-gasto-otan-trax\/"},"thumbnailUrl":"","image":{"@type":"ImageObject","url":""},"articleSection":"Noticias Nacionales","author":[],"creator":[],"publisher":{"@type":"Organization","name":"Noticias","logo":""},"keywords":[],"dateCreated":"2026-03-03T20:03:44Z","datePublished":"2026-03-03T20:03:44Z","dateModified":"2026-03-03T20:03:44Z"},"rendered":"<script type=\"application\/ld+json\" class=\"wp-parsely-metadata\">{\"@context\":\"https:\\\/\\\/schema.org\",\"@type\":\"NewsArticle\",\"headline\":\"Trump amenaza con cortar comercio con Espa\\u00f1a por su gasto en la OTAN y la negativa a que EE.UU. utilice sus bases militares\",\"url\":\"http:\\\/\\\/noticiasya.com\\\/tampa\\\/2026\\\/03\\\/03\\\/trump-amenaza-cortar-comercio-espana-gasto-otan-trax\\\/\",\"mainEntityOfPage\":{\"@type\":\"WebPage\",\"@id\":\"http:\\\/\\\/noticiasya.com\\\/tampa\\\/2026\\\/03\\\/03\\\/trump-amenaza-cortar-comercio-espana-gasto-otan-trax\\\/\"},\"thumbnailUrl\":\"\",\"image\":{\"@type\":\"ImageObject\",\"url\":\"\"},\"articleSection\":\"Noticias Nacionales\",\"author\":[],\"creator\":[],\"publisher\":{\"@type\":\"Organization\",\"name\":\"Noticias\",\"logo\":\"\"},\"keywords\":[],\"dateCreated\":\"2026-03-03T20:03:44Z\",\"datePublished\":\"2026-03-03T20:03:44Z\",\"dateModified\":\"2026-03-03T20:03:44Z\"}<\/script>","tracker_url":"https:\/\/cdn.parsely.com\/keys\/noticiasya.com\/p.js"},"jetpack_featured_media_url":"","jetpack-related-posts":[{"id":1457935,"url":"https:\/\/noticiasya.com\/tampa\/2025\/01\/27\/financiar-otan-espana-trump-aumentar-gasto-defensa-orix\/","url_meta":{"origin":1471830,"position":0},"title":"Financiar a la OTAN: el desaf\u00edo de Espa\u00f1a ante el deseo de Trump de aumentar el gasto en defensa","author":"","date":"enero 27, 2025","format":false,"excerpt":"Hablar del gasto en defensa entre los aliados de la OTAN se ha convertido en un tema delicado. Sobre todo, despu\u00e9s de que el presidente de Estados Unidos, Donald Trump, abiertamente propusiera durante el Foro de Davos aumentar la contribuci\u00f3n en defensa de los pa\u00edses miembro hasta el 5% de\u2026","rel":"","context":"In &quot;Noticias Nacionales&quot;","block_context":{"text":"Noticias Nacionales","link":"https:\/\/noticiasya.com\/tampa\/categoria\/noticias-nacionales"},"img":{"alt_text":"","src":"","width":0,"height":0},"classes":[]},{"id":1465935,"url":"https:\/\/noticiasya.com\/tampa\/2025\/08\/28\/espana-gasto-militar-otan-trump-orix\/","url_meta":{"origin":1471830,"position":1},"title":"Espa\u00f1a alcanza el objetivo de gasto militar de la OTAN, aunque lejos del que desea Trump","author":"","date":"agosto 28, 2025","format":false,"excerpt":"El \u00faltimo informe de la OTAN relativo al gasto militar revela que todos los socios de la alianza -excepto Islandia, que no cuenta con fuerzas armadas- cumplen ya el objetivo de destinar el 2% del PIB en defensa. Esto incluye a Espa\u00f1a, que se manten\u00eda en la cola de la\u2026","rel":"","context":"In &quot;Noticias Nacionales&quot;","block_context":{"text":"Noticias Nacionales","link":"https:\/\/noticiasya.com\/tampa\/categoria\/noticias-nacionales"},"img":{"alt_text":"","src":"","width":0,"height":0},"classes":[]},{"id":1467430,"url":"https:\/\/noticiasya.com\/tampa\/2025\/10\/16\/otan-aranceles-trump-sanchez-orix\/","url_meta":{"origin":1471830,"position":2},"title":"Desde la expulsi\u00f3n de la OTAN hasta pagar m\u00e1s aranceles: \u00bfrefuerzan las amenazas de Trump el liderazgo de Pedro S\u00e1nchez?","author":"","date":"octubre 16, 2025","format":false,"excerpt":"Las reprimendas del presidente de Estados Unidos, Donald Trump, hacia el Ejecutivo liderado por Pedro S\u00e1nchez por no aumentar su gasto en defensa no han hecho otra cosa que subir de tono en estas \u00faltimas semanas. Aunque eso no parece haber afectado demasiado al Gobierno de coalici\u00f3n de Espa\u00f1a.\u201cEstoy muy\u2026","rel":"","context":"In &quot;Noticias Nacionales&quot;","block_context":{"text":"Noticias Nacionales","link":"https:\/\/noticiasya.com\/tampa\/categoria\/noticias-nacionales"},"img":{"alt_text":"","src":"","width":0,"height":0},"classes":[]},{"id":1471854,"url":"https:\/\/noticiasya.com\/tampa\/2026\/03\/04\/pedro-sanchez-trump-eeuu-espania-iran-ataques-orix\/","url_meta":{"origin":1471830,"position":3},"title":"S\u00e1nchez, en la mira de Trump: \u00bfqu\u00e9 hay detr\u00e1s de las decisiones del presidente del Gobierno espa\u00f1ol?","author":"","date":"marzo 4, 2026","format":false,"excerpt":"La desavenencia entre la administraci\u00f3n de Donald Trump y el Gobierno de coalici\u00f3n espa\u00f1ol liderado por Pedro S\u00e1nchez se hace cada vez m\u00e1s patente. Una discordia en forma de enfrentamientos verbales que han copado informativos y titulares a lo largo de los \u00faltimos meses y que este martes alcanz\u00f3 su\u2026","rel":"","context":"In &quot;Noticias Nacionales&quot;","block_context":{"text":"Noticias Nacionales","link":"https:\/\/noticiasya.com\/tampa\/categoria\/noticias-nacionales"},"img":{"alt_text":"","src":"","width":0,"height":0},"classes":[]},{"id":1448232,"url":"https:\/\/noticiasya.com\/tampa\/2024\/04\/18\/trump-polonia-andrzej-duda-aumento-gasto-defensa-otan-trax\/","url_meta":{"origin":1471830,"position":4},"title":"Trump y el presidente de Polonia hablan sobre el aumento del gasto en defensa de pa\u00edses miembros de la OTAN","author":"","date":"abril 18, 2024","format":false,"excerpt":"(CNN) -- El expresidente de Estados Unidos, Donald Trump, y el presidente de Polonia, Andrzej Duda, hablaron sobre los gastos de la OTAN en una cena celebrada el mi\u00e9rcoles en la Torre Trump de Nueva York, seg\u00fan un comunicado de la campa\u00f1a de Trump.Ambos \"discutieron la propuesta del presidente Duda\u2026","rel":"","context":"In &quot;Noticias Nacionales&quot;","block_context":{"text":"Noticias Nacionales","link":"https:\/\/noticiasya.com\/tampa\/categoria\/noticias-nacionales"},"img":{"alt_text":"","src":"","width":0,"height":0},"classes":[]},{"id":1459176,"url":"https:\/\/noticiasya.com\/tampa\/2025\/02\/25\/reino-unido-aumento-gasto-defensa-recorte-ayuda-exterior-reunion-trump-trax\/","url_meta":{"origin":1471830,"position":5},"title":"Reino Unido anuncia aumento del gasto en defensa y recorte de la ayuda exterior antes de la reuni\u00f3n de Starmer con Trump","author":"","date":"febrero 25, 2025","format":false,"excerpt":"Gran Breta\u00f1a acelerar\u00e1 el aumento de su gasto de defensa, anunci\u00f3 el martes el primer ministro Keir Starmer, en v\u00edsperas de una visita crucial para reunirse con el presidente estadounidense Donald Trump en Washington.Starmer dijo que aumentar\u00e1 el gasto militar del 2,3% del PIB brit\u00e1nico al 2,5% para 2027, y\u2026","rel":"","context":"In &quot;Noticias Nacionales&quot;","block_context":{"text":"Noticias Nacionales","link":"https:\/\/noticiasya.com\/tampa\/categoria\/noticias-nacionales"},"img":{"alt_text":"","src":"","width":0,"height":0},"classes":[]}],"jetpack_sharing_enabled":true,"_links":{"self":[{"href":"https:\/\/noticiasya.com\/tampa\/wp-json\/wp\/v2\/posts\/1471830","targetHints":{"allow":["GET"]}}],"collection":[{"href":"https:\/\/noticiasya.com\/tampa\/wp-json\/wp\/v2\/posts"}],"about":[{"href":"https:\/\/noticiasya.com\/tampa\/wp-json\/wp\/v2\/types\/post"}],"replies":[{"embeddable":true,"href":"https:\/\/noticiasya.com\/tampa\/wp-json\/wp\/v2\/comments?post=1471830"}],"version-history":[{"count":0,"href":"https:\/\/noticiasya.com\/tampa\/wp-json\/wp\/v2\/posts\/1471830\/revisions"}],"wp:attachment":[{"href":"https:\/\/noticiasya.com\/tampa\/wp-json\/wp\/v2\/media?parent=1471830"}],"wp:term":[{"taxonomy":"category","embeddable":true,"href":"https:\/\/noticiasya.com\/tampa\/wp-json\/wp\/v2\/categories?post=1471830"},{"taxonomy":"post_tag","embeddable":true,"href":"https:\/\/noticiasya.com\/tampa\/wp-json\/wp\/v2\/tags?post=1471830"}],"curies":[{"name":"wp","href":"https:\/\/api.w.org\/{rel}","templated":true}]}}