{"id":1473462,"date":"2026-04-24T06:03:44","date_gmt":"2026-04-24T13:03:44","guid":{"rendered":"https:\/\/noticiasya.com\/2026\/04\/24\/netanyahu-tratamiento-cancer-prostata-trax\/"},"modified":"2026-04-24T06:03:44","modified_gmt":"2026-04-24T13:03:44","slug":"netanyahu-tratamiento-cancer-prostata-trax","status":"publish","type":"post","link":"https:\/\/noticiasya.com\/tampa\/2026\/04\/24\/netanyahu-tratamiento-cancer-prostata-trax\/","title":{"rendered":"Netanyahu revela que se someti\u00f3 discretamente a un tratamiento para un c\u00e1ncer de pr\u00f3stata que no hab\u00eda sido divulgado"},"content":{"rendered":"<p>El primer ministro israel\u00ed, Benjamin Netanyahu, se someti\u00f3 discretamente a un tratamiento para el c\u00e1ncer de pr\u00f3stata, seg\u00fan anunci\u00f3 este viernes al hacer p\u00fablicos los resultados de su examen m\u00e9dico anual.<\/p>\n<p>Es la primera vez que el l\u00edder con el mandato m\u00e1s largo en la historia de Israel reconoce haber sido diagnosticado con c\u00e1ncer.<\/p>\n<p>Netanyahu, de 76 a\u00f1os, se someti\u00f3 a una cirug\u00eda por agrandamiento de pr\u00f3stata en diciembre de 2024, una operaci\u00f3n que la Oficina del Primer Ministro hab\u00eda hecho p\u00fablica en su momento. Seg\u00fan revel\u00f3 Netanyahu en un comunicado compartido en sus redes sociales, en el \u00faltimo chequeo realizado tras la cirug\u00eda los m\u00e9dicos descubrieron un tumor maligno en su pr\u00f3stata de menos de un cent\u00edmetro.<\/p>\n<p>La Oficina del Primer Ministro tambi\u00e9n difundi\u00f3 dos cartas de sus m\u00e9dicos para acompa\u00f1ar la revelaci\u00f3n en las redes sociales. \u201cSe trata de una detecci\u00f3n temprana de una lesi\u00f3n muy peque\u00f1a, sin met\u00e1stasis, tal como confirmaron sin lugar a dudas todas las dem\u00e1s pruebas\u201d, indicaba una de las cartas.<\/p>\n<p>Netanyahu no revela cu\u00e1ndo se realiz\u00f3 el \u00faltimo chequeo, pero una fuente israel\u00ed familiarizada con el asunto declar\u00f3 a CNN que el c\u00e1ncer fue diagnosticado hace varios meses. Seg\u00fan dicha fuente, Netanyahu comenz\u00f3 a recibir radioterapia hace aproximadamente dos meses y medio, y recientemente hab\u00eda concluido el tratamiento.<\/p>\n<p>Netanyahu afirma que tom\u00f3 la decisi\u00f3n de someterse a una radioterapia dirigida y que \u201cla lesi\u00f3n desapareci\u00f3 por completo\u201d.<\/p>\n<p>\u201cGracias a Dios, gozo de buena salud\u201d, escribi\u00f3 Netanyahu en las redes sociales. \u201cTuve un problema m\u00e9dico menor en la pr\u00f3stata que fue tratado por completo\u201d. Asimismo, explica que retras\u00f3 dos meses la publicaci\u00f3n de su informe m\u00e9dico anual \u2014el cual revelaba que hab\u00eda sido diagnosticado con c\u00e1ncer\u2014 para evitar que Ir\u00e1n lo utilizara con fines propagand\u00edsticos.<\/p>\n<p>The-CNN-Wire<br \/>&trade; &amp; &copy; 2026 Cable News Network, Inc., a Warner Bros. Discovery Company. All rights reserved.<\/p>\n","protected":false},"excerpt":{"rendered":"<p>El primer ministro israel\u00ed, Benjamin Netanyahu, se someti\u00f3 discretamente a un tratamiento para el c\u00e1ncer de pr\u00f3stata, seg\u00fan anunci\u00f3 este viernes al hacer p\u00fablicos los resultados de su examen m\u00e9dico anual. Es la primera vez que el l\u00edder con el mandato m\u00e1s largo en la historia de Israel reconoce haber sido diagnosticado con c\u00e1ncer. Netanyahu, [&hellip;]<\/p>\n","protected":false},"author":0,"featured_media":0,"comment_status":"open","ping_status":"open","sticky":false,"template":"","format":"standard","meta":{"_jetpack_memberships_contains_paid_content":false,"footnotes":""},"categories":[10],"tags":[],"class_list":["post-1473462","post","type-post","status-publish","format-standard","hentry","category-noticias-nacionales","market-global"],"yoast_head":"<!-- This site is optimized with the Yoast SEO plugin v24.4 - https:\/\/yoast.com\/wordpress\/plugins\/seo\/ -->\n<title>Netanyahu revela que se someti\u00f3 discretamente a un tratamiento para un c\u00e1ncer de pr\u00f3stata que no hab\u00eda sido divulgado - Noticias<\/title>\n<meta name=\"robots\" content=\"index, follow, max-snippet:-1, max-image-preview:large, max-video-preview:-1\" \/>\n<link rel=\"canonical\" href=\"https:\/\/noticiasya.com\/2026\/04\/24\/netanyahu-tratamiento-cancer-prostata-trax\/\" \/>\n<meta property=\"og:locale\" content=\"es_ES\" \/>\n<meta property=\"og:type\" content=\"article\" \/>\n<meta property=\"og:title\" content=\"Netanyahu revela que se someti\u00f3 discretamente a un tratamiento para un c\u00e1ncer de pr\u00f3stata que no hab\u00eda sido divulgado - Noticias\" \/>\n<meta property=\"og:description\" content=\"El primer ministro israel\u00ed, Benjamin Netanyahu, se someti\u00f3 discretamente a un tratamiento para el c\u00e1ncer de pr\u00f3stata, seg\u00fan anunci\u00f3 este viernes al hacer p\u00fablicos los resultados de su examen m\u00e9dico anual. Es la primera vez que el l\u00edder con el mandato m\u00e1s largo en la historia de Israel reconoce haber sido diagnosticado con c\u00e1ncer. Netanyahu, [&hellip;]\" \/>\n<meta property=\"og:url\" content=\"https:\/\/noticiasya.com\/2026\/04\/24\/netanyahu-tratamiento-cancer-prostata-trax\/\" \/>\n<meta property=\"og:site_name\" content=\"Noticias\" \/>\n<meta property=\"article:published_time\" content=\"2026-04-24T13:03:44+00:00\" \/>\n<meta name=\"twitter:card\" content=\"summary_large_image\" \/>\n<meta name=\"twitter:label1\" content=\"Est. reading time\" \/>\n\t<meta name=\"twitter:data1\" content=\"2 minutos\" \/>\n<script type=\"application\/ld+json\" class=\"yoast-schema-graph\">{\"@context\":\"https:\/\/schema.org\",\"@graph\":[{\"@type\":\"Article\",\"@id\":\"https:\/\/noticiasya.com\/2026\/04\/24\/netanyahu-tratamiento-cancer-prostata-trax\/#article\",\"isPartOf\":{\"@id\":\"https:\/\/noticiasya.com\/2026\/04\/24\/netanyahu-tratamiento-cancer-prostata-trax\/\"},\"author\":{\"name\":\"\",\"@id\":\"\"},\"headline\":\"Netanyahu revela que se someti\u00f3 discretamente a un tratamiento para un c\u00e1ncer de pr\u00f3stata que no hab\u00eda sido divulgado\",\"datePublished\":\"2026-04-24T13:03:44+00:00\",\"mainEntityOfPage\":{\"@id\":\"https:\/\/noticiasya.com\/2026\/04\/24\/netanyahu-tratamiento-cancer-prostata-trax\/\"},\"wordCount\":369,\"commentCount\":0,\"publisher\":{\"@id\":\"https:\/\/noticiasya.com\/#organization\"},\"articleSection\":[\"Noticias Nacionales\"],\"inLanguage\":\"es\",\"potentialAction\":[{\"@type\":\"CommentAction\",\"name\":\"Comment\",\"target\":[\"https:\/\/noticiasya.com\/2026\/04\/24\/netanyahu-tratamiento-cancer-prostata-trax\/#respond\"]}]},{\"@type\":\"WebPage\",\"@id\":\"https:\/\/noticiasya.com\/2026\/04\/24\/netanyahu-tratamiento-cancer-prostata-trax\/\",\"url\":\"https:\/\/noticiasya.com\/2026\/04\/24\/netanyahu-tratamiento-cancer-prostata-trax\/\",\"name\":\"Netanyahu revela que se someti\u00f3 discretamente a un tratamiento para un c\u00e1ncer de pr\u00f3stata que no hab\u00eda sido divulgado - Noticias\",\"isPartOf\":{\"@id\":\"https:\/\/noticiasya.com\/#website\"},\"datePublished\":\"2026-04-24T13:03:44+00:00\",\"breadcrumb\":{\"@id\":\"https:\/\/noticiasya.com\/2026\/04\/24\/netanyahu-tratamiento-cancer-prostata-trax\/#breadcrumb\"},\"inLanguage\":\"es\",\"potentialAction\":[{\"@type\":\"ReadAction\",\"target\":[\"https:\/\/noticiasya.com\/2026\/04\/24\/netanyahu-tratamiento-cancer-prostata-trax\/\"]}]},{\"@type\":\"BreadcrumbList\",\"@id\":\"https:\/\/noticiasya.com\/2026\/04\/24\/netanyahu-tratamiento-cancer-prostata-trax\/#breadcrumb\",\"itemListElement\":[{\"@type\":\"ListItem\",\"position\":1,\"name\":\"Home\",\"item\":\"https:\/\/noticiasya.com\/\"},{\"@type\":\"ListItem\",\"position\":2,\"name\":\"Netanyahu revela que se someti\u00f3 discretamente a un tratamiento para un c\u00e1ncer de pr\u00f3stata que no hab\u00eda sido divulgado\"}]},{\"@type\":\"WebSite\",\"@id\":\"https:\/\/noticiasya.com\/#website\",\"url\":\"https:\/\/noticiasya.com\/\",\"name\":\"Noticias\",\"description\":\"Lo que importa\",\"publisher\":{\"@id\":\"https:\/\/noticiasya.com\/#organization\"},\"potentialAction\":[{\"@type\":\"SearchAction\",\"target\":{\"@type\":\"EntryPoint\",\"urlTemplate\":\"https:\/\/noticiasya.com\/?s={search_term_string}\"},\"query-input\":{\"@type\":\"PropertyValueSpecification\",\"valueRequired\":true,\"valueName\":\"search_term_string\"}}],\"inLanguage\":\"es\"},{\"@type\":\"Organization\",\"@id\":\"https:\/\/noticiasya.com\/#organization\",\"name\":\"Noticias\",\"url\":\"https:\/\/noticiasya.com\/\",\"logo\":{\"@type\":\"ImageObject\",\"inLanguage\":\"es\",\"@id\":\"https:\/\/noticiasya.com\/#\/schema\/logo\/image\/\",\"url\":\"https:\/\/noticiasya.com\/wp-content\/uploads\/sites\/22\/2023\/12\/logo-nacional.png\",\"contentUrl\":\"https:\/\/noticiasya.com\/wp-content\/uploads\/sites\/22\/2023\/12\/logo-nacional.png\",\"width\":1801,\"height\":691,\"caption\":\"Noticias\"},\"image\":{\"@id\":\"https:\/\/noticiasya.com\/#\/schema\/logo\/image\/\"}}]}<\/script>\n<!-- \/ Yoast SEO plugin. -->","yoast_head_json":{"title":"Netanyahu revela que se someti\u00f3 discretamente a un tratamiento para un c\u00e1ncer de pr\u00f3stata que no hab\u00eda sido divulgado - Noticias","robots":{"index":"index","follow":"follow","max-snippet":"max-snippet:-1","max-image-preview":"max-image-preview:large","max-video-preview":"max-video-preview:-1"},"canonical":"https:\/\/noticiasya.com\/2026\/04\/24\/netanyahu-tratamiento-cancer-prostata-trax\/","og_locale":"es_ES","og_type":"article","og_title":"Netanyahu revela que se someti\u00f3 discretamente a un tratamiento para un c\u00e1ncer de pr\u00f3stata que no hab\u00eda sido divulgado - Noticias","og_description":"El primer ministro israel\u00ed, Benjamin Netanyahu, se someti\u00f3 discretamente a un tratamiento para el c\u00e1ncer de pr\u00f3stata, seg\u00fan anunci\u00f3 este viernes al hacer p\u00fablicos los resultados de su examen m\u00e9dico anual. Es la primera vez que el l\u00edder con el mandato m\u00e1s largo en la historia de Israel reconoce haber sido diagnosticado con c\u00e1ncer. Netanyahu, [&hellip;]","og_url":"https:\/\/noticiasya.com\/2026\/04\/24\/netanyahu-tratamiento-cancer-prostata-trax\/","og_site_name":"Noticias","article_published_time":"2026-04-24T13:03:44+00:00","twitter_card":"summary_large_image","twitter_misc":{"Est. reading time":"2 minutos"},"schema":{"@context":"https:\/\/schema.org","@graph":[{"@type":"Article","@id":"https:\/\/noticiasya.com\/2026\/04\/24\/netanyahu-tratamiento-cancer-prostata-trax\/#article","isPartOf":{"@id":"https:\/\/noticiasya.com\/2026\/04\/24\/netanyahu-tratamiento-cancer-prostata-trax\/"},"author":{"name":"","@id":""},"headline":"Netanyahu revela que se someti\u00f3 discretamente a un tratamiento para un c\u00e1ncer de pr\u00f3stata que no hab\u00eda sido divulgado","datePublished":"2026-04-24T13:03:44+00:00","mainEntityOfPage":{"@id":"https:\/\/noticiasya.com\/2026\/04\/24\/netanyahu-tratamiento-cancer-prostata-trax\/"},"wordCount":369,"commentCount":0,"publisher":{"@id":"https:\/\/noticiasya.com\/#organization"},"articleSection":["Noticias Nacionales"],"inLanguage":"es","potentialAction":[{"@type":"CommentAction","name":"Comment","target":["https:\/\/noticiasya.com\/2026\/04\/24\/netanyahu-tratamiento-cancer-prostata-trax\/#respond"]}]},{"@type":"WebPage","@id":"https:\/\/noticiasya.com\/2026\/04\/24\/netanyahu-tratamiento-cancer-prostata-trax\/","url":"https:\/\/noticiasya.com\/2026\/04\/24\/netanyahu-tratamiento-cancer-prostata-trax\/","name":"Netanyahu revela que se someti\u00f3 discretamente a un tratamiento para un c\u00e1ncer de pr\u00f3stata que no hab\u00eda sido divulgado - Noticias","isPartOf":{"@id":"https:\/\/noticiasya.com\/#website"},"datePublished":"2026-04-24T13:03:44+00:00","breadcrumb":{"@id":"https:\/\/noticiasya.com\/2026\/04\/24\/netanyahu-tratamiento-cancer-prostata-trax\/#breadcrumb"},"inLanguage":"es","potentialAction":[{"@type":"ReadAction","target":["https:\/\/noticiasya.com\/2026\/04\/24\/netanyahu-tratamiento-cancer-prostata-trax\/"]}]},{"@type":"BreadcrumbList","@id":"https:\/\/noticiasya.com\/2026\/04\/24\/netanyahu-tratamiento-cancer-prostata-trax\/#breadcrumb","itemListElement":[{"@type":"ListItem","position":1,"name":"Home","item":"https:\/\/noticiasya.com\/"},{"@type":"ListItem","position":2,"name":"Netanyahu revela que se someti\u00f3 discretamente a un tratamiento para un c\u00e1ncer de pr\u00f3stata que no hab\u00eda sido divulgado"}]},{"@type":"WebSite","@id":"https:\/\/noticiasya.com\/#website","url":"https:\/\/noticiasya.com\/","name":"Noticias","description":"Lo que importa","publisher":{"@id":"https:\/\/noticiasya.com\/#organization"},"potentialAction":[{"@type":"SearchAction","target":{"@type":"EntryPoint","urlTemplate":"https:\/\/noticiasya.com\/?s={search_term_string}"},"query-input":{"@type":"PropertyValueSpecification","valueRequired":true,"valueName":"search_term_string"}}],"inLanguage":"es"},{"@type":"Organization","@id":"https:\/\/noticiasya.com\/#organization","name":"Noticias","url":"https:\/\/noticiasya.com\/","logo":{"@type":"ImageObject","inLanguage":"es","@id":"https:\/\/noticiasya.com\/#\/schema\/logo\/image\/","url":"https:\/\/noticiasya.com\/wp-content\/uploads\/sites\/22\/2023\/12\/logo-nacional.png","contentUrl":"https:\/\/noticiasya.com\/wp-content\/uploads\/sites\/22\/2023\/12\/logo-nacional.png","width":1801,"height":691,"caption":"Noticias"},"image":{"@id":"https:\/\/noticiasya.com\/#\/schema\/logo\/image\/"}}]}},"parsely":{"version":"1.1.0","canonical_url":"https:\/\/noticiasya.com\/tampa\/2026\/04\/24\/netanyahu-tratamiento-cancer-prostata-trax\/","smart_links":{"inbound":0,"outbound":0},"traffic_boost_suggestions_count":0,"meta":{"@context":"https:\/\/schema.org","@type":"NewsArticle","headline":"Netanyahu revela que se someti\u00f3 discretamente a un tratamiento para un c\u00e1ncer de pr\u00f3stata que no hab\u00eda sido divulgado","url":"http:\/\/noticiasya.com\/tampa\/2026\/04\/24\/netanyahu-tratamiento-cancer-prostata-trax\/","mainEntityOfPage":{"@type":"WebPage","@id":"http:\/\/noticiasya.com\/tampa\/2026\/04\/24\/netanyahu-tratamiento-cancer-prostata-trax\/"},"thumbnailUrl":"","image":{"@type":"ImageObject","url":""},"articleSection":"Noticias Nacionales","author":[],"creator":[],"publisher":{"@type":"Organization","name":"Noticias","logo":""},"keywords":[],"dateCreated":"2026-04-24T13:03:44Z","datePublished":"2026-04-24T13:03:44Z","dateModified":"2026-04-24T13:03:44Z"},"rendered":"<script type=\"application\/ld+json\" class=\"wp-parsely-metadata\">{\"@context\":\"https:\\\/\\\/schema.org\",\"@type\":\"NewsArticle\",\"headline\":\"Netanyahu revela que se someti\\u00f3 discretamente a un tratamiento para un c\\u00e1ncer de pr\\u00f3stata que no hab\\u00eda sido divulgado\",\"url\":\"http:\\\/\\\/noticiasya.com\\\/tampa\\\/2026\\\/04\\\/24\\\/netanyahu-tratamiento-cancer-prostata-trax\\\/\",\"mainEntityOfPage\":{\"@type\":\"WebPage\",\"@id\":\"http:\\\/\\\/noticiasya.com\\\/tampa\\\/2026\\\/04\\\/24\\\/netanyahu-tratamiento-cancer-prostata-trax\\\/\"},\"thumbnailUrl\":\"\",\"image\":{\"@type\":\"ImageObject\",\"url\":\"\"},\"articleSection\":\"Noticias Nacionales\",\"author\":[],\"creator\":[],\"publisher\":{\"@type\":\"Organization\",\"name\":\"Noticias\",\"logo\":\"\"},\"keywords\":[],\"dateCreated\":\"2026-04-24T13:03:44Z\",\"datePublished\":\"2026-04-24T13:03:44Z\",\"dateModified\":\"2026-04-24T13:03:44Z\"}<\/script>","tracker_url":"https:\/\/cdn.parsely.com\/keys\/noticiasya.com\/p.js"},"jetpack_featured_media_url":"","jetpack-related-posts":[{"id":1457050,"url":"https:\/\/noticiasya.com\/tampa\/2024\/12\/28\/netanyahu-cirugia-extirpacion-prostata-trax\/","url_meta":{"origin":1473462,"position":0},"title":"Netanyahu se someter\u00e1 a una cirug\u00eda de extirpaci\u00f3n de pr\u00f3stata","author":"","date":"diciembre 28, 2024","format":false,"excerpt":"El primer ministro de Israel, Benjamin Netanyahu, se someter\u00e1 a una cirug\u00eda de extirpaci\u00f3n de pr\u00f3stata el domingo, dijo la oficina del primer ministro en un comunicado.Durante un examen m\u00e9dico el mi\u00e9rcoles, se descubri\u00f3 una infecci\u00f3n del tracto urinario causada por un agrandamiento benigno de la pr\u00f3stata. La infecci\u00f3n fue\u2026","rel":"","context":"In &quot;Noticias Nacionales&quot;","block_context":{"text":"Noticias Nacionales","link":"https:\/\/noticiasya.com\/tampa\/categoria\/noticias-nacionales"},"img":{"alt_text":"","src":"","width":0,"height":0},"classes":[]},{"id":1467557,"url":"https:\/\/noticiasya.com\/tampa\/2025\/10\/21\/biden-radioterapia-tratamiento-cancer-trax\/","url_meta":{"origin":1473462,"position":1},"title":"Biden completa un ciclo de radioterapia para el tratamiento del c\u00e1ncer de pr\u00f3stata","author":"","date":"octubre 21, 2025","format":false,"excerpt":"El expresidente Joe Biden complet\u00f3 un tratamiento de radioterapia mientras lucha contra el c\u00e1ncer de pr\u00f3stata, dijo un portavoz de Biden a CNN.El portavoz no proporcion\u00f3 detalles sobre las futuras opciones de tratamiento para el expresidente, quien cumplir\u00e1 83 a\u00f1os el pr\u00f3ximo mes.La hija de Biden, Ashley, public\u00f3 un breve\u2026","rel":"","context":"In &quot;Noticias Nacionales&quot;","block_context":{"text":"Noticias Nacionales","link":"https:\/\/noticiasya.com\/tampa\/categoria\/noticias-nacionales"},"img":{"alt_text":"","src":"","width":0,"height":0},"classes":[]},{"id":1467294,"url":"https:\/\/noticiasya.com\/tampa\/2025\/10\/11\/biden-radiacion-cancer-prostata-trax\/","url_meta":{"origin":1473462,"position":2},"title":"Biden comienza terapia de radiaci\u00f3n para tratar un c\u00e1ncer de pr\u00f3stata agresivo","author":"","date":"octubre 11, 2025","format":false,"excerpt":"El expresidente Joe Biden comenz\u00f3 la radioterapia como parte de su tratamiento para el c\u00e1ncer de pr\u00f3stata, dijo un portavoz del expresidente a CNN.\u201cComo parte de un plan de tratamiento para el c\u00e1ncer de pr\u00f3stata, el presidente Biden est\u00e1 actualmente someti\u00e9ndose a radioterapia y tratamiento hormonal\u201d, dijo el portavoz.La noticia\u2026","rel":"","context":"In &quot;Noticias Nacionales&quot;","block_context":{"text":"Noticias Nacionales","link":"https:\/\/noticiasya.com\/tampa\/categoria\/noticias-nacionales"},"img":{"alt_text":"","src":"","width":0,"height":0},"classes":[]},{"id":1462494,"url":"https:\/\/noticiasya.com\/tampa\/2025\/05\/18\/expresidente-joe-biden-diagnostico-cancer-prostata-trax\/","url_meta":{"origin":1473462,"position":3},"title":"Diagnostican al expresidente de EE.UU. Joe Biden con una &#171;forma agresiva&#187; de c\u00e1ncer de pr\u00f3stata","author":"","date":"mayo 18, 2025","format":false,"excerpt":"El expresidente de EE.UU. Joe Biden fue diagnosticado con una \u201cforma agresiva\u201d de c\u00e1ncer de pr\u00f3stata, seg\u00fan un comunicado de su oficina el domingo, y el c\u00e1ncer se ha extendido a los huesos.\u201cLa semana pasada, el presidente Joe Biden fue examinado por un nuevo hallazgo de un n\u00f3dulo prost\u00e1tico tras\u2026","rel":"","context":"In &quot;Noticias Nacionales&quot;","block_context":{"text":"Noticias Nacionales","link":"https:\/\/noticiasya.com\/tampa\/categoria\/noticias-nacionales"},"img":{"alt_text":"","src":"","width":0,"height":0},"classes":[]},{"id":1443475,"url":"https:\/\/noticiasya.com\/tampa\/2024\/01\/10\/hospitalizan-a-lloyd-austin-secretario-de-defensa-de-ee-uu-tras-complicaciones-de-cancer-de-prostata\/","url_meta":{"origin":1473462,"position":4},"title":"Hospitalizan a Lloyd Austin, secretario de Defensa de EE.UU., tras complicaciones de c\u00e1ncer de pr\u00f3stata","author":"","date":"enero 10, 2024","format":false,"excerpt":"(CNN) -- El secretario de Defensa, Lloyd Austin, est\u00e1 siendo tratado por c\u00e1ncer de pr\u00f3stata y sufri\u00f3 complicaciones que lo llevaron al hospital el d\u00eda de A\u00f1o Nuevo, donde todav\u00eda est\u00e1 siendo tratado, seg\u00fan un comunicado del martes del Centro M\u00e9dico Militar Nacional Walter Reed.El comunicado revel\u00f3 que el c\u00e1ncer\u2026","rel":"","context":"In &quot;Noticias Nacionales&quot;","block_context":{"text":"Noticias Nacionales","link":"https:\/\/noticiasya.com\/tampa\/categoria\/noticias-nacionales"},"img":{"alt_text":"","src":"","width":0,"height":0},"classes":[]},{"id":1444961,"url":"https:\/\/noticiasya.com\/tampa\/2024\/02\/05\/el-rey-carlos-iii-se-encuentra-bien-tras-someterse-a-una-operacion-de-prostata\/","url_meta":{"origin":1473462,"position":5},"title":"El rey Carlos III &#171;se encuentra bien&#187; tras someterse a una operaci\u00f3n de pr\u00f3stata","author":"","date":"febrero 5, 2024","format":false,"excerpt":"(CNN) --\u00a0CNN pudo saber que el rey Carlos \"se encuentra bien\" despu\u00e9s del procedimiento programado al que se someti\u00f3 este viernes.El rey Carlos III ingres\u00f3 el viernes por la ma\u00f1ana en un hospital londinense para someterse a un \"procedimiento correctivo\" del agrandamiento de la pr\u00f3stata, seg\u00fan anunci\u00f3 el palacio de\u2026","rel":"","context":"In &quot;Noticias Nacionales&quot;","block_context":{"text":"Noticias Nacionales","link":"https:\/\/noticiasya.com\/tampa\/categoria\/noticias-nacionales"},"img":{"alt_text":"","src":"","width":0,"height":0},"classes":[]}],"jetpack_sharing_enabled":true,"_links":{"self":[{"href":"https:\/\/noticiasya.com\/tampa\/wp-json\/wp\/v2\/posts\/1473462","targetHints":{"allow":["GET"]}}],"collection":[{"href":"https:\/\/noticiasya.com\/tampa\/wp-json\/wp\/v2\/posts"}],"about":[{"href":"https:\/\/noticiasya.com\/tampa\/wp-json\/wp\/v2\/types\/post"}],"replies":[{"embeddable":true,"href":"https:\/\/noticiasya.com\/tampa\/wp-json\/wp\/v2\/comments?post=1473462"}],"version-history":[{"count":0,"href":"https:\/\/noticiasya.com\/tampa\/wp-json\/wp\/v2\/posts\/1473462\/revisions"}],"wp:attachment":[{"href":"https:\/\/noticiasya.com\/tampa\/wp-json\/wp\/v2\/media?parent=1473462"}],"wp:term":[{"taxonomy":"category","embeddable":true,"href":"https:\/\/noticiasya.com\/tampa\/wp-json\/wp\/v2\/categories?post=1473462"},{"taxonomy":"post_tag","embeddable":true,"href":"https:\/\/noticiasya.com\/tampa\/wp-json\/wp\/v2\/tags?post=1473462"}],"curies":[{"name":"wp","href":"https:\/\/api.w.org\/{rel}","templated":true}]}}