{"id":1473482,"date":"2026-04-24T16:03:45","date_gmt":"2026-04-24T23:03:45","guid":{"rendered":"https:\/\/noticiasya.com\/2026\/04\/24\/fin-ley-amnistia-detenidos-politicos-prision-orix\/"},"modified":"2026-04-24T16:03:45","modified_gmt":"2026-04-24T23:03:45","slug":"fin-ley-amnistia-detenidos-politicos-prision-orix","status":"publish","type":"post","link":"https:\/\/noticiasya.com\/tampa\/2026\/04\/24\/fin-ley-amnistia-detenidos-politicos-prision-orix\/","title":{"rendered":"Delcy Rodr\u00edguez anunci\u00f3 el &#171;fin de la Ley de Amnist\u00eda&#187;: cu\u00e1ntos detenidos pol\u00edticos a\u00fan permanecen en prisi\u00f3n"},"content":{"rendered":"<p>Tras poco m\u00e1s de dos meses de su <a href=\"https:\/\/cnnespanol.cnn.com\/2026\/02\/19\/venezuela\/asamblea-nacional-aprueba-ley-amnistia-presos-politicos-orix\">aprobaci\u00f3n<\/a>, la hist\u00f3rica Ley de Amnist\u00eda que buscaba, seg\u00fan sus impulsores, consolidar la paz y la convivencia con la excarcelaci\u00f3n de presos pol\u00edticos lleg\u00f3 a su fin, <a href=\"https:\/\/cnnespanol.cnn.com\/2026\/04\/23\/venezuela\/delcy-rodriguez-fin-ley-amnistia-casos-pendientes-orix\">anunci\u00f3<\/a> este jueves Delcy Rodr\u00edguez, presidenta encargada de Venezuela.<\/p>\n<p>La ley, que lleg\u00f3 despu\u00e9s de la captura de Nicol\u00e1s Maduro en un operativo militar estadounidense en Caracas a inicios de enero y luego de que el oficialismo anunciara la liberaci\u00f3n de \u201cun n\u00famero importante\u201d de personas d\u00edas despu\u00e9s, fue <a href=\"https:\/\/cnnespanol.cnn.com\/2026\/02\/19\/venezuela\/ley-amnistia-venezuela-claves-orix\">ampliamente cuestionada<\/a> por organizaciones civiles de derechos humanos y por un sector de la oposici\u00f3n debido a su alcance: dejaba fuera a militares y a personas que hubieran participado en acciones armadas o de fuerza contra el pa\u00eds, adem\u00e1s de que los hechos sujetos a la amnist\u00eda se limitaban a 13 momentos espec\u00edficos de crisis pol\u00edtica ocurridos desde 2002.<\/p>\n<p>Foro Penal, organizaci\u00f3n no gubernamental que ha asistido a miles de personas en sus procesos de excarcelaci\u00f3n y que ha sido una de las principales cr\u00edticas de la Ley de Amnist\u00eda, <a href=\"https:\/\/x.com\/ForoPenal\/status\/2046668060690436302\">dio a conocer<\/a> sus cifras m\u00e1s actuales sobre pesos pol\u00edticos en Venezuela unos d\u00edas antes del fin de la legislaci\u00f3n.<\/p>\n<p>Con corte al 20 de abril, la organizaci\u00f3n registraba un total de 473 detenidos por motivos pol\u00edticos (427 hombres y 46 mujeres), entre ellos, <a href=\"https:\/\/x.com\/ForoPenal\/status\/2046985362598207595\">un adolescente<\/a> de entre 14 y 17 a\u00f1os. De ese total, Foro Penal a\u00fan desconoce el paradero de dos personas.<\/p>\n<p>Si bien la gran mayor\u00eda son venezolanos, la organizaci\u00f3n dice que 43 son extranjeros.<\/p>\n<p>Del total de presos pol\u00edticos, 286 son civiles y 187 militares.<\/p>\n<p>Como se se\u00f1al\u00f3, la Ley de Amnist\u00eda no cubr\u00eda a militares. En varios casos, presos pol\u00edticos militares llevan a\u00f1os detenidos y sin juicio. El jueves, mismo d\u00eda del fin de la ley, Alfredo Romero, director presidente de Foro Penal, anunci\u00f3 la excarcelaci\u00f3n de un coronel de la Guardia Nacional Bolivariana de 65 a\u00f1os que estuvo detenido 11 a\u00f1os sin juicio. \u201cSe encuentra muy enfermo. Estaba recluido en la c\u00e1rcel 26 de Julio, en San Juan de los Morros, estado Gu\u00e1rico\u201d, <a href=\"https:\/\/x.com\/alfredoromero\/status\/2047390019132805199\">dijo<\/a> Romero en X.<\/p>\n<p>Desde el 8 de enero, cuando el oficialismo <a href=\"https:\/\/cnnespanol.cnn.com\/2026\/01\/08\/venezuela\/liberara-numero-importante-presos-politicos-venezolanos-extranjeros-asamblea-nacional-orix\">anunci\u00f3<\/a> el proceso para liberar a \u201cun n\u00famero importante de personas\u201d, Foro Penal ha registrado 768 excarcelaciones de presos pol\u00edticos.<\/p>\n<p>De estas, 186 fueron por la Ley de Amnist\u00eda, es decir, 24,21 % del total, seg\u00fan la ONG.<\/p>\n<p>\u201cSi el Gobierno tiene otros datos, con gusto los verificamos, pero no se ha publicado un informe oficial con la lista de los favorecidos por la amnist\u00eda\u201d, <a href=\"https:\/\/x.com\/HimiobSantome\/status\/2046956995060601201\">dijo<\/a> el mi\u00e9rcoles Gonzalo Himiob, director vicepresidente de Foro Penal.<\/p>\n<p>Ese mismo d\u00eda, el diputado oficialista Jorge Arreaza, presidente de la comisi\u00f3n que velaba por el cumplimiento de la Ley de Amnist\u00eda, <a href=\"https:\/\/x.com\/jaarreaza\/status\/2046996757305872555\">dijo en su cuenta de X<\/a> que 8.616 personas que se encontraban detenidas o con medidas cautelares sustitutivas de prisi\u00f3n recuperaron su libertad desde la entrada en vigor de la ley hace dos meses.<\/p>\n<p>De esas 8.616 personas, 314 estaban privadas de la libertad en prisiones, afirm\u00f3 Arreaza. Por tanto, la cifra oficial supera en 128 personas excarceladas a la que registr\u00f3 Foro Penal (186).<\/p>\n<p>Luego de anunciar el fin de la legislaci\u00f3n, la presidenta encargada se\u00f1al\u00f3 que \u201cpara aquellos casos que no estaban contemplados o, mejor dicho, estaban excluidos expresamente en la Ley de Amnist\u00eda, hay otros espacios donde se pueden canalizar\u201d.<\/p>\n<p>Rodr\u00edguez explic\u00f3 que los casos no contemplados en la ley podr\u00e1n ser atendidos a trav\u00e9s del Programa de Convivencia Democr\u00e1tica y Paz, as\u00ed como de la reci\u00e9n instalada Comisi\u00f3n Nacional para la Reforma de la Justicia Penal.<\/p>\n<p>No obstante, m\u00e1s all\u00e1 de estos mecanismos, Foro Penal critic\u00f3 la manera s\u00fabita de acabar con la Ley de Amnist\u00eda.<\/p>\n<p>\u201cEl art\u00edculo 218 de la Constituci\u00f3n dice claramente que las leyes s\u00f3lo pueden ser derogadas por otras leyes y s\u00f3lo se abrogan por referendo. El Poder Ejecutivo no puede privar de su vigencia a ninguna ley de la Rep\u00fablica. La Ley de Amnist\u00eda es un acto dictado por la Asamblea Nacional actuando como cuerpo legislador (art\u00edculo 202 de la Constituci\u00f3n). S\u00f3lo un acto de la misma naturaleza, emanado de la Asamblea Nacional, o un referendo abrogatorio (en el que el pueblo decide) puede privarla de su vigencia\u201d, <a href=\"https:\/\/x.com\/HimiobSantome\/status\/2047656613524172835\">dijo<\/a> Himiob en X.<\/p>\n<p>Contrario a lo que dice Himiob, la Ley de Amnist\u00eda no podr\u00eda haber sido derogada por un referendo abrogatorio, ya que el art\u00edculo 74 de la <a href=\"https:\/\/www.tsj.gob.ve\/documents\/10184\/170761\/Constituci%C3%B3n+de+la+Rep%C3%BAblica+Bolivariana+de+Venezuela.+Edici%C3%B3n+Biling%C3%BCe\/78bfc0e4-6e9e-445d-8471-fea065443ad2\">Constituci\u00f3n de Venezuela<\/a> indica que \u201cno podr\u00e1n ser sometidas a referendo abrogatorio las leyes (\u2026) de amnist\u00eda\u201d.<\/p>\n<p>Sin embargo, es correcto lo que dice Himiob con base en el art\u00edculo 202 y 218: solamente la Asamblea Nacional, mediante un acto legislativo, podr\u00eda abrogar la Ley de Amnist\u00eda.<\/p>\n<p>Otro punto que critica Himiob es que \u201cla Ley de Amnist\u00eda no estaba limitada, en lo que respecta a su aplicaci\u00f3n, en el tiempo. Se estableci\u00f3 desde cu\u00e1ndo comenzaba su vigencia (desde su publicaci\u00f3n en Gaceta Oficial), pero no se le impuso \u2018fecha de caducidad\u2019\u201d.<\/p>\n<p>Y es verdad. La Ley de Amnist\u00eda <a href=\"https:\/\/www.asambleanacional.gob.ve\/storage\/documentos\/botones\/ley-de-amnistia-2026-20260223000136.pdf\">estableci\u00f3<\/a> en su texto que su aplicaci\u00f3n cubr\u00eda el per\u00edodo entre 1999 y 2026 (aunque en la pr\u00e1ctica su alcance se limit\u00f3 a 13 momentos espec\u00edficos de crisis pol\u00edtica ocurridos desde 2002). Sin embargo, la legislaci\u00f3n nunca estableci\u00f3 una fecha l\u00edmite ni fecha de caducidad, como dice Himiob.<\/p>\n<p>\u201cSi la Ley de Amnist\u00eda de 2026 ha tenido un alcance limitado eso ha sido, en primer lugar, porque ni la Asamblea Nacional ni el Poder Ejecutivo le prestaron atenci\u00f3n a las recomendaciones y cr\u00edticas que, desde el inicio, se hicieron sobre el texto de la misma y, en segundo lugar, porque los \u00f3rganos de la administraci\u00f3n de justicia, que son parte del mismo sistema represivo que hizo necesaria una amnist\u00eda, nunca tuvieron en realidad la disposici\u00f3n ni la capacidad de aplicar la Ley de Amnist\u00eda respetando su sentido o los principios que en ella est\u00e1n contenidos\u201d, agreg\u00f3.<\/p>\n<p>El diputado Jorge Arreaza <a href=\"https:\/\/x.com\/jaarreaza\/status\/2047760624185164172\">dijo este viernes en X<\/a> que, a pesar de lo que se\u00f1al\u00f3 la presidenta encargada, la ley \u201cno pierde vigencia. Las solicitudes se seguir\u00e1n recibiendo\u201d. Agreg\u00f3 que la norma ha beneficiado a casi todas las personas a quienes pod\u00eda beneficiar y que, por ello, Rodr\u00edguez abri\u00f3 \u201cmecanismos alternos para revisar casos por otras v\u00edas\u201d.<\/p>\n<p>The-CNN-Wire<br \/>&trade; &amp; &copy; 2026 Cable News Network, Inc., a Warner Bros. Discovery Company. All rights reserved.<\/p>\n","protected":false},"excerpt":{"rendered":"<p>Tras poco m\u00e1s de dos meses de su aprobaci\u00f3n, la hist\u00f3rica Ley de Amnist\u00eda que buscaba, seg\u00fan sus impulsores, consolidar la paz y la convivencia con la excarcelaci\u00f3n de presos pol\u00edticos lleg\u00f3 a su fin, anunci\u00f3 este jueves Delcy Rodr\u00edguez, presidenta encargada de Venezuela. La ley, que lleg\u00f3 despu\u00e9s de la captura de Nicol\u00e1s Maduro [&hellip;]<\/p>\n","protected":false},"author":0,"featured_media":0,"comment_status":"open","ping_status":"open","sticky":false,"template":"","format":"standard","meta":{"_jetpack_memberships_contains_paid_content":false,"footnotes":""},"categories":[10],"tags":[],"class_list":["post-1473482","post","type-post","status-publish","format-standard","hentry","category-noticias-nacionales","market-global"],"yoast_head":"<!-- This site is optimized with the Yoast SEO plugin v24.4 - https:\/\/yoast.com\/wordpress\/plugins\/seo\/ -->\n<title>Delcy Rodr\u00edguez anunci\u00f3 el &quot;fin de la Ley de Amnist\u00eda&quot;: cu\u00e1ntos detenidos pol\u00edticos a\u00fan permanecen en prisi\u00f3n - Noticias<\/title>\n<meta name=\"robots\" content=\"index, follow, max-snippet:-1, max-image-preview:large, max-video-preview:-1\" \/>\n<link rel=\"canonical\" href=\"https:\/\/noticiasya.com\/2026\/04\/24\/fin-ley-amnistia-detenidos-politicos-prision-orix\/\" \/>\n<meta property=\"og:locale\" content=\"es_ES\" \/>\n<meta property=\"og:type\" content=\"article\" \/>\n<meta property=\"og:title\" content=\"Delcy Rodr\u00edguez anunci\u00f3 el &quot;fin de la Ley de Amnist\u00eda&quot;: cu\u00e1ntos detenidos pol\u00edticos a\u00fan permanecen en prisi\u00f3n - Noticias\" \/>\n<meta property=\"og:description\" content=\"Tras poco m\u00e1s de dos meses de su aprobaci\u00f3n, la hist\u00f3rica Ley de Amnist\u00eda que buscaba, seg\u00fan sus impulsores, consolidar la paz y la convivencia con la excarcelaci\u00f3n de presos pol\u00edticos lleg\u00f3 a su fin, anunci\u00f3 este jueves Delcy Rodr\u00edguez, presidenta encargada de Venezuela. La ley, que lleg\u00f3 despu\u00e9s de la captura de Nicol\u00e1s Maduro [&hellip;]\" \/>\n<meta property=\"og:url\" content=\"https:\/\/noticiasya.com\/2026\/04\/24\/fin-ley-amnistia-detenidos-politicos-prision-orix\/\" \/>\n<meta property=\"og:site_name\" content=\"Noticias\" \/>\n<meta property=\"article:published_time\" content=\"2026-04-24T23:03:45+00:00\" \/>\n<meta name=\"twitter:card\" content=\"summary_large_image\" \/>\n<meta name=\"twitter:label1\" content=\"Est. reading time\" \/>\n\t<meta name=\"twitter:data1\" content=\"6 minutos\" \/>\n<script type=\"application\/ld+json\" class=\"yoast-schema-graph\">{\"@context\":\"https:\/\/schema.org\",\"@graph\":[{\"@type\":\"Article\",\"@id\":\"https:\/\/noticiasya.com\/2026\/04\/24\/fin-ley-amnistia-detenidos-politicos-prision-orix\/#article\",\"isPartOf\":{\"@id\":\"https:\/\/noticiasya.com\/2026\/04\/24\/fin-ley-amnistia-detenidos-politicos-prision-orix\/\"},\"author\":{\"name\":\"\",\"@id\":\"\"},\"headline\":\"Delcy Rodr\u00edguez anunci\u00f3 el &#171;fin de la Ley de Amnist\u00eda&#187;: cu\u00e1ntos detenidos pol\u00edticos a\u00fan permanecen en prisi\u00f3n\",\"datePublished\":\"2026-04-24T23:03:45+00:00\",\"mainEntityOfPage\":{\"@id\":\"https:\/\/noticiasya.com\/2026\/04\/24\/fin-ley-amnistia-detenidos-politicos-prision-orix\/\"},\"wordCount\":1148,\"commentCount\":0,\"publisher\":{\"@id\":\"https:\/\/noticiasya.com\/#organization\"},\"articleSection\":[\"Noticias Nacionales\"],\"inLanguage\":\"es\",\"potentialAction\":[{\"@type\":\"CommentAction\",\"name\":\"Comment\",\"target\":[\"https:\/\/noticiasya.com\/2026\/04\/24\/fin-ley-amnistia-detenidos-politicos-prision-orix\/#respond\"]}]},{\"@type\":\"WebPage\",\"@id\":\"https:\/\/noticiasya.com\/2026\/04\/24\/fin-ley-amnistia-detenidos-politicos-prision-orix\/\",\"url\":\"https:\/\/noticiasya.com\/2026\/04\/24\/fin-ley-amnistia-detenidos-politicos-prision-orix\/\",\"name\":\"Delcy Rodr\u00edguez anunci\u00f3 el \\\"fin de la Ley de Amnist\u00eda\\\": cu\u00e1ntos detenidos pol\u00edticos a\u00fan permanecen en prisi\u00f3n - Noticias\",\"isPartOf\":{\"@id\":\"https:\/\/noticiasya.com\/#website\"},\"datePublished\":\"2026-04-24T23:03:45+00:00\",\"breadcrumb\":{\"@id\":\"https:\/\/noticiasya.com\/2026\/04\/24\/fin-ley-amnistia-detenidos-politicos-prision-orix\/#breadcrumb\"},\"inLanguage\":\"es\",\"potentialAction\":[{\"@type\":\"ReadAction\",\"target\":[\"https:\/\/noticiasya.com\/2026\/04\/24\/fin-ley-amnistia-detenidos-politicos-prision-orix\/\"]}]},{\"@type\":\"BreadcrumbList\",\"@id\":\"https:\/\/noticiasya.com\/2026\/04\/24\/fin-ley-amnistia-detenidos-politicos-prision-orix\/#breadcrumb\",\"itemListElement\":[{\"@type\":\"ListItem\",\"position\":1,\"name\":\"Home\",\"item\":\"https:\/\/noticiasya.com\/\"},{\"@type\":\"ListItem\",\"position\":2,\"name\":\"Delcy Rodr\u00edguez anunci\u00f3 el &#171;fin de la Ley de Amnist\u00eda&#187;: cu\u00e1ntos detenidos pol\u00edticos a\u00fan permanecen en prisi\u00f3n\"}]},{\"@type\":\"WebSite\",\"@id\":\"https:\/\/noticiasya.com\/#website\",\"url\":\"https:\/\/noticiasya.com\/\",\"name\":\"Noticias\",\"description\":\"Lo que importa\",\"publisher\":{\"@id\":\"https:\/\/noticiasya.com\/#organization\"},\"potentialAction\":[{\"@type\":\"SearchAction\",\"target\":{\"@type\":\"EntryPoint\",\"urlTemplate\":\"https:\/\/noticiasya.com\/?s={search_term_string}\"},\"query-input\":{\"@type\":\"PropertyValueSpecification\",\"valueRequired\":true,\"valueName\":\"search_term_string\"}}],\"inLanguage\":\"es\"},{\"@type\":\"Organization\",\"@id\":\"https:\/\/noticiasya.com\/#organization\",\"name\":\"Noticias\",\"url\":\"https:\/\/noticiasya.com\/\",\"logo\":{\"@type\":\"ImageObject\",\"inLanguage\":\"es\",\"@id\":\"https:\/\/noticiasya.com\/#\/schema\/logo\/image\/\",\"url\":\"https:\/\/noticiasya.com\/wp-content\/uploads\/sites\/22\/2023\/12\/logo-nacional.png\",\"contentUrl\":\"https:\/\/noticiasya.com\/wp-content\/uploads\/sites\/22\/2023\/12\/logo-nacional.png\",\"width\":1801,\"height\":691,\"caption\":\"Noticias\"},\"image\":{\"@id\":\"https:\/\/noticiasya.com\/#\/schema\/logo\/image\/\"}}]}<\/script>\n<!-- \/ Yoast SEO plugin. -->","yoast_head_json":{"title":"Delcy Rodr\u00edguez anunci\u00f3 el \"fin de la Ley de Amnist\u00eda\": cu\u00e1ntos detenidos pol\u00edticos a\u00fan permanecen en prisi\u00f3n - Noticias","robots":{"index":"index","follow":"follow","max-snippet":"max-snippet:-1","max-image-preview":"max-image-preview:large","max-video-preview":"max-video-preview:-1"},"canonical":"https:\/\/noticiasya.com\/2026\/04\/24\/fin-ley-amnistia-detenidos-politicos-prision-orix\/","og_locale":"es_ES","og_type":"article","og_title":"Delcy Rodr\u00edguez anunci\u00f3 el \"fin de la Ley de Amnist\u00eda\": cu\u00e1ntos detenidos pol\u00edticos a\u00fan permanecen en prisi\u00f3n - Noticias","og_description":"Tras poco m\u00e1s de dos meses de su aprobaci\u00f3n, la hist\u00f3rica Ley de Amnist\u00eda que buscaba, seg\u00fan sus impulsores, consolidar la paz y la convivencia con la excarcelaci\u00f3n de presos pol\u00edticos lleg\u00f3 a su fin, anunci\u00f3 este jueves Delcy Rodr\u00edguez, presidenta encargada de Venezuela. La ley, que lleg\u00f3 despu\u00e9s de la captura de Nicol\u00e1s Maduro [&hellip;]","og_url":"https:\/\/noticiasya.com\/2026\/04\/24\/fin-ley-amnistia-detenidos-politicos-prision-orix\/","og_site_name":"Noticias","article_published_time":"2026-04-24T23:03:45+00:00","twitter_card":"summary_large_image","twitter_misc":{"Est. reading time":"6 minutos"},"schema":{"@context":"https:\/\/schema.org","@graph":[{"@type":"Article","@id":"https:\/\/noticiasya.com\/2026\/04\/24\/fin-ley-amnistia-detenidos-politicos-prision-orix\/#article","isPartOf":{"@id":"https:\/\/noticiasya.com\/2026\/04\/24\/fin-ley-amnistia-detenidos-politicos-prision-orix\/"},"author":{"name":"","@id":""},"headline":"Delcy Rodr\u00edguez anunci\u00f3 el &#171;fin de la Ley de Amnist\u00eda&#187;: cu\u00e1ntos detenidos pol\u00edticos a\u00fan permanecen en prisi\u00f3n","datePublished":"2026-04-24T23:03:45+00:00","mainEntityOfPage":{"@id":"https:\/\/noticiasya.com\/2026\/04\/24\/fin-ley-amnistia-detenidos-politicos-prision-orix\/"},"wordCount":1148,"commentCount":0,"publisher":{"@id":"https:\/\/noticiasya.com\/#organization"},"articleSection":["Noticias Nacionales"],"inLanguage":"es","potentialAction":[{"@type":"CommentAction","name":"Comment","target":["https:\/\/noticiasya.com\/2026\/04\/24\/fin-ley-amnistia-detenidos-politicos-prision-orix\/#respond"]}]},{"@type":"WebPage","@id":"https:\/\/noticiasya.com\/2026\/04\/24\/fin-ley-amnistia-detenidos-politicos-prision-orix\/","url":"https:\/\/noticiasya.com\/2026\/04\/24\/fin-ley-amnistia-detenidos-politicos-prision-orix\/","name":"Delcy Rodr\u00edguez anunci\u00f3 el \"fin de la Ley de Amnist\u00eda\": cu\u00e1ntos detenidos pol\u00edticos a\u00fan permanecen en prisi\u00f3n - Noticias","isPartOf":{"@id":"https:\/\/noticiasya.com\/#website"},"datePublished":"2026-04-24T23:03:45+00:00","breadcrumb":{"@id":"https:\/\/noticiasya.com\/2026\/04\/24\/fin-ley-amnistia-detenidos-politicos-prision-orix\/#breadcrumb"},"inLanguage":"es","potentialAction":[{"@type":"ReadAction","target":["https:\/\/noticiasya.com\/2026\/04\/24\/fin-ley-amnistia-detenidos-politicos-prision-orix\/"]}]},{"@type":"BreadcrumbList","@id":"https:\/\/noticiasya.com\/2026\/04\/24\/fin-ley-amnistia-detenidos-politicos-prision-orix\/#breadcrumb","itemListElement":[{"@type":"ListItem","position":1,"name":"Home","item":"https:\/\/noticiasya.com\/"},{"@type":"ListItem","position":2,"name":"Delcy Rodr\u00edguez anunci\u00f3 el &#171;fin de la Ley de Amnist\u00eda&#187;: cu\u00e1ntos detenidos pol\u00edticos a\u00fan permanecen en prisi\u00f3n"}]},{"@type":"WebSite","@id":"https:\/\/noticiasya.com\/#website","url":"https:\/\/noticiasya.com\/","name":"Noticias","description":"Lo que importa","publisher":{"@id":"https:\/\/noticiasya.com\/#organization"},"potentialAction":[{"@type":"SearchAction","target":{"@type":"EntryPoint","urlTemplate":"https:\/\/noticiasya.com\/?s={search_term_string}"},"query-input":{"@type":"PropertyValueSpecification","valueRequired":true,"valueName":"search_term_string"}}],"inLanguage":"es"},{"@type":"Organization","@id":"https:\/\/noticiasya.com\/#organization","name":"Noticias","url":"https:\/\/noticiasya.com\/","logo":{"@type":"ImageObject","inLanguage":"es","@id":"https:\/\/noticiasya.com\/#\/schema\/logo\/image\/","url":"https:\/\/noticiasya.com\/wp-content\/uploads\/sites\/22\/2023\/12\/logo-nacional.png","contentUrl":"https:\/\/noticiasya.com\/wp-content\/uploads\/sites\/22\/2023\/12\/logo-nacional.png","width":1801,"height":691,"caption":"Noticias"},"image":{"@id":"https:\/\/noticiasya.com\/#\/schema\/logo\/image\/"}}]}},"parsely":{"version":"1.1.0","canonical_url":"https:\/\/noticiasya.com\/tampa\/2026\/04\/24\/fin-ley-amnistia-detenidos-politicos-prision-orix\/","smart_links":{"inbound":0,"outbound":0},"traffic_boost_suggestions_count":0,"meta":{"@context":"https:\/\/schema.org","@type":"NewsArticle","headline":"Delcy Rodr\u00edguez anunci\u00f3 el &#171;fin de la Ley de Amnist\u00eda&#187;: cu\u00e1ntos detenidos pol\u00edticos a\u00fan permanecen en prisi\u00f3n","url":"http:\/\/noticiasya.com\/tampa\/2026\/04\/24\/fin-ley-amnistia-detenidos-politicos-prision-orix\/","mainEntityOfPage":{"@type":"WebPage","@id":"http:\/\/noticiasya.com\/tampa\/2026\/04\/24\/fin-ley-amnistia-detenidos-politicos-prision-orix\/"},"thumbnailUrl":"","image":{"@type":"ImageObject","url":""},"articleSection":"Noticias Nacionales","author":[],"creator":[],"publisher":{"@type":"Organization","name":"Noticias","logo":""},"keywords":[],"dateCreated":"2026-04-24T23:03:45Z","datePublished":"2026-04-24T23:03:45Z","dateModified":"2026-04-24T23:03:45Z"},"rendered":"<script type=\"application\/ld+json\" class=\"wp-parsely-metadata\">{\"@context\":\"https:\\\/\\\/schema.org\",\"@type\":\"NewsArticle\",\"headline\":\"Delcy Rodr\\u00edguez anunci\\u00f3 el &#171;fin de la Ley de Amnist\\u00eda&#187;: cu\\u00e1ntos detenidos pol\\u00edticos a\\u00fan permanecen en prisi\\u00f3n\",\"url\":\"http:\\\/\\\/noticiasya.com\\\/tampa\\\/2026\\\/04\\\/24\\\/fin-ley-amnistia-detenidos-politicos-prision-orix\\\/\",\"mainEntityOfPage\":{\"@type\":\"WebPage\",\"@id\":\"http:\\\/\\\/noticiasya.com\\\/tampa\\\/2026\\\/04\\\/24\\\/fin-ley-amnistia-detenidos-politicos-prision-orix\\\/\"},\"thumbnailUrl\":\"\",\"image\":{\"@type\":\"ImageObject\",\"url\":\"\"},\"articleSection\":\"Noticias Nacionales\",\"author\":[],\"creator\":[],\"publisher\":{\"@type\":\"Organization\",\"name\":\"Noticias\",\"logo\":\"\"},\"keywords\":[],\"dateCreated\":\"2026-04-24T23:03:45Z\",\"datePublished\":\"2026-04-24T23:03:45Z\",\"dateModified\":\"2026-04-24T23:03:45Z\"}<\/script>","tracker_url":"https:\/\/cdn.parsely.com\/keys\/noticiasya.com\/p.js"},"jetpack_featured_media_url":"","jetpack-related-posts":[{"id":1473450,"url":"https:\/\/noticiasya.com\/tampa\/2026\/04\/23\/delcy-rodriguez-fin-ley-amnistia-casos-pendientes-orix\/","url_meta":{"origin":1473482,"position":0},"title":"Delcy Rodr\u00edguez dice que la Ley de Amnist\u00eda &#171;llega a su fin&#187; y los casos pendientes podr\u00e1n revisarse con otros mecanismos","author":"","date":"abril 23, 2026","format":false,"excerpt":"La presidenta encargada de Venezuela, Delcy Rodr\u00edguez, afirm\u00f3 este jueves que la Ley de Amnist\u00eda, que contemplaba la liberaci\u00f3n de cientos de personas presas por delitos relacionados con hechos pol\u00edticos, \u201cllega a su fin\u201d y asegur\u00f3 que los casos pendientes podr\u00e1n revisarse a trav\u00e9s de otros mecanismos.\u201cEsta Ley de Amnist\u00eda\u2026","rel":"","context":"In &quot;Noticias Nacionales&quot;","block_context":{"text":"Noticias Nacionales","link":"https:\/\/noticiasya.com\/tampa\/categoria\/noticias-nacionales"},"img":{"alt_text":"","src":"","width":0,"height":0},"classes":[]},{"id":1471475,"url":"https:\/\/noticiasya.com\/tampa\/2026\/02\/20\/espania-ue-sanciones-delcy-rodriguez-venezuela-ley-amnistia-orix\/","url_meta":{"origin":1473482,"position":1},"title":"Tras la aprobaci\u00f3n de la ley de amnist\u00eda en Venezuela, Espa\u00f1a solicitar\u00e1 a la UE que retire sanciones contra Delcy Rodr\u00edguez","author":"","date":"febrero 20, 2026","format":false,"excerpt":"El ministro de Asuntos Exteriores, Uni\u00f3n Europea y Cooperaci\u00f3n, Jos\u00e9 Manuel Albares, anunci\u00f3 este viernes desde Barcelona que Espa\u00f1a solicitar\u00e1 formalmente a la Uni\u00f3n Europea que retire las sanciones existentes contra la presidenta encargada de Venezuela, Delcy Rodr\u00edguez.La solicitud es en respuesta a la ley de amnist\u00eda para los presos\u2026","rel":"","context":"In &quot;Noticias Nacionales&quot;","block_context":{"text":"Noticias Nacionales","link":"https:\/\/noticiasya.com\/tampa\/categoria\/noticias-nacionales"},"img":{"alt_text":"","src":"","width":0,"height":0},"classes":[]},{"id":1470686,"url":"https:\/\/noticiasya.com\/tampa\/2026\/01\/30\/delcy-rodriguez-anuncia-ley-amnistia-orix\/","url_meta":{"origin":1473482,"position":2},"title":"Delcy Rodr\u00edguez anuncia una ley de amnist\u00eda general en Venezuela y la reconversi\u00f3n de El Helicoide en un &#171;centro social&#187;","author":"","date":"enero 30, 2026","format":false,"excerpt":"La presidenta encargada de Venezuela, Delcy Rodr\u00edguez, anunci\u00f3 este viernes una \u201cley de amnist\u00eda general\u201d, una medida que podr\u00eda beneficiar a cientos de presos pol\u00edticos que a\u00fan est\u00e1n privados de su libertad en el pa\u00eds, y tambi\u00e9n la reconversi\u00f3n de la c\u00e1rcel El Helicoide.\u201cQuiero hacer un anuncio para Venezuela, y\u2026","rel":"","context":"In &quot;Noticias Nacionales&quot;","block_context":{"text":"Noticias Nacionales","link":"https:\/\/noticiasya.com\/tampa\/categoria\/noticias-nacionales"},"img":{"alt_text":"","src":"","width":0,"height":0},"classes":[]},{"id":1471733,"url":"https:\/\/noticiasya.com\/tampa\/2026\/02\/27\/freddy-superlano-libertad-ley-amnistia-orix\/","url_meta":{"origin":1473482,"position":3},"title":"El dirigente opositor Freddy Superlano dice que recuper\u00f3 su &#171;libertad&#187; bajo la ley de amnist\u00eda de Venezuela","author":"","date":"febrero 27, 2026","format":false,"excerpt":"Freddy Superlano, dirigente opositor del partido Voluntad Popular que fue detenido tras las protestas por las elecciones presidenciales de julio de 2024, anunci\u00f3 que recuper\u00f3 su \u201clibertad\u201d bajo la ley de amnist\u00eda recientemente aprobada en Venezuela.\u201cHoy, luego de casi 19 meses, recuperamos nuestra libertad, la que nos quitaron por pensar\u2026","rel":"","context":"In &quot;Noticias Nacionales&quot;","block_context":{"text":"Noticias Nacionales","link":"https:\/\/noticiasya.com\/tampa\/categoria\/noticias-nacionales"},"img":{"alt_text":"","src":"","width":0,"height":0},"classes":[]},{"id":1471461,"url":"https:\/\/noticiasya.com\/tampa\/2026\/02\/19\/ley-contra-odio-revision-rodriguez-orix\/","url_meta":{"origin":1473482,"position":4},"title":"Jorge Rodr\u00edguez anuncia que someter\u00e1n a revisi\u00f3n la controversial Ley contra el Odio en Venezuela","author":"","date":"febrero 19, 2026","format":false,"excerpt":"El presidente de la Asamblea Nacional de Venezuela, el diputado oficialista Jorge Rodr\u00edguez, anunci\u00f3 este jueves una revisi\u00f3n de la Ley contra el Odio, una norma vigente en el pa\u00eds desde 2017 y que, entre otras medidas, establece que se podr\u00e1 revocar la inscripci\u00f3n de los partidos y organizaciones pol\u00edticas\u2026","rel":"","context":"In &quot;Noticias Nacionales&quot;","block_context":{"text":"Noticias Nacionales","link":"https:\/\/noticiasya.com\/tampa\/categoria\/noticias-nacionales"},"img":{"alt_text":"","src":"","width":0,"height":0},"classes":[]},{"id":1471496,"url":"https:\/\/noticiasya.com\/tampa\/2026\/02\/20\/excarcelaciones-guanipa-ley-amnistia-orix\/","url_meta":{"origin":1473482,"position":5},"title":"Excarcelaciones en Venezuela llegan a 452, dice Foro Penal, pero a\u00fan no hay liberaciones por la ley de amnist\u00eda","author":"","date":"febrero 20, 2026","format":false,"excerpt":"A 43 d\u00edas de que el oficialismo en Venezuela anunci\u00f3 que \u201cun n\u00famero importante\u201d de personas saldr\u00edan de prisi\u00f3n y un d\u00eda despu\u00e9s de que la Asamblea Nacional aprob\u00f3 una Ley de Amnist\u00eda que promete beneficiar a gente presa por motivos pol\u00edticos, las excarcelaciones en el pa\u00eds sudamericano ascendieron este\u2026","rel":"","context":"In &quot;Noticias Nacionales&quot;","block_context":{"text":"Noticias Nacionales","link":"https:\/\/noticiasya.com\/tampa\/categoria\/noticias-nacionales"},"img":{"alt_text":"","src":"","width":0,"height":0},"classes":[]}],"jetpack_sharing_enabled":true,"_links":{"self":[{"href":"https:\/\/noticiasya.com\/tampa\/wp-json\/wp\/v2\/posts\/1473482","targetHints":{"allow":["GET"]}}],"collection":[{"href":"https:\/\/noticiasya.com\/tampa\/wp-json\/wp\/v2\/posts"}],"about":[{"href":"https:\/\/noticiasya.com\/tampa\/wp-json\/wp\/v2\/types\/post"}],"replies":[{"embeddable":true,"href":"https:\/\/noticiasya.com\/tampa\/wp-json\/wp\/v2\/comments?post=1473482"}],"version-history":[{"count":0,"href":"https:\/\/noticiasya.com\/tampa\/wp-json\/wp\/v2\/posts\/1473482\/revisions"}],"wp:attachment":[{"href":"https:\/\/noticiasya.com\/tampa\/wp-json\/wp\/v2\/media?parent=1473482"}],"wp:term":[{"taxonomy":"category","embeddable":true,"href":"https:\/\/noticiasya.com\/tampa\/wp-json\/wp\/v2\/categories?post=1473482"},{"taxonomy":"post_tag","embeddable":true,"href":"https:\/\/noticiasya.com\/tampa\/wp-json\/wp\/v2\/tags?post=1473482"}],"curies":[{"name":"wp","href":"https:\/\/api.w.org\/{rel}","templated":true}]}}