{"id":1473484,"date":"2026-04-24T17:03:48","date_gmt":"2026-04-25T00:03:48","guid":{"rendered":"https:\/\/noticiasya.com\/2026\/04\/24\/gustavo-petro-visita-delcy-rodriguez-crimen-organizado-frontera-orix\/"},"modified":"2026-04-24T17:03:48","modified_gmt":"2026-04-25T00:03:48","slug":"gustavo-petro-visita-delcy-rodriguez-crimen-organizado-frontera-orix","status":"publish","type":"post","link":"https:\/\/noticiasya.com\/tampa\/2026\/04\/24\/gustavo-petro-visita-delcy-rodriguez-crimen-organizado-frontera-orix\/","title":{"rendered":"Tras reunirse en Caracas, Delcy Rodr\u00edguez y Gustavo Petro acuerdan combatir a los grupos criminales en la frontera com\u00fan"},"content":{"rendered":"<p>El presidente de Colombia, Gustavo Petro, dio un paso adelante y este viernes se convirti\u00f3 en el primer jefe de Estado en <a href=\"https:\/\/cnnespanol.cnn.com\/2026\/04\/23\/venezuela\/delcy-rodriguez-reunion-gustavo-petro-orix\">viajar a Venezuela<\/a> para reunirse con la presidenta encargada, Delcy Rodr\u00edguez, luego de la captura de Nicol\u00e1s Maduro ocurrida el 3 de enero durante un operativo militar de Estados Unidos.<\/p>\n<p>Al terminar una reuni\u00f3n ampliada que mantuvieron delegaciones de ambos pa\u00edses, Rodr\u00edguez dijo en un mensaje conjunto que ambos gobiernos se comprometieron a combatir al crimen organizado en la frontera que comparten, una de las m\u00e1s extensas de la regi\u00f3n con m\u00e1s de 2.219 kil\u00f3metros.<\/p>\n<p>\u201cHemos hecho un abordaje muy serio, muy completo, de lo que debe ser el combate a grupos de delito transnacional\u201d, dijo Rodr\u00edguez ante la prensa en la puerta del Palacio de Miraflores, adem\u00e1s de anunciar la elaboraci\u00f3n de \u201cplanes militares\u201d y el establecimiento \u201cinmediato\u201d de mecanismos para compartir informaci\u00f3n y el desarrollo de inteligencia.<\/p>\n<p>El mensaje se da luego de que en la regi\u00f3n del Catatumbo, en el departamento de Norte de Santander, en el noreste de Colombia, lindante con T\u00e1chira, del lado venezolano, han ocurrido enfrentamientos entre grupos armados, donde la violencia <a href=\"https:\/\/cnnespanol.cnn.com\/2025\/03\/26\/colombia\/catatumbo-violencia-desplazados-human-rights-watch-orix\">ha desplazado<\/a> a miles de personas.<\/p>\n<p>\u201cQue sepan los grupos del narcotr\u00e1fico, grupos inmiscuidos en el contrabando del combustible y otro tipo de contrabando, que estamos dando pasos firmes para el combate a estos delitos\u201d, asegur\u00f3 la presidenta encargada.<\/p>\n<p>La visita oficial llega poco despu\u00e9s de cumplirse m\u00e1s de 100 d\u00edas del Gobierno de Rodr\u00edguez, quien asumi\u00f3 el mando tras la ca\u00edda de Maduro y que, hasta ahora, <a href=\"https:\/\/cnnespanol.cnn.com\/2026\/04\/21\/venezuela\/delcy-rodriguez-rebasa-100-dias-sin-senales-transicion-orix\">no ha dado se\u00f1ales<\/a> de impulsar una transici\u00f3n, en un panorama a\u00fan incierto para el pa\u00eds.<\/p>\n<p>Rodr\u00edguez le agradeci\u00f3 a Petro haber sido \u201cuno de los primeros\u201d que llam\u00f3 al Gobierno venezolano para expresar su solidaridad el 3 de enero luego del operativo militar estadounidense.<\/p>\n<p>Por su parte, Petro dijo que el objetivo com\u00fan es \u201cuna liberaci\u00f3n\u201d de los pueblos de la frontera \u201cde las mafias dedicadas a diversas econom\u00edas ilegales\u201d, entre las que mencion\u00f3 \u201cla coca\u00edna, el oro il\u00edcito, la trata de personas y otro tipo de minerales raros\u201d.<\/p>\n<p>De esa forma, apunt\u00f3 el mandatario, la frontera ser\u00e1 \u201csolo para el pueblo colombiano y el pueblo venezolano\u201d.<\/p>\n<p>Colombia y Venezuela mantienen un comercio en com\u00fan que asciende a los US$ 1.200 millones, apunt\u00f3 Rodr\u00edguez. Entre otros temas de cooperaci\u00f3n, anunci\u00f3 la b\u00fasqueda de la interconexi\u00f3n el\u00e9ctrica y tambi\u00e9n gas\u00edfera, para llevar ese combustible a Colombia, adem\u00e1s de potenciar el turismo. \u201cNo tiene sentido que Colombia o Venezuela miren hacia otras latitudes, otro hemisferio, lo que podemos conseguir en nuestro territorio\u201d, se\u00f1al\u00f3.<\/p>\n<p>Vestido enteramente de blanco, Petro lleg\u00f3 a Caracas pasadas las 13:00 horas, hora local. El avi\u00f3n que lo trasladaba aterriz\u00f3 en el Aeropuerto Internacional de Maiquet\u00eda, donde lo esperaba el canciller de Venezuela, Yv\u00e1n Gil.<\/p>\n<p>\u201cSu visita oficial representa un paso significativo en el esfuerzo conjunto de nuestras naciones para fortalecer la unidad y cooperaci\u00f3n entre nuestros pueblos hermanos\u201d, dijo Gil. Adelant\u00f3 que los temas que abordar\u00edan ambos l\u00edderes ser\u00e1n \u201cde inter\u00e9s mutuo\u201d para impulsar las relaciones bilaterales.<\/p>\n<p>En el Palacio de Miraflores, una sonriente Delcy Rodr\u00edguez recibi\u00f3 al presidente de Colombia en una primera reuni\u00f3n, de la que participaron el ministro de Defensa colombiano, Pedro S\u00e1nchez, y la c\u00fapula militar del pa\u00eds, incluyendo al comandante general de las Fuerzas Militares de Colombia, Hugo L\u00f3pez, entre otros funcionarios.<\/p>\n<p>La informaci\u00f3n oficial se\u00f1alaba \u201cimportantes acuerdos en materia econ\u00f3mica, energ\u00e9tica, social y de seguridad\u201d.<\/p>\n<p>Hay quienes leen que el encuentro entre Petro y Rodr\u00edguez podr\u00eda ser un indicio de que otros gobiernos de la regi\u00f3n ahora podr\u00edan seguir ese camino y entablar relaciones con el Gobierno de Delcy Rodr\u00edguez, seg\u00fan report\u00f3 CNN.<\/p>\n<p>Estados Unidos, aunque no fue parte de la reuni\u00f3n, es otro actor detr\u00e1s de este encuentro.<\/p>\n<p>En los \u00faltimos meses, el presidente Donald Trump ha estrechado lazos con Venezuela luego de la captura de Maduro y, si bien el Gobierno encargado ha cuestionado el arresto del presidente y su esposa, Cilia Flores, tambi\u00e9n se ha mostrado dispuesto a cooperar con el Gobierno de EE.UU. y tener una agenda com\u00fan.<\/p>\n<p>La relaci\u00f3n entre Trump y Petro, quien concluir\u00e1 su mandato presidencial en agosto, ha sido en cambio tensa y confrontativa a lo largo de poco m\u00e1s de un a\u00f1o. En febrero, <a href=\"https:\/\/cnnespanol.cnn.com\/colombia\/live-news\/reunion-trump-y-petro-en-vivo-ultima-hora-noticias-orix\">ambos se reunieron en Washington<\/a> en un intento por limar asperezas.<\/p>\n<p>The-CNN-Wire<br \/>&trade; &amp; &copy; 2026 Cable News Network, Inc., a Warner Bros. Discovery Company. All rights reserved.<\/p>\n","protected":false},"excerpt":{"rendered":"<p>El presidente de Colombia, Gustavo Petro, dio un paso adelante y este viernes se convirti\u00f3 en el primer jefe de Estado en viajar a Venezuela para reunirse con la presidenta encargada, Delcy Rodr\u00edguez, luego de la captura de Nicol\u00e1s Maduro ocurrida el 3 de enero durante un operativo militar de Estados Unidos. Al terminar una [&hellip;]<\/p>\n","protected":false},"author":0,"featured_media":0,"comment_status":"open","ping_status":"open","sticky":false,"template":"","format":"standard","meta":{"_jetpack_memberships_contains_paid_content":false,"footnotes":""},"categories":[10],"tags":[],"class_list":["post-1473484","post","type-post","status-publish","format-standard","hentry","category-noticias-nacionales","market-global"],"yoast_head":"<!-- This site is optimized with the Yoast SEO plugin v24.4 - https:\/\/yoast.com\/wordpress\/plugins\/seo\/ -->\n<title>Tras reunirse en Caracas, Delcy Rodr\u00edguez y Gustavo Petro acuerdan combatir a los grupos criminales en la frontera com\u00fan - Noticias<\/title>\n<meta name=\"robots\" content=\"index, follow, max-snippet:-1, max-image-preview:large, max-video-preview:-1\" \/>\n<link rel=\"canonical\" href=\"https:\/\/noticiasya.com\/2026\/04\/24\/gustavo-petro-visita-delcy-rodriguez-crimen-organizado-frontera-orix\/\" \/>\n<meta property=\"og:locale\" content=\"es_ES\" \/>\n<meta property=\"og:type\" content=\"article\" \/>\n<meta property=\"og:title\" content=\"Tras reunirse en Caracas, Delcy Rodr\u00edguez y Gustavo Petro acuerdan combatir a los grupos criminales en la frontera com\u00fan - Noticias\" \/>\n<meta property=\"og:description\" content=\"El presidente de Colombia, Gustavo Petro, dio un paso adelante y este viernes se convirti\u00f3 en el primer jefe de Estado en viajar a Venezuela para reunirse con la presidenta encargada, Delcy Rodr\u00edguez, luego de la captura de Nicol\u00e1s Maduro ocurrida el 3 de enero durante un operativo militar de Estados Unidos. Al terminar una [&hellip;]\" \/>\n<meta property=\"og:url\" content=\"https:\/\/noticiasya.com\/2026\/04\/24\/gustavo-petro-visita-delcy-rodriguez-crimen-organizado-frontera-orix\/\" \/>\n<meta property=\"og:site_name\" content=\"Noticias\" \/>\n<meta property=\"article:published_time\" content=\"2026-04-25T00:03:48+00:00\" \/>\n<meta name=\"twitter:card\" content=\"summary_large_image\" \/>\n<meta name=\"twitter:label1\" content=\"Est. reading time\" \/>\n\t<meta name=\"twitter:data1\" content=\"4 minutos\" \/>\n<script type=\"application\/ld+json\" class=\"yoast-schema-graph\">{\"@context\":\"https:\/\/schema.org\",\"@graph\":[{\"@type\":\"Article\",\"@id\":\"https:\/\/noticiasya.com\/2026\/04\/24\/gustavo-petro-visita-delcy-rodriguez-crimen-organizado-frontera-orix\/#article\",\"isPartOf\":{\"@id\":\"https:\/\/noticiasya.com\/2026\/04\/24\/gustavo-petro-visita-delcy-rodriguez-crimen-organizado-frontera-orix\/\"},\"author\":{\"name\":\"\",\"@id\":\"\"},\"headline\":\"Tras reunirse en Caracas, Delcy Rodr\u00edguez y Gustavo Petro acuerdan combatir a los grupos criminales en la frontera com\u00fan\",\"datePublished\":\"2026-04-25T00:03:48+00:00\",\"mainEntityOfPage\":{\"@id\":\"https:\/\/noticiasya.com\/2026\/04\/24\/gustavo-petro-visita-delcy-rodriguez-crimen-organizado-frontera-orix\/\"},\"wordCount\":825,\"commentCount\":0,\"publisher\":{\"@id\":\"https:\/\/noticiasya.com\/#organization\"},\"articleSection\":[\"Noticias Nacionales\"],\"inLanguage\":\"es\",\"potentialAction\":[{\"@type\":\"CommentAction\",\"name\":\"Comment\",\"target\":[\"https:\/\/noticiasya.com\/2026\/04\/24\/gustavo-petro-visita-delcy-rodriguez-crimen-organizado-frontera-orix\/#respond\"]}]},{\"@type\":\"WebPage\",\"@id\":\"https:\/\/noticiasya.com\/2026\/04\/24\/gustavo-petro-visita-delcy-rodriguez-crimen-organizado-frontera-orix\/\",\"url\":\"https:\/\/noticiasya.com\/2026\/04\/24\/gustavo-petro-visita-delcy-rodriguez-crimen-organizado-frontera-orix\/\",\"name\":\"Tras reunirse en Caracas, Delcy Rodr\u00edguez y Gustavo Petro acuerdan combatir a los grupos criminales en la frontera com\u00fan - Noticias\",\"isPartOf\":{\"@id\":\"https:\/\/noticiasya.com\/#website\"},\"datePublished\":\"2026-04-25T00:03:48+00:00\",\"breadcrumb\":{\"@id\":\"https:\/\/noticiasya.com\/2026\/04\/24\/gustavo-petro-visita-delcy-rodriguez-crimen-organizado-frontera-orix\/#breadcrumb\"},\"inLanguage\":\"es\",\"potentialAction\":[{\"@type\":\"ReadAction\",\"target\":[\"https:\/\/noticiasya.com\/2026\/04\/24\/gustavo-petro-visita-delcy-rodriguez-crimen-organizado-frontera-orix\/\"]}]},{\"@type\":\"BreadcrumbList\",\"@id\":\"https:\/\/noticiasya.com\/2026\/04\/24\/gustavo-petro-visita-delcy-rodriguez-crimen-organizado-frontera-orix\/#breadcrumb\",\"itemListElement\":[{\"@type\":\"ListItem\",\"position\":1,\"name\":\"Home\",\"item\":\"https:\/\/noticiasya.com\/\"},{\"@type\":\"ListItem\",\"position\":2,\"name\":\"Tras reunirse en Caracas, Delcy Rodr\u00edguez y Gustavo Petro acuerdan combatir a los grupos criminales en la frontera com\u00fan\"}]},{\"@type\":\"WebSite\",\"@id\":\"https:\/\/noticiasya.com\/#website\",\"url\":\"https:\/\/noticiasya.com\/\",\"name\":\"Noticias\",\"description\":\"Lo que importa\",\"publisher\":{\"@id\":\"https:\/\/noticiasya.com\/#organization\"},\"potentialAction\":[{\"@type\":\"SearchAction\",\"target\":{\"@type\":\"EntryPoint\",\"urlTemplate\":\"https:\/\/noticiasya.com\/?s={search_term_string}\"},\"query-input\":{\"@type\":\"PropertyValueSpecification\",\"valueRequired\":true,\"valueName\":\"search_term_string\"}}],\"inLanguage\":\"es\"},{\"@type\":\"Organization\",\"@id\":\"https:\/\/noticiasya.com\/#organization\",\"name\":\"Noticias\",\"url\":\"https:\/\/noticiasya.com\/\",\"logo\":{\"@type\":\"ImageObject\",\"inLanguage\":\"es\",\"@id\":\"https:\/\/noticiasya.com\/#\/schema\/logo\/image\/\",\"url\":\"https:\/\/noticiasya.com\/wp-content\/uploads\/sites\/22\/2023\/12\/logo-nacional.png\",\"contentUrl\":\"https:\/\/noticiasya.com\/wp-content\/uploads\/sites\/22\/2023\/12\/logo-nacional.png\",\"width\":1801,\"height\":691,\"caption\":\"Noticias\"},\"image\":{\"@id\":\"https:\/\/noticiasya.com\/#\/schema\/logo\/image\/\"}}]}<\/script>\n<!-- \/ Yoast SEO plugin. -->","yoast_head_json":{"title":"Tras reunirse en Caracas, Delcy Rodr\u00edguez y Gustavo Petro acuerdan combatir a los grupos criminales en la frontera com\u00fan - Noticias","robots":{"index":"index","follow":"follow","max-snippet":"max-snippet:-1","max-image-preview":"max-image-preview:large","max-video-preview":"max-video-preview:-1"},"canonical":"https:\/\/noticiasya.com\/2026\/04\/24\/gustavo-petro-visita-delcy-rodriguez-crimen-organizado-frontera-orix\/","og_locale":"es_ES","og_type":"article","og_title":"Tras reunirse en Caracas, Delcy Rodr\u00edguez y Gustavo Petro acuerdan combatir a los grupos criminales en la frontera com\u00fan - Noticias","og_description":"El presidente de Colombia, Gustavo Petro, dio un paso adelante y este viernes se convirti\u00f3 en el primer jefe de Estado en viajar a Venezuela para reunirse con la presidenta encargada, Delcy Rodr\u00edguez, luego de la captura de Nicol\u00e1s Maduro ocurrida el 3 de enero durante un operativo militar de Estados Unidos. Al terminar una [&hellip;]","og_url":"https:\/\/noticiasya.com\/2026\/04\/24\/gustavo-petro-visita-delcy-rodriguez-crimen-organizado-frontera-orix\/","og_site_name":"Noticias","article_published_time":"2026-04-25T00:03:48+00:00","twitter_card":"summary_large_image","twitter_misc":{"Est. reading time":"4 minutos"},"schema":{"@context":"https:\/\/schema.org","@graph":[{"@type":"Article","@id":"https:\/\/noticiasya.com\/2026\/04\/24\/gustavo-petro-visita-delcy-rodriguez-crimen-organizado-frontera-orix\/#article","isPartOf":{"@id":"https:\/\/noticiasya.com\/2026\/04\/24\/gustavo-petro-visita-delcy-rodriguez-crimen-organizado-frontera-orix\/"},"author":{"name":"","@id":""},"headline":"Tras reunirse en Caracas, Delcy Rodr\u00edguez y Gustavo Petro acuerdan combatir a los grupos criminales en la frontera com\u00fan","datePublished":"2026-04-25T00:03:48+00:00","mainEntityOfPage":{"@id":"https:\/\/noticiasya.com\/2026\/04\/24\/gustavo-petro-visita-delcy-rodriguez-crimen-organizado-frontera-orix\/"},"wordCount":825,"commentCount":0,"publisher":{"@id":"https:\/\/noticiasya.com\/#organization"},"articleSection":["Noticias Nacionales"],"inLanguage":"es","potentialAction":[{"@type":"CommentAction","name":"Comment","target":["https:\/\/noticiasya.com\/2026\/04\/24\/gustavo-petro-visita-delcy-rodriguez-crimen-organizado-frontera-orix\/#respond"]}]},{"@type":"WebPage","@id":"https:\/\/noticiasya.com\/2026\/04\/24\/gustavo-petro-visita-delcy-rodriguez-crimen-organizado-frontera-orix\/","url":"https:\/\/noticiasya.com\/2026\/04\/24\/gustavo-petro-visita-delcy-rodriguez-crimen-organizado-frontera-orix\/","name":"Tras reunirse en Caracas, Delcy Rodr\u00edguez y Gustavo Petro acuerdan combatir a los grupos criminales en la frontera com\u00fan - Noticias","isPartOf":{"@id":"https:\/\/noticiasya.com\/#website"},"datePublished":"2026-04-25T00:03:48+00:00","breadcrumb":{"@id":"https:\/\/noticiasya.com\/2026\/04\/24\/gustavo-petro-visita-delcy-rodriguez-crimen-organizado-frontera-orix\/#breadcrumb"},"inLanguage":"es","potentialAction":[{"@type":"ReadAction","target":["https:\/\/noticiasya.com\/2026\/04\/24\/gustavo-petro-visita-delcy-rodriguez-crimen-organizado-frontera-orix\/"]}]},{"@type":"BreadcrumbList","@id":"https:\/\/noticiasya.com\/2026\/04\/24\/gustavo-petro-visita-delcy-rodriguez-crimen-organizado-frontera-orix\/#breadcrumb","itemListElement":[{"@type":"ListItem","position":1,"name":"Home","item":"https:\/\/noticiasya.com\/"},{"@type":"ListItem","position":2,"name":"Tras reunirse en Caracas, Delcy Rodr\u00edguez y Gustavo Petro acuerdan combatir a los grupos criminales en la frontera com\u00fan"}]},{"@type":"WebSite","@id":"https:\/\/noticiasya.com\/#website","url":"https:\/\/noticiasya.com\/","name":"Noticias","description":"Lo que importa","publisher":{"@id":"https:\/\/noticiasya.com\/#organization"},"potentialAction":[{"@type":"SearchAction","target":{"@type":"EntryPoint","urlTemplate":"https:\/\/noticiasya.com\/?s={search_term_string}"},"query-input":{"@type":"PropertyValueSpecification","valueRequired":true,"valueName":"search_term_string"}}],"inLanguage":"es"},{"@type":"Organization","@id":"https:\/\/noticiasya.com\/#organization","name":"Noticias","url":"https:\/\/noticiasya.com\/","logo":{"@type":"ImageObject","inLanguage":"es","@id":"https:\/\/noticiasya.com\/#\/schema\/logo\/image\/","url":"https:\/\/noticiasya.com\/wp-content\/uploads\/sites\/22\/2023\/12\/logo-nacional.png","contentUrl":"https:\/\/noticiasya.com\/wp-content\/uploads\/sites\/22\/2023\/12\/logo-nacional.png","width":1801,"height":691,"caption":"Noticias"},"image":{"@id":"https:\/\/noticiasya.com\/#\/schema\/logo\/image\/"}}]}},"parsely":{"version":"1.1.0","canonical_url":"https:\/\/noticiasya.com\/tampa\/2026\/04\/24\/gustavo-petro-visita-delcy-rodriguez-crimen-organizado-frontera-orix\/","smart_links":{"inbound":0,"outbound":0},"traffic_boost_suggestions_count":0,"meta":{"@context":"https:\/\/schema.org","@type":"NewsArticle","headline":"Tras reunirse en Caracas, Delcy Rodr\u00edguez y Gustavo Petro acuerdan combatir a los grupos criminales en la frontera com\u00fan","url":"http:\/\/noticiasya.com\/tampa\/2026\/04\/24\/gustavo-petro-visita-delcy-rodriguez-crimen-organizado-frontera-orix\/","mainEntityOfPage":{"@type":"WebPage","@id":"http:\/\/noticiasya.com\/tampa\/2026\/04\/24\/gustavo-petro-visita-delcy-rodriguez-crimen-organizado-frontera-orix\/"},"thumbnailUrl":"","image":{"@type":"ImageObject","url":""},"articleSection":"Noticias Nacionales","author":[],"creator":[],"publisher":{"@type":"Organization","name":"Noticias","logo":""},"keywords":[],"dateCreated":"2026-04-25T00:03:48Z","datePublished":"2026-04-25T00:03:48Z","dateModified":"2026-04-25T00:03:48Z"},"rendered":"<script type=\"application\/ld+json\" class=\"wp-parsely-metadata\">{\"@context\":\"https:\\\/\\\/schema.org\",\"@type\":\"NewsArticle\",\"headline\":\"Tras reunirse en Caracas, Delcy Rodr\\u00edguez y Gustavo Petro acuerdan combatir a los grupos criminales en la frontera com\\u00fan\",\"url\":\"http:\\\/\\\/noticiasya.com\\\/tampa\\\/2026\\\/04\\\/24\\\/gustavo-petro-visita-delcy-rodriguez-crimen-organizado-frontera-orix\\\/\",\"mainEntityOfPage\":{\"@type\":\"WebPage\",\"@id\":\"http:\\\/\\\/noticiasya.com\\\/tampa\\\/2026\\\/04\\\/24\\\/gustavo-petro-visita-delcy-rodriguez-crimen-organizado-frontera-orix\\\/\"},\"thumbnailUrl\":\"\",\"image\":{\"@type\":\"ImageObject\",\"url\":\"\"},\"articleSection\":\"Noticias Nacionales\",\"author\":[],\"creator\":[],\"publisher\":{\"@type\":\"Organization\",\"name\":\"Noticias\",\"logo\":\"\"},\"keywords\":[],\"dateCreated\":\"2026-04-25T00:03:48Z\",\"datePublished\":\"2026-04-25T00:03:48Z\",\"dateModified\":\"2026-04-25T00:03:48Z\"}<\/script>","tracker_url":"https:\/\/cdn.parsely.com\/keys\/noticiasya.com\/p.js"},"jetpack_featured_media_url":"","jetpack-related-posts":[{"id":1473430,"url":"https:\/\/noticiasya.com\/tampa\/2026\/04\/23\/delcy-rodriguez-reunion-gustavo-petro-orix\/","url_meta":{"origin":1473484,"position":0},"title":"Delcy Rodr\u00edguez recibir\u00e1 a Petro en Venezuela: estos son los temas que pondr\u00e1n sobre la mesa","author":"","date":"abril 23, 2026","format":false,"excerpt":"La presidenta encargada de Venezuela, Delcy Rodr\u00edguez, recibir\u00e1 este viernes al mandatario de Colombia, Gustavo Petro, en su segundo encuentro con jefe de Estado desde que asumi\u00f3 el cargo en enero tras la captura de Nicol\u00e1s Maduro, luego de un intento fallido de reunirse en marzo.\u201cSi Mahoma no viene a\u2026","rel":"","context":"In &quot;Noticias Nacionales&quot;","block_context":{"text":"Noticias Nacionales","link":"https:\/\/noticiasya.com\/tampa\/categoria\/noticias-nacionales"},"img":{"alt_text":"","src":"","width":0,"height":0},"classes":[]},{"id":1471405,"url":"https:\/\/noticiasya.com\/tampa\/2026\/02\/18\/delcy-rodriguez-petro-encuentro-binacional-orix\/","url_meta":{"origin":1473484,"position":1},"title":"Delcy Rodr\u00edguez dice que habl\u00f3 con Gustavo Petro y que acordaron tener un encuentro pronto","author":"","date":"febrero 18, 2026","format":false,"excerpt":"La presidenta encargada de Venezuela, Delcy Rodr\u00edguez, dijo este mi\u00e9rcoles que habl\u00f3 por tel\u00e9fono con el presidente de Colombia, Gustavo Petro, y que ambos acordaron tener un encuentro bilateral en una fecha pr\u00f3xima, que no precis\u00f3.En una publicaci\u00f3n en su cuenta de Telegram, Rodr\u00edguez se\u00f1al\u00f3 que esa eventual reuni\u00f3n ser\u00eda\u2026","rel":"","context":"In &quot;Noticias Nacionales&quot;","block_context":{"text":"Noticias Nacionales","link":"https:\/\/noticiasya.com\/tampa\/categoria\/noticias-nacionales"},"img":{"alt_text":"","src":"","width":0,"height":0},"classes":[]},{"id":1472174,"url":"https:\/\/noticiasya.com\/tampa\/2026\/03\/13\/delcy-rodriguez-exportacion-gas-licuado-colombia-orix\/","url_meta":{"origin":1473484,"position":2},"title":"Delcy Rodr\u00edguez anuncia que Venezuela exportar\u00e1 gas licuado a Colombia en &#171;un gesto de buena voluntad&#187;","author":"","date":"marzo 13, 2026","format":false,"excerpt":"La presidenta encargada de Venezuela, Delcy Rodr\u00edguez, recibi\u00f3 a autoridades de Colombia en el Palacio de Miraflores y anunci\u00f3 que inici\u00f3 la primera exportaci\u00f3n de Gas Licuado de Petr\u00f3leo (GLP) hacia Colombia, seg\u00fan inform\u00f3 la empresa estatal Petr\u00f3leos de Venezuela (PDVSA) en un comunicado.La exportaci\u00f3n de GLP ser\u00e1 a trav\u00e9s\u2026","rel":"","context":"In &quot;Noticias Nacionales&quot;","block_context":{"text":"Noticias Nacionales","link":"https:\/\/noticiasya.com\/tampa\/categoria\/noticias-nacionales"},"img":{"alt_text":"","src":"","width":0,"height":0},"classes":[]},{"id":1471205,"url":"https:\/\/noticiasya.com\/tampa\/2026\/02\/13\/trump-relacion-venezuela-10-elogia-delcy-trax\/","url_meta":{"origin":1473484,"position":3},"title":"Trump afirma que la relaci\u00f3n con Venezuela &#171;ahora es un 10&#187; y elogia a Delcy Rodr\u00edguez","author":"","date":"febrero 13, 2026","format":false,"excerpt":"El presidente de EE.UU., Donald Trump, elogi\u00f3 este viernes a la presidenta encargada de Venezuela, Delcy Rodr\u00edguez, mientras se preparaba para reunirse con militares estadounidenses involucrados en la operaci\u00f3n que captur\u00f3 a Nicol\u00e1s Maduro. Trump afirm\u00f3 que la relaci\u00f3n entre ambos pa\u00edses \u201cahora es un 10\u201d.\u201cTenemos una muy buena relaci\u00f3n\u2026","rel":"","context":"In &quot;Noticias Nacionales&quot;","block_context":{"text":"Noticias Nacionales","link":"https:\/\/noticiasya.com\/tampa\/categoria\/noticias-nacionales"},"img":{"alt_text":"","src":"","width":0,"height":0},"classes":[]},{"id":1472225,"url":"https:\/\/noticiasya.com\/tampa\/2026\/03\/15\/delcy-rodriguez-venta-fueloil-300-millones-rechaza-propuesta-petro-arancel-cero-orix\/","url_meta":{"origin":1473484,"position":4},"title":"Delcy Rodriguez anuncia venta de fueloil por US$ 300 millones y rechaza propuesta de Petro sobre arancel cero","author":"","date":"marzo 15, 2026","format":false,"excerpt":"La presidenta encargada de Venezuela, Delcy Rodr\u00edguez, anunci\u00f3 el ingreso de US$ 300 millones a un fondo reci\u00e9n creado para la \u201cprotecci\u00f3n social\u201d, recursos que se obtuvieron a partir de una \u201cventa extraordinaria\u201d de fueloil, un combustible derivado del petr\u00f3leo.Durante un acto transmitido por el canal estatal Venezolana de Televisi\u00f3n\u2026","rel":"","context":"In &quot;Noticias Nacionales&quot;","block_context":{"text":"Noticias Nacionales","link":"https:\/\/noticiasya.com\/tampa\/categoria\/noticias-nacionales"},"img":{"alt_text":"","src":"","width":0,"height":0},"classes":[]},{"id":1473505,"url":"https:\/\/noticiasya.com\/tampa\/2026\/04\/25\/ataque-explosivos-al-menos-7-muertos-26-atentados-orix\/","url_meta":{"origin":1473484,"position":5},"title":"Ataque con explosivos en Colombia deja al menos 7 muertos y 17 heridos; ya son 26 atentados en 2 d\u00edas, dicen autoridades","author":"","date":"abril 25, 2026","format":false,"excerpt":"Al menos 7 personas murieron y 17 resultaron heridas de gravedad este s\u00e1bado por un ataque con artefacto explosivo contra veh\u00edculos en la v\u00eda Panamericana en el Cauca, en el suroeste de Colombia, informaron autoridades del pa\u00eds. Las Fuerzas Militares de Colombia atribuyen el accionar violento a las disidencias de\u2026","rel":"","context":"In &quot;Noticias Nacionales&quot;","block_context":{"text":"Noticias Nacionales","link":"https:\/\/noticiasya.com\/tampa\/categoria\/noticias-nacionales"},"img":{"alt_text":"","src":"","width":0,"height":0},"classes":[]}],"jetpack_sharing_enabled":true,"_links":{"self":[{"href":"https:\/\/noticiasya.com\/tampa\/wp-json\/wp\/v2\/posts\/1473484","targetHints":{"allow":["GET"]}}],"collection":[{"href":"https:\/\/noticiasya.com\/tampa\/wp-json\/wp\/v2\/posts"}],"about":[{"href":"https:\/\/noticiasya.com\/tampa\/wp-json\/wp\/v2\/types\/post"}],"replies":[{"embeddable":true,"href":"https:\/\/noticiasya.com\/tampa\/wp-json\/wp\/v2\/comments?post=1473484"}],"version-history":[{"count":0,"href":"https:\/\/noticiasya.com\/tampa\/wp-json\/wp\/v2\/posts\/1473484\/revisions"}],"wp:attachment":[{"href":"https:\/\/noticiasya.com\/tampa\/wp-json\/wp\/v2\/media?parent=1473484"}],"wp:term":[{"taxonomy":"category","embeddable":true,"href":"https:\/\/noticiasya.com\/tampa\/wp-json\/wp\/v2\/categories?post=1473484"},{"taxonomy":"post_tag","embeddable":true,"href":"https:\/\/noticiasya.com\/tampa\/wp-json\/wp\/v2\/tags?post=1473484"}],"curies":[{"name":"wp","href":"https:\/\/api.w.org\/{rel}","templated":true}]}}