{"id":1473504,"date":"2026-04-25T12:03:50","date_gmt":"2026-04-25T19:03:50","guid":{"rendered":"https:\/\/noticiasya.com\/2026\/04\/25\/vacaciones-verano-alcance-trax\/"},"modified":"2026-04-25T12:03:50","modified_gmt":"2026-04-25T19:03:50","slug":"vacaciones-verano-alcance-trax","status":"publish","type":"post","link":"https:\/\/noticiasya.com\/tampa\/2026\/04\/25\/vacaciones-verano-alcance-trax\/","title":{"rendered":"Es posible que tus vacaciones de verano so\u00f1adas ya no est\u00e9n a tu alcance. Estas son las razones"},"content":{"rendered":"<p>Despu\u00e9s de decidir cancelar su viaje con amigos a Dubai en junio cuando el emirato se convirti\u00f3 en el objetivo de los ataques iran\u00edes, Lorna Davis estaba decidida a encontrar unas nuevas vacaciones de verano para el grupo en otro lugar.<\/p>\n<p>Davis, quien vive en Londres, comenz\u00f3 a buscar tarifas para otras opciones en destinos como las Maldivas, Mauricio y Bali. Pero se sorprendi\u00f3 al ver lo caros que eran los vuelos.<\/p>\n<p>\u201cLos precios han subido\u2026\u201d, le dice Davis a CNN Travel. \u201cEn este momento, los precios est\u00e1n muy altos\u201d.<\/p>\n<p>Sin dejarse desanimar, razon\u00f3 que las opciones m\u00e1s cercanas a casa ser\u00edan m\u00e1s baratas, e investig\u00f3 vacaciones en Grecia, pero descubri\u00f3 que incluso all\u00ed los precios eran m\u00e1s altos de lo habitual y segu\u00edan subiendo.<\/p>\n<p>A medida que se acerca el verano, Davis dice que las tarifas siguen subiendo y se est\u00e1 quedando sin opciones viables.<\/p>\n<p>\u201cHe estado buscando todo el d\u00eda para intentar reservar algo antes de que suban de nuevo\u201d.<\/p>\n<p>\u201cNo estoy segura de qu\u00e9 va a pasar ahora\u201d, agrega, destacando que todav\u00eda est\u00e1 intent\u00e1ndolo pero se siente cada vez m\u00e1s desanimada.<\/p>\n<p>Casi dos meses despu\u00e9s de que Estados Unidos e Israel comenzaran sus ataques contra Ir\u00e1n, el conflicto est\u00e1 teniendo un impacto significativo en la industria de viajes, y millones de viajeros como Davis se enfrentan a la incertidumbre sobre la escapada de verano a la que han estado esperando todo el a\u00f1o.<\/p>\n<p>Los precios de los boletos de avi\u00f3n han estado aumentando a medida que la guerra causa interrupciones en el suministro de combustible y aumenta los costos operativos de las aerol\u00edneas. Muchas compa\u00f1\u00edas a\u00e9reas est\u00e1n cancelando servicios que ya no son rentables.<\/p>\n<p>Los costos en aumento y la incertidumbre est\u00e1n obligando a algunos a renunciar a viajes de largo recorrido a favor de destinos m\u00e1s cercanos y asequibles. Incluso aquellos que planean vacaciones en auto est\u00e1n teniendo que repensar su verano ya que los precios de la gasolina contin\u00faan subiendo.<\/p>\n<p>\u201cHabr\u00e1 tarifas m\u00e1s altas, menos capacidad y menos personas viajando este verano de lo esperado\u201d, dijo Dan Akins, un economista de la firma de consultor\u00eda de aviaci\u00f3n Flightpath Economics. \u201cAs\u00ed que nada de esto es bueno para la industria de viajes\u201d.<\/p>\n<p>No es un misterio por qu\u00e9 los costos est\u00e1n aumentando. Con cierre del estrecho de Ormuz, el principal conducto para aproximadamente el 20 % del petr\u00f3leo y gas natural del mundo, los suministros de combustible para aviones y gasolina se han visto interrumpidos.<\/p>\n<p>Las aerol\u00edneas en Europa y Asia, que dependen m\u00e1s de las importaciones de combustible para aviones, han sido las m\u00e1s afectadas. Y aunque Estados Unidos es un importante exportador de combustible para aviones, sigue estando a merced de las fluctuaciones de precios. Es una situaci\u00f3n improbable que se alivie r\u00e1pidamente incluso si se llega a un acuerdo para reabrir el estrecho.<\/p>\n<p>\u201cLa exposici\u00f3n a la mayor interrupci\u00f3n energ\u00e9tica de la historia se transmitir\u00e1 principalmente en Estados Unidos a trav\u00e9s de los precios\u201d, dijo Akins.<\/p>\n<p>Las aerol\u00edneas de Estados Unidos, agreg\u00f3, ya no se protegen de la volatilidad del mercado al fijar los precios con meses de anticipaci\u00f3n. Muchas aerol\u00edneas internacionales todav\u00eda lo hacen, pero esto no ofrece protecci\u00f3n contra escaseces.<\/p>\n<p>La situaci\u00f3n es tan grave que el 16 de abril, el jefe de la Agencia Internacional de Energ\u00eda, Fatih Birol, declar\u00f3 que Europa tiene \u201cquiz\u00e1s unas seis semanas m\u00e1s o menos\u201d de combustible para aviones restante.<\/p>\n<p>Los cierres de espacio a\u00e9reo alrededor de zonas en conflicto tambi\u00e9n est\u00e1n teniendo un efecto con aerol\u00edneas como Emirates y Qatar Airways desviando vuelos y quemando m\u00e1s combustible en consecuencia. Muchas rutas directas de Europa a Asia se ven obligadas a pasar por un estrecho corredor sobre Georgia y Azerbaiy\u00e1n o por rutas m\u00e1s largas hacia el sur.<\/p>\n<p>Los viajeros que vuelan de vacaciones con \u201cboletos m\u00e1s baratos, sin lujos\u201d ser\u00e1n los m\u00e1s afectados, dice Akins, ya que los costos adicionales no anticipados para las aerol\u00edneas se trasladan a los pasajeros.<\/p>\n<p>Virgin Atlantic ha aumentado algunos precios de los boletos casi en US$ 500, adem\u00e1s de agregar recargos adicionales por combustible a los boletos de clase econ\u00f3mica. La aerol\u00ednea de bandera australiana Qantas est\u00e1 reduciendo un 5 % de sus vuelos dom\u00e9sticos, y Cathay Pacific y United Airlines tambi\u00e9n est\u00e1n reduciendo vuelos.<\/p>\n<p>El Grupo Lufthansa de Alemania anunci\u00f3 esta semana que cancel\u00f3 20.000 vuelos de corto recorrido durante el verano. Otras aerol\u00edneas, como Delta, SAS, Air Canada, China Eastern Airlines y Sichuan Airlines, tambi\u00e9n han reducido sus horarios. Algunas tambi\u00e9n est\u00e1n aumentando los cargos por equipaje.<\/p>\n<p>El sitio de reservas Expedia dijo que los viajeros modificaron su comportamiento debido al aumento de los costos, con preferencias que se alejan de los destinos populares o de larga distancia.<\/p>\n<p>En EE.UU., dice que lugares como Nueva York, Los \u00c1ngeles, Miami y Honolulu est\u00e1n siendo sustituidos por Filadelfia, Palm Springs, Fort Lauderdale y Puerto Rico. A nivel internacional, Londres, Par\u00eds y Roma est\u00e1n siendo cambiados por Dubl\u00edn, Bruselas y B\u00e9lgica.<\/p>\n<p>\u201cCon la presi\u00f3n sobre las tarifas a\u00e9reas, los viajeros que se mantienen flexibles, se quedan m\u00e1s cerca de casa y miran m\u00e1s all\u00e1 de los destinos obvios a\u00fan pueden obtener ahorros significativos sin comprometer la experiencia\u201d, dijo Melanie Fish, portavoz del Grupo Expedia, en un comunicado.<\/p>\n<p>El servicio de viajes estadounidense Going ha informado que las b\u00fasquedas a San Jos\u00e9 \/ San Francisco han aumentado un 101 %. El inter\u00e9s en destinos europeos como Italia y Portugal aument\u00f3 un 20 % y un 22 % respectivamente, mientras que el Reino Unido ha perdido popularidad.<\/p>\n<p>\u201cCon la imprevisibilidad de las tarifas a\u00e9reas, la mejor estrategia para los viajeros es inclinarse hacia destinos que son previsiblemente asequibles\u201d, dijo la experta en viajes de Going, Katy Nastro. \u201cFlorida, M\u00e9xico y el Caribe est\u00e1n viendo la actividad de ofertas m\u00e1s fuerte este a\u00f1o, como era de esperar\u201d.<\/p>\n<p>No solo los que planean despegar para sus vacaciones de verano sienten la presi\u00f3n. Los altos precios de la gasolina tambi\u00e9n afectar\u00e1n a los viajes por carretera, que son una pieza fundamental de las vacaciones de verano en EE.UU. durante un a\u00f1o en el que el pa\u00eds est\u00e1 celebrando su 250\u00ba aniversario, acogiendo el torneo de la Copa Mundial de F\u00fatbol y conmemorando el 100\u00ba aniversario de su famosa Ruta 66.<\/p>\n<p>\u201cEntonces, tienes menos personas viajando en avi\u00f3n y menos personas viajando en coche, principalmente debido al costo del viaje, ya sea a trav\u00e9s de un boleto o a trav\u00e9s del tanque de gasolina\u201d, dijo Akins. \u201cEso significa que este podr\u00eda ser el a\u00f1o de las vacaciones en casa\u201d.<\/p>\n<p>Esto parece ciertamente ser el caso en el Reino Unido, donde la cadena de resorts familiares Butlins ha informado un \u201ccrecimiento significativo\u201d en la \u201cdemanda de vacaciones en casa\u201d durante el verano, un movimiento que el CEO Jon Hendry Pickup siente que ha sido \u201cimpulsado por el conflicto\u201d. Las escapadas en temporada baja tambi\u00e9n han aumentado un 40 % interanual.<\/p>\n<p>Sin embargo, el inter\u00e9s en los viajes tanto dom\u00e9sticos como internacionales sigue siendo fuerte. Laura Lindsay, experta en viajes de Skyscanner, dijo que el motor de b\u00fasqueda de viajes globales hab\u00eda visto un aumento en la demanda en marzo en comparaci\u00f3n con el a\u00f1o anterior.<\/p>\n<p>\u201cEstamos viendo que las ventanas de reservas son generalmente m\u00e1s cortas en este momento, lo que esperar\u00edamos ya que los viajeros est\u00e1n esperando m\u00e1s cerca de la fecha real de salida para reservar, por lo que una semana o menos y dos semanas han visto un buen aumento en el tr\u00e1fico de b\u00fasqueda\u201d, dijo Lindsay a CNN. aconsej\u00f3 a los viajeros que miran hacia adelante a \u201cmantenerse flexibles, mantenerse informados y seguir las advertencias de viaje\u201d.<\/p>\n<p>\u201cMientras que la interrupci\u00f3n es comprensiblemente frustrante, la seguridad sigue siendo la principal prioridad y las aerol\u00edneas est\u00e1n ajustando los horarios en respuesta a los acontecimientos evolutivos\u201d, agreg\u00f3.<\/p>\n<p>El CEO de Delta Air Lines, Ed Bastian, dijo recientemente a los inversores que la aerol\u00ednea hab\u00eda experimentado los cinco mejores d\u00edas de ventas de su historia despu\u00e9s del inicio de la guerra en Ir\u00e1n.<\/p>\n<p>\u201cVen lo que est\u00e1 sucediendo y piensan, \u2018Voy a adelantarme y conseguir mis boletos ahora, si tengo que cancelar m\u00e1s tarde, lo har\u00e9\u2019\u201d, dijo Nancy McGehee, profesora de gesti\u00f3n hotelera y tur\u00edstica en Virginia Tech.<\/p>\n<p>\u201cLas personas est\u00e1n tomando decisiones en este momento porque ven que va a ser costoso\u201d.<\/p>\n<p>McGehee hizo hincapi\u00e9 en la importancia del seguro de viaje en tiempos inciertos, incluidas las primas adicionales por cancelaci\u00f3n por cualquier motivo. \u201cEso es un poco m\u00e1s caro\u201d, dijo. \u201cPero si te echas atr\u00e1s, cubrir\u00e1 tu reembolso si decides que no vas a viajar\u201d.<\/p>\n<p>Para los viajeros decididos a realizar viajes internacionales este verano, McGehee sugiere evitar las escalas y optar en su lugar por un vuelo directo cuando sea posible, ya que con la cancelaci\u00f3n de vuelos, puede que no sea tan simple tomar el siguiente si pierdes tu conexi\u00f3n.<\/p>\n<p>Los viajeros estadounidenses tambi\u00e9n se han enfrentado recientemente a <a href=\"https:\/\/www.cnn.com\/2026\/04\/22\/us\/tsa-dhs-emergency-funds-ceasing\">largas filas de la Administraci\u00f3n de Seguridad del Transporte <\/a>(TSA, por sus siglas en ingl\u00e9s), a veces de varias horas, debido a un cierre parcial del Gobierno. Despu\u00e9s de un per\u00edodo de trabajo no remunerado, los agentes de TSA vuelven a recibir sus cheques de pago, pero los funcionarios han advertido que la soluci\u00f3n de financiaci\u00f3n temporal no durar\u00e1.<\/p>\n<p>\u201cMe gusta decir, lleva contigo paciencia\u201d, dijo McGehee, agregando que desde el momento en que ingresan al aeropuerto, los viajeros estar\u00e1n \u201cinteractuando con personas y compa\u00f1eros viajeros que no tienen control sobre lo que est\u00e1 sucediendo, y est\u00e1n tratando de hacer lo mejor posible\u201d.<\/p>\n<p>Algunos destinos est\u00e1n ahora fuera de l\u00edmites como resultado del conflicto con Ir\u00e1n. La <a href=\"https:\/\/travel.state.gov\/en\/international-travel\/travel-advisories\/global-events\/middle-east.html\">advertencia actual <\/a>del Departamento de Estado de EE.UU. para destinos de Medio Oriente, como Om\u00e1n, Bahrein, Dubai y Qatar, se mantiene en el nivel tres: \u201creconsiderar el viaje\u201d. La Oficina de Asuntos Exteriores y de la Commonwealth del Reino Unido desaconseja viajar a Emiratos \u00c1rabes Unidos y Bahrein, pidiendo precauci\u00f3n al viajar a Om\u00e1n.<\/p>\n<p>Lydia Benatia, de Londres, ha estado planeando un viaje de verano a Om\u00e1n con su familia desde hace meses, pero la situaci\u00f3n actual lo pone en duda.<\/p>\n<p>\u201cNos ha puesto bastante inquietos acerca de hacer unas vacaciones a las que realmente est\u00e1bamos deseando ir\u201d, Benatia le dice a CNN Travel. \u201cNo estamos seguros si podremos ir todav\u00eda\u201d.<\/p>\n<p>Aunque no ha cancelado el viaje, Benatia enfatiza que la seguridad es una gran preocupaci\u00f3n, agregando que est\u00e1 \u201cprestando mucha atenci\u00f3n a los acontecimientos\u201d por ahora.<\/p>\n<p>\u201cEstamos esperando a ver qu\u00e9 sucede en los pr\u00f3ximos meses antes de tomar una decisi\u00f3n final\u201d, dice. \u201cNuestro proveedor de vacaciones nos ha dicho que nos dar\u00e1n m\u00e1s informaci\u00f3n m\u00e1s cerca de la fecha sobre si podemos viajar de forma segura o si cancelar\u00e1n\u201d.<\/p>\n<p>Aunque muchos viajeros pueden estar enfrentando decepci\u00f3n e incertidumbre en los meses de verano, Akins se\u00f1ala que la posibilidad de tener \u201cmenos personas transitando autopistas y aeropuertos\u201d en los pr\u00f3ximos meses ser\u00e1 potencialmente un golpe brutal para las econom\u00edas dependientes del turismo.<\/p>\n<p>\u201cMenos demanda de viajes a\u00e9reos y gasolina minorista afecta a los hoteles\u201d, dijo. \u201cAfecta a los due\u00f1os de gasolineras locales. Afecta a los restaurantes. Afecta a todas las cosas auxiliares que est\u00e1n relacionadas con el viaje de verano\u201d.<\/p>\n<p>Akins advierte que el impacto econ\u00f3mico del conflicto podr\u00eda durar varios a\u00f1os.<\/p>\n<p>\u201cNunca hemos enfrentado una crisis de suministro como esta\u201d, dice sobre la escasez de combustible. \u201cAs\u00ed que esta es una dura realidad a la que enfrentarse que no parece estar desapareciendo pronto, y nadie realmente se prepar\u00f3 para ello\u201d.<\/p>\n<p><em>Con informaci\u00f3n de Avni Trivedi de CNN.<\/em><\/p>\n<p>The-CNN-Wire<br \/>&trade; &amp; &copy; 2026 Cable News Network, Inc., a Warner Bros. Discovery Company. All rights reserved.<\/p>\n","protected":false},"excerpt":{"rendered":"<p>Despu\u00e9s de decidir cancelar su viaje con amigos a Dubai en junio cuando el emirato se convirti\u00f3 en el objetivo de los ataques iran\u00edes, Lorna Davis estaba decidida a encontrar unas nuevas vacaciones de verano para el grupo en otro lugar. Davis, quien vive en Londres, comenz\u00f3 a buscar tarifas para otras opciones en destinos [&hellip;]<\/p>\n","protected":false},"author":0,"featured_media":0,"comment_status":"open","ping_status":"open","sticky":false,"template":"","format":"standard","meta":{"_jetpack_memberships_contains_paid_content":false,"footnotes":""},"categories":[10],"tags":[],"class_list":["post-1473504","post","type-post","status-publish","format-standard","hentry","category-noticias-nacionales","market-global"],"yoast_head":"<!-- This site is optimized with the Yoast SEO plugin v24.4 - https:\/\/yoast.com\/wordpress\/plugins\/seo\/ -->\n<title>Es posible que tus vacaciones de verano so\u00f1adas ya no est\u00e9n a tu alcance. Estas son las razones - Noticias<\/title>\n<meta name=\"robots\" content=\"index, follow, max-snippet:-1, max-image-preview:large, max-video-preview:-1\" \/>\n<link rel=\"canonical\" href=\"https:\/\/noticiasya.com\/2026\/04\/25\/vacaciones-verano-alcance-trax\/\" \/>\n<meta property=\"og:locale\" content=\"es_ES\" \/>\n<meta property=\"og:type\" content=\"article\" \/>\n<meta property=\"og:title\" content=\"Es posible que tus vacaciones de verano so\u00f1adas ya no est\u00e9n a tu alcance. Estas son las razones - Noticias\" \/>\n<meta property=\"og:description\" content=\"Despu\u00e9s de decidir cancelar su viaje con amigos a Dubai en junio cuando el emirato se convirti\u00f3 en el objetivo de los ataques iran\u00edes, Lorna Davis estaba decidida a encontrar unas nuevas vacaciones de verano para el grupo en otro lugar. Davis, quien vive en Londres, comenz\u00f3 a buscar tarifas para otras opciones en destinos [&hellip;]\" \/>\n<meta property=\"og:url\" content=\"https:\/\/noticiasya.com\/2026\/04\/25\/vacaciones-verano-alcance-trax\/\" \/>\n<meta property=\"og:site_name\" content=\"Noticias\" \/>\n<meta property=\"article:published_time\" content=\"2026-04-25T19:03:50+00:00\" \/>\n<meta name=\"twitter:card\" content=\"summary_large_image\" \/>\n<meta name=\"twitter:label1\" content=\"Est. reading time\" \/>\n\t<meta name=\"twitter:data1\" content=\"10 minutos\" \/>\n<script type=\"application\/ld+json\" class=\"yoast-schema-graph\">{\"@context\":\"https:\/\/schema.org\",\"@graph\":[{\"@type\":\"Article\",\"@id\":\"https:\/\/noticiasya.com\/2026\/04\/25\/vacaciones-verano-alcance-trax\/#article\",\"isPartOf\":{\"@id\":\"https:\/\/noticiasya.com\/2026\/04\/25\/vacaciones-verano-alcance-trax\/\"},\"author\":{\"name\":\"\",\"@id\":\"\"},\"headline\":\"Es posible que tus vacaciones de verano so\u00f1adas ya no est\u00e9n a tu alcance. Estas son las razones\",\"datePublished\":\"2026-04-25T19:03:50+00:00\",\"mainEntityOfPage\":{\"@id\":\"https:\/\/noticiasya.com\/2026\/04\/25\/vacaciones-verano-alcance-trax\/\"},\"wordCount\":2100,\"commentCount\":0,\"publisher\":{\"@id\":\"https:\/\/noticiasya.com\/#organization\"},\"articleSection\":[\"Noticias Nacionales\"],\"inLanguage\":\"es\",\"potentialAction\":[{\"@type\":\"CommentAction\",\"name\":\"Comment\",\"target\":[\"https:\/\/noticiasya.com\/2026\/04\/25\/vacaciones-verano-alcance-trax\/#respond\"]}]},{\"@type\":\"WebPage\",\"@id\":\"https:\/\/noticiasya.com\/2026\/04\/25\/vacaciones-verano-alcance-trax\/\",\"url\":\"https:\/\/noticiasya.com\/2026\/04\/25\/vacaciones-verano-alcance-trax\/\",\"name\":\"Es posible que tus vacaciones de verano so\u00f1adas ya no est\u00e9n a tu alcance. Estas son las razones - Noticias\",\"isPartOf\":{\"@id\":\"https:\/\/noticiasya.com\/#website\"},\"datePublished\":\"2026-04-25T19:03:50+00:00\",\"breadcrumb\":{\"@id\":\"https:\/\/noticiasya.com\/2026\/04\/25\/vacaciones-verano-alcance-trax\/#breadcrumb\"},\"inLanguage\":\"es\",\"potentialAction\":[{\"@type\":\"ReadAction\",\"target\":[\"https:\/\/noticiasya.com\/2026\/04\/25\/vacaciones-verano-alcance-trax\/\"]}]},{\"@type\":\"BreadcrumbList\",\"@id\":\"https:\/\/noticiasya.com\/2026\/04\/25\/vacaciones-verano-alcance-trax\/#breadcrumb\",\"itemListElement\":[{\"@type\":\"ListItem\",\"position\":1,\"name\":\"Home\",\"item\":\"https:\/\/noticiasya.com\/\"},{\"@type\":\"ListItem\",\"position\":2,\"name\":\"Es posible que tus vacaciones de verano so\u00f1adas ya no est\u00e9n a tu alcance. Estas son las razones\"}]},{\"@type\":\"WebSite\",\"@id\":\"https:\/\/noticiasya.com\/#website\",\"url\":\"https:\/\/noticiasya.com\/\",\"name\":\"Noticias\",\"description\":\"Lo que importa\",\"publisher\":{\"@id\":\"https:\/\/noticiasya.com\/#organization\"},\"potentialAction\":[{\"@type\":\"SearchAction\",\"target\":{\"@type\":\"EntryPoint\",\"urlTemplate\":\"https:\/\/noticiasya.com\/?s={search_term_string}\"},\"query-input\":{\"@type\":\"PropertyValueSpecification\",\"valueRequired\":true,\"valueName\":\"search_term_string\"}}],\"inLanguage\":\"es\"},{\"@type\":\"Organization\",\"@id\":\"https:\/\/noticiasya.com\/#organization\",\"name\":\"Noticias\",\"url\":\"https:\/\/noticiasya.com\/\",\"logo\":{\"@type\":\"ImageObject\",\"inLanguage\":\"es\",\"@id\":\"https:\/\/noticiasya.com\/#\/schema\/logo\/image\/\",\"url\":\"https:\/\/noticiasya.com\/wp-content\/uploads\/sites\/22\/2023\/12\/logo-nacional.png\",\"contentUrl\":\"https:\/\/noticiasya.com\/wp-content\/uploads\/sites\/22\/2023\/12\/logo-nacional.png\",\"width\":1801,\"height\":691,\"caption\":\"Noticias\"},\"image\":{\"@id\":\"https:\/\/noticiasya.com\/#\/schema\/logo\/image\/\"}}]}<\/script>\n<!-- \/ Yoast SEO plugin. -->","yoast_head_json":{"title":"Es posible que tus vacaciones de verano so\u00f1adas ya no est\u00e9n a tu alcance. Estas son las razones - Noticias","robots":{"index":"index","follow":"follow","max-snippet":"max-snippet:-1","max-image-preview":"max-image-preview:large","max-video-preview":"max-video-preview:-1"},"canonical":"https:\/\/noticiasya.com\/2026\/04\/25\/vacaciones-verano-alcance-trax\/","og_locale":"es_ES","og_type":"article","og_title":"Es posible que tus vacaciones de verano so\u00f1adas ya no est\u00e9n a tu alcance. Estas son las razones - Noticias","og_description":"Despu\u00e9s de decidir cancelar su viaje con amigos a Dubai en junio cuando el emirato se convirti\u00f3 en el objetivo de los ataques iran\u00edes, Lorna Davis estaba decidida a encontrar unas nuevas vacaciones de verano para el grupo en otro lugar. Davis, quien vive en Londres, comenz\u00f3 a buscar tarifas para otras opciones en destinos [&hellip;]","og_url":"https:\/\/noticiasya.com\/2026\/04\/25\/vacaciones-verano-alcance-trax\/","og_site_name":"Noticias","article_published_time":"2026-04-25T19:03:50+00:00","twitter_card":"summary_large_image","twitter_misc":{"Est. reading time":"10 minutos"},"schema":{"@context":"https:\/\/schema.org","@graph":[{"@type":"Article","@id":"https:\/\/noticiasya.com\/2026\/04\/25\/vacaciones-verano-alcance-trax\/#article","isPartOf":{"@id":"https:\/\/noticiasya.com\/2026\/04\/25\/vacaciones-verano-alcance-trax\/"},"author":{"name":"","@id":""},"headline":"Es posible que tus vacaciones de verano so\u00f1adas ya no est\u00e9n a tu alcance. Estas son las razones","datePublished":"2026-04-25T19:03:50+00:00","mainEntityOfPage":{"@id":"https:\/\/noticiasya.com\/2026\/04\/25\/vacaciones-verano-alcance-trax\/"},"wordCount":2100,"commentCount":0,"publisher":{"@id":"https:\/\/noticiasya.com\/#organization"},"articleSection":["Noticias Nacionales"],"inLanguage":"es","potentialAction":[{"@type":"CommentAction","name":"Comment","target":["https:\/\/noticiasya.com\/2026\/04\/25\/vacaciones-verano-alcance-trax\/#respond"]}]},{"@type":"WebPage","@id":"https:\/\/noticiasya.com\/2026\/04\/25\/vacaciones-verano-alcance-trax\/","url":"https:\/\/noticiasya.com\/2026\/04\/25\/vacaciones-verano-alcance-trax\/","name":"Es posible que tus vacaciones de verano so\u00f1adas ya no est\u00e9n a tu alcance. Estas son las razones - Noticias","isPartOf":{"@id":"https:\/\/noticiasya.com\/#website"},"datePublished":"2026-04-25T19:03:50+00:00","breadcrumb":{"@id":"https:\/\/noticiasya.com\/2026\/04\/25\/vacaciones-verano-alcance-trax\/#breadcrumb"},"inLanguage":"es","potentialAction":[{"@type":"ReadAction","target":["https:\/\/noticiasya.com\/2026\/04\/25\/vacaciones-verano-alcance-trax\/"]}]},{"@type":"BreadcrumbList","@id":"https:\/\/noticiasya.com\/2026\/04\/25\/vacaciones-verano-alcance-trax\/#breadcrumb","itemListElement":[{"@type":"ListItem","position":1,"name":"Home","item":"https:\/\/noticiasya.com\/"},{"@type":"ListItem","position":2,"name":"Es posible que tus vacaciones de verano so\u00f1adas ya no est\u00e9n a tu alcance. Estas son las razones"}]},{"@type":"WebSite","@id":"https:\/\/noticiasya.com\/#website","url":"https:\/\/noticiasya.com\/","name":"Noticias","description":"Lo que importa","publisher":{"@id":"https:\/\/noticiasya.com\/#organization"},"potentialAction":[{"@type":"SearchAction","target":{"@type":"EntryPoint","urlTemplate":"https:\/\/noticiasya.com\/?s={search_term_string}"},"query-input":{"@type":"PropertyValueSpecification","valueRequired":true,"valueName":"search_term_string"}}],"inLanguage":"es"},{"@type":"Organization","@id":"https:\/\/noticiasya.com\/#organization","name":"Noticias","url":"https:\/\/noticiasya.com\/","logo":{"@type":"ImageObject","inLanguage":"es","@id":"https:\/\/noticiasya.com\/#\/schema\/logo\/image\/","url":"https:\/\/noticiasya.com\/wp-content\/uploads\/sites\/22\/2023\/12\/logo-nacional.png","contentUrl":"https:\/\/noticiasya.com\/wp-content\/uploads\/sites\/22\/2023\/12\/logo-nacional.png","width":1801,"height":691,"caption":"Noticias"},"image":{"@id":"https:\/\/noticiasya.com\/#\/schema\/logo\/image\/"}}]}},"parsely":{"version":"1.1.0","canonical_url":"https:\/\/noticiasya.com\/tampa\/2026\/04\/25\/vacaciones-verano-alcance-trax\/","smart_links":{"inbound":0,"outbound":0},"traffic_boost_suggestions_count":0,"meta":{"@context":"https:\/\/schema.org","@type":"NewsArticle","headline":"Es posible que tus vacaciones de verano so\u00f1adas ya no est\u00e9n a tu alcance. Estas son las razones","url":"http:\/\/noticiasya.com\/tampa\/2026\/04\/25\/vacaciones-verano-alcance-trax\/","mainEntityOfPage":{"@type":"WebPage","@id":"http:\/\/noticiasya.com\/tampa\/2026\/04\/25\/vacaciones-verano-alcance-trax\/"},"thumbnailUrl":"","image":{"@type":"ImageObject","url":""},"articleSection":"Noticias Nacionales","author":[],"creator":[],"publisher":{"@type":"Organization","name":"Noticias","logo":""},"keywords":[],"dateCreated":"2026-04-25T19:03:50Z","datePublished":"2026-04-25T19:03:50Z","dateModified":"2026-04-25T19:03:50Z"},"rendered":"<script type=\"application\/ld+json\" class=\"wp-parsely-metadata\">{\"@context\":\"https:\\\/\\\/schema.org\",\"@type\":\"NewsArticle\",\"headline\":\"Es posible que tus vacaciones de verano so\\u00f1adas ya no est\\u00e9n a tu alcance. Estas son las razones\",\"url\":\"http:\\\/\\\/noticiasya.com\\\/tampa\\\/2026\\\/04\\\/25\\\/vacaciones-verano-alcance-trax\\\/\",\"mainEntityOfPage\":{\"@type\":\"WebPage\",\"@id\":\"http:\\\/\\\/noticiasya.com\\\/tampa\\\/2026\\\/04\\\/25\\\/vacaciones-verano-alcance-trax\\\/\"},\"thumbnailUrl\":\"\",\"image\":{\"@type\":\"ImageObject\",\"url\":\"\"},\"articleSection\":\"Noticias Nacionales\",\"author\":[],\"creator\":[],\"publisher\":{\"@type\":\"Organization\",\"name\":\"Noticias\",\"logo\":\"\"},\"keywords\":[],\"dateCreated\":\"2026-04-25T19:03:50Z\",\"datePublished\":\"2026-04-25T19:03:50Z\",\"dateModified\":\"2026-04-25T19:03:50Z\"}<\/script>","tracker_url":"https:\/\/cdn.parsely.com\/keys\/noticiasya.com\/p.js"},"jetpack_featured_media_url":"","jetpack-related-posts":[{"id":1463081,"url":"https:\/\/noticiasya.com\/tampa\/2025\/06\/02\/verano-vuelos-baratos-momento-ofertas-ultima-hora-trax\/","url_meta":{"origin":1473504,"position":0},"title":"El &#171;verano dorado de los vuelos baratos&#187;: ahora es el momento de las ofertas de \u00faltima hora","author":"","date":"junio 2, 2025","format":false,"excerpt":"\u00bfA\u00fan no has hecho la compra de los vuelos para tus vacaciones de verano? Tenemos buenas noticias para quienes prefieren esperar en esta ajetreada temporada de viajes.Si a\u00fan no ha reservado boletos de avi\u00f3n en temporada alta de verano a destinos populares en Europa, entre otros lugares, puede esperar encontrar\u2026","rel":"","context":"In &quot;Noticias Nacionales&quot;","block_context":{"text":"Noticias Nacionales","link":"https:\/\/noticiasya.com\/tampa\/categoria\/noticias-nacionales"},"img":{"alt_text":"","src":"","width":0,"height":0},"classes":[]},{"id":1450190,"url":"https:\/\/noticiasya.com\/tampa\/2024\/06\/10\/dolar-debil-precios-visitantes-europa-turismo-verano-trax\/","url_meta":{"origin":1473504,"position":1},"title":"Un d\u00f3lar m\u00e1s d\u00e9bil, precios por las nubes y cifras &#171;r\u00e9cord&#187; de visitantes: suerte en Europa este verano boreal","author":"","date":"junio 10, 2024","format":false,"excerpt":"(CNN) -- Las temperaturas van en aumento. Los precios de los hoteles se disparan. Y los viajeros ya se est\u00e1n portando mal. Bienvenidos a otro verano en Europa.Por los titulares, las cosas ya se ven ca\u00f3ticas. Los sitios famosos est\u00e1n subiendo sus precios de entrada. Las habitaciones de hotel son\u2026","rel":"","context":"In &quot;Noticias Nacionales&quot;","block_context":{"text":"Noticias Nacionales","link":"https:\/\/noticiasya.com\/tampa\/categoria\/noticias-nacionales"},"img":{"alt_text":"","src":"","width":0,"height":0},"classes":[]},{"id":1452377,"url":"https:\/\/noticiasya.com\/tampa\/2024\/09\/03\/destinos-de-otono-donde-ir-2024-trax\/","url_meta":{"origin":1473504,"position":2},"title":"Por qu\u00e9 esta es &#171;la mejor \u00e9poca del a\u00f1o para ir a casi cualquier sitio\u201d","author":"","date":"septiembre 3, 2024","format":false,"excerpt":"(CNN) -- Puede que a\u00fan no lo parezca, pero las cosas est\u00e1n a punto de enfriarse. Y eso se aplica tanto a los precios de los viajes como a las altas temperaturas.\"Esta \u00e9poca del a\u00f1o es realmente la mejor para viajar a casi cualquier sitio\", afirma Hayley Berg, economista y\u2026","rel":"","context":"In &quot;Noticias Nacionales&quot;","block_context":{"text":"Noticias Nacionales","link":"https:\/\/noticiasya.com\/tampa\/categoria\/noticias-nacionales"},"img":{"alt_text":"","src":"","width":0,"height":0},"classes":[]},{"id":1451034,"url":"https:\/\/noticiasya.com\/tampa\/2024\/07\/11\/verano-verguenza-corporal-salud-imagen-redes-sociales-trax\/","url_meta":{"origin":1473504,"position":3},"title":"\u00a1Bienvenidos al verano! La verg\u00fcenza corporal est\u00e1 en todas partes","author":"","date":"julio 11, 2024","format":false,"excerpt":"(CNN) -- \u00bfHas esculpido tu \"cuerpo bikini\"? \u00bfTienes la piel suave, bronceada y sin vello? \u00bfEst\u00e1s lista para las vacaciones de verano?Las presiones en torno al aspecto del cuerpo de las personas pueden ser especialmente fuertes en verano, y pueden venir de todas partes: anuncios, famosos, personas influyentes, tus amigos\u2026","rel":"","context":"In &quot;Noticias Nacionales&quot;","block_context":{"text":"Noticias Nacionales","link":"https:\/\/noticiasya.com\/tampa\/categoria\/noticias-nacionales"},"img":{"alt_text":"","src":"","width":0,"height":0},"classes":[]},{"id":1409399,"url":"https:\/\/noticiasya.com\/tampa\/2022\/06\/28\/encuentra-nuevas-opciones-para-que-tus-hijos-aprendan-y-se-diviertan\/","url_meta":{"origin":1473504,"position":4},"title":"Encuentra nuevas opciones para que tus hijos aprendan y se diviertan","author":"agomez","date":"junio 28, 2022","format":false,"excerpt":"Si no sabe c\u00f3mo llenar el tiempo libre de sus hijos, aqu\u00ed le damos algunas opciones","rel":"","context":"In &quot;Comunidad&quot;","block_context":{"text":"Comunidad","link":"https:\/\/noticiasya.com\/tampa\/categoria\/comunidad"},"img":{"alt_text":"","src":"","width":0,"height":0},"classes":[]},{"id":1408758,"url":"https:\/\/noticiasya.com\/tampa\/2022\/06\/27\/si-no-sabe-que-como-llenar-el-tiempo-libre-de-sus-hijos-aqui-le-damos-algunas-opciones\/","url_meta":{"origin":1473504,"position":5},"title":"Si no sabe c\u00f3mo llenar el tiempo libre de sus hijos, aqu\u00ed le damos algunas opciones","author":"agomez","date":"junio 27, 2022","format":false,"excerpt":"M\u00e1s campamentos, actividades y entretenimiento para tus hijos","rel":"","context":"In &quot;Comunidad&quot;","block_context":{"text":"Comunidad","link":"https:\/\/noticiasya.com\/tampa\/categoria\/comunidad"},"img":{"alt_text":"","src":"","width":0,"height":0},"classes":[]}],"jetpack_sharing_enabled":true,"_links":{"self":[{"href":"https:\/\/noticiasya.com\/tampa\/wp-json\/wp\/v2\/posts\/1473504","targetHints":{"allow":["GET"]}}],"collection":[{"href":"https:\/\/noticiasya.com\/tampa\/wp-json\/wp\/v2\/posts"}],"about":[{"href":"https:\/\/noticiasya.com\/tampa\/wp-json\/wp\/v2\/types\/post"}],"replies":[{"embeddable":true,"href":"https:\/\/noticiasya.com\/tampa\/wp-json\/wp\/v2\/comments?post=1473504"}],"version-history":[{"count":0,"href":"https:\/\/noticiasya.com\/tampa\/wp-json\/wp\/v2\/posts\/1473504\/revisions"}],"wp:attachment":[{"href":"https:\/\/noticiasya.com\/tampa\/wp-json\/wp\/v2\/media?parent=1473504"}],"wp:term":[{"taxonomy":"category","embeddable":true,"href":"https:\/\/noticiasya.com\/tampa\/wp-json\/wp\/v2\/categories?post=1473504"},{"taxonomy":"post_tag","embeddable":true,"href":"https:\/\/noticiasya.com\/tampa\/wp-json\/wp\/v2\/tags?post=1473504"}],"curies":[{"name":"wp","href":"https:\/\/api.w.org\/{rel}","templated":true}]}}