{"id":1473541,"date":"2026-04-27T11:03:41","date_gmt":"2026-04-27T18:03:41","guid":{"rendered":"https:\/\/noticiasya.com\/2026\/04\/27\/atentados-impacto-campana-elecciones-paz-orix\/"},"modified":"2026-04-27T11:03:41","modified_gmt":"2026-04-27T18:03:41","slug":"atentados-impacto-campana-elecciones-paz-orix","status":"publish","type":"post","link":"https:\/\/noticiasya.com\/tampa\/2026\/04\/27\/atentados-impacto-campana-elecciones-paz-orix\/","title":{"rendered":"Los atentados en Colombia impactan en la campa\u00f1a y refuerzan las cr\u00edticas a la &#171;paz total&#187; de Petro"},"content":{"rendered":"<p>El atentado que dej\u00f3 al menos 20 muertos en el suroeste de Colombia, en medio de una ola de ataques en la zona, fue r\u00e1pidamente condenado por la dirigencia pol\u00edtica del pa\u00eds, pero los mensajes tambi\u00e9n expusieron las divisiones acentuadas por el clima electoral, cuando faltan cinco semanas para la votaci\u00f3n presidencial del 31 de mayo.<\/p>\n<p>\u201cEn estas elecciones las palabras clave son miedo y odio. Y los candidatos presidenciales as\u00ed lo han entendido y en eso han basado sus campa\u00f1as\u201d, dijo a CNN el analista pol\u00edtico Jaime Arango exasesor de seguridad nacional durante el Gobierno de Iv\u00e1n Duque. Arango afirm\u00f3 que los ataques \u201cpueden exacerbar los discursos para buscar tener una audiencia mucho m\u00e1s convencida a la hora de ir a las urnas\u201d y apunt\u00f3 que el temor tiene mayor impacto en las regiones rurales, foco de enfrentamientos con grupos armados ilegales.<\/p>\n<p>Al respecto, el candidato del oficialismo, Iv\u00e1n Cepeda, dijo que \u201cresulta profundamente preocupante\u201d que las acciones terroristas ocurran en regiones donde, asegura, tiene m\u00e1s apoyo popular. \u201cSurge una inquietud leg\u00edtima sobre si, adem\u00e1s de causar da\u00f1o y zozobra en la poblaci\u00f3n, estos hechos buscan generar un clima de miedo que favorezca intereses de sectores de extrema derecha\u201d, apunt\u00f3.<\/p>\n<p>Una encuesta de Invamer publicada el domingo arroj\u00f3 que Cepeda tiene una intenci\u00f3n de voto del 44,3 %, m\u00e1s del doble que la de sus m\u00e1s cercanos rivales, pero todav\u00eda insuficiente para ganar en primera vuelta, lo que requiere la mitad m\u00e1s uno de los votos totales.<\/p>\n<p>El polit\u00f3logo Le\u00f3n Valencia, director de la Fundaci\u00f3n Paz y Reconciliaci\u00f3n (PARES), record\u00f3 el impacto que tuvo el asesinato el a\u00f1o pasado del senador Miguel Uribe, precandidato del derechista Centro Democr\u00e1tico, lo que fue un \u201cmuy mal augurio\u201d en la carrera por la presidencia, agreg\u00f3. Sin embargo, a diferencia de ese crimen, dijo que los recientes actos de violencia \u201cse dan en las zonas de frontera y en donde hay presencia de cultivos il\u00edcitos, y por eso no impactan directamente el electorado urbano\u201d, como s\u00ed ocurri\u00f3 con la muerte de Uribe Turbay. \u201cNo es una violencia en el coraz\u00f3n de donde hay mayor electorado sino una violencia dispersa que busca tener un impacto regional que de todos modos hace mucho da\u00f1o al proceso electoral en general\u201d, agreg\u00f3.<\/p>\n<p>La candidata Paloma Valencia, de Centro Democr\u00e1tico, con un 19,8 % en la encuesta, rechaz\u00f3 la lectura de Cepeda. \u201cel pa\u00eds no merece que desv\u00ede la atenci\u00f3n insinuando que esto busca favorecer a sectores pol\u00edticos. Lleg\u00f3 el momento de asumir, con todas las letras, que la Paz Total FRACAS\u00d3\u201d, dijo en X. Esa pol\u00edtica encabezada por el presidente Gustavo Petro ha incluido frustrados di\u00e1logos con la guerrilla de Ej\u00e9rcito de Liberaci\u00f3n Nacional (ELN) y negociaciones con las disidencias, sin resultados concretos hasta la fecha.<\/p>\n<p>Valencia dijo tras la ola de ataques que Petro deber\u00eda estar en el lugar de los hechos y resalt\u00f3 que la gente \u201cnecesita volver a sentirse tranquila\u201d. La aspirante nacida en ese departamento hab\u00eda reconocido d\u00edas atr\u00e1s en una entrevista con Caracol Radio que era un desaf\u00edo hacer campa\u00f1a en el Cauca: \u201cEs una tierra muy petrista\u201d.<\/p>\n<p>Por su parte, el ultraderechista Abelardo de la Espriella, que marcha segundo con 21,5 %, asegur\u00f3 que la violencia es consecuencia directa de esa estrategia de Petro y propuso una \u201cguerra frontal, sin tregua ni negociaci\u00f3n\u201d contra los grupos armados ilegales.<\/p>\n<p>El candidato del movimiento Firmes por la Patria afirm\u00f3 tambi\u00e9n que la violencia es \u201cparte de un plan de desestabilizaci\u00f3n del desgobierno de Petro y de sus c\u00f3mplices\u201d, sin presentar pruebas. Petro, ha rechazado varias veces las insinuaciones de De la Espriella.<\/p>\n<p>La ola de atentados del \u00faltimo fin de semana \u201cperjudica mucho\u201d el desarrollo de la campa\u00f1a, \u201csobre todo a la izquierda\u201d, afirm\u00f3 a CNN el polit\u00f3logo Valencia. \u201cLa gente dice: \u2018Es un fracaso de la paz total\u2019. Hay un crecimiento de las acciones de los grupos ilegales con los que estaba negociando Petro: el ELN, las disidencias de las FARC, el Clan del Golfo. Y le van a restregar eso en el rostro a Petro y a la izquierda\u201d, analiz\u00f3.<\/p>\n<p>La popularidad de Petro, seg\u00fan la encuesta de Invamer, leve descenso a 47 % con respecto a febrero, aunque contin\u00faa m\u00e1s de 10 puntos por encima del promedio que mantuvo entre 2023 y 2025.<\/p>\n<p>De todos modos, el polit\u00f3logo Alejo Vargas, docente de la Universidad Nacional de Colombia, coincidi\u00f3 en las cr\u00edticas a la pol\u00edtica de seguridad del Gobierno y consider\u00f3 necesario que quien gane las elecciones aplique un giro. \u201cLa paz total es un fracaso y no creo que eso vaya a producir ning\u00fan resultado. Y quien sea elegido presidente tendr\u00e1 que replantear totalmente esa pol\u00edtica o acabarla, pero teniendo claro qu\u00e9 va a hacer para contener la acci\u00f3n de los grupos armados\u201d, dijo a CNN.<\/p>\n<p>Vargas consider\u00f3 que atentados como los del fin de semana \u201cse van a seguir presentando desafortunadamente porque van m\u00e1s all\u00e1 del proceso electoral en s\u00ed mismo\u201d, pero destac\u00f3 que \u201cel terrorismo aumenta el miedo en la poblaci\u00f3n\u201d, un factor que puede ser clave en un contexto electoral. \u201cEso lo pueden capitalizar las campa\u00f1as de lado y lado\u201d, afirm\u00f3.<\/p>\n<p>The-CNN-Wire<br \/>&trade; &amp; &copy; 2026 Cable News Network, Inc., a Warner Bros. Discovery Company. All rights reserved.<\/p>\n","protected":false},"excerpt":{"rendered":"<p>El atentado que dej\u00f3 al menos 20 muertos en el suroeste de Colombia, en medio de una ola de ataques en la zona, fue r\u00e1pidamente condenado por la dirigencia pol\u00edtica del pa\u00eds, pero los mensajes tambi\u00e9n expusieron las divisiones acentuadas por el clima electoral, cuando faltan cinco semanas para la votaci\u00f3n presidencial del 31 de [&hellip;]<\/p>\n","protected":false},"author":0,"featured_media":0,"comment_status":"open","ping_status":"open","sticky":false,"template":"","format":"standard","meta":{"_jetpack_memberships_contains_paid_content":false,"footnotes":""},"categories":[10],"tags":[],"class_list":["post-1473541","post","type-post","status-publish","format-standard","hentry","category-noticias-nacionales","market-global"],"yoast_head":"<!-- This site is optimized with the Yoast SEO plugin v24.4 - https:\/\/yoast.com\/wordpress\/plugins\/seo\/ -->\n<title>Los atentados en Colombia impactan en la campa\u00f1a y refuerzan las cr\u00edticas a la &quot;paz total&quot; de Petro - Noticias<\/title>\n<meta name=\"robots\" content=\"index, follow, max-snippet:-1, max-image-preview:large, max-video-preview:-1\" \/>\n<link rel=\"canonical\" href=\"https:\/\/noticiasya.com\/2026\/04\/27\/atentados-impacto-campana-elecciones-paz-orix\/\" \/>\n<meta property=\"og:locale\" content=\"es_ES\" \/>\n<meta property=\"og:type\" content=\"article\" \/>\n<meta property=\"og:title\" content=\"Los atentados en Colombia impactan en la campa\u00f1a y refuerzan las cr\u00edticas a la &quot;paz total&quot; de Petro - Noticias\" \/>\n<meta property=\"og:description\" content=\"El atentado que dej\u00f3 al menos 20 muertos en el suroeste de Colombia, en medio de una ola de ataques en la zona, fue r\u00e1pidamente condenado por la dirigencia pol\u00edtica del pa\u00eds, pero los mensajes tambi\u00e9n expusieron las divisiones acentuadas por el clima electoral, cuando faltan cinco semanas para la votaci\u00f3n presidencial del 31 de [&hellip;]\" \/>\n<meta property=\"og:url\" content=\"https:\/\/noticiasya.com\/2026\/04\/27\/atentados-impacto-campana-elecciones-paz-orix\/\" \/>\n<meta property=\"og:site_name\" content=\"Noticias\" \/>\n<meta property=\"article:published_time\" content=\"2026-04-27T18:03:41+00:00\" \/>\n<meta name=\"twitter:card\" content=\"summary_large_image\" \/>\n<meta name=\"twitter:label1\" content=\"Est. reading time\" \/>\n\t<meta name=\"twitter:data1\" content=\"5 minutos\" \/>\n<script type=\"application\/ld+json\" class=\"yoast-schema-graph\">{\"@context\":\"https:\/\/schema.org\",\"@graph\":[{\"@type\":\"Article\",\"@id\":\"https:\/\/noticiasya.com\/2026\/04\/27\/atentados-impacto-campana-elecciones-paz-orix\/#article\",\"isPartOf\":{\"@id\":\"https:\/\/noticiasya.com\/2026\/04\/27\/atentados-impacto-campana-elecciones-paz-orix\/\"},\"author\":{\"name\":\"\",\"@id\":\"\"},\"headline\":\"Los atentados en Colombia impactan en la campa\u00f1a y refuerzan las cr\u00edticas a la &#171;paz total&#187; de Petro\",\"datePublished\":\"2026-04-27T18:03:41+00:00\",\"mainEntityOfPage\":{\"@id\":\"https:\/\/noticiasya.com\/2026\/04\/27\/atentados-impacto-campana-elecciones-paz-orix\/\"},\"wordCount\":939,\"commentCount\":0,\"publisher\":{\"@id\":\"https:\/\/noticiasya.com\/#organization\"},\"articleSection\":[\"Noticias Nacionales\"],\"inLanguage\":\"es\",\"potentialAction\":[{\"@type\":\"CommentAction\",\"name\":\"Comment\",\"target\":[\"https:\/\/noticiasya.com\/2026\/04\/27\/atentados-impacto-campana-elecciones-paz-orix\/#respond\"]}]},{\"@type\":\"WebPage\",\"@id\":\"https:\/\/noticiasya.com\/2026\/04\/27\/atentados-impacto-campana-elecciones-paz-orix\/\",\"url\":\"https:\/\/noticiasya.com\/2026\/04\/27\/atentados-impacto-campana-elecciones-paz-orix\/\",\"name\":\"Los atentados en Colombia impactan en la campa\u00f1a y refuerzan las cr\u00edticas a la \\\"paz total\\\" de Petro - Noticias\",\"isPartOf\":{\"@id\":\"https:\/\/noticiasya.com\/#website\"},\"datePublished\":\"2026-04-27T18:03:41+00:00\",\"breadcrumb\":{\"@id\":\"https:\/\/noticiasya.com\/2026\/04\/27\/atentados-impacto-campana-elecciones-paz-orix\/#breadcrumb\"},\"inLanguage\":\"es\",\"potentialAction\":[{\"@type\":\"ReadAction\",\"target\":[\"https:\/\/noticiasya.com\/2026\/04\/27\/atentados-impacto-campana-elecciones-paz-orix\/\"]}]},{\"@type\":\"BreadcrumbList\",\"@id\":\"https:\/\/noticiasya.com\/2026\/04\/27\/atentados-impacto-campana-elecciones-paz-orix\/#breadcrumb\",\"itemListElement\":[{\"@type\":\"ListItem\",\"position\":1,\"name\":\"Home\",\"item\":\"https:\/\/noticiasya.com\/\"},{\"@type\":\"ListItem\",\"position\":2,\"name\":\"Los atentados en Colombia impactan en la campa\u00f1a y refuerzan las cr\u00edticas a la &#171;paz total&#187; de Petro\"}]},{\"@type\":\"WebSite\",\"@id\":\"https:\/\/noticiasya.com\/#website\",\"url\":\"https:\/\/noticiasya.com\/\",\"name\":\"Noticias\",\"description\":\"Lo que importa\",\"publisher\":{\"@id\":\"https:\/\/noticiasya.com\/#organization\"},\"potentialAction\":[{\"@type\":\"SearchAction\",\"target\":{\"@type\":\"EntryPoint\",\"urlTemplate\":\"https:\/\/noticiasya.com\/?s={search_term_string}\"},\"query-input\":{\"@type\":\"PropertyValueSpecification\",\"valueRequired\":true,\"valueName\":\"search_term_string\"}}],\"inLanguage\":\"es\"},{\"@type\":\"Organization\",\"@id\":\"https:\/\/noticiasya.com\/#organization\",\"name\":\"Noticias\",\"url\":\"https:\/\/noticiasya.com\/\",\"logo\":{\"@type\":\"ImageObject\",\"inLanguage\":\"es\",\"@id\":\"https:\/\/noticiasya.com\/#\/schema\/logo\/image\/\",\"url\":\"https:\/\/noticiasya.com\/wp-content\/uploads\/sites\/22\/2023\/12\/logo-nacional.png\",\"contentUrl\":\"https:\/\/noticiasya.com\/wp-content\/uploads\/sites\/22\/2023\/12\/logo-nacional.png\",\"width\":1801,\"height\":691,\"caption\":\"Noticias\"},\"image\":{\"@id\":\"https:\/\/noticiasya.com\/#\/schema\/logo\/image\/\"}}]}<\/script>\n<!-- \/ Yoast SEO plugin. -->","yoast_head_json":{"title":"Los atentados en Colombia impactan en la campa\u00f1a y refuerzan las cr\u00edticas a la \"paz total\" de Petro - Noticias","robots":{"index":"index","follow":"follow","max-snippet":"max-snippet:-1","max-image-preview":"max-image-preview:large","max-video-preview":"max-video-preview:-1"},"canonical":"https:\/\/noticiasya.com\/2026\/04\/27\/atentados-impacto-campana-elecciones-paz-orix\/","og_locale":"es_ES","og_type":"article","og_title":"Los atentados en Colombia impactan en la campa\u00f1a y refuerzan las cr\u00edticas a la \"paz total\" de Petro - Noticias","og_description":"El atentado que dej\u00f3 al menos 20 muertos en el suroeste de Colombia, en medio de una ola de ataques en la zona, fue r\u00e1pidamente condenado por la dirigencia pol\u00edtica del pa\u00eds, pero los mensajes tambi\u00e9n expusieron las divisiones acentuadas por el clima electoral, cuando faltan cinco semanas para la votaci\u00f3n presidencial del 31 de [&hellip;]","og_url":"https:\/\/noticiasya.com\/2026\/04\/27\/atentados-impacto-campana-elecciones-paz-orix\/","og_site_name":"Noticias","article_published_time":"2026-04-27T18:03:41+00:00","twitter_card":"summary_large_image","twitter_misc":{"Est. reading time":"5 minutos"},"schema":{"@context":"https:\/\/schema.org","@graph":[{"@type":"Article","@id":"https:\/\/noticiasya.com\/2026\/04\/27\/atentados-impacto-campana-elecciones-paz-orix\/#article","isPartOf":{"@id":"https:\/\/noticiasya.com\/2026\/04\/27\/atentados-impacto-campana-elecciones-paz-orix\/"},"author":{"name":"","@id":""},"headline":"Los atentados en Colombia impactan en la campa\u00f1a y refuerzan las cr\u00edticas a la &#171;paz total&#187; de Petro","datePublished":"2026-04-27T18:03:41+00:00","mainEntityOfPage":{"@id":"https:\/\/noticiasya.com\/2026\/04\/27\/atentados-impacto-campana-elecciones-paz-orix\/"},"wordCount":939,"commentCount":0,"publisher":{"@id":"https:\/\/noticiasya.com\/#organization"},"articleSection":["Noticias Nacionales"],"inLanguage":"es","potentialAction":[{"@type":"CommentAction","name":"Comment","target":["https:\/\/noticiasya.com\/2026\/04\/27\/atentados-impacto-campana-elecciones-paz-orix\/#respond"]}]},{"@type":"WebPage","@id":"https:\/\/noticiasya.com\/2026\/04\/27\/atentados-impacto-campana-elecciones-paz-orix\/","url":"https:\/\/noticiasya.com\/2026\/04\/27\/atentados-impacto-campana-elecciones-paz-orix\/","name":"Los atentados en Colombia impactan en la campa\u00f1a y refuerzan las cr\u00edticas a la \"paz total\" de Petro - Noticias","isPartOf":{"@id":"https:\/\/noticiasya.com\/#website"},"datePublished":"2026-04-27T18:03:41+00:00","breadcrumb":{"@id":"https:\/\/noticiasya.com\/2026\/04\/27\/atentados-impacto-campana-elecciones-paz-orix\/#breadcrumb"},"inLanguage":"es","potentialAction":[{"@type":"ReadAction","target":["https:\/\/noticiasya.com\/2026\/04\/27\/atentados-impacto-campana-elecciones-paz-orix\/"]}]},{"@type":"BreadcrumbList","@id":"https:\/\/noticiasya.com\/2026\/04\/27\/atentados-impacto-campana-elecciones-paz-orix\/#breadcrumb","itemListElement":[{"@type":"ListItem","position":1,"name":"Home","item":"https:\/\/noticiasya.com\/"},{"@type":"ListItem","position":2,"name":"Los atentados en Colombia impactan en la campa\u00f1a y refuerzan las cr\u00edticas a la &#171;paz total&#187; de Petro"}]},{"@type":"WebSite","@id":"https:\/\/noticiasya.com\/#website","url":"https:\/\/noticiasya.com\/","name":"Noticias","description":"Lo que importa","publisher":{"@id":"https:\/\/noticiasya.com\/#organization"},"potentialAction":[{"@type":"SearchAction","target":{"@type":"EntryPoint","urlTemplate":"https:\/\/noticiasya.com\/?s={search_term_string}"},"query-input":{"@type":"PropertyValueSpecification","valueRequired":true,"valueName":"search_term_string"}}],"inLanguage":"es"},{"@type":"Organization","@id":"https:\/\/noticiasya.com\/#organization","name":"Noticias","url":"https:\/\/noticiasya.com\/","logo":{"@type":"ImageObject","inLanguage":"es","@id":"https:\/\/noticiasya.com\/#\/schema\/logo\/image\/","url":"https:\/\/noticiasya.com\/wp-content\/uploads\/sites\/22\/2023\/12\/logo-nacional.png","contentUrl":"https:\/\/noticiasya.com\/wp-content\/uploads\/sites\/22\/2023\/12\/logo-nacional.png","width":1801,"height":691,"caption":"Noticias"},"image":{"@id":"https:\/\/noticiasya.com\/#\/schema\/logo\/image\/"}}]}},"parsely":{"version":"1.1.0","canonical_url":"https:\/\/noticiasya.com\/tampa\/2026\/04\/27\/atentados-impacto-campana-elecciones-paz-orix\/","smart_links":{"inbound":0,"outbound":0},"traffic_boost_suggestions_count":0,"meta":{"@context":"https:\/\/schema.org","@type":"NewsArticle","headline":"Los atentados en Colombia impactan en la campa\u00f1a y refuerzan las cr\u00edticas a la &#171;paz total&#187; de Petro","url":"http:\/\/noticiasya.com\/tampa\/2026\/04\/27\/atentados-impacto-campana-elecciones-paz-orix\/","mainEntityOfPage":{"@type":"WebPage","@id":"http:\/\/noticiasya.com\/tampa\/2026\/04\/27\/atentados-impacto-campana-elecciones-paz-orix\/"},"thumbnailUrl":"","image":{"@type":"ImageObject","url":""},"articleSection":"Noticias Nacionales","author":[],"creator":[],"publisher":{"@type":"Organization","name":"Noticias","logo":""},"keywords":[],"dateCreated":"2026-04-27T18:03:41Z","datePublished":"2026-04-27T18:03:41Z","dateModified":"2026-04-27T18:03:41Z"},"rendered":"<script type=\"application\/ld+json\" class=\"wp-parsely-metadata\">{\"@context\":\"https:\\\/\\\/schema.org\",\"@type\":\"NewsArticle\",\"headline\":\"Los atentados en Colombia impactan en la campa\\u00f1a y refuerzan las cr\\u00edticas a la &#171;paz total&#187; de Petro\",\"url\":\"http:\\\/\\\/noticiasya.com\\\/tampa\\\/2026\\\/04\\\/27\\\/atentados-impacto-campana-elecciones-paz-orix\\\/\",\"mainEntityOfPage\":{\"@type\":\"WebPage\",\"@id\":\"http:\\\/\\\/noticiasya.com\\\/tampa\\\/2026\\\/04\\\/27\\\/atentados-impacto-campana-elecciones-paz-orix\\\/\"},\"thumbnailUrl\":\"\",\"image\":{\"@type\":\"ImageObject\",\"url\":\"\"},\"articleSection\":\"Noticias Nacionales\",\"author\":[],\"creator\":[],\"publisher\":{\"@type\":\"Organization\",\"name\":\"Noticias\",\"logo\":\"\"},\"keywords\":[],\"dateCreated\":\"2026-04-27T18:03:41Z\",\"datePublished\":\"2026-04-27T18:03:41Z\",\"dateModified\":\"2026-04-27T18:03:41Z\"}<\/script>","tracker_url":"https:\/\/cdn.parsely.com\/keys\/noticiasya.com\/p.js"},"jetpack_featured_media_url":"","jetpack-related-posts":[{"id":1471568,"url":"https:\/\/noticiasya.com\/tampa\/2026\/02\/23\/impacto-mencho-violencia-carteles-ecuador-colombia-orix\/","url_meta":{"origin":1473541,"position":0},"title":"El impacto m\u00e1s all\u00e1 de M\u00e9xico: \u00bfpodr\u00e1 la ca\u00edda del Mencho extender tambi\u00e9n la violencia entre carteles de Ecuador y Colombia?","author":"","date":"febrero 23, 2026","format":false,"excerpt":"La muerte del capo mexicano Nemesio Oseguera Cervantes, alias \u201cEl Mencho\u201d, l\u00edder del Cartel Jalisco Nueva Generaci\u00f3n (CJNG), no solo marca un punto de quiebre en el mapa criminal de M\u00e9xico, sino que proyecta un posible efecto domin\u00f3 sobre los pa\u00edses del sur de Am\u00e9rica Latina que forman parte de\u2026","rel":"","context":"In &quot;Noticias Nacionales&quot;","block_context":{"text":"Noticias Nacionales","link":"https:\/\/noticiasya.com\/tampa\/categoria\/noticias-nacionales"},"img":{"alt_text":"","src":"","width":0,"height":0},"classes":[]},{"id":1469810,"url":"https:\/\/noticiasya.com\/tampa\/2026\/01\/05\/trump-petro-amenazas-venezuela-orix\/","url_meta":{"origin":1473541,"position":1},"title":"El impacto pol\u00edtico en Colombia de las amenazas de Trump y las declaraciones de Petro tras el ataque en Venezuela","author":"","date":"enero 5, 2026","format":false,"excerpt":"En la madrugada del 3 de enero, tras la incursi\u00f3n de tropas estadounidenses en Caracas, el presidente de Colombia, Gustavo Petro, fue de los primeros en reportar la situaci\u00f3n que estaba ocurriendo en el vecino pa\u00eds. \u201cEn este momento bombardean Caracas. Alerta a todo el mundo han atacado a Venezuela\u2026","rel":"","context":"In &quot;Noticias Nacionales&quot;","block_context":{"text":"Noticias Nacionales","link":"https:\/\/noticiasya.com\/tampa\/categoria\/noticias-nacionales"},"img":{"alt_text":"","src":"","width":0,"height":0},"classes":[]},{"id":1465761,"url":"https:\/\/noticiasya.com\/tampa\/2025\/08\/22\/colombia-ataques-impacto-gobierno-analisis-petro-orix\/","url_meta":{"origin":1473541,"position":2},"title":"Atentados terroristas y amenazas: los grupos criminales aumentan su desaf\u00edo a Petro a menos de un a\u00f1o de elecciones","author":"","date":"agosto 22, 2025","format":false,"excerpt":"Cuando Colombia a\u00fan no se repuso del atentado y posterior muerte del precandidato presidencial Miguel Uribe Turbay, del partido de oposici\u00f3n de derecha Centro Democr\u00e1tico, los ataques en Amalfi, Antioquia, y en la ciudad de Cali, Valle del Cauca, reviven el miedo de las peores \u00e9pocas del narcoterrorismo, en los\u2026","rel":"","context":"In &quot;Noticias Nacionales&quot;","block_context":{"text":"Noticias Nacionales","link":"https:\/\/noticiasya.com\/tampa\/categoria\/noticias-nacionales"},"img":{"alt_text":"","src":"","width":0,"height":0},"classes":[]},{"id":1463212,"url":"https:\/\/noticiasya.com\/tampa\/2025\/06\/04\/embajador-designado-colombia-autoridades-palestinas-guerra-sin-sede-orix\/","url_meta":{"origin":1473541,"position":3},"title":"Embajador designado de Colombia ante autoridades palestinas busca llegar en medio de la guerra y sin una sede","author":"","date":"junio 4, 2025","format":false,"excerpt":"El presidente Gustavo Petro acreditar\u00e1 en los pr\u00f3ximos d\u00edas al m\u00e9dico, exsenador y exalcalde de Cali Jorge Iv\u00e1n Ospina como \u201cembajador de Colombia en Palestina\u201d, casi siete a\u00f1os despu\u00e9s de que el Gobierno del entonces presidente Juan Manuel Santos reconociera a Palestina como un Estado soberano.Este nombramiento, que Colombia realiza\u2026","rel":"","context":"In &quot;Noticias Nacionales&quot;","block_context":{"text":"Noticias Nacionales","link":"https:\/\/noticiasya.com\/tampa\/categoria\/noticias-nacionales"},"img":{"alt_text":"","src":"","width":0,"height":0},"classes":[]},{"id":1462711,"url":"https:\/\/noticiasya.com\/tampa\/2025\/05\/23\/papa-leon-beatificar-misioneros-asesinados-efe\/","url_meta":{"origin":1473541,"position":4},"title":"El papa Le\u00f3n XIV firma decretos para beatificar a misioneros asesinados en la selva amaz\u00f3nica de Ecuador","author":"","date":"mayo 23, 2025","format":false,"excerpt":"Le\u00f3n XIV emiti\u00f3 sus primeros decretos de causas de santos y aprob\u00f3 el primer paso en el camino para beatificaci\u00f3n de dos misioneros: el espa\u00f1ol Alejandro Labaka Ugarte (1920-1987) y la colombiana In\u00e9s Arango Vel\u00e1squez (1937-1987), ambos asesinados violentamente en la selva amaz\u00f3nica de Ecuador, inform\u00f3 este jueves la Santa\u2026","rel":"","context":"In &quot;Noticias Nacionales&quot;","block_context":{"text":"Noticias Nacionales","link":"https:\/\/noticiasya.com\/tampa\/categoria\/noticias-nacionales"},"img":{"alt_text":"","src":"","width":0,"height":0},"classes":[]},{"id":1452866,"url":"https:\/\/noticiasya.com\/tampa\/2024\/09\/19\/muere-tercer-militar-colombiano-ataque-puerto-jordan-orix\/","url_meta":{"origin":1473541,"position":5},"title":"Muere tercer militar colombiano tras ataque con explosivos en Puerto Jord\u00e1n","author":"","date":"septiembre 19, 2024","format":false,"excerpt":"(CNN Espa\u00f1ol) -- Un tercer militar colombiano muri\u00f3 este jueves a causa de las heridas que sufri\u00f3 por el ataque con explosivos registrado este martes en la base de Puerto Jord\u00e1n, en el departamento de Arauca, inform\u00f3 el Ej\u00e9rcito en su cuenta de X.El militar fallecido es el sargento viceprimero\u2026","rel":"","context":"In &quot;Noticias Nacionales&quot;","block_context":{"text":"Noticias Nacionales","link":"https:\/\/noticiasya.com\/tampa\/categoria\/noticias-nacionales"},"img":{"alt_text":"","src":"","width":0,"height":0},"classes":[]}],"jetpack_sharing_enabled":true,"_links":{"self":[{"href":"https:\/\/noticiasya.com\/tampa\/wp-json\/wp\/v2\/posts\/1473541","targetHints":{"allow":["GET"]}}],"collection":[{"href":"https:\/\/noticiasya.com\/tampa\/wp-json\/wp\/v2\/posts"}],"about":[{"href":"https:\/\/noticiasya.com\/tampa\/wp-json\/wp\/v2\/types\/post"}],"replies":[{"embeddable":true,"href":"https:\/\/noticiasya.com\/tampa\/wp-json\/wp\/v2\/comments?post=1473541"}],"version-history":[{"count":0,"href":"https:\/\/noticiasya.com\/tampa\/wp-json\/wp\/v2\/posts\/1473541\/revisions"}],"wp:attachment":[{"href":"https:\/\/noticiasya.com\/tampa\/wp-json\/wp\/v2\/media?parent=1473541"}],"wp:term":[{"taxonomy":"category","embeddable":true,"href":"https:\/\/noticiasya.com\/tampa\/wp-json\/wp\/v2\/categories?post=1473541"},{"taxonomy":"post_tag","embeddable":true,"href":"https:\/\/noticiasya.com\/tampa\/wp-json\/wp\/v2\/tags?post=1473541"}],"curies":[{"name":"wp","href":"https:\/\/api.w.org\/{rel}","templated":true}]}}