{"id":1473542,"date":"2026-04-27T13:03:48","date_gmt":"2026-04-27T20:03:48","guid":{"rendered":"https:\/\/noticiasya.com\/2026\/04\/27\/kylian-mbappe-luka-modric-lesion-orix\/"},"modified":"2026-04-27T13:03:48","modified_gmt":"2026-04-27T20:03:48","slug":"kylian-mbappe-luka-modric-lesion-orix","status":"publish","type":"post","link":"https:\/\/noticiasya.com\/tampa\/2026\/04\/27\/kylian-mbappe-luka-modric-lesion-orix\/","title":{"rendered":"\u00bfLlegan Kylian Mbapp\u00e9 y Luka Modric al Mundial 2026? Las selecciones, en alerta por las lesiones"},"content":{"rendered":"<p>Esperemos que s\u00ed. Esa es la respuesta a la pregunta que se plantea en el t\u00edtulo de este art\u00edculo. Y es que ocho a\u00f1os despu\u00e9s de haberse enfrentado cara a cara en la final de Rusia 2018, los emblemas de las selecciones de Francia y Croacia transitar\u00e1n las pr\u00f3ximas semanas con la incertidumbre de si podr\u00e1n llegar en plenitud f\u00edsica a la Copa del Mundo de 2026.<\/p>\n<p>Fue un fin de semana agitado para ambos futbolistas, Mbapp\u00e9 con el Real Madrid y Modric con el AC Milan, donde intentaron empujar sin \u00e9xito a sus equipos para mantenerse en la pelea por LaLiga y la Serie A, respectivamente. Sin embargo, los dos equipos empataron, se despidieron pr\u00e1cticamente de la posibilidad de ser campeones y sus lesiones hicieron saltar las alarmas m\u00e1s all\u00e1 de las fronteras de Espa\u00f1a e Italia.<\/p>\n<p>De momento, no. Mbapp\u00e9 parece tener, de todas las lesiones, la m\u00e1s f\u00e1cil de recuperar, o, al menos, as\u00ed lo indica el alentador parte m\u00e9dico del Real Madrid, que espera tenerlo de vuelta para \u201cEl Cl\u00e1sico\u201d del 10 de mayo.<\/p>\n<p>Seg\u00fan el <a href=\"https:\/\/www.realmadrid.com\/es-ES\/noticias\/futbol\/primer-equipo\/partes-medicos\/parte-medico-de-mbappe-27-04-2026\">parte m\u00e9dico emitido por el equipo merengue<\/a>, Mbapp\u00e9 tiene una lesi\u00f3n en los isquiotibiales de su pierna izquierda, en el m\u00fasculo semitendinoso. El equipo dictamin\u00f3 que est\u00e1 \u201cpendiente de evoluci\u00f3n\u201d.<\/p>\n<p>El delantero franc\u00e9s y m\u00e1ximo goleador de LaLiga, con 24 dianas, pidi\u00f3 el cambio el pasado viernes en el encuentro que el Madrid empat\u00f3 frente al Betis. Despu\u00e9s de un descanso de 48 horas se le realiz\u00f3 una valoraci\u00f3n m\u00e9dica y se descart\u00f3 una dolencia de gravedad, como se temi\u00f3 en un principio.<\/p>\n<p>Mbapp\u00e9, de momento, se perder\u00e1 el partido frente al Espanyol y podr\u00eda regresar para enfrentar al Barcelona en un partido en el que el equipo blaugrana puede coronarse campe\u00f3n, o llegar con el t\u00edtulo debajo del brazo esperando el pasillo del Real Madrid.<\/p>\n<p>Sin embargo, la presencia del franc\u00e9s no est\u00e1 garantizada. Especialmente si se tiene en cuenta que los blancos ya est\u00e1n casi afuera de la pelea por el t\u00edtulo y el historial de molestias f\u00edsicas y lesiones de rodilla que ha tenido Mbapp\u00e9 en este 2026, que lo llevaron a perderse siete partidos en dos momentos distintos del a\u00f1o. \u00bfQuerr\u00e1 arriesgar en su vuelta el delantero sabiendo que el Mundial est\u00e1 a la vuelta de la esquina?<\/p>\n<p>El croata, que busca disputar su quinto Mundial, tuvo un tropiezo bastante aparatoso que le cost\u00f3 una operaci\u00f3n y casi seguro lo que resta de temporada con el AC Milan.<\/p>\n<p>El veterano mediocampista, ganador del Bal\u00f3n de Oro en 2018, sufri\u00f3 un choque con Manuel Locatelli de la Juventus en la jornada 34 de la Serie A, en un partido que termin\u00f3 en empate y que alej\u00f3 definitivamente al Milan de la pelea por el <em>Scudetto<\/em>.<\/p>\n<p>El golpe fue cabeza a cabeza y Modric termin\u00f3 con una doble fractura en la parte izquierda de la cara, por lo que fue operado, <a href=\"https:\/\/www.acmilan.com\/it\/news\/articoli\/media\/2026-04-27\/comunicato-ufficiale-luka-modric\">seg\u00fan inform\u00f3 el equipo<\/a><em>.<\/em><\/p>\n<p>\u201cEl AC Milan anuncia que Luka Modri\u0107 fue intervenido quir\u00fargicamente hoy en la Cl\u00ednica La Madonnina de Mil\u00e1n. La cirug\u00eda fue necesaria para tratar una fractura compleja y multifragmentaria del hueso cigom\u00e1tico izquierdo\u201d, comunic\u00f3 el club en la tarde del lunes, calificando la cirug\u00eda de exitosa y dese\u00e1ndole una pronta recuperaci\u00f3n de cara al Mundial.<\/p>\n<p>Esta operaci\u00f3n le obligar\u00e1 a estar por fuera de las canchas las cuatro fechas que faltan para el t\u00e9rmino de la Serie A y, si llega en condiciones al Mundial, lo m\u00e1s seguro es que lo veamos con una m\u00e1scara protectora.<\/p>\n<p>Mientras tanto, en Francia y Croacia ya le prenden velas a sus estrellas.<\/p>\n<p>The-CNN-Wire<br \/>&trade; &amp; &copy; 2026 Cable News Network, Inc., a Warner Bros. Discovery Company. All rights reserved.<\/p>\n","protected":false},"excerpt":{"rendered":"<p>Esperemos que s\u00ed. Esa es la respuesta a la pregunta que se plantea en el t\u00edtulo de este art\u00edculo. Y es que ocho a\u00f1os despu\u00e9s de haberse enfrentado cara a cara en la final de Rusia 2018, los emblemas de las selecciones de Francia y Croacia transitar\u00e1n las pr\u00f3ximas semanas con la incertidumbre de si [&hellip;]<\/p>\n","protected":false},"author":0,"featured_media":0,"comment_status":"open","ping_status":"open","sticky":false,"template":"","format":"standard","meta":{"_jetpack_memberships_contains_paid_content":false,"footnotes":""},"categories":[10],"tags":[],"class_list":["post-1473542","post","type-post","status-publish","format-standard","hentry","category-noticias-nacionales","market-global"],"yoast_head":"<!-- This site is optimized with the Yoast SEO plugin v24.4 - https:\/\/yoast.com\/wordpress\/plugins\/seo\/ -->\n<title>\u00bfLlegan Kylian Mbapp\u00e9 y Luka Modric al Mundial 2026? Las selecciones, en alerta por las lesiones - Noticias<\/title>\n<meta name=\"robots\" content=\"index, follow, max-snippet:-1, max-image-preview:large, max-video-preview:-1\" \/>\n<link rel=\"canonical\" href=\"https:\/\/noticiasya.com\/2026\/04\/27\/kylian-mbappe-luka-modric-lesion-orix\/\" \/>\n<meta property=\"og:locale\" content=\"es_ES\" \/>\n<meta property=\"og:type\" content=\"article\" \/>\n<meta property=\"og:title\" content=\"\u00bfLlegan Kylian Mbapp\u00e9 y Luka Modric al Mundial 2026? Las selecciones, en alerta por las lesiones - Noticias\" \/>\n<meta property=\"og:description\" content=\"Esperemos que s\u00ed. Esa es la respuesta a la pregunta que se plantea en el t\u00edtulo de este art\u00edculo. Y es que ocho a\u00f1os despu\u00e9s de haberse enfrentado cara a cara en la final de Rusia 2018, los emblemas de las selecciones de Francia y Croacia transitar\u00e1n las pr\u00f3ximas semanas con la incertidumbre de si [&hellip;]\" \/>\n<meta property=\"og:url\" content=\"https:\/\/noticiasya.com\/2026\/04\/27\/kylian-mbappe-luka-modric-lesion-orix\/\" \/>\n<meta property=\"og:site_name\" content=\"Noticias\" \/>\n<meta property=\"article:published_time\" content=\"2026-04-27T20:03:48+00:00\" \/>\n<meta name=\"twitter:card\" content=\"summary_large_image\" \/>\n<meta name=\"twitter:label1\" content=\"Est. reading time\" \/>\n\t<meta name=\"twitter:data1\" content=\"3 minutos\" \/>\n<script type=\"application\/ld+json\" class=\"yoast-schema-graph\">{\"@context\":\"https:\/\/schema.org\",\"@graph\":[{\"@type\":\"Article\",\"@id\":\"https:\/\/noticiasya.com\/2026\/04\/27\/kylian-mbappe-luka-modric-lesion-orix\/#article\",\"isPartOf\":{\"@id\":\"https:\/\/noticiasya.com\/2026\/04\/27\/kylian-mbappe-luka-modric-lesion-orix\/\"},\"author\":{\"name\":\"\",\"@id\":\"\"},\"headline\":\"\u00bfLlegan Kylian Mbapp\u00e9 y Luka Modric al Mundial 2026? Las selecciones, en alerta por las lesiones\",\"datePublished\":\"2026-04-27T20:03:48+00:00\",\"mainEntityOfPage\":{\"@id\":\"https:\/\/noticiasya.com\/2026\/04\/27\/kylian-mbappe-luka-modric-lesion-orix\/\"},\"wordCount\":667,\"commentCount\":0,\"publisher\":{\"@id\":\"https:\/\/noticiasya.com\/#organization\"},\"articleSection\":[\"Noticias Nacionales\"],\"inLanguage\":\"es\",\"potentialAction\":[{\"@type\":\"CommentAction\",\"name\":\"Comment\",\"target\":[\"https:\/\/noticiasya.com\/2026\/04\/27\/kylian-mbappe-luka-modric-lesion-orix\/#respond\"]}]},{\"@type\":\"WebPage\",\"@id\":\"https:\/\/noticiasya.com\/2026\/04\/27\/kylian-mbappe-luka-modric-lesion-orix\/\",\"url\":\"https:\/\/noticiasya.com\/2026\/04\/27\/kylian-mbappe-luka-modric-lesion-orix\/\",\"name\":\"\u00bfLlegan Kylian Mbapp\u00e9 y Luka Modric al Mundial 2026? Las selecciones, en alerta por las lesiones - Noticias\",\"isPartOf\":{\"@id\":\"https:\/\/noticiasya.com\/#website\"},\"datePublished\":\"2026-04-27T20:03:48+00:00\",\"breadcrumb\":{\"@id\":\"https:\/\/noticiasya.com\/2026\/04\/27\/kylian-mbappe-luka-modric-lesion-orix\/#breadcrumb\"},\"inLanguage\":\"es\",\"potentialAction\":[{\"@type\":\"ReadAction\",\"target\":[\"https:\/\/noticiasya.com\/2026\/04\/27\/kylian-mbappe-luka-modric-lesion-orix\/\"]}]},{\"@type\":\"BreadcrumbList\",\"@id\":\"https:\/\/noticiasya.com\/2026\/04\/27\/kylian-mbappe-luka-modric-lesion-orix\/#breadcrumb\",\"itemListElement\":[{\"@type\":\"ListItem\",\"position\":1,\"name\":\"Home\",\"item\":\"https:\/\/noticiasya.com\/\"},{\"@type\":\"ListItem\",\"position\":2,\"name\":\"\u00bfLlegan Kylian Mbapp\u00e9 y Luka Modric al Mundial 2026? Las selecciones, en alerta por las lesiones\"}]},{\"@type\":\"WebSite\",\"@id\":\"https:\/\/noticiasya.com\/#website\",\"url\":\"https:\/\/noticiasya.com\/\",\"name\":\"Noticias\",\"description\":\"Lo que importa\",\"publisher\":{\"@id\":\"https:\/\/noticiasya.com\/#organization\"},\"potentialAction\":[{\"@type\":\"SearchAction\",\"target\":{\"@type\":\"EntryPoint\",\"urlTemplate\":\"https:\/\/noticiasya.com\/?s={search_term_string}\"},\"query-input\":{\"@type\":\"PropertyValueSpecification\",\"valueRequired\":true,\"valueName\":\"search_term_string\"}}],\"inLanguage\":\"es\"},{\"@type\":\"Organization\",\"@id\":\"https:\/\/noticiasya.com\/#organization\",\"name\":\"Noticias\",\"url\":\"https:\/\/noticiasya.com\/\",\"logo\":{\"@type\":\"ImageObject\",\"inLanguage\":\"es\",\"@id\":\"https:\/\/noticiasya.com\/#\/schema\/logo\/image\/\",\"url\":\"https:\/\/noticiasya.com\/wp-content\/uploads\/sites\/22\/2023\/12\/logo-nacional.png\",\"contentUrl\":\"https:\/\/noticiasya.com\/wp-content\/uploads\/sites\/22\/2023\/12\/logo-nacional.png\",\"width\":1801,\"height\":691,\"caption\":\"Noticias\"},\"image\":{\"@id\":\"https:\/\/noticiasya.com\/#\/schema\/logo\/image\/\"}}]}<\/script>\n<!-- \/ Yoast SEO plugin. -->","yoast_head_json":{"title":"\u00bfLlegan Kylian Mbapp\u00e9 y Luka Modric al Mundial 2026? Las selecciones, en alerta por las lesiones - Noticias","robots":{"index":"index","follow":"follow","max-snippet":"max-snippet:-1","max-image-preview":"max-image-preview:large","max-video-preview":"max-video-preview:-1"},"canonical":"https:\/\/noticiasya.com\/2026\/04\/27\/kylian-mbappe-luka-modric-lesion-orix\/","og_locale":"es_ES","og_type":"article","og_title":"\u00bfLlegan Kylian Mbapp\u00e9 y Luka Modric al Mundial 2026? Las selecciones, en alerta por las lesiones - Noticias","og_description":"Esperemos que s\u00ed. Esa es la respuesta a la pregunta que se plantea en el t\u00edtulo de este art\u00edculo. Y es que ocho a\u00f1os despu\u00e9s de haberse enfrentado cara a cara en la final de Rusia 2018, los emblemas de las selecciones de Francia y Croacia transitar\u00e1n las pr\u00f3ximas semanas con la incertidumbre de si [&hellip;]","og_url":"https:\/\/noticiasya.com\/2026\/04\/27\/kylian-mbappe-luka-modric-lesion-orix\/","og_site_name":"Noticias","article_published_time":"2026-04-27T20:03:48+00:00","twitter_card":"summary_large_image","twitter_misc":{"Est. reading time":"3 minutos"},"schema":{"@context":"https:\/\/schema.org","@graph":[{"@type":"Article","@id":"https:\/\/noticiasya.com\/2026\/04\/27\/kylian-mbappe-luka-modric-lesion-orix\/#article","isPartOf":{"@id":"https:\/\/noticiasya.com\/2026\/04\/27\/kylian-mbappe-luka-modric-lesion-orix\/"},"author":{"name":"","@id":""},"headline":"\u00bfLlegan Kylian Mbapp\u00e9 y Luka Modric al Mundial 2026? Las selecciones, en alerta por las lesiones","datePublished":"2026-04-27T20:03:48+00:00","mainEntityOfPage":{"@id":"https:\/\/noticiasya.com\/2026\/04\/27\/kylian-mbappe-luka-modric-lesion-orix\/"},"wordCount":667,"commentCount":0,"publisher":{"@id":"https:\/\/noticiasya.com\/#organization"},"articleSection":["Noticias Nacionales"],"inLanguage":"es","potentialAction":[{"@type":"CommentAction","name":"Comment","target":["https:\/\/noticiasya.com\/2026\/04\/27\/kylian-mbappe-luka-modric-lesion-orix\/#respond"]}]},{"@type":"WebPage","@id":"https:\/\/noticiasya.com\/2026\/04\/27\/kylian-mbappe-luka-modric-lesion-orix\/","url":"https:\/\/noticiasya.com\/2026\/04\/27\/kylian-mbappe-luka-modric-lesion-orix\/","name":"\u00bfLlegan Kylian Mbapp\u00e9 y Luka Modric al Mundial 2026? Las selecciones, en alerta por las lesiones - Noticias","isPartOf":{"@id":"https:\/\/noticiasya.com\/#website"},"datePublished":"2026-04-27T20:03:48+00:00","breadcrumb":{"@id":"https:\/\/noticiasya.com\/2026\/04\/27\/kylian-mbappe-luka-modric-lesion-orix\/#breadcrumb"},"inLanguage":"es","potentialAction":[{"@type":"ReadAction","target":["https:\/\/noticiasya.com\/2026\/04\/27\/kylian-mbappe-luka-modric-lesion-orix\/"]}]},{"@type":"BreadcrumbList","@id":"https:\/\/noticiasya.com\/2026\/04\/27\/kylian-mbappe-luka-modric-lesion-orix\/#breadcrumb","itemListElement":[{"@type":"ListItem","position":1,"name":"Home","item":"https:\/\/noticiasya.com\/"},{"@type":"ListItem","position":2,"name":"\u00bfLlegan Kylian Mbapp\u00e9 y Luka Modric al Mundial 2026? Las selecciones, en alerta por las lesiones"}]},{"@type":"WebSite","@id":"https:\/\/noticiasya.com\/#website","url":"https:\/\/noticiasya.com\/","name":"Noticias","description":"Lo que importa","publisher":{"@id":"https:\/\/noticiasya.com\/#organization"},"potentialAction":[{"@type":"SearchAction","target":{"@type":"EntryPoint","urlTemplate":"https:\/\/noticiasya.com\/?s={search_term_string}"},"query-input":{"@type":"PropertyValueSpecification","valueRequired":true,"valueName":"search_term_string"}}],"inLanguage":"es"},{"@type":"Organization","@id":"https:\/\/noticiasya.com\/#organization","name":"Noticias","url":"https:\/\/noticiasya.com\/","logo":{"@type":"ImageObject","inLanguage":"es","@id":"https:\/\/noticiasya.com\/#\/schema\/logo\/image\/","url":"https:\/\/noticiasya.com\/wp-content\/uploads\/sites\/22\/2023\/12\/logo-nacional.png","contentUrl":"https:\/\/noticiasya.com\/wp-content\/uploads\/sites\/22\/2023\/12\/logo-nacional.png","width":1801,"height":691,"caption":"Noticias"},"image":{"@id":"https:\/\/noticiasya.com\/#\/schema\/logo\/image\/"}}]}},"parsely":{"version":"1.1.0","canonical_url":"https:\/\/noticiasya.com\/tampa\/2026\/04\/27\/kylian-mbappe-luka-modric-lesion-orix\/","smart_links":{"inbound":0,"outbound":0},"traffic_boost_suggestions_count":0,"meta":{"@context":"https:\/\/schema.org","@type":"NewsArticle","headline":"\u00bfLlegan Kylian Mbapp\u00e9 y Luka Modric al Mundial 2026? Las selecciones, en alerta por las lesiones","url":"http:\/\/noticiasya.com\/tampa\/2026\/04\/27\/kylian-mbappe-luka-modric-lesion-orix\/","mainEntityOfPage":{"@type":"WebPage","@id":"http:\/\/noticiasya.com\/tampa\/2026\/04\/27\/kylian-mbappe-luka-modric-lesion-orix\/"},"thumbnailUrl":"","image":{"@type":"ImageObject","url":""},"articleSection":"Noticias Nacionales","author":[],"creator":[],"publisher":{"@type":"Organization","name":"Noticias","logo":""},"keywords":[],"dateCreated":"2026-04-27T20:03:48Z","datePublished":"2026-04-27T20:03:48Z","dateModified":"2026-04-27T20:03:48Z"},"rendered":"<script type=\"application\/ld+json\" class=\"wp-parsely-metadata\">{\"@context\":\"https:\\\/\\\/schema.org\",\"@type\":\"NewsArticle\",\"headline\":\"\\u00bfLlegan Kylian Mbapp\\u00e9 y Luka Modric al Mundial 2026? Las selecciones, en alerta por las lesiones\",\"url\":\"http:\\\/\\\/noticiasya.com\\\/tampa\\\/2026\\\/04\\\/27\\\/kylian-mbappe-luka-modric-lesion-orix\\\/\",\"mainEntityOfPage\":{\"@type\":\"WebPage\",\"@id\":\"http:\\\/\\\/noticiasya.com\\\/tampa\\\/2026\\\/04\\\/27\\\/kylian-mbappe-luka-modric-lesion-orix\\\/\"},\"thumbnailUrl\":\"\",\"image\":{\"@type\":\"ImageObject\",\"url\":\"\"},\"articleSection\":\"Noticias Nacionales\",\"author\":[],\"creator\":[],\"publisher\":{\"@type\":\"Organization\",\"name\":\"Noticias\",\"logo\":\"\"},\"keywords\":[],\"dateCreated\":\"2026-04-27T20:03:48Z\",\"datePublished\":\"2026-04-27T20:03:48Z\",\"dateModified\":\"2026-04-27T20:03:48Z\"}<\/script>","tracker_url":"https:\/\/cdn.parsely.com\/keys\/noticiasya.com\/p.js"},"jetpack_featured_media_url":"","jetpack-related-posts":[{"id":1469504,"url":"https:\/\/noticiasya.com\/tampa\/2025\/12\/22\/selecciones-a-seguir-copa-africana-naciones-orix\/","url_meta":{"origin":1473542,"position":0},"title":"Las selecciones a seguir en la Copa Africana de Naciones","author":"","date":"diciembre 22, 2025","format":false,"excerpt":"Cada vez falta menos para la Copa Mundial de Estados Unidos, M\u00e9xico y Canad\u00e1 del 2026. Por lo que las selecciones clasificadas se encuentran en la b\u00fasqueda de amistosos de alto nivel para llegar con buen ritmo de competencia a la pr\u00f3xima cita mundialista.Sin embargo, los equipos africanos que est\u00e1n\u2026","rel":"","context":"In &quot;Noticias Nacionales&quot;","block_context":{"text":"Noticias Nacionales","link":"https:\/\/noticiasya.com\/tampa\/categoria\/noticias-nacionales"},"img":{"alt_text":"","src":"","width":0,"height":0},"classes":[]},{"id":1466794,"url":"https:\/\/noticiasya.com\/tampa\/2025\/09\/24\/mundial-2030-64-selecciones-esto-sabemos-orix\/","url_meta":{"origin":1473542,"position":1},"title":"\u00bfUn Mundial 2030 con 64 selecciones? Esto sabemos","author":"","date":"septiembre 24, 2025","format":false,"excerpt":"Faltan menos de 300 d\u00edas para el comienzo de la Copa del Mundo de 2026, a realizarse en Canad\u00e1, Estados Unidos y M\u00e9xico. Ser\u00e1 el primer Mundial con 48 selecciones, abandonando el ya tradicional esquema de 32 participantes que ven\u00eda teniendo lugar de forma ininterrumpida desde Francia 1998.Pero, a pesar\u2026","rel":"","context":"In &quot;Noticias Nacionales&quot;","block_context":{"text":"Noticias Nacionales","link":"https:\/\/noticiasya.com\/tampa\/categoria\/noticias-nacionales"},"img":{"alt_text":"","src":"","width":0,"height":0},"classes":[]},{"id":1461617,"url":"https:\/\/noticiasya.com\/tampa\/2025\/04\/25\/previa-hora-alineaciones-barcelona-real-madrid-final-copa-del-rey-orix\/","url_meta":{"origin":1473542,"position":2},"title":"Barcelona &#8211; Real Madrid en la final de la Copa del Rey: alineaciones posibles, horarios y c\u00f3mo ver en vivo","author":"","date":"abril 25, 2025","format":false,"excerpt":"El F.C. Barcelona y el Real Madrid jugar\u00e1n este s\u00e1bado 26 de mayo la final de la Copa del Rey en el estadio La Cartuja en Sevilla, en un duelo fundamental para las aspiraciones de ambos clubes en lo que queda de temporada.El equipo catal\u00e1n dirigido por Hansi Flick llega\u2026","rel":"","context":"In &quot;Noticias Nacionales&quot;","block_context":{"text":"Noticias Nacionales","link":"https:\/\/noticiasya.com\/tampa\/categoria\/noticias-nacionales"},"img":{"alt_text":"","src":"","width":0,"height":0},"classes":[]},{"id":1470092,"url":"https:\/\/noticiasya.com\/tampa\/2026\/01\/14\/records-mundiales-que-se-podrian-romper-orix\/","url_meta":{"origin":1473542,"position":3},"title":"\u00bfQu\u00e9 marcas pueden romper las figuras del f\u00fatbol en el Mundial del 2026?","author":"","date":"enero 14, 2026","format":false,"excerpt":"La Copa del Mundo de Estados Unidos, M\u00e9xico y Canad\u00e1 ser\u00e1 una oportunidad inigualable para que varios talentos individuales puedan lograr r\u00e9cords hist\u00f3ricos.Estas son varias marcas que se pueden romper en el Mundial del 2026:Cristiano Ronaldo y Luka Modric, dos leyendas de este deporte, pueden convertirse en el jugador m\u00e1s\u2026","rel":"","context":"In &quot;Noticias Nacionales&quot;","block_context":{"text":"Noticias Nacionales","link":"https:\/\/noticiasya.com\/tampa\/categoria\/noticias-nacionales"},"img":{"alt_text":"","src":"","width":0,"height":0},"classes":[]},{"id":1473556,"url":"https:\/\/noticiasya.com\/tampa\/2026\/04\/28\/5-cosas-28-de-abril-orix\/","url_meta":{"origin":1473542,"position":4},"title":"Las 5 cosas que debes saber este 28 de abril","author":"","date":"abril 28, 2026","format":false,"excerpt":"Trump exige a ABC que despida a Jimmy Kimmel. M\u00e9xico detiene a alias El Jardinero, posible sucesor del Mencho. \u00bfC\u00f3mo fue el peor atentado en Colombia en a\u00f1os? Esto es lo que debes saber para comenzar el d\u00eda. Primero la verdad.Suscr\u00edbete aqu\u00ed para recibir el newsletter cada ma\u00f1ana en tu\u2026","rel":"","context":"In &quot;Noticias Nacionales&quot;","block_context":{"text":"Noticias Nacionales","link":"https:\/\/noticiasya.com\/tampa\/categoria\/noticias-nacionales"},"img":{"alt_text":"","src":"","width":0,"height":0},"classes":[]},{"id":1471835,"url":"https:\/\/noticiasya.com\/tampa\/2026\/03\/03\/mundial-2026-fechas-fifa-importantes-orix\/","url_meta":{"origin":1473542,"position":5},"title":"A 100 d\u00edas del Mundial 2026, estas son las fechas mas importantes: ventanas FIFA, repechajes y m\u00e1s","author":"","date":"marzo 3, 2026","format":false,"excerpt":"La cuenta regresiva rumbo a la Copa del Mundo de Canad\u00e1, Estados Unidos y M\u00e9xico sigue en marcha y ya faltan menos de 100 d\u00edas para el puntapi\u00e9 inicial del m\u00e1ximo torneo de la FIFA.La mayor\u00eda de las selecciones que participar\u00e1n en esta nueva edici\u00f3n del torneo mundialista ya est\u00e1n\u2026","rel":"","context":"In &quot;Noticias Nacionales&quot;","block_context":{"text":"Noticias Nacionales","link":"https:\/\/noticiasya.com\/tampa\/categoria\/noticias-nacionales"},"img":{"alt_text":"","src":"","width":0,"height":0},"classes":[]}],"jetpack_sharing_enabled":true,"_links":{"self":[{"href":"https:\/\/noticiasya.com\/tampa\/wp-json\/wp\/v2\/posts\/1473542","targetHints":{"allow":["GET"]}}],"collection":[{"href":"https:\/\/noticiasya.com\/tampa\/wp-json\/wp\/v2\/posts"}],"about":[{"href":"https:\/\/noticiasya.com\/tampa\/wp-json\/wp\/v2\/types\/post"}],"replies":[{"embeddable":true,"href":"https:\/\/noticiasya.com\/tampa\/wp-json\/wp\/v2\/comments?post=1473542"}],"version-history":[{"count":0,"href":"https:\/\/noticiasya.com\/tampa\/wp-json\/wp\/v2\/posts\/1473542\/revisions"}],"wp:attachment":[{"href":"https:\/\/noticiasya.com\/tampa\/wp-json\/wp\/v2\/media?parent=1473542"}],"wp:term":[{"taxonomy":"category","embeddable":true,"href":"https:\/\/noticiasya.com\/tampa\/wp-json\/wp\/v2\/categories?post=1473542"},{"taxonomy":"post_tag","embeddable":true,"href":"https:\/\/noticiasya.com\/tampa\/wp-json\/wp\/v2\/tags?post=1473542"}],"curies":[{"name":"wp","href":"https:\/\/api.w.org\/{rel}","templated":true}]}}