{"id":1473543,"date":"2026-04-27T16:03:46","date_gmt":"2026-04-27T23:03:46","guid":{"rendered":"https:\/\/noticiasya.com\/2026\/04\/27\/detencion-jardinero-cjng-mencho-orix\/"},"modified":"2026-04-27T16:03:46","modified_gmt":"2026-04-27T23:03:46","slug":"detencion-jardinero-cjng-mencho-orix","status":"publish","type":"post","link":"https:\/\/noticiasya.com\/tampa\/2026\/04\/27\/detencion-jardinero-cjng-mencho-orix\/","title":{"rendered":"M\u00e9xico detiene a alias &#171;El Jardinero&#187;, posible sucesor del &#171;Mencho&#187; en el Cartel Jalisco Nueva Generaci\u00f3n"},"content":{"rendered":"<p>Fuerzas especiales de la Secretar\u00eda de Marina de M\u00e9xico detuvieron en el estado de Nayarit a Audias Flores Silva, alias \u201cEl Jardinero\u201d, identificado como uno de los presuntos l\u00edderes del C\u00e1rtel Jalisco Nueva Generaci\u00f3n (CJNG), dos meses despu\u00e9s de la ca\u00edda de Nemesio Rub\u00e9n Oseguera Cervantes, alias \u201cEl Mencho\u201d, considerado durante a\u00f1os el m\u00e1ximo l\u00edder de la organizaci\u00f3n.<\/p>\n<p>El arresto fue confirmado este lunes por el secretario de Seguridad y Protecci\u00f3n Ciudadana, Omar Garc\u00eda Harfuch, quien se\u00f1al\u00f3 que Flores Silva contaba con una orden de aprehensi\u00f3n en M\u00e9xico y era requerido por autoridades de Estados Unidos con fines de extradici\u00f3n. Por su captura, el gobierno estadounidense ofrece una recompensa de hasta US$ 5 millones.<\/p>\n<p>La \u201coperaci\u00f3n fue planeada, desarrollada y ejecutada por personal de la Secretar\u00eda de Marina, a trav\u00e9s de sus Fuerzas Especiales\u201d, escribi\u00f3 Garc\u00eda Harfuch <a href=\"https:\/\/x.com\/OHarfuch\/status\/2048859744404717617?s=20\">en un comunicado publicado en su cuenta de X<\/a>, donde tambi\u00e9n reconoci\u00f3 \u201cla valent\u00eda, disciplina y compromiso\u201d de los elementos de seguridad que participaron en su captura.<\/p>\n<p>Alias \u201cEl Jardinero\u201d, de 45 a\u00f1os, era considerado <a href=\"https:\/\/insightcrime.org\/es\/noticias-crimen-organizado-mexico\/cartel-jalisco-nueva-generacion-cjng\/\">por analistas en seguridad <\/a>como el posible sucesor del Mencho tras su muerte en febrero durante un operativo militar en Tapalpa, un pueblo ubicado a unos 120 kil\u00f3metros al suroeste de Guadalajara en una zona monta\u00f1osa, que <a href=\"https:\/\/cnnespanol.cnn.com\/2026\/03\/02\/mexico\/guadalajara-miedo-incertidumbre-violencia-mencho-narcotrafico-orix\">desat\u00f3 una ola de violencia en 20 estados del pa\u00eds.<\/a><\/p>\n<p>Desde entonces, el CJNG, una de las organizaciones criminales m\u00e1s violentas del pa\u00eds, podr\u00eda estar atravesando posibles reacomodos para definir su liderazgo. De acuerdo con <a href=\"https:\/\/insightcrime.org\/es\/noticias-crimen-organizado-mexico\/cartel-jalisco-nueva-generacion-cjng\/\">InSight Crime<\/a>, entre los posibles sucesores del Mencho dentro de la estructura del cartel tambi\u00e9n figuran Juan Carlos Valencia Gonz\u00e1lez, alias \u201cEl 03\u201d, y Ricardo Ruiz Velasco, alias \u201cDoble R\u201d, ambos identificados como figuras de alto rango en la operaci\u00f3n y expansi\u00f3n territorial de la organizaci\u00f3n.<\/p>\n<p>Seg\u00fan el Departamento de Estado de EE.UU., Flores Silva era <a href=\"https:\/\/2021-2025.state.gov\/narcotics-rewards-program-target-information-wanted\/audias-flores-silva\/#:~:text=Flores%2DSilva%20was%20charged%20in,are%20not%20eligible%20for%20rewards.\">un estrecho colaborador del Mencho,<\/a> considerado durante a\u00f1os el m\u00e1ximo l\u00edder del CJNG y uno de los narcotraficantes m\u00e1s buscados del mundo. El Departamento del Tesoro de Estados Unidos<a href=\"https:\/\/home.treasury.gov\/news\/press-releases\/jy0122#:~:text=WASHINGTON%20%E2%80%93%20Yesterday%2C%20the%20U.S.%20Department,including%20the%20state%20of%20Nayarit.\"> lo se\u00f1ala<\/a> como uno de los l\u00edderes regionales del CJNG que ten\u00eda control en varias zonas de la costa del Pac\u00edfico mexicano, incluido Nayarit.<\/p>\n<p>Investigaciones de la Administraci\u00f3n para el Control de Drogas (DEA) y del Servicio de Inmigraci\u00f3n y Control de Aduanas (HSI) sostienen que el detenido operaba aeronaves y pistas clandestinas, adem\u00e1s de redes de transporte terrestre utilizadas para mover coca\u00edna, hero\u00edna y metanfetaminas desde Centroam\u00e9rica hasta distintos puntos de distribuci\u00f3n en Estados Unidos.<\/p>\n<p>Flores Silva fue acusado formalmente en 2020 por un tribunal federal en el Distrito de Columbia por conspiraci\u00f3n para distribuir drogas y por delitos relacionados con el uso de armas de fuego.<\/p>\n<p>Su detenci\u00f3n ocurre en un momento en que la relaci\u00f3n entre M\u00e9xico y Estados Unidos <a href=\"https:\/\/cnnespanol.cnn.com\/2026\/04\/25\/mexico\/analisis-intrigas-desencuentros-eeuu-cia-orix\">pasa por un desencuentro<\/a> en materia de seguridad por la presencia de agentes de la CIA en una operaci\u00f3n encubierta en Chihuahua.<\/p>\n<p>Al mismo tiempo, el Gobierno de la presidenta Claudia Sheinbaum enfrenta una creciente presi\u00f3n del Gobierno de Donald Trump para que M\u00e9xico tome m\u00e1s medidas contra los c\u00e1rteles del narcotr\u00e1fico. Trump incluso ha insistido con que Estados Unidos pueda realizar operaciones contra narcotraficantes en M\u00e9xico, una posibilidad que Sheinbaum repetidamente ha rechazado.<\/p>\n<p>The-CNN-Wire<br \/>&trade; &amp; &copy; 2026 Cable News Network, Inc., a Warner Bros. Discovery Company. All rights reserved.<\/p>\n","protected":false},"excerpt":{"rendered":"<p>Fuerzas especiales de la Secretar\u00eda de Marina de M\u00e9xico detuvieron en el estado de Nayarit a Audias Flores Silva, alias \u201cEl Jardinero\u201d, identificado como uno de los presuntos l\u00edderes del C\u00e1rtel Jalisco Nueva Generaci\u00f3n (CJNG), dos meses despu\u00e9s de la ca\u00edda de Nemesio Rub\u00e9n Oseguera Cervantes, alias \u201cEl Mencho\u201d, considerado durante a\u00f1os el m\u00e1ximo l\u00edder [&hellip;]<\/p>\n","protected":false},"author":0,"featured_media":0,"comment_status":"open","ping_status":"open","sticky":false,"template":"","format":"standard","meta":{"_jetpack_memberships_contains_paid_content":false,"footnotes":""},"categories":[10],"tags":[],"class_list":["post-1473543","post","type-post","status-publish","format-standard","hentry","category-noticias-nacionales","market-global"],"yoast_head":"<!-- This site is optimized with the Yoast SEO plugin v24.4 - https:\/\/yoast.com\/wordpress\/plugins\/seo\/ -->\n<title>M\u00e9xico detiene a alias &quot;El Jardinero&quot;, posible sucesor del &quot;Mencho&quot; en el Cartel Jalisco Nueva Generaci\u00f3n - Noticias<\/title>\n<meta name=\"robots\" content=\"index, follow, max-snippet:-1, max-image-preview:large, max-video-preview:-1\" \/>\n<link rel=\"canonical\" href=\"https:\/\/noticiasya.com\/2026\/04\/27\/detencion-jardinero-cjng-mencho-orix\/\" \/>\n<meta property=\"og:locale\" content=\"es_ES\" \/>\n<meta property=\"og:type\" content=\"article\" \/>\n<meta property=\"og:title\" content=\"M\u00e9xico detiene a alias &quot;El Jardinero&quot;, posible sucesor del &quot;Mencho&quot; en el Cartel Jalisco Nueva Generaci\u00f3n - Noticias\" \/>\n<meta property=\"og:description\" content=\"Fuerzas especiales de la Secretar\u00eda de Marina de M\u00e9xico detuvieron en el estado de Nayarit a Audias Flores Silva, alias \u201cEl Jardinero\u201d, identificado como uno de los presuntos l\u00edderes del C\u00e1rtel Jalisco Nueva Generaci\u00f3n (CJNG), dos meses despu\u00e9s de la ca\u00edda de Nemesio Rub\u00e9n Oseguera Cervantes, alias \u201cEl Mencho\u201d, considerado durante a\u00f1os el m\u00e1ximo l\u00edder [&hellip;]\" \/>\n<meta property=\"og:url\" content=\"https:\/\/noticiasya.com\/2026\/04\/27\/detencion-jardinero-cjng-mencho-orix\/\" \/>\n<meta property=\"og:site_name\" content=\"Noticias\" \/>\n<meta property=\"article:published_time\" content=\"2026-04-27T23:03:46+00:00\" \/>\n<meta name=\"twitter:card\" content=\"summary_large_image\" \/>\n<meta name=\"twitter:label1\" content=\"Est. reading time\" \/>\n\t<meta name=\"twitter:data1\" content=\"3 minutos\" \/>\n<script type=\"application\/ld+json\" class=\"yoast-schema-graph\">{\"@context\":\"https:\/\/schema.org\",\"@graph\":[{\"@type\":\"Article\",\"@id\":\"https:\/\/noticiasya.com\/2026\/04\/27\/detencion-jardinero-cjng-mencho-orix\/#article\",\"isPartOf\":{\"@id\":\"https:\/\/noticiasya.com\/2026\/04\/27\/detencion-jardinero-cjng-mencho-orix\/\"},\"author\":{\"name\":\"\",\"@id\":\"\"},\"headline\":\"M\u00e9xico detiene a alias &#171;El Jardinero&#187;, posible sucesor del &#171;Mencho&#187; en el Cartel Jalisco Nueva Generaci\u00f3n\",\"datePublished\":\"2026-04-27T23:03:46+00:00\",\"mainEntityOfPage\":{\"@id\":\"https:\/\/noticiasya.com\/2026\/04\/27\/detencion-jardinero-cjng-mencho-orix\/\"},\"wordCount\":618,\"commentCount\":0,\"publisher\":{\"@id\":\"https:\/\/noticiasya.com\/#organization\"},\"articleSection\":[\"Noticias Nacionales\"],\"inLanguage\":\"es\",\"potentialAction\":[{\"@type\":\"CommentAction\",\"name\":\"Comment\",\"target\":[\"https:\/\/noticiasya.com\/2026\/04\/27\/detencion-jardinero-cjng-mencho-orix\/#respond\"]}]},{\"@type\":\"WebPage\",\"@id\":\"https:\/\/noticiasya.com\/2026\/04\/27\/detencion-jardinero-cjng-mencho-orix\/\",\"url\":\"https:\/\/noticiasya.com\/2026\/04\/27\/detencion-jardinero-cjng-mencho-orix\/\",\"name\":\"M\u00e9xico detiene a alias \\\"El Jardinero\\\", posible sucesor del \\\"Mencho\\\" en el Cartel Jalisco Nueva Generaci\u00f3n - Noticias\",\"isPartOf\":{\"@id\":\"https:\/\/noticiasya.com\/#website\"},\"datePublished\":\"2026-04-27T23:03:46+00:00\",\"breadcrumb\":{\"@id\":\"https:\/\/noticiasya.com\/2026\/04\/27\/detencion-jardinero-cjng-mencho-orix\/#breadcrumb\"},\"inLanguage\":\"es\",\"potentialAction\":[{\"@type\":\"ReadAction\",\"target\":[\"https:\/\/noticiasya.com\/2026\/04\/27\/detencion-jardinero-cjng-mencho-orix\/\"]}]},{\"@type\":\"BreadcrumbList\",\"@id\":\"https:\/\/noticiasya.com\/2026\/04\/27\/detencion-jardinero-cjng-mencho-orix\/#breadcrumb\",\"itemListElement\":[{\"@type\":\"ListItem\",\"position\":1,\"name\":\"Home\",\"item\":\"https:\/\/noticiasya.com\/\"},{\"@type\":\"ListItem\",\"position\":2,\"name\":\"M\u00e9xico detiene a alias &#171;El Jardinero&#187;, posible sucesor del &#171;Mencho&#187; en el Cartel Jalisco Nueva Generaci\u00f3n\"}]},{\"@type\":\"WebSite\",\"@id\":\"https:\/\/noticiasya.com\/#website\",\"url\":\"https:\/\/noticiasya.com\/\",\"name\":\"Noticias\",\"description\":\"Lo que importa\",\"publisher\":{\"@id\":\"https:\/\/noticiasya.com\/#organization\"},\"potentialAction\":[{\"@type\":\"SearchAction\",\"target\":{\"@type\":\"EntryPoint\",\"urlTemplate\":\"https:\/\/noticiasya.com\/?s={search_term_string}\"},\"query-input\":{\"@type\":\"PropertyValueSpecification\",\"valueRequired\":true,\"valueName\":\"search_term_string\"}}],\"inLanguage\":\"es\"},{\"@type\":\"Organization\",\"@id\":\"https:\/\/noticiasya.com\/#organization\",\"name\":\"Noticias\",\"url\":\"https:\/\/noticiasya.com\/\",\"logo\":{\"@type\":\"ImageObject\",\"inLanguage\":\"es\",\"@id\":\"https:\/\/noticiasya.com\/#\/schema\/logo\/image\/\",\"url\":\"https:\/\/noticiasya.com\/wp-content\/uploads\/sites\/22\/2023\/12\/logo-nacional.png\",\"contentUrl\":\"https:\/\/noticiasya.com\/wp-content\/uploads\/sites\/22\/2023\/12\/logo-nacional.png\",\"width\":1801,\"height\":691,\"caption\":\"Noticias\"},\"image\":{\"@id\":\"https:\/\/noticiasya.com\/#\/schema\/logo\/image\/\"}}]}<\/script>\n<!-- \/ Yoast SEO plugin. -->","yoast_head_json":{"title":"M\u00e9xico detiene a alias \"El Jardinero\", posible sucesor del \"Mencho\" en el Cartel Jalisco Nueva Generaci\u00f3n - Noticias","robots":{"index":"index","follow":"follow","max-snippet":"max-snippet:-1","max-image-preview":"max-image-preview:large","max-video-preview":"max-video-preview:-1"},"canonical":"https:\/\/noticiasya.com\/2026\/04\/27\/detencion-jardinero-cjng-mencho-orix\/","og_locale":"es_ES","og_type":"article","og_title":"M\u00e9xico detiene a alias \"El Jardinero\", posible sucesor del \"Mencho\" en el Cartel Jalisco Nueva Generaci\u00f3n - Noticias","og_description":"Fuerzas especiales de la Secretar\u00eda de Marina de M\u00e9xico detuvieron en el estado de Nayarit a Audias Flores Silva, alias \u201cEl Jardinero\u201d, identificado como uno de los presuntos l\u00edderes del C\u00e1rtel Jalisco Nueva Generaci\u00f3n (CJNG), dos meses despu\u00e9s de la ca\u00edda de Nemesio Rub\u00e9n Oseguera Cervantes, alias \u201cEl Mencho\u201d, considerado durante a\u00f1os el m\u00e1ximo l\u00edder [&hellip;]","og_url":"https:\/\/noticiasya.com\/2026\/04\/27\/detencion-jardinero-cjng-mencho-orix\/","og_site_name":"Noticias","article_published_time":"2026-04-27T23:03:46+00:00","twitter_card":"summary_large_image","twitter_misc":{"Est. reading time":"3 minutos"},"schema":{"@context":"https:\/\/schema.org","@graph":[{"@type":"Article","@id":"https:\/\/noticiasya.com\/2026\/04\/27\/detencion-jardinero-cjng-mencho-orix\/#article","isPartOf":{"@id":"https:\/\/noticiasya.com\/2026\/04\/27\/detencion-jardinero-cjng-mencho-orix\/"},"author":{"name":"","@id":""},"headline":"M\u00e9xico detiene a alias &#171;El Jardinero&#187;, posible sucesor del &#171;Mencho&#187; en el Cartel Jalisco Nueva Generaci\u00f3n","datePublished":"2026-04-27T23:03:46+00:00","mainEntityOfPage":{"@id":"https:\/\/noticiasya.com\/2026\/04\/27\/detencion-jardinero-cjng-mencho-orix\/"},"wordCount":618,"commentCount":0,"publisher":{"@id":"https:\/\/noticiasya.com\/#organization"},"articleSection":["Noticias Nacionales"],"inLanguage":"es","potentialAction":[{"@type":"CommentAction","name":"Comment","target":["https:\/\/noticiasya.com\/2026\/04\/27\/detencion-jardinero-cjng-mencho-orix\/#respond"]}]},{"@type":"WebPage","@id":"https:\/\/noticiasya.com\/2026\/04\/27\/detencion-jardinero-cjng-mencho-orix\/","url":"https:\/\/noticiasya.com\/2026\/04\/27\/detencion-jardinero-cjng-mencho-orix\/","name":"M\u00e9xico detiene a alias \"El Jardinero\", posible sucesor del \"Mencho\" en el Cartel Jalisco Nueva Generaci\u00f3n - Noticias","isPartOf":{"@id":"https:\/\/noticiasya.com\/#website"},"datePublished":"2026-04-27T23:03:46+00:00","breadcrumb":{"@id":"https:\/\/noticiasya.com\/2026\/04\/27\/detencion-jardinero-cjng-mencho-orix\/#breadcrumb"},"inLanguage":"es","potentialAction":[{"@type":"ReadAction","target":["https:\/\/noticiasya.com\/2026\/04\/27\/detencion-jardinero-cjng-mencho-orix\/"]}]},{"@type":"BreadcrumbList","@id":"https:\/\/noticiasya.com\/2026\/04\/27\/detencion-jardinero-cjng-mencho-orix\/#breadcrumb","itemListElement":[{"@type":"ListItem","position":1,"name":"Home","item":"https:\/\/noticiasya.com\/"},{"@type":"ListItem","position":2,"name":"M\u00e9xico detiene a alias &#171;El Jardinero&#187;, posible sucesor del &#171;Mencho&#187; en el Cartel Jalisco Nueva Generaci\u00f3n"}]},{"@type":"WebSite","@id":"https:\/\/noticiasya.com\/#website","url":"https:\/\/noticiasya.com\/","name":"Noticias","description":"Lo que importa","publisher":{"@id":"https:\/\/noticiasya.com\/#organization"},"potentialAction":[{"@type":"SearchAction","target":{"@type":"EntryPoint","urlTemplate":"https:\/\/noticiasya.com\/?s={search_term_string}"},"query-input":{"@type":"PropertyValueSpecification","valueRequired":true,"valueName":"search_term_string"}}],"inLanguage":"es"},{"@type":"Organization","@id":"https:\/\/noticiasya.com\/#organization","name":"Noticias","url":"https:\/\/noticiasya.com\/","logo":{"@type":"ImageObject","inLanguage":"es","@id":"https:\/\/noticiasya.com\/#\/schema\/logo\/image\/","url":"https:\/\/noticiasya.com\/wp-content\/uploads\/sites\/22\/2023\/12\/logo-nacional.png","contentUrl":"https:\/\/noticiasya.com\/wp-content\/uploads\/sites\/22\/2023\/12\/logo-nacional.png","width":1801,"height":691,"caption":"Noticias"},"image":{"@id":"https:\/\/noticiasya.com\/#\/schema\/logo\/image\/"}}]}},"parsely":{"version":"1.1.0","canonical_url":"https:\/\/noticiasya.com\/tampa\/2026\/04\/27\/detencion-jardinero-cjng-mencho-orix\/","smart_links":{"inbound":0,"outbound":0},"traffic_boost_suggestions_count":0,"meta":{"@context":"https:\/\/schema.org","@type":"NewsArticle","headline":"M\u00e9xico detiene a alias &#171;El Jardinero&#187;, posible sucesor del &#171;Mencho&#187; en el Cartel Jalisco Nueva Generaci\u00f3n","url":"http:\/\/noticiasya.com\/tampa\/2026\/04\/27\/detencion-jardinero-cjng-mencho-orix\/","mainEntityOfPage":{"@type":"WebPage","@id":"http:\/\/noticiasya.com\/tampa\/2026\/04\/27\/detencion-jardinero-cjng-mencho-orix\/"},"thumbnailUrl":"","image":{"@type":"ImageObject","url":""},"articleSection":"Noticias Nacionales","author":[],"creator":[],"publisher":{"@type":"Organization","name":"Noticias","logo":""},"keywords":[],"dateCreated":"2026-04-27T23:03:46Z","datePublished":"2026-04-27T23:03:46Z","dateModified":"2026-04-27T23:03:46Z"},"rendered":"<script type=\"application\/ld+json\" class=\"wp-parsely-metadata\">{\"@context\":\"https:\\\/\\\/schema.org\",\"@type\":\"NewsArticle\",\"headline\":\"M\\u00e9xico detiene a alias &#171;El Jardinero&#187;, posible sucesor del &#171;Mencho&#187; en el Cartel Jalisco Nueva Generaci\\u00f3n\",\"url\":\"http:\\\/\\\/noticiasya.com\\\/tampa\\\/2026\\\/04\\\/27\\\/detencion-jardinero-cjng-mencho-orix\\\/\",\"mainEntityOfPage\":{\"@type\":\"WebPage\",\"@id\":\"http:\\\/\\\/noticiasya.com\\\/tampa\\\/2026\\\/04\\\/27\\\/detencion-jardinero-cjng-mencho-orix\\\/\"},\"thumbnailUrl\":\"\",\"image\":{\"@type\":\"ImageObject\",\"url\":\"\"},\"articleSection\":\"Noticias Nacionales\",\"author\":[],\"creator\":[],\"publisher\":{\"@type\":\"Organization\",\"name\":\"Noticias\",\"logo\":\"\"},\"keywords\":[],\"dateCreated\":\"2026-04-27T23:03:46Z\",\"datePublished\":\"2026-04-27T23:03:46Z\",\"dateModified\":\"2026-04-27T23:03:46Z\"}<\/script>","tracker_url":"https:\/\/cdn.parsely.com\/keys\/noticiasya.com\/p.js"},"jetpack_featured_media_url":"","jetpack-related-posts":[{"id":1471648,"url":"https:\/\/noticiasya.com\/tampa\/2026\/02\/25\/detencion-hacha-operador-cjng-tlaxcala-mencho-orix\/","url_meta":{"origin":1473543,"position":0},"title":"M\u00e9xico captura a &#171;El Hacha&#187;, supuesto operador clave del CJNG en Tlaxcala, d\u00edas despu\u00e9s de la muerte del Mencho","author":"","date":"febrero 25, 2026","format":false,"excerpt":"Las autoridades mexicanas detuvieron este mi\u00e9rcoles a Isaac Moreno Romero, alias \u201cEl Hacha\u201d, se\u00f1alado como l\u00edder de una c\u00e9lula del C\u00e1rtel Jalisco Nueva Generaci\u00f3n (CJNG) con presencia en el estado de Tlaxcala, en el centro de M\u00e9xico, y vinculado con secuestros, extorsiones, homicidios y tr\u00e1fico ilegal de combustibles, confirm\u00f3 la\u2026","rel":"","context":"In &quot;Noticias Nacionales&quot;","block_context":{"text":"Noticias Nacionales","link":"https:\/\/noticiasya.com\/tampa\/categoria\/noticias-nacionales"},"img":{"alt_text":"","src":"","width":0,"height":0},"classes":[]},{"id":1471655,"url":"https:\/\/noticiasya.com\/tampa\/2026\/02\/25\/mujeres-cartel-jalisco-cjng-mencho-orix\/","url_meta":{"origin":1473543,"position":1},"title":"De &#171;parejas sentimentales&#187; a figuras clave en el cartel: las mujeres en el c\u00edrculo cercano del Mencho","author":"","date":"febrero 25, 2026","format":false,"excerpt":"Nemesio Oseguera Cervantes, alias el Mencho, fue por mucho tiempo uno de los capos del narcotr\u00e1fico m\u00e1s buscados por M\u00e9xico y Estados Unidos, y el l\u00edder del poderoso Cartel Jalisco Nueva Generaci\u00f3n (CJNG). Sin embargo, un operativo militar del Gobierno de mexicano para capturarlo termin\u00f3 en su muerte el domingo.\u2026","rel":"","context":"In &quot;Noticias Nacionales&quot;","block_context":{"text":"Noticias Nacionales","link":"https:\/\/noticiasya.com\/tampa\/categoria\/noticias-nacionales"},"img":{"alt_text":"","src":"","width":0,"height":0},"classes":[]},{"id":1472595,"url":"https:\/\/noticiasya.com\/tampa\/2026\/03\/26\/argentina-declara-grupo-terrorista-cartel-jalisco-nueva-generacion-efe\/","url_meta":{"origin":1473543,"position":2},"title":"Gobierno de Argentina declara grupo terrorista al Cartel de Jalisco Nueva Generaci\u00f3n de M\u00e9xico","author":"","date":"marzo 26, 2026","format":false,"excerpt":"El Gobierno de Argentina declar\u00f3 al Cartel Jalisco Nueva Generaci\u00f3n (CJNG) de M\u00e9xico como grupo terrorista, seg\u00fan un comunicado publicado este jueves por la oficina del presidente Javier Milei.\u201cLa Oficina del Presidente informa que el Gobierno Nacional ha declarado al Cartel de Jalisco Nueva Generaci\u00f3n (CING) como organizaci\u00f3n terrorista\u201d, dice\u2026","rel":"","context":"In &quot;Noticias Nacionales&quot;","block_context":{"text":"Noticias Nacionales","link":"https:\/\/noticiasya.com\/tampa\/categoria\/noticias-nacionales"},"img":{"alt_text":"","src":"","width":0,"height":0},"classes":[]},{"id":1452903,"url":"https:\/\/noticiasya.com\/tampa\/2024\/09\/20\/declaran-culpable-menchito-cartel-jalisco-nueva-generacion-orix\/","url_meta":{"origin":1473543,"position":3},"title":"Justicia de EE.UU. declara culpable al Menchito, uno de los l\u00edderes del C\u00e1rtel Jalisco Nueva Generaci\u00f3n","author":"","date":"septiembre 20, 2024","format":false,"excerpt":"(CNN Espa\u00f1ol) --\u00a0Rub\u00e9n Oseguera Gonz\u00e1lez, alias \u201cel Menchito\u201d \u2015uno de los l\u00edderes del poderoso Cartel Jalisco Nueva Generaci\u00f3n\u2015, fue declarado este viernes culpable de conspiraci\u00f3n y uso de armas por un jurado federal de Estados Unidos, tras un juicio que dur\u00f3 dos semanas en la corte del Distrito de Columbia,\u2026","rel":"","context":"In &quot;Noticias Nacionales&quot;","block_context":{"text":"Noticias Nacionales","link":"https:\/\/noticiasya.com\/tampa\/categoria\/noticias-nacionales"},"img":{"alt_text":"","src":"","width":0,"height":0},"classes":[]},{"id":1463708,"url":"https:\/\/noticiasya.com\/tampa\/2025\/06\/18\/departamento-tesoro-sancion-cartel-jalisco-orix\/","url_meta":{"origin":1473543,"position":4},"title":"EE.UU. sanciona a miembros del Cartel de Jalisco Nueva Generaci\u00f3n. A uno de ellos lo vincula con el crimen de Valeria M\u00e1rquez","author":"","date":"junio 18, 2025","format":false,"excerpt":"La Oficina de Control de Activos Extranjeros (OFAC, por sus siglas en ingl\u00e9s) del Departamento del Tesoro de EE.UU. sancion\u00f3 a cinco l\u00edderes del Cartel de Jalisco Nueva Generaci\u00f3n (CJNG), entre ellos a uno a quien vinculan con el crimen de la influencer mexicana Valeria M\u00e1rquez durante una transmisi\u00f3n en\u2026","rel":"","context":"In &quot;Noticias Nacionales&quot;","block_context":{"text":"Noticias Nacionales","link":"https:\/\/noticiasya.com\/tampa\/categoria\/noticias-nacionales"},"img":{"alt_text":"","src":"","width":0,"height":0},"classes":[]},{"id":1456263,"url":"https:\/\/noticiasya.com\/tampa\/2024\/12\/04\/ee-uu-usd-15-millones-recompensa-captura-mencho-cjng-orix\/","url_meta":{"origin":1473543,"position":5},"title":"EE.UU. aumenta a US$ 15 millones la recompensa por la captura del &#171;Mencho&#187;, l\u00edder del C\u00e1rtel Jalisco Nueva Generaci\u00f3n","author":"","date":"diciembre 4, 2024","format":false,"excerpt":"El Departamento de Estado de Estados Unidos anunci\u00f3 este mi\u00e9rcoles que aument\u00f3 a US$ 15 millones la recompensa por informaci\u00f3n que conduzca a la captura y condena de Nemesio Rub\u00e9n Oseguera Cervantes, alias \u201cEl Mencho\u201d, presunto cofundador y l\u00edder del C\u00e1rtel Jalisco Nueva Generaci\u00f3n (CJNG), banda criminal se\u00f1alada por el\u2026","rel":"","context":"In &quot;Noticias Nacionales&quot;","block_context":{"text":"Noticias Nacionales","link":"https:\/\/noticiasya.com\/tampa\/categoria\/noticias-nacionales"},"img":{"alt_text":"","src":"","width":0,"height":0},"classes":[]}],"jetpack_sharing_enabled":true,"_links":{"self":[{"href":"https:\/\/noticiasya.com\/tampa\/wp-json\/wp\/v2\/posts\/1473543","targetHints":{"allow":["GET"]}}],"collection":[{"href":"https:\/\/noticiasya.com\/tampa\/wp-json\/wp\/v2\/posts"}],"about":[{"href":"https:\/\/noticiasya.com\/tampa\/wp-json\/wp\/v2\/types\/post"}],"replies":[{"embeddable":true,"href":"https:\/\/noticiasya.com\/tampa\/wp-json\/wp\/v2\/comments?post=1473543"}],"version-history":[{"count":0,"href":"https:\/\/noticiasya.com\/tampa\/wp-json\/wp\/v2\/posts\/1473543\/revisions"}],"wp:attachment":[{"href":"https:\/\/noticiasya.com\/tampa\/wp-json\/wp\/v2\/media?parent=1473543"}],"wp:term":[{"taxonomy":"category","embeddable":true,"href":"https:\/\/noticiasya.com\/tampa\/wp-json\/wp\/v2\/categories?post=1473543"},{"taxonomy":"post_tag","embeddable":true,"href":"https:\/\/noticiasya.com\/tampa\/wp-json\/wp\/v2\/tags?post=1473543"}],"curies":[{"name":"wp","href":"https:\/\/api.w.org\/{rel}","templated":true}]}}