{"id":1473552,"date":"2026-04-27T20:03:51","date_gmt":"2026-04-28T03:03:51","guid":{"rendered":"https:\/\/noticiasya.com\/2026\/04\/27\/petro-atentados-cauca-sabotear-elecciones-orix\/"},"modified":"2026-04-27T20:03:51","modified_gmt":"2026-04-28T03:03:51","slug":"petro-atentados-cauca-sabotear-elecciones-orix","status":"publish","type":"post","link":"https:\/\/noticiasya.com\/tampa\/2026\/04\/27\/petro-atentados-cauca-sabotear-elecciones-orix\/","title":{"rendered":"Petro dice que atentados en el suroeste de Colombia buscaban &#171;sabotear las elecciones&#187;"},"content":{"rendered":"<p>El presidente de Colombia, Gustavo Petro, dijo que los recientes atentados en el suroeste del pa\u00eds podr\u00edan estar dirigidos a sabotear las elecciones presidenciales del 31 de mayo, en medio de crecientes tensiones pol\u00edticas y de seguridad.<\/p>\n<p>\u201cNo me extra\u00f1a que los grupos del Cauca est\u00e9n tratando de sabotear elecciones, que es lo que quiere la junta del narcotr\u00e1fico, que la extrema derecha gobierne\u201d, dijo Petro durante un mensaje la noche de este lunes.<\/p>\n<p>El mandatario afirm\u00f3 que los ataques en el departamento del Cauca que se registraron este fin de semana no responden solo a grupos armados como las disidencias de las Fuerzas Armadas Revolucionarias de Colombia (FARC), sino a una red m\u00e1s amplia que \u00e9l llama la \u201cjunta del narcotr\u00e1fico\u201d y que,<a href=\"https:\/\/cnnespanol.cnn.com\/2025\/08\/25\/colombia\/petro-cartel-soles-tension-eeuu-venezuela-orix\"> seg\u00fan ha dicho en ocasiones anteriores<\/a>, estar\u00eda integrada por presuntos capos que operan desde Europa y Medio Oriente.<\/p>\n<p>\u201cEl jefe de los frentes del Cauca no es Iv\u00e1n Mordisco, que es el segundo en jerarqu\u00eda, es la junta del narcotr\u00e1fico\u201d, se\u00f1al\u00f3 Petro.<\/p>\n<p>El <a href=\"https:\/\/cnnespanol.cnn.com\/2026\/04\/27\/colombia\/atentado-cauca-disidencias-que-paso-orix\">atentado del s\u00e1bado en Colombia<\/a>, considerado el m\u00e1s grave desde la firma del acuerdo de paz con las FARC hace casi una d\u00e9cada, dej\u00f3 al menos 20 muertos, todos civiles, en una regi\u00f3n marcada por d\u00e9cadas de violencia armada. Las autoridades<\/p>\n<p>El ataque ocurri\u00f3 en el departamento del Cauca, en un tramo de la carretera Panamericana conocido como El T\u00fanel, en el municipio de Cajib\u00edo. Seg\u00fan las autoridades, un cilindro cargado con explosivos fue lanzado y cay\u00f3 sobre un autob\u00fas, provocando una fuerte explosi\u00f3n que tambi\u00e9n destruy\u00f3 al menos otros 15 veh\u00edculos y da\u00f1\u00f3 parte de la v\u00eda.<\/p>\n<p>En los \u00faltimos d\u00edas se produjeron una serie de ataques explosivos de menor intensidad en la regi\u00f3n. El Ej\u00e9rcito atribuyo estos hechos a estructuras que integran el Estado Mayor Central (EMC), la principal disidencia de las FARC liderada por alias Iv\u00e1n Mordisco. En el caso espec\u00edfico del ataque en Cajib\u00edo, las autoridades se\u00f1alaron como responsable a la columna Jaime Mart\u00ednez. Hasta el momento, ning\u00fan grupo ha reivindicado el atentado.<\/p>\n<p>La ola de ataques en el suroeste del pa\u00eds fue <a href=\"https:\/\/cnnespanol.cnn.com\/2026\/04\/27\/colombia\/atentados-impacto-campana-elecciones-paz-orix\">condenada por los l\u00edderes pol\u00edticos del pa\u00eds,<\/a> cuyas reacciones han dejado ver las divisiones cada vez m\u00e1s marcadas en medio del ambiente electoral<\/p>\n<p>El candidato oficialista Iv\u00e1n Cepeda calific\u00f3 los hechos como \u201cprofundamente preocupantes\u201d y plante\u00f3 que la violencia podr\u00eda estar orientada a generar miedo en regiones donde su campa\u00f1a tiene mayor apoyo. Analistas coinciden en que los ataques podr\u00edan influir en el clima electoral, especialmente en zonas rurales afectadas por la presencia de grupos armados.<\/p>\n<p>Desde la oposici\u00f3n, figuras como Paloma Valencia rechazaron esa interpretaci\u00f3n y atribuyeron la violencia al fracaso de la pol\u00edtica de \u201cpaz total\u201d impulsada por el gobierno. Otros candidatos, como Abelardo de la Espriella, se\u00f1alaron sin aportar pruebas que la situaci\u00f3n responde a un plan de desestabilizaci\u00f3n ligado al propio gobierno.<\/p>\n<p>The-CNN-Wire<br \/>&trade; &amp; &copy; 2026 Cable News Network, Inc., a Warner Bros. Discovery Company. All rights reserved.<\/p>\n","protected":false},"excerpt":{"rendered":"<p>El presidente de Colombia, Gustavo Petro, dijo que los recientes atentados en el suroeste del pa\u00eds podr\u00edan estar dirigidos a sabotear las elecciones presidenciales del 31 de mayo, en medio de crecientes tensiones pol\u00edticas y de seguridad. \u201cNo me extra\u00f1a que los grupos del Cauca est\u00e9n tratando de sabotear elecciones, que es lo que quiere [&hellip;]<\/p>\n","protected":false},"author":0,"featured_media":0,"comment_status":"open","ping_status":"open","sticky":false,"template":"","format":"standard","meta":{"_jetpack_memberships_contains_paid_content":false,"footnotes":""},"categories":[10],"tags":[],"class_list":["post-1473552","post","type-post","status-publish","format-standard","hentry","category-noticias-nacionales","market-global"],"yoast_head":"<!-- This site is optimized with the Yoast SEO plugin v24.4 - https:\/\/yoast.com\/wordpress\/plugins\/seo\/ -->\n<title>Petro dice que atentados en el suroeste de Colombia buscaban &quot;sabotear las elecciones&quot; - Noticias<\/title>\n<meta name=\"robots\" content=\"index, follow, max-snippet:-1, max-image-preview:large, max-video-preview:-1\" \/>\n<link rel=\"canonical\" href=\"https:\/\/noticiasya.com\/2026\/04\/27\/petro-atentados-cauca-sabotear-elecciones-orix\/\" \/>\n<meta property=\"og:locale\" content=\"es_ES\" \/>\n<meta property=\"og:type\" content=\"article\" \/>\n<meta property=\"og:title\" content=\"Petro dice que atentados en el suroeste de Colombia buscaban &quot;sabotear las elecciones&quot; - Noticias\" \/>\n<meta property=\"og:description\" content=\"El presidente de Colombia, Gustavo Petro, dijo que los recientes atentados en el suroeste del pa\u00eds podr\u00edan estar dirigidos a sabotear las elecciones presidenciales del 31 de mayo, en medio de crecientes tensiones pol\u00edticas y de seguridad. \u201cNo me extra\u00f1a que los grupos del Cauca est\u00e9n tratando de sabotear elecciones, que es lo que quiere [&hellip;]\" \/>\n<meta property=\"og:url\" content=\"https:\/\/noticiasya.com\/2026\/04\/27\/petro-atentados-cauca-sabotear-elecciones-orix\/\" \/>\n<meta property=\"og:site_name\" content=\"Noticias\" \/>\n<meta property=\"article:published_time\" content=\"2026-04-28T03:03:51+00:00\" \/>\n<meta name=\"twitter:card\" content=\"summary_large_image\" \/>\n<meta name=\"twitter:label1\" content=\"Est. reading time\" \/>\n\t<meta name=\"twitter:data1\" content=\"3 minutos\" \/>\n<script type=\"application\/ld+json\" class=\"yoast-schema-graph\">{\"@context\":\"https:\/\/schema.org\",\"@graph\":[{\"@type\":\"Article\",\"@id\":\"https:\/\/noticiasya.com\/2026\/04\/27\/petro-atentados-cauca-sabotear-elecciones-orix\/#article\",\"isPartOf\":{\"@id\":\"https:\/\/noticiasya.com\/2026\/04\/27\/petro-atentados-cauca-sabotear-elecciones-orix\/\"},\"author\":{\"name\":\"\",\"@id\":\"\"},\"headline\":\"Petro dice que atentados en el suroeste de Colombia buscaban &#171;sabotear las elecciones&#187;\",\"datePublished\":\"2026-04-28T03:03:51+00:00\",\"mainEntityOfPage\":{\"@id\":\"https:\/\/noticiasya.com\/2026\/04\/27\/petro-atentados-cauca-sabotear-elecciones-orix\/\"},\"wordCount\":547,\"commentCount\":0,\"publisher\":{\"@id\":\"https:\/\/noticiasya.com\/#organization\"},\"articleSection\":[\"Noticias Nacionales\"],\"inLanguage\":\"es\",\"potentialAction\":[{\"@type\":\"CommentAction\",\"name\":\"Comment\",\"target\":[\"https:\/\/noticiasya.com\/2026\/04\/27\/petro-atentados-cauca-sabotear-elecciones-orix\/#respond\"]}]},{\"@type\":\"WebPage\",\"@id\":\"https:\/\/noticiasya.com\/2026\/04\/27\/petro-atentados-cauca-sabotear-elecciones-orix\/\",\"url\":\"https:\/\/noticiasya.com\/2026\/04\/27\/petro-atentados-cauca-sabotear-elecciones-orix\/\",\"name\":\"Petro dice que atentados en el suroeste de Colombia buscaban \\\"sabotear las elecciones\\\" - Noticias\",\"isPartOf\":{\"@id\":\"https:\/\/noticiasya.com\/#website\"},\"datePublished\":\"2026-04-28T03:03:51+00:00\",\"breadcrumb\":{\"@id\":\"https:\/\/noticiasya.com\/2026\/04\/27\/petro-atentados-cauca-sabotear-elecciones-orix\/#breadcrumb\"},\"inLanguage\":\"es\",\"potentialAction\":[{\"@type\":\"ReadAction\",\"target\":[\"https:\/\/noticiasya.com\/2026\/04\/27\/petro-atentados-cauca-sabotear-elecciones-orix\/\"]}]},{\"@type\":\"BreadcrumbList\",\"@id\":\"https:\/\/noticiasya.com\/2026\/04\/27\/petro-atentados-cauca-sabotear-elecciones-orix\/#breadcrumb\",\"itemListElement\":[{\"@type\":\"ListItem\",\"position\":1,\"name\":\"Home\",\"item\":\"https:\/\/noticiasya.com\/\"},{\"@type\":\"ListItem\",\"position\":2,\"name\":\"Petro dice que atentados en el suroeste de Colombia buscaban &#171;sabotear las elecciones&#187;\"}]},{\"@type\":\"WebSite\",\"@id\":\"https:\/\/noticiasya.com\/#website\",\"url\":\"https:\/\/noticiasya.com\/\",\"name\":\"Noticias\",\"description\":\"Lo que importa\",\"publisher\":{\"@id\":\"https:\/\/noticiasya.com\/#organization\"},\"potentialAction\":[{\"@type\":\"SearchAction\",\"target\":{\"@type\":\"EntryPoint\",\"urlTemplate\":\"https:\/\/noticiasya.com\/?s={search_term_string}\"},\"query-input\":{\"@type\":\"PropertyValueSpecification\",\"valueRequired\":true,\"valueName\":\"search_term_string\"}}],\"inLanguage\":\"es\"},{\"@type\":\"Organization\",\"@id\":\"https:\/\/noticiasya.com\/#organization\",\"name\":\"Noticias\",\"url\":\"https:\/\/noticiasya.com\/\",\"logo\":{\"@type\":\"ImageObject\",\"inLanguage\":\"es\",\"@id\":\"https:\/\/noticiasya.com\/#\/schema\/logo\/image\/\",\"url\":\"https:\/\/noticiasya.com\/wp-content\/uploads\/sites\/22\/2023\/12\/logo-nacional.png\",\"contentUrl\":\"https:\/\/noticiasya.com\/wp-content\/uploads\/sites\/22\/2023\/12\/logo-nacional.png\",\"width\":1801,\"height\":691,\"caption\":\"Noticias\"},\"image\":{\"@id\":\"https:\/\/noticiasya.com\/#\/schema\/logo\/image\/\"}}]}<\/script>\n<!-- \/ Yoast SEO plugin. -->","yoast_head_json":{"title":"Petro dice que atentados en el suroeste de Colombia buscaban \"sabotear las elecciones\" - Noticias","robots":{"index":"index","follow":"follow","max-snippet":"max-snippet:-1","max-image-preview":"max-image-preview:large","max-video-preview":"max-video-preview:-1"},"canonical":"https:\/\/noticiasya.com\/2026\/04\/27\/petro-atentados-cauca-sabotear-elecciones-orix\/","og_locale":"es_ES","og_type":"article","og_title":"Petro dice que atentados en el suroeste de Colombia buscaban \"sabotear las elecciones\" - Noticias","og_description":"El presidente de Colombia, Gustavo Petro, dijo que los recientes atentados en el suroeste del pa\u00eds podr\u00edan estar dirigidos a sabotear las elecciones presidenciales del 31 de mayo, en medio de crecientes tensiones pol\u00edticas y de seguridad. \u201cNo me extra\u00f1a que los grupos del Cauca est\u00e9n tratando de sabotear elecciones, que es lo que quiere [&hellip;]","og_url":"https:\/\/noticiasya.com\/2026\/04\/27\/petro-atentados-cauca-sabotear-elecciones-orix\/","og_site_name":"Noticias","article_published_time":"2026-04-28T03:03:51+00:00","twitter_card":"summary_large_image","twitter_misc":{"Est. reading time":"3 minutos"},"schema":{"@context":"https:\/\/schema.org","@graph":[{"@type":"Article","@id":"https:\/\/noticiasya.com\/2026\/04\/27\/petro-atentados-cauca-sabotear-elecciones-orix\/#article","isPartOf":{"@id":"https:\/\/noticiasya.com\/2026\/04\/27\/petro-atentados-cauca-sabotear-elecciones-orix\/"},"author":{"name":"","@id":""},"headline":"Petro dice que atentados en el suroeste de Colombia buscaban &#171;sabotear las elecciones&#187;","datePublished":"2026-04-28T03:03:51+00:00","mainEntityOfPage":{"@id":"https:\/\/noticiasya.com\/2026\/04\/27\/petro-atentados-cauca-sabotear-elecciones-orix\/"},"wordCount":547,"commentCount":0,"publisher":{"@id":"https:\/\/noticiasya.com\/#organization"},"articleSection":["Noticias Nacionales"],"inLanguage":"es","potentialAction":[{"@type":"CommentAction","name":"Comment","target":["https:\/\/noticiasya.com\/2026\/04\/27\/petro-atentados-cauca-sabotear-elecciones-orix\/#respond"]}]},{"@type":"WebPage","@id":"https:\/\/noticiasya.com\/2026\/04\/27\/petro-atentados-cauca-sabotear-elecciones-orix\/","url":"https:\/\/noticiasya.com\/2026\/04\/27\/petro-atentados-cauca-sabotear-elecciones-orix\/","name":"Petro dice que atentados en el suroeste de Colombia buscaban \"sabotear las elecciones\" - Noticias","isPartOf":{"@id":"https:\/\/noticiasya.com\/#website"},"datePublished":"2026-04-28T03:03:51+00:00","breadcrumb":{"@id":"https:\/\/noticiasya.com\/2026\/04\/27\/petro-atentados-cauca-sabotear-elecciones-orix\/#breadcrumb"},"inLanguage":"es","potentialAction":[{"@type":"ReadAction","target":["https:\/\/noticiasya.com\/2026\/04\/27\/petro-atentados-cauca-sabotear-elecciones-orix\/"]}]},{"@type":"BreadcrumbList","@id":"https:\/\/noticiasya.com\/2026\/04\/27\/petro-atentados-cauca-sabotear-elecciones-orix\/#breadcrumb","itemListElement":[{"@type":"ListItem","position":1,"name":"Home","item":"https:\/\/noticiasya.com\/"},{"@type":"ListItem","position":2,"name":"Petro dice que atentados en el suroeste de Colombia buscaban &#171;sabotear las elecciones&#187;"}]},{"@type":"WebSite","@id":"https:\/\/noticiasya.com\/#website","url":"https:\/\/noticiasya.com\/","name":"Noticias","description":"Lo que importa","publisher":{"@id":"https:\/\/noticiasya.com\/#organization"},"potentialAction":[{"@type":"SearchAction","target":{"@type":"EntryPoint","urlTemplate":"https:\/\/noticiasya.com\/?s={search_term_string}"},"query-input":{"@type":"PropertyValueSpecification","valueRequired":true,"valueName":"search_term_string"}}],"inLanguage":"es"},{"@type":"Organization","@id":"https:\/\/noticiasya.com\/#organization","name":"Noticias","url":"https:\/\/noticiasya.com\/","logo":{"@type":"ImageObject","inLanguage":"es","@id":"https:\/\/noticiasya.com\/#\/schema\/logo\/image\/","url":"https:\/\/noticiasya.com\/wp-content\/uploads\/sites\/22\/2023\/12\/logo-nacional.png","contentUrl":"https:\/\/noticiasya.com\/wp-content\/uploads\/sites\/22\/2023\/12\/logo-nacional.png","width":1801,"height":691,"caption":"Noticias"},"image":{"@id":"https:\/\/noticiasya.com\/#\/schema\/logo\/image\/"}}]}},"parsely":{"version":"1.1.0","canonical_url":"https:\/\/noticiasya.com\/tampa\/2026\/04\/27\/petro-atentados-cauca-sabotear-elecciones-orix\/","smart_links":{"inbound":0,"outbound":0},"traffic_boost_suggestions_count":0,"meta":{"@context":"https:\/\/schema.org","@type":"NewsArticle","headline":"Petro dice que atentados en el suroeste de Colombia buscaban &#171;sabotear las elecciones&#187;","url":"http:\/\/noticiasya.com\/tampa\/2026\/04\/27\/petro-atentados-cauca-sabotear-elecciones-orix\/","mainEntityOfPage":{"@type":"WebPage","@id":"http:\/\/noticiasya.com\/tampa\/2026\/04\/27\/petro-atentados-cauca-sabotear-elecciones-orix\/"},"thumbnailUrl":"","image":{"@type":"ImageObject","url":""},"articleSection":"Noticias Nacionales","author":[],"creator":[],"publisher":{"@type":"Organization","name":"Noticias","logo":""},"keywords":[],"dateCreated":"2026-04-28T03:03:51Z","datePublished":"2026-04-28T03:03:51Z","dateModified":"2026-04-28T03:03:51Z"},"rendered":"<script type=\"application\/ld+json\" class=\"wp-parsely-metadata\">{\"@context\":\"https:\\\/\\\/schema.org\",\"@type\":\"NewsArticle\",\"headline\":\"Petro dice que atentados en el suroeste de Colombia buscaban &#171;sabotear las elecciones&#187;\",\"url\":\"http:\\\/\\\/noticiasya.com\\\/tampa\\\/2026\\\/04\\\/27\\\/petro-atentados-cauca-sabotear-elecciones-orix\\\/\",\"mainEntityOfPage\":{\"@type\":\"WebPage\",\"@id\":\"http:\\\/\\\/noticiasya.com\\\/tampa\\\/2026\\\/04\\\/27\\\/petro-atentados-cauca-sabotear-elecciones-orix\\\/\"},\"thumbnailUrl\":\"\",\"image\":{\"@type\":\"ImageObject\",\"url\":\"\"},\"articleSection\":\"Noticias Nacionales\",\"author\":[],\"creator\":[],\"publisher\":{\"@type\":\"Organization\",\"name\":\"Noticias\",\"logo\":\"\"},\"keywords\":[],\"dateCreated\":\"2026-04-28T03:03:51Z\",\"datePublished\":\"2026-04-28T03:03:51Z\",\"dateModified\":\"2026-04-28T03:03:51Z\"}<\/script>","tracker_url":"https:\/\/cdn.parsely.com\/keys\/noticiasya.com\/p.js"},"jetpack_featured_media_url":"","jetpack-related-posts":[{"id":1473505,"url":"https:\/\/noticiasya.com\/tampa\/2026\/04\/25\/ataque-explosivos-al-menos-7-muertos-26-atentados-orix\/","url_meta":{"origin":1473552,"position":0},"title":"Ataque con explosivos en Colombia deja al menos 7 muertos y 17 heridos; ya son 26 atentados en 2 d\u00edas, dicen autoridades","author":"","date":"abril 25, 2026","format":false,"excerpt":"Al menos 7 personas murieron y 17 resultaron heridas de gravedad este s\u00e1bado por un ataque con artefacto explosivo contra veh\u00edculos en la v\u00eda Panamericana en el Cauca, en el suroeste de Colombia, informaron autoridades del pa\u00eds. Las Fuerzas Militares de Colombia atribuyen el accionar violento a las disidencias de\u2026","rel":"","context":"In &quot;Noticias Nacionales&quot;","block_context":{"text":"Noticias Nacionales","link":"https:\/\/noticiasya.com\/tampa\/categoria\/noticias-nacionales"},"img":{"alt_text":"","src":"","width":0,"height":0},"classes":[]},{"id":1473520,"url":"https:\/\/noticiasya.com\/tampa\/2026\/04\/26\/aumenta-recompensa-alias-marlon-farc-cauca-orix\/","url_meta":{"origin":1473552,"position":1},"title":"Aumenta a m\u00e1s de US$ 1,4 millones la recompensa por cabecilla de disidencias de las FARC tras ataque con explosivos","author":"","date":"abril 26, 2026","format":false,"excerpt":"El Gobierno del presidente Gustavo Petro anunci\u00f3 que aument\u00f3 hasta 5.000 millones de pesos (alrededor de US$ 1,4 millones) la recompensa por informaci\u00f3n que permita ubicar a Iv\u00e1n Jacob Idrobo Arrendondo, alias Marlon, identificado por las autoridades como cabecilla de las disidencias de las Fuerzas Armadas Revolucionarias de Colombia (FARC),\u2026","rel":"","context":"In &quot;Noticias Nacionales&quot;","block_context":{"text":"Noticias Nacionales","link":"https:\/\/noticiasya.com\/tampa\/categoria\/noticias-nacionales"},"img":{"alt_text":"","src":"","width":0,"height":0},"classes":[]},{"id":1465761,"url":"https:\/\/noticiasya.com\/tampa\/2025\/08\/22\/colombia-ataques-impacto-gobierno-analisis-petro-orix\/","url_meta":{"origin":1473552,"position":2},"title":"Atentados terroristas y amenazas: los grupos criminales aumentan su desaf\u00edo a Petro a menos de un a\u00f1o de elecciones","author":"","date":"agosto 22, 2025","format":false,"excerpt":"Cuando Colombia a\u00fan no se repuso del atentado y posterior muerte del precandidato presidencial Miguel Uribe Turbay, del partido de oposici\u00f3n de derecha Centro Democr\u00e1tico, los ataques en Amalfi, Antioquia, y en la ciudad de Cali, Valle del Cauca, reviven el miedo de las peores \u00e9pocas del narcoterrorismo, en los\u2026","rel":"","context":"In &quot;Noticias Nacionales&quot;","block_context":{"text":"Noticias Nacionales","link":"https:\/\/noticiasya.com\/tampa\/categoria\/noticias-nacionales"},"img":{"alt_text":"","src":"","width":0,"height":0},"classes":[]},{"id":1473541,"url":"https:\/\/noticiasya.com\/tampa\/2026\/04\/27\/atentados-impacto-campana-elecciones-paz-orix\/","url_meta":{"origin":1473552,"position":3},"title":"Los atentados en Colombia impactan en la campa\u00f1a y refuerzan las cr\u00edticas a la &#171;paz total&#187; de Petro","author":"","date":"abril 27, 2026","format":false,"excerpt":"El atentado que dej\u00f3 al menos 20 muertos en el suroeste de Colombia, en medio de una ola de ataques en la zona, fue r\u00e1pidamente condenado por la dirigencia pol\u00edtica del pa\u00eds, pero los mensajes tambi\u00e9n expusieron las divisiones acentuadas por el clima electoral, cuando faltan cinco semanas para la\u2026","rel":"","context":"In &quot;Noticias Nacionales&quot;","block_context":{"text":"Noticias Nacionales","link":"https:\/\/noticiasya.com\/tampa\/categoria\/noticias-nacionales"},"img":{"alt_text":"","src":"","width":0,"height":0},"classes":[]},{"id":1465854,"url":"https:\/\/noticiasya.com\/tampa\/2025\/08\/25\/petro-cartel-soles-tension-eeuu-venezuela-orix\/","url_meta":{"origin":1473552,"position":4},"title":"Petro dice que el Cartel de los Soles &#171;no existe&#187; en medio de la tensi\u00f3n entre EE.UU. y Venezuela","author":"","date":"agosto 25, 2025","format":false,"excerpt":"En medio de las crecientes tensiones entre Estados Unidos y Venezuela, el presidente de Colombia, Gustavo Petro, neg\u00f3 la existencia del Cartel de los Soles, un presunto grupo criminal acusado por Washington de infiltrar el poder en Caracas desde los a\u00f1os noventa para enviar drogas hacia su territorio.\u201cEl cartel de\u2026","rel":"","context":"In &quot;Noticias Nacionales&quot;","block_context":{"text":"Noticias Nacionales","link":"https:\/\/noticiasya.com\/tampa\/categoria\/noticias-nacionales"},"img":{"alt_text":"","src":"","width":0,"height":0},"classes":[]},{"id":1463423,"url":"https:\/\/noticiasya.com\/tampa\/2025\/06\/10\/petro-cali-ataques-cauca-valle-fiscalia-investigaciones-orix\/","url_meta":{"origin":1473552,"position":5},"title":"Petro viajar\u00e1 a Cali tras ataques en Cauca y Valle; la Fiscal\u00eda abre siete investigaciones","author":"","date":"junio 10, 2025","format":false,"excerpt":"El presidente de Colombia, Gustavo Petro, confirm\u00f3 a trav\u00e9s de su cuenta de X que estar\u00e1 este mi\u00e9rcoles en Cali, para reunirse con militares y polic\u00edas por los recientes atentados mortales en la regi\u00f3n y el ataque al senador Miguel Uribe Turbay.Por su parte, la Fiscal\u00eda de Colombia inform\u00f3 este\u2026","rel":"","context":"In &quot;Noticias Nacionales&quot;","block_context":{"text":"Noticias Nacionales","link":"https:\/\/noticiasya.com\/tampa\/categoria\/noticias-nacionales"},"img":{"alt_text":"","src":"","width":0,"height":0},"classes":[]}],"jetpack_sharing_enabled":true,"_links":{"self":[{"href":"https:\/\/noticiasya.com\/tampa\/wp-json\/wp\/v2\/posts\/1473552","targetHints":{"allow":["GET"]}}],"collection":[{"href":"https:\/\/noticiasya.com\/tampa\/wp-json\/wp\/v2\/posts"}],"about":[{"href":"https:\/\/noticiasya.com\/tampa\/wp-json\/wp\/v2\/types\/post"}],"replies":[{"embeddable":true,"href":"https:\/\/noticiasya.com\/tampa\/wp-json\/wp\/v2\/comments?post=1473552"}],"version-history":[{"count":0,"href":"https:\/\/noticiasya.com\/tampa\/wp-json\/wp\/v2\/posts\/1473552\/revisions"}],"wp:attachment":[{"href":"https:\/\/noticiasya.com\/tampa\/wp-json\/wp\/v2\/media?parent=1473552"}],"wp:term":[{"taxonomy":"category","embeddable":true,"href":"https:\/\/noticiasya.com\/tampa\/wp-json\/wp\/v2\/categories?post=1473552"},{"taxonomy":"post_tag","embeddable":true,"href":"https:\/\/noticiasya.com\/tampa\/wp-json\/wp\/v2\/tags?post=1473552"}],"curies":[{"name":"wp","href":"https:\/\/api.w.org\/{rel}","templated":true}]}}