{"id":1473555,"date":"2026-04-27T23:03:42","date_gmt":"2026-04-28T06:03:42","guid":{"rendered":"https:\/\/noticiasya.com\/2026\/04\/27\/analisis-hipocrita-cruzada-trump-retorica-violenta-trax\/"},"modified":"2026-04-27T23:03:42","modified_gmt":"2026-04-28T06:03:42","slug":"analisis-hipocrita-cruzada-trump-retorica-violenta-trax","status":"publish","type":"post","link":"https:\/\/noticiasya.com\/tampa\/2026\/04\/27\/analisis-hipocrita-cruzada-trump-retorica-violenta-trax\/","title":{"rendered":"La hip\u00f3crita cruzada de Trump contra la ret\u00f3rica violenta y la creciente realidad de un pa\u00eds dividido"},"content":{"rendered":"<p>Hace un mes, el presidente Donald Trump celebr\u00f3 sin pudor la muerte del exdirector del FBI, Robert Mueller. \u201c\u00a1<a href=\"https:\/\/www.cnn.com\/2026\/03\/21\/politics\/donald-trump-robert-mueller-insensitive-comments\">Bien, me alegro de que est\u00e9 muerto<\/a>!\u201d, dijo Trump. \u201c\u00a1Ya no puede hacer da\u00f1o a gente inocente!\u201d.<\/p>\n<p>El lunes, Trump y su Casa Blanca respondieron al <a href=\"https:\/\/www.cnn.com\/2026\/04\/27\/politics\/live-news\/correspondents-dinner-shooting-suspect-court\">tiroteo ocurrido<\/a> este fin de semana durante la cena de corresponsales de la Casa Blanca, criticando la supuesta ret\u00f3rica inaceptable de los dem\u00f3cratas y calific\u00e1ndolos de \u201c<a href=\"https:\/\/www.cnn.com\/2026\/04\/27\/politics\/live-news\/correspondents-dinner-shooting-suspect-court#cmohhatlw00003b6sa03bmqho\">culto al odio<\/a>\u201d.<\/p>\n<p>\u00bfSu principal ejemplo de este tipo de ret\u00f3rica? <a href=\"https:\/\/www.cnn.com\/2026\/04\/27\/politics\/melania-trump-kimmel-whcd-shooting\">El comediante de ABC, Jimmy Kimmel,<\/a> cont\u00f3 un chiste que se burlaba de la posible muerte de Trump. D\u00edas antes del tiroteo de este fin de semana, Kimmel brome\u00f3 diciendo que la primera dama Melania Trump ten\u00eda \u201cun brillo como el de una viuda embarazada\u201d.<\/p>\n<p>Por lo visto, est\u00e1 bien que Trump celebre la muerte de un funcionario p\u00fablico, lo que no est\u00e1 bien es que Jimmy Kimmel haga bromas sobre la muerte de Trump.<\/p>\n<p>El tiroteo ocurrido durante la cena de este fin de semana ha vuelto a llevar a Trump y a su Casa Blanca a centrarse en la ret\u00f3rica de los dem\u00f3cratas, a pesar <a href=\"https:\/\/www.cnn.com\/2025\/09\/15\/politics\/political-violence-trump-charlie-kirk\">del historial de Trump de utilizar un discurso sumamente ofensivo<\/a>.<\/p>\n<p>Los republicanos, en gran medida, est\u00e1n repitiendo el mismo juego de culpas que iniciaron tras el asesinato de Charlie Kirk el a\u00f1o pasado.<\/p>\n<p>Hasta el momento, la estrategia no parece haber funcionado. Las encuestas muestran que los estadounidenses, en general, consideran que la ret\u00f3rica de la derecha es m\u00e1s violenta y peligrosa.<\/p>\n<p>Pero el agua se est\u00e1 volviendo m\u00e1s turbia.<\/p>\n<p>Los episodios de violencia pol\u00edtica se han convertido casi en una especie de juego de \u201celige tu propia aventura\u201d en el que muchas personas, de ambos bandos, parecen adoptar narrativas atractivas pero falsas sobre las motivaciones que hay detr\u00e1s de la violencia pol\u00edtica.<\/p>\n<p>Y eso puede llevar a situaciones desagradables.<\/p>\n<p>\u201cEsta violencia pol\u00edtica proviene de una demonizaci\u00f3n sistem\u00e1tica de [Trump] y sus seguidores por parte de comentaristas, s\u00ed, de miembros electos del Partido Dem\u00f3crata, e incluso de algunos medios de comunicaci\u00f3n\u201d, declar\u00f3 el lunes la secretaria de prensa de la Casa Blanca, Karoline Leavitt. \u201cEsta ret\u00f3rica de odio, constante y violenta dirigida contra el presidente Trump, d\u00eda tras d\u00eda durante 11 a\u00f1os, ha contribuido a legitimar esta violencia y a llevarnos a este oscuro momento\u201d.<\/p>\n<p>Lo primero que cabe se\u00f1alar es que las declaraciones definitivas sobre las supuestas motivaciones de los tiradores en esta etapa temprana suelen ser, en el mejor de los casos, especulativas.<\/p>\n<p>A menudo, surgen informes que sugieren que los perpetradores ten\u00edan problemas de salud mental.<\/p>\n<p>El presunto agresor, Cole Tomas Allen, aparentemente dej\u00f3 <a href=\"https:\/\/www.cnn.com\/2026\/04\/26\/us\/white-house-correspondents-dinner-shooter-teacher-invs\">un rastro documental<\/a> que proporciona pistas sobre su posible motivaci\u00f3n, incluyendo <a href=\"https:\/\/www.cnn.com\/2026\/04\/27\/us\/correspondents-dinner-shooting-suspect-social-media-invs\">publicaciones en redes sociales que comparaban a Trump con Adolf Hitler<\/a> e incitaban a otros cr\u00edticos de su presidencia a comprar armas.<\/p>\n<p>Pero al igual que con el asesino de Charlie Kirk, es dif\u00edcil trazar una l\u00ednea tan directa hasta que se tenga m\u00e1s informaci\u00f3n.<\/p>\n<p>En segundo lugar, si bien es totalmente v\u00e1lido pensar que fue una p\u00e9sima idea que Kimmel bromeara sobre la muerte de Trump, el presidente hace mucho que cedi\u00f3 la superioridad moral en estos temas.<\/p>\n<p>Escandalizarse por los chistes de Kimmel o la ret\u00f3rica de los dem\u00f3cratas sin abordar la propia ret\u00f3rica de Trump es un claro ejemplo de indignaci\u00f3n selectiva.<\/p>\n<p>Sencillamente, Trump ha cruzado la l\u00ednea con mayor contundencia y frecuencia. Un ejemplo destacado es el ataque al Capitolio el 6 de enero de 2021, cuando alent\u00f3 a sus seguidores a protestar y permaneci\u00f3 en silencio durante horas mientras estallaba la violencia, que provoc\u00f3 m\u00faltiples muertes. Pero tambi\u00e9n existen muchos otros ejemplos.<\/p>\n<p>Como los siguientes:<\/p>\n<ul>\n<li>Celebr\u00f3 la muerte de Mueller.<\/li>\n<li>Su respuesta a los asesinatos de Rob Reiner y su esposa en diciembre fue de <a href=\"https:\/\/us.cnn.com\/2025\/12\/15\/politics\/trump-rob-reiner-truth-social-post\">una manera sorprendentemente insensible.<\/a><\/li>\n<li>A pesar de quejarse de que la izquierda hiciera comparaciones con los nazis, en 2017 compar\u00f3 a la comunidad de inteligencia con la \u201c<a href=\"https:\/\/www.cnn.com\/2017\/01\/12\/opinions\/trump-compares-intel-to-nazi-germany-opinion-goldstein\">Alemania nazi<\/a>\u201d y en 2024 calific\u00f3 al equipo del expresidente Joe Biden como una \u201c<a href=\"https:\/\/www.cnn.com\/2024\/05\/04\/politics\/trump-democrats-gestapo-rnc-retreat\">administraci\u00f3n de la Gestapo<\/a>\u201d.<\/li>\n<li>A pesar de quejarse de que la izquierda lo llamara \u201cfascista\u201d, <a href=\"https:\/\/www.washingtonpost.com\/politics\/2024\/09\/17\/trump-uses-dangerous-rhetoric-more-often\/\">pas\u00f3 a\u00f1os utilizando esa palabra contra sus adversarios<\/a>.<\/li>\n<li>Rest\u00f3 <a href=\"https:\/\/www.politico.com\/news\/2023\/09\/29\/trump-mocks-pelosi-family-as-he-rallies-conservative-support-in-california-00119243\">importancia<\/a> al ataque con martillo que sufri\u00f3 el marido de Nancy Pelosi, el cual le provoc\u00f3 una fractura de cr\u00e1neo y otras lesiones graves.<\/li>\n<li>Reflexion\u00f3 sobre la posibilidad de que <a href=\"https:\/\/www.cnn.com\/2016\/08\/10\/politics\/trump-second-amendment\">los defensores de la Segunda Enmienda<\/a> impidieran a Hillary Clinton nombrar jueces.<\/li>\n<li>\u00c9l comparti\u00f3 un video de un simpatizante que dec\u00eda: \u201c<a href=\"https:\/\/www.cnn.com\/2021\/07\/02\/politics\/couy-griffin-political-beliefs-judge-rejects-capitol-rioter-claim\">El \u00fanico dem\u00f3crata bueno es un dem\u00f3crata muerto<\/a>\u201d.<\/li>\n<li>Reenvi\u00f3 un mensaje de un simpatizante que advert\u00eda sobre personas <a href=\"https:\/\/www.washingtonpost.com\/politics\/2023\/03\/23\/indictment-looms-trump-criticizes-calls-peace\/\">que se estaban levantando para \u201cluchar f\u00edsicamente\u201d por Trump<\/a>.<\/li>\n<li>Elogi\u00f3 a un convoy de simpatizantes que <a href=\"https:\/\/www.cnn.com\/2020\/11\/01\/politics\/fbi-investigating-biden-bus-trump\">rodearon peligrosamente el autob\u00fas de campa\u00f1a de Biden<\/a> en 2020.<\/li>\n<li>Elogi\u00f3 al gobernador de Montana <a href=\"https:\/\/www.cnn.com\/2018\/10\/18\/politics\/trump-rally-gianforte-my-guy\">por agredir a un periodista<\/a>.<\/li>\n<li>Ha planteado repetidamente hip\u00f3tesis en las que sus seguidores <a href=\"https:\/\/www.washingtonpost.com\/politics\/2024\/06\/03\/trumps-many-dog-whistles-about-unrest-violence\/\">se alzan en actos de violencia justificada<\/a>.<\/li>\n<\/ul>\n<p>Este \u00faltimo punto es un tema particularmente importante.<\/p>\n<p>Incluso mientras la Casa Blanca de Trump atacaba la ret\u00f3rica de los dem\u00f3cratas tras la muerte de Kirk, Trump sugiri\u00f3 que los derechistas que recurren a la violencia pol\u00edtica <a href=\"https:\/\/www.usatoday.com\/story\/news\/politics\/2025\/09\/12\/trump-radicals-on-the-left-problem\/86111420007\/\">lo hacen por razones v\u00e1lidas<\/a>, mientras que los izquierdistas no.<\/p>\n<p>Los comentarios de Trump sobre la muerte de Mueller fueron similares. Tal vez sea de mal gusto celebrar la muerte, parec\u00eda decir, pero piensen en el da\u00f1o que caus\u00f3 este hombre.<\/p>\n<p>Es el tipo de razonamiento que muchos otros han utilizado para justificar la violencia pol\u00edtica.<\/p>\n<p>Adem\u00e1s, la tragedia evitada este fin de semana ha puesto de relieve una tendencia cada vez m\u00e1s preocupante: mucha gente est\u00e1 desarrollando una visi\u00f3n distorsionada de qui\u00e9n perpetr\u00f3 la violencia pol\u00edtica.<\/p>\n<p>Durante a\u00f1os, destacados republicanos se han <a href=\"https:\/\/www.cnn.com\/2025\/06\/16\/politics\/mike-lee-political-violence-claims-analysis\">apresurado a atribuir tragedias a la izquierda<\/a>, a menudo antes de que existan pruebas reales y antes de que los investigadores hayan llegado a conclusiones.<\/p>\n<p>La realidad es que muchas personas que cometen o intentan cometer actos de violencia pol\u00edtica no encajan f\u00e1cilmente en una sola etiqueta.<\/p>\n<p>Hasta el d\u00eda de hoy, muchos afirman como un hecho que el presunto asesino de Trump, Thomas Matthew Crooks, era de izquierdas, a pesar de estar registrado como republicano y de que su figura sigue siendo <a href=\"https:\/\/www.nytimes.com\/2025\/06\/08\/us\/thomas-crooks-trump-shooter-butler-rally.html\">un enigma.<\/a><\/p>\n<p>Una din\u00e1mica similar se dio con <a href=\"https:\/\/www.cnn.com\/2025\/06\/16\/politics\/mike-lee-political-violence-claims-analysis\">el asesino de la representante estatal de Minnesota, Melissa Hortman<\/a>.<\/p>\n<p>En la izquierda, incluso algunas figuras prominentes se esforzaron por <a href=\"https:\/\/www.vox.com\/politics\/462173\/charlie-kirk-killer-motive-tyler-robinson-jimmy-kimmel\">creer que el presunto asesino de Kirk era un partidario de MAGA<\/a> o un \u201cgroyper\u201d de extrema derecha, algo que las pruebas no respaldan.<\/p>\n<p>Eso no quiere decir que ambos bandos ataquen por igual.<\/p>\n<p>Es evidente que destacados republicanos han sacado conclusiones precipitadas mucho m\u00e1s que los dem\u00f3cratas en los \u00faltimos a\u00f1os, incluso cuando muchos conservadores importantes teorizaron que el ataque de Paul Pelosi fue el resultado de una disputa entre amantes homosexuales.<\/p>\n<p>Pero esta realidad dividida es un problema cada vez mayor.<\/p>\n<p>Al menos por ahora, la supuesta creencia de Trump y del Partido Republicano de que los dem\u00f3cratas son los peores infractores no parece ser compartida por el p\u00fablico.<\/p>\n<p>Una <a href=\"https:\/\/news.gallup.com\/poll\/699077\/americans-say-political-rhetoric-gone-far.aspx\">encuesta de Gallup realizada<\/a> en octubre, poco despu\u00e9s del asesinato de Kirk, mostr\u00f3 que el 69 % de los estadounidenses afirm\u00f3 que los republicanos hab\u00edan ido demasiado lejos al utilizar un lenguaje incendiario, en comparaci\u00f3n con el 60 % que opin\u00f3 lo mismo de los dem\u00f3cratas.<\/p>\n<p>Pero era muy probable que ambas partes culparan a la otra de la violencia en s\u00ed.<\/p>\n<p><a href=\"https:\/\/prri.org\/research\/political-violence-in-america-public-perceptions-polarization-and-accountability\/\">Una encuesta<\/a> reciente del Public Religion Research Institute revel\u00f3 que el 72 % de los republicanos afirm\u00f3 que los dem\u00f3cratas eran los responsables de la mayor parte de la violencia pol\u00edtica, mientras que el 73 % de los dem\u00f3cratas opin\u00f3 que eran los republicanos.<\/p>\n<p>(Los datos sugieren que, en realidad, es <a href=\"https:\/\/www.cnn.com\/2025\/09\/20\/politics\/political-violence-data-analysis\">la derecha la que ha perpetrado m\u00e1s violencia pol\u00edtica<\/a> durante d\u00e9cadas, aunque hay indicios de que la izquierda ha reducido la brecha desde que Trump volvi\u00f3 a la presidencia).<\/p>\n<p>Y cada vez se percibe una mayor relaci\u00f3n entre la ret\u00f3rica y la violencia.<\/p>\n<p>Desde el tiroteo contra Gabrielle Giffords en 2011, las encuestas de NBC News han preguntado repetidamente a la gente si los principales ejemplos de violencia pol\u00edtica fueron impulsados \u200b\u200bm\u00e1s por \u201cuna persona perturbada\u201d o por \u201cuna ret\u00f3rica pol\u00edtica extrema\u201d.<\/p>\n<p>El porcentaje de personas que atribuyen mayor responsabilidad a la ret\u00f3rica pol\u00edtica <a href=\"https:\/\/www.documentcloud.org\/documents\/26310998-nbc-news-october-2025-poll\/?q=rhetoric&#038;mode=document#document\/p21\">ha aumentado<\/a> del 24 % en 2011 al 41 % en 2017 (tras el tiroteo en el campo de b\u00e9isbol del Congreso), al 49 % en 2022 (el ataque a Pelosi), al 54 % en 2024 (el intento de asesinato de Trump) y al 61 % el a\u00f1o pasado (el asesinato de Kirk).<\/p>\n<p>Sorprendentemente, la mayor\u00eda de ambos bandos coincidi\u00f3 en que la ret\u00f3rica tuvo mayor responsabilidad en el asesinato de Kirk: el 54 % de los dem\u00f3cratas y el 73 % de los republicanos.<\/p>\n<p>Pero parece bastante posible que ambas partes lo est\u00e9n vinculando <em>a la ret\u00f3rica de la otra parte<\/em>, en lugar de a la suya propia.<\/p>\n<p>As\u00ed pues, nos encontramos ante una situaci\u00f3n en la que ambos bandos se ven mutuamente como culpables de una ret\u00f3rica cada vez m\u00e1s peligrosa que vinculan directamente con la violencia real.<\/p>\n<p>Esa no es la receta para bajar la tensi\u00f3n; es la receta para que la pol\u00edtica se hunda en terrenos cada vez m\u00e1s oscuros.<\/p>\n<p>The-CNN-Wire<br \/>&trade; &amp; &copy; 2026 Cable News Network, Inc., a Warner Bros. Discovery Company. All rights reserved.<\/p>\n","protected":false},"excerpt":{"rendered":"<p>Hace un mes, el presidente Donald Trump celebr\u00f3 sin pudor la muerte del exdirector del FBI, Robert Mueller. \u201c\u00a1Bien, me alegro de que est\u00e9 muerto!\u201d, dijo Trump. \u201c\u00a1Ya no puede hacer da\u00f1o a gente inocente!\u201d. El lunes, Trump y su Casa Blanca respondieron al tiroteo ocurrido este fin de semana durante la cena de corresponsales [&hellip;]<\/p>\n","protected":false},"author":0,"featured_media":0,"comment_status":"open","ping_status":"open","sticky":false,"template":"","format":"standard","meta":{"_jetpack_memberships_contains_paid_content":false,"footnotes":""},"categories":[10],"tags":[],"class_list":["post-1473555","post","type-post","status-publish","format-standard","hentry","category-noticias-nacionales","market-global"],"yoast_head":"<!-- This site is optimized with the Yoast SEO plugin v24.4 - https:\/\/yoast.com\/wordpress\/plugins\/seo\/ -->\n<title>La hip\u00f3crita cruzada de Trump contra la ret\u00f3rica violenta y la creciente realidad de un pa\u00eds dividido - Noticias<\/title>\n<meta name=\"robots\" content=\"index, follow, max-snippet:-1, max-image-preview:large, max-video-preview:-1\" \/>\n<link rel=\"canonical\" href=\"https:\/\/noticiasya.com\/2026\/04\/27\/analisis-hipocrita-cruzada-trump-retorica-violenta-trax\/\" \/>\n<meta property=\"og:locale\" content=\"es_ES\" \/>\n<meta property=\"og:type\" content=\"article\" \/>\n<meta property=\"og:title\" content=\"La hip\u00f3crita cruzada de Trump contra la ret\u00f3rica violenta y la creciente realidad de un pa\u00eds dividido - Noticias\" \/>\n<meta property=\"og:description\" content=\"Hace un mes, el presidente Donald Trump celebr\u00f3 sin pudor la muerte del exdirector del FBI, Robert Mueller. \u201c\u00a1Bien, me alegro de que est\u00e9 muerto!\u201d, dijo Trump. \u201c\u00a1Ya no puede hacer da\u00f1o a gente inocente!\u201d. El lunes, Trump y su Casa Blanca respondieron al tiroteo ocurrido este fin de semana durante la cena de corresponsales [&hellip;]\" \/>\n<meta property=\"og:url\" content=\"https:\/\/noticiasya.com\/2026\/04\/27\/analisis-hipocrita-cruzada-trump-retorica-violenta-trax\/\" \/>\n<meta property=\"og:site_name\" content=\"Noticias\" \/>\n<meta property=\"article:published_time\" content=\"2026-04-28T06:03:42+00:00\" \/>\n<meta name=\"twitter:card\" content=\"summary_large_image\" \/>\n<meta name=\"twitter:label1\" content=\"Est. reading time\" \/>\n\t<meta name=\"twitter:data1\" content=\"8 minutos\" \/>\n<script type=\"application\/ld+json\" class=\"yoast-schema-graph\">{\"@context\":\"https:\/\/schema.org\",\"@graph\":[{\"@type\":\"Article\",\"@id\":\"https:\/\/noticiasya.com\/2026\/04\/27\/analisis-hipocrita-cruzada-trump-retorica-violenta-trax\/#article\",\"isPartOf\":{\"@id\":\"https:\/\/noticiasya.com\/2026\/04\/27\/analisis-hipocrita-cruzada-trump-retorica-violenta-trax\/\"},\"author\":{\"name\":\"\",\"@id\":\"\"},\"headline\":\"La hip\u00f3crita cruzada de Trump contra la ret\u00f3rica violenta y la creciente realidad de un pa\u00eds dividido\",\"datePublished\":\"2026-04-28T06:03:42+00:00\",\"mainEntityOfPage\":{\"@id\":\"https:\/\/noticiasya.com\/2026\/04\/27\/analisis-hipocrita-cruzada-trump-retorica-violenta-trax\/\"},\"wordCount\":1647,\"commentCount\":0,\"publisher\":{\"@id\":\"https:\/\/noticiasya.com\/#organization\"},\"articleSection\":[\"Noticias Nacionales\"],\"inLanguage\":\"es\",\"potentialAction\":[{\"@type\":\"CommentAction\",\"name\":\"Comment\",\"target\":[\"https:\/\/noticiasya.com\/2026\/04\/27\/analisis-hipocrita-cruzada-trump-retorica-violenta-trax\/#respond\"]}]},{\"@type\":\"WebPage\",\"@id\":\"https:\/\/noticiasya.com\/2026\/04\/27\/analisis-hipocrita-cruzada-trump-retorica-violenta-trax\/\",\"url\":\"https:\/\/noticiasya.com\/2026\/04\/27\/analisis-hipocrita-cruzada-trump-retorica-violenta-trax\/\",\"name\":\"La hip\u00f3crita cruzada de Trump contra la ret\u00f3rica violenta y la creciente realidad de un pa\u00eds dividido - Noticias\",\"isPartOf\":{\"@id\":\"https:\/\/noticiasya.com\/#website\"},\"datePublished\":\"2026-04-28T06:03:42+00:00\",\"breadcrumb\":{\"@id\":\"https:\/\/noticiasya.com\/2026\/04\/27\/analisis-hipocrita-cruzada-trump-retorica-violenta-trax\/#breadcrumb\"},\"inLanguage\":\"es\",\"potentialAction\":[{\"@type\":\"ReadAction\",\"target\":[\"https:\/\/noticiasya.com\/2026\/04\/27\/analisis-hipocrita-cruzada-trump-retorica-violenta-trax\/\"]}]},{\"@type\":\"BreadcrumbList\",\"@id\":\"https:\/\/noticiasya.com\/2026\/04\/27\/analisis-hipocrita-cruzada-trump-retorica-violenta-trax\/#breadcrumb\",\"itemListElement\":[{\"@type\":\"ListItem\",\"position\":1,\"name\":\"Home\",\"item\":\"https:\/\/noticiasya.com\/\"},{\"@type\":\"ListItem\",\"position\":2,\"name\":\"La hip\u00f3crita cruzada de Trump contra la ret\u00f3rica violenta y la creciente realidad de un pa\u00eds dividido\"}]},{\"@type\":\"WebSite\",\"@id\":\"https:\/\/noticiasya.com\/#website\",\"url\":\"https:\/\/noticiasya.com\/\",\"name\":\"Noticias\",\"description\":\"Lo que importa\",\"publisher\":{\"@id\":\"https:\/\/noticiasya.com\/#organization\"},\"potentialAction\":[{\"@type\":\"SearchAction\",\"target\":{\"@type\":\"EntryPoint\",\"urlTemplate\":\"https:\/\/noticiasya.com\/?s={search_term_string}\"},\"query-input\":{\"@type\":\"PropertyValueSpecification\",\"valueRequired\":true,\"valueName\":\"search_term_string\"}}],\"inLanguage\":\"es\"},{\"@type\":\"Organization\",\"@id\":\"https:\/\/noticiasya.com\/#organization\",\"name\":\"Noticias\",\"url\":\"https:\/\/noticiasya.com\/\",\"logo\":{\"@type\":\"ImageObject\",\"inLanguage\":\"es\",\"@id\":\"https:\/\/noticiasya.com\/#\/schema\/logo\/image\/\",\"url\":\"https:\/\/noticiasya.com\/wp-content\/uploads\/sites\/22\/2023\/12\/logo-nacional.png\",\"contentUrl\":\"https:\/\/noticiasya.com\/wp-content\/uploads\/sites\/22\/2023\/12\/logo-nacional.png\",\"width\":1801,\"height\":691,\"caption\":\"Noticias\"},\"image\":{\"@id\":\"https:\/\/noticiasya.com\/#\/schema\/logo\/image\/\"}}]}<\/script>\n<!-- \/ Yoast SEO plugin. -->","yoast_head_json":{"title":"La hip\u00f3crita cruzada de Trump contra la ret\u00f3rica violenta y la creciente realidad de un pa\u00eds dividido - Noticias","robots":{"index":"index","follow":"follow","max-snippet":"max-snippet:-1","max-image-preview":"max-image-preview:large","max-video-preview":"max-video-preview:-1"},"canonical":"https:\/\/noticiasya.com\/2026\/04\/27\/analisis-hipocrita-cruzada-trump-retorica-violenta-trax\/","og_locale":"es_ES","og_type":"article","og_title":"La hip\u00f3crita cruzada de Trump contra la ret\u00f3rica violenta y la creciente realidad de un pa\u00eds dividido - Noticias","og_description":"Hace un mes, el presidente Donald Trump celebr\u00f3 sin pudor la muerte del exdirector del FBI, Robert Mueller. \u201c\u00a1Bien, me alegro de que est\u00e9 muerto!\u201d, dijo Trump. \u201c\u00a1Ya no puede hacer da\u00f1o a gente inocente!\u201d. El lunes, Trump y su Casa Blanca respondieron al tiroteo ocurrido este fin de semana durante la cena de corresponsales [&hellip;]","og_url":"https:\/\/noticiasya.com\/2026\/04\/27\/analisis-hipocrita-cruzada-trump-retorica-violenta-trax\/","og_site_name":"Noticias","article_published_time":"2026-04-28T06:03:42+00:00","twitter_card":"summary_large_image","twitter_misc":{"Est. reading time":"8 minutos"},"schema":{"@context":"https:\/\/schema.org","@graph":[{"@type":"Article","@id":"https:\/\/noticiasya.com\/2026\/04\/27\/analisis-hipocrita-cruzada-trump-retorica-violenta-trax\/#article","isPartOf":{"@id":"https:\/\/noticiasya.com\/2026\/04\/27\/analisis-hipocrita-cruzada-trump-retorica-violenta-trax\/"},"author":{"name":"","@id":""},"headline":"La hip\u00f3crita cruzada de Trump contra la ret\u00f3rica violenta y la creciente realidad de un pa\u00eds dividido","datePublished":"2026-04-28T06:03:42+00:00","mainEntityOfPage":{"@id":"https:\/\/noticiasya.com\/2026\/04\/27\/analisis-hipocrita-cruzada-trump-retorica-violenta-trax\/"},"wordCount":1647,"commentCount":0,"publisher":{"@id":"https:\/\/noticiasya.com\/#organization"},"articleSection":["Noticias Nacionales"],"inLanguage":"es","potentialAction":[{"@type":"CommentAction","name":"Comment","target":["https:\/\/noticiasya.com\/2026\/04\/27\/analisis-hipocrita-cruzada-trump-retorica-violenta-trax\/#respond"]}]},{"@type":"WebPage","@id":"https:\/\/noticiasya.com\/2026\/04\/27\/analisis-hipocrita-cruzada-trump-retorica-violenta-trax\/","url":"https:\/\/noticiasya.com\/2026\/04\/27\/analisis-hipocrita-cruzada-trump-retorica-violenta-trax\/","name":"La hip\u00f3crita cruzada de Trump contra la ret\u00f3rica violenta y la creciente realidad de un pa\u00eds dividido - Noticias","isPartOf":{"@id":"https:\/\/noticiasya.com\/#website"},"datePublished":"2026-04-28T06:03:42+00:00","breadcrumb":{"@id":"https:\/\/noticiasya.com\/2026\/04\/27\/analisis-hipocrita-cruzada-trump-retorica-violenta-trax\/#breadcrumb"},"inLanguage":"es","potentialAction":[{"@type":"ReadAction","target":["https:\/\/noticiasya.com\/2026\/04\/27\/analisis-hipocrita-cruzada-trump-retorica-violenta-trax\/"]}]},{"@type":"BreadcrumbList","@id":"https:\/\/noticiasya.com\/2026\/04\/27\/analisis-hipocrita-cruzada-trump-retorica-violenta-trax\/#breadcrumb","itemListElement":[{"@type":"ListItem","position":1,"name":"Home","item":"https:\/\/noticiasya.com\/"},{"@type":"ListItem","position":2,"name":"La hip\u00f3crita cruzada de Trump contra la ret\u00f3rica violenta y la creciente realidad de un pa\u00eds dividido"}]},{"@type":"WebSite","@id":"https:\/\/noticiasya.com\/#website","url":"https:\/\/noticiasya.com\/","name":"Noticias","description":"Lo que importa","publisher":{"@id":"https:\/\/noticiasya.com\/#organization"},"potentialAction":[{"@type":"SearchAction","target":{"@type":"EntryPoint","urlTemplate":"https:\/\/noticiasya.com\/?s={search_term_string}"},"query-input":{"@type":"PropertyValueSpecification","valueRequired":true,"valueName":"search_term_string"}}],"inLanguage":"es"},{"@type":"Organization","@id":"https:\/\/noticiasya.com\/#organization","name":"Noticias","url":"https:\/\/noticiasya.com\/","logo":{"@type":"ImageObject","inLanguage":"es","@id":"https:\/\/noticiasya.com\/#\/schema\/logo\/image\/","url":"https:\/\/noticiasya.com\/wp-content\/uploads\/sites\/22\/2023\/12\/logo-nacional.png","contentUrl":"https:\/\/noticiasya.com\/wp-content\/uploads\/sites\/22\/2023\/12\/logo-nacional.png","width":1801,"height":691,"caption":"Noticias"},"image":{"@id":"https:\/\/noticiasya.com\/#\/schema\/logo\/image\/"}}]}},"parsely":{"version":"1.1.0","canonical_url":"https:\/\/noticiasya.com\/tampa\/2026\/04\/27\/analisis-hipocrita-cruzada-trump-retorica-violenta-trax\/","smart_links":{"inbound":0,"outbound":0},"traffic_boost_suggestions_count":0,"meta":{"@context":"https:\/\/schema.org","@type":"NewsArticle","headline":"La hip\u00f3crita cruzada de Trump contra la ret\u00f3rica violenta y la creciente realidad de un pa\u00eds dividido","url":"http:\/\/noticiasya.com\/tampa\/2026\/04\/27\/analisis-hipocrita-cruzada-trump-retorica-violenta-trax\/","mainEntityOfPage":{"@type":"WebPage","@id":"http:\/\/noticiasya.com\/tampa\/2026\/04\/27\/analisis-hipocrita-cruzada-trump-retorica-violenta-trax\/"},"thumbnailUrl":"","image":{"@type":"ImageObject","url":""},"articleSection":"Noticias Nacionales","author":[],"creator":[],"publisher":{"@type":"Organization","name":"Noticias","logo":""},"keywords":[],"dateCreated":"2026-04-28T06:03:42Z","datePublished":"2026-04-28T06:03:42Z","dateModified":"2026-04-28T06:03:42Z"},"rendered":"<script type=\"application\/ld+json\" class=\"wp-parsely-metadata\">{\"@context\":\"https:\\\/\\\/schema.org\",\"@type\":\"NewsArticle\",\"headline\":\"La hip\\u00f3crita cruzada de Trump contra la ret\\u00f3rica violenta y la creciente realidad de un pa\\u00eds dividido\",\"url\":\"http:\\\/\\\/noticiasya.com\\\/tampa\\\/2026\\\/04\\\/27\\\/analisis-hipocrita-cruzada-trump-retorica-violenta-trax\\\/\",\"mainEntityOfPage\":{\"@type\":\"WebPage\",\"@id\":\"http:\\\/\\\/noticiasya.com\\\/tampa\\\/2026\\\/04\\\/27\\\/analisis-hipocrita-cruzada-trump-retorica-violenta-trax\\\/\"},\"thumbnailUrl\":\"\",\"image\":{\"@type\":\"ImageObject\",\"url\":\"\"},\"articleSection\":\"Noticias Nacionales\",\"author\":[],\"creator\":[],\"publisher\":{\"@type\":\"Organization\",\"name\":\"Noticias\",\"logo\":\"\"},\"keywords\":[],\"dateCreated\":\"2026-04-28T06:03:42Z\",\"datePublished\":\"2026-04-28T06:03:42Z\",\"dateModified\":\"2026-04-28T06:03:42Z\"}<\/script>","tracker_url":"https:\/\/cdn.parsely.com\/keys\/noticiasya.com\/p.js"},"jetpack_featured_media_url":"","jetpack-related-posts":[{"id":1451156,"url":"https:\/\/noticiasya.com\/tampa\/2024\/07\/16\/conclusiones-entrevista-biden-nbc-news-trax\/","url_meta":{"origin":1473555,"position":0},"title":"Conclusiones de la entrevista de Biden con NBC News","author":"","date":"julio 16, 2024","format":false,"excerpt":"(CNN) --\u00a0El presidente Joe Biden concedi\u00f3 este lunes una entrevista a la cadena NBC, la primera desde el intento de magnicidio de su rival pol\u00edtico, el expresidente Donald Trump.En una entrevista con Lester Holt, Biden reiter\u00f3 que estaba agradecido de que Trump sobreviviera al tiroteo, pero tambi\u00e9n se\u00f1al\u00f3 el papel\u2026","rel":"","context":"In &quot;Noticias Nacionales&quot;","block_context":{"text":"Noticias Nacionales","link":"https:\/\/noticiasya.com\/tampa\/categoria\/noticias-nacionales"},"img":{"alt_text":"","src":"","width":0,"height":0},"classes":[]},{"id":1470539,"url":"https:\/\/noticiasya.com\/tampa\/2026\/01\/27\/stephen-miller-asesor-casa-blanca-violacion-protocolo-tiroteo-alex-pretti-trax\/","url_meta":{"origin":1473555,"position":1},"title":"Stephen Miller, asesor de la Casa Blanca, reconoce posible violaci\u00f3n del protocolo antes del tiroteo de Alex Pretti","author":"","date":"enero 27, 2026","format":false,"excerpt":"El principal asesor de la Casa Blanca, Stephen Miller, dijo el martes que los funcionarios estaban evaluando por qu\u00e9 los agentes de la Oficina de Aduanas y Protecci\u00f3n Fronteriza en Minneapolis \u201cpuede que no hayan estado siguiendo\u201d el protocolo adecuado antes del tiroteo mortal de Alex Pretti, lo que implica\u2026","rel":"","context":"In &quot;Noticias Nacionales&quot;","block_context":{"text":"Noticias Nacionales","link":"https:\/\/noticiasya.com\/tampa\/categoria\/noticias-nacionales"},"img":{"alt_text":"","src":"","width":0,"height":0},"classes":[]},{"id":1452751,"url":"https:\/\/noticiasya.com\/tampa\/2024\/09\/17\/analisis-trump-intento-magnicidio-declaraciones-incendiarias-trax\/","url_meta":{"origin":1473555,"position":2},"title":"AN\u00c1LISIS | Trump pasa del aparente segundo intento de magnicidio a afirmaciones m\u00e1s incendiarias","author":"","date":"septiembre 17, 2024","format":false,"excerpt":"(CNN) -- El expresidente Donald Trump respondi\u00f3 a un aparente segundo intento de magnicidio que \u00e9l atribuye a una ret\u00f3rica pol\u00edtica incendiaria que exacerba a\u00fan m\u00e1s la situaci\u00f3n.Cuando una bala le roz\u00f3 la oreja en un horrible tiroteo que acab\u00f3 con la vida de un asistente a un mitin en\u2026","rel":"","context":"In &quot;Noticias Nacionales&quot;","block_context":{"text":"Noticias Nacionales","link":"https:\/\/noticiasya.com\/tampa\/categoria\/noticias-nacionales"},"img":{"alt_text":"","src":"","width":0,"height":0},"classes":[]},{"id":1470559,"url":"https:\/\/noticiasya.com\/tampa\/2026\/01\/28\/democratas-republicanos-juicio-politico-noem-trax\/","url_meta":{"origin":1473555,"position":3},"title":"Los dem\u00f3cratas del Congreso \u2014e incluso algunos republicanos\u2014 planean hacer un juicio pol\u00edtico a Noem","author":"","date":"enero 28, 2026","format":false,"excerpt":"Los principales dem\u00f3cratas del Congreso se est\u00e1n embarcando en una batalla por el impeachment contra Kristi Noem, y cuentan con que incluso algunos republicanos moderados afirman haber perdido la fe en la atribulada jefa del Departamento de Seguridad Nacional. La situaci\u00f3n aumenta la presi\u00f3n sobre el Gobierno por lo que\u2026","rel":"","context":"In &quot;Noticias Nacionales&quot;","block_context":{"text":"Noticias Nacionales","link":"https:\/\/noticiasya.com\/tampa\/categoria\/noticias-nacionales"},"img":{"alt_text":"","src":"","width":0,"height":0},"classes":[]},{"id":1468777,"url":"https:\/\/noticiasya.com\/tampa\/2025\/11\/27\/trump-estados-unidos-pausara-migracion-paises-tercer-mundo-trax\/","url_meta":{"origin":1473555,"position":4},"title":"Trump afirma que Estados Unidos &#171;pausar\u00e1 permanentemente la migraci\u00f3n de todos los pa\u00edses del Tercer Mundo&#187;","author":"","date":"noviembre 27, 2025","format":false,"excerpt":"El presidente Donald Trump anunci\u00f3 este jueves que su administraci\u00f3n trabajar\u00e1 para \u201cpausar permanentemente la migraci\u00f3n de todos los pa\u00edses del Tercer Mundo para permitir que el sistema estadounidense se recupere por completo\u201d.No est\u00e1 claro a qu\u00e9 naciones se refer\u00eda Trump. El t\u00e9rmino \u201cpa\u00edses del Tercer Mundo\u201d, usado por algunos\u2026","rel":"","context":"In &quot;Noticias Nacionales&quot;","block_context":{"text":"Noticias Nacionales","link":"https:\/\/noticiasya.com\/tampa\/categoria\/noticias-nacionales"},"img":{"alt_text":"","src":"","width":0,"height":0},"classes":[]},{"id":1468795,"url":"https:\/\/noticiasya.com\/tampa\/2025\/11\/28\/trump-ofensiva-inmigracion-tiroteo-guardia-nacional-trax\/","url_meta":{"origin":1473555,"position":5},"title":"Trump intensifica la ofensiva contra la inmigraci\u00f3n tras el tiroteo en Washington contra miembros de la Guardia Nacional","author":"","date":"noviembre 28, 2025","format":false,"excerpt":"La Casa Blanca redobl\u00f3 sus agresivas pol\u00edticas migratorias que contribuyeron a un segundo mandato del presidente Donald Trump, abriendo una investigaci\u00f3n federal interinstitucional sobre el tiroteo de dos miembros de la Guardia Nacional en Washington, mientras tambi\u00e9n ordena al Gobierno a tomar medidas para frenar la migraci\u00f3n hacia Estados Unidos.El\u2026","rel":"","context":"In &quot;Noticias Nacionales&quot;","block_context":{"text":"Noticias Nacionales","link":"https:\/\/noticiasya.com\/tampa\/categoria\/noticias-nacionales"},"img":{"alt_text":"","src":"","width":0,"height":0},"classes":[]}],"jetpack_sharing_enabled":true,"_links":{"self":[{"href":"https:\/\/noticiasya.com\/tampa\/wp-json\/wp\/v2\/posts\/1473555","targetHints":{"allow":["GET"]}}],"collection":[{"href":"https:\/\/noticiasya.com\/tampa\/wp-json\/wp\/v2\/posts"}],"about":[{"href":"https:\/\/noticiasya.com\/tampa\/wp-json\/wp\/v2\/types\/post"}],"replies":[{"embeddable":true,"href":"https:\/\/noticiasya.com\/tampa\/wp-json\/wp\/v2\/comments?post=1473555"}],"version-history":[{"count":0,"href":"https:\/\/noticiasya.com\/tampa\/wp-json\/wp\/v2\/posts\/1473555\/revisions"}],"wp:attachment":[{"href":"https:\/\/noticiasya.com\/tampa\/wp-json\/wp\/v2\/media?parent=1473555"}],"wp:term":[{"taxonomy":"category","embeddable":true,"href":"https:\/\/noticiasya.com\/tampa\/wp-json\/wp\/v2\/categories?post=1473555"},{"taxonomy":"post_tag","embeddable":true,"href":"https:\/\/noticiasya.com\/tampa\/wp-json\/wp\/v2\/tags?post=1473555"}],"curies":[{"name":"wp","href":"https:\/\/api.w.org\/{rel}","templated":true}]}}